{"id":100002,"date":"2025-04-09T12:30:45","date_gmt":"2025-04-09T11:30:45","guid":{"rendered":"https:\/\/jornaldasoficinas.com\/pt\/?p=100002"},"modified":"2025-04-04T13:27:00","modified_gmt":"2025-04-04T12:27:00","slug":"varta-automotive-simplifica-selecao-de-baterias","status":"publish","type":"post","link":"https:\/\/jornaldasoficinas.com\/pt\/varta-automotive-simplifica-selecao-de-baterias\/","title":{"rendered":"VARTA Automotive simplifica sele\u00e7\u00e3o de baterias\u2028"},"content":{"rendered":"<p><img loading=\"lazy\" decoding=\"async\" class=\"size-full wp-image-100008\" src=\"https:\/\/jornaldasoficinas.com\/pt\/wp-content\/uploads\/2025\/04\/VARTA-Automotive-simplifica-selecao-de-baterias.jpg\" alt=\"04 - VARTA Automotive simplifica selecao de baterias\" width=\"1024\" height=\"581\" srcset=\"https:\/\/jornaldasoficinas.com\/pt\/wp-content\/uploads\/2025\/04\/VARTA-Automotive-simplifica-selecao-de-baterias.jpg 1024w, https:\/\/jornaldasoficinas.com\/pt\/wp-content\/uploads\/2025\/04\/VARTA-Automotive-simplifica-selecao-de-baterias-300x170.jpg 300w, https:\/\/jornaldasoficinas.com\/pt\/wp-content\/uploads\/2025\/04\/VARTA-Automotive-simplifica-selecao-de-baterias-150x85.jpg 150w, https:\/\/jornaldasoficinas.com\/pt\/wp-content\/uploads\/2025\/04\/VARTA-Automotive-simplifica-selecao-de-baterias-768x436.jpg 768w\" sizes=\"auto, (max-width: 1024px) 100vw, 1024px\" \/><\/p>\n<p style=\"font-weight: 400;\"><strong>A <a href=\"https:\/\/www.google.com\/url?sa=t&amp;source=web&amp;rct=j&amp;opi=89978449&amp;url=https:\/\/www.varta-automotive.com\/pt-pt&amp;ved=2ahUKEwid0p2CrL6MAxXJRKQEHf02M0kQFnoECCIQAQ&amp;usg=AOvVaw3rrHyTvcQ4IhtqdGjJHVHD\">VARTA Automotive<\/a> apresentou ao mercado o seu novo portf\u00f3lio de produtos, concebido para simplificar as escolhas dos retalhistas e oficinas. A nova estrutura garante uma f\u00e1cil identifica\u00e7\u00e3o e sele\u00e7\u00e3o de baterias adequadas para ve\u00edculos modernos<\/strong><\/p>\n<p style=\"font-weight: 400;\">Reconhecendo a necessidade de v\u00e1rios requisitos de bateria resultantes da crescente complexidade dos ve\u00edculos, a VARTA introduziu uma estrutura de portf\u00f3lio clara e orientada para a tecnologia, com um novo sistema de rotulagem codificado por cores.<\/p>\n<p style=\"font-weight: 400;\">A bateria SLI (Starting. Lighting. Ignition) (etiqueta azul) garante uma pot\u00eancia de arranque fi\u00e1vel para ve\u00edculos convencionais, enquanto a variante EFB (Enhanced Flooded Battery) (etiqueta prateada) melhora o desempenho em ve\u00edculos Start-Stop e ve\u00edculos comerciais com fun\u00e7\u00f5es b\u00e1sicas de hotelaria. A bateria AGM (Absorbent Glass Mat) (etiqueta dourada) foi concebida para aplica\u00e7\u00f5es de elevada procura, incluindo sistemas Start-Stop avan\u00e7ados, ve\u00edculos comerciais altamente equipados e consumidores el\u00e9ctricos em EVs.<\/p>\n<p style=\"font-weight: 400;\">Uma nova adi\u00e7\u00e3o \u00e9 a bateria de i\u00f5es de l\u00edtio (etiqueta laranja), concebida para aplica\u00e7\u00f5es de lazer de ciclo profundo fora da rede, como autocaravanas e utiliza\u00e7\u00e3o mar\u00edtima, oferecendo um armazenamento de energia superior e conetividade inteligente atrav\u00e9s de uma aplica\u00e7\u00e3o Bluetooth para os consumidores finais. Este sistema de rotulagem clara simplifica o processo de sele\u00e7\u00e3o, reduzindo a complexidade tanto na loja como online.<\/p>\n<p style=\"font-weight: 400;\">Theres Gosztonyi, Vice-Presidente para o mercado p\u00f3s-venda EMEA da Clarios, sublinhou a import\u00e2ncia destas melhorias: \u201cCom este novo portf\u00f3lio, estamos a simplificar a sele\u00e7\u00e3o de baterias &#8211; e a estabelecer uma nova refer\u00eancia no mercado de p\u00f3s-venda. Agora, os nossos clientes podem navegar mais facilmente na gama de produtos, tomando a melhor decis\u00e3o para melhorar o desempenho do ve\u00edculo e aumentar a fiabilidade.\u201d<\/p>\n<p style=\"font-weight: 400;\"><strong>Tecnologia de baterias de ponta para ve\u00edculos modernos<\/strong><strong>\u2028<\/strong><\/p>\n<p style=\"font-weight: 400;\">A VARTA apresenta novos tipos de baterias avan\u00e7adas para satisfazer as exig\u00eancias dos ve\u00edculos em constante evolu\u00e7\u00e3o. As novas baterias EFB H9 e AGM H3 oferecem maior efici\u00eancia energ\u00e9tica, ciclos de vida mais longos e desempenho optimizado para ve\u00edculos modernos.<\/p>\n<p style=\"font-weight: 400;\">Para aplica\u00e7\u00f5es pesadas, a gama VARTA ProMotive foi refor\u00e7ada com o tipo EFB A, especificamente concebido para suportar os modernos sistemas de baixa tens\u00e3o nos atuais cami\u00f5es e ve\u00edculos comerciais. Seguindo a mesma abordagem de design, o novo tipo AGM B otimizar\u00e1 ainda mais o desempenho e a fiabilidade, estando o seu lan\u00e7amento no mercado previsto para o outono de 2025.<\/p>\n<p style=\"font-weight: 400;\">Com o aumento do estilo de vida digital e fora da rede, a VARTA lan\u00e7a a gama premium Li-Ion Leisure para autocaravanas, caravanas e aplica\u00e7\u00f5es mar\u00edtimas. A VARTA oferece o dobro da energia \u00fatil das baterias de chumbo-\u00e1cido, mais de 3.000 ciclos, um design 45% mais leve e conetividade inteligente via Bluetooth e CAN bus. A VARTA Li-Ion Battery Check-App oferece informa\u00e7\u00f5es em tempo real sobre a sa\u00fade da bateria, o estado da carga e a utiliza\u00e7\u00e3o.<\/p>\n<p style=\"font-weight: 400;\">Bernadette Gatzemeier, Gestora de Produto S\u00e9nior da Clarios, acrescentou: \u201cO novo portf\u00f3lio \u00e9 uma resposta direta \u00e0s novas exig\u00eancias da ind\u00fastria. Com uma linha clara e estruturada e tecnologia de ponta, garantimos que as nossas baterias n\u00e3o s\u00f3 satisfazem os requisitos actuais, como tamb\u00e9m est\u00e3o prontas para o futuro.\u201d<\/p>\n<p style=\"font-weight: 400;\"><strong>Apoio a grossistas, oficinas e frotas<\/strong><strong>\u2028<\/strong><\/p>\n<p style=\"font-weight: 400;\">Para al\u00e9m da nova gama de produtos, a VARTA continua a apoiar os seus parceiros com servi\u00e7os dedicados ao sector autom\u00f3vel. Os grossistas e as oficinas beneficiam de uma experi\u00eancia simplificada na loja e de uma orienta\u00e7\u00e3o clara para o cliente. Podem contar com o VARTA Battery Finder para uma sele\u00e7\u00e3o precisa de baterias e forma\u00e7\u00e3o profissional para se manterem actualizados com as mais recentes tecnologias.<\/p>\n<p style=\"font-weight: 400;\">Os operadores de frotas t\u00eam acesso ao Programa de Frotas VARTA para apoio especializado e compras personalizadas, enquanto a calculadora do Custo Total de Propriedade (TCO) ajuda a otimizar os investimentos atrav\u00e9s da an\u00e1lise do desempenho da bateria e da efici\u00eancia de custos.<\/p>\n<p style=\"font-weight: 400;\">Com o novo portf\u00f3lio, a VARTA refor\u00e7a o seu compromisso de tornar a sele\u00e7\u00e3o de baterias f\u00e1cil, ao mesmo tempo que oferece um desempenho l\u00edder de mercado. De oficinas a gestores de frotas, retalhistas e aventureiros, o novo portf\u00f3lio garante que encontrar a bateria certa nunca foi t\u00e3o f\u00e1cil.<\/p>\n<p style=\"font-weight: 400;\">\n","protected":false},"excerpt":{"rendered":"<p>A VARTA Automotive apresentou ao mercado&#8230;<\/p>\n","protected":false},"author":15,"featured_media":100008,"comment_status":"closed","ping_status":"closed","sticky":false,"template":"","format":"standard","meta":{"footnotes":""},"categories":[29],"tags":[12431,12433,12432,512,12430,3414,12346,12429,728],"class_list":["post-100002","post","type-post","status-publish","format-standard","has-post-thumbnail","hentry","category-empresas","tag-agm-h3","tag-bateria-agm","tag-bateria-sli","tag-baterias","tag-efb-h9","tag-eficiencia-energetica","tag-novas-baterias","tag-portfolio-produtos","tag-varta"],"yoast_head":"<!-- This site is optimized with the Yoast SEO plugin v27.4 - https:\/\/yoast.com\/product\/yoast-seo-wordpress\/ -->\n<title>VARTA Automotive simplifica sele\u00e7\u00e3o de baterias\u2028 - Jornal das Oficinas<\/title>\n<meta name=\"description\" content=\"A VARTA Automotive apresentou ao mercado o seu novo portf\u00f3lio de produtos, concebido para simplificar as escolhas dos retalhistas e oficinas\" \/>\n<meta name=\"robots\" content=\"index, follow, max-snippet:-1, max-image-preview:large, max-video-preview:-1\" \/>\n<link rel=\"canonical\" href=\"https:\/\/jornaldasoficinas.com\/pt\/varta-automotive-simplifica-selecao-de-baterias\/\" \/>\n<meta property=\"og:locale\" content=\"pt_PT\" \/>\n<meta property=\"og:type\" content=\"article\" \/>\n<meta property=\"og:title\" content=\"VARTA Automotive simplifica sele\u00e7\u00e3o de baterias\u2028 - Jornal das Oficinas\" \/>\n<meta property=\"og:description\" content=\"A VARTA Automotive apresentou ao mercado o seu novo portf\u00f3lio de produtos, concebido para simplificar as escolhas dos retalhistas e oficinas\" \/>\n<meta property=\"og:url\" content=\"https:\/\/jornaldasoficinas.com\/pt\/varta-automotive-simplifica-selecao-de-baterias\/\" \/>\n<meta property=\"og:site_name\" content=\"Jornal das Oficinas\" \/>\n<meta property=\"article:publisher\" content=\"https:\/\/www.facebook.com\/jornaloficinas\" \/>\n<meta property=\"article:published_time\" content=\"2025-04-09T11:30:45+00:00\" \/>\n<meta property=\"og:image\" content=\"https:\/\/jornaldasoficinas.com\/pt\/wp-content\/uploads\/2025\/04\/VARTA-Automotive-simplifica-selecao-de-baterias.jpg\" \/>\n\t<meta property=\"og:image:width\" content=\"1024\" \/>\n\t<meta property=\"og:image:height\" content=\"581\" \/>\n\t<meta property=\"og:image:type\" content=\"image\/jpeg\" \/>\n<meta name=\"author\" content=\"Reda\u00e7\u00e3o JO\" \/>\n<meta name=\"twitter:card\" content=\"summary_large_image\" \/>\n<meta name=\"twitter:creator\" content=\"@jornaloficinas\" \/>\n<meta name=\"twitter:site\" content=\"@jornaloficinas\" \/>\n<meta name=\"twitter:label1\" content=\"Escrito por\" \/>\n\t<meta name=\"twitter:data1\" content=\"Reda\u00e7\u00e3o JO\" \/>\n\t<meta name=\"twitter:label2\" content=\"Tempo estimado de leitura\" \/>\n\t<meta name=\"twitter:data2\" content=\"4 minutos\" \/>\n<script type=\"application\/ld+json\" class=\"yoast-schema-graph\">{\"@context\":\"https:\\\/\\\/schema.org\",\"@graph\":[{\"@type\":\"Article\",\"@id\":\"https:\\\/\\\/jornaldasoficinas.com\\\/pt\\\/varta-automotive-simplifica-selecao-de-baterias\\\/#article\",\"isPartOf\":{\"@id\":\"https:\\\/\\\/jornaldasoficinas.com\\\/pt\\\/varta-automotive-simplifica-selecao-de-baterias\\\/\"},\"author\":{\"name\":\"Reda\u00e7\u00e3o JO\",\"@id\":\"https:\\\/\\\/jornaldasoficinas.com\\\/pt\\\/#\\\/schema\\\/person\\\/a38eef5de2c41d9e7c9ac10141afddf3\"},\"headline\":\"VARTA Automotive simplifica sele\u00e7\u00e3o de baterias\\u2028\",\"datePublished\":\"2025-04-09T11:30:45+00:00\",\"mainEntityOfPage\":{\"@id\":\"https:\\\/\\\/jornaldasoficinas.com\\\/pt\\\/varta-automotive-simplifica-selecao-de-baterias\\\/\"},\"wordCount\":751,\"publisher\":{\"@id\":\"https:\\\/\\\/jornaldasoficinas.com\\\/pt\\\/#organization\"},\"image\":{\"@id\":\"https:\\\/\\\/jornaldasoficinas.com\\\/pt\\\/varta-automotive-simplifica-selecao-de-baterias\\\/#primaryimage\"},\"thumbnailUrl\":\"https:\\\/\\\/jornaldasoficinas.com\\\/pt\\\/wp-content\\\/uploads\\\/2025\\\/04\\\/VARTA-Automotive-simplifica-selecao-de-baterias.jpg\",\"keywords\":[\"AGM H3\",\"bateria AGM\",\"bateria SLI\",\"Baterias\",\"EFB H9\",\"Efici\u00eancia energ\u00e9tica\",\"novas baterias\",\"portf\u00f3lio produtos\",\"VARTA\"],\"articleSection\":[\"Empresas\"],\"inLanguage\":\"pt-PT\"},{\"@type\":\"WebPage\",\"@id\":\"https:\\\/\\\/jornaldasoficinas.com\\\/pt\\\/varta-automotive-simplifica-selecao-de-baterias\\\/\",\"url\":\"https:\\\/\\\/jornaldasoficinas.com\\\/pt\\\/varta-automotive-simplifica-selecao-de-baterias\\\/\",\"name\":\"VARTA Automotive simplifica sele\u00e7\u00e3o de baterias\\u2028 - Jornal das Oficinas\",\"isPartOf\":{\"@id\":\"https:\\\/\\\/jornaldasoficinas.com\\\/pt\\\/#website\"},\"primaryImageOfPage\":{\"@id\":\"https:\\\/\\\/jornaldasoficinas.com\\\/pt\\\/varta-automotive-simplifica-selecao-de-baterias\\\/#primaryimage\"},\"image\":{\"@id\":\"https:\\\/\\\/jornaldasoficinas.com\\\/pt\\\/varta-automotive-simplifica-selecao-de-baterias\\\/#primaryimage\"},\"thumbnailUrl\":\"https:\\\/\\\/jornaldasoficinas.com\\\/pt\\\/wp-content\\\/uploads\\\/2025\\\/04\\\/VARTA-Automotive-simplifica-selecao-de-baterias.jpg\",\"datePublished\":\"2025-04-09T11:30:45+00:00\",\"description\":\"A VARTA Automotive apresentou ao mercado o seu novo portf\u00f3lio de produtos, concebido para simplificar as escolhas dos retalhistas e oficinas\",\"breadcrumb\":{\"@id\":\"https:\\\/\\\/jornaldasoficinas.com\\\/pt\\\/varta-automotive-simplifica-selecao-de-baterias\\\/#breadcrumb\"},\"inLanguage\":\"pt-PT\",\"potentialAction\":[{\"@type\":\"ReadAction\",\"target\":[\"https:\\\/\\\/jornaldasoficinas.com\\\/pt\\\/varta-automotive-simplifica-selecao-de-baterias\\\/\"]}]},{\"@type\":\"ImageObject\",\"inLanguage\":\"pt-PT\",\"@id\":\"https:\\\/\\\/jornaldasoficinas.com\\\/pt\\\/varta-automotive-simplifica-selecao-de-baterias\\\/#primaryimage\",\"url\":\"https:\\\/\\\/jornaldasoficinas.com\\\/pt\\\/wp-content\\\/uploads\\\/2025\\\/04\\\/VARTA-Automotive-simplifica-selecao-de-baterias.jpg\",\"contentUrl\":\"https:\\\/\\\/jornaldasoficinas.com\\\/pt\\\/wp-content\\\/uploads\\\/2025\\\/04\\\/VARTA-Automotive-simplifica-selecao-de-baterias.jpg\",\"width\":1024,\"height\":581,\"caption\":\"The new VARTA product portfolio is designed to cater to both present demands and the trends of tomorrow.\"},{\"@type\":\"BreadcrumbList\",\"@id\":\"https:\\\/\\\/jornaldasoficinas.com\\\/pt\\\/varta-automotive-simplifica-selecao-de-baterias\\\/#breadcrumb\",\"itemListElement\":[{\"@type\":\"ListItem\",\"position\":1,\"name\":\"In\u00edcio\",\"item\":\"https:\\\/\\\/jornaldasoficinas.com\\\/pt\\\/\"},{\"@type\":\"ListItem\",\"position\":2,\"name\":\"VARTA Automotive simplifica sele\u00e7\u00e3o de baterias\\u2028\"}]},{\"@type\":\"WebSite\",\"@id\":\"https:\\\/\\\/jornaldasoficinas.com\\\/pt\\\/#website\",\"url\":\"https:\\\/\\\/jornaldasoficinas.com\\\/pt\\\/\",\"name\":\"Jornal das Oficinas\",\"description\":\"Jornal independente do Aftermarket Autom\u00f3vel em Portugal\",\"publisher\":{\"@id\":\"https:\\\/\\\/jornaldasoficinas.com\\\/pt\\\/#organization\"},\"potentialAction\":[{\"@type\":\"SearchAction\",\"target\":{\"@type\":\"EntryPoint\",\"urlTemplate\":\"https:\\\/\\\/jornaldasoficinas.com\\\/pt\\\/?s={search_term_string}\"},\"query-input\":{\"@type\":\"PropertyValueSpecification\",\"valueRequired\":true,\"valueName\":\"search_term_string\"}}],\"inLanguage\":\"pt-PT\"},{\"@type\":\"Organization\",\"@id\":\"https:\\\/\\\/jornaldasoficinas.com\\\/pt\\\/#organization\",\"name\":\"Jornal das Oficinas\",\"url\":\"https:\\\/\\\/jornaldasoficinas.com\\\/pt\\\/\",\"logo\":{\"@type\":\"ImageObject\",\"inLanguage\":\"pt-PT\",\"@id\":\"https:\\\/\\\/jornaldasoficinas.com\\\/pt\\\/#\\\/schema\\\/logo\\\/image\\\/\",\"url\":\"https:\\\/\\\/jornaldasoficinas.com\\\/pt\\\/wp-content\\\/uploads\\\/logoJO-SEO.png\",\"contentUrl\":\"https:\\\/\\\/jornaldasoficinas.com\\\/pt\\\/wp-content\\\/uploads\\\/logoJO-SEO.png\",\"width\":285,\"height\":450,\"caption\":\"Jornal das Oficinas\"},\"image\":{\"@id\":\"https:\\\/\\\/jornaldasoficinas.com\\\/pt\\\/#\\\/schema\\\/logo\\\/image\\\/\"},\"sameAs\":[\"https:\\\/\\\/www.facebook.com\\\/jornaloficinas\",\"https:\\\/\\\/x.com\\\/jornaloficinas\",\"https:\\\/\\\/www.instagram.com\\\/jornal_oficinas\\\/\",\"https:\\\/\\\/www.linkedin.com\\\/company\\\/jornal-das-oficinas\\\/\",\"https:\\\/\\\/www.youtube.com\\\/channel\\\/UCbQZBqtcvV-oSQrr7RzINGg\"]},{\"@type\":\"Person\",\"@id\":\"https:\\\/\\\/jornaldasoficinas.com\\\/pt\\\/#\\\/schema\\\/person\\\/a38eef5de2c41d9e7c9ac10141afddf3\",\"name\":\"Reda\u00e7\u00e3o JO\",\"image\":{\"@type\":\"ImageObject\",\"inLanguage\":\"pt-PT\",\"@id\":\"https:\\\/\\\/secure.gravatar.com\\\/avatar\\\/71f2fa71737ad68a84fea94bc708ddac8ea5b0c4788dc2ad202f3ccb2887742f?s=96&d=wp_user_avatar&r=g\",\"url\":\"https:\\\/\\\/secure.gravatar.com\\\/avatar\\\/71f2fa71737ad68a84fea94bc708ddac8ea5b0c4788dc2ad202f3ccb2887742f?s=96&d=wp_user_avatar&r=g\",\"contentUrl\":\"https:\\\/\\\/secure.gravatar.com\\\/avatar\\\/71f2fa71737ad68a84fea94bc708ddac8ea5b0c4788dc2ad202f3ccb2887742f?s=96&d=wp_user_avatar&r=g\",\"caption\":\"Reda\u00e7\u00e3o JO\"},\"url\":\"https:\\\/\\\/jornaldasoficinas.com\\\/pt\\\/author\\\/joredacao\\\/\"}]}<\/script>\n<!-- \/ Yoast SEO plugin. -->","yoast_head_json":{"title":"VARTA Automotive simplifica sele\u00e7\u00e3o de baterias\u2028 - Jornal das Oficinas","description":"A VARTA Automotive apresentou ao mercado o seu novo portf\u00f3lio de produtos, concebido para simplificar as escolhas dos retalhistas e oficinas","robots":{"index":"index","follow":"follow","max-snippet":"max-snippet:-1","max-image-preview":"max-image-preview:large","max-video-preview":"max-video-preview:-1"},"canonical":"https:\/\/jornaldasoficinas.com\/pt\/varta-automotive-simplifica-selecao-de-baterias\/","og_locale":"pt_PT","og_type":"article","og_title":"VARTA Automotive simplifica sele\u00e7\u00e3o de baterias\u2028 - Jornal das Oficinas","og_description":"A VARTA Automotive apresentou ao mercado o seu novo portf\u00f3lio de produtos, concebido para simplificar as escolhas dos retalhistas e oficinas","og_url":"https:\/\/jornaldasoficinas.com\/pt\/varta-automotive-simplifica-selecao-de-baterias\/","og_site_name":"Jornal das Oficinas","article_publisher":"https:\/\/www.facebook.com\/jornaloficinas","article_published_time":"2025-04-09T11:30:45+00:00","og_image":[{"width":1024,"height":581,"url":"https:\/\/jornaldasoficinas.com\/pt\/wp-content\/uploads\/2025\/04\/VARTA-Automotive-simplifica-selecao-de-baterias.jpg","type":"image\/jpeg"}],"author":"Reda\u00e7\u00e3o JO","twitter_card":"summary_large_image","twitter_creator":"@jornaloficinas","twitter_site":"@jornaloficinas","twitter_misc":{"Escrito por":"Reda\u00e7\u00e3o JO","Tempo estimado de leitura":"4 minutos"},"schema":{"@context":"https:\/\/schema.org","@graph":[{"@type":"Article","@id":"https:\/\/jornaldasoficinas.com\/pt\/varta-automotive-simplifica-selecao-de-baterias\/#article","isPartOf":{"@id":"https:\/\/jornaldasoficinas.com\/pt\/varta-automotive-simplifica-selecao-de-baterias\/"},"author":{"name":"Reda\u00e7\u00e3o JO","@id":"https:\/\/jornaldasoficinas.com\/pt\/#\/schema\/person\/a38eef5de2c41d9e7c9ac10141afddf3"},"headline":"VARTA Automotive simplifica sele\u00e7\u00e3o de baterias\u2028","datePublished":"2025-04-09T11:30:45+00:00","mainEntityOfPage":{"@id":"https:\/\/jornaldasoficinas.com\/pt\/varta-automotive-simplifica-selecao-de-baterias\/"},"wordCount":751,"publisher":{"@id":"https:\/\/jornaldasoficinas.com\/pt\/#organization"},"image":{"@id":"https:\/\/jornaldasoficinas.com\/pt\/varta-automotive-simplifica-selecao-de-baterias\/#primaryimage"},"thumbnailUrl":"https:\/\/jornaldasoficinas.com\/pt\/wp-content\/uploads\/2025\/04\/VARTA-Automotive-simplifica-selecao-de-baterias.jpg","keywords":["AGM H3","bateria AGM","bateria SLI","Baterias","EFB H9","Efici\u00eancia energ\u00e9tica","novas baterias","portf\u00f3lio produtos","VARTA"],"articleSection":["Empresas"],"inLanguage":"pt-PT"},{"@type":"WebPage","@id":"https:\/\/jornaldasoficinas.com\/pt\/varta-automotive-simplifica-selecao-de-baterias\/","url":"https:\/\/jornaldasoficinas.com\/pt\/varta-automotive-simplifica-selecao-de-baterias\/","name":"VARTA Automotive simplifica sele\u00e7\u00e3o de baterias\u2028 - Jornal das Oficinas","isPartOf":{"@id":"https:\/\/jornaldasoficinas.com\/pt\/#website"},"primaryImageOfPage":{"@id":"https:\/\/jornaldasoficinas.com\/pt\/varta-automotive-simplifica-selecao-de-baterias\/#primaryimage"},"image":{"@id":"https:\/\/jornaldasoficinas.com\/pt\/varta-automotive-simplifica-selecao-de-baterias\/#primaryimage"},"thumbnailUrl":"https:\/\/jornaldasoficinas.com\/pt\/wp-content\/uploads\/2025\/04\/VARTA-Automotive-simplifica-selecao-de-baterias.jpg","datePublished":"2025-04-09T11:30:45+00:00","description":"A VARTA Automotive apresentou ao mercado o seu novo portf\u00f3lio de produtos, concebido para simplificar as escolhas dos retalhistas e oficinas","breadcrumb":{"@id":"https:\/\/jornaldasoficinas.com\/pt\/varta-automotive-simplifica-selecao-de-baterias\/#breadcrumb"},"inLanguage":"pt-PT","potentialAction":[{"@type":"ReadAction","target":["https:\/\/jornaldasoficinas.com\/pt\/varta-automotive-simplifica-selecao-de-baterias\/"]}]},{"@type":"ImageObject","inLanguage":"pt-PT","@id":"https:\/\/jornaldasoficinas.com\/pt\/varta-automotive-simplifica-selecao-de-baterias\/#primaryimage","url":"https:\/\/jornaldasoficinas.com\/pt\/wp-content\/uploads\/2025\/04\/VARTA-Automotive-simplifica-selecao-de-baterias.jpg","contentUrl":"https:\/\/jornaldasoficinas.com\/pt\/wp-content\/uploads\/2025\/04\/VARTA-Automotive-simplifica-selecao-de-baterias.jpg","width":1024,"height":581,"caption":"The new VARTA product portfolio is designed to cater to both present demands and the trends of tomorrow."},{"@type":"BreadcrumbList","@id":"https:\/\/jornaldasoficinas.com\/pt\/varta-automotive-simplifica-selecao-de-baterias\/#breadcrumb","itemListElement":[{"@type":"ListItem","position":1,"name":"In\u00edcio","item":"https:\/\/jornaldasoficinas.com\/pt\/"},{"@type":"ListItem","position":2,"name":"VARTA Automotive simplifica sele\u00e7\u00e3o de baterias\u2028"}]},{"@type":"WebSite","@id":"https:\/\/jornaldasoficinas.com\/pt\/#website","url":"https:\/\/jornaldasoficinas.com\/pt\/","name":"Jornal das Oficinas","description":"Jornal independente do Aftermarket Autom\u00f3vel em Portugal","publisher":{"@id":"https:\/\/jornaldasoficinas.com\/pt\/#organization"},"potentialAction":[{"@type":"SearchAction","target":{"@type":"EntryPoint","urlTemplate":"https:\/\/jornaldasoficinas.com\/pt\/?s={search_term_string}"},"query-input":{"@type":"PropertyValueSpecification","valueRequired":true,"valueName":"search_term_string"}}],"inLanguage":"pt-PT"},{"@type":"Organization","@id":"https:\/\/jornaldasoficinas.com\/pt\/#organization","name":"Jornal das Oficinas","url":"https:\/\/jornaldasoficinas.com\/pt\/","logo":{"@type":"ImageObject","inLanguage":"pt-PT","@id":"https:\/\/jornaldasoficinas.com\/pt\/#\/schema\/logo\/image\/","url":"https:\/\/jornaldasoficinas.com\/pt\/wp-content\/uploads\/logoJO-SEO.png","contentUrl":"https:\/\/jornaldasoficinas.com\/pt\/wp-content\/uploads\/logoJO-SEO.png","width":285,"height":450,"caption":"Jornal das Oficinas"},"image":{"@id":"https:\/\/jornaldasoficinas.com\/pt\/#\/schema\/logo\/image\/"},"sameAs":["https:\/\/www.facebook.com\/jornaloficinas","https:\/\/x.com\/jornaloficinas","https:\/\/www.instagram.com\/jornal_oficinas\/","https:\/\/www.linkedin.com\/company\/jornal-das-oficinas\/","https:\/\/www.youtube.com\/channel\/UCbQZBqtcvV-oSQrr7RzINGg"]},{"@type":"Person","@id":"https:\/\/jornaldasoficinas.com\/pt\/#\/schema\/person\/a38eef5de2c41d9e7c9ac10141afddf3","name":"Reda\u00e7\u00e3o JO","image":{"@type":"ImageObject","inLanguage":"pt-PT","@id":"https:\/\/secure.gravatar.com\/avatar\/71f2fa71737ad68a84fea94bc708ddac8ea5b0c4788dc2ad202f3ccb2887742f?s=96&d=wp_user_avatar&r=g","url":"https:\/\/secure.gravatar.com\/avatar\/71f2fa71737ad68a84fea94bc708ddac8ea5b0c4788dc2ad202f3ccb2887742f?s=96&d=wp_user_avatar&r=g","contentUrl":"https:\/\/secure.gravatar.com\/avatar\/71f2fa71737ad68a84fea94bc708ddac8ea5b0c4788dc2ad202f3ccb2887742f?s=96&d=wp_user_avatar&r=g","caption":"Reda\u00e7\u00e3o JO"},"url":"https:\/\/jornaldasoficinas.com\/pt\/author\/joredacao\/"}]}},"_links":{"self":[{"href":"https:\/\/jornaldasoficinas.com\/pt\/wp-json\/wp\/v2\/posts\/100002","targetHints":{"allow":["GET"]}}],"collection":[{"href":"https:\/\/jornaldasoficinas.com\/pt\/wp-json\/wp\/v2\/posts"}],"about":[{"href":"https:\/\/jornaldasoficinas.com\/pt\/wp-json\/wp\/v2\/types\/post"}],"author":[{"embeddable":true,"href":"https:\/\/jornaldasoficinas.com\/pt\/wp-json\/wp\/v2\/users\/15"}],"replies":[{"embeddable":true,"href":"https:\/\/jornaldasoficinas.com\/pt\/wp-json\/wp\/v2\/comments?post=100002"}],"version-history":[{"count":4,"href":"https:\/\/jornaldasoficinas.com\/pt\/wp-json\/wp\/v2\/posts\/100002\/revisions"}],"predecessor-version":[{"id":100010,"href":"https:\/\/jornaldasoficinas.com\/pt\/wp-json\/wp\/v2\/posts\/100002\/revisions\/100010"}],"wp:featuredmedia":[{"embeddable":true,"href":"https:\/\/jornaldasoficinas.com\/pt\/wp-json\/wp\/v2\/media\/100008"}],"wp:attachment":[{"href":"https:\/\/jornaldasoficinas.com\/pt\/wp-json\/wp\/v2\/media?parent=100002"}],"wp:term":[{"taxonomy":"category","embeddable":true,"href":"https:\/\/jornaldasoficinas.com\/pt\/wp-json\/wp\/v2\/categories?post=100002"},{"taxonomy":"post_tag","embeddable":true,"href":"https:\/\/jornaldasoficinas.com\/pt\/wp-json\/wp\/v2\/tags?post=100002"}],"curies":[{"name":"wp","href":"https:\/\/api.w.org\/{rel}","templated":true}]}}