{"id":100086,"date":"2025-04-10T14:00:28","date_gmt":"2025-04-10T13:00:28","guid":{"rendered":"https:\/\/jornaldasoficinas.com\/pt\/?p=100086"},"modified":"2025-04-27T11:03:46","modified_gmt":"2025-04-27T10:03:46","slug":"grupo-tab-soma-dez-participacoes-consecutivas-na-motortec","status":"publish","type":"post","link":"https:\/\/jornaldasoficinas.com\/pt\/grupo-tab-soma-dez-participacoes-consecutivas-na-motortec\/","title":{"rendered":"Grupo TAB soma dez participa\u00e7\u00f5es consecutivas na Motortec"},"content":{"rendered":"<p><strong><img loading=\"lazy\" decoding=\"async\" class=\"alignnone size-full wp-image-100090\" src=\"https:\/\/jornaldasoficinas.com\/pt\/wp-content\/uploads\/2025\/04\/Grupo-TAB-soma-dez-participacoes-consecutivas-na-Motortec.jpg\" alt=\"04 - Grupo TAB soma dez participacoes consecutivas na Motortec\" width=\"1024\" height=\"581\" srcset=\"https:\/\/jornaldasoficinas.com\/pt\/wp-content\/uploads\/2025\/04\/Grupo-TAB-soma-dez-participacoes-consecutivas-na-Motortec.jpg 1024w, https:\/\/jornaldasoficinas.com\/pt\/wp-content\/uploads\/2025\/04\/Grupo-TAB-soma-dez-participacoes-consecutivas-na-Motortec-300x170.jpg 300w, https:\/\/jornaldasoficinas.com\/pt\/wp-content\/uploads\/2025\/04\/Grupo-TAB-soma-dez-participacoes-consecutivas-na-Motortec-150x85.jpg 150w, https:\/\/jornaldasoficinas.com\/pt\/wp-content\/uploads\/2025\/04\/Grupo-TAB-soma-dez-participacoes-consecutivas-na-Motortec-768x436.jpg 768w\" sizes=\"auto, (max-width: 1024px) 100vw, 1024px\" \/><\/strong><\/p>\n<p><strong>O<a href=\"https:\/\/www.tabspain.com\/\" target=\"_blank\" rel=\"noopener\"> Grupo TAB<\/a>, confirmou a sua presen\u00e7a na 17.\u00aa edi\u00e7\u00e3o da <a href=\"https:\/\/www.ifema.es\/\" target=\"_blank\" rel=\"noopener\">Motortec<\/a>. Esta ser\u00e1 a d\u00e9cima participa\u00e7\u00e3o consecutiva do grupo na principal feira do setor autom\u00f3vel e de aftermarket do sul da Europa<\/strong><\/p>\n<p>A empresa ter\u00e1 um grande espa\u00e7o de exposi\u00e7\u00e3o no stand 3C19, onde apresentar\u00e1 as \u00faltimas inova\u00e7\u00f5es na sua gama de baterias de arranque para ve\u00edculos ligeiros, ve\u00edculos industriais e motociclos, bem como acess\u00f3rios e ferramentas. Esta ser\u00e1 a d\u00e9cima vez que a TAB participa como expositor na Motortec, consolidando a sua presen\u00e7a como um player importante no setor.<\/p>\n<p>Al\u00e9m disso, esta edi\u00e7\u00e3o ser\u00e1 especialmente significativa para a marca, uma vez que coincide com o 20.\u00ba anivers\u00e1rio da TAB Espanha. Neste contexto, toda a equipa de vendas e gest\u00e3o da TAB Espanha viajar\u00e1 at\u00e9 Madrid para partilhar as solu\u00e7\u00f5es mais avan\u00e7adas da marca com distribuidores, clientes e profissionais do setor e estreitar rela\u00e7\u00f5es num evento que se tornou um importante ponto de encontro para o mercado de pe\u00e7as de substitui\u00e7\u00e3o autom\u00f3vel.<\/p>\n<p><strong>TAB participa na iniciativa &#8220;Motortec Passport 2025&#8221;<\/strong><\/p>\n<p>Como novidade desta edi\u00e7\u00e3o, a TAB \u00e9 uma das empresas participantes no circuito &#8220;Motortec Passport 2025&#8221;, uma iniciativa que visa potenciar a presen\u00e7a de visitantes. Os participantes devem tirar uma fotografia com um membro da equipa TAB e public\u00e1-la nas suas redes sociais para que os seus passaportes sejam carimbados no stand da marca e possam habilitar-se a ganhar um dos pr\u00e9mios que ser\u00e3o sorteados.<\/p>\n<p>&#8220;O TAB Group continua focado na inova\u00e7\u00e3o, sustentabilidade e servi\u00e7o ao cliente como pilares estrat\u00e9gicos, e o Motortec 2025 representa uma nova oportunidade para partilhar esta vis\u00e3o com todo o setor&#8221;, concluiu a empresa.<\/p>\n","protected":false},"excerpt":{"rendered":"<p>O Grupo TAB, confirmou a sua&#8230;<\/p>\n","protected":false},"author":15,"featured_media":100090,"comment_status":"closed","ping_status":"closed","sticky":false,"template":"","format":"standard","meta":{"footnotes":""},"categories":[29,2840],"tags":[3028,4228,12448,6839,12212,24,12447,12449],"class_list":["post-100086","post","type-post","status-publish","format-standard","has-post-thumbnail","hentry","category-empresas","category-motortec","tag-20-anos","tag-aniversario","tag-decima-participacao","tag-gama-de-baterias","tag-grupo-tab","tag-motortec","tag-motortec-passport-2025","tag-participacao"],"yoast_head":"<!-- This site is optimized with the Yoast SEO plugin v27.4 - https:\/\/yoast.com\/product\/yoast-seo-wordpress\/ -->\n<title>Grupo TAB soma dez participa\u00e7\u00f5es consecutivas na Motortec - Jornal das Oficinas<\/title>\n<meta name=\"description\" content=\"O Grupo TAB confirmou a sua presen\u00e7a na 17.\u00aa edi\u00e7\u00e3o da Motortec. Esta ser\u00e1 a 10.\u00aa participa\u00e7\u00e3o consecutiva do grupo na feira\" \/>\n<meta name=\"robots\" content=\"index, follow, max-snippet:-1, max-image-preview:large, max-video-preview:-1\" \/>\n<link rel=\"canonical\" href=\"https:\/\/jornaldasoficinas.com\/pt\/grupo-tab-soma-dez-participacoes-consecutivas-na-motortec\/\" \/>\n<meta property=\"og:locale\" content=\"pt_PT\" \/>\n<meta property=\"og:type\" content=\"article\" \/>\n<meta property=\"og:title\" content=\"Grupo TAB soma dez participa\u00e7\u00f5es consecutivas na Motortec - Jornal das Oficinas\" \/>\n<meta property=\"og:description\" content=\"O Grupo TAB confirmou a sua presen\u00e7a na 17.\u00aa edi\u00e7\u00e3o da Motortec. Esta ser\u00e1 a 10.\u00aa participa\u00e7\u00e3o consecutiva do grupo na feira\" \/>\n<meta property=\"og:url\" content=\"https:\/\/jornaldasoficinas.com\/pt\/grupo-tab-soma-dez-participacoes-consecutivas-na-motortec\/\" \/>\n<meta property=\"og:site_name\" content=\"Jornal das Oficinas\" \/>\n<meta property=\"article:publisher\" content=\"https:\/\/www.facebook.com\/jornaloficinas\" \/>\n<meta property=\"article:published_time\" content=\"2025-04-10T13:00:28+00:00\" \/>\n<meta property=\"article:modified_time\" content=\"2025-04-27T10:03:46+00:00\" \/>\n<meta property=\"og:image\" content=\"https:\/\/jornaldasoficinas.com\/pt\/wp-content\/uploads\/2025\/04\/Grupo-TAB-soma-dez-participacoes-consecutivas-na-Motortec.jpg\" \/>\n\t<meta property=\"og:image:width\" content=\"1024\" \/>\n\t<meta property=\"og:image:height\" content=\"581\" \/>\n\t<meta property=\"og:image:type\" content=\"image\/jpeg\" \/>\n<meta name=\"author\" content=\"Reda\u00e7\u00e3o JO\" \/>\n<meta name=\"twitter:card\" content=\"summary_large_image\" \/>\n<meta name=\"twitter:creator\" content=\"@jornaloficinas\" \/>\n<meta name=\"twitter:site\" content=\"@jornaloficinas\" \/>\n<meta name=\"twitter:label1\" content=\"Escrito por\" \/>\n\t<meta name=\"twitter:data1\" content=\"Reda\u00e7\u00e3o JO\" \/>\n\t<meta name=\"twitter:label2\" content=\"Tempo estimado de leitura\" \/>\n\t<meta name=\"twitter:data2\" content=\"2 minutos\" \/>\n<script type=\"application\/ld+json\" class=\"yoast-schema-graph\">{\"@context\":\"https:\\\/\\\/schema.org\",\"@graph\":[{\"@type\":\"Article\",\"@id\":\"https:\\\/\\\/jornaldasoficinas.com\\\/pt\\\/grupo-tab-soma-dez-participacoes-consecutivas-na-motortec\\\/#article\",\"isPartOf\":{\"@id\":\"https:\\\/\\\/jornaldasoficinas.com\\\/pt\\\/grupo-tab-soma-dez-participacoes-consecutivas-na-motortec\\\/\"},\"author\":{\"name\":\"Reda\u00e7\u00e3o JO\",\"@id\":\"https:\\\/\\\/jornaldasoficinas.com\\\/pt\\\/#\\\/schema\\\/person\\\/a38eef5de2c41d9e7c9ac10141afddf3\"},\"headline\":\"Grupo TAB soma dez participa\u00e7\u00f5es consecutivas na Motortec\",\"datePublished\":\"2025-04-10T13:00:28+00:00\",\"dateModified\":\"2025-04-27T10:03:46+00:00\",\"mainEntityOfPage\":{\"@id\":\"https:\\\/\\\/jornaldasoficinas.com\\\/pt\\\/grupo-tab-soma-dez-participacoes-consecutivas-na-motortec\\\/\"},\"wordCount\":304,\"publisher\":{\"@id\":\"https:\\\/\\\/jornaldasoficinas.com\\\/pt\\\/#organization\"},\"image\":{\"@id\":\"https:\\\/\\\/jornaldasoficinas.com\\\/pt\\\/grupo-tab-soma-dez-participacoes-consecutivas-na-motortec\\\/#primaryimage\"},\"thumbnailUrl\":\"https:\\\/\\\/jornaldasoficinas.com\\\/pt\\\/wp-content\\\/uploads\\\/2025\\\/04\\\/Grupo-TAB-soma-dez-participacoes-consecutivas-na-Motortec.jpg\",\"keywords\":[\"20 anos\",\"Anivers\u00e1rio\",\"d\u00e9cima participa\u00e7\u00e3o\",\"gama de baterias\",\"Grupo TAB\",\"Motortec\",\"Motortec Passport 2025\",\"participa\u00e7\u00e3o\"],\"articleSection\":[\"Empresas\",\"Motortec\"],\"inLanguage\":\"pt-PT\"},{\"@type\":\"WebPage\",\"@id\":\"https:\\\/\\\/jornaldasoficinas.com\\\/pt\\\/grupo-tab-soma-dez-participacoes-consecutivas-na-motortec\\\/\",\"url\":\"https:\\\/\\\/jornaldasoficinas.com\\\/pt\\\/grupo-tab-soma-dez-participacoes-consecutivas-na-motortec\\\/\",\"name\":\"Grupo TAB soma dez participa\u00e7\u00f5es consecutivas na Motortec - Jornal das Oficinas\",\"isPartOf\":{\"@id\":\"https:\\\/\\\/jornaldasoficinas.com\\\/pt\\\/#website\"},\"primaryImageOfPage\":{\"@id\":\"https:\\\/\\\/jornaldasoficinas.com\\\/pt\\\/grupo-tab-soma-dez-participacoes-consecutivas-na-motortec\\\/#primaryimage\"},\"image\":{\"@id\":\"https:\\\/\\\/jornaldasoficinas.com\\\/pt\\\/grupo-tab-soma-dez-participacoes-consecutivas-na-motortec\\\/#primaryimage\"},\"thumbnailUrl\":\"https:\\\/\\\/jornaldasoficinas.com\\\/pt\\\/wp-content\\\/uploads\\\/2025\\\/04\\\/Grupo-TAB-soma-dez-participacoes-consecutivas-na-Motortec.jpg\",\"datePublished\":\"2025-04-10T13:00:28+00:00\",\"dateModified\":\"2025-04-27T10:03:46+00:00\",\"description\":\"O Grupo TAB confirmou a sua presen\u00e7a na 17.\u00aa edi\u00e7\u00e3o da Motortec. Esta ser\u00e1 a 10.\u00aa participa\u00e7\u00e3o consecutiva do grupo na feira\",\"breadcrumb\":{\"@id\":\"https:\\\/\\\/jornaldasoficinas.com\\\/pt\\\/grupo-tab-soma-dez-participacoes-consecutivas-na-motortec\\\/#breadcrumb\"},\"inLanguage\":\"pt-PT\",\"potentialAction\":[{\"@type\":\"ReadAction\",\"target\":[\"https:\\\/\\\/jornaldasoficinas.com\\\/pt\\\/grupo-tab-soma-dez-participacoes-consecutivas-na-motortec\\\/\"]}]},{\"@type\":\"ImageObject\",\"inLanguage\":\"pt-PT\",\"@id\":\"https:\\\/\\\/jornaldasoficinas.com\\\/pt\\\/grupo-tab-soma-dez-participacoes-consecutivas-na-motortec\\\/#primaryimage\",\"url\":\"https:\\\/\\\/jornaldasoficinas.com\\\/pt\\\/wp-content\\\/uploads\\\/2025\\\/04\\\/Grupo-TAB-soma-dez-participacoes-consecutivas-na-Motortec.jpg\",\"contentUrl\":\"https:\\\/\\\/jornaldasoficinas.com\\\/pt\\\/wp-content\\\/uploads\\\/2025\\\/04\\\/Grupo-TAB-soma-dez-participacoes-consecutivas-na-Motortec.jpg\",\"width\":1024,\"height\":581,\"caption\":\"04 - Grupo TAB soma dez participacoes consecutivas na Motortec\"},{\"@type\":\"BreadcrumbList\",\"@id\":\"https:\\\/\\\/jornaldasoficinas.com\\\/pt\\\/grupo-tab-soma-dez-participacoes-consecutivas-na-motortec\\\/#breadcrumb\",\"itemListElement\":[{\"@type\":\"ListItem\",\"position\":1,\"name\":\"In\u00edcio\",\"item\":\"https:\\\/\\\/jornaldasoficinas.com\\\/pt\\\/\"},{\"@type\":\"ListItem\",\"position\":2,\"name\":\"Grupo TAB soma dez participa\u00e7\u00f5es consecutivas na Motortec\"}]},{\"@type\":\"WebSite\",\"@id\":\"https:\\\/\\\/jornaldasoficinas.com\\\/pt\\\/#website\",\"url\":\"https:\\\/\\\/jornaldasoficinas.com\\\/pt\\\/\",\"name\":\"Jornal das Oficinas\",\"description\":\"Jornal independente do Aftermarket Autom\u00f3vel em Portugal\",\"publisher\":{\"@id\":\"https:\\\/\\\/jornaldasoficinas.com\\\/pt\\\/#organization\"},\"potentialAction\":[{\"@type\":\"SearchAction\",\"target\":{\"@type\":\"EntryPoint\",\"urlTemplate\":\"https:\\\/\\\/jornaldasoficinas.com\\\/pt\\\/?s={search_term_string}\"},\"query-input\":{\"@type\":\"PropertyValueSpecification\",\"valueRequired\":true,\"valueName\":\"search_term_string\"}}],\"inLanguage\":\"pt-PT\"},{\"@type\":\"Organization\",\"@id\":\"https:\\\/\\\/jornaldasoficinas.com\\\/pt\\\/#organization\",\"name\":\"Jornal das Oficinas\",\"url\":\"https:\\\/\\\/jornaldasoficinas.com\\\/pt\\\/\",\"logo\":{\"@type\":\"ImageObject\",\"inLanguage\":\"pt-PT\",\"@id\":\"https:\\\/\\\/jornaldasoficinas.com\\\/pt\\\/#\\\/schema\\\/logo\\\/image\\\/\",\"url\":\"https:\\\/\\\/jornaldasoficinas.com\\\/pt\\\/wp-content\\\/uploads\\\/logoJO-SEO.png\",\"contentUrl\":\"https:\\\/\\\/jornaldasoficinas.com\\\/pt\\\/wp-content\\\/uploads\\\/logoJO-SEO.png\",\"width\":285,\"height\":450,\"caption\":\"Jornal das Oficinas\"},\"image\":{\"@id\":\"https:\\\/\\\/jornaldasoficinas.com\\\/pt\\\/#\\\/schema\\\/logo\\\/image\\\/\"},\"sameAs\":[\"https:\\\/\\\/www.facebook.com\\\/jornaloficinas\",\"https:\\\/\\\/x.com\\\/jornaloficinas\",\"https:\\\/\\\/www.instagram.com\\\/jornal_oficinas\\\/\",\"https:\\\/\\\/www.linkedin.com\\\/company\\\/jornal-das-oficinas\\\/\",\"https:\\\/\\\/www.youtube.com\\\/channel\\\/UCbQZBqtcvV-oSQrr7RzINGg\"]},{\"@type\":\"Person\",\"@id\":\"https:\\\/\\\/jornaldasoficinas.com\\\/pt\\\/#\\\/schema\\\/person\\\/a38eef5de2c41d9e7c9ac10141afddf3\",\"name\":\"Reda\u00e7\u00e3o JO\",\"image\":{\"@type\":\"ImageObject\",\"inLanguage\":\"pt-PT\",\"@id\":\"https:\\\/\\\/secure.gravatar.com\\\/avatar\\\/71f2fa71737ad68a84fea94bc708ddac8ea5b0c4788dc2ad202f3ccb2887742f?s=96&d=wp_user_avatar&r=g\",\"url\":\"https:\\\/\\\/secure.gravatar.com\\\/avatar\\\/71f2fa71737ad68a84fea94bc708ddac8ea5b0c4788dc2ad202f3ccb2887742f?s=96&d=wp_user_avatar&r=g\",\"contentUrl\":\"https:\\\/\\\/secure.gravatar.com\\\/avatar\\\/71f2fa71737ad68a84fea94bc708ddac8ea5b0c4788dc2ad202f3ccb2887742f?s=96&d=wp_user_avatar&r=g\",\"caption\":\"Reda\u00e7\u00e3o JO\"},\"url\":\"https:\\\/\\\/jornaldasoficinas.com\\\/pt\\\/author\\\/joredacao\\\/\"}]}<\/script>\n<!-- \/ Yoast SEO plugin. -->","yoast_head_json":{"title":"Grupo TAB soma dez participa\u00e7\u00f5es consecutivas na Motortec - Jornal das Oficinas","description":"O Grupo TAB confirmou a sua presen\u00e7a na 17.\u00aa edi\u00e7\u00e3o da Motortec. Esta ser\u00e1 a 10.\u00aa participa\u00e7\u00e3o consecutiva do grupo na feira","robots":{"index":"index","follow":"follow","max-snippet":"max-snippet:-1","max-image-preview":"max-image-preview:large","max-video-preview":"max-video-preview:-1"},"canonical":"https:\/\/jornaldasoficinas.com\/pt\/grupo-tab-soma-dez-participacoes-consecutivas-na-motortec\/","og_locale":"pt_PT","og_type":"article","og_title":"Grupo TAB soma dez participa\u00e7\u00f5es consecutivas na Motortec - Jornal das Oficinas","og_description":"O Grupo TAB confirmou a sua presen\u00e7a na 17.\u00aa edi\u00e7\u00e3o da Motortec. Esta ser\u00e1 a 10.\u00aa participa\u00e7\u00e3o consecutiva do grupo na feira","og_url":"https:\/\/jornaldasoficinas.com\/pt\/grupo-tab-soma-dez-participacoes-consecutivas-na-motortec\/","og_site_name":"Jornal das Oficinas","article_publisher":"https:\/\/www.facebook.com\/jornaloficinas","article_published_time":"2025-04-10T13:00:28+00:00","article_modified_time":"2025-04-27T10:03:46+00:00","og_image":[{"width":1024,"height":581,"url":"https:\/\/jornaldasoficinas.com\/pt\/wp-content\/uploads\/2025\/04\/Grupo-TAB-soma-dez-participacoes-consecutivas-na-Motortec.jpg","type":"image\/jpeg"}],"author":"Reda\u00e7\u00e3o JO","twitter_card":"summary_large_image","twitter_creator":"@jornaloficinas","twitter_site":"@jornaloficinas","twitter_misc":{"Escrito por":"Reda\u00e7\u00e3o JO","Tempo estimado de leitura":"2 minutos"},"schema":{"@context":"https:\/\/schema.org","@graph":[{"@type":"Article","@id":"https:\/\/jornaldasoficinas.com\/pt\/grupo-tab-soma-dez-participacoes-consecutivas-na-motortec\/#article","isPartOf":{"@id":"https:\/\/jornaldasoficinas.com\/pt\/grupo-tab-soma-dez-participacoes-consecutivas-na-motortec\/"},"author":{"name":"Reda\u00e7\u00e3o JO","@id":"https:\/\/jornaldasoficinas.com\/pt\/#\/schema\/person\/a38eef5de2c41d9e7c9ac10141afddf3"},"headline":"Grupo TAB soma dez participa\u00e7\u00f5es consecutivas na Motortec","datePublished":"2025-04-10T13:00:28+00:00","dateModified":"2025-04-27T10:03:46+00:00","mainEntityOfPage":{"@id":"https:\/\/jornaldasoficinas.com\/pt\/grupo-tab-soma-dez-participacoes-consecutivas-na-motortec\/"},"wordCount":304,"publisher":{"@id":"https:\/\/jornaldasoficinas.com\/pt\/#organization"},"image":{"@id":"https:\/\/jornaldasoficinas.com\/pt\/grupo-tab-soma-dez-participacoes-consecutivas-na-motortec\/#primaryimage"},"thumbnailUrl":"https:\/\/jornaldasoficinas.com\/pt\/wp-content\/uploads\/2025\/04\/Grupo-TAB-soma-dez-participacoes-consecutivas-na-Motortec.jpg","keywords":["20 anos","Anivers\u00e1rio","d\u00e9cima participa\u00e7\u00e3o","gama de baterias","Grupo TAB","Motortec","Motortec Passport 2025","participa\u00e7\u00e3o"],"articleSection":["Empresas","Motortec"],"inLanguage":"pt-PT"},{"@type":"WebPage","@id":"https:\/\/jornaldasoficinas.com\/pt\/grupo-tab-soma-dez-participacoes-consecutivas-na-motortec\/","url":"https:\/\/jornaldasoficinas.com\/pt\/grupo-tab-soma-dez-participacoes-consecutivas-na-motortec\/","name":"Grupo TAB soma dez participa\u00e7\u00f5es consecutivas na Motortec - Jornal das Oficinas","isPartOf":{"@id":"https:\/\/jornaldasoficinas.com\/pt\/#website"},"primaryImageOfPage":{"@id":"https:\/\/jornaldasoficinas.com\/pt\/grupo-tab-soma-dez-participacoes-consecutivas-na-motortec\/#primaryimage"},"image":{"@id":"https:\/\/jornaldasoficinas.com\/pt\/grupo-tab-soma-dez-participacoes-consecutivas-na-motortec\/#primaryimage"},"thumbnailUrl":"https:\/\/jornaldasoficinas.com\/pt\/wp-content\/uploads\/2025\/04\/Grupo-TAB-soma-dez-participacoes-consecutivas-na-Motortec.jpg","datePublished":"2025-04-10T13:00:28+00:00","dateModified":"2025-04-27T10:03:46+00:00","description":"O Grupo TAB confirmou a sua presen\u00e7a na 17.\u00aa edi\u00e7\u00e3o da Motortec. Esta ser\u00e1 a 10.\u00aa participa\u00e7\u00e3o consecutiva do grupo na feira","breadcrumb":{"@id":"https:\/\/jornaldasoficinas.com\/pt\/grupo-tab-soma-dez-participacoes-consecutivas-na-motortec\/#breadcrumb"},"inLanguage":"pt-PT","potentialAction":[{"@type":"ReadAction","target":["https:\/\/jornaldasoficinas.com\/pt\/grupo-tab-soma-dez-participacoes-consecutivas-na-motortec\/"]}]},{"@type":"ImageObject","inLanguage":"pt-PT","@id":"https:\/\/jornaldasoficinas.com\/pt\/grupo-tab-soma-dez-participacoes-consecutivas-na-motortec\/#primaryimage","url":"https:\/\/jornaldasoficinas.com\/pt\/wp-content\/uploads\/2025\/04\/Grupo-TAB-soma-dez-participacoes-consecutivas-na-Motortec.jpg","contentUrl":"https:\/\/jornaldasoficinas.com\/pt\/wp-content\/uploads\/2025\/04\/Grupo-TAB-soma-dez-participacoes-consecutivas-na-Motortec.jpg","width":1024,"height":581,"caption":"04 - Grupo TAB soma dez participacoes consecutivas na Motortec"},{"@type":"BreadcrumbList","@id":"https:\/\/jornaldasoficinas.com\/pt\/grupo-tab-soma-dez-participacoes-consecutivas-na-motortec\/#breadcrumb","itemListElement":[{"@type":"ListItem","position":1,"name":"In\u00edcio","item":"https:\/\/jornaldasoficinas.com\/pt\/"},{"@type":"ListItem","position":2,"name":"Grupo TAB soma dez participa\u00e7\u00f5es consecutivas na Motortec"}]},{"@type":"WebSite","@id":"https:\/\/jornaldasoficinas.com\/pt\/#website","url":"https:\/\/jornaldasoficinas.com\/pt\/","name":"Jornal das Oficinas","description":"Jornal independente do Aftermarket Autom\u00f3vel em Portugal","publisher":{"@id":"https:\/\/jornaldasoficinas.com\/pt\/#organization"},"potentialAction":[{"@type":"SearchAction","target":{"@type":"EntryPoint","urlTemplate":"https:\/\/jornaldasoficinas.com\/pt\/?s={search_term_string}"},"query-input":{"@type":"PropertyValueSpecification","valueRequired":true,"valueName":"search_term_string"}}],"inLanguage":"pt-PT"},{"@type":"Organization","@id":"https:\/\/jornaldasoficinas.com\/pt\/#organization","name":"Jornal das Oficinas","url":"https:\/\/jornaldasoficinas.com\/pt\/","logo":{"@type":"ImageObject","inLanguage":"pt-PT","@id":"https:\/\/jornaldasoficinas.com\/pt\/#\/schema\/logo\/image\/","url":"https:\/\/jornaldasoficinas.com\/pt\/wp-content\/uploads\/logoJO-SEO.png","contentUrl":"https:\/\/jornaldasoficinas.com\/pt\/wp-content\/uploads\/logoJO-SEO.png","width":285,"height":450,"caption":"Jornal das Oficinas"},"image":{"@id":"https:\/\/jornaldasoficinas.com\/pt\/#\/schema\/logo\/image\/"},"sameAs":["https:\/\/www.facebook.com\/jornaloficinas","https:\/\/x.com\/jornaloficinas","https:\/\/www.instagram.com\/jornal_oficinas\/","https:\/\/www.linkedin.com\/company\/jornal-das-oficinas\/","https:\/\/www.youtube.com\/channel\/UCbQZBqtcvV-oSQrr7RzINGg"]},{"@type":"Person","@id":"https:\/\/jornaldasoficinas.com\/pt\/#\/schema\/person\/a38eef5de2c41d9e7c9ac10141afddf3","name":"Reda\u00e7\u00e3o JO","image":{"@type":"ImageObject","inLanguage":"pt-PT","@id":"https:\/\/secure.gravatar.com\/avatar\/71f2fa71737ad68a84fea94bc708ddac8ea5b0c4788dc2ad202f3ccb2887742f?s=96&d=wp_user_avatar&r=g","url":"https:\/\/secure.gravatar.com\/avatar\/71f2fa71737ad68a84fea94bc708ddac8ea5b0c4788dc2ad202f3ccb2887742f?s=96&d=wp_user_avatar&r=g","contentUrl":"https:\/\/secure.gravatar.com\/avatar\/71f2fa71737ad68a84fea94bc708ddac8ea5b0c4788dc2ad202f3ccb2887742f?s=96&d=wp_user_avatar&r=g","caption":"Reda\u00e7\u00e3o JO"},"url":"https:\/\/jornaldasoficinas.com\/pt\/author\/joredacao\/"}]}},"_links":{"self":[{"href":"https:\/\/jornaldasoficinas.com\/pt\/wp-json\/wp\/v2\/posts\/100086","targetHints":{"allow":["GET"]}}],"collection":[{"href":"https:\/\/jornaldasoficinas.com\/pt\/wp-json\/wp\/v2\/posts"}],"about":[{"href":"https:\/\/jornaldasoficinas.com\/pt\/wp-json\/wp\/v2\/types\/post"}],"author":[{"embeddable":true,"href":"https:\/\/jornaldasoficinas.com\/pt\/wp-json\/wp\/v2\/users\/15"}],"replies":[{"embeddable":true,"href":"https:\/\/jornaldasoficinas.com\/pt\/wp-json\/wp\/v2\/comments?post=100086"}],"version-history":[{"count":5,"href":"https:\/\/jornaldasoficinas.com\/pt\/wp-json\/wp\/v2\/posts\/100086\/revisions"}],"predecessor-version":[{"id":100145,"href":"https:\/\/jornaldasoficinas.com\/pt\/wp-json\/wp\/v2\/posts\/100086\/revisions\/100145"}],"wp:featuredmedia":[{"embeddable":true,"href":"https:\/\/jornaldasoficinas.com\/pt\/wp-json\/wp\/v2\/media\/100090"}],"wp:attachment":[{"href":"https:\/\/jornaldasoficinas.com\/pt\/wp-json\/wp\/v2\/media?parent=100086"}],"wp:term":[{"taxonomy":"category","embeddable":true,"href":"https:\/\/jornaldasoficinas.com\/pt\/wp-json\/wp\/v2\/categories?post=100086"},{"taxonomy":"post_tag","embeddable":true,"href":"https:\/\/jornaldasoficinas.com\/pt\/wp-json\/wp\/v2\/tags?post=100086"}],"curies":[{"name":"wp","href":"https:\/\/api.w.org\/{rel}","templated":true}]}}