{"id":100162,"date":"2025-04-11T10:00:05","date_gmt":"2025-04-11T09:00:05","guid":{"rendered":"https:\/\/jornaldasoficinas.com\/pt\/?p=100162"},"modified":"2025-04-09T10:33:34","modified_gmt":"2025-04-09T09:33:34","slug":"napa-racing-weekend-2025-traz-emocao-as-pistas-ibericas","status":"publish","type":"post","link":"https:\/\/jornaldasoficinas.com\/pt\/napa-racing-weekend-2025-traz-emocao-as-pistas-ibericas\/","title":{"rendered":"NAPA Racing Weekend 2025 traz emo\u00e7\u00e3o \u00e0s pistas ib\u00e9ricas"},"content":{"rendered":"<p><strong><img loading=\"lazy\" decoding=\"async\" class=\"alignnone size-full wp-image-100170\" src=\"https:\/\/jornaldasoficinas.com\/pt\/wp-content\/uploads\/2025\/04\/NAPA-Racing-Weekend-2025-traz-emocao-as-pistas-ibericas.jpg\" alt=\"04 - NAPA Racing Weekend 2025 traz emocao as pistas ibericas\" width=\"1024\" height=\"581\" srcset=\"https:\/\/jornaldasoficinas.com\/pt\/wp-content\/uploads\/2025\/04\/NAPA-Racing-Weekend-2025-traz-emocao-as-pistas-ibericas.jpg 1024w, https:\/\/jornaldasoficinas.com\/pt\/wp-content\/uploads\/2025\/04\/NAPA-Racing-Weekend-2025-traz-emocao-as-pistas-ibericas-300x170.jpg 300w, https:\/\/jornaldasoficinas.com\/pt\/wp-content\/uploads\/2025\/04\/NAPA-Racing-Weekend-2025-traz-emocao-as-pistas-ibericas-150x85.jpg 150w, https:\/\/jornaldasoficinas.com\/pt\/wp-content\/uploads\/2025\/04\/NAPA-Racing-Weekend-2025-traz-emocao-as-pistas-ibericas-768x436.jpg 768w\" sizes=\"auto, (max-width: 1024px) 100vw, 1024px\" \/><\/strong><\/p>\n<p><strong>A edi\u00e7\u00e3o 2025 do <a href=\"https:\/\/racingweekend.rfeda.es\/\" target=\"_blank\" rel=\"noopener\">NAPA Racing Weekend<\/a> promete ser uma das &#8220;mais emocionantes de sempre&#8221;, com cinco etapas em circuitos emblem\u00e1ticos da Pen\u00ednsula Ib\u00e9rica<\/strong><\/p>\n<p>O primeiro grande evento do NAPA Racing Weekend decorreu no dia 30 de mar\u00e7o no Circuito Motoland (Arag\u00e3o), e foi um &#8220;grande sucesso&#8221; entre os participantes. A pr\u00f3xima data est\u00e1 marcada para o dia 4 de maio no Circuito de Los Arcos (Navarra).<\/p>\n<p>Para al\u00e9m dos principais eventos do NAPA Racing Weekend, o calend\u00e1rio de 2025 contar\u00e1 ainda com dois eventos de prest\u00edgio: o Jarama Classic e o Racer Cup no Estoril, Portugal.<\/p>\n<p>O Jarama Classic, que se realiza no dia 1 de junho no Circuito de Jarama, \u00e9 um dos encontros mais aguardados pelos entusiastas de autom\u00f3veis cl\u00e1ssicos. Este evento ir\u00e1 reunir uma enorme variedade de ve\u00edculos hist\u00f3ricos, oferecendo uma experi\u00eancia \u00fanica na qual os f\u00e3s v\u00e3o poder ver alguns dos modelos mais ic\u00f3nicos da hist\u00f3ria do automobilismo em a\u00e7\u00e3o. Por outro lado, a Racer Cup no Estoril, que se realiza no dia 25 de maio, promete ser um evento cheio de emo\u00e7\u00e3o e velocidade.<\/p>\n<p>O terceiro grande evento do NAPA Racing Weekend ser\u00e1 realizado no dia 21 de setembro no Circuito de Jerez, outra das pistas mais ic\u00f3nicas de Espanha. Localizada na regi\u00e3o da Andaluzia, Jerez \u00e9 conhecida pelo seu calor e design desafiante, garantindo um &#8220;espet\u00e1culo repleto de a\u00e7\u00e3o&#8221;.<\/p>\n<p>A temporada termina com dois grandes eventos: no dia 19 de outubro no Circuito Ricardo Tormo (Val\u00eancia) e no dia 16 de novembro em Montmel\u00f3 (Barcelona).<\/p>\n","protected":false},"excerpt":{"rendered":"<p>A edi\u00e7\u00e3o 2025 do NAPA Racing&#8230;<\/p>\n","protected":false},"author":15,"featured_media":100170,"comment_status":"closed","ping_status":"closed","sticky":false,"template":"","format":"standard","meta":{"footnotes":""},"categories":[29],"tags":[941,12461,12462,12460,5794,4273],"class_list":["post-100162","post","type-post","status-publish","format-standard","has-post-thumbnail","hentry","category-empresas","tag-calendario","tag-cinco-etapas","tag-circuitos-emblematicos","tag-edicao-2025","tag-napa-racing-weekend","tag-peninsula-iberica"],"yoast_head":"<!-- This site is optimized with the Yoast SEO plugin v27.4 - https:\/\/yoast.com\/product\/yoast-seo-wordpress\/ -->\n<title>NAPA Racing Weekend 2025 traz emo\u00e7\u00e3o \u00e0s pistas ib\u00e9ricas - Jornal das Oficinas<\/title>\n<meta name=\"description\" content=\"A edi\u00e7\u00e3o 2025 do NAPA Racing Weekend promete ser uma das &quot;mais emocionantes de sempre&quot;, com cinco etapas em circuitos emblem\u00e1ticos\" \/>\n<meta name=\"robots\" content=\"index, follow, max-snippet:-1, max-image-preview:large, max-video-preview:-1\" \/>\n<link rel=\"canonical\" href=\"https:\/\/jornaldasoficinas.com\/pt\/napa-racing-weekend-2025-traz-emocao-as-pistas-ibericas\/\" \/>\n<meta property=\"og:locale\" content=\"pt_PT\" \/>\n<meta property=\"og:type\" content=\"article\" \/>\n<meta property=\"og:title\" content=\"NAPA Racing Weekend 2025 traz emo\u00e7\u00e3o \u00e0s pistas ib\u00e9ricas - Jornal das Oficinas\" \/>\n<meta property=\"og:description\" content=\"A edi\u00e7\u00e3o 2025 do NAPA Racing Weekend promete ser uma das &quot;mais emocionantes de sempre&quot;, com cinco etapas em circuitos emblem\u00e1ticos\" \/>\n<meta property=\"og:url\" content=\"https:\/\/jornaldasoficinas.com\/pt\/napa-racing-weekend-2025-traz-emocao-as-pistas-ibericas\/\" \/>\n<meta property=\"og:site_name\" content=\"Jornal das Oficinas\" \/>\n<meta property=\"article:publisher\" content=\"https:\/\/www.facebook.com\/jornaloficinas\" \/>\n<meta property=\"article:published_time\" content=\"2025-04-11T09:00:05+00:00\" \/>\n<meta property=\"og:image\" content=\"https:\/\/jornaldasoficinas.com\/pt\/wp-content\/uploads\/2025\/04\/NAPA-Racing-Weekend-2025-traz-emocao-as-pistas-ibericas.jpg\" \/>\n\t<meta property=\"og:image:width\" content=\"1024\" \/>\n\t<meta property=\"og:image:height\" content=\"581\" \/>\n\t<meta property=\"og:image:type\" content=\"image\/jpeg\" \/>\n<meta name=\"author\" content=\"Reda\u00e7\u00e3o JO\" \/>\n<meta name=\"twitter:card\" content=\"summary_large_image\" \/>\n<meta name=\"twitter:creator\" content=\"@jornaloficinas\" \/>\n<meta name=\"twitter:site\" content=\"@jornaloficinas\" \/>\n<meta name=\"twitter:label1\" content=\"Escrito por\" \/>\n\t<meta name=\"twitter:data1\" content=\"Reda\u00e7\u00e3o JO\" \/>\n\t<meta name=\"twitter:label2\" content=\"Tempo estimado de leitura\" \/>\n\t<meta name=\"twitter:data2\" content=\"2 minutos\" \/>\n<script type=\"application\/ld+json\" class=\"yoast-schema-graph\">{\"@context\":\"https:\\\/\\\/schema.org\",\"@graph\":[{\"@type\":\"Article\",\"@id\":\"https:\\\/\\\/jornaldasoficinas.com\\\/pt\\\/napa-racing-weekend-2025-traz-emocao-as-pistas-ibericas\\\/#article\",\"isPartOf\":{\"@id\":\"https:\\\/\\\/jornaldasoficinas.com\\\/pt\\\/napa-racing-weekend-2025-traz-emocao-as-pistas-ibericas\\\/\"},\"author\":{\"name\":\"Reda\u00e7\u00e3o JO\",\"@id\":\"https:\\\/\\\/jornaldasoficinas.com\\\/pt\\\/#\\\/schema\\\/person\\\/a38eef5de2c41d9e7c9ac10141afddf3\"},\"headline\":\"NAPA Racing Weekend 2025 traz emo\u00e7\u00e3o \u00e0s pistas ib\u00e9ricas\",\"datePublished\":\"2025-04-11T09:00:05+00:00\",\"mainEntityOfPage\":{\"@id\":\"https:\\\/\\\/jornaldasoficinas.com\\\/pt\\\/napa-racing-weekend-2025-traz-emocao-as-pistas-ibericas\\\/\"},\"wordCount\":277,\"publisher\":{\"@id\":\"https:\\\/\\\/jornaldasoficinas.com\\\/pt\\\/#organization\"},\"image\":{\"@id\":\"https:\\\/\\\/jornaldasoficinas.com\\\/pt\\\/napa-racing-weekend-2025-traz-emocao-as-pistas-ibericas\\\/#primaryimage\"},\"thumbnailUrl\":\"https:\\\/\\\/jornaldasoficinas.com\\\/pt\\\/wp-content\\\/uploads\\\/2025\\\/04\\\/NAPA-Racing-Weekend-2025-traz-emocao-as-pistas-ibericas.jpg\",\"keywords\":[\"Calend\u00e1rio\",\"cinco etapas\",\"circuitos emblem\u00e1ticos\",\"edi\u00e7\u00e3o 2025\",\"NAPA Racing Weekend\",\"Pen\u00ednsula Ib\u00e9rica\"],\"articleSection\":[\"Empresas\"],\"inLanguage\":\"pt-PT\"},{\"@type\":\"WebPage\",\"@id\":\"https:\\\/\\\/jornaldasoficinas.com\\\/pt\\\/napa-racing-weekend-2025-traz-emocao-as-pistas-ibericas\\\/\",\"url\":\"https:\\\/\\\/jornaldasoficinas.com\\\/pt\\\/napa-racing-weekend-2025-traz-emocao-as-pistas-ibericas\\\/\",\"name\":\"NAPA Racing Weekend 2025 traz emo\u00e7\u00e3o \u00e0s pistas ib\u00e9ricas - Jornal das Oficinas\",\"isPartOf\":{\"@id\":\"https:\\\/\\\/jornaldasoficinas.com\\\/pt\\\/#website\"},\"primaryImageOfPage\":{\"@id\":\"https:\\\/\\\/jornaldasoficinas.com\\\/pt\\\/napa-racing-weekend-2025-traz-emocao-as-pistas-ibericas\\\/#primaryimage\"},\"image\":{\"@id\":\"https:\\\/\\\/jornaldasoficinas.com\\\/pt\\\/napa-racing-weekend-2025-traz-emocao-as-pistas-ibericas\\\/#primaryimage\"},\"thumbnailUrl\":\"https:\\\/\\\/jornaldasoficinas.com\\\/pt\\\/wp-content\\\/uploads\\\/2025\\\/04\\\/NAPA-Racing-Weekend-2025-traz-emocao-as-pistas-ibericas.jpg\",\"datePublished\":\"2025-04-11T09:00:05+00:00\",\"description\":\"A edi\u00e7\u00e3o 2025 do NAPA Racing Weekend promete ser uma das \\\"mais emocionantes de sempre\\\", com cinco etapas em circuitos emblem\u00e1ticos\",\"breadcrumb\":{\"@id\":\"https:\\\/\\\/jornaldasoficinas.com\\\/pt\\\/napa-racing-weekend-2025-traz-emocao-as-pistas-ibericas\\\/#breadcrumb\"},\"inLanguage\":\"pt-PT\",\"potentialAction\":[{\"@type\":\"ReadAction\",\"target\":[\"https:\\\/\\\/jornaldasoficinas.com\\\/pt\\\/napa-racing-weekend-2025-traz-emocao-as-pistas-ibericas\\\/\"]}]},{\"@type\":\"ImageObject\",\"inLanguage\":\"pt-PT\",\"@id\":\"https:\\\/\\\/jornaldasoficinas.com\\\/pt\\\/napa-racing-weekend-2025-traz-emocao-as-pistas-ibericas\\\/#primaryimage\",\"url\":\"https:\\\/\\\/jornaldasoficinas.com\\\/pt\\\/wp-content\\\/uploads\\\/2025\\\/04\\\/NAPA-Racing-Weekend-2025-traz-emocao-as-pistas-ibericas.jpg\",\"contentUrl\":\"https:\\\/\\\/jornaldasoficinas.com\\\/pt\\\/wp-content\\\/uploads\\\/2025\\\/04\\\/NAPA-Racing-Weekend-2025-traz-emocao-as-pistas-ibericas.jpg\",\"width\":1024,\"height\":581,\"caption\":\"04 - NAPA Racing Weekend 2025 traz emocao as pistas ibericas\"},{\"@type\":\"BreadcrumbList\",\"@id\":\"https:\\\/\\\/jornaldasoficinas.com\\\/pt\\\/napa-racing-weekend-2025-traz-emocao-as-pistas-ibericas\\\/#breadcrumb\",\"itemListElement\":[{\"@type\":\"ListItem\",\"position\":1,\"name\":\"In\u00edcio\",\"item\":\"https:\\\/\\\/jornaldasoficinas.com\\\/pt\\\/\"},{\"@type\":\"ListItem\",\"position\":2,\"name\":\"NAPA Racing Weekend 2025 traz emo\u00e7\u00e3o \u00e0s pistas ib\u00e9ricas\"}]},{\"@type\":\"WebSite\",\"@id\":\"https:\\\/\\\/jornaldasoficinas.com\\\/pt\\\/#website\",\"url\":\"https:\\\/\\\/jornaldasoficinas.com\\\/pt\\\/\",\"name\":\"Jornal das Oficinas\",\"description\":\"Jornal independente do Aftermarket Autom\u00f3vel em Portugal\",\"publisher\":{\"@id\":\"https:\\\/\\\/jornaldasoficinas.com\\\/pt\\\/#organization\"},\"potentialAction\":[{\"@type\":\"SearchAction\",\"target\":{\"@type\":\"EntryPoint\",\"urlTemplate\":\"https:\\\/\\\/jornaldasoficinas.com\\\/pt\\\/?s={search_term_string}\"},\"query-input\":{\"@type\":\"PropertyValueSpecification\",\"valueRequired\":true,\"valueName\":\"search_term_string\"}}],\"inLanguage\":\"pt-PT\"},{\"@type\":\"Organization\",\"@id\":\"https:\\\/\\\/jornaldasoficinas.com\\\/pt\\\/#organization\",\"name\":\"Jornal das Oficinas\",\"url\":\"https:\\\/\\\/jornaldasoficinas.com\\\/pt\\\/\",\"logo\":{\"@type\":\"ImageObject\",\"inLanguage\":\"pt-PT\",\"@id\":\"https:\\\/\\\/jornaldasoficinas.com\\\/pt\\\/#\\\/schema\\\/logo\\\/image\\\/\",\"url\":\"https:\\\/\\\/jornaldasoficinas.com\\\/pt\\\/wp-content\\\/uploads\\\/logoJO-SEO.png\",\"contentUrl\":\"https:\\\/\\\/jornaldasoficinas.com\\\/pt\\\/wp-content\\\/uploads\\\/logoJO-SEO.png\",\"width\":285,\"height\":450,\"caption\":\"Jornal das Oficinas\"},\"image\":{\"@id\":\"https:\\\/\\\/jornaldasoficinas.com\\\/pt\\\/#\\\/schema\\\/logo\\\/image\\\/\"},\"sameAs\":[\"https:\\\/\\\/www.facebook.com\\\/jornaloficinas\",\"https:\\\/\\\/x.com\\\/jornaloficinas\",\"https:\\\/\\\/www.instagram.com\\\/jornal_oficinas\\\/\",\"https:\\\/\\\/www.linkedin.com\\\/company\\\/jornal-das-oficinas\\\/\",\"https:\\\/\\\/www.youtube.com\\\/channel\\\/UCbQZBqtcvV-oSQrr7RzINGg\"]},{\"@type\":\"Person\",\"@id\":\"https:\\\/\\\/jornaldasoficinas.com\\\/pt\\\/#\\\/schema\\\/person\\\/a38eef5de2c41d9e7c9ac10141afddf3\",\"name\":\"Reda\u00e7\u00e3o JO\",\"image\":{\"@type\":\"ImageObject\",\"inLanguage\":\"pt-PT\",\"@id\":\"https:\\\/\\\/secure.gravatar.com\\\/avatar\\\/71f2fa71737ad68a84fea94bc708ddac8ea5b0c4788dc2ad202f3ccb2887742f?s=96&d=wp_user_avatar&r=g\",\"url\":\"https:\\\/\\\/secure.gravatar.com\\\/avatar\\\/71f2fa71737ad68a84fea94bc708ddac8ea5b0c4788dc2ad202f3ccb2887742f?s=96&d=wp_user_avatar&r=g\",\"contentUrl\":\"https:\\\/\\\/secure.gravatar.com\\\/avatar\\\/71f2fa71737ad68a84fea94bc708ddac8ea5b0c4788dc2ad202f3ccb2887742f?s=96&d=wp_user_avatar&r=g\",\"caption\":\"Reda\u00e7\u00e3o JO\"},\"url\":\"https:\\\/\\\/jornaldasoficinas.com\\\/pt\\\/author\\\/joredacao\\\/\"}]}<\/script>\n<!-- \/ Yoast SEO plugin. -->","yoast_head_json":{"title":"NAPA Racing Weekend 2025 traz emo\u00e7\u00e3o \u00e0s pistas ib\u00e9ricas - Jornal das Oficinas","description":"A edi\u00e7\u00e3o 2025 do NAPA Racing Weekend promete ser uma das \"mais emocionantes de sempre\", com cinco etapas em circuitos emblem\u00e1ticos","robots":{"index":"index","follow":"follow","max-snippet":"max-snippet:-1","max-image-preview":"max-image-preview:large","max-video-preview":"max-video-preview:-1"},"canonical":"https:\/\/jornaldasoficinas.com\/pt\/napa-racing-weekend-2025-traz-emocao-as-pistas-ibericas\/","og_locale":"pt_PT","og_type":"article","og_title":"NAPA Racing Weekend 2025 traz emo\u00e7\u00e3o \u00e0s pistas ib\u00e9ricas - Jornal das Oficinas","og_description":"A edi\u00e7\u00e3o 2025 do NAPA Racing Weekend promete ser uma das \"mais emocionantes de sempre\", com cinco etapas em circuitos emblem\u00e1ticos","og_url":"https:\/\/jornaldasoficinas.com\/pt\/napa-racing-weekend-2025-traz-emocao-as-pistas-ibericas\/","og_site_name":"Jornal das Oficinas","article_publisher":"https:\/\/www.facebook.com\/jornaloficinas","article_published_time":"2025-04-11T09:00:05+00:00","og_image":[{"width":1024,"height":581,"url":"https:\/\/jornaldasoficinas.com\/pt\/wp-content\/uploads\/2025\/04\/NAPA-Racing-Weekend-2025-traz-emocao-as-pistas-ibericas.jpg","type":"image\/jpeg"}],"author":"Reda\u00e7\u00e3o JO","twitter_card":"summary_large_image","twitter_creator":"@jornaloficinas","twitter_site":"@jornaloficinas","twitter_misc":{"Escrito por":"Reda\u00e7\u00e3o JO","Tempo estimado de leitura":"2 minutos"},"schema":{"@context":"https:\/\/schema.org","@graph":[{"@type":"Article","@id":"https:\/\/jornaldasoficinas.com\/pt\/napa-racing-weekend-2025-traz-emocao-as-pistas-ibericas\/#article","isPartOf":{"@id":"https:\/\/jornaldasoficinas.com\/pt\/napa-racing-weekend-2025-traz-emocao-as-pistas-ibericas\/"},"author":{"name":"Reda\u00e7\u00e3o JO","@id":"https:\/\/jornaldasoficinas.com\/pt\/#\/schema\/person\/a38eef5de2c41d9e7c9ac10141afddf3"},"headline":"NAPA Racing Weekend 2025 traz emo\u00e7\u00e3o \u00e0s pistas ib\u00e9ricas","datePublished":"2025-04-11T09:00:05+00:00","mainEntityOfPage":{"@id":"https:\/\/jornaldasoficinas.com\/pt\/napa-racing-weekend-2025-traz-emocao-as-pistas-ibericas\/"},"wordCount":277,"publisher":{"@id":"https:\/\/jornaldasoficinas.com\/pt\/#organization"},"image":{"@id":"https:\/\/jornaldasoficinas.com\/pt\/napa-racing-weekend-2025-traz-emocao-as-pistas-ibericas\/#primaryimage"},"thumbnailUrl":"https:\/\/jornaldasoficinas.com\/pt\/wp-content\/uploads\/2025\/04\/NAPA-Racing-Weekend-2025-traz-emocao-as-pistas-ibericas.jpg","keywords":["Calend\u00e1rio","cinco etapas","circuitos emblem\u00e1ticos","edi\u00e7\u00e3o 2025","NAPA Racing Weekend","Pen\u00ednsula Ib\u00e9rica"],"articleSection":["Empresas"],"inLanguage":"pt-PT"},{"@type":"WebPage","@id":"https:\/\/jornaldasoficinas.com\/pt\/napa-racing-weekend-2025-traz-emocao-as-pistas-ibericas\/","url":"https:\/\/jornaldasoficinas.com\/pt\/napa-racing-weekend-2025-traz-emocao-as-pistas-ibericas\/","name":"NAPA Racing Weekend 2025 traz emo\u00e7\u00e3o \u00e0s pistas ib\u00e9ricas - Jornal das Oficinas","isPartOf":{"@id":"https:\/\/jornaldasoficinas.com\/pt\/#website"},"primaryImageOfPage":{"@id":"https:\/\/jornaldasoficinas.com\/pt\/napa-racing-weekend-2025-traz-emocao-as-pistas-ibericas\/#primaryimage"},"image":{"@id":"https:\/\/jornaldasoficinas.com\/pt\/napa-racing-weekend-2025-traz-emocao-as-pistas-ibericas\/#primaryimage"},"thumbnailUrl":"https:\/\/jornaldasoficinas.com\/pt\/wp-content\/uploads\/2025\/04\/NAPA-Racing-Weekend-2025-traz-emocao-as-pistas-ibericas.jpg","datePublished":"2025-04-11T09:00:05+00:00","description":"A edi\u00e7\u00e3o 2025 do NAPA Racing Weekend promete ser uma das \"mais emocionantes de sempre\", com cinco etapas em circuitos emblem\u00e1ticos","breadcrumb":{"@id":"https:\/\/jornaldasoficinas.com\/pt\/napa-racing-weekend-2025-traz-emocao-as-pistas-ibericas\/#breadcrumb"},"inLanguage":"pt-PT","potentialAction":[{"@type":"ReadAction","target":["https:\/\/jornaldasoficinas.com\/pt\/napa-racing-weekend-2025-traz-emocao-as-pistas-ibericas\/"]}]},{"@type":"ImageObject","inLanguage":"pt-PT","@id":"https:\/\/jornaldasoficinas.com\/pt\/napa-racing-weekend-2025-traz-emocao-as-pistas-ibericas\/#primaryimage","url":"https:\/\/jornaldasoficinas.com\/pt\/wp-content\/uploads\/2025\/04\/NAPA-Racing-Weekend-2025-traz-emocao-as-pistas-ibericas.jpg","contentUrl":"https:\/\/jornaldasoficinas.com\/pt\/wp-content\/uploads\/2025\/04\/NAPA-Racing-Weekend-2025-traz-emocao-as-pistas-ibericas.jpg","width":1024,"height":581,"caption":"04 - NAPA Racing Weekend 2025 traz emocao as pistas ibericas"},{"@type":"BreadcrumbList","@id":"https:\/\/jornaldasoficinas.com\/pt\/napa-racing-weekend-2025-traz-emocao-as-pistas-ibericas\/#breadcrumb","itemListElement":[{"@type":"ListItem","position":1,"name":"In\u00edcio","item":"https:\/\/jornaldasoficinas.com\/pt\/"},{"@type":"ListItem","position":2,"name":"NAPA Racing Weekend 2025 traz emo\u00e7\u00e3o \u00e0s pistas ib\u00e9ricas"}]},{"@type":"WebSite","@id":"https:\/\/jornaldasoficinas.com\/pt\/#website","url":"https:\/\/jornaldasoficinas.com\/pt\/","name":"Jornal das Oficinas","description":"Jornal independente do Aftermarket Autom\u00f3vel em Portugal","publisher":{"@id":"https:\/\/jornaldasoficinas.com\/pt\/#organization"},"potentialAction":[{"@type":"SearchAction","target":{"@type":"EntryPoint","urlTemplate":"https:\/\/jornaldasoficinas.com\/pt\/?s={search_term_string}"},"query-input":{"@type":"PropertyValueSpecification","valueRequired":true,"valueName":"search_term_string"}}],"inLanguage":"pt-PT"},{"@type":"Organization","@id":"https:\/\/jornaldasoficinas.com\/pt\/#organization","name":"Jornal das Oficinas","url":"https:\/\/jornaldasoficinas.com\/pt\/","logo":{"@type":"ImageObject","inLanguage":"pt-PT","@id":"https:\/\/jornaldasoficinas.com\/pt\/#\/schema\/logo\/image\/","url":"https:\/\/jornaldasoficinas.com\/pt\/wp-content\/uploads\/logoJO-SEO.png","contentUrl":"https:\/\/jornaldasoficinas.com\/pt\/wp-content\/uploads\/logoJO-SEO.png","width":285,"height":450,"caption":"Jornal das Oficinas"},"image":{"@id":"https:\/\/jornaldasoficinas.com\/pt\/#\/schema\/logo\/image\/"},"sameAs":["https:\/\/www.facebook.com\/jornaloficinas","https:\/\/x.com\/jornaloficinas","https:\/\/www.instagram.com\/jornal_oficinas\/","https:\/\/www.linkedin.com\/company\/jornal-das-oficinas\/","https:\/\/www.youtube.com\/channel\/UCbQZBqtcvV-oSQrr7RzINGg"]},{"@type":"Person","@id":"https:\/\/jornaldasoficinas.com\/pt\/#\/schema\/person\/a38eef5de2c41d9e7c9ac10141afddf3","name":"Reda\u00e7\u00e3o JO","image":{"@type":"ImageObject","inLanguage":"pt-PT","@id":"https:\/\/secure.gravatar.com\/avatar\/71f2fa71737ad68a84fea94bc708ddac8ea5b0c4788dc2ad202f3ccb2887742f?s=96&d=wp_user_avatar&r=g","url":"https:\/\/secure.gravatar.com\/avatar\/71f2fa71737ad68a84fea94bc708ddac8ea5b0c4788dc2ad202f3ccb2887742f?s=96&d=wp_user_avatar&r=g","contentUrl":"https:\/\/secure.gravatar.com\/avatar\/71f2fa71737ad68a84fea94bc708ddac8ea5b0c4788dc2ad202f3ccb2887742f?s=96&d=wp_user_avatar&r=g","caption":"Reda\u00e7\u00e3o JO"},"url":"https:\/\/jornaldasoficinas.com\/pt\/author\/joredacao\/"}]}},"_links":{"self":[{"href":"https:\/\/jornaldasoficinas.com\/pt\/wp-json\/wp\/v2\/posts\/100162","targetHints":{"allow":["GET"]}}],"collection":[{"href":"https:\/\/jornaldasoficinas.com\/pt\/wp-json\/wp\/v2\/posts"}],"about":[{"href":"https:\/\/jornaldasoficinas.com\/pt\/wp-json\/wp\/v2\/types\/post"}],"author":[{"embeddable":true,"href":"https:\/\/jornaldasoficinas.com\/pt\/wp-json\/wp\/v2\/users\/15"}],"replies":[{"embeddable":true,"href":"https:\/\/jornaldasoficinas.com\/pt\/wp-json\/wp\/v2\/comments?post=100162"}],"version-history":[{"count":8,"href":"https:\/\/jornaldasoficinas.com\/pt\/wp-json\/wp\/v2\/posts\/100162\/revisions"}],"predecessor-version":[{"id":100172,"href":"https:\/\/jornaldasoficinas.com\/pt\/wp-json\/wp\/v2\/posts\/100162\/revisions\/100172"}],"wp:featuredmedia":[{"embeddable":true,"href":"https:\/\/jornaldasoficinas.com\/pt\/wp-json\/wp\/v2\/media\/100170"}],"wp:attachment":[{"href":"https:\/\/jornaldasoficinas.com\/pt\/wp-json\/wp\/v2\/media?parent=100162"}],"wp:term":[{"taxonomy":"category","embeddable":true,"href":"https:\/\/jornaldasoficinas.com\/pt\/wp-json\/wp\/v2\/categories?post=100162"},{"taxonomy":"post_tag","embeddable":true,"href":"https:\/\/jornaldasoficinas.com\/pt\/wp-json\/wp\/v2\/tags?post=100162"}],"curies":[{"name":"wp","href":"https:\/\/api.w.org\/{rel}","templated":true}]}}