{"id":100233,"date":"2025-04-11T16:00:46","date_gmt":"2025-04-11T15:00:46","guid":{"rendered":"https:\/\/jornaldasoficinas.com\/pt\/?p=100233"},"modified":"2025-04-27T11:03:32","modified_gmt":"2025-04-27T10:03:32","slug":"nrf-estreia-stand-proprio-na-motortec-2025","status":"publish","type":"post","link":"https:\/\/jornaldasoficinas.com\/pt\/nrf-estreia-stand-proprio-na-motortec-2025\/","title":{"rendered":"NRF estreia stand pr\u00f3prio na Motortec 2025"},"content":{"rendered":"<p><strong><img loading=\"lazy\" decoding=\"async\" class=\"alignnone size-full wp-image-100243\" src=\"https:\/\/jornaldasoficinas.com\/pt\/wp-content\/uploads\/2025\/04\/NRF-estreia-stand-proprio-na-Motortec-2025.jpg\" alt=\"04 - NRF estreia stand proprio na Motortec 2025\" width=\"1024\" height=\"581\" srcset=\"https:\/\/jornaldasoficinas.com\/pt\/wp-content\/uploads\/2025\/04\/NRF-estreia-stand-proprio-na-Motortec-2025.jpg 1024w, https:\/\/jornaldasoficinas.com\/pt\/wp-content\/uploads\/2025\/04\/NRF-estreia-stand-proprio-na-Motortec-2025-300x170.jpg 300w, https:\/\/jornaldasoficinas.com\/pt\/wp-content\/uploads\/2025\/04\/NRF-estreia-stand-proprio-na-Motortec-2025-150x85.jpg 150w, https:\/\/jornaldasoficinas.com\/pt\/wp-content\/uploads\/2025\/04\/NRF-estreia-stand-proprio-na-Motortec-2025-768x436.jpg 768w\" sizes=\"auto, (max-width: 1024px) 100vw, 1024px\" \/><\/strong><\/p>\n<p><strong>A <a href=\"https:\/\/www.nrf.eu\/\" target=\"_blank\" rel=\"noopener\">NRF<\/a> participar\u00e1 com stand pr\u00f3prio na <a href=\"https:\/\/www.ifema.es\/\" target=\"_blank\" rel=\"noopener\">Motortec 2025<\/a> em Madrid, consolidando a sua presen\u00e7a no mercado espanhol e destacando inova\u00e7\u00f5es focadas na mobilidade el\u00e9trica<\/strong><\/p>\n<p>A NRF, fornecedor de solu\u00e7\u00f5es de controlo t\u00e9rmico para a ind\u00fastria autom\u00f3vel, marcar\u00e1 presen\u00e7a com stand pr\u00f3prio pela primeira vez na Motortec 2025, em Madrid. Esta participa\u00e7\u00e3o representa mais um passo na estrat\u00e9gia de crescimento e consolida\u00e7\u00e3o da empresa no mercado espanhol, onde a marca tem vindo a fortalecer a sua opera\u00e7\u00e3o nos \u00faltimos anos.<\/p>\n<p>Entre os principais marcos desta expans\u00e3o est\u00e1 a cria\u00e7\u00e3o de um laborat\u00f3rio de sensores nas instala\u00e7\u00f5es de Granada, dedicado ao controlo de qualidade e valida\u00e7\u00e3o, bem como a abertura de um novo centro log\u00edstico com 14.000 m2 em Val\u00eancia. Esta infraestrutura refor\u00e7a significativamente a capacidade operacional da NRF, n\u00e3o s\u00f3 para Espanha, mas tamb\u00e9m para os mercados portugu\u00eas e de exporta\u00e7\u00e3o.<\/p>\n<p>Demonstrando um claro compromisso com a inova\u00e7\u00e3o e a transi\u00e7\u00e3o energ\u00e9tica, a NRF organizou recentemente um evento em Granada focado na mobilidade el\u00e9trica, onde deu a conhecer a sua linha &#8220;Innovation Range&#8221; \u2014 uma gama de pe\u00e7as de substitui\u00e7\u00e3o desenvolvida especificamente para ve\u00edculos Tesla, bem como para outros modelos h\u00edbridos e el\u00e9tricos.<\/p>\n<p>Durante a feira, os visitantes do stand da NRF ter\u00e3o oportunidade de conhecer as \u00faltimas inova\u00e7\u00f5es tecnol\u00f3gicas, receber forma\u00e7\u00e3o t\u00e9cnica especializada e explorar detalhadamente o cat\u00e1logo da marca, com foco nas solu\u00e7\u00f5es adaptadas aos desafios atuais e futuros da mobilidade autom\u00f3vel.<\/p>\n","protected":false},"excerpt":{"rendered":"<p>A NRF participar\u00e1 com stand pr\u00f3prio&#8230;<\/p>\n","protected":false},"author":15,"featured_media":100243,"comment_status":"closed","ping_status":"closed","sticky":false,"template":"","format":"standard","meta":{"footnotes":""},"categories":[29,2840],"tags":[8872,12282,5355,11455,249,12471],"class_list":["post-100233","post","type-post","status-publish","format-standard","has-post-thumbnail","hentry","category-empresas","category-motortec","tag-estrategia-de-crescimento","tag-estreia","tag-mercado-espanhol","tag-motortec-2025","tag-nrf","tag-stand-proprio"],"yoast_head":"<!-- This site is optimized with the Yoast SEO plugin v27.4 - https:\/\/yoast.com\/product\/yoast-seo-wordpress\/ -->\n<title>NRF estreia stand pr\u00f3prio na Motortec 2025 - Jornal das Oficinas<\/title>\n<meta name=\"description\" content=\"A NRF participar\u00e1 com stand pr\u00f3prio na Motortec 2025 em Madrid, consolidando a sua presen\u00e7a no mercado espanhol\" \/>\n<meta name=\"robots\" content=\"index, follow, max-snippet:-1, max-image-preview:large, max-video-preview:-1\" \/>\n<link rel=\"canonical\" href=\"https:\/\/jornaldasoficinas.com\/pt\/nrf-estreia-stand-proprio-na-motortec-2025\/\" \/>\n<meta property=\"og:locale\" content=\"pt_PT\" \/>\n<meta property=\"og:type\" content=\"article\" \/>\n<meta property=\"og:title\" content=\"NRF estreia stand pr\u00f3prio na Motortec 2025 - Jornal das Oficinas\" \/>\n<meta property=\"og:description\" content=\"A NRF participar\u00e1 com stand pr\u00f3prio na Motortec 2025 em Madrid, consolidando a sua presen\u00e7a no mercado espanhol\" \/>\n<meta property=\"og:url\" content=\"https:\/\/jornaldasoficinas.com\/pt\/nrf-estreia-stand-proprio-na-motortec-2025\/\" \/>\n<meta property=\"og:site_name\" content=\"Jornal das Oficinas\" \/>\n<meta property=\"article:publisher\" content=\"https:\/\/www.facebook.com\/jornaloficinas\" \/>\n<meta property=\"article:published_time\" content=\"2025-04-11T15:00:46+00:00\" \/>\n<meta property=\"article:modified_time\" content=\"2025-04-27T10:03:32+00:00\" \/>\n<meta property=\"og:image\" content=\"https:\/\/jornaldasoficinas.com\/pt\/wp-content\/uploads\/2025\/04\/NRF-estreia-stand-proprio-na-Motortec-2025.jpg\" \/>\n\t<meta property=\"og:image:width\" content=\"1024\" \/>\n\t<meta property=\"og:image:height\" content=\"581\" \/>\n\t<meta property=\"og:image:type\" content=\"image\/jpeg\" \/>\n<meta name=\"author\" content=\"Reda\u00e7\u00e3o JO\" \/>\n<meta name=\"twitter:card\" content=\"summary_large_image\" \/>\n<meta name=\"twitter:creator\" content=\"@jornaloficinas\" \/>\n<meta name=\"twitter:site\" content=\"@jornaloficinas\" \/>\n<meta name=\"twitter:label1\" content=\"Escrito por\" \/>\n\t<meta name=\"twitter:data1\" content=\"Reda\u00e7\u00e3o JO\" \/>\n\t<meta name=\"twitter:label2\" content=\"Tempo estimado de leitura\" \/>\n\t<meta name=\"twitter:data2\" content=\"2 minutos\" \/>\n<script type=\"application\/ld+json\" class=\"yoast-schema-graph\">{\"@context\":\"https:\\\/\\\/schema.org\",\"@graph\":[{\"@type\":\"Article\",\"@id\":\"https:\\\/\\\/jornaldasoficinas.com\\\/pt\\\/nrf-estreia-stand-proprio-na-motortec-2025\\\/#article\",\"isPartOf\":{\"@id\":\"https:\\\/\\\/jornaldasoficinas.com\\\/pt\\\/nrf-estreia-stand-proprio-na-motortec-2025\\\/\"},\"author\":{\"name\":\"Reda\u00e7\u00e3o JO\",\"@id\":\"https:\\\/\\\/jornaldasoficinas.com\\\/pt\\\/#\\\/schema\\\/person\\\/a38eef5de2c41d9e7c9ac10141afddf3\"},\"headline\":\"NRF estreia stand pr\u00f3prio na Motortec 2025\",\"datePublished\":\"2025-04-11T15:00:46+00:00\",\"dateModified\":\"2025-04-27T10:03:32+00:00\",\"mainEntityOfPage\":{\"@id\":\"https:\\\/\\\/jornaldasoficinas.com\\\/pt\\\/nrf-estreia-stand-proprio-na-motortec-2025\\\/\"},\"wordCount\":280,\"publisher\":{\"@id\":\"https:\\\/\\\/jornaldasoficinas.com\\\/pt\\\/#organization\"},\"image\":{\"@id\":\"https:\\\/\\\/jornaldasoficinas.com\\\/pt\\\/nrf-estreia-stand-proprio-na-motortec-2025\\\/#primaryimage\"},\"thumbnailUrl\":\"https:\\\/\\\/jornaldasoficinas.com\\\/pt\\\/wp-content\\\/uploads\\\/2025\\\/04\\\/NRF-estreia-stand-proprio-na-Motortec-2025.jpg\",\"keywords\":[\"estrat\u00e9gia de crescimento\",\"estreia\",\"mercado espanhol\",\"Motortec 2025\",\"NRF\",\"stand pr\u00f3prio\"],\"articleSection\":[\"Empresas\",\"Motortec\"],\"inLanguage\":\"pt-PT\"},{\"@type\":\"WebPage\",\"@id\":\"https:\\\/\\\/jornaldasoficinas.com\\\/pt\\\/nrf-estreia-stand-proprio-na-motortec-2025\\\/\",\"url\":\"https:\\\/\\\/jornaldasoficinas.com\\\/pt\\\/nrf-estreia-stand-proprio-na-motortec-2025\\\/\",\"name\":\"NRF estreia stand pr\u00f3prio na Motortec 2025 - Jornal das Oficinas\",\"isPartOf\":{\"@id\":\"https:\\\/\\\/jornaldasoficinas.com\\\/pt\\\/#website\"},\"primaryImageOfPage\":{\"@id\":\"https:\\\/\\\/jornaldasoficinas.com\\\/pt\\\/nrf-estreia-stand-proprio-na-motortec-2025\\\/#primaryimage\"},\"image\":{\"@id\":\"https:\\\/\\\/jornaldasoficinas.com\\\/pt\\\/nrf-estreia-stand-proprio-na-motortec-2025\\\/#primaryimage\"},\"thumbnailUrl\":\"https:\\\/\\\/jornaldasoficinas.com\\\/pt\\\/wp-content\\\/uploads\\\/2025\\\/04\\\/NRF-estreia-stand-proprio-na-Motortec-2025.jpg\",\"datePublished\":\"2025-04-11T15:00:46+00:00\",\"dateModified\":\"2025-04-27T10:03:32+00:00\",\"description\":\"A NRF participar\u00e1 com stand pr\u00f3prio na Motortec 2025 em Madrid, consolidando a sua presen\u00e7a no mercado espanhol\",\"breadcrumb\":{\"@id\":\"https:\\\/\\\/jornaldasoficinas.com\\\/pt\\\/nrf-estreia-stand-proprio-na-motortec-2025\\\/#breadcrumb\"},\"inLanguage\":\"pt-PT\",\"potentialAction\":[{\"@type\":\"ReadAction\",\"target\":[\"https:\\\/\\\/jornaldasoficinas.com\\\/pt\\\/nrf-estreia-stand-proprio-na-motortec-2025\\\/\"]}]},{\"@type\":\"ImageObject\",\"inLanguage\":\"pt-PT\",\"@id\":\"https:\\\/\\\/jornaldasoficinas.com\\\/pt\\\/nrf-estreia-stand-proprio-na-motortec-2025\\\/#primaryimage\",\"url\":\"https:\\\/\\\/jornaldasoficinas.com\\\/pt\\\/wp-content\\\/uploads\\\/2025\\\/04\\\/NRF-estreia-stand-proprio-na-Motortec-2025.jpg\",\"contentUrl\":\"https:\\\/\\\/jornaldasoficinas.com\\\/pt\\\/wp-content\\\/uploads\\\/2025\\\/04\\\/NRF-estreia-stand-proprio-na-Motortec-2025.jpg\",\"width\":1024,\"height\":581,\"caption\":\"04 - NRF estreia stand proprio na Motortec 2025\"},{\"@type\":\"BreadcrumbList\",\"@id\":\"https:\\\/\\\/jornaldasoficinas.com\\\/pt\\\/nrf-estreia-stand-proprio-na-motortec-2025\\\/#breadcrumb\",\"itemListElement\":[{\"@type\":\"ListItem\",\"position\":1,\"name\":\"In\u00edcio\",\"item\":\"https:\\\/\\\/jornaldasoficinas.com\\\/pt\\\/\"},{\"@type\":\"ListItem\",\"position\":2,\"name\":\"NRF estreia stand pr\u00f3prio na Motortec 2025\"}]},{\"@type\":\"WebSite\",\"@id\":\"https:\\\/\\\/jornaldasoficinas.com\\\/pt\\\/#website\",\"url\":\"https:\\\/\\\/jornaldasoficinas.com\\\/pt\\\/\",\"name\":\"Jornal das Oficinas\",\"description\":\"Jornal independente do Aftermarket Autom\u00f3vel em Portugal\",\"publisher\":{\"@id\":\"https:\\\/\\\/jornaldasoficinas.com\\\/pt\\\/#organization\"},\"potentialAction\":[{\"@type\":\"SearchAction\",\"target\":{\"@type\":\"EntryPoint\",\"urlTemplate\":\"https:\\\/\\\/jornaldasoficinas.com\\\/pt\\\/?s={search_term_string}\"},\"query-input\":{\"@type\":\"PropertyValueSpecification\",\"valueRequired\":true,\"valueName\":\"search_term_string\"}}],\"inLanguage\":\"pt-PT\"},{\"@type\":\"Organization\",\"@id\":\"https:\\\/\\\/jornaldasoficinas.com\\\/pt\\\/#organization\",\"name\":\"Jornal das Oficinas\",\"url\":\"https:\\\/\\\/jornaldasoficinas.com\\\/pt\\\/\",\"logo\":{\"@type\":\"ImageObject\",\"inLanguage\":\"pt-PT\",\"@id\":\"https:\\\/\\\/jornaldasoficinas.com\\\/pt\\\/#\\\/schema\\\/logo\\\/image\\\/\",\"url\":\"https:\\\/\\\/jornaldasoficinas.com\\\/pt\\\/wp-content\\\/uploads\\\/logoJO-SEO.png\",\"contentUrl\":\"https:\\\/\\\/jornaldasoficinas.com\\\/pt\\\/wp-content\\\/uploads\\\/logoJO-SEO.png\",\"width\":285,\"height\":450,\"caption\":\"Jornal das Oficinas\"},\"image\":{\"@id\":\"https:\\\/\\\/jornaldasoficinas.com\\\/pt\\\/#\\\/schema\\\/logo\\\/image\\\/\"},\"sameAs\":[\"https:\\\/\\\/www.facebook.com\\\/jornaloficinas\",\"https:\\\/\\\/x.com\\\/jornaloficinas\",\"https:\\\/\\\/www.instagram.com\\\/jornal_oficinas\\\/\",\"https:\\\/\\\/www.linkedin.com\\\/company\\\/jornal-das-oficinas\\\/\",\"https:\\\/\\\/www.youtube.com\\\/channel\\\/UCbQZBqtcvV-oSQrr7RzINGg\"]},{\"@type\":\"Person\",\"@id\":\"https:\\\/\\\/jornaldasoficinas.com\\\/pt\\\/#\\\/schema\\\/person\\\/a38eef5de2c41d9e7c9ac10141afddf3\",\"name\":\"Reda\u00e7\u00e3o JO\",\"image\":{\"@type\":\"ImageObject\",\"inLanguage\":\"pt-PT\",\"@id\":\"https:\\\/\\\/secure.gravatar.com\\\/avatar\\\/71f2fa71737ad68a84fea94bc708ddac8ea5b0c4788dc2ad202f3ccb2887742f?s=96&d=wp_user_avatar&r=g\",\"url\":\"https:\\\/\\\/secure.gravatar.com\\\/avatar\\\/71f2fa71737ad68a84fea94bc708ddac8ea5b0c4788dc2ad202f3ccb2887742f?s=96&d=wp_user_avatar&r=g\",\"contentUrl\":\"https:\\\/\\\/secure.gravatar.com\\\/avatar\\\/71f2fa71737ad68a84fea94bc708ddac8ea5b0c4788dc2ad202f3ccb2887742f?s=96&d=wp_user_avatar&r=g\",\"caption\":\"Reda\u00e7\u00e3o JO\"},\"url\":\"https:\\\/\\\/jornaldasoficinas.com\\\/pt\\\/author\\\/joredacao\\\/\"}]}<\/script>\n<!-- \/ Yoast SEO plugin. -->","yoast_head_json":{"title":"NRF estreia stand pr\u00f3prio na Motortec 2025 - Jornal das Oficinas","description":"A NRF participar\u00e1 com stand pr\u00f3prio na Motortec 2025 em Madrid, consolidando a sua presen\u00e7a no mercado espanhol","robots":{"index":"index","follow":"follow","max-snippet":"max-snippet:-1","max-image-preview":"max-image-preview:large","max-video-preview":"max-video-preview:-1"},"canonical":"https:\/\/jornaldasoficinas.com\/pt\/nrf-estreia-stand-proprio-na-motortec-2025\/","og_locale":"pt_PT","og_type":"article","og_title":"NRF estreia stand pr\u00f3prio na Motortec 2025 - Jornal das Oficinas","og_description":"A NRF participar\u00e1 com stand pr\u00f3prio na Motortec 2025 em Madrid, consolidando a sua presen\u00e7a no mercado espanhol","og_url":"https:\/\/jornaldasoficinas.com\/pt\/nrf-estreia-stand-proprio-na-motortec-2025\/","og_site_name":"Jornal das Oficinas","article_publisher":"https:\/\/www.facebook.com\/jornaloficinas","article_published_time":"2025-04-11T15:00:46+00:00","article_modified_time":"2025-04-27T10:03:32+00:00","og_image":[{"width":1024,"height":581,"url":"https:\/\/jornaldasoficinas.com\/pt\/wp-content\/uploads\/2025\/04\/NRF-estreia-stand-proprio-na-Motortec-2025.jpg","type":"image\/jpeg"}],"author":"Reda\u00e7\u00e3o JO","twitter_card":"summary_large_image","twitter_creator":"@jornaloficinas","twitter_site":"@jornaloficinas","twitter_misc":{"Escrito por":"Reda\u00e7\u00e3o JO","Tempo estimado de leitura":"2 minutos"},"schema":{"@context":"https:\/\/schema.org","@graph":[{"@type":"Article","@id":"https:\/\/jornaldasoficinas.com\/pt\/nrf-estreia-stand-proprio-na-motortec-2025\/#article","isPartOf":{"@id":"https:\/\/jornaldasoficinas.com\/pt\/nrf-estreia-stand-proprio-na-motortec-2025\/"},"author":{"name":"Reda\u00e7\u00e3o JO","@id":"https:\/\/jornaldasoficinas.com\/pt\/#\/schema\/person\/a38eef5de2c41d9e7c9ac10141afddf3"},"headline":"NRF estreia stand pr\u00f3prio na Motortec 2025","datePublished":"2025-04-11T15:00:46+00:00","dateModified":"2025-04-27T10:03:32+00:00","mainEntityOfPage":{"@id":"https:\/\/jornaldasoficinas.com\/pt\/nrf-estreia-stand-proprio-na-motortec-2025\/"},"wordCount":280,"publisher":{"@id":"https:\/\/jornaldasoficinas.com\/pt\/#organization"},"image":{"@id":"https:\/\/jornaldasoficinas.com\/pt\/nrf-estreia-stand-proprio-na-motortec-2025\/#primaryimage"},"thumbnailUrl":"https:\/\/jornaldasoficinas.com\/pt\/wp-content\/uploads\/2025\/04\/NRF-estreia-stand-proprio-na-Motortec-2025.jpg","keywords":["estrat\u00e9gia de crescimento","estreia","mercado espanhol","Motortec 2025","NRF","stand pr\u00f3prio"],"articleSection":["Empresas","Motortec"],"inLanguage":"pt-PT"},{"@type":"WebPage","@id":"https:\/\/jornaldasoficinas.com\/pt\/nrf-estreia-stand-proprio-na-motortec-2025\/","url":"https:\/\/jornaldasoficinas.com\/pt\/nrf-estreia-stand-proprio-na-motortec-2025\/","name":"NRF estreia stand pr\u00f3prio na Motortec 2025 - Jornal das Oficinas","isPartOf":{"@id":"https:\/\/jornaldasoficinas.com\/pt\/#website"},"primaryImageOfPage":{"@id":"https:\/\/jornaldasoficinas.com\/pt\/nrf-estreia-stand-proprio-na-motortec-2025\/#primaryimage"},"image":{"@id":"https:\/\/jornaldasoficinas.com\/pt\/nrf-estreia-stand-proprio-na-motortec-2025\/#primaryimage"},"thumbnailUrl":"https:\/\/jornaldasoficinas.com\/pt\/wp-content\/uploads\/2025\/04\/NRF-estreia-stand-proprio-na-Motortec-2025.jpg","datePublished":"2025-04-11T15:00:46+00:00","dateModified":"2025-04-27T10:03:32+00:00","description":"A NRF participar\u00e1 com stand pr\u00f3prio na Motortec 2025 em Madrid, consolidando a sua presen\u00e7a no mercado espanhol","breadcrumb":{"@id":"https:\/\/jornaldasoficinas.com\/pt\/nrf-estreia-stand-proprio-na-motortec-2025\/#breadcrumb"},"inLanguage":"pt-PT","potentialAction":[{"@type":"ReadAction","target":["https:\/\/jornaldasoficinas.com\/pt\/nrf-estreia-stand-proprio-na-motortec-2025\/"]}]},{"@type":"ImageObject","inLanguage":"pt-PT","@id":"https:\/\/jornaldasoficinas.com\/pt\/nrf-estreia-stand-proprio-na-motortec-2025\/#primaryimage","url":"https:\/\/jornaldasoficinas.com\/pt\/wp-content\/uploads\/2025\/04\/NRF-estreia-stand-proprio-na-Motortec-2025.jpg","contentUrl":"https:\/\/jornaldasoficinas.com\/pt\/wp-content\/uploads\/2025\/04\/NRF-estreia-stand-proprio-na-Motortec-2025.jpg","width":1024,"height":581,"caption":"04 - NRF estreia stand proprio na Motortec 2025"},{"@type":"BreadcrumbList","@id":"https:\/\/jornaldasoficinas.com\/pt\/nrf-estreia-stand-proprio-na-motortec-2025\/#breadcrumb","itemListElement":[{"@type":"ListItem","position":1,"name":"In\u00edcio","item":"https:\/\/jornaldasoficinas.com\/pt\/"},{"@type":"ListItem","position":2,"name":"NRF estreia stand pr\u00f3prio na Motortec 2025"}]},{"@type":"WebSite","@id":"https:\/\/jornaldasoficinas.com\/pt\/#website","url":"https:\/\/jornaldasoficinas.com\/pt\/","name":"Jornal das Oficinas","description":"Jornal independente do Aftermarket Autom\u00f3vel em Portugal","publisher":{"@id":"https:\/\/jornaldasoficinas.com\/pt\/#organization"},"potentialAction":[{"@type":"SearchAction","target":{"@type":"EntryPoint","urlTemplate":"https:\/\/jornaldasoficinas.com\/pt\/?s={search_term_string}"},"query-input":{"@type":"PropertyValueSpecification","valueRequired":true,"valueName":"search_term_string"}}],"inLanguage":"pt-PT"},{"@type":"Organization","@id":"https:\/\/jornaldasoficinas.com\/pt\/#organization","name":"Jornal das Oficinas","url":"https:\/\/jornaldasoficinas.com\/pt\/","logo":{"@type":"ImageObject","inLanguage":"pt-PT","@id":"https:\/\/jornaldasoficinas.com\/pt\/#\/schema\/logo\/image\/","url":"https:\/\/jornaldasoficinas.com\/pt\/wp-content\/uploads\/logoJO-SEO.png","contentUrl":"https:\/\/jornaldasoficinas.com\/pt\/wp-content\/uploads\/logoJO-SEO.png","width":285,"height":450,"caption":"Jornal das Oficinas"},"image":{"@id":"https:\/\/jornaldasoficinas.com\/pt\/#\/schema\/logo\/image\/"},"sameAs":["https:\/\/www.facebook.com\/jornaloficinas","https:\/\/x.com\/jornaloficinas","https:\/\/www.instagram.com\/jornal_oficinas\/","https:\/\/www.linkedin.com\/company\/jornal-das-oficinas\/","https:\/\/www.youtube.com\/channel\/UCbQZBqtcvV-oSQrr7RzINGg"]},{"@type":"Person","@id":"https:\/\/jornaldasoficinas.com\/pt\/#\/schema\/person\/a38eef5de2c41d9e7c9ac10141afddf3","name":"Reda\u00e7\u00e3o JO","image":{"@type":"ImageObject","inLanguage":"pt-PT","@id":"https:\/\/secure.gravatar.com\/avatar\/71f2fa71737ad68a84fea94bc708ddac8ea5b0c4788dc2ad202f3ccb2887742f?s=96&d=wp_user_avatar&r=g","url":"https:\/\/secure.gravatar.com\/avatar\/71f2fa71737ad68a84fea94bc708ddac8ea5b0c4788dc2ad202f3ccb2887742f?s=96&d=wp_user_avatar&r=g","contentUrl":"https:\/\/secure.gravatar.com\/avatar\/71f2fa71737ad68a84fea94bc708ddac8ea5b0c4788dc2ad202f3ccb2887742f?s=96&d=wp_user_avatar&r=g","caption":"Reda\u00e7\u00e3o JO"},"url":"https:\/\/jornaldasoficinas.com\/pt\/author\/joredacao\/"}]}},"_links":{"self":[{"href":"https:\/\/jornaldasoficinas.com\/pt\/wp-json\/wp\/v2\/posts\/100233","targetHints":{"allow":["GET"]}}],"collection":[{"href":"https:\/\/jornaldasoficinas.com\/pt\/wp-json\/wp\/v2\/posts"}],"about":[{"href":"https:\/\/jornaldasoficinas.com\/pt\/wp-json\/wp\/v2\/types\/post"}],"author":[{"embeddable":true,"href":"https:\/\/jornaldasoficinas.com\/pt\/wp-json\/wp\/v2\/users\/15"}],"replies":[{"embeddable":true,"href":"https:\/\/jornaldasoficinas.com\/pt\/wp-json\/wp\/v2\/comments?post=100233"}],"version-history":[{"count":4,"href":"https:\/\/jornaldasoficinas.com\/pt\/wp-json\/wp\/v2\/posts\/100233\/revisions"}],"predecessor-version":[{"id":100244,"href":"https:\/\/jornaldasoficinas.com\/pt\/wp-json\/wp\/v2\/posts\/100233\/revisions\/100244"}],"wp:featuredmedia":[{"embeddable":true,"href":"https:\/\/jornaldasoficinas.com\/pt\/wp-json\/wp\/v2\/media\/100243"}],"wp:attachment":[{"href":"https:\/\/jornaldasoficinas.com\/pt\/wp-json\/wp\/v2\/media?parent=100233"}],"wp:term":[{"taxonomy":"category","embeddable":true,"href":"https:\/\/jornaldasoficinas.com\/pt\/wp-json\/wp\/v2\/categories?post=100233"},{"taxonomy":"post_tag","embeddable":true,"href":"https:\/\/jornaldasoficinas.com\/pt\/wp-json\/wp\/v2\/tags?post=100233"}],"curies":[{"name":"wp","href":"https:\/\/api.w.org\/{rel}","templated":true}]}}