{"id":100235,"date":"2025-04-14T16:00:51","date_gmt":"2025-04-14T15:00:51","guid":{"rendered":"https:\/\/jornaldasoficinas.com\/pt\/?p=100235"},"modified":"2025-04-10T09:36:45","modified_gmt":"2025-04-10T08:36:45","slug":"glassdrive-encerra-primeiro-trimestre-com-sete-novas-aberturas","status":"publish","type":"post","link":"https:\/\/jornaldasoficinas.com\/pt\/glassdrive-encerra-primeiro-trimestre-com-sete-novas-aberturas\/","title":{"rendered":"Glassdrive encerra primeiro trimestre com sete novas aberturas"},"content":{"rendered":"<p><strong><img loading=\"lazy\" decoding=\"async\" class=\"alignnone size-full wp-image-100248\" src=\"https:\/\/jornaldasoficinas.com\/pt\/wp-content\/uploads\/2025\/04\/Glassdrive-encerra-primeiro-trimestre-com-sete-novas-aberturas.jpg\" alt=\"04 - Glassdrive encerra primeiro trimestre com sete novas aberturas\" width=\"1024\" height=\"581\" srcset=\"https:\/\/jornaldasoficinas.com\/pt\/wp-content\/uploads\/2025\/04\/Glassdrive-encerra-primeiro-trimestre-com-sete-novas-aberturas.jpg 1024w, https:\/\/jornaldasoficinas.com\/pt\/wp-content\/uploads\/2025\/04\/Glassdrive-encerra-primeiro-trimestre-com-sete-novas-aberturas-300x170.jpg 300w, https:\/\/jornaldasoficinas.com\/pt\/wp-content\/uploads\/2025\/04\/Glassdrive-encerra-primeiro-trimestre-com-sete-novas-aberturas-150x85.jpg 150w, https:\/\/jornaldasoficinas.com\/pt\/wp-content\/uploads\/2025\/04\/Glassdrive-encerra-primeiro-trimestre-com-sete-novas-aberturas-768x436.jpg 768w\" sizes=\"auto, (max-width: 1024px) 100vw, 1024px\" \/><\/strong><\/p>\n<p><strong>A <a href=\"https:\/\/www.glassdrive.pt\/\" target=\"_blank\" rel=\"noopener\">Glassdrive Portugal<\/a> encerrou o primeiro trimestre de 2025 com um forte impulso de crescimento, marcado pela inaugura\u00e7\u00e3o de sete novos centros no territ\u00f3rio nacional<\/strong><\/p>\n<p>Os novos espa\u00e7os \u2014 localizados em Campo de Ourique, Matosinhos Perafita, Seixal, Braga Sequeira, Famalic\u00e3o, Barcelos e Carregado \u2014 refletem a estrat\u00e9gia cont\u00ednua de expans\u00e3o da marca e o refor\u00e7o da sua presen\u00e7a local, sempre focada na proximidade com o cliente.<\/p>\n<p>Em linha com os objetivos para este ano, a Glassdrive tem vindo a apostar na forma\u00e7\u00e3o t\u00e9cnica, no avan\u00e7o de solu\u00e7\u00f5es digitais, na integra\u00e7\u00e3o de sistemas ADAS e em pr\u00e1ticas alinhadas com a estrat\u00e9gia ESG do <a href=\"https:\/\/www.saint-gobain.pt\/\" target=\"_blank\" rel=\"noopener\">Saint-Gobain<\/a>, contribuindo para a meta da neutralidade carb\u00f3nica at\u00e9 2050.<\/p>\n<p>Este trimestre marcou tamb\u00e9m uma mudan\u00e7a na lideran\u00e7a: Lucas Const\u00e2ncio assumiu a dire\u00e7\u00e3o da Glassdrive Portugal, sucedendo a Rita Bastos, cujo percurso na empresa foi pautado pelo profissionalismo e pela contribui\u00e7\u00e3o significativa no crescimento da marca.<\/p>\n<p>&#8220;\u00c9 um orgulho aceitar a passagem de testemunho da Rita Bastos, que desenvolveu um trabalho excelente para a empresa no mercado portugu\u00eas. Manter a linha de atua\u00e7\u00e3o e dar continuidade \u00e0 estrat\u00e9gia da empresa e ao trabalho desenvolvido pelas equipas \u00e9 o objetivo, de forma a garantir que os nossos valores e compromissos com o cliente continuam a guiar o percurso da Sekurit Service e Glassdrive em Portugal&#8221;, afirmou Lucas Const\u00e2ncio, que traz uma s\u00f3lida experi\u00eancia no setor, tendo integrado a Saint-Gobain desde 2019, com passagens por \u00e1reas de Supply Chain no Brasil e em Portugal.<\/p>\n","protected":false},"excerpt":{"rendered":"<p>A Glassdrive Portugal encerrou o primeiro&#8230;<\/p>\n","protected":false},"author":15,"featured_media":100248,"comment_status":"closed","ping_status":"closed","sticky":false,"template":"","format":"standard","meta":{"footnotes":""},"categories":[29],"tags":[2781,8176,10822,10266,12472,8280],"class_list":["post-100235","post","type-post","status-publish","format-standard","has-post-thumbnail","hentry","category-empresas","tag-crescimento","tag-glassdrive-portugal","tag-grupo-saint-gobain","tag-nova-direcao","tag-novas-aberturas","tag-primeiro-trimestre"],"yoast_head":"<!-- This site is optimized with the Yoast SEO plugin v27.4 - https:\/\/yoast.com\/product\/yoast-seo-wordpress\/ -->\n<title>Glassdrive encerra primeiro trimestre com sete novas aberturas - Jornal das Oficinas<\/title>\n<meta name=\"description\" content=\"A Glassdrive Portugal encerrou o primeiro trimestre com um forte impulso de crescimento, marcado pela inaugura\u00e7\u00e3o de sete novos centros\" \/>\n<meta name=\"robots\" content=\"index, follow, max-snippet:-1, max-image-preview:large, max-video-preview:-1\" \/>\n<link rel=\"canonical\" href=\"https:\/\/jornaldasoficinas.com\/pt\/glassdrive-encerra-primeiro-trimestre-com-sete-novas-aberturas\/\" \/>\n<meta property=\"og:locale\" content=\"pt_PT\" \/>\n<meta property=\"og:type\" content=\"article\" \/>\n<meta property=\"og:title\" content=\"Glassdrive encerra primeiro trimestre com sete novas aberturas - Jornal das Oficinas\" \/>\n<meta property=\"og:description\" content=\"A Glassdrive Portugal encerrou o primeiro trimestre com um forte impulso de crescimento, marcado pela inaugura\u00e7\u00e3o de sete novos centros\" \/>\n<meta property=\"og:url\" content=\"https:\/\/jornaldasoficinas.com\/pt\/glassdrive-encerra-primeiro-trimestre-com-sete-novas-aberturas\/\" \/>\n<meta property=\"og:site_name\" content=\"Jornal das Oficinas\" \/>\n<meta property=\"article:publisher\" content=\"https:\/\/www.facebook.com\/jornaloficinas\" \/>\n<meta property=\"article:published_time\" content=\"2025-04-14T15:00:51+00:00\" \/>\n<meta property=\"og:image\" content=\"https:\/\/jornaldasoficinas.com\/pt\/wp-content\/uploads\/2025\/04\/Glassdrive-encerra-primeiro-trimestre-com-sete-novas-aberturas.jpg\" \/>\n\t<meta property=\"og:image:width\" content=\"1024\" \/>\n\t<meta property=\"og:image:height\" content=\"581\" \/>\n\t<meta property=\"og:image:type\" content=\"image\/jpeg\" \/>\n<meta name=\"author\" content=\"Reda\u00e7\u00e3o JO\" \/>\n<meta name=\"twitter:card\" content=\"summary_large_image\" \/>\n<meta name=\"twitter:creator\" content=\"@jornaloficinas\" \/>\n<meta name=\"twitter:site\" content=\"@jornaloficinas\" \/>\n<meta name=\"twitter:label1\" content=\"Escrito por\" \/>\n\t<meta name=\"twitter:data1\" content=\"Reda\u00e7\u00e3o JO\" \/>\n\t<meta name=\"twitter:label2\" content=\"Tempo estimado de leitura\" \/>\n\t<meta name=\"twitter:data2\" content=\"2 minutos\" \/>\n<script type=\"application\/ld+json\" class=\"yoast-schema-graph\">{\"@context\":\"https:\\\/\\\/schema.org\",\"@graph\":[{\"@type\":\"Article\",\"@id\":\"https:\\\/\\\/jornaldasoficinas.com\\\/pt\\\/glassdrive-encerra-primeiro-trimestre-com-sete-novas-aberturas\\\/#article\",\"isPartOf\":{\"@id\":\"https:\\\/\\\/jornaldasoficinas.com\\\/pt\\\/glassdrive-encerra-primeiro-trimestre-com-sete-novas-aberturas\\\/\"},\"author\":{\"name\":\"Reda\u00e7\u00e3o JO\",\"@id\":\"https:\\\/\\\/jornaldasoficinas.com\\\/pt\\\/#\\\/schema\\\/person\\\/a38eef5de2c41d9e7c9ac10141afddf3\"},\"headline\":\"Glassdrive encerra primeiro trimestre com sete novas aberturas\",\"datePublished\":\"2025-04-14T15:00:51+00:00\",\"mainEntityOfPage\":{\"@id\":\"https:\\\/\\\/jornaldasoficinas.com\\\/pt\\\/glassdrive-encerra-primeiro-trimestre-com-sete-novas-aberturas\\\/\"},\"wordCount\":273,\"publisher\":{\"@id\":\"https:\\\/\\\/jornaldasoficinas.com\\\/pt\\\/#organization\"},\"image\":{\"@id\":\"https:\\\/\\\/jornaldasoficinas.com\\\/pt\\\/glassdrive-encerra-primeiro-trimestre-com-sete-novas-aberturas\\\/#primaryimage\"},\"thumbnailUrl\":\"https:\\\/\\\/jornaldasoficinas.com\\\/pt\\\/wp-content\\\/uploads\\\/2025\\\/04\\\/Glassdrive-encerra-primeiro-trimestre-com-sete-novas-aberturas.jpg\",\"keywords\":[\"Crescimento\",\"Glassdrive Portugal\",\"Grupo Saint-Gobain\",\"nova dire\u00e7\u00e3o\",\"novas aberturas\",\"primeiro trimestre\"],\"articleSection\":[\"Empresas\"],\"inLanguage\":\"pt-PT\"},{\"@type\":\"WebPage\",\"@id\":\"https:\\\/\\\/jornaldasoficinas.com\\\/pt\\\/glassdrive-encerra-primeiro-trimestre-com-sete-novas-aberturas\\\/\",\"url\":\"https:\\\/\\\/jornaldasoficinas.com\\\/pt\\\/glassdrive-encerra-primeiro-trimestre-com-sete-novas-aberturas\\\/\",\"name\":\"Glassdrive encerra primeiro trimestre com sete novas aberturas - Jornal das Oficinas\",\"isPartOf\":{\"@id\":\"https:\\\/\\\/jornaldasoficinas.com\\\/pt\\\/#website\"},\"primaryImageOfPage\":{\"@id\":\"https:\\\/\\\/jornaldasoficinas.com\\\/pt\\\/glassdrive-encerra-primeiro-trimestre-com-sete-novas-aberturas\\\/#primaryimage\"},\"image\":{\"@id\":\"https:\\\/\\\/jornaldasoficinas.com\\\/pt\\\/glassdrive-encerra-primeiro-trimestre-com-sete-novas-aberturas\\\/#primaryimage\"},\"thumbnailUrl\":\"https:\\\/\\\/jornaldasoficinas.com\\\/pt\\\/wp-content\\\/uploads\\\/2025\\\/04\\\/Glassdrive-encerra-primeiro-trimestre-com-sete-novas-aberturas.jpg\",\"datePublished\":\"2025-04-14T15:00:51+00:00\",\"description\":\"A Glassdrive Portugal encerrou o primeiro trimestre com um forte impulso de crescimento, marcado pela inaugura\u00e7\u00e3o de sete novos centros\",\"breadcrumb\":{\"@id\":\"https:\\\/\\\/jornaldasoficinas.com\\\/pt\\\/glassdrive-encerra-primeiro-trimestre-com-sete-novas-aberturas\\\/#breadcrumb\"},\"inLanguage\":\"pt-PT\",\"potentialAction\":[{\"@type\":\"ReadAction\",\"target\":[\"https:\\\/\\\/jornaldasoficinas.com\\\/pt\\\/glassdrive-encerra-primeiro-trimestre-com-sete-novas-aberturas\\\/\"]}]},{\"@type\":\"ImageObject\",\"inLanguage\":\"pt-PT\",\"@id\":\"https:\\\/\\\/jornaldasoficinas.com\\\/pt\\\/glassdrive-encerra-primeiro-trimestre-com-sete-novas-aberturas\\\/#primaryimage\",\"url\":\"https:\\\/\\\/jornaldasoficinas.com\\\/pt\\\/wp-content\\\/uploads\\\/2025\\\/04\\\/Glassdrive-encerra-primeiro-trimestre-com-sete-novas-aberturas.jpg\",\"contentUrl\":\"https:\\\/\\\/jornaldasoficinas.com\\\/pt\\\/wp-content\\\/uploads\\\/2025\\\/04\\\/Glassdrive-encerra-primeiro-trimestre-com-sete-novas-aberturas.jpg\",\"width\":1024,\"height\":581,\"caption\":\"04 - Glassdrive encerra primeiro trimestre com sete novas aberturas\"},{\"@type\":\"BreadcrumbList\",\"@id\":\"https:\\\/\\\/jornaldasoficinas.com\\\/pt\\\/glassdrive-encerra-primeiro-trimestre-com-sete-novas-aberturas\\\/#breadcrumb\",\"itemListElement\":[{\"@type\":\"ListItem\",\"position\":1,\"name\":\"In\u00edcio\",\"item\":\"https:\\\/\\\/jornaldasoficinas.com\\\/pt\\\/\"},{\"@type\":\"ListItem\",\"position\":2,\"name\":\"Glassdrive encerra primeiro trimestre com sete novas aberturas\"}]},{\"@type\":\"WebSite\",\"@id\":\"https:\\\/\\\/jornaldasoficinas.com\\\/pt\\\/#website\",\"url\":\"https:\\\/\\\/jornaldasoficinas.com\\\/pt\\\/\",\"name\":\"Jornal das Oficinas\",\"description\":\"Jornal independente do Aftermarket Autom\u00f3vel em Portugal\",\"publisher\":{\"@id\":\"https:\\\/\\\/jornaldasoficinas.com\\\/pt\\\/#organization\"},\"potentialAction\":[{\"@type\":\"SearchAction\",\"target\":{\"@type\":\"EntryPoint\",\"urlTemplate\":\"https:\\\/\\\/jornaldasoficinas.com\\\/pt\\\/?s={search_term_string}\"},\"query-input\":{\"@type\":\"PropertyValueSpecification\",\"valueRequired\":true,\"valueName\":\"search_term_string\"}}],\"inLanguage\":\"pt-PT\"},{\"@type\":\"Organization\",\"@id\":\"https:\\\/\\\/jornaldasoficinas.com\\\/pt\\\/#organization\",\"name\":\"Jornal das Oficinas\",\"url\":\"https:\\\/\\\/jornaldasoficinas.com\\\/pt\\\/\",\"logo\":{\"@type\":\"ImageObject\",\"inLanguage\":\"pt-PT\",\"@id\":\"https:\\\/\\\/jornaldasoficinas.com\\\/pt\\\/#\\\/schema\\\/logo\\\/image\\\/\",\"url\":\"https:\\\/\\\/jornaldasoficinas.com\\\/pt\\\/wp-content\\\/uploads\\\/logoJO-SEO.png\",\"contentUrl\":\"https:\\\/\\\/jornaldasoficinas.com\\\/pt\\\/wp-content\\\/uploads\\\/logoJO-SEO.png\",\"width\":285,\"height\":450,\"caption\":\"Jornal das Oficinas\"},\"image\":{\"@id\":\"https:\\\/\\\/jornaldasoficinas.com\\\/pt\\\/#\\\/schema\\\/logo\\\/image\\\/\"},\"sameAs\":[\"https:\\\/\\\/www.facebook.com\\\/jornaloficinas\",\"https:\\\/\\\/x.com\\\/jornaloficinas\",\"https:\\\/\\\/www.instagram.com\\\/jornal_oficinas\\\/\",\"https:\\\/\\\/www.linkedin.com\\\/company\\\/jornal-das-oficinas\\\/\",\"https:\\\/\\\/www.youtube.com\\\/channel\\\/UCbQZBqtcvV-oSQrr7RzINGg\"]},{\"@type\":\"Person\",\"@id\":\"https:\\\/\\\/jornaldasoficinas.com\\\/pt\\\/#\\\/schema\\\/person\\\/a38eef5de2c41d9e7c9ac10141afddf3\",\"name\":\"Reda\u00e7\u00e3o JO\",\"image\":{\"@type\":\"ImageObject\",\"inLanguage\":\"pt-PT\",\"@id\":\"https:\\\/\\\/secure.gravatar.com\\\/avatar\\\/71f2fa71737ad68a84fea94bc708ddac8ea5b0c4788dc2ad202f3ccb2887742f?s=96&d=wp_user_avatar&r=g\",\"url\":\"https:\\\/\\\/secure.gravatar.com\\\/avatar\\\/71f2fa71737ad68a84fea94bc708ddac8ea5b0c4788dc2ad202f3ccb2887742f?s=96&d=wp_user_avatar&r=g\",\"contentUrl\":\"https:\\\/\\\/secure.gravatar.com\\\/avatar\\\/71f2fa71737ad68a84fea94bc708ddac8ea5b0c4788dc2ad202f3ccb2887742f?s=96&d=wp_user_avatar&r=g\",\"caption\":\"Reda\u00e7\u00e3o JO\"},\"url\":\"https:\\\/\\\/jornaldasoficinas.com\\\/pt\\\/author\\\/joredacao\\\/\"}]}<\/script>\n<!-- \/ Yoast SEO plugin. -->","yoast_head_json":{"title":"Glassdrive encerra primeiro trimestre com sete novas aberturas - Jornal das Oficinas","description":"A Glassdrive Portugal encerrou o primeiro trimestre com um forte impulso de crescimento, marcado pela inaugura\u00e7\u00e3o de sete novos centros","robots":{"index":"index","follow":"follow","max-snippet":"max-snippet:-1","max-image-preview":"max-image-preview:large","max-video-preview":"max-video-preview:-1"},"canonical":"https:\/\/jornaldasoficinas.com\/pt\/glassdrive-encerra-primeiro-trimestre-com-sete-novas-aberturas\/","og_locale":"pt_PT","og_type":"article","og_title":"Glassdrive encerra primeiro trimestre com sete novas aberturas - Jornal das Oficinas","og_description":"A Glassdrive Portugal encerrou o primeiro trimestre com um forte impulso de crescimento, marcado pela inaugura\u00e7\u00e3o de sete novos centros","og_url":"https:\/\/jornaldasoficinas.com\/pt\/glassdrive-encerra-primeiro-trimestre-com-sete-novas-aberturas\/","og_site_name":"Jornal das Oficinas","article_publisher":"https:\/\/www.facebook.com\/jornaloficinas","article_published_time":"2025-04-14T15:00:51+00:00","og_image":[{"width":1024,"height":581,"url":"https:\/\/jornaldasoficinas.com\/pt\/wp-content\/uploads\/2025\/04\/Glassdrive-encerra-primeiro-trimestre-com-sete-novas-aberturas.jpg","type":"image\/jpeg"}],"author":"Reda\u00e7\u00e3o JO","twitter_card":"summary_large_image","twitter_creator":"@jornaloficinas","twitter_site":"@jornaloficinas","twitter_misc":{"Escrito por":"Reda\u00e7\u00e3o JO","Tempo estimado de leitura":"2 minutos"},"schema":{"@context":"https:\/\/schema.org","@graph":[{"@type":"Article","@id":"https:\/\/jornaldasoficinas.com\/pt\/glassdrive-encerra-primeiro-trimestre-com-sete-novas-aberturas\/#article","isPartOf":{"@id":"https:\/\/jornaldasoficinas.com\/pt\/glassdrive-encerra-primeiro-trimestre-com-sete-novas-aberturas\/"},"author":{"name":"Reda\u00e7\u00e3o JO","@id":"https:\/\/jornaldasoficinas.com\/pt\/#\/schema\/person\/a38eef5de2c41d9e7c9ac10141afddf3"},"headline":"Glassdrive encerra primeiro trimestre com sete novas aberturas","datePublished":"2025-04-14T15:00:51+00:00","mainEntityOfPage":{"@id":"https:\/\/jornaldasoficinas.com\/pt\/glassdrive-encerra-primeiro-trimestre-com-sete-novas-aberturas\/"},"wordCount":273,"publisher":{"@id":"https:\/\/jornaldasoficinas.com\/pt\/#organization"},"image":{"@id":"https:\/\/jornaldasoficinas.com\/pt\/glassdrive-encerra-primeiro-trimestre-com-sete-novas-aberturas\/#primaryimage"},"thumbnailUrl":"https:\/\/jornaldasoficinas.com\/pt\/wp-content\/uploads\/2025\/04\/Glassdrive-encerra-primeiro-trimestre-com-sete-novas-aberturas.jpg","keywords":["Crescimento","Glassdrive Portugal","Grupo Saint-Gobain","nova dire\u00e7\u00e3o","novas aberturas","primeiro trimestre"],"articleSection":["Empresas"],"inLanguage":"pt-PT"},{"@type":"WebPage","@id":"https:\/\/jornaldasoficinas.com\/pt\/glassdrive-encerra-primeiro-trimestre-com-sete-novas-aberturas\/","url":"https:\/\/jornaldasoficinas.com\/pt\/glassdrive-encerra-primeiro-trimestre-com-sete-novas-aberturas\/","name":"Glassdrive encerra primeiro trimestre com sete novas aberturas - Jornal das Oficinas","isPartOf":{"@id":"https:\/\/jornaldasoficinas.com\/pt\/#website"},"primaryImageOfPage":{"@id":"https:\/\/jornaldasoficinas.com\/pt\/glassdrive-encerra-primeiro-trimestre-com-sete-novas-aberturas\/#primaryimage"},"image":{"@id":"https:\/\/jornaldasoficinas.com\/pt\/glassdrive-encerra-primeiro-trimestre-com-sete-novas-aberturas\/#primaryimage"},"thumbnailUrl":"https:\/\/jornaldasoficinas.com\/pt\/wp-content\/uploads\/2025\/04\/Glassdrive-encerra-primeiro-trimestre-com-sete-novas-aberturas.jpg","datePublished":"2025-04-14T15:00:51+00:00","description":"A Glassdrive Portugal encerrou o primeiro trimestre com um forte impulso de crescimento, marcado pela inaugura\u00e7\u00e3o de sete novos centros","breadcrumb":{"@id":"https:\/\/jornaldasoficinas.com\/pt\/glassdrive-encerra-primeiro-trimestre-com-sete-novas-aberturas\/#breadcrumb"},"inLanguage":"pt-PT","potentialAction":[{"@type":"ReadAction","target":["https:\/\/jornaldasoficinas.com\/pt\/glassdrive-encerra-primeiro-trimestre-com-sete-novas-aberturas\/"]}]},{"@type":"ImageObject","inLanguage":"pt-PT","@id":"https:\/\/jornaldasoficinas.com\/pt\/glassdrive-encerra-primeiro-trimestre-com-sete-novas-aberturas\/#primaryimage","url":"https:\/\/jornaldasoficinas.com\/pt\/wp-content\/uploads\/2025\/04\/Glassdrive-encerra-primeiro-trimestre-com-sete-novas-aberturas.jpg","contentUrl":"https:\/\/jornaldasoficinas.com\/pt\/wp-content\/uploads\/2025\/04\/Glassdrive-encerra-primeiro-trimestre-com-sete-novas-aberturas.jpg","width":1024,"height":581,"caption":"04 - Glassdrive encerra primeiro trimestre com sete novas aberturas"},{"@type":"BreadcrumbList","@id":"https:\/\/jornaldasoficinas.com\/pt\/glassdrive-encerra-primeiro-trimestre-com-sete-novas-aberturas\/#breadcrumb","itemListElement":[{"@type":"ListItem","position":1,"name":"In\u00edcio","item":"https:\/\/jornaldasoficinas.com\/pt\/"},{"@type":"ListItem","position":2,"name":"Glassdrive encerra primeiro trimestre com sete novas aberturas"}]},{"@type":"WebSite","@id":"https:\/\/jornaldasoficinas.com\/pt\/#website","url":"https:\/\/jornaldasoficinas.com\/pt\/","name":"Jornal das Oficinas","description":"Jornal independente do Aftermarket Autom\u00f3vel em Portugal","publisher":{"@id":"https:\/\/jornaldasoficinas.com\/pt\/#organization"},"potentialAction":[{"@type":"SearchAction","target":{"@type":"EntryPoint","urlTemplate":"https:\/\/jornaldasoficinas.com\/pt\/?s={search_term_string}"},"query-input":{"@type":"PropertyValueSpecification","valueRequired":true,"valueName":"search_term_string"}}],"inLanguage":"pt-PT"},{"@type":"Organization","@id":"https:\/\/jornaldasoficinas.com\/pt\/#organization","name":"Jornal das Oficinas","url":"https:\/\/jornaldasoficinas.com\/pt\/","logo":{"@type":"ImageObject","inLanguage":"pt-PT","@id":"https:\/\/jornaldasoficinas.com\/pt\/#\/schema\/logo\/image\/","url":"https:\/\/jornaldasoficinas.com\/pt\/wp-content\/uploads\/logoJO-SEO.png","contentUrl":"https:\/\/jornaldasoficinas.com\/pt\/wp-content\/uploads\/logoJO-SEO.png","width":285,"height":450,"caption":"Jornal das Oficinas"},"image":{"@id":"https:\/\/jornaldasoficinas.com\/pt\/#\/schema\/logo\/image\/"},"sameAs":["https:\/\/www.facebook.com\/jornaloficinas","https:\/\/x.com\/jornaloficinas","https:\/\/www.instagram.com\/jornal_oficinas\/","https:\/\/www.linkedin.com\/company\/jornal-das-oficinas\/","https:\/\/www.youtube.com\/channel\/UCbQZBqtcvV-oSQrr7RzINGg"]},{"@type":"Person","@id":"https:\/\/jornaldasoficinas.com\/pt\/#\/schema\/person\/a38eef5de2c41d9e7c9ac10141afddf3","name":"Reda\u00e7\u00e3o JO","image":{"@type":"ImageObject","inLanguage":"pt-PT","@id":"https:\/\/secure.gravatar.com\/avatar\/71f2fa71737ad68a84fea94bc708ddac8ea5b0c4788dc2ad202f3ccb2887742f?s=96&d=wp_user_avatar&r=g","url":"https:\/\/secure.gravatar.com\/avatar\/71f2fa71737ad68a84fea94bc708ddac8ea5b0c4788dc2ad202f3ccb2887742f?s=96&d=wp_user_avatar&r=g","contentUrl":"https:\/\/secure.gravatar.com\/avatar\/71f2fa71737ad68a84fea94bc708ddac8ea5b0c4788dc2ad202f3ccb2887742f?s=96&d=wp_user_avatar&r=g","caption":"Reda\u00e7\u00e3o JO"},"url":"https:\/\/jornaldasoficinas.com\/pt\/author\/joredacao\/"}]}},"_links":{"self":[{"href":"https:\/\/jornaldasoficinas.com\/pt\/wp-json\/wp\/v2\/posts\/100235","targetHints":{"allow":["GET"]}}],"collection":[{"href":"https:\/\/jornaldasoficinas.com\/pt\/wp-json\/wp\/v2\/posts"}],"about":[{"href":"https:\/\/jornaldasoficinas.com\/pt\/wp-json\/wp\/v2\/types\/post"}],"author":[{"embeddable":true,"href":"https:\/\/jornaldasoficinas.com\/pt\/wp-json\/wp\/v2\/users\/15"}],"replies":[{"embeddable":true,"href":"https:\/\/jornaldasoficinas.com\/pt\/wp-json\/wp\/v2\/comments?post=100235"}],"version-history":[{"count":5,"href":"https:\/\/jornaldasoficinas.com\/pt\/wp-json\/wp\/v2\/posts\/100235\/revisions"}],"predecessor-version":[{"id":100249,"href":"https:\/\/jornaldasoficinas.com\/pt\/wp-json\/wp\/v2\/posts\/100235\/revisions\/100249"}],"wp:featuredmedia":[{"embeddable":true,"href":"https:\/\/jornaldasoficinas.com\/pt\/wp-json\/wp\/v2\/media\/100248"}],"wp:attachment":[{"href":"https:\/\/jornaldasoficinas.com\/pt\/wp-json\/wp\/v2\/media?parent=100235"}],"wp:term":[{"taxonomy":"category","embeddable":true,"href":"https:\/\/jornaldasoficinas.com\/pt\/wp-json\/wp\/v2\/categories?post=100235"},{"taxonomy":"post_tag","embeddable":true,"href":"https:\/\/jornaldasoficinas.com\/pt\/wp-json\/wp\/v2\/tags?post=100235"}],"curies":[{"name":"wp","href":"https:\/\/api.w.org\/{rel}","templated":true}]}}