{"id":100283,"date":"2025-04-20T22:00:06","date_gmt":"2025-04-20T21:00:06","guid":{"rendered":"https:\/\/jornaldasoficinas.com\/pt\/?p=100283"},"modified":"2025-04-17T15:53:46","modified_gmt":"2025-04-17T14:53:46","slug":"qual-o-prazo-razoavel-para-cada-tipo-de-reparacao","status":"publish","type":"post","link":"https:\/\/jornaldasoficinas.com\/pt\/qual-o-prazo-razoavel-para-cada-tipo-de-reparacao\/","title":{"rendered":"Qual o prazo razo\u00e1vel para cada tipo de repara\u00e7\u00e3o?\u2028"},"content":{"rendered":"<p><img loading=\"lazy\" decoding=\"async\" class=\"size-full wp-image-100274\" src=\"https:\/\/jornaldasoficinas.com\/pt\/wp-content\/uploads\/2025\/04\/prazo_reparacao_auto_HR.jpg\" alt=\"04 - prazo_reparacao_auto_HR\" width=\"1024\" height=\"581\" srcset=\"https:\/\/jornaldasoficinas.com\/pt\/wp-content\/uploads\/2025\/04\/prazo_reparacao_auto_HR.jpg 1024w, https:\/\/jornaldasoficinas.com\/pt\/wp-content\/uploads\/2025\/04\/prazo_reparacao_auto_HR-300x170.jpg 300w, https:\/\/jornaldasoficinas.com\/pt\/wp-content\/uploads\/2025\/04\/prazo_reparacao_auto_HR-150x85.jpg 150w, https:\/\/jornaldasoficinas.com\/pt\/wp-content\/uploads\/2025\/04\/prazo_reparacao_auto_HR-768x436.jpg 768w\" sizes=\"auto, (max-width: 1024px) 100vw, 1024px\" \/><\/p>\n<p><strong>A rapidez de entrega do ve\u00edculo \u00e9 um dos aspetos mais valorizados pelos utilizadores. Ter o ve\u00edculo reparado no mais curto espa\u00e7o de tempo poss\u00edvel e com a m\u00e1xima qualidade \u00e9 o objetivo perseguido por qualquer tipo de cliente que se dirija \u00e0 oficina. Quer se trate de um particular, de uma empresa de leasing, de uma companhia de seguros ou de uma frota&#8230; todos querem ter o seu ve\u00edculo reparado o mais rapidamente poss\u00edvel. Mas quanto tempo \u00e9 que o condutor considera razo\u00e1vel para cada tipo de repara\u00e7\u00e3o?<\/strong><\/p>\n<p>\u00c9 a esta pergunta que o &#8220;Livro Branco sobre as Oficinas\u201d da <a href=\"http:\/\/www.conepa.org\/\" target=\"_blank\" rel=\"noopener\">Conepa<\/a> quis responder, sabendo que os utilizadores procuram servi\u00e7os cada vez mais r\u00e1pidos. Assim, em resposta a esta quest\u00e3o colocada a 792 clientes de oficinas, a conclus\u00e3o \u00e9 clara: o imediatismo e a rapidez s\u00e3o uma das carater\u00edsticas mais valorizadas pelos utilizadores dos servi\u00e7os. No entanto, o tempo considerado razo\u00e1vel depende do tipo de interven\u00e7\u00e3o em causa.<\/p>\n<p>No caso da manuten\u00e7\u00e3o, quase sete em cada dez condutores (68,9%) consideram razo\u00e1vel que seja efetuada no pr\u00f3prio dia, mas outros 23,9% d\u00e3o um prazo de 1 a 2 dias para a sua realiza\u00e7\u00e3o. Dois a tr\u00eas dias \u00e9 a resposta para apenas 4,9% dos utilizadores, e os restantes 2,3% s\u00e3o indiferentes ao prazo.<\/p>\n<p>Faz sentido que em opera\u00e7\u00f5es mais ou menos rotineiras como a manuten\u00e7\u00e3o, em que em muitos casos n\u00e3o h\u00e1 complica\u00e7\u00f5es, mais de 9 em cada 10 utilizadores acreditem que a entrega do seu carro n\u00e3o demorar\u00e1 mais de 2 dias.<\/p>\n<p>No caso das repara\u00e7\u00f5es de avarias ou colis\u00f5es, opera\u00e7\u00f5es que implicam diagn\u00f3stico ou avalia\u00e7\u00e3o, encomenda de pe\u00e7as e sua posterior realiza\u00e7\u00e3o, 62,3% dos condutores consideram razo\u00e1vel a entrega na mesma semana e 23,9% no prazo de duas semanas.<\/p>\n<p>O que \u00e9 ainda mais surpreendente \u00e9 que, no caso das repara\u00e7\u00f5es de avarias ou colis\u00f5es, das opera\u00e7\u00f5es de diagn\u00f3stico ou de peritagem, da encomenda de pe\u00e7as e da sua posterior realiza\u00e7\u00e3o, 62,3% dos condutores consideram razo\u00e1vel a entrega na mesma semana e 23,9% no prazo de duas semanas. Apenas 5,3% consideram vi\u00e1vel a entrega em tr\u00eas semanas e para os restantes 8,7% o prazo n\u00e3o \u00e9 relevante.<\/p>\n<p><strong>Que tipo de oficina prefere para cada opera\u00e7\u00e3o?\u2028<\/strong><br \/>\nPara a manuten\u00e7\u00e3o, a op\u00e7\u00e3o preferida dos utilizadores \u00e9 o concession\u00e1rio oficial da marca para pouco mais de metade dos condutores (52,7%), seguindo-se a oficina multimarca com 37,9% dos utilizadores e apenas 9,5% optariam por uma oficina que fa\u00e7a parte de uma rede.<\/p>\n<p>Resultados semelhantes s\u00e3o obtidos quando \u00e9 uma avaria ou uma colis\u00e3o que justifica deixar o carro na oficina. Nestes casos, 55,3% dos condutores preferem o servi\u00e7o oficial da marca, contra 39,4% que optam por uma oficina multimarca e 5,3% que recorrem \u00e0s instala\u00e7\u00f5es de uma oficina de rede.<\/p>\n<p>Um caso diferente \u00e9 o da mudan\u00e7a de pneus, em que a oficina multimarca \u00e9 a primeira escolha do condutor. Concretamente, quase metade dos utilizadores finais, 47,7%, optam pela oficina independente para a substitui\u00e7\u00e3o do pneu, enquanto a oficina de rede, segmento onde muitos fabricantes e distribuidores de pneus t\u00eam as suas pr\u00f3prias marcas, \u00e9 a terceira op\u00e7\u00e3o (24,2% dos condutores), mas pr\u00f3xima do concession\u00e1rio oficial (28%).<\/p>\n","protected":false},"excerpt":{"rendered":"<p>A rapidez de entrega do ve\u00edculo&#8230;<\/p>\n","protected":false},"author":15,"featured_media":100274,"comment_status":"closed","ping_status":"closed","sticky":false,"template":"","format":"standard","meta":{"footnotes":""},"categories":[37],"tags":[12478,1654,12498,12477,12476,4546,12499,35],"class_list":["post-100283","post","type-post","status-publish","format-standard","has-post-thumbnail","hentry","category-mercado","tag-concessionario-oficial","tag-conepa","tag-imediatismo","tag-livro-branco-sobre-as-oficinas","tag-maxima-qualidade","tag-oficina-multimarca","tag-rapidez","tag-reparacao"],"yoast_head":"<!-- This site is optimized with the Yoast SEO plugin v27.4 - https:\/\/yoast.com\/product\/yoast-seo-wordpress\/ -->\n<title>Qual o prazo razo\u00e1vel para cada tipo de repara\u00e7\u00e3o?\u2028 - Jornal das Oficinas<\/title>\n<meta name=\"description\" content=\"A rapidez de entrega do ve\u00edculo \u00e9 um dos aspetos mais valorizados pelos utilizadores. Mas quanto tempo \u00e9 que o condutor considera razo\u00e1vel?\" \/>\n<meta name=\"robots\" content=\"index, follow, max-snippet:-1, max-image-preview:large, max-video-preview:-1\" \/>\n<link rel=\"canonical\" href=\"https:\/\/jornaldasoficinas.com\/pt\/qual-o-prazo-razoavel-para-cada-tipo-de-reparacao\/\" \/>\n<meta property=\"og:locale\" content=\"pt_PT\" \/>\n<meta property=\"og:type\" content=\"article\" \/>\n<meta property=\"og:title\" content=\"Qual o prazo razo\u00e1vel para cada tipo de repara\u00e7\u00e3o?\u2028 - Jornal das Oficinas\" \/>\n<meta property=\"og:description\" content=\"A rapidez de entrega do ve\u00edculo \u00e9 um dos aspetos mais valorizados pelos utilizadores. Mas quanto tempo \u00e9 que o condutor considera razo\u00e1vel?\" \/>\n<meta property=\"og:url\" content=\"https:\/\/jornaldasoficinas.com\/pt\/qual-o-prazo-razoavel-para-cada-tipo-de-reparacao\/\" \/>\n<meta property=\"og:site_name\" content=\"Jornal das Oficinas\" \/>\n<meta property=\"article:publisher\" content=\"https:\/\/www.facebook.com\/jornaloficinas\" \/>\n<meta property=\"article:published_time\" content=\"2025-04-20T21:00:06+00:00\" \/>\n<meta property=\"og:image\" content=\"https:\/\/jornaldasoficinas.com\/pt\/wp-content\/uploads\/2025\/04\/prazo_reparacao_auto_HR.jpg\" \/>\n\t<meta property=\"og:image:width\" content=\"1024\" \/>\n\t<meta property=\"og:image:height\" content=\"581\" \/>\n\t<meta property=\"og:image:type\" content=\"image\/jpeg\" \/>\n<meta name=\"author\" content=\"Reda\u00e7\u00e3o JO\" \/>\n<meta name=\"twitter:card\" content=\"summary_large_image\" \/>\n<meta name=\"twitter:creator\" content=\"@jornaloficinas\" \/>\n<meta name=\"twitter:site\" content=\"@jornaloficinas\" \/>\n<meta name=\"twitter:label1\" content=\"Escrito por\" \/>\n\t<meta name=\"twitter:data1\" content=\"Reda\u00e7\u00e3o JO\" \/>\n\t<meta name=\"twitter:label2\" content=\"Tempo estimado de leitura\" \/>\n\t<meta name=\"twitter:data2\" content=\"4 minutos\" \/>\n<script type=\"application\/ld+json\" class=\"yoast-schema-graph\">{\"@context\":\"https:\\\/\\\/schema.org\",\"@graph\":[{\"@type\":\"Article\",\"@id\":\"https:\\\/\\\/jornaldasoficinas.com\\\/pt\\\/qual-o-prazo-razoavel-para-cada-tipo-de-reparacao\\\/#article\",\"isPartOf\":{\"@id\":\"https:\\\/\\\/jornaldasoficinas.com\\\/pt\\\/qual-o-prazo-razoavel-para-cada-tipo-de-reparacao\\\/\"},\"author\":{\"name\":\"Reda\u00e7\u00e3o JO\",\"@id\":\"https:\\\/\\\/jornaldasoficinas.com\\\/pt\\\/#\\\/schema\\\/person\\\/a38eef5de2c41d9e7c9ac10141afddf3\"},\"headline\":\"Qual o prazo razo\u00e1vel para cada tipo de repara\u00e7\u00e3o?\\u2028\",\"datePublished\":\"2025-04-20T21:00:06+00:00\",\"mainEntityOfPage\":{\"@id\":\"https:\\\/\\\/jornaldasoficinas.com\\\/pt\\\/qual-o-prazo-razoavel-para-cada-tipo-de-reparacao\\\/\"},\"wordCount\":559,\"publisher\":{\"@id\":\"https:\\\/\\\/jornaldasoficinas.com\\\/pt\\\/#organization\"},\"image\":{\"@id\":\"https:\\\/\\\/jornaldasoficinas.com\\\/pt\\\/qual-o-prazo-razoavel-para-cada-tipo-de-reparacao\\\/#primaryimage\"},\"thumbnailUrl\":\"https:\\\/\\\/jornaldasoficinas.com\\\/pt\\\/wp-content\\\/uploads\\\/2025\\\/04\\\/prazo_reparacao_auto_HR.jpg\",\"keywords\":[\"concession\u00e1rio oficial\",\"CONEPA\",\"imediatismo\",\"Livro Branco sobre as Oficinas\",\"m\u00e1xima qualidade\",\"oficina multimarca\",\"rapidez\",\"Repara\u00e7\u00e3o\"],\"articleSection\":[\"Mercado\"],\"inLanguage\":\"pt-PT\"},{\"@type\":\"WebPage\",\"@id\":\"https:\\\/\\\/jornaldasoficinas.com\\\/pt\\\/qual-o-prazo-razoavel-para-cada-tipo-de-reparacao\\\/\",\"url\":\"https:\\\/\\\/jornaldasoficinas.com\\\/pt\\\/qual-o-prazo-razoavel-para-cada-tipo-de-reparacao\\\/\",\"name\":\"Qual o prazo razo\u00e1vel para cada tipo de repara\u00e7\u00e3o?\\u2028 - Jornal das Oficinas\",\"isPartOf\":{\"@id\":\"https:\\\/\\\/jornaldasoficinas.com\\\/pt\\\/#website\"},\"primaryImageOfPage\":{\"@id\":\"https:\\\/\\\/jornaldasoficinas.com\\\/pt\\\/qual-o-prazo-razoavel-para-cada-tipo-de-reparacao\\\/#primaryimage\"},\"image\":{\"@id\":\"https:\\\/\\\/jornaldasoficinas.com\\\/pt\\\/qual-o-prazo-razoavel-para-cada-tipo-de-reparacao\\\/#primaryimage\"},\"thumbnailUrl\":\"https:\\\/\\\/jornaldasoficinas.com\\\/pt\\\/wp-content\\\/uploads\\\/2025\\\/04\\\/prazo_reparacao_auto_HR.jpg\",\"datePublished\":\"2025-04-20T21:00:06+00:00\",\"description\":\"A rapidez de entrega do ve\u00edculo \u00e9 um dos aspetos mais valorizados pelos utilizadores. Mas quanto tempo \u00e9 que o condutor considera razo\u00e1vel?\",\"breadcrumb\":{\"@id\":\"https:\\\/\\\/jornaldasoficinas.com\\\/pt\\\/qual-o-prazo-razoavel-para-cada-tipo-de-reparacao\\\/#breadcrumb\"},\"inLanguage\":\"pt-PT\",\"potentialAction\":[{\"@type\":\"ReadAction\",\"target\":[\"https:\\\/\\\/jornaldasoficinas.com\\\/pt\\\/qual-o-prazo-razoavel-para-cada-tipo-de-reparacao\\\/\"]}]},{\"@type\":\"ImageObject\",\"inLanguage\":\"pt-PT\",\"@id\":\"https:\\\/\\\/jornaldasoficinas.com\\\/pt\\\/qual-o-prazo-razoavel-para-cada-tipo-de-reparacao\\\/#primaryimage\",\"url\":\"https:\\\/\\\/jornaldasoficinas.com\\\/pt\\\/wp-content\\\/uploads\\\/2025\\\/04\\\/prazo_reparacao_auto_HR.jpg\",\"contentUrl\":\"https:\\\/\\\/jornaldasoficinas.com\\\/pt\\\/wp-content\\\/uploads\\\/2025\\\/04\\\/prazo_reparacao_auto_HR.jpg\",\"width\":1024,\"height\":581,\"caption\":\"Two auto mechanics giving each other a manly greet in in auto repair shop.\"},{\"@type\":\"BreadcrumbList\",\"@id\":\"https:\\\/\\\/jornaldasoficinas.com\\\/pt\\\/qual-o-prazo-razoavel-para-cada-tipo-de-reparacao\\\/#breadcrumb\",\"itemListElement\":[{\"@type\":\"ListItem\",\"position\":1,\"name\":\"In\u00edcio\",\"item\":\"https:\\\/\\\/jornaldasoficinas.com\\\/pt\\\/\"},{\"@type\":\"ListItem\",\"position\":2,\"name\":\"Qual o prazo razo\u00e1vel para cada tipo de repara\u00e7\u00e3o?\\u2028\"}]},{\"@type\":\"WebSite\",\"@id\":\"https:\\\/\\\/jornaldasoficinas.com\\\/pt\\\/#website\",\"url\":\"https:\\\/\\\/jornaldasoficinas.com\\\/pt\\\/\",\"name\":\"Jornal das Oficinas\",\"description\":\"Jornal independente do Aftermarket Autom\u00f3vel em Portugal\",\"publisher\":{\"@id\":\"https:\\\/\\\/jornaldasoficinas.com\\\/pt\\\/#organization\"},\"potentialAction\":[{\"@type\":\"SearchAction\",\"target\":{\"@type\":\"EntryPoint\",\"urlTemplate\":\"https:\\\/\\\/jornaldasoficinas.com\\\/pt\\\/?s={search_term_string}\"},\"query-input\":{\"@type\":\"PropertyValueSpecification\",\"valueRequired\":true,\"valueName\":\"search_term_string\"}}],\"inLanguage\":\"pt-PT\"},{\"@type\":\"Organization\",\"@id\":\"https:\\\/\\\/jornaldasoficinas.com\\\/pt\\\/#organization\",\"name\":\"Jornal das Oficinas\",\"url\":\"https:\\\/\\\/jornaldasoficinas.com\\\/pt\\\/\",\"logo\":{\"@type\":\"ImageObject\",\"inLanguage\":\"pt-PT\",\"@id\":\"https:\\\/\\\/jornaldasoficinas.com\\\/pt\\\/#\\\/schema\\\/logo\\\/image\\\/\",\"url\":\"https:\\\/\\\/jornaldasoficinas.com\\\/pt\\\/wp-content\\\/uploads\\\/logoJO-SEO.png\",\"contentUrl\":\"https:\\\/\\\/jornaldasoficinas.com\\\/pt\\\/wp-content\\\/uploads\\\/logoJO-SEO.png\",\"width\":285,\"height\":450,\"caption\":\"Jornal das Oficinas\"},\"image\":{\"@id\":\"https:\\\/\\\/jornaldasoficinas.com\\\/pt\\\/#\\\/schema\\\/logo\\\/image\\\/\"},\"sameAs\":[\"https:\\\/\\\/www.facebook.com\\\/jornaloficinas\",\"https:\\\/\\\/x.com\\\/jornaloficinas\",\"https:\\\/\\\/www.instagram.com\\\/jornal_oficinas\\\/\",\"https:\\\/\\\/www.linkedin.com\\\/company\\\/jornal-das-oficinas\\\/\",\"https:\\\/\\\/www.youtube.com\\\/channel\\\/UCbQZBqtcvV-oSQrr7RzINGg\"]},{\"@type\":\"Person\",\"@id\":\"https:\\\/\\\/jornaldasoficinas.com\\\/pt\\\/#\\\/schema\\\/person\\\/a38eef5de2c41d9e7c9ac10141afddf3\",\"name\":\"Reda\u00e7\u00e3o JO\",\"image\":{\"@type\":\"ImageObject\",\"inLanguage\":\"pt-PT\",\"@id\":\"https:\\\/\\\/secure.gravatar.com\\\/avatar\\\/71f2fa71737ad68a84fea94bc708ddac8ea5b0c4788dc2ad202f3ccb2887742f?s=96&d=wp_user_avatar&r=g\",\"url\":\"https:\\\/\\\/secure.gravatar.com\\\/avatar\\\/71f2fa71737ad68a84fea94bc708ddac8ea5b0c4788dc2ad202f3ccb2887742f?s=96&d=wp_user_avatar&r=g\",\"contentUrl\":\"https:\\\/\\\/secure.gravatar.com\\\/avatar\\\/71f2fa71737ad68a84fea94bc708ddac8ea5b0c4788dc2ad202f3ccb2887742f?s=96&d=wp_user_avatar&r=g\",\"caption\":\"Reda\u00e7\u00e3o JO\"},\"url\":\"https:\\\/\\\/jornaldasoficinas.com\\\/pt\\\/author\\\/joredacao\\\/\"}]}<\/script>\n<!-- \/ Yoast SEO plugin. -->","yoast_head_json":{"title":"Qual o prazo razo\u00e1vel para cada tipo de repara\u00e7\u00e3o?\u2028 - Jornal das Oficinas","description":"A rapidez de entrega do ve\u00edculo \u00e9 um dos aspetos mais valorizados pelos utilizadores. Mas quanto tempo \u00e9 que o condutor considera razo\u00e1vel?","robots":{"index":"index","follow":"follow","max-snippet":"max-snippet:-1","max-image-preview":"max-image-preview:large","max-video-preview":"max-video-preview:-1"},"canonical":"https:\/\/jornaldasoficinas.com\/pt\/qual-o-prazo-razoavel-para-cada-tipo-de-reparacao\/","og_locale":"pt_PT","og_type":"article","og_title":"Qual o prazo razo\u00e1vel para cada tipo de repara\u00e7\u00e3o?\u2028 - Jornal das Oficinas","og_description":"A rapidez de entrega do ve\u00edculo \u00e9 um dos aspetos mais valorizados pelos utilizadores. Mas quanto tempo \u00e9 que o condutor considera razo\u00e1vel?","og_url":"https:\/\/jornaldasoficinas.com\/pt\/qual-o-prazo-razoavel-para-cada-tipo-de-reparacao\/","og_site_name":"Jornal das Oficinas","article_publisher":"https:\/\/www.facebook.com\/jornaloficinas","article_published_time":"2025-04-20T21:00:06+00:00","og_image":[{"width":1024,"height":581,"url":"https:\/\/jornaldasoficinas.com\/pt\/wp-content\/uploads\/2025\/04\/prazo_reparacao_auto_HR.jpg","type":"image\/jpeg"}],"author":"Reda\u00e7\u00e3o JO","twitter_card":"summary_large_image","twitter_creator":"@jornaloficinas","twitter_site":"@jornaloficinas","twitter_misc":{"Escrito por":"Reda\u00e7\u00e3o JO","Tempo estimado de leitura":"4 minutos"},"schema":{"@context":"https:\/\/schema.org","@graph":[{"@type":"Article","@id":"https:\/\/jornaldasoficinas.com\/pt\/qual-o-prazo-razoavel-para-cada-tipo-de-reparacao\/#article","isPartOf":{"@id":"https:\/\/jornaldasoficinas.com\/pt\/qual-o-prazo-razoavel-para-cada-tipo-de-reparacao\/"},"author":{"name":"Reda\u00e7\u00e3o JO","@id":"https:\/\/jornaldasoficinas.com\/pt\/#\/schema\/person\/a38eef5de2c41d9e7c9ac10141afddf3"},"headline":"Qual o prazo razo\u00e1vel para cada tipo de repara\u00e7\u00e3o?\u2028","datePublished":"2025-04-20T21:00:06+00:00","mainEntityOfPage":{"@id":"https:\/\/jornaldasoficinas.com\/pt\/qual-o-prazo-razoavel-para-cada-tipo-de-reparacao\/"},"wordCount":559,"publisher":{"@id":"https:\/\/jornaldasoficinas.com\/pt\/#organization"},"image":{"@id":"https:\/\/jornaldasoficinas.com\/pt\/qual-o-prazo-razoavel-para-cada-tipo-de-reparacao\/#primaryimage"},"thumbnailUrl":"https:\/\/jornaldasoficinas.com\/pt\/wp-content\/uploads\/2025\/04\/prazo_reparacao_auto_HR.jpg","keywords":["concession\u00e1rio oficial","CONEPA","imediatismo","Livro Branco sobre as Oficinas","m\u00e1xima qualidade","oficina multimarca","rapidez","Repara\u00e7\u00e3o"],"articleSection":["Mercado"],"inLanguage":"pt-PT"},{"@type":"WebPage","@id":"https:\/\/jornaldasoficinas.com\/pt\/qual-o-prazo-razoavel-para-cada-tipo-de-reparacao\/","url":"https:\/\/jornaldasoficinas.com\/pt\/qual-o-prazo-razoavel-para-cada-tipo-de-reparacao\/","name":"Qual o prazo razo\u00e1vel para cada tipo de repara\u00e7\u00e3o?\u2028 - Jornal das Oficinas","isPartOf":{"@id":"https:\/\/jornaldasoficinas.com\/pt\/#website"},"primaryImageOfPage":{"@id":"https:\/\/jornaldasoficinas.com\/pt\/qual-o-prazo-razoavel-para-cada-tipo-de-reparacao\/#primaryimage"},"image":{"@id":"https:\/\/jornaldasoficinas.com\/pt\/qual-o-prazo-razoavel-para-cada-tipo-de-reparacao\/#primaryimage"},"thumbnailUrl":"https:\/\/jornaldasoficinas.com\/pt\/wp-content\/uploads\/2025\/04\/prazo_reparacao_auto_HR.jpg","datePublished":"2025-04-20T21:00:06+00:00","description":"A rapidez de entrega do ve\u00edculo \u00e9 um dos aspetos mais valorizados pelos utilizadores. Mas quanto tempo \u00e9 que o condutor considera razo\u00e1vel?","breadcrumb":{"@id":"https:\/\/jornaldasoficinas.com\/pt\/qual-o-prazo-razoavel-para-cada-tipo-de-reparacao\/#breadcrumb"},"inLanguage":"pt-PT","potentialAction":[{"@type":"ReadAction","target":["https:\/\/jornaldasoficinas.com\/pt\/qual-o-prazo-razoavel-para-cada-tipo-de-reparacao\/"]}]},{"@type":"ImageObject","inLanguage":"pt-PT","@id":"https:\/\/jornaldasoficinas.com\/pt\/qual-o-prazo-razoavel-para-cada-tipo-de-reparacao\/#primaryimage","url":"https:\/\/jornaldasoficinas.com\/pt\/wp-content\/uploads\/2025\/04\/prazo_reparacao_auto_HR.jpg","contentUrl":"https:\/\/jornaldasoficinas.com\/pt\/wp-content\/uploads\/2025\/04\/prazo_reparacao_auto_HR.jpg","width":1024,"height":581,"caption":"Two auto mechanics giving each other a manly greet in in auto repair shop."},{"@type":"BreadcrumbList","@id":"https:\/\/jornaldasoficinas.com\/pt\/qual-o-prazo-razoavel-para-cada-tipo-de-reparacao\/#breadcrumb","itemListElement":[{"@type":"ListItem","position":1,"name":"In\u00edcio","item":"https:\/\/jornaldasoficinas.com\/pt\/"},{"@type":"ListItem","position":2,"name":"Qual o prazo razo\u00e1vel para cada tipo de repara\u00e7\u00e3o?\u2028"}]},{"@type":"WebSite","@id":"https:\/\/jornaldasoficinas.com\/pt\/#website","url":"https:\/\/jornaldasoficinas.com\/pt\/","name":"Jornal das Oficinas","description":"Jornal independente do Aftermarket Autom\u00f3vel em Portugal","publisher":{"@id":"https:\/\/jornaldasoficinas.com\/pt\/#organization"},"potentialAction":[{"@type":"SearchAction","target":{"@type":"EntryPoint","urlTemplate":"https:\/\/jornaldasoficinas.com\/pt\/?s={search_term_string}"},"query-input":{"@type":"PropertyValueSpecification","valueRequired":true,"valueName":"search_term_string"}}],"inLanguage":"pt-PT"},{"@type":"Organization","@id":"https:\/\/jornaldasoficinas.com\/pt\/#organization","name":"Jornal das Oficinas","url":"https:\/\/jornaldasoficinas.com\/pt\/","logo":{"@type":"ImageObject","inLanguage":"pt-PT","@id":"https:\/\/jornaldasoficinas.com\/pt\/#\/schema\/logo\/image\/","url":"https:\/\/jornaldasoficinas.com\/pt\/wp-content\/uploads\/logoJO-SEO.png","contentUrl":"https:\/\/jornaldasoficinas.com\/pt\/wp-content\/uploads\/logoJO-SEO.png","width":285,"height":450,"caption":"Jornal das Oficinas"},"image":{"@id":"https:\/\/jornaldasoficinas.com\/pt\/#\/schema\/logo\/image\/"},"sameAs":["https:\/\/www.facebook.com\/jornaloficinas","https:\/\/x.com\/jornaloficinas","https:\/\/www.instagram.com\/jornal_oficinas\/","https:\/\/www.linkedin.com\/company\/jornal-das-oficinas\/","https:\/\/www.youtube.com\/channel\/UCbQZBqtcvV-oSQrr7RzINGg"]},{"@type":"Person","@id":"https:\/\/jornaldasoficinas.com\/pt\/#\/schema\/person\/a38eef5de2c41d9e7c9ac10141afddf3","name":"Reda\u00e7\u00e3o JO","image":{"@type":"ImageObject","inLanguage":"pt-PT","@id":"https:\/\/secure.gravatar.com\/avatar\/71f2fa71737ad68a84fea94bc708ddac8ea5b0c4788dc2ad202f3ccb2887742f?s=96&d=wp_user_avatar&r=g","url":"https:\/\/secure.gravatar.com\/avatar\/71f2fa71737ad68a84fea94bc708ddac8ea5b0c4788dc2ad202f3ccb2887742f?s=96&d=wp_user_avatar&r=g","contentUrl":"https:\/\/secure.gravatar.com\/avatar\/71f2fa71737ad68a84fea94bc708ddac8ea5b0c4788dc2ad202f3ccb2887742f?s=96&d=wp_user_avatar&r=g","caption":"Reda\u00e7\u00e3o JO"},"url":"https:\/\/jornaldasoficinas.com\/pt\/author\/joredacao\/"}]}},"_links":{"self":[{"href":"https:\/\/jornaldasoficinas.com\/pt\/wp-json\/wp\/v2\/posts\/100283","targetHints":{"allow":["GET"]}}],"collection":[{"href":"https:\/\/jornaldasoficinas.com\/pt\/wp-json\/wp\/v2\/posts"}],"about":[{"href":"https:\/\/jornaldasoficinas.com\/pt\/wp-json\/wp\/v2\/types\/post"}],"author":[{"embeddable":true,"href":"https:\/\/jornaldasoficinas.com\/pt\/wp-json\/wp\/v2\/users\/15"}],"replies":[{"embeddable":true,"href":"https:\/\/jornaldasoficinas.com\/pt\/wp-json\/wp\/v2\/comments?post=100283"}],"version-history":[{"count":9,"href":"https:\/\/jornaldasoficinas.com\/pt\/wp-json\/wp\/v2\/posts\/100283\/revisions"}],"predecessor-version":[{"id":100740,"href":"https:\/\/jornaldasoficinas.com\/pt\/wp-json\/wp\/v2\/posts\/100283\/revisions\/100740"}],"wp:featuredmedia":[{"embeddable":true,"href":"https:\/\/jornaldasoficinas.com\/pt\/wp-json\/wp\/v2\/media\/100274"}],"wp:attachment":[{"href":"https:\/\/jornaldasoficinas.com\/pt\/wp-json\/wp\/v2\/media?parent=100283"}],"wp:term":[{"taxonomy":"category","embeddable":true,"href":"https:\/\/jornaldasoficinas.com\/pt\/wp-json\/wp\/v2\/categories?post=100283"},{"taxonomy":"post_tag","embeddable":true,"href":"https:\/\/jornaldasoficinas.com\/pt\/wp-json\/wp\/v2\/tags?post=100283"}],"curies":[{"name":"wp","href":"https:\/\/api.w.org\/{rel}","templated":true}]}}