{"id":100309,"date":"2025-04-10T19:00:33","date_gmt":"2025-04-10T18:00:33","guid":{"rendered":"https:\/\/jornaldasoficinas.com\/pt\/?p=100309"},"modified":"2025-04-10T19:35:40","modified_gmt":"2025-04-10T18:35:40","slug":"ab-tyres-encerra-tour-de-formacoes-falken-na-regiao-sul","status":"publish","type":"post","link":"https:\/\/jornaldasoficinas.com\/pt\/ab-tyres-encerra-tour-de-formacoes-falken-na-regiao-sul\/","title":{"rendered":"AB Tyres encerra &#8220;Tour de Forma\u00e7\u00f5es Falken&#8221; na regi\u00e3o sul"},"content":{"rendered":"<p><img loading=\"lazy\" decoding=\"async\" class=\"alignnone size-full wp-image-100359\" src=\"https:\/\/jornaldasoficinas.com\/pt\/wp-content\/uploads\/2025\/04\/foto-entrada-noticia-Evento-AB-Tyres-3-scaled-1.jpg\" alt=\"04 - foto entrada noticia Evento AB Tyres 3 scaled 1\" width=\"1024\" height=\"581\" srcset=\"https:\/\/jornaldasoficinas.com\/pt\/wp-content\/uploads\/2025\/04\/foto-entrada-noticia-Evento-AB-Tyres-3-scaled-1.jpg 1024w, https:\/\/jornaldasoficinas.com\/pt\/wp-content\/uploads\/2025\/04\/foto-entrada-noticia-Evento-AB-Tyres-3-scaled-1-300x170.jpg 300w, https:\/\/jornaldasoficinas.com\/pt\/wp-content\/uploads\/2025\/04\/foto-entrada-noticia-Evento-AB-Tyres-3-scaled-1-150x85.jpg 150w, https:\/\/jornaldasoficinas.com\/pt\/wp-content\/uploads\/2025\/04\/foto-entrada-noticia-Evento-AB-Tyres-3-scaled-1-768x436.jpg 768w\" sizes=\"auto, (max-width: 1024px) 100vw, 1024px\" \/><\/p>\n<p><strong>Depois de percorrer o pa\u00eds de norte a sul, a <a href=\"https:\/\/www.abtyres.pt\/\" target=\"_blank\" rel=\"noopener\">AB Tyres<\/a> encerrou hoje na Oficina <a href=\"https:\/\/petrosintra.pt\/\" target=\"_blank\" rel=\"noopener\">PetroSintra<\/a> o ciclo de forma\u00e7\u00f5es Falken 2025, destacando a inova\u00e7\u00e3o tecnol\u00f3gica, a aposta na sustentabilidade e o refor\u00e7o do apoio t\u00e9cnico e comercial aos AB Partner&#8217;s<\/strong><\/p>\n<p>A AB Tyres, empresa do <a href=\"https:\/\/www.grupoalvesbandeira.com\/\" target=\"_blank\" rel=\"noopener\">Grupo Alves Bandeira<\/a>, esteve hoje na Oficina PetroSintra a encerrar a etapa sul da &#8220;Tour de Forma\u00e7\u00f5es Falken 2025&#8221;, uma iniciativa que percorreu o Norte, Centro e Sul do pa\u00eds com o objetivo de refor\u00e7ar a liga\u00e7\u00e3o com os AB Partner&#8217;s e dar a conhecer as mais recentes inova\u00e7\u00f5es da marca Falken. A forma\u00e7\u00e3o foi conduzida por dois t\u00e9cnicos especializados, entre eles Iuri Perez, respons\u00e1vel pela Falken em Portugal.<\/p>\n<p>Atualmente, mais de 100 oficinas integram o conceito AB Partner, beneficiando de condi\u00e7\u00f5es exclusivas para a comercializa\u00e7\u00e3o de pneus Falken, com garantias de exclusividade por zona geogr\u00e1fica (Norte, Centro e Sul). A AB Tyres, enquanto representante oficial da marca Falken, tem vindo a consolidar-se como uma das principais empresas do setor a n\u00edvel nacional e internacional.<\/p>\n<p>A sess\u00e3o de hoje destacou cinco novidades no cat\u00e1logo, todas com cinco anos de garantia para o cliente final:<\/p>\n<p><strong>AZENIS RS820 \u2013<\/strong> Desenvolvido para ve\u00edculos desportivos de alta performance, oferece uma resposta din\u00e2mica, estabilidade em todas as velocidades, desempenho equilibrado em piso seco e molhado, conforto e baixos n\u00edveis de ru\u00eddo. Conta com refor\u00e7os em aramida e design aerodin\u00e2mico com marca\u00e7\u00e3o Nano-Black. Aplic\u00e1vel a modelos como o Audi S3.<\/p>\n<p><strong>AZENIS FK520 \u2013<\/strong> Evolu\u00e7\u00e3o do bem-sucedido FK510, oferece elevada ader\u00eancia, dist\u00e2ncias de travagem mais curtas em diferentes condi\u00e7\u00f5es climat\u00e9ricas, conforto de condu\u00e7\u00e3o e menor ru\u00eddo, com resist\u00eancia ao rolamento otimizada. Adequado para Audi A3, Fiat Tipo e Mercedes-Benz G-Class.<\/p>\n<p><strong>e.ZIEX \u2013<\/strong> Especialmente concebido para ve\u00edculos el\u00e9tricos, reduz o consumo energ\u00e9tico e aumenta a autonomia. Destaca-se pela resist\u00eancia ao rolamento ultrabaixa, excelente tra\u00e7\u00e3o em piso molhado e incorpora\u00e7\u00e3o de 29% de materiais sustent\u00e1veis e reciclados. Indicado para Audi A6 e-tron e Q6 e-tron.<\/p>\n<p><strong>ZIEX ZE320 \u2013<\/strong> Pneu para condu\u00e7\u00e3o di\u00e1ria, alia conforto, desempenho seguro e manobrabilidade em piso molhado. Inclui design aerodin\u00e2mico otimizado e tecnologia para maior prazer de condu\u00e7\u00e3o. Recomendado para Citro\u00ebn C3.<\/p>\n<p><strong>WILDPEAK R\/T01 \u2013<\/strong> Pneu todo-o-terreno de alto desempenho, com design h\u00edbrido do piso e parede lateral robusta. Ideal para pickups pesadas e condi\u00e7\u00f5es off-road exigentes, alia durabilidade, tra\u00e7\u00e3o e resist\u00eancia ao desgaste.<\/p>\n<p>A sess\u00e3o incluiu ainda uma apresenta\u00e7\u00e3o aprofundada das tecnologias da Falken, como o 4D-Nano Design, conceito de pneu inteligente (Smart Tyre Concept), e materiais de composi\u00e7\u00e3o de \u00faltima gera\u00e7\u00e3o, desenvolvidos para garantir ader\u00eancia em diferentes condi\u00e7\u00f5es climat\u00e9ricas e menor desgaste. Tal como Iuri Perez foi destacando ao longo da apresenta\u00e7\u00e3o: &#8220;A Falken tem uma gama de produto bastante potente e completa, capaz de responder \u00e0s diferentes necessidades do mercado&#8221;.<\/p>\n<p>No \u00e2mbito da sustentabilidade, a Falken assume como meta a redu\u00e7\u00e3o do peso dos pneus em 20% at\u00e9 2027 e a diminui\u00e7\u00e3o de 10% das emiss\u00f5es de CO2 at\u00e9 2030, refor\u00e7ando o seu compromisso ambiental atrav\u00e9s da utiliza\u00e7\u00e3o de energia a partir de hidrog\u00e9nio e materiais n\u00e3o f\u00f3sseis (97% desde 2008).<\/p>\n<p>A componente final da sess\u00e3o foi dedicada \u00e0 efici\u00eancia energ\u00e9tica das oficinas, com a apresenta\u00e7\u00e3o da EZU Energia, empresa parceira do Grupo Alves Bandeira. A proposta oferece vantagens exclusivas para AB Partners, como tarifa de energia reduzida, compra do excedente fotovoltaico, condi\u00e7\u00f5es especiais na rede de mobilidade el\u00e9trica Mobi.e, entre outras.<\/p>\n<p>Assista <a href=\"https:\/\/www.facebook.com\/revistapneus\/videos\/675376158313154\" target=\"_blank\" rel=\"noopener\">aqui<\/a> \u00e0 entrevista completa com Filipe Bandeira, diretor administrativo da AB Tyres.<\/p>\n<div class=\"wonderplugingallery-container\" id=\"wonderplugingallery-container-237\" style=\"max-width:960px;margin:0 auto;\"><div class=\"wonderplugingallery\" id=\"wonderplugingallery-237\" data-galleryid=\"237\" data-width=\"960\" data-height=\"540\" data-skin=\"gallery\" data-playsinline=\"false\" data-mutevideo=\"false\" data-random=\"false\" data-autoslide=\"false\" data-autoplayvideo=\"false\" data-schemamarkup=\"false\" data-stopallplaying=\"false\" data-reloadonvideoend=\"false\" data-donotuseposter=\"false\" data-enabletabindex=\"false\" data-loadnextonvideoend=\"false\" data-hidetitlewhenvideoisplaying=\"false\" data-disablehovereventontouch=\"false\" data-autoslideandplayafterfirstplayed=\"false\" data-html5player=\"true\" data-responsive=\"true\" data-fullwidth=\"false\" data-showtitle=\"true\" data-showdescription=\"true\" data-showplaybutton=\"true\" data-showfullscreenbutton=\"true\" data-showtimer=\"true\" data-showcarousel=\"true\" data-galleryshadow=\"false\" data-slideshadow=\"true\" data-thumbshowtitle=\"false\" data-thumbshowimage=\"true\" data-thumbshadow=\"true\" data-lightboxshowtitle=\"true\" data-lightboxshowdescription=\"true\" data-specifyid=\"true\" data-donotinit=\"false\" data-addinitscript=\"false\" data-triggerresize=\"false\" data-thumbcolumnsresponsive=\"false\" data-thumbverticalmiddle=\"true\" data-removeinlinecss=\"true\" data-switchonmouseover=\"false\" data-showcategory=\"true\" data-carouselpagination=\"false\" data-showimgtitle=\"false\" data-titlesmallscreen=\"false\" data-initsocial=\"true\" data-showsocial=\"false\" data-showemail=\"false\" data-showfacebook=\"true\" data-showtwitter=\"true\" data-showpinterest=\"true\" data-socialrotateeffect=\"true\" data-doshortcodeontext=\"false\" data-loop=\"0\" data-duration=\"1500\" data-slideduration=\"1000\" data-slideshowinterval=\"6000\" data-googleanalyticsaccount=\"\" data-ga4account=\"\" data-resizemode=\"fill\" data-imagetoolboxmode=\"mouseover\" data-effect=\"fade\" data-padding=\"12\" data-bgcolor=\"\" data-bgimage=\"\" data-thumbwidth=\"120\" data-thumbheight=\"60\" data-thumbgap=\"8\" data-thumbrowgap=\"16\" data-lightboxtextheight=\"72\" data-lightboxtitlecss=\"{color:#333333; font:bold 12px Arial,Helvetica,sans-serif; overflow:hidden; white-space:normal; line-height:18px;}\" data-lightboxdescriptioncss=\"{color:#333333; font:normal 12px Arial,Helvetica,sans-serif; overflow:hidden; white-space:normal; line-height:14px;}\" data-titlecss=\"{color:#ffffff; font-size:14px; font-family:Armata, sans-serif, Arial; overflow:hidden; text-align:left; padding:10px 0px 10px 10px; background:rgb(102, 102, 102) transparent; background:rgba(102, 102, 102, 0.6);}\" data-descriptioncss=\"{color:#ffffff; font-size:13px; font-family:Armata, sans-serif, Arial; overflow:hidden; text-align:left; padding:0px 0px 10px 10px; background:rgb(102, 102, 102) transparent; background:rgba(102, 102, 102, 0.6);}\" data-titleheight=\"72\" data-titlesmallscreenwidth=\"640\" data-titleheightsmallscreen=\"148\" data-socialmode=\"mouseover\" data-socialposition=\"position:absolute;top:8px;right:8px;\" data-socialpositionlightbox=\"position:absolute;top:8px;right:8px;\" data-socialdirection=\"horizontal\" data-socialbuttonsize=\"32\" data-socialbuttonfontsize=\"18\" data-defaultvideovolume=\"1\" data-thumbtitleheight=\"24\" data-thumbmediumtitleheight=\"48\" data-thumbsmalltitleheight=\"72\" data-categoryheight=\"48\" data-categorydefault=\"all\" data-triggerresizedelay=\"100\" data-thumbmediumsize=\"800\" data-thumbsmallsize=\"480\" data-thumbmediumwidth=\"64\" data-thumbmediumheight=\"64\" data-thumbsmallwidth=\"48\" data-thumbsmallheight=\"48\" data-imgtitle=\"title\" data-carouselpaginationrow=\"3\" data-categorystyle=\"dropdown\" data-categorylist=\"[{&quot;slug&quot;:&quot;all&quot;,&quot;caption&quot;:&quot;Show All&quot;}]\" data-jsfolder=\"https:\/\/jornaldasoficinas.com\/pt\/wp-content\/plugins\/wonderplugin-gallery\/engine\/\" style=\"display:none;\" ><a class=\"html5galleryimglink\" href=\"https:\/\/jornaldasoficinas.com\/pt\/wp-content\/uploads\/2025\/04\/ABTyresTour\/01.jpg\" data-mediatype=1><img decoding=\"async\" class=\"html5galleryimg html5gallery-tn-image\" src=\"https:\/\/jornaldasoficinas.com\/pt\/wp-content\/uploads\/2025\/04\/ABTyresTour\/01.jpg\" alt=\"\"><\/a><div class=\"html5gallery-info\"><\/div><a class=\"html5galleryimglink\" href=\"https:\/\/jornaldasoficinas.com\/pt\/wp-content\/uploads\/2025\/04\/ABTyresTour\/02.jpg\" data-mediatype=1><img decoding=\"async\" class=\"html5galleryimg html5gallery-tn-image\" src=\"https:\/\/jornaldasoficinas.com\/pt\/wp-content\/uploads\/2025\/04\/ABTyresTour\/02.jpg\" alt=\"\"><\/a><div class=\"html5gallery-info\"><\/div><a class=\"html5galleryimglink\" href=\"https:\/\/jornaldasoficinas.com\/pt\/wp-content\/uploads\/2025\/04\/ABTyresTour\/03.jpg\" data-mediatype=1><img decoding=\"async\" class=\"html5galleryimg html5gallery-tn-image\" src=\"https:\/\/jornaldasoficinas.com\/pt\/wp-content\/uploads\/2025\/04\/ABTyresTour\/03.jpg\" alt=\"\"><\/a><div class=\"html5gallery-info\"><\/div><a class=\"html5galleryimglink\" href=\"https:\/\/jornaldasoficinas.com\/pt\/wp-content\/uploads\/2025\/04\/ABTyresTour\/04.jpg\" data-mediatype=1><img decoding=\"async\" class=\"html5galleryimg html5gallery-tn-image\" src=\"https:\/\/jornaldasoficinas.com\/pt\/wp-content\/uploads\/2025\/04\/ABTyresTour\/04.jpg\" alt=\"\"><\/a><div class=\"html5gallery-info\"><\/div><a class=\"html5galleryimglink\" href=\"https:\/\/jornaldasoficinas.com\/pt\/wp-content\/uploads\/2025\/04\/ABTyresTour\/05.jpg\" data-mediatype=1><img decoding=\"async\" class=\"html5galleryimg html5gallery-tn-image\" src=\"https:\/\/jornaldasoficinas.com\/pt\/wp-content\/uploads\/2025\/04\/ABTyresTour\/05.jpg\" alt=\"\"><\/a><div class=\"html5gallery-info\"><\/div><a class=\"html5galleryimglink\" href=\"https:\/\/jornaldasoficinas.com\/pt\/wp-content\/uploads\/2025\/04\/ABTyresTour\/06.jpg\" data-mediatype=1><img decoding=\"async\" class=\"html5galleryimg html5gallery-tn-image\" src=\"https:\/\/jornaldasoficinas.com\/pt\/wp-content\/uploads\/2025\/04\/ABTyresTour\/06.jpg\" alt=\"\"><\/a><div class=\"html5gallery-info\"><\/div><a class=\"html5galleryimglink\" href=\"https:\/\/jornaldasoficinas.com\/pt\/wp-content\/uploads\/2025\/04\/ABTyresTour\/07.jpg\" data-mediatype=1><img decoding=\"async\" class=\"html5galleryimg html5gallery-tn-image\" src=\"https:\/\/jornaldasoficinas.com\/pt\/wp-content\/uploads\/2025\/04\/ABTyresTour\/07.jpg\" alt=\"\"><\/a><div class=\"html5gallery-info\"><\/div><a class=\"html5galleryimglink\" href=\"https:\/\/jornaldasoficinas.com\/pt\/wp-content\/uploads\/2025\/04\/ABTyresTour\/08.jpg\" data-mediatype=1><img decoding=\"async\" class=\"html5galleryimg html5gallery-tn-image\" src=\"https:\/\/jornaldasoficinas.com\/pt\/wp-content\/uploads\/2025\/04\/ABTyresTour\/08.jpg\" alt=\"\"><\/a><div class=\"html5gallery-info\"><\/div><a class=\"html5galleryimglink\" href=\"https:\/\/jornaldasoficinas.com\/pt\/wp-content\/uploads\/2025\/04\/ABTyresTour\/09.jpg\" data-mediatype=1><img decoding=\"async\" class=\"html5galleryimg html5gallery-tn-image\" src=\"https:\/\/jornaldasoficinas.com\/pt\/wp-content\/uploads\/2025\/04\/ABTyresTour\/09.jpg\" alt=\"\"><\/a><div class=\"html5gallery-info\"><\/div><a class=\"html5galleryimglink\" href=\"https:\/\/jornaldasoficinas.com\/pt\/wp-content\/uploads\/2025\/04\/ABTyresTour\/10.jpg\" data-mediatype=1><img decoding=\"async\" class=\"html5galleryimg html5gallery-tn-image\" src=\"https:\/\/jornaldasoficinas.com\/pt\/wp-content\/uploads\/2025\/04\/ABTyresTour\/10.jpg\" alt=\"\"><\/a><div class=\"html5gallery-info\"><\/div><a class=\"html5galleryimglink\" href=\"https:\/\/jornaldasoficinas.com\/pt\/wp-content\/uploads\/2025\/04\/ABTyresTour\/11.jpg\" data-mediatype=1><img decoding=\"async\" class=\"html5galleryimg html5gallery-tn-image\" src=\"https:\/\/jornaldasoficinas.com\/pt\/wp-content\/uploads\/2025\/04\/ABTyresTour\/11.jpg\" alt=\"\"><\/a><div class=\"html5gallery-info\"><\/div><a class=\"html5galleryimglink\" href=\"https:\/\/jornaldasoficinas.com\/pt\/wp-content\/uploads\/2025\/04\/ABTyresTour\/12.jpg\" data-mediatype=1><img decoding=\"async\" class=\"html5galleryimg html5gallery-tn-image\" src=\"https:\/\/jornaldasoficinas.com\/pt\/wp-content\/uploads\/2025\/04\/ABTyresTour\/12.jpg\" alt=\"\"><\/a><div class=\"html5gallery-info\"><\/div><a class=\"html5galleryimglink\" href=\"https:\/\/jornaldasoficinas.com\/pt\/wp-content\/uploads\/2025\/04\/ABTyresTour\/13.jpg\" data-mediatype=1><img decoding=\"async\" class=\"html5galleryimg html5gallery-tn-image\" src=\"https:\/\/jornaldasoficinas.com\/pt\/wp-content\/uploads\/2025\/04\/ABTyresTour\/13.jpg\" alt=\"\"><\/a><div class=\"html5gallery-info\"><\/div><a class=\"html5galleryimglink\" href=\"https:\/\/jornaldasoficinas.com\/pt\/wp-content\/uploads\/2025\/04\/ABTyresTour\/14.jpg\" data-mediatype=1><img decoding=\"async\" class=\"html5galleryimg html5gallery-tn-image\" src=\"https:\/\/jornaldasoficinas.com\/pt\/wp-content\/uploads\/2025\/04\/ABTyresTour\/14.jpg\" alt=\"\"><\/a><div class=\"html5gallery-info\"><\/div><a class=\"html5galleryimglink\" href=\"https:\/\/jornaldasoficinas.com\/pt\/wp-content\/uploads\/2025\/04\/ABTyresTour\/15.jpg\" data-mediatype=1><img decoding=\"async\" class=\"html5galleryimg html5gallery-tn-image\" src=\"https:\/\/jornaldasoficinas.com\/pt\/wp-content\/uploads\/2025\/04\/ABTyresTour\/15.jpg\" alt=\"\"><\/a><div class=\"html5gallery-info\"><\/div><a class=\"html5galleryimglink\" href=\"https:\/\/jornaldasoficinas.com\/pt\/wp-content\/uploads\/2025\/04\/ABTyresTour\/16.jpg\" data-mediatype=1><img decoding=\"async\" class=\"html5galleryimg html5gallery-tn-image\" src=\"https:\/\/jornaldasoficinas.com\/pt\/wp-content\/uploads\/2025\/04\/ABTyresTour\/16.jpg\" alt=\"\"><\/a><div class=\"html5gallery-info\"><\/div><a class=\"html5galleryimglink\" href=\"https:\/\/jornaldasoficinas.com\/pt\/wp-content\/uploads\/2025\/04\/ABTyresTour\/17.jpg\" data-mediatype=1><img decoding=\"async\" class=\"html5galleryimg html5gallery-tn-image\" src=\"https:\/\/jornaldasoficinas.com\/pt\/wp-content\/uploads\/2025\/04\/ABTyresTour\/17.jpg\" alt=\"\"><\/a><div class=\"html5gallery-info\"><\/div><a class=\"html5galleryimglink\" href=\"https:\/\/jornaldasoficinas.com\/pt\/wp-content\/uploads\/2025\/04\/ABTyresTour\/18.jpg\" data-mediatype=1><img decoding=\"async\" class=\"html5galleryimg html5gallery-tn-image\" src=\"https:\/\/jornaldasoficinas.com\/pt\/wp-content\/uploads\/2025\/04\/ABTyresTour\/18.jpg\" alt=\"\"><\/a><div class=\"html5gallery-info\"><\/div><a class=\"html5galleryimglink\" href=\"https:\/\/jornaldasoficinas.com\/pt\/wp-content\/uploads\/2025\/04\/ABTyresTour\/19.jpg\" data-mediatype=1><img decoding=\"async\" class=\"html5galleryimg html5gallery-tn-image\" src=\"https:\/\/jornaldasoficinas.com\/pt\/wp-content\/uploads\/2025\/04\/ABTyresTour\/19.jpg\" alt=\"\"><\/a><div class=\"html5gallery-info\"><\/div><a class=\"html5galleryimglink\" href=\"https:\/\/jornaldasoficinas.com\/pt\/wp-content\/uploads\/2025\/04\/ABTyresTour\/20.jpg\" data-mediatype=1><img decoding=\"async\" class=\"html5galleryimg html5gallery-tn-image\" src=\"https:\/\/jornaldasoficinas.com\/pt\/wp-content\/uploads\/2025\/04\/ABTyresTour\/20.jpg\" alt=\"\"><\/a><div class=\"html5gallery-info\"><\/div><a class=\"html5galleryimglink\" href=\"https:\/\/jornaldasoficinas.com\/pt\/wp-content\/uploads\/2025\/04\/ABTyresTour\/21.jpg\" data-mediatype=1><img decoding=\"async\" class=\"html5galleryimg html5gallery-tn-image\" src=\"https:\/\/jornaldasoficinas.com\/pt\/wp-content\/uploads\/2025\/04\/ABTyresTour\/21.jpg\" alt=\"\"><\/a><div class=\"html5gallery-info\"><\/div><a class=\"html5galleryimglink\" href=\"https:\/\/jornaldasoficinas.com\/pt\/wp-content\/uploads\/2025\/04\/ABTyresTour\/22.jpg\" data-mediatype=1><img decoding=\"async\" class=\"html5galleryimg html5gallery-tn-image\" src=\"https:\/\/jornaldasoficinas.com\/pt\/wp-content\/uploads\/2025\/04\/ABTyresTour\/22.jpg\" alt=\"\"><\/a><div class=\"html5gallery-info\"><\/div><a class=\"html5galleryimglink\" href=\"https:\/\/jornaldasoficinas.com\/pt\/wp-content\/uploads\/2025\/04\/ABTyresTour\/23.jpg\" data-mediatype=1><img decoding=\"async\" class=\"html5galleryimg html5gallery-tn-image\" src=\"https:\/\/jornaldasoficinas.com\/pt\/wp-content\/uploads\/2025\/04\/ABTyresTour\/23.jpg\" alt=\"\"><\/a><div class=\"html5gallery-info\"><\/div><a class=\"html5galleryimglink\" href=\"https:\/\/jornaldasoficinas.com\/pt\/wp-content\/uploads\/2025\/04\/ABTyresTour\/25.jpg\" data-mediatype=1><img decoding=\"async\" class=\"html5galleryimg html5gallery-tn-image\" src=\"https:\/\/jornaldasoficinas.com\/pt\/wp-content\/uploads\/2025\/04\/ABTyresTour\/25.jpg\" alt=\"\"><\/a><div class=\"html5gallery-info\"><\/div><a class=\"html5galleryimglink\" href=\"https:\/\/jornaldasoficinas.com\/pt\/wp-content\/uploads\/2025\/04\/ABTyresTour\/26.jpg\" data-mediatype=1><img decoding=\"async\" class=\"html5galleryimg html5gallery-tn-image\" src=\"https:\/\/jornaldasoficinas.com\/pt\/wp-content\/uploads\/2025\/04\/ABTyresTour\/26.jpg\" alt=\"\"><\/a><div class=\"html5gallery-info\"><\/div><\/div><\/div><script>function wondergallery_237_appendcss(csscode) {var head=document.head || document.getElementsByTagName(\"head\")[0];var style=document.createElement(\"style\");head.appendChild(style);style.type=\"text\/css\";if (style.styleSheet){style.styleSheet.cssText=csscode;} else {style.appendChild(document.createTextNode(csscode));}};wondergallery_237_appendcss(\"#wonderplugingallery-237 .html5gallery-cat-selection-237 { \tbox-sizing: border-box; \ttext-align: center; }  #wonderplugingallery-237 .html5gallery-cat-selection-237 select { \tbox-sizing: border-box; \tmargin: 4px auto; }\");<\/script>\n","protected":false},"excerpt":{"rendered":"<p>Depois de percorrer o pa\u00eds de&#8230;<\/p>\n","protected":false},"author":15,"featured_media":100359,"comment_status":"closed","ping_status":"closed","sticky":false,"template":"","format":"standard","meta":{"footnotes":""},"categories":[29],"tags":[12482,7011,7148,2913,9084,6929,12483,1767],"class_list":["post-100309","post","type-post","status-publish","format-standard","has-post-thumbnail","hentry","category-empresas","tag-ab-partner","tag-ab-tyres","tag-falken","tag-grupo-alves-bandeira","tag-inovacao-tecnologica","tag-novidades","tag-oficina-petrosintra","tag-sustentabilidade"],"yoast_head":"<!-- This site is optimized with the Yoast SEO plugin v27.4 - https:\/\/yoast.com\/product\/yoast-seo-wordpress\/ -->\n<title>AB Tyres encerra &quot;Tour de Forma\u00e7\u00f5es Falken&quot; na regi\u00e3o sul - Jornal das Oficinas<\/title>\n<meta name=\"description\" content=\"Depois de percorrer o pa\u00eds de norte a sul, a AB Tyres encerrou hoje na Oficina PetroSintra o ciclo de forma\u00e7\u00f5es Falken 2025\" \/>\n<meta name=\"robots\" content=\"index, follow, max-snippet:-1, max-image-preview:large, max-video-preview:-1\" \/>\n<link rel=\"canonical\" href=\"https:\/\/jornaldasoficinas.com\/pt\/ab-tyres-encerra-tour-de-formacoes-falken-na-regiao-sul\/\" \/>\n<meta property=\"og:locale\" content=\"pt_PT\" \/>\n<meta property=\"og:type\" content=\"article\" \/>\n<meta property=\"og:title\" content=\"AB Tyres encerra &quot;Tour de Forma\u00e7\u00f5es Falken&quot; na regi\u00e3o sul - Jornal das Oficinas\" \/>\n<meta property=\"og:description\" content=\"Depois de percorrer o pa\u00eds de norte a sul, a AB Tyres encerrou hoje na Oficina PetroSintra o ciclo de forma\u00e7\u00f5es Falken 2025\" \/>\n<meta property=\"og:url\" content=\"https:\/\/jornaldasoficinas.com\/pt\/ab-tyres-encerra-tour-de-formacoes-falken-na-regiao-sul\/\" \/>\n<meta property=\"og:site_name\" content=\"Jornal das Oficinas\" \/>\n<meta property=\"article:publisher\" content=\"https:\/\/www.facebook.com\/jornaloficinas\" \/>\n<meta property=\"article:published_time\" content=\"2025-04-10T18:00:33+00:00\" \/>\n<meta property=\"article:modified_time\" content=\"2025-04-10T18:35:40+00:00\" \/>\n<meta property=\"og:image\" content=\"https:\/\/jornaldasoficinas.com\/pt\/wp-content\/uploads\/2025\/04\/foto-entrada-noticia-Evento-AB-Tyres-3-scaled-1.jpg\" \/>\n\t<meta property=\"og:image:width\" content=\"1024\" \/>\n\t<meta property=\"og:image:height\" content=\"581\" \/>\n\t<meta property=\"og:image:type\" content=\"image\/jpeg\" \/>\n<meta name=\"author\" content=\"Reda\u00e7\u00e3o JO\" \/>\n<meta name=\"twitter:card\" content=\"summary_large_image\" \/>\n<meta name=\"twitter:creator\" content=\"@jornaloficinas\" \/>\n<meta name=\"twitter:site\" content=\"@jornaloficinas\" \/>\n<meta name=\"twitter:label1\" content=\"Escrito por\" \/>\n\t<meta name=\"twitter:data1\" content=\"Reda\u00e7\u00e3o JO\" \/>\n\t<meta name=\"twitter:label2\" content=\"Tempo estimado de leitura\" \/>\n\t<meta name=\"twitter:data2\" content=\"4 minutos\" \/>\n<script type=\"application\/ld+json\" class=\"yoast-schema-graph\">{\"@context\":\"https:\\\/\\\/schema.org\",\"@graph\":[{\"@type\":\"Article\",\"@id\":\"https:\\\/\\\/jornaldasoficinas.com\\\/pt\\\/ab-tyres-encerra-tour-de-formacoes-falken-na-regiao-sul\\\/#article\",\"isPartOf\":{\"@id\":\"https:\\\/\\\/jornaldasoficinas.com\\\/pt\\\/ab-tyres-encerra-tour-de-formacoes-falken-na-regiao-sul\\\/\"},\"author\":{\"name\":\"Reda\u00e7\u00e3o JO\",\"@id\":\"https:\\\/\\\/jornaldasoficinas.com\\\/pt\\\/#\\\/schema\\\/person\\\/a38eef5de2c41d9e7c9ac10141afddf3\"},\"headline\":\"AB Tyres encerra &#8220;Tour de Forma\u00e7\u00f5es Falken&#8221; na regi\u00e3o sul\",\"datePublished\":\"2025-04-10T18:00:33+00:00\",\"dateModified\":\"2025-04-10T18:35:40+00:00\",\"mainEntityOfPage\":{\"@id\":\"https:\\\/\\\/jornaldasoficinas.com\\\/pt\\\/ab-tyres-encerra-tour-de-formacoes-falken-na-regiao-sul\\\/\"},\"wordCount\":648,\"publisher\":{\"@id\":\"https:\\\/\\\/jornaldasoficinas.com\\\/pt\\\/#organization\"},\"image\":{\"@id\":\"https:\\\/\\\/jornaldasoficinas.com\\\/pt\\\/ab-tyres-encerra-tour-de-formacoes-falken-na-regiao-sul\\\/#primaryimage\"},\"thumbnailUrl\":\"https:\\\/\\\/jornaldasoficinas.com\\\/pt\\\/wp-content\\\/uploads\\\/2025\\\/04\\\/foto-entrada-noticia-Evento-AB-Tyres-3-scaled-1.jpg\",\"keywords\":[\"AB Partner\",\"AB Tyres\",\"Falken\",\"Grupo Alves Bandeira\",\"inova\u00e7\u00e3o tecnol\u00f3gica\",\"Novidades\",\"Oficina PetroSintra\",\"Sustentabilidade\"],\"articleSection\":[\"Empresas\"],\"inLanguage\":\"pt-PT\"},{\"@type\":\"WebPage\",\"@id\":\"https:\\\/\\\/jornaldasoficinas.com\\\/pt\\\/ab-tyres-encerra-tour-de-formacoes-falken-na-regiao-sul\\\/\",\"url\":\"https:\\\/\\\/jornaldasoficinas.com\\\/pt\\\/ab-tyres-encerra-tour-de-formacoes-falken-na-regiao-sul\\\/\",\"name\":\"AB Tyres encerra \\\"Tour de Forma\u00e7\u00f5es Falken\\\" na regi\u00e3o sul - Jornal das Oficinas\",\"isPartOf\":{\"@id\":\"https:\\\/\\\/jornaldasoficinas.com\\\/pt\\\/#website\"},\"primaryImageOfPage\":{\"@id\":\"https:\\\/\\\/jornaldasoficinas.com\\\/pt\\\/ab-tyres-encerra-tour-de-formacoes-falken-na-regiao-sul\\\/#primaryimage\"},\"image\":{\"@id\":\"https:\\\/\\\/jornaldasoficinas.com\\\/pt\\\/ab-tyres-encerra-tour-de-formacoes-falken-na-regiao-sul\\\/#primaryimage\"},\"thumbnailUrl\":\"https:\\\/\\\/jornaldasoficinas.com\\\/pt\\\/wp-content\\\/uploads\\\/2025\\\/04\\\/foto-entrada-noticia-Evento-AB-Tyres-3-scaled-1.jpg\",\"datePublished\":\"2025-04-10T18:00:33+00:00\",\"dateModified\":\"2025-04-10T18:35:40+00:00\",\"description\":\"Depois de percorrer o pa\u00eds de norte a sul, a AB Tyres encerrou hoje na Oficina PetroSintra o ciclo de forma\u00e7\u00f5es Falken 2025\",\"breadcrumb\":{\"@id\":\"https:\\\/\\\/jornaldasoficinas.com\\\/pt\\\/ab-tyres-encerra-tour-de-formacoes-falken-na-regiao-sul\\\/#breadcrumb\"},\"inLanguage\":\"pt-PT\",\"potentialAction\":[{\"@type\":\"ReadAction\",\"target\":[\"https:\\\/\\\/jornaldasoficinas.com\\\/pt\\\/ab-tyres-encerra-tour-de-formacoes-falken-na-regiao-sul\\\/\"]}]},{\"@type\":\"ImageObject\",\"inLanguage\":\"pt-PT\",\"@id\":\"https:\\\/\\\/jornaldasoficinas.com\\\/pt\\\/ab-tyres-encerra-tour-de-formacoes-falken-na-regiao-sul\\\/#primaryimage\",\"url\":\"https:\\\/\\\/jornaldasoficinas.com\\\/pt\\\/wp-content\\\/uploads\\\/2025\\\/04\\\/foto-entrada-noticia-Evento-AB-Tyres-3-scaled-1.jpg\",\"contentUrl\":\"https:\\\/\\\/jornaldasoficinas.com\\\/pt\\\/wp-content\\\/uploads\\\/2025\\\/04\\\/foto-entrada-noticia-Evento-AB-Tyres-3-scaled-1.jpg\",\"width\":1024,\"height\":581,\"caption\":\"04 - foto entrada noticia Evento AB Tyres 3 scaled 1\"},{\"@type\":\"BreadcrumbList\",\"@id\":\"https:\\\/\\\/jornaldasoficinas.com\\\/pt\\\/ab-tyres-encerra-tour-de-formacoes-falken-na-regiao-sul\\\/#breadcrumb\",\"itemListElement\":[{\"@type\":\"ListItem\",\"position\":1,\"name\":\"In\u00edcio\",\"item\":\"https:\\\/\\\/jornaldasoficinas.com\\\/pt\\\/\"},{\"@type\":\"ListItem\",\"position\":2,\"name\":\"AB Tyres encerra &#8220;Tour de Forma\u00e7\u00f5es Falken&#8221; na regi\u00e3o sul\"}]},{\"@type\":\"WebSite\",\"@id\":\"https:\\\/\\\/jornaldasoficinas.com\\\/pt\\\/#website\",\"url\":\"https:\\\/\\\/jornaldasoficinas.com\\\/pt\\\/\",\"name\":\"Jornal das Oficinas\",\"description\":\"Jornal independente do Aftermarket Autom\u00f3vel em Portugal\",\"publisher\":{\"@id\":\"https:\\\/\\\/jornaldasoficinas.com\\\/pt\\\/#organization\"},\"potentialAction\":[{\"@type\":\"SearchAction\",\"target\":{\"@type\":\"EntryPoint\",\"urlTemplate\":\"https:\\\/\\\/jornaldasoficinas.com\\\/pt\\\/?s={search_term_string}\"},\"query-input\":{\"@type\":\"PropertyValueSpecification\",\"valueRequired\":true,\"valueName\":\"search_term_string\"}}],\"inLanguage\":\"pt-PT\"},{\"@type\":\"Organization\",\"@id\":\"https:\\\/\\\/jornaldasoficinas.com\\\/pt\\\/#organization\",\"name\":\"Jornal das Oficinas\",\"url\":\"https:\\\/\\\/jornaldasoficinas.com\\\/pt\\\/\",\"logo\":{\"@type\":\"ImageObject\",\"inLanguage\":\"pt-PT\",\"@id\":\"https:\\\/\\\/jornaldasoficinas.com\\\/pt\\\/#\\\/schema\\\/logo\\\/image\\\/\",\"url\":\"https:\\\/\\\/jornaldasoficinas.com\\\/pt\\\/wp-content\\\/uploads\\\/logoJO-SEO.png\",\"contentUrl\":\"https:\\\/\\\/jornaldasoficinas.com\\\/pt\\\/wp-content\\\/uploads\\\/logoJO-SEO.png\",\"width\":285,\"height\":450,\"caption\":\"Jornal das Oficinas\"},\"image\":{\"@id\":\"https:\\\/\\\/jornaldasoficinas.com\\\/pt\\\/#\\\/schema\\\/logo\\\/image\\\/\"},\"sameAs\":[\"https:\\\/\\\/www.facebook.com\\\/jornaloficinas\",\"https:\\\/\\\/x.com\\\/jornaloficinas\",\"https:\\\/\\\/www.instagram.com\\\/jornal_oficinas\\\/\",\"https:\\\/\\\/www.linkedin.com\\\/company\\\/jornal-das-oficinas\\\/\",\"https:\\\/\\\/www.youtube.com\\\/channel\\\/UCbQZBqtcvV-oSQrr7RzINGg\"]},{\"@type\":\"Person\",\"@id\":\"https:\\\/\\\/jornaldasoficinas.com\\\/pt\\\/#\\\/schema\\\/person\\\/a38eef5de2c41d9e7c9ac10141afddf3\",\"name\":\"Reda\u00e7\u00e3o JO\",\"image\":{\"@type\":\"ImageObject\",\"inLanguage\":\"pt-PT\",\"@id\":\"https:\\\/\\\/secure.gravatar.com\\\/avatar\\\/71f2fa71737ad68a84fea94bc708ddac8ea5b0c4788dc2ad202f3ccb2887742f?s=96&d=wp_user_avatar&r=g\",\"url\":\"https:\\\/\\\/secure.gravatar.com\\\/avatar\\\/71f2fa71737ad68a84fea94bc708ddac8ea5b0c4788dc2ad202f3ccb2887742f?s=96&d=wp_user_avatar&r=g\",\"contentUrl\":\"https:\\\/\\\/secure.gravatar.com\\\/avatar\\\/71f2fa71737ad68a84fea94bc708ddac8ea5b0c4788dc2ad202f3ccb2887742f?s=96&d=wp_user_avatar&r=g\",\"caption\":\"Reda\u00e7\u00e3o JO\"},\"url\":\"https:\\\/\\\/jornaldasoficinas.com\\\/pt\\\/author\\\/joredacao\\\/\"}]}<\/script>\n<!-- \/ Yoast SEO plugin. -->","yoast_head_json":{"title":"AB Tyres encerra \"Tour de Forma\u00e7\u00f5es Falken\" na regi\u00e3o sul - Jornal das Oficinas","description":"Depois de percorrer o pa\u00eds de norte a sul, a AB Tyres encerrou hoje na Oficina PetroSintra o ciclo de forma\u00e7\u00f5es Falken 2025","robots":{"index":"index","follow":"follow","max-snippet":"max-snippet:-1","max-image-preview":"max-image-preview:large","max-video-preview":"max-video-preview:-1"},"canonical":"https:\/\/jornaldasoficinas.com\/pt\/ab-tyres-encerra-tour-de-formacoes-falken-na-regiao-sul\/","og_locale":"pt_PT","og_type":"article","og_title":"AB Tyres encerra \"Tour de Forma\u00e7\u00f5es Falken\" na regi\u00e3o sul - Jornal das Oficinas","og_description":"Depois de percorrer o pa\u00eds de norte a sul, a AB Tyres encerrou hoje na Oficina PetroSintra o ciclo de forma\u00e7\u00f5es Falken 2025","og_url":"https:\/\/jornaldasoficinas.com\/pt\/ab-tyres-encerra-tour-de-formacoes-falken-na-regiao-sul\/","og_site_name":"Jornal das Oficinas","article_publisher":"https:\/\/www.facebook.com\/jornaloficinas","article_published_time":"2025-04-10T18:00:33+00:00","article_modified_time":"2025-04-10T18:35:40+00:00","og_image":[{"width":1024,"height":581,"url":"https:\/\/jornaldasoficinas.com\/pt\/wp-content\/uploads\/2025\/04\/foto-entrada-noticia-Evento-AB-Tyres-3-scaled-1.jpg","type":"image\/jpeg"}],"author":"Reda\u00e7\u00e3o JO","twitter_card":"summary_large_image","twitter_creator":"@jornaloficinas","twitter_site":"@jornaloficinas","twitter_misc":{"Escrito por":"Reda\u00e7\u00e3o JO","Tempo estimado de leitura":"4 minutos"},"schema":{"@context":"https:\/\/schema.org","@graph":[{"@type":"Article","@id":"https:\/\/jornaldasoficinas.com\/pt\/ab-tyres-encerra-tour-de-formacoes-falken-na-regiao-sul\/#article","isPartOf":{"@id":"https:\/\/jornaldasoficinas.com\/pt\/ab-tyres-encerra-tour-de-formacoes-falken-na-regiao-sul\/"},"author":{"name":"Reda\u00e7\u00e3o JO","@id":"https:\/\/jornaldasoficinas.com\/pt\/#\/schema\/person\/a38eef5de2c41d9e7c9ac10141afddf3"},"headline":"AB Tyres encerra &#8220;Tour de Forma\u00e7\u00f5es Falken&#8221; na regi\u00e3o sul","datePublished":"2025-04-10T18:00:33+00:00","dateModified":"2025-04-10T18:35:40+00:00","mainEntityOfPage":{"@id":"https:\/\/jornaldasoficinas.com\/pt\/ab-tyres-encerra-tour-de-formacoes-falken-na-regiao-sul\/"},"wordCount":648,"publisher":{"@id":"https:\/\/jornaldasoficinas.com\/pt\/#organization"},"image":{"@id":"https:\/\/jornaldasoficinas.com\/pt\/ab-tyres-encerra-tour-de-formacoes-falken-na-regiao-sul\/#primaryimage"},"thumbnailUrl":"https:\/\/jornaldasoficinas.com\/pt\/wp-content\/uploads\/2025\/04\/foto-entrada-noticia-Evento-AB-Tyres-3-scaled-1.jpg","keywords":["AB Partner","AB Tyres","Falken","Grupo Alves Bandeira","inova\u00e7\u00e3o tecnol\u00f3gica","Novidades","Oficina PetroSintra","Sustentabilidade"],"articleSection":["Empresas"],"inLanguage":"pt-PT"},{"@type":"WebPage","@id":"https:\/\/jornaldasoficinas.com\/pt\/ab-tyres-encerra-tour-de-formacoes-falken-na-regiao-sul\/","url":"https:\/\/jornaldasoficinas.com\/pt\/ab-tyres-encerra-tour-de-formacoes-falken-na-regiao-sul\/","name":"AB Tyres encerra \"Tour de Forma\u00e7\u00f5es Falken\" na regi\u00e3o sul - Jornal das Oficinas","isPartOf":{"@id":"https:\/\/jornaldasoficinas.com\/pt\/#website"},"primaryImageOfPage":{"@id":"https:\/\/jornaldasoficinas.com\/pt\/ab-tyres-encerra-tour-de-formacoes-falken-na-regiao-sul\/#primaryimage"},"image":{"@id":"https:\/\/jornaldasoficinas.com\/pt\/ab-tyres-encerra-tour-de-formacoes-falken-na-regiao-sul\/#primaryimage"},"thumbnailUrl":"https:\/\/jornaldasoficinas.com\/pt\/wp-content\/uploads\/2025\/04\/foto-entrada-noticia-Evento-AB-Tyres-3-scaled-1.jpg","datePublished":"2025-04-10T18:00:33+00:00","dateModified":"2025-04-10T18:35:40+00:00","description":"Depois de percorrer o pa\u00eds de norte a sul, a AB Tyres encerrou hoje na Oficina PetroSintra o ciclo de forma\u00e7\u00f5es Falken 2025","breadcrumb":{"@id":"https:\/\/jornaldasoficinas.com\/pt\/ab-tyres-encerra-tour-de-formacoes-falken-na-regiao-sul\/#breadcrumb"},"inLanguage":"pt-PT","potentialAction":[{"@type":"ReadAction","target":["https:\/\/jornaldasoficinas.com\/pt\/ab-tyres-encerra-tour-de-formacoes-falken-na-regiao-sul\/"]}]},{"@type":"ImageObject","inLanguage":"pt-PT","@id":"https:\/\/jornaldasoficinas.com\/pt\/ab-tyres-encerra-tour-de-formacoes-falken-na-regiao-sul\/#primaryimage","url":"https:\/\/jornaldasoficinas.com\/pt\/wp-content\/uploads\/2025\/04\/foto-entrada-noticia-Evento-AB-Tyres-3-scaled-1.jpg","contentUrl":"https:\/\/jornaldasoficinas.com\/pt\/wp-content\/uploads\/2025\/04\/foto-entrada-noticia-Evento-AB-Tyres-3-scaled-1.jpg","width":1024,"height":581,"caption":"04 - foto entrada noticia Evento AB Tyres 3 scaled 1"},{"@type":"BreadcrumbList","@id":"https:\/\/jornaldasoficinas.com\/pt\/ab-tyres-encerra-tour-de-formacoes-falken-na-regiao-sul\/#breadcrumb","itemListElement":[{"@type":"ListItem","position":1,"name":"In\u00edcio","item":"https:\/\/jornaldasoficinas.com\/pt\/"},{"@type":"ListItem","position":2,"name":"AB Tyres encerra &#8220;Tour de Forma\u00e7\u00f5es Falken&#8221; na regi\u00e3o sul"}]},{"@type":"WebSite","@id":"https:\/\/jornaldasoficinas.com\/pt\/#website","url":"https:\/\/jornaldasoficinas.com\/pt\/","name":"Jornal das Oficinas","description":"Jornal independente do Aftermarket Autom\u00f3vel em Portugal","publisher":{"@id":"https:\/\/jornaldasoficinas.com\/pt\/#organization"},"potentialAction":[{"@type":"SearchAction","target":{"@type":"EntryPoint","urlTemplate":"https:\/\/jornaldasoficinas.com\/pt\/?s={search_term_string}"},"query-input":{"@type":"PropertyValueSpecification","valueRequired":true,"valueName":"search_term_string"}}],"inLanguage":"pt-PT"},{"@type":"Organization","@id":"https:\/\/jornaldasoficinas.com\/pt\/#organization","name":"Jornal das Oficinas","url":"https:\/\/jornaldasoficinas.com\/pt\/","logo":{"@type":"ImageObject","inLanguage":"pt-PT","@id":"https:\/\/jornaldasoficinas.com\/pt\/#\/schema\/logo\/image\/","url":"https:\/\/jornaldasoficinas.com\/pt\/wp-content\/uploads\/logoJO-SEO.png","contentUrl":"https:\/\/jornaldasoficinas.com\/pt\/wp-content\/uploads\/logoJO-SEO.png","width":285,"height":450,"caption":"Jornal das Oficinas"},"image":{"@id":"https:\/\/jornaldasoficinas.com\/pt\/#\/schema\/logo\/image\/"},"sameAs":["https:\/\/www.facebook.com\/jornaloficinas","https:\/\/x.com\/jornaloficinas","https:\/\/www.instagram.com\/jornal_oficinas\/","https:\/\/www.linkedin.com\/company\/jornal-das-oficinas\/","https:\/\/www.youtube.com\/channel\/UCbQZBqtcvV-oSQrr7RzINGg"]},{"@type":"Person","@id":"https:\/\/jornaldasoficinas.com\/pt\/#\/schema\/person\/a38eef5de2c41d9e7c9ac10141afddf3","name":"Reda\u00e7\u00e3o JO","image":{"@type":"ImageObject","inLanguage":"pt-PT","@id":"https:\/\/secure.gravatar.com\/avatar\/71f2fa71737ad68a84fea94bc708ddac8ea5b0c4788dc2ad202f3ccb2887742f?s=96&d=wp_user_avatar&r=g","url":"https:\/\/secure.gravatar.com\/avatar\/71f2fa71737ad68a84fea94bc708ddac8ea5b0c4788dc2ad202f3ccb2887742f?s=96&d=wp_user_avatar&r=g","contentUrl":"https:\/\/secure.gravatar.com\/avatar\/71f2fa71737ad68a84fea94bc708ddac8ea5b0c4788dc2ad202f3ccb2887742f?s=96&d=wp_user_avatar&r=g","caption":"Reda\u00e7\u00e3o JO"},"url":"https:\/\/jornaldasoficinas.com\/pt\/author\/joredacao\/"}]}},"_links":{"self":[{"href":"https:\/\/jornaldasoficinas.com\/pt\/wp-json\/wp\/v2\/posts\/100309","targetHints":{"allow":["GET"]}}],"collection":[{"href":"https:\/\/jornaldasoficinas.com\/pt\/wp-json\/wp\/v2\/posts"}],"about":[{"href":"https:\/\/jornaldasoficinas.com\/pt\/wp-json\/wp\/v2\/types\/post"}],"author":[{"embeddable":true,"href":"https:\/\/jornaldasoficinas.com\/pt\/wp-json\/wp\/v2\/users\/15"}],"replies":[{"embeddable":true,"href":"https:\/\/jornaldasoficinas.com\/pt\/wp-json\/wp\/v2\/comments?post=100309"}],"version-history":[{"count":6,"href":"https:\/\/jornaldasoficinas.com\/pt\/wp-json\/wp\/v2\/posts\/100309\/revisions"}],"predecessor-version":[{"id":100389,"href":"https:\/\/jornaldasoficinas.com\/pt\/wp-json\/wp\/v2\/posts\/100309\/revisions\/100389"}],"wp:featuredmedia":[{"embeddable":true,"href":"https:\/\/jornaldasoficinas.com\/pt\/wp-json\/wp\/v2\/media\/100359"}],"wp:attachment":[{"href":"https:\/\/jornaldasoficinas.com\/pt\/wp-json\/wp\/v2\/media?parent=100309"}],"wp:term":[{"taxonomy":"category","embeddable":true,"href":"https:\/\/jornaldasoficinas.com\/pt\/wp-json\/wp\/v2\/categories?post=100309"},{"taxonomy":"post_tag","embeddable":true,"href":"https:\/\/jornaldasoficinas.com\/pt\/wp-json\/wp\/v2\/tags?post=100309"}],"curies":[{"name":"wp","href":"https:\/\/api.w.org\/{rel}","templated":true}]}}