{"id":100314,"date":"2025-04-10T17:00:22","date_gmt":"2025-04-10T16:00:22","guid":{"rendered":"https:\/\/jornaldasoficinas.com\/pt\/?p=100314"},"modified":"2025-04-10T19:20:08","modified_gmt":"2025-04-10T18:20:08","slug":"dekra-fatura-em-portugal-cerca-de-22-milhoes-de-euros","status":"publish","type":"post","link":"https:\/\/jornaldasoficinas.com\/pt\/dekra-fatura-em-portugal-cerca-de-22-milhoes-de-euros\/","title":{"rendered":"DEKRA fatura em Portugal cerca de 22 milh\u00f5es de euros"},"content":{"rendered":"<p><img loading=\"lazy\" decoding=\"async\" class=\"alignnone size-full wp-image-100333\" src=\"https:\/\/jornaldasoficinas.com\/pt\/wp-content\/uploads\/2025\/04\/DEKRA-fatura-em-Portugal-cerca-de-22-milhoes-de-euros.jpg\" alt=\"04 - DEKRA fatura em Portugal cerca de 22 milhoes de euros\" width=\"1024\" height=\"581\" srcset=\"https:\/\/jornaldasoficinas.com\/pt\/wp-content\/uploads\/2025\/04\/DEKRA-fatura-em-Portugal-cerca-de-22-milhoes-de-euros.jpg 1024w, https:\/\/jornaldasoficinas.com\/pt\/wp-content\/uploads\/2025\/04\/DEKRA-fatura-em-Portugal-cerca-de-22-milhoes-de-euros-300x170.jpg 300w, https:\/\/jornaldasoficinas.com\/pt\/wp-content\/uploads\/2025\/04\/DEKRA-fatura-em-Portugal-cerca-de-22-milhoes-de-euros-150x85.jpg 150w, https:\/\/jornaldasoficinas.com\/pt\/wp-content\/uploads\/2025\/04\/DEKRA-fatura-em-Portugal-cerca-de-22-milhoes-de-euros-768x436.jpg 768w\" sizes=\"auto, (max-width: 1024px) 100vw, 1024px\" \/><\/p>\n<p style=\"font-weight: 400;\"><strong>O Jornal das Oficinas esteve esta manh\u00e3 na sede da <a href=\"https:\/\/www.google.com\/aclk?sa=L&amp;ai=DChcSEwiu8K7W4c2MAxVDvGgJHfaeC68YABABGgJ3Zg&amp;co=1&amp;gclid=Cj0KCQjw2N2_BhCAARIsAK4pEkUIJHOKLx80fbNaT1G_bT_zhAUwRy-vaKBYTiXFI4NVKoBD0b-K72EaAnBtEALw_wcB&amp;cce=1&amp;sig=AOD64_2VeIMOP_H06tGqA2hb-tVPeqiY0Q&amp;q&amp;adurl&amp;ved=2ahUKEwi88KjW4c2MAxVdVfEDHdhiKvsQ0Qx6BAgPEAE\">DEKRA<\/a>, em Lisboa, para assistir \u00e0 divulga\u00e7\u00e3o dos resultados anuais da empresa ao n\u00edvel nacional e internacional. Em Portugal, no \u00faltimo ano, a DEKRA faturou cerca de 22 milh\u00f5es de euros<\/strong><\/p>\n<p style=\"font-weight: 400;\">Em 2024, a DEKRA esteve focada no que era a sua ambi\u00e7\u00e3o e voltou a crescer num ambiente vol\u00e1til em termos econ\u00f3micos e geopol\u00edticos. O volume de neg\u00f3cios global aumentou 4,7% em compara\u00e7\u00e3o com o ano anterior, para 4,29 mil milh\u00f5es de euros. No que diz respeito \u00e0 atividade principal, foi registado um aumento de 7%. O EBIT aumentou 4,2%, para 266 milh\u00f5es de euros, enquanto o EBITDA cresceu 5,4%, para 480,1 milh\u00f5es de euros. Al\u00e9m disso, o n\u00famero de trabalhadores efetivos aumentou em 800, passando para cerca de 33\u00a0000.<\/p>\n<p style=\"font-weight: 400;\">A sess\u00e3o contou, numa primeira parte, com um balan\u00e7o anual da empresa na sua sede, em Estugarda, via <em>streaming<\/em>, em que Stan Zurkiewicz, CEO da DEKRA, afirmou \u201cGra\u00e7as ao nosso modelo de neg\u00f3cios orientado para o futuro, assegur\u00e1mos um crescimento s\u00f3lido num ano de grandes tens\u00f5es econ\u00f3micas. A decis\u00e3o de concentrar o neg\u00f3cio da DEKRA nas mega tend\u00eancias da mobilidade futura, sustentabilidade, ciberseguran\u00e7a e intelig\u00eancia artificial com a nossa \u201cEstrat\u00e9gia 2025\u201d foi essencial para o nosso sucesso econ\u00f3mico em 2024\u201d.<\/p>\n<p style=\"font-weight: 400;\">De referir, que a empresa deu continuidade \u00e0 sua tend\u00eancia de crescimento em todas as regi\u00f5es. Na regi\u00e3o DACH, atingiu um volume de neg\u00f3cios de 2,6 mil milh\u00f5es de euros (+2,5%), apesar do volume de neg\u00f3cios no segmento do trabalho tempor\u00e1rio ter diminu\u00eddo mais de 10% devido \u00e0 conjuntura econ\u00f3mica desfavor\u00e1vel.<\/p>\n<p style=\"font-weight: 400;\">Todas as outras regi\u00f5es registaram igualmente um desenvolvimento acentuado em 2024. Na Europa Central e Oriental e no M\u00e9dio Oriente, o volume de neg\u00f3cios aumentou 5,2% para 200,3 milh\u00f5es de euros e, no Noroeste da Europa, foi alcan\u00e7ado um aumento de 10,3% (438,4 milh\u00f5es de euros). No Sudoeste da Europa, a DEKRA registou um volume de neg\u00f3cios de 595 milh\u00f5es de euros (+7,9%). Por \u00faltimo, mas n\u00e3o menos importante, as regi\u00f5es das Am\u00e9ricas e da \u00c1sia-Pac\u00edfico tamb\u00e9m registaram um crescimento din\u00e2mico, com volumes de neg\u00f3cios de 163,4 milh\u00f5es de euros (+13,2%) e 275,2 milh\u00f5es de euros (+5,6%), respetivamente.<\/p>\n<p style=\"font-weight: 400;\">Analisando as \u00e1reas de neg\u00f3cios, todas elas \u2014 com exce\u00e7\u00e3o do trabalho tempor\u00e1rio \u2014 contribu\u00edram para o desenvolvimento positivo do volume de neg\u00f3cios. O pilar mais importante \u00e9 o segmento <em>\u201cVehicles\u201d,<\/em> com 2137,9 milh\u00f5es de euros (+6,4%), seguido do segmento <em>\u201cIndustrial Assets\u201d<\/em>, com 621,2 milh\u00f5es de euros (+5,8%).<\/p>\n<p style=\"font-weight: 400;\"><strong>A DEKRA em Portugal<\/strong><\/p>\n<p style=\"font-weight: 400;\">A DEKRA completa este ano 100 anos, desses, 34 anos s\u00e3o em Portugal e tem-se focado nas Inspe\u00e7\u00f5es T\u00e9cnicas de Ve\u00edculos; Peritagens e Regulariza\u00e7\u00e3o de Sinistros; Verifica\u00e7\u00e3o de Qualidade de Ve\u00edculos Usados; Testes de Baterias para Ve\u00edculos Eletrificados; Auditorias; Car Testing; Consultoria e mais recentemente, em 15 \u00e1reas de Forma\u00e7\u00e3o.<\/p>\n<p style=\"font-weight: 400;\">Atualmente est\u00e3o presentes em territ\u00f3rio portugu\u00eas 17 centros de inspe\u00e7\u00e3o, distribu\u00eddos pela regi\u00e3o centro, onde empregam cerca de 292 funcion\u00e1rios e contabilizam cerca de 500,000 inspe\u00e7\u00f5es por ano.<\/p>\n<p style=\"font-weight: 400;\">Sandro Campos, Marketing Manager da DEKRA, fez um balan\u00e7o deste \u00faltimo ano de atividade e deixou claro quais as \u00e1reas de foco corporativo, num futuro pr\u00f3ximo, no nosso pa\u00eds \u201cQueremos nos pr\u00f3ximos anos contribuir para aumentar o atual portf\u00f3lio de servi\u00e7os, paralelamente ao desenvolvimento de novos servi\u00e7os, tais como: ve\u00edculos do futuro e servi\u00e7os de mobilidade; cyber seguran\u00e7a; servi\u00e7os de sustentabilidade. Este objetivo ser\u00e1 alcan\u00e7ado atrav\u00e9s da tecnologia e do enfoque empresarial que as \u00e1reas de foco proporcionam\u201d.<\/p>\n<p style=\"font-weight: 400;\"><strong>Modelo de neg\u00f3cios preparado para o futuro<\/strong><\/p>\n<p style=\"font-weight: 400;\">De forma a preparar o seu modelo de neg\u00f3cios para o futuro, a DEKRA introduziu, no in\u00edcio da d\u00e9cada, \u00e1reas de crescimento estrat\u00e9gicas atrav\u00e9s da sua \u201cEstrat\u00e9gia 2025\u201d: mobilidade do futuro, sustentabilidade, ciberseguran\u00e7a e intelig\u00eancia artificial. Al\u00e9m disso, a presen\u00e7a global na \u00c1sia e no M\u00e9dio Oriente foi refor\u00e7ada nos \u00faltimos anos. No \u00faltimo ano da implementa\u00e7\u00e3o da estrat\u00e9gia, Zurkiewicz tira uma conclus\u00e3o positiva: \u201cDe acordo com a sua Estrat\u00e9gia 2025, a DEKRA est\u00e1 a desenvolver-se para se tornar uma organiza\u00e7\u00e3o especializada, independente e l\u00edder no mundo digital e na mobilidade baseada em software. Agora que estamos a chegar ao fim do per\u00edodo da estrat\u00e9gia, estamos, mais uma vez, a dar \u00a0tudo na reta final com os nossos servi\u00e7os inovadores e a nossa presen\u00e7a global\u201d.<\/p>\n<p style=\"font-weight: 400;\"><strong>Perspetivas para 2025<\/strong><\/p>\n<p style=\"font-weight: 400;\">Uma das novidades de servi\u00e7o mais importantes em 2025 \u00e9 o \u201cDigital Trust Service\u201d. Com esta solu\u00e7\u00e3o integrada \u00fanica no mundo, a empresa pretende ajudar os seus clientes a introduzir inova\u00e7\u00f5es de produtos no mercado de forma mais r\u00e1pida e, ao mesmo tempo, minimizar os riscos de seguran\u00e7a. Pela primeira vez, a empresa est\u00e1 a oferecer inspe\u00e7\u00e3o e certifica\u00e7\u00e3o integradas de tr\u00eas aspetos de seguran\u00e7a essenciais \u2014 seguran\u00e7a funcional, ciberseguran\u00e7a e IA \u2014 a partir de uma \u00fanica fonte. O servi\u00e7o tem por objetivo garantir um novo n\u00edvel de confian\u00e7a, transpar\u00eancia e conformidade na economia digital.<\/p>\n<p style=\"font-weight: 400;\">Apesar das condi\u00e7\u00f5es econ\u00f3micas continuarem desafiadoras, a DEKRA pretende continuar a prosseguir o seu caminho de crescimento no seu 100.\u00ba ano de exist\u00eancia. \u201cEstamos firmemente empenhados nos nossos objetivos de crescimento: apesar dos riscos geopol\u00edticos e macroecon\u00f3micos, esperamos um crescimento m\u00e9dio pr\u00f3ximo de 5% no volume de neg\u00f3cios e no EBIT para 2025\u201d, afirmou o CEO da DEKRA. \u201cEm 2025, esperamos que os servi\u00e7os relacionados com os ve\u00edculos e as nossas novas ofertas, como o \u201cDigital Trust Service\u201d da DEKRA, impulsionem o crescimento. Os fundos especiais recentemente criados pelo Governo alem\u00e3o e pela UE dever\u00e3o tamb\u00e9m garantir uma maior procura \u2014 por exemplo, para inspe\u00e7\u00f5es de infraestruturas, mobilidade sustent\u00e1vel ou tecnologias e sistemas relacionados com a defesa\u201d, concluiu.<\/p>\n<p style=\"font-weight: 400;\">O Jornal das Oficinas esteve \u00e0 conversa com Sandro Campos, Marketing Manager da DEKRA, assista <a href=\"https:\/\/www.facebook.com\/share\/v\/1Ffr2BTiR4\/\" target=\"_blank\" rel=\"noopener\">aqui<\/a> a toda a conversa.<\/p>\n<p>&nbsp;<\/p>\n<div class=\"wonderplugingallery-container\" id=\"wonderplugingallery-container-236\" style=\"max-width:960px;margin:0 auto;\"><div class=\"wonderplugingallery\" id=\"wonderplugingallery-236\" data-galleryid=\"236\" data-width=\"960\" data-height=\"540\" data-skin=\"gallery\" data-playsinline=\"false\" data-mutevideo=\"false\" data-random=\"false\" data-autoslide=\"false\" data-autoplayvideo=\"false\" data-schemamarkup=\"false\" data-stopallplaying=\"false\" data-reloadonvideoend=\"false\" data-donotuseposter=\"false\" data-enabletabindex=\"false\" data-loadnextonvideoend=\"false\" data-hidetitlewhenvideoisplaying=\"false\" data-disablehovereventontouch=\"false\" data-autoslideandplayafterfirstplayed=\"false\" data-html5player=\"true\" data-responsive=\"true\" data-fullwidth=\"false\" data-showtitle=\"true\" data-showdescription=\"true\" data-showplaybutton=\"true\" data-showfullscreenbutton=\"true\" data-showtimer=\"true\" data-showcarousel=\"true\" data-galleryshadow=\"false\" data-slideshadow=\"true\" data-thumbshowtitle=\"false\" data-thumbshowimage=\"true\" data-thumbshadow=\"true\" data-lightboxshowtitle=\"true\" data-lightboxshowdescription=\"true\" data-specifyid=\"true\" data-donotinit=\"false\" data-addinitscript=\"false\" data-triggerresize=\"false\" data-thumbcolumnsresponsive=\"false\" data-thumbverticalmiddle=\"true\" data-removeinlinecss=\"true\" data-switchonmouseover=\"false\" data-showcategory=\"true\" data-carouselpagination=\"false\" data-showimgtitle=\"false\" data-titlesmallscreen=\"false\" data-initsocial=\"true\" data-showsocial=\"false\" data-showemail=\"false\" data-showfacebook=\"true\" data-showtwitter=\"true\" data-showpinterest=\"true\" data-socialrotateeffect=\"true\" data-doshortcodeontext=\"false\" data-loop=\"0\" data-duration=\"1500\" data-slideduration=\"1000\" data-slideshowinterval=\"6000\" data-googleanalyticsaccount=\"\" data-ga4account=\"\" data-resizemode=\"fill\" data-imagetoolboxmode=\"mouseover\" data-effect=\"fade\" data-padding=\"12\" data-bgcolor=\"\" data-bgimage=\"\" data-thumbwidth=\"120\" data-thumbheight=\"60\" data-thumbgap=\"8\" data-thumbrowgap=\"16\" data-lightboxtextheight=\"72\" data-lightboxtitlecss=\"{color:#333333; font:bold 12px Arial,Helvetica,sans-serif; overflow:hidden; white-space:normal; line-height:18px;}\" data-lightboxdescriptioncss=\"{color:#333333; font:normal 12px Arial,Helvetica,sans-serif; overflow:hidden; white-space:normal; line-height:14px;}\" data-titlecss=\"{color:#ffffff; font-size:14px; font-family:Armata, sans-serif, Arial; overflow:hidden; text-align:left; padding:10px 0px 10px 10px; background:rgb(102, 102, 102) transparent; background:rgba(102, 102, 102, 0.6);}\" data-descriptioncss=\"{color:#ffffff; font-size:13px; font-family:Armata, sans-serif, Arial; overflow:hidden; text-align:left; padding:0px 0px 10px 10px; background:rgb(102, 102, 102) transparent; background:rgba(102, 102, 102, 0.6);}\" data-titleheight=\"72\" data-titlesmallscreenwidth=\"640\" data-titleheightsmallscreen=\"148\" data-socialmode=\"mouseover\" data-socialposition=\"position:absolute;top:8px;right:8px;\" data-socialpositionlightbox=\"position:absolute;top:8px;right:8px;\" data-socialdirection=\"horizontal\" data-socialbuttonsize=\"32\" data-socialbuttonfontsize=\"18\" data-defaultvideovolume=\"1\" data-thumbtitleheight=\"24\" data-thumbmediumtitleheight=\"48\" data-thumbsmalltitleheight=\"72\" data-categoryheight=\"48\" data-categorydefault=\"all\" data-triggerresizedelay=\"100\" data-thumbmediumsize=\"800\" data-thumbsmallsize=\"480\" data-thumbmediumwidth=\"64\" data-thumbmediumheight=\"64\" data-thumbsmallwidth=\"48\" data-thumbsmallheight=\"48\" data-imgtitle=\"title\" data-carouselpaginationrow=\"3\" data-categorystyle=\"dropdown\" data-categorylist=\"[{&quot;slug&quot;:&quot;all&quot;,&quot;caption&quot;:&quot;Show All&quot;}]\" data-jsfolder=\"https:\/\/jornaldasoficinas.com\/pt\/wp-content\/plugins\/wonderplugin-gallery\/engine\/\" style=\"display:none;\" ><a class=\"html5galleryimglink\" href=\"https:\/\/jornaldasoficinas.com\/pt\/wp-content\/uploads\/2025\/04\/DEKRAfaturaemportugal\/IMG_8910.jpg\" data-mediatype=1><img decoding=\"async\" class=\"html5galleryimg html5gallery-tn-image\" src=\"https:\/\/jornaldasoficinas.com\/pt\/wp-content\/uploads\/2025\/04\/DEKRAfaturaemportugal\/IMG_8910.jpg\" alt=\"\"><\/a><div class=\"html5gallery-info\"><\/div><a class=\"html5galleryimglink\" href=\"https:\/\/jornaldasoficinas.com\/pt\/wp-content\/uploads\/2025\/04\/DEKRAfaturaemportugal\/IMG_8915.jpg\" data-mediatype=1><img decoding=\"async\" class=\"html5galleryimg html5gallery-tn-image\" src=\"https:\/\/jornaldasoficinas.com\/pt\/wp-content\/uploads\/2025\/04\/DEKRAfaturaemportugal\/IMG_8915.jpg\" alt=\"\"><\/a><div class=\"html5gallery-info\"><\/div><a class=\"html5galleryimglink\" href=\"https:\/\/jornaldasoficinas.com\/pt\/wp-content\/uploads\/2025\/04\/DEKRAfaturaemportugal\/IMG_8917.jpg\" data-mediatype=1><img decoding=\"async\" class=\"html5galleryimg html5gallery-tn-image\" src=\"https:\/\/jornaldasoficinas.com\/pt\/wp-content\/uploads\/2025\/04\/DEKRAfaturaemportugal\/IMG_8917.jpg\" alt=\"\"><\/a><div class=\"html5gallery-info\"><\/div><a class=\"html5galleryimglink\" href=\"https:\/\/jornaldasoficinas.com\/pt\/wp-content\/uploads\/2025\/04\/DEKRAfaturaemportugal\/IMG_8919.jpg\" data-mediatype=1><img decoding=\"async\" class=\"html5galleryimg html5gallery-tn-image\" src=\"https:\/\/jornaldasoficinas.com\/pt\/wp-content\/uploads\/2025\/04\/DEKRAfaturaemportugal\/IMG_8919.jpg\" alt=\"\"><\/a><div class=\"html5gallery-info\"><\/div><a class=\"html5galleryimglink\" href=\"https:\/\/jornaldasoficinas.com\/pt\/wp-content\/uploads\/2025\/04\/DEKRAfaturaemportugal\/IMG_8923.jpg\" data-mediatype=1><img decoding=\"async\" class=\"html5galleryimg html5gallery-tn-image\" src=\"https:\/\/jornaldasoficinas.com\/pt\/wp-content\/uploads\/2025\/04\/DEKRAfaturaemportugal\/IMG_8923.jpg\" alt=\"\"><\/a><div class=\"html5gallery-info\"><\/div><a class=\"html5galleryimglink\" href=\"https:\/\/jornaldasoficinas.com\/pt\/wp-content\/uploads\/2025\/04\/DEKRAfaturaemportugal\/IMG_8924.jpg\" data-mediatype=1><img decoding=\"async\" class=\"html5galleryimg html5gallery-tn-image\" src=\"https:\/\/jornaldasoficinas.com\/pt\/wp-content\/uploads\/2025\/04\/DEKRAfaturaemportugal\/IMG_8924.jpg\" alt=\"\"><\/a><div class=\"html5gallery-info\"><\/div><a class=\"html5galleryimglink\" href=\"https:\/\/jornaldasoficinas.com\/pt\/wp-content\/uploads\/2025\/04\/DEKRAfaturaemportugal\/IMG_8926.jpg\" data-mediatype=1><img decoding=\"async\" class=\"html5galleryimg html5gallery-tn-image\" src=\"https:\/\/jornaldasoficinas.com\/pt\/wp-content\/uploads\/2025\/04\/DEKRAfaturaemportugal\/IMG_8926.jpg\" alt=\"\"><\/a><div class=\"html5gallery-info\"><\/div><a class=\"html5galleryimglink\" href=\"https:\/\/jornaldasoficinas.com\/pt\/wp-content\/uploads\/2025\/04\/DEKRAfaturaemportugal\/IMG_8927.jpg\" data-mediatype=1><img decoding=\"async\" class=\"html5galleryimg html5gallery-tn-image\" src=\"https:\/\/jornaldasoficinas.com\/pt\/wp-content\/uploads\/2025\/04\/DEKRAfaturaemportugal\/IMG_8927.jpg\" alt=\"\"><\/a><div class=\"html5gallery-info\"><\/div><a class=\"html5galleryimglink\" href=\"https:\/\/jornaldasoficinas.com\/pt\/wp-content\/uploads\/2025\/04\/DEKRAfaturaemportugal\/IMG_8928.jpg\" data-mediatype=1><img decoding=\"async\" class=\"html5galleryimg html5gallery-tn-image\" src=\"https:\/\/jornaldasoficinas.com\/pt\/wp-content\/uploads\/2025\/04\/DEKRAfaturaemportugal\/IMG_8928.jpg\" alt=\"\"><\/a><div class=\"html5gallery-info\"><\/div><a class=\"html5galleryimglink\" href=\"https:\/\/jornaldasoficinas.com\/pt\/wp-content\/uploads\/2025\/04\/DEKRAfaturaemportugal\/IMG_8930.jpg\" data-mediatype=1><img decoding=\"async\" class=\"html5galleryimg html5gallery-tn-image\" src=\"https:\/\/jornaldasoficinas.com\/pt\/wp-content\/uploads\/2025\/04\/DEKRAfaturaemportugal\/IMG_8930.jpg\" alt=\"\"><\/a><div class=\"html5gallery-info\"><\/div><a class=\"html5galleryimglink\" href=\"https:\/\/jornaldasoficinas.com\/pt\/wp-content\/uploads\/2025\/04\/DEKRAfaturaemportugal\/IMG_8932.jpg\" data-mediatype=1><img decoding=\"async\" class=\"html5galleryimg html5gallery-tn-image\" src=\"https:\/\/jornaldasoficinas.com\/pt\/wp-content\/uploads\/2025\/04\/DEKRAfaturaemportugal\/IMG_8932.jpg\" alt=\"\"><\/a><div class=\"html5gallery-info\"><\/div><a class=\"html5galleryimglink\" href=\"https:\/\/jornaldasoficinas.com\/pt\/wp-content\/uploads\/2025\/04\/DEKRAfaturaemportugal\/IMG_8935.jpg\" data-mediatype=1><img decoding=\"async\" class=\"html5galleryimg html5gallery-tn-image\" src=\"https:\/\/jornaldasoficinas.com\/pt\/wp-content\/uploads\/2025\/04\/DEKRAfaturaemportugal\/IMG_8935.jpg\" alt=\"\"><\/a><div class=\"html5gallery-info\"><\/div><a class=\"html5galleryimglink\" href=\"https:\/\/jornaldasoficinas.com\/pt\/wp-content\/uploads\/2025\/04\/DEKRAfaturaemportugal\/IMG_8936.jpg\" data-mediatype=1><img decoding=\"async\" class=\"html5galleryimg html5gallery-tn-image\" src=\"https:\/\/jornaldasoficinas.com\/pt\/wp-content\/uploads\/2025\/04\/DEKRAfaturaemportugal\/IMG_8936.jpg\" alt=\"\"><\/a><div class=\"html5gallery-info\"><\/div><a class=\"html5galleryimglink\" href=\"https:\/\/jornaldasoficinas.com\/pt\/wp-content\/uploads\/2025\/04\/DEKRAfaturaemportugal\/IMG_8937.jpg\" data-mediatype=1><img decoding=\"async\" class=\"html5galleryimg html5gallery-tn-image\" src=\"https:\/\/jornaldasoficinas.com\/pt\/wp-content\/uploads\/2025\/04\/DEKRAfaturaemportugal\/IMG_8937.jpg\" alt=\"\"><\/a><div class=\"html5gallery-info\"><\/div><a class=\"html5galleryimglink\" href=\"https:\/\/jornaldasoficinas.com\/pt\/wp-content\/uploads\/2025\/04\/DEKRAfaturaemportugal\/IMG_8940.jpg\" data-mediatype=1><img decoding=\"async\" class=\"html5galleryimg html5gallery-tn-image\" src=\"https:\/\/jornaldasoficinas.com\/pt\/wp-content\/uploads\/2025\/04\/DEKRAfaturaemportugal\/IMG_8940.jpg\" alt=\"\"><\/a><div class=\"html5gallery-info\"><\/div><\/div><\/div><script>function wondergallery_236_appendcss(csscode) {var head=document.head || document.getElementsByTagName(\"head\")[0];var style=document.createElement(\"style\");head.appendChild(style);style.type=\"text\/css\";if (style.styleSheet){style.styleSheet.cssText=csscode;} else {style.appendChild(document.createTextNode(csscode));}};wondergallery_236_appendcss(\"#wonderplugingallery-236 .html5gallery-cat-selection-236 { \tbox-sizing: border-box; \ttext-align: center; }  #wonderplugingallery-236 .html5gallery-cat-selection-236 select { \tbox-sizing: border-box; \tmargin: 4px auto; }\");<\/script>\n<p style=\"font-weight: 400;\">\n","protected":false},"excerpt":{"rendered":"<p>O Jornal das Oficinas esteve esta&#8230;<\/p>\n","protected":false},"author":15,"featured_media":100333,"comment_status":"closed","ping_status":"closed","sticky":false,"template":"","format":"standard","meta":{"footnotes":""},"categories":[29],"tags":[1111,12484,12487,12488,12492,12489,12485,12491,12486,8388,12490],"class_list":["post-100314","post","type-post","status-publish","format-standard","has-post-thumbnail","hentry","category-empresas","tag-dekra","tag-dekra-portugal","tag-inspecoes-tecnicas-de-veiculos","tag-peritagens","tag-perspectivas-2025","tag-regularizacao-de-sinistros","tag-resultados-anuais","tag-sandro-campos","tag-stan-zurkiewicz","tag-testes-de-baterias","tag-verificacao-de-qualidade-de-veiculos-usados"],"yoast_head":"<!-- This site is optimized with the Yoast SEO plugin v27.4 - https:\/\/yoast.com\/product\/yoast-seo-wordpress\/ -->\n<title>DEKRA fatura em Portugal cerca de 22 milh\u00f5es de euros - Jornal das Oficinas<\/title>\n<meta name=\"description\" content=\"O JO esteve esta manh\u00e3 na sede da DEKRA, em Lisboa, para assistir \u00e0 divulga\u00e7\u00e3o dos resultados anuais da empresa ao n\u00edvel global e europeu\" \/>\n<meta name=\"robots\" content=\"index, follow, max-snippet:-1, max-image-preview:large, max-video-preview:-1\" \/>\n<link rel=\"canonical\" href=\"https:\/\/jornaldasoficinas.com\/pt\/dekra-fatura-em-portugal-cerca-de-22-milhoes-de-euros\/\" \/>\n<meta property=\"og:locale\" content=\"pt_PT\" \/>\n<meta property=\"og:type\" content=\"article\" \/>\n<meta property=\"og:title\" content=\"DEKRA fatura em Portugal cerca de 22 milh\u00f5es de euros - Jornal das Oficinas\" \/>\n<meta property=\"og:description\" content=\"O JO esteve esta manh\u00e3 na sede da DEKRA, em Lisboa, para assistir \u00e0 divulga\u00e7\u00e3o dos resultados anuais da empresa ao n\u00edvel global e europeu\" \/>\n<meta property=\"og:url\" content=\"https:\/\/jornaldasoficinas.com\/pt\/dekra-fatura-em-portugal-cerca-de-22-milhoes-de-euros\/\" \/>\n<meta property=\"og:site_name\" content=\"Jornal das Oficinas\" \/>\n<meta property=\"article:publisher\" content=\"https:\/\/www.facebook.com\/jornaloficinas\" \/>\n<meta property=\"article:published_time\" content=\"2025-04-10T16:00:22+00:00\" \/>\n<meta property=\"article:modified_time\" content=\"2025-04-10T18:20:08+00:00\" \/>\n<meta property=\"og:image\" content=\"https:\/\/jornaldasoficinas.com\/pt\/wp-content\/uploads\/2025\/04\/DEKRA-fatura-em-Portugal-cerca-de-22-milhoes-de-euros.jpg\" \/>\n\t<meta property=\"og:image:width\" content=\"1024\" \/>\n\t<meta property=\"og:image:height\" content=\"581\" \/>\n\t<meta property=\"og:image:type\" content=\"image\/jpeg\" \/>\n<meta name=\"author\" content=\"Reda\u00e7\u00e3o JO\" \/>\n<meta name=\"twitter:card\" content=\"summary_large_image\" \/>\n<meta name=\"twitter:creator\" content=\"@jornaloficinas\" \/>\n<meta name=\"twitter:site\" content=\"@jornaloficinas\" \/>\n<meta name=\"twitter:label1\" content=\"Escrito por\" \/>\n\t<meta name=\"twitter:data1\" content=\"Reda\u00e7\u00e3o JO\" \/>\n\t<meta name=\"twitter:label2\" content=\"Tempo estimado de leitura\" \/>\n\t<meta name=\"twitter:data2\" content=\"6 minutos\" \/>\n<script type=\"application\/ld+json\" class=\"yoast-schema-graph\">{\"@context\":\"https:\\\/\\\/schema.org\",\"@graph\":[{\"@type\":\"Article\",\"@id\":\"https:\\\/\\\/jornaldasoficinas.com\\\/pt\\\/dekra-fatura-em-portugal-cerca-de-22-milhoes-de-euros\\\/#article\",\"isPartOf\":{\"@id\":\"https:\\\/\\\/jornaldasoficinas.com\\\/pt\\\/dekra-fatura-em-portugal-cerca-de-22-milhoes-de-euros\\\/\"},\"author\":{\"name\":\"Reda\u00e7\u00e3o JO\",\"@id\":\"https:\\\/\\\/jornaldasoficinas.com\\\/pt\\\/#\\\/schema\\\/person\\\/a38eef5de2c41d9e7c9ac10141afddf3\"},\"headline\":\"DEKRA fatura em Portugal cerca de 22 milh\u00f5es de euros\",\"datePublished\":\"2025-04-10T16:00:22+00:00\",\"dateModified\":\"2025-04-10T18:20:08+00:00\",\"mainEntityOfPage\":{\"@id\":\"https:\\\/\\\/jornaldasoficinas.com\\\/pt\\\/dekra-fatura-em-portugal-cerca-de-22-milhoes-de-euros\\\/\"},\"wordCount\":1040,\"publisher\":{\"@id\":\"https:\\\/\\\/jornaldasoficinas.com\\\/pt\\\/#organization\"},\"image\":{\"@id\":\"https:\\\/\\\/jornaldasoficinas.com\\\/pt\\\/dekra-fatura-em-portugal-cerca-de-22-milhoes-de-euros\\\/#primaryimage\"},\"thumbnailUrl\":\"https:\\\/\\\/jornaldasoficinas.com\\\/pt\\\/wp-content\\\/uploads\\\/2025\\\/04\\\/DEKRA-fatura-em-Portugal-cerca-de-22-milhoes-de-euros.jpg\",\"keywords\":[\"DEKRA\",\"DEKRA Portugal\",\"Inspe\u00e7\u00f5es T\u00e9cnicas de Ve\u00edculos\",\"Peritagens\",\"perspectivas 2025\",\"Regulariza\u00e7\u00e3o de Sinistros\",\"resultados anuais\",\"Sandro Campos\",\"Stan Zurkiewicz\",\"testes de baterias\",\"Verifica\u00e7\u00e3o de Qualidade de Ve\u00edculos Usados\"],\"articleSection\":[\"Empresas\"],\"inLanguage\":\"pt-PT\"},{\"@type\":\"WebPage\",\"@id\":\"https:\\\/\\\/jornaldasoficinas.com\\\/pt\\\/dekra-fatura-em-portugal-cerca-de-22-milhoes-de-euros\\\/\",\"url\":\"https:\\\/\\\/jornaldasoficinas.com\\\/pt\\\/dekra-fatura-em-portugal-cerca-de-22-milhoes-de-euros\\\/\",\"name\":\"DEKRA fatura em Portugal cerca de 22 milh\u00f5es de euros - Jornal das Oficinas\",\"isPartOf\":{\"@id\":\"https:\\\/\\\/jornaldasoficinas.com\\\/pt\\\/#website\"},\"primaryImageOfPage\":{\"@id\":\"https:\\\/\\\/jornaldasoficinas.com\\\/pt\\\/dekra-fatura-em-portugal-cerca-de-22-milhoes-de-euros\\\/#primaryimage\"},\"image\":{\"@id\":\"https:\\\/\\\/jornaldasoficinas.com\\\/pt\\\/dekra-fatura-em-portugal-cerca-de-22-milhoes-de-euros\\\/#primaryimage\"},\"thumbnailUrl\":\"https:\\\/\\\/jornaldasoficinas.com\\\/pt\\\/wp-content\\\/uploads\\\/2025\\\/04\\\/DEKRA-fatura-em-Portugal-cerca-de-22-milhoes-de-euros.jpg\",\"datePublished\":\"2025-04-10T16:00:22+00:00\",\"dateModified\":\"2025-04-10T18:20:08+00:00\",\"description\":\"O JO esteve esta manh\u00e3 na sede da DEKRA, em Lisboa, para assistir \u00e0 divulga\u00e7\u00e3o dos resultados anuais da empresa ao n\u00edvel global e europeu\",\"breadcrumb\":{\"@id\":\"https:\\\/\\\/jornaldasoficinas.com\\\/pt\\\/dekra-fatura-em-portugal-cerca-de-22-milhoes-de-euros\\\/#breadcrumb\"},\"inLanguage\":\"pt-PT\",\"potentialAction\":[{\"@type\":\"ReadAction\",\"target\":[\"https:\\\/\\\/jornaldasoficinas.com\\\/pt\\\/dekra-fatura-em-portugal-cerca-de-22-milhoes-de-euros\\\/\"]}]},{\"@type\":\"ImageObject\",\"inLanguage\":\"pt-PT\",\"@id\":\"https:\\\/\\\/jornaldasoficinas.com\\\/pt\\\/dekra-fatura-em-portugal-cerca-de-22-milhoes-de-euros\\\/#primaryimage\",\"url\":\"https:\\\/\\\/jornaldasoficinas.com\\\/pt\\\/wp-content\\\/uploads\\\/2025\\\/04\\\/DEKRA-fatura-em-Portugal-cerca-de-22-milhoes-de-euros.jpg\",\"contentUrl\":\"https:\\\/\\\/jornaldasoficinas.com\\\/pt\\\/wp-content\\\/uploads\\\/2025\\\/04\\\/DEKRA-fatura-em-Portugal-cerca-de-22-milhoes-de-euros.jpg\",\"width\":1024,\"height\":581,\"caption\":\"04 - DEKRA fatura em Portugal cerca de 22 milhoes de euros\"},{\"@type\":\"BreadcrumbList\",\"@id\":\"https:\\\/\\\/jornaldasoficinas.com\\\/pt\\\/dekra-fatura-em-portugal-cerca-de-22-milhoes-de-euros\\\/#breadcrumb\",\"itemListElement\":[{\"@type\":\"ListItem\",\"position\":1,\"name\":\"In\u00edcio\",\"item\":\"https:\\\/\\\/jornaldasoficinas.com\\\/pt\\\/\"},{\"@type\":\"ListItem\",\"position\":2,\"name\":\"DEKRA fatura em Portugal cerca de 22 milh\u00f5es de euros\"}]},{\"@type\":\"WebSite\",\"@id\":\"https:\\\/\\\/jornaldasoficinas.com\\\/pt\\\/#website\",\"url\":\"https:\\\/\\\/jornaldasoficinas.com\\\/pt\\\/\",\"name\":\"Jornal das Oficinas\",\"description\":\"Jornal independente do Aftermarket Autom\u00f3vel em Portugal\",\"publisher\":{\"@id\":\"https:\\\/\\\/jornaldasoficinas.com\\\/pt\\\/#organization\"},\"potentialAction\":[{\"@type\":\"SearchAction\",\"target\":{\"@type\":\"EntryPoint\",\"urlTemplate\":\"https:\\\/\\\/jornaldasoficinas.com\\\/pt\\\/?s={search_term_string}\"},\"query-input\":{\"@type\":\"PropertyValueSpecification\",\"valueRequired\":true,\"valueName\":\"search_term_string\"}}],\"inLanguage\":\"pt-PT\"},{\"@type\":\"Organization\",\"@id\":\"https:\\\/\\\/jornaldasoficinas.com\\\/pt\\\/#organization\",\"name\":\"Jornal das Oficinas\",\"url\":\"https:\\\/\\\/jornaldasoficinas.com\\\/pt\\\/\",\"logo\":{\"@type\":\"ImageObject\",\"inLanguage\":\"pt-PT\",\"@id\":\"https:\\\/\\\/jornaldasoficinas.com\\\/pt\\\/#\\\/schema\\\/logo\\\/image\\\/\",\"url\":\"https:\\\/\\\/jornaldasoficinas.com\\\/pt\\\/wp-content\\\/uploads\\\/logoJO-SEO.png\",\"contentUrl\":\"https:\\\/\\\/jornaldasoficinas.com\\\/pt\\\/wp-content\\\/uploads\\\/logoJO-SEO.png\",\"width\":285,\"height\":450,\"caption\":\"Jornal das Oficinas\"},\"image\":{\"@id\":\"https:\\\/\\\/jornaldasoficinas.com\\\/pt\\\/#\\\/schema\\\/logo\\\/image\\\/\"},\"sameAs\":[\"https:\\\/\\\/www.facebook.com\\\/jornaloficinas\",\"https:\\\/\\\/x.com\\\/jornaloficinas\",\"https:\\\/\\\/www.instagram.com\\\/jornal_oficinas\\\/\",\"https:\\\/\\\/www.linkedin.com\\\/company\\\/jornal-das-oficinas\\\/\",\"https:\\\/\\\/www.youtube.com\\\/channel\\\/UCbQZBqtcvV-oSQrr7RzINGg\"]},{\"@type\":\"Person\",\"@id\":\"https:\\\/\\\/jornaldasoficinas.com\\\/pt\\\/#\\\/schema\\\/person\\\/a38eef5de2c41d9e7c9ac10141afddf3\",\"name\":\"Reda\u00e7\u00e3o JO\",\"image\":{\"@type\":\"ImageObject\",\"inLanguage\":\"pt-PT\",\"@id\":\"https:\\\/\\\/secure.gravatar.com\\\/avatar\\\/71f2fa71737ad68a84fea94bc708ddac8ea5b0c4788dc2ad202f3ccb2887742f?s=96&d=wp_user_avatar&r=g\",\"url\":\"https:\\\/\\\/secure.gravatar.com\\\/avatar\\\/71f2fa71737ad68a84fea94bc708ddac8ea5b0c4788dc2ad202f3ccb2887742f?s=96&d=wp_user_avatar&r=g\",\"contentUrl\":\"https:\\\/\\\/secure.gravatar.com\\\/avatar\\\/71f2fa71737ad68a84fea94bc708ddac8ea5b0c4788dc2ad202f3ccb2887742f?s=96&d=wp_user_avatar&r=g\",\"caption\":\"Reda\u00e7\u00e3o JO\"},\"url\":\"https:\\\/\\\/jornaldasoficinas.com\\\/pt\\\/author\\\/joredacao\\\/\"}]}<\/script>\n<!-- \/ Yoast SEO plugin. -->","yoast_head_json":{"title":"DEKRA fatura em Portugal cerca de 22 milh\u00f5es de euros - Jornal das Oficinas","description":"O JO esteve esta manh\u00e3 na sede da DEKRA, em Lisboa, para assistir \u00e0 divulga\u00e7\u00e3o dos resultados anuais da empresa ao n\u00edvel global e europeu","robots":{"index":"index","follow":"follow","max-snippet":"max-snippet:-1","max-image-preview":"max-image-preview:large","max-video-preview":"max-video-preview:-1"},"canonical":"https:\/\/jornaldasoficinas.com\/pt\/dekra-fatura-em-portugal-cerca-de-22-milhoes-de-euros\/","og_locale":"pt_PT","og_type":"article","og_title":"DEKRA fatura em Portugal cerca de 22 milh\u00f5es de euros - Jornal das Oficinas","og_description":"O JO esteve esta manh\u00e3 na sede da DEKRA, em Lisboa, para assistir \u00e0 divulga\u00e7\u00e3o dos resultados anuais da empresa ao n\u00edvel global e europeu","og_url":"https:\/\/jornaldasoficinas.com\/pt\/dekra-fatura-em-portugal-cerca-de-22-milhoes-de-euros\/","og_site_name":"Jornal das Oficinas","article_publisher":"https:\/\/www.facebook.com\/jornaloficinas","article_published_time":"2025-04-10T16:00:22+00:00","article_modified_time":"2025-04-10T18:20:08+00:00","og_image":[{"width":1024,"height":581,"url":"https:\/\/jornaldasoficinas.com\/pt\/wp-content\/uploads\/2025\/04\/DEKRA-fatura-em-Portugal-cerca-de-22-milhoes-de-euros.jpg","type":"image\/jpeg"}],"author":"Reda\u00e7\u00e3o JO","twitter_card":"summary_large_image","twitter_creator":"@jornaloficinas","twitter_site":"@jornaloficinas","twitter_misc":{"Escrito por":"Reda\u00e7\u00e3o JO","Tempo estimado de leitura":"6 minutos"},"schema":{"@context":"https:\/\/schema.org","@graph":[{"@type":"Article","@id":"https:\/\/jornaldasoficinas.com\/pt\/dekra-fatura-em-portugal-cerca-de-22-milhoes-de-euros\/#article","isPartOf":{"@id":"https:\/\/jornaldasoficinas.com\/pt\/dekra-fatura-em-portugal-cerca-de-22-milhoes-de-euros\/"},"author":{"name":"Reda\u00e7\u00e3o JO","@id":"https:\/\/jornaldasoficinas.com\/pt\/#\/schema\/person\/a38eef5de2c41d9e7c9ac10141afddf3"},"headline":"DEKRA fatura em Portugal cerca de 22 milh\u00f5es de euros","datePublished":"2025-04-10T16:00:22+00:00","dateModified":"2025-04-10T18:20:08+00:00","mainEntityOfPage":{"@id":"https:\/\/jornaldasoficinas.com\/pt\/dekra-fatura-em-portugal-cerca-de-22-milhoes-de-euros\/"},"wordCount":1040,"publisher":{"@id":"https:\/\/jornaldasoficinas.com\/pt\/#organization"},"image":{"@id":"https:\/\/jornaldasoficinas.com\/pt\/dekra-fatura-em-portugal-cerca-de-22-milhoes-de-euros\/#primaryimage"},"thumbnailUrl":"https:\/\/jornaldasoficinas.com\/pt\/wp-content\/uploads\/2025\/04\/DEKRA-fatura-em-Portugal-cerca-de-22-milhoes-de-euros.jpg","keywords":["DEKRA","DEKRA Portugal","Inspe\u00e7\u00f5es T\u00e9cnicas de Ve\u00edculos","Peritagens","perspectivas 2025","Regulariza\u00e7\u00e3o de Sinistros","resultados anuais","Sandro Campos","Stan Zurkiewicz","testes de baterias","Verifica\u00e7\u00e3o de Qualidade de Ve\u00edculos Usados"],"articleSection":["Empresas"],"inLanguage":"pt-PT"},{"@type":"WebPage","@id":"https:\/\/jornaldasoficinas.com\/pt\/dekra-fatura-em-portugal-cerca-de-22-milhoes-de-euros\/","url":"https:\/\/jornaldasoficinas.com\/pt\/dekra-fatura-em-portugal-cerca-de-22-milhoes-de-euros\/","name":"DEKRA fatura em Portugal cerca de 22 milh\u00f5es de euros - Jornal das Oficinas","isPartOf":{"@id":"https:\/\/jornaldasoficinas.com\/pt\/#website"},"primaryImageOfPage":{"@id":"https:\/\/jornaldasoficinas.com\/pt\/dekra-fatura-em-portugal-cerca-de-22-milhoes-de-euros\/#primaryimage"},"image":{"@id":"https:\/\/jornaldasoficinas.com\/pt\/dekra-fatura-em-portugal-cerca-de-22-milhoes-de-euros\/#primaryimage"},"thumbnailUrl":"https:\/\/jornaldasoficinas.com\/pt\/wp-content\/uploads\/2025\/04\/DEKRA-fatura-em-Portugal-cerca-de-22-milhoes-de-euros.jpg","datePublished":"2025-04-10T16:00:22+00:00","dateModified":"2025-04-10T18:20:08+00:00","description":"O JO esteve esta manh\u00e3 na sede da DEKRA, em Lisboa, para assistir \u00e0 divulga\u00e7\u00e3o dos resultados anuais da empresa ao n\u00edvel global e europeu","breadcrumb":{"@id":"https:\/\/jornaldasoficinas.com\/pt\/dekra-fatura-em-portugal-cerca-de-22-milhoes-de-euros\/#breadcrumb"},"inLanguage":"pt-PT","potentialAction":[{"@type":"ReadAction","target":["https:\/\/jornaldasoficinas.com\/pt\/dekra-fatura-em-portugal-cerca-de-22-milhoes-de-euros\/"]}]},{"@type":"ImageObject","inLanguage":"pt-PT","@id":"https:\/\/jornaldasoficinas.com\/pt\/dekra-fatura-em-portugal-cerca-de-22-milhoes-de-euros\/#primaryimage","url":"https:\/\/jornaldasoficinas.com\/pt\/wp-content\/uploads\/2025\/04\/DEKRA-fatura-em-Portugal-cerca-de-22-milhoes-de-euros.jpg","contentUrl":"https:\/\/jornaldasoficinas.com\/pt\/wp-content\/uploads\/2025\/04\/DEKRA-fatura-em-Portugal-cerca-de-22-milhoes-de-euros.jpg","width":1024,"height":581,"caption":"04 - DEKRA fatura em Portugal cerca de 22 milhoes de euros"},{"@type":"BreadcrumbList","@id":"https:\/\/jornaldasoficinas.com\/pt\/dekra-fatura-em-portugal-cerca-de-22-milhoes-de-euros\/#breadcrumb","itemListElement":[{"@type":"ListItem","position":1,"name":"In\u00edcio","item":"https:\/\/jornaldasoficinas.com\/pt\/"},{"@type":"ListItem","position":2,"name":"DEKRA fatura em Portugal cerca de 22 milh\u00f5es de euros"}]},{"@type":"WebSite","@id":"https:\/\/jornaldasoficinas.com\/pt\/#website","url":"https:\/\/jornaldasoficinas.com\/pt\/","name":"Jornal das Oficinas","description":"Jornal independente do Aftermarket Autom\u00f3vel em Portugal","publisher":{"@id":"https:\/\/jornaldasoficinas.com\/pt\/#organization"},"potentialAction":[{"@type":"SearchAction","target":{"@type":"EntryPoint","urlTemplate":"https:\/\/jornaldasoficinas.com\/pt\/?s={search_term_string}"},"query-input":{"@type":"PropertyValueSpecification","valueRequired":true,"valueName":"search_term_string"}}],"inLanguage":"pt-PT"},{"@type":"Organization","@id":"https:\/\/jornaldasoficinas.com\/pt\/#organization","name":"Jornal das Oficinas","url":"https:\/\/jornaldasoficinas.com\/pt\/","logo":{"@type":"ImageObject","inLanguage":"pt-PT","@id":"https:\/\/jornaldasoficinas.com\/pt\/#\/schema\/logo\/image\/","url":"https:\/\/jornaldasoficinas.com\/pt\/wp-content\/uploads\/logoJO-SEO.png","contentUrl":"https:\/\/jornaldasoficinas.com\/pt\/wp-content\/uploads\/logoJO-SEO.png","width":285,"height":450,"caption":"Jornal das Oficinas"},"image":{"@id":"https:\/\/jornaldasoficinas.com\/pt\/#\/schema\/logo\/image\/"},"sameAs":["https:\/\/www.facebook.com\/jornaloficinas","https:\/\/x.com\/jornaloficinas","https:\/\/www.instagram.com\/jornal_oficinas\/","https:\/\/www.linkedin.com\/company\/jornal-das-oficinas\/","https:\/\/www.youtube.com\/channel\/UCbQZBqtcvV-oSQrr7RzINGg"]},{"@type":"Person","@id":"https:\/\/jornaldasoficinas.com\/pt\/#\/schema\/person\/a38eef5de2c41d9e7c9ac10141afddf3","name":"Reda\u00e7\u00e3o JO","image":{"@type":"ImageObject","inLanguage":"pt-PT","@id":"https:\/\/secure.gravatar.com\/avatar\/71f2fa71737ad68a84fea94bc708ddac8ea5b0c4788dc2ad202f3ccb2887742f?s=96&d=wp_user_avatar&r=g","url":"https:\/\/secure.gravatar.com\/avatar\/71f2fa71737ad68a84fea94bc708ddac8ea5b0c4788dc2ad202f3ccb2887742f?s=96&d=wp_user_avatar&r=g","contentUrl":"https:\/\/secure.gravatar.com\/avatar\/71f2fa71737ad68a84fea94bc708ddac8ea5b0c4788dc2ad202f3ccb2887742f?s=96&d=wp_user_avatar&r=g","caption":"Reda\u00e7\u00e3o JO"},"url":"https:\/\/jornaldasoficinas.com\/pt\/author\/joredacao\/"}]}},"_links":{"self":[{"href":"https:\/\/jornaldasoficinas.com\/pt\/wp-json\/wp\/v2\/posts\/100314","targetHints":{"allow":["GET"]}}],"collection":[{"href":"https:\/\/jornaldasoficinas.com\/pt\/wp-json\/wp\/v2\/posts"}],"about":[{"href":"https:\/\/jornaldasoficinas.com\/pt\/wp-json\/wp\/v2\/types\/post"}],"author":[{"embeddable":true,"href":"https:\/\/jornaldasoficinas.com\/pt\/wp-json\/wp\/v2\/users\/15"}],"replies":[{"embeddable":true,"href":"https:\/\/jornaldasoficinas.com\/pt\/wp-json\/wp\/v2\/comments?post=100314"}],"version-history":[{"count":15,"href":"https:\/\/jornaldasoficinas.com\/pt\/wp-json\/wp\/v2\/posts\/100314\/revisions"}],"predecessor-version":[{"id":100358,"href":"https:\/\/jornaldasoficinas.com\/pt\/wp-json\/wp\/v2\/posts\/100314\/revisions\/100358"}],"wp:featuredmedia":[{"embeddable":true,"href":"https:\/\/jornaldasoficinas.com\/pt\/wp-json\/wp\/v2\/media\/100333"}],"wp:attachment":[{"href":"https:\/\/jornaldasoficinas.com\/pt\/wp-json\/wp\/v2\/media?parent=100314"}],"wp:term":[{"taxonomy":"category","embeddable":true,"href":"https:\/\/jornaldasoficinas.com\/pt\/wp-json\/wp\/v2\/categories?post=100314"},{"taxonomy":"post_tag","embeddable":true,"href":"https:\/\/jornaldasoficinas.com\/pt\/wp-json\/wp\/v2\/tags?post=100314"}],"curies":[{"name":"wp","href":"https:\/\/api.w.org\/{rel}","templated":true}]}}