{"id":10044,"date":"2020-02-21T20:32:21","date_gmt":"2020-02-21T20:32:21","guid":{"rendered":"https:\/\/jornaldasoficinas.com\/pt\/?p=10044"},"modified":"2023-07-19T15:54:59","modified_gmt":"2023-07-19T14:54:59","slug":"espanha-acolheu-1-encontro-de-distribuidores-jonnesway","status":"publish","type":"post","link":"https:\/\/jornaldasoficinas.com\/pt\/espanha-acolheu-1-encontro-de-distribuidores-jonnesway\/","title":{"rendered":"Espanha acolheu 1.\u00b0 Encontro de Distribuidores Jonnesway"},"content":{"rendered":"<p><img loading=\"lazy\" decoding=\"async\" class=\"alignnone wp-image-10043 size-full\" src=\"https:\/\/jornaldasoficinas.com\/pt\/wp-content\/uploads\/2020\/02\/jonneswayespanha.png\" alt=\"02 - jonneswayespanha\" width=\"1024\" height=\"581\" srcset=\"https:\/\/jornaldasoficinas.com\/pt\/wp-content\/uploads\/2020\/02\/jonneswayespanha.png 1024w, https:\/\/jornaldasoficinas.com\/pt\/wp-content\/uploads\/2020\/02\/jonneswayespanha-300x170.png 300w, https:\/\/jornaldasoficinas.com\/pt\/wp-content\/uploads\/2020\/02\/jonneswayespanha-150x85.png 150w, https:\/\/jornaldasoficinas.com\/pt\/wp-content\/uploads\/2020\/02\/jonneswayespanha-768x436.png 768w\" sizes=\"auto, (max-width: 1024px) 100vw, 1024px\" \/><\/p>\n<p><strong>A Lusilectra, empresa do Grupo Salvador Caetano, realizou o seu 1.\u00b0 Encontro de Distribuidores Jonnesway em Espanha, mais concretamente em Madrid, no passado dia 11 de fevereiro.<\/strong><\/p>\n<p>Este evento ficou marcado por tratar-se do primeiro<em> date<\/em> da Jonnesway com a sua rede de distribui\u00e7\u00e3o em Espanha, no qual marcaram presen\u00e7a v\u00e1rias empresas de distintas prov\u00edncias espanholas.<\/p>\n<p>Para esta a\u00e7\u00e3o, foram preparadas v\u00e1rias apresenta\u00e7\u00f5es e debates sobre as novidades implementadas, bem como a estrat\u00e9gia a seguir para o mercado de <em>nuestros hermanos<\/em>, momentos esses que foram divididos em tr\u00eas fases. A saber:<\/p>\n<p>\u2022 Primeira: as apresenta\u00e7\u00f5es incidiram, principalmente, sobre a hist\u00f3ria e o crescimento da marca Jonnesway, tanto em Portugal como em Espanha.<\/p>\n<p>\u2022 Segunda: focou-se, essencialmente, na estrat\u00e9gia a adotar para este ano, onde o ponto personaliza\u00e7\u00e3o e as solu\u00e7\u00f5es \u00e0 medida estiveram em debate. A <a href=\"https:\/\/www.jonneswaytools.com\/\" target=\"_blank\" rel=\"noopener noreferrer\">Jonnesway<\/a> \u00e9 a primeira marca de ferramentas a personalizar as suas composi\u00e7\u00f5es de acordo com as necessidades dos clientes, apostando, desta forma, no aumento da produtividade em cada posto de trabalho.<\/p>\n<p>\u2022 Terceira: foram apresentados os novos cat\u00e1logos para o ano de 2020 e, claro, todas as novidades que estes traziam, salientando a entrada da nova gama de ferramentas el\u00e9tricas: EcoPro.<\/p>\n<p>Para al\u00e9m destes pontos, a <a href=\"https:\/\/lusilectra.com\/pt\/\" target=\"_blank\" rel=\"noopener noreferrer\">Lusilectra<\/a> tamb\u00e9m realizou atribui\u00e7\u00f5es de pr\u00e9mios aos Melhores Distribuidores Jonnesway em Espanha, e claro, proporcionou v\u00e1rios momentos de conv\u00edvio e de confraterniza\u00e7\u00e3o ao longo de todo o dia.<\/p>\n<p>Este evento tornou-se, assim, numa demonstra\u00e7\u00e3o de qualidade, profissionalismo e dinamiza\u00e7\u00e3o para todo o setor de ferramentas profissionais em Espanha.<\/p>\n","protected":false},"excerpt":{"rendered":"<p>A Lusilectra, empresa do Grupo Salvador&#8230;<\/p>\n","protected":false},"author":15,"featured_media":10043,"comment_status":"closed","ping_status":"closed","sticky":false,"template":"","format":"standard","meta":{"footnotes":""},"categories":[29],"tags":[1628,147,1174,1172],"class_list":["post-10044","post","type-post","status-publish","format-standard","has-post-thumbnail","hentry","category-empresas","tag-ecopro","tag-ferramentas","tag-jonnesway","tag-lusilectra"],"yoast_head":"<!-- This site is optimized with the Yoast SEO plugin v27.4 - https:\/\/yoast.com\/product\/yoast-seo-wordpress\/ -->\n<title>Espanha acolheu 1.\u00b0 Encontro de Distribuidores Jonnesway - Jornal das Oficinas<\/title>\n<meta name=\"robots\" content=\"index, follow, max-snippet:-1, max-image-preview:large, max-video-preview:-1\" \/>\n<link rel=\"canonical\" href=\"https:\/\/jornaldasoficinas.com\/pt\/espanha-acolheu-1-encontro-de-distribuidores-jonnesway\/\" \/>\n<meta property=\"og:locale\" content=\"pt_PT\" \/>\n<meta property=\"og:type\" content=\"article\" \/>\n<meta property=\"og:title\" content=\"Espanha acolheu 1.\u00b0 Encontro de Distribuidores Jonnesway - Jornal das Oficinas\" \/>\n<meta property=\"og:description\" content=\"A Lusilectra, empresa do Grupo Salvador...\" \/>\n<meta property=\"og:url\" content=\"https:\/\/jornaldasoficinas.com\/pt\/espanha-acolheu-1-encontro-de-distribuidores-jonnesway\/\" \/>\n<meta property=\"og:site_name\" content=\"Jornal das Oficinas\" \/>\n<meta property=\"article:publisher\" content=\"https:\/\/www.facebook.com\/jornaloficinas\" \/>\n<meta property=\"article:published_time\" content=\"2020-02-21T20:32:21+00:00\" \/>\n<meta property=\"article:modified_time\" content=\"2023-07-19T14:54:59+00:00\" \/>\n<meta property=\"og:image\" content=\"https:\/\/jornaldasoficinas.com\/pt\/wp-content\/uploads\/2020\/02\/jonneswayespanha.png\" \/>\n\t<meta property=\"og:image:width\" content=\"1024\" \/>\n\t<meta property=\"og:image:height\" content=\"581\" \/>\n\t<meta property=\"og:image:type\" content=\"image\/png\" \/>\n<meta name=\"author\" content=\"Reda\u00e7\u00e3o JO\" \/>\n<meta name=\"twitter:card\" content=\"summary_large_image\" \/>\n<meta name=\"twitter:creator\" content=\"@jornaloficinas\" \/>\n<meta name=\"twitter:site\" content=\"@jornaloficinas\" \/>\n<meta name=\"twitter:label1\" content=\"Escrito por\" \/>\n\t<meta name=\"twitter:data1\" content=\"Reda\u00e7\u00e3o JO\" \/>\n\t<meta name=\"twitter:label2\" content=\"Tempo estimado de leitura\" \/>\n\t<meta name=\"twitter:data2\" content=\"1 minuto\" \/>\n<script type=\"application\/ld+json\" class=\"yoast-schema-graph\">{\"@context\":\"https:\\\/\\\/schema.org\",\"@graph\":[{\"@type\":\"Article\",\"@id\":\"https:\\\/\\\/jornaldasoficinas.com\\\/pt\\\/espanha-acolheu-1-encontro-de-distribuidores-jonnesway\\\/#article\",\"isPartOf\":{\"@id\":\"https:\\\/\\\/jornaldasoficinas.com\\\/pt\\\/espanha-acolheu-1-encontro-de-distribuidores-jonnesway\\\/\"},\"author\":{\"name\":\"Reda\u00e7\u00e3o JO\",\"@id\":\"https:\\\/\\\/jornaldasoficinas.com\\\/pt\\\/#\\\/schema\\\/person\\\/a38eef5de2c41d9e7c9ac10141afddf3\"},\"headline\":\"Espanha acolheu 1.\u00b0 Encontro de Distribuidores Jonnesway\",\"datePublished\":\"2020-02-21T20:32:21+00:00\",\"dateModified\":\"2023-07-19T14:54:59+00:00\",\"mainEntityOfPage\":{\"@id\":\"https:\\\/\\\/jornaldasoficinas.com\\\/pt\\\/espanha-acolheu-1-encontro-de-distribuidores-jonnesway\\\/\"},\"wordCount\":274,\"publisher\":{\"@id\":\"https:\\\/\\\/jornaldasoficinas.com\\\/pt\\\/#organization\"},\"image\":{\"@id\":\"https:\\\/\\\/jornaldasoficinas.com\\\/pt\\\/espanha-acolheu-1-encontro-de-distribuidores-jonnesway\\\/#primaryimage\"},\"thumbnailUrl\":\"https:\\\/\\\/jornaldasoficinas.com\\\/pt\\\/wp-content\\\/uploads\\\/2020\\\/02\\\/jonneswayespanha.png\",\"keywords\":[\"EcoPro\",\"Ferramentas\",\"Jonnesway\",\"Lusilectra\"],\"articleSection\":[\"Empresas\"],\"inLanguage\":\"pt-PT\"},{\"@type\":\"WebPage\",\"@id\":\"https:\\\/\\\/jornaldasoficinas.com\\\/pt\\\/espanha-acolheu-1-encontro-de-distribuidores-jonnesway\\\/\",\"url\":\"https:\\\/\\\/jornaldasoficinas.com\\\/pt\\\/espanha-acolheu-1-encontro-de-distribuidores-jonnesway\\\/\",\"name\":\"Espanha acolheu 1.\u00b0 Encontro de Distribuidores Jonnesway - Jornal das Oficinas\",\"isPartOf\":{\"@id\":\"https:\\\/\\\/jornaldasoficinas.com\\\/pt\\\/#website\"},\"primaryImageOfPage\":{\"@id\":\"https:\\\/\\\/jornaldasoficinas.com\\\/pt\\\/espanha-acolheu-1-encontro-de-distribuidores-jonnesway\\\/#primaryimage\"},\"image\":{\"@id\":\"https:\\\/\\\/jornaldasoficinas.com\\\/pt\\\/espanha-acolheu-1-encontro-de-distribuidores-jonnesway\\\/#primaryimage\"},\"thumbnailUrl\":\"https:\\\/\\\/jornaldasoficinas.com\\\/pt\\\/wp-content\\\/uploads\\\/2020\\\/02\\\/jonneswayespanha.png\",\"datePublished\":\"2020-02-21T20:32:21+00:00\",\"dateModified\":\"2023-07-19T14:54:59+00:00\",\"breadcrumb\":{\"@id\":\"https:\\\/\\\/jornaldasoficinas.com\\\/pt\\\/espanha-acolheu-1-encontro-de-distribuidores-jonnesway\\\/#breadcrumb\"},\"inLanguage\":\"pt-PT\",\"potentialAction\":[{\"@type\":\"ReadAction\",\"target\":[\"https:\\\/\\\/jornaldasoficinas.com\\\/pt\\\/espanha-acolheu-1-encontro-de-distribuidores-jonnesway\\\/\"]}]},{\"@type\":\"ImageObject\",\"inLanguage\":\"pt-PT\",\"@id\":\"https:\\\/\\\/jornaldasoficinas.com\\\/pt\\\/espanha-acolheu-1-encontro-de-distribuidores-jonnesway\\\/#primaryimage\",\"url\":\"https:\\\/\\\/jornaldasoficinas.com\\\/pt\\\/wp-content\\\/uploads\\\/2020\\\/02\\\/jonneswayespanha.png\",\"contentUrl\":\"https:\\\/\\\/jornaldasoficinas.com\\\/pt\\\/wp-content\\\/uploads\\\/2020\\\/02\\\/jonneswayespanha.png\",\"width\":1024,\"height\":581,\"caption\":\"02 - jonneswayespanha\"},{\"@type\":\"BreadcrumbList\",\"@id\":\"https:\\\/\\\/jornaldasoficinas.com\\\/pt\\\/espanha-acolheu-1-encontro-de-distribuidores-jonnesway\\\/#breadcrumb\",\"itemListElement\":[{\"@type\":\"ListItem\",\"position\":1,\"name\":\"In\u00edcio\",\"item\":\"https:\\\/\\\/jornaldasoficinas.com\\\/pt\\\/\"},{\"@type\":\"ListItem\",\"position\":2,\"name\":\"Espanha acolheu 1.\u00b0 Encontro de Distribuidores Jonnesway\"}]},{\"@type\":\"WebSite\",\"@id\":\"https:\\\/\\\/jornaldasoficinas.com\\\/pt\\\/#website\",\"url\":\"https:\\\/\\\/jornaldasoficinas.com\\\/pt\\\/\",\"name\":\"Jornal das Oficinas\",\"description\":\"Jornal independente do Aftermarket Autom\u00f3vel em Portugal\",\"publisher\":{\"@id\":\"https:\\\/\\\/jornaldasoficinas.com\\\/pt\\\/#organization\"},\"potentialAction\":[{\"@type\":\"SearchAction\",\"target\":{\"@type\":\"EntryPoint\",\"urlTemplate\":\"https:\\\/\\\/jornaldasoficinas.com\\\/pt\\\/?s={search_term_string}\"},\"query-input\":{\"@type\":\"PropertyValueSpecification\",\"valueRequired\":true,\"valueName\":\"search_term_string\"}}],\"inLanguage\":\"pt-PT\"},{\"@type\":\"Organization\",\"@id\":\"https:\\\/\\\/jornaldasoficinas.com\\\/pt\\\/#organization\",\"name\":\"Jornal das Oficinas\",\"url\":\"https:\\\/\\\/jornaldasoficinas.com\\\/pt\\\/\",\"logo\":{\"@type\":\"ImageObject\",\"inLanguage\":\"pt-PT\",\"@id\":\"https:\\\/\\\/jornaldasoficinas.com\\\/pt\\\/#\\\/schema\\\/logo\\\/image\\\/\",\"url\":\"https:\\\/\\\/jornaldasoficinas.com\\\/pt\\\/wp-content\\\/uploads\\\/logoJO-SEO.png\",\"contentUrl\":\"https:\\\/\\\/jornaldasoficinas.com\\\/pt\\\/wp-content\\\/uploads\\\/logoJO-SEO.png\",\"width\":285,\"height\":450,\"caption\":\"Jornal das Oficinas\"},\"image\":{\"@id\":\"https:\\\/\\\/jornaldasoficinas.com\\\/pt\\\/#\\\/schema\\\/logo\\\/image\\\/\"},\"sameAs\":[\"https:\\\/\\\/www.facebook.com\\\/jornaloficinas\",\"https:\\\/\\\/x.com\\\/jornaloficinas\",\"https:\\\/\\\/www.instagram.com\\\/jornal_oficinas\\\/\",\"https:\\\/\\\/www.linkedin.com\\\/company\\\/jornal-das-oficinas\\\/\",\"https:\\\/\\\/www.youtube.com\\\/channel\\\/UCbQZBqtcvV-oSQrr7RzINGg\"]},{\"@type\":\"Person\",\"@id\":\"https:\\\/\\\/jornaldasoficinas.com\\\/pt\\\/#\\\/schema\\\/person\\\/a38eef5de2c41d9e7c9ac10141afddf3\",\"name\":\"Reda\u00e7\u00e3o JO\",\"image\":{\"@type\":\"ImageObject\",\"inLanguage\":\"pt-PT\",\"@id\":\"https:\\\/\\\/secure.gravatar.com\\\/avatar\\\/71f2fa71737ad68a84fea94bc708ddac8ea5b0c4788dc2ad202f3ccb2887742f?s=96&d=wp_user_avatar&r=g\",\"url\":\"https:\\\/\\\/secure.gravatar.com\\\/avatar\\\/71f2fa71737ad68a84fea94bc708ddac8ea5b0c4788dc2ad202f3ccb2887742f?s=96&d=wp_user_avatar&r=g\",\"contentUrl\":\"https:\\\/\\\/secure.gravatar.com\\\/avatar\\\/71f2fa71737ad68a84fea94bc708ddac8ea5b0c4788dc2ad202f3ccb2887742f?s=96&d=wp_user_avatar&r=g\",\"caption\":\"Reda\u00e7\u00e3o JO\"},\"url\":\"https:\\\/\\\/jornaldasoficinas.com\\\/pt\\\/author\\\/joredacao\\\/\"}]}<\/script>\n<!-- \/ Yoast SEO plugin. -->","yoast_head_json":{"title":"Espanha acolheu 1.\u00b0 Encontro de Distribuidores Jonnesway - Jornal das Oficinas","robots":{"index":"index","follow":"follow","max-snippet":"max-snippet:-1","max-image-preview":"max-image-preview:large","max-video-preview":"max-video-preview:-1"},"canonical":"https:\/\/jornaldasoficinas.com\/pt\/espanha-acolheu-1-encontro-de-distribuidores-jonnesway\/","og_locale":"pt_PT","og_type":"article","og_title":"Espanha acolheu 1.\u00b0 Encontro de Distribuidores Jonnesway - Jornal das Oficinas","og_description":"A Lusilectra, empresa do Grupo Salvador...","og_url":"https:\/\/jornaldasoficinas.com\/pt\/espanha-acolheu-1-encontro-de-distribuidores-jonnesway\/","og_site_name":"Jornal das Oficinas","article_publisher":"https:\/\/www.facebook.com\/jornaloficinas","article_published_time":"2020-02-21T20:32:21+00:00","article_modified_time":"2023-07-19T14:54:59+00:00","og_image":[{"width":1024,"height":581,"url":"https:\/\/jornaldasoficinas.com\/pt\/wp-content\/uploads\/2020\/02\/jonneswayespanha.png","type":"image\/png"}],"author":"Reda\u00e7\u00e3o JO","twitter_card":"summary_large_image","twitter_creator":"@jornaloficinas","twitter_site":"@jornaloficinas","twitter_misc":{"Escrito por":"Reda\u00e7\u00e3o JO","Tempo estimado de leitura":"1 minuto"},"schema":{"@context":"https:\/\/schema.org","@graph":[{"@type":"Article","@id":"https:\/\/jornaldasoficinas.com\/pt\/espanha-acolheu-1-encontro-de-distribuidores-jonnesway\/#article","isPartOf":{"@id":"https:\/\/jornaldasoficinas.com\/pt\/espanha-acolheu-1-encontro-de-distribuidores-jonnesway\/"},"author":{"name":"Reda\u00e7\u00e3o JO","@id":"https:\/\/jornaldasoficinas.com\/pt\/#\/schema\/person\/a38eef5de2c41d9e7c9ac10141afddf3"},"headline":"Espanha acolheu 1.\u00b0 Encontro de Distribuidores Jonnesway","datePublished":"2020-02-21T20:32:21+00:00","dateModified":"2023-07-19T14:54:59+00:00","mainEntityOfPage":{"@id":"https:\/\/jornaldasoficinas.com\/pt\/espanha-acolheu-1-encontro-de-distribuidores-jonnesway\/"},"wordCount":274,"publisher":{"@id":"https:\/\/jornaldasoficinas.com\/pt\/#organization"},"image":{"@id":"https:\/\/jornaldasoficinas.com\/pt\/espanha-acolheu-1-encontro-de-distribuidores-jonnesway\/#primaryimage"},"thumbnailUrl":"https:\/\/jornaldasoficinas.com\/pt\/wp-content\/uploads\/2020\/02\/jonneswayespanha.png","keywords":["EcoPro","Ferramentas","Jonnesway","Lusilectra"],"articleSection":["Empresas"],"inLanguage":"pt-PT"},{"@type":"WebPage","@id":"https:\/\/jornaldasoficinas.com\/pt\/espanha-acolheu-1-encontro-de-distribuidores-jonnesway\/","url":"https:\/\/jornaldasoficinas.com\/pt\/espanha-acolheu-1-encontro-de-distribuidores-jonnesway\/","name":"Espanha acolheu 1.\u00b0 Encontro de Distribuidores Jonnesway - Jornal das Oficinas","isPartOf":{"@id":"https:\/\/jornaldasoficinas.com\/pt\/#website"},"primaryImageOfPage":{"@id":"https:\/\/jornaldasoficinas.com\/pt\/espanha-acolheu-1-encontro-de-distribuidores-jonnesway\/#primaryimage"},"image":{"@id":"https:\/\/jornaldasoficinas.com\/pt\/espanha-acolheu-1-encontro-de-distribuidores-jonnesway\/#primaryimage"},"thumbnailUrl":"https:\/\/jornaldasoficinas.com\/pt\/wp-content\/uploads\/2020\/02\/jonneswayespanha.png","datePublished":"2020-02-21T20:32:21+00:00","dateModified":"2023-07-19T14:54:59+00:00","breadcrumb":{"@id":"https:\/\/jornaldasoficinas.com\/pt\/espanha-acolheu-1-encontro-de-distribuidores-jonnesway\/#breadcrumb"},"inLanguage":"pt-PT","potentialAction":[{"@type":"ReadAction","target":["https:\/\/jornaldasoficinas.com\/pt\/espanha-acolheu-1-encontro-de-distribuidores-jonnesway\/"]}]},{"@type":"ImageObject","inLanguage":"pt-PT","@id":"https:\/\/jornaldasoficinas.com\/pt\/espanha-acolheu-1-encontro-de-distribuidores-jonnesway\/#primaryimage","url":"https:\/\/jornaldasoficinas.com\/pt\/wp-content\/uploads\/2020\/02\/jonneswayespanha.png","contentUrl":"https:\/\/jornaldasoficinas.com\/pt\/wp-content\/uploads\/2020\/02\/jonneswayespanha.png","width":1024,"height":581,"caption":"02 - jonneswayespanha"},{"@type":"BreadcrumbList","@id":"https:\/\/jornaldasoficinas.com\/pt\/espanha-acolheu-1-encontro-de-distribuidores-jonnesway\/#breadcrumb","itemListElement":[{"@type":"ListItem","position":1,"name":"In\u00edcio","item":"https:\/\/jornaldasoficinas.com\/pt\/"},{"@type":"ListItem","position":2,"name":"Espanha acolheu 1.\u00b0 Encontro de Distribuidores Jonnesway"}]},{"@type":"WebSite","@id":"https:\/\/jornaldasoficinas.com\/pt\/#website","url":"https:\/\/jornaldasoficinas.com\/pt\/","name":"Jornal das Oficinas","description":"Jornal independente do Aftermarket Autom\u00f3vel em Portugal","publisher":{"@id":"https:\/\/jornaldasoficinas.com\/pt\/#organization"},"potentialAction":[{"@type":"SearchAction","target":{"@type":"EntryPoint","urlTemplate":"https:\/\/jornaldasoficinas.com\/pt\/?s={search_term_string}"},"query-input":{"@type":"PropertyValueSpecification","valueRequired":true,"valueName":"search_term_string"}}],"inLanguage":"pt-PT"},{"@type":"Organization","@id":"https:\/\/jornaldasoficinas.com\/pt\/#organization","name":"Jornal das Oficinas","url":"https:\/\/jornaldasoficinas.com\/pt\/","logo":{"@type":"ImageObject","inLanguage":"pt-PT","@id":"https:\/\/jornaldasoficinas.com\/pt\/#\/schema\/logo\/image\/","url":"https:\/\/jornaldasoficinas.com\/pt\/wp-content\/uploads\/logoJO-SEO.png","contentUrl":"https:\/\/jornaldasoficinas.com\/pt\/wp-content\/uploads\/logoJO-SEO.png","width":285,"height":450,"caption":"Jornal das Oficinas"},"image":{"@id":"https:\/\/jornaldasoficinas.com\/pt\/#\/schema\/logo\/image\/"},"sameAs":["https:\/\/www.facebook.com\/jornaloficinas","https:\/\/x.com\/jornaloficinas","https:\/\/www.instagram.com\/jornal_oficinas\/","https:\/\/www.linkedin.com\/company\/jornal-das-oficinas\/","https:\/\/www.youtube.com\/channel\/UCbQZBqtcvV-oSQrr7RzINGg"]},{"@type":"Person","@id":"https:\/\/jornaldasoficinas.com\/pt\/#\/schema\/person\/a38eef5de2c41d9e7c9ac10141afddf3","name":"Reda\u00e7\u00e3o JO","image":{"@type":"ImageObject","inLanguage":"pt-PT","@id":"https:\/\/secure.gravatar.com\/avatar\/71f2fa71737ad68a84fea94bc708ddac8ea5b0c4788dc2ad202f3ccb2887742f?s=96&d=wp_user_avatar&r=g","url":"https:\/\/secure.gravatar.com\/avatar\/71f2fa71737ad68a84fea94bc708ddac8ea5b0c4788dc2ad202f3ccb2887742f?s=96&d=wp_user_avatar&r=g","contentUrl":"https:\/\/secure.gravatar.com\/avatar\/71f2fa71737ad68a84fea94bc708ddac8ea5b0c4788dc2ad202f3ccb2887742f?s=96&d=wp_user_avatar&r=g","caption":"Reda\u00e7\u00e3o JO"},"url":"https:\/\/jornaldasoficinas.com\/pt\/author\/joredacao\/"}]}},"_links":{"self":[{"href":"https:\/\/jornaldasoficinas.com\/pt\/wp-json\/wp\/v2\/posts\/10044","targetHints":{"allow":["GET"]}}],"collection":[{"href":"https:\/\/jornaldasoficinas.com\/pt\/wp-json\/wp\/v2\/posts"}],"about":[{"href":"https:\/\/jornaldasoficinas.com\/pt\/wp-json\/wp\/v2\/types\/post"}],"author":[{"embeddable":true,"href":"https:\/\/jornaldasoficinas.com\/pt\/wp-json\/wp\/v2\/users\/15"}],"replies":[{"embeddable":true,"href":"https:\/\/jornaldasoficinas.com\/pt\/wp-json\/wp\/v2\/comments?post=10044"}],"version-history":[{"count":0,"href":"https:\/\/jornaldasoficinas.com\/pt\/wp-json\/wp\/v2\/posts\/10044\/revisions"}],"wp:featuredmedia":[{"embeddable":true,"href":"https:\/\/jornaldasoficinas.com\/pt\/wp-json\/wp\/v2\/media\/10043"}],"wp:attachment":[{"href":"https:\/\/jornaldasoficinas.com\/pt\/wp-json\/wp\/v2\/media?parent=10044"}],"wp:term":[{"taxonomy":"category","embeddable":true,"href":"https:\/\/jornaldasoficinas.com\/pt\/wp-json\/wp\/v2\/categories?post=10044"},{"taxonomy":"post_tag","embeddable":true,"href":"https:\/\/jornaldasoficinas.com\/pt\/wp-json\/wp\/v2\/tags?post=10044"}],"curies":[{"name":"wp","href":"https:\/\/api.w.org\/{rel}","templated":true}]}}