{"id":100502,"date":"2025-04-15T18:30:20","date_gmt":"2025-04-15T17:30:20","guid":{"rendered":"https:\/\/jornaldasoficinas.com\/pt\/?p=100502"},"modified":"2025-04-27T10:56:27","modified_gmt":"2025-04-27T09:56:27","slug":"delphi-destaca-formacao-inovacao-e-premios-na-motortec-2025","status":"publish","type":"post","link":"https:\/\/jornaldasoficinas.com\/pt\/delphi-destaca-formacao-inovacao-e-premios-na-motortec-2025\/","title":{"rendered":"Delphi destaca forma\u00e7\u00e3o, inova\u00e7\u00e3o e pr\u00e9mios na Motortec 2025"},"content":{"rendered":"<p><strong><img loading=\"lazy\" decoding=\"async\" class=\"alignnone size-full wp-image-100508\" src=\"https:\/\/jornaldasoficinas.com\/pt\/wp-content\/uploads\/2025\/04\/Delphi-destaca-formacao-inovacao-e-premios-na-Motortec-2025.jpg\" alt=\"04 - Delphi destaca formacao inovacao e premios na Motortec 2025\" width=\"1024\" height=\"581\" srcset=\"https:\/\/jornaldasoficinas.com\/pt\/wp-content\/uploads\/2025\/04\/Delphi-destaca-formacao-inovacao-e-premios-na-Motortec-2025.jpg 1024w, https:\/\/jornaldasoficinas.com\/pt\/wp-content\/uploads\/2025\/04\/Delphi-destaca-formacao-inovacao-e-premios-na-Motortec-2025-300x170.jpg 300w, https:\/\/jornaldasoficinas.com\/pt\/wp-content\/uploads\/2025\/04\/Delphi-destaca-formacao-inovacao-e-premios-na-Motortec-2025-150x85.jpg 150w, https:\/\/jornaldasoficinas.com\/pt\/wp-content\/uploads\/2025\/04\/Delphi-destaca-formacao-inovacao-e-premios-na-Motortec-2025-768x436.jpg 768w\" sizes=\"auto, (max-width: 1024px) 100vw, 1024px\" \/><\/strong><\/p>\n<p><strong>A <a href=\"https:\/\/www.delphiautoparts.com\/\" target=\"_blank\" rel=\"noopener\">Delphi<\/a> vai marcar presen\u00e7a na <a href=\"https:\/\/www.google.com\/url?sa=t&amp;source=web&amp;rct=j&amp;opi=89978449&amp;url=https:\/\/www.ifema.es\/en\/motortec&amp;ved=2ahUKEwjHlOaku9qMAxWZBdsEHYqPLrYQFnoECAsQAQ&amp;usg=AOvVaw3hzu6_9EzJNyvV3i4VcBSX\">Motortec 2025<\/a> com forma\u00e7\u00f5es t\u00e9cnicas, inova\u00e7\u00f5es para o aftermarket e v\u00e1rias a\u00e7\u00f5es interativas\u00a0<\/strong><\/p>\n<p>A Delphi, marca da PHINIA Inc., estar\u00e1 presente na Motortec 2025 (IFEMA Madrid, 23 a 26 de abril) com uma agenda din\u00e2mica e interativa para destacar a sua oferta no aftermarket. No seu stand (Pavilh\u00e3o 4, Stand B05), a empresa vai promover sess\u00f5es t\u00e9cnicas especializadas, sorteios, concursos e parcerias educativas.<\/p>\n<p><strong>Sess\u00f5es t\u00e9cnicas para profissionais<\/strong><br \/>\nDurante o evento, a Delphi organizar\u00e1 forma\u00e7\u00f5es pr\u00e1ticas de 30 minutos \u2014 abertas ao p\u00fablico \u2014 sobre temas como diagn\u00f3stico, gest\u00e3o de motor, travagem, ve\u00edculos el\u00e9tricos, ADAS, sistemas de inje\u00e7\u00e3o, diagn\u00f3stico GM e forma\u00e7\u00e3o cont\u00ednua. As sess\u00f5es ser\u00e3o conduzidas por t\u00e9cnicos especializados da Delphi, com lugar para 12 participantes por sess\u00e3o.<\/p>\n<p>Os interessados j\u00e1 podem reservar vaga atrav\u00e9s do e-mail: atencioncliente@phinia.com. O calend\u00e1rio completo est\u00e1 dispon\u00edvel <a href=\"https:\/\/www.formaciondelphitechnologies.com\/p\/1\" target=\"_blank\" rel=\"noopener\">aqui<\/a>.<\/p>\n<p><strong>Sorteios e concursos<\/strong><br \/>\nA marca ir\u00e1 ainda realizar dois sorteios di\u00e1rios de vales de compras El Corte Ingl\u00e9s, no valor de 100 euros, para os visitantes que se registarem atrav\u00e9s de QR code no stand.<\/p>\n<p>Como patrocinadora do IV Concurso Melhor T\u00e9cnico Motortec, a Delphi premiar\u00e1 o vencedor com o DS180, um equipamento de diagn\u00f3stico multimarca de \u00faltima gera\u00e7\u00e3o, com software completo e dados t\u00e9cnicos integrados.<\/p>\n<p><strong>Compromisso com a forma\u00e7\u00e3o<\/strong><br \/>\nA Delphi refor\u00e7a a sua aposta na forma\u00e7\u00e3o ao colaborar com a Fundaci\u00f3n COMFORP. Durante os dias 23, 24 e 25 de abril, a marca ir\u00e1 oferecer uma palestra de uma hora e uma sess\u00e3o pr\u00e1tica de duas horas a estudantes de forma\u00e7\u00e3o profissional, contribuindo para a liga\u00e7\u00e3o entre escolas e empresas.<\/p>\n<p><strong>Participa\u00e7\u00e3o no Passaporte Motortec<\/strong><br \/>\nA Delphi junta-se ainda ao projeto Passaporte Motortec, uma iniciativa que incentiva as visitas a stands espec\u00edficos. Ao participar na Rota Vermelha, os visitantes que passarem pelo stand da Delphi podem ganhar pr\u00e9mios at\u00e9 1.000 euros, al\u00e9m de brindes exclusivos e a participa\u00e7\u00e3o no sorteio dos vales de 100 euros.<\/p>\n","protected":false},"excerpt":{"rendered":"<p>A Delphi vai marcar presen\u00e7a na&#8230;<\/p>\n","protected":false},"author":15,"featured_media":100508,"comment_status":"closed","ping_status":"closed","sticky":false,"template":"","format":"standard","meta":{"footnotes":""},"categories":[29,2840],"tags":[12511,12512,1358,2248,11455,12513],"class_list":["post-100502","post","type-post","status-publish","format-standard","has-post-thumbnail","hentry","category-empresas","category-motortec","tag-acoes-interativas","tag-agenda-dinamica","tag-delphi","tag-formacao-tecnica","tag-motortec-2025","tag-sorteio-de-premios"],"yoast_head":"<!-- This site is optimized with the Yoast SEO plugin v27.4 - https:\/\/yoast.com\/product\/yoast-seo-wordpress\/ -->\n<title>Delphi destaca forma\u00e7\u00e3o, inova\u00e7\u00e3o e pr\u00e9mios na Motortec 2025 - Jornal das Oficinas<\/title>\n<meta name=\"description\" content=\"A Delphi vai marcar presen\u00e7a na Motortec 2025 com forma\u00e7\u00f5es t\u00e9cnicas, inova\u00e7\u00f5es para o aftermarket e v\u00e1rias a\u00e7\u00f5es interativas\u00a0\" \/>\n<meta name=\"robots\" content=\"index, follow, max-snippet:-1, max-image-preview:large, max-video-preview:-1\" \/>\n<link rel=\"canonical\" href=\"https:\/\/jornaldasoficinas.com\/pt\/delphi-destaca-formacao-inovacao-e-premios-na-motortec-2025\/\" \/>\n<meta property=\"og:locale\" content=\"pt_PT\" \/>\n<meta property=\"og:type\" content=\"article\" \/>\n<meta property=\"og:title\" content=\"Delphi destaca forma\u00e7\u00e3o, inova\u00e7\u00e3o e pr\u00e9mios na Motortec 2025 - Jornal das Oficinas\" \/>\n<meta property=\"og:description\" content=\"A Delphi vai marcar presen\u00e7a na Motortec 2025 com forma\u00e7\u00f5es t\u00e9cnicas, inova\u00e7\u00f5es para o aftermarket e v\u00e1rias a\u00e7\u00f5es interativas\u00a0\" \/>\n<meta property=\"og:url\" content=\"https:\/\/jornaldasoficinas.com\/pt\/delphi-destaca-formacao-inovacao-e-premios-na-motortec-2025\/\" \/>\n<meta property=\"og:site_name\" content=\"Jornal das Oficinas\" \/>\n<meta property=\"article:publisher\" content=\"https:\/\/www.facebook.com\/jornaloficinas\" \/>\n<meta property=\"article:published_time\" content=\"2025-04-15T17:30:20+00:00\" \/>\n<meta property=\"article:modified_time\" content=\"2025-04-27T09:56:27+00:00\" \/>\n<meta property=\"og:image\" content=\"https:\/\/jornaldasoficinas.com\/pt\/wp-content\/uploads\/2025\/04\/Delphi-destaca-formacao-inovacao-e-premios-na-Motortec-2025.jpg\" \/>\n\t<meta property=\"og:image:width\" content=\"1024\" \/>\n\t<meta property=\"og:image:height\" content=\"581\" \/>\n\t<meta property=\"og:image:type\" content=\"image\/jpeg\" \/>\n<meta name=\"author\" content=\"Reda\u00e7\u00e3o JO\" \/>\n<meta name=\"twitter:card\" content=\"summary_large_image\" \/>\n<meta name=\"twitter:creator\" content=\"@jornaloficinas\" \/>\n<meta name=\"twitter:site\" content=\"@jornaloficinas\" \/>\n<meta name=\"twitter:label1\" content=\"Escrito por\" \/>\n\t<meta name=\"twitter:data1\" content=\"Reda\u00e7\u00e3o JO\" \/>\n\t<meta name=\"twitter:label2\" content=\"Tempo estimado de leitura\" \/>\n\t<meta name=\"twitter:data2\" content=\"3 minutos\" \/>\n<script type=\"application\/ld+json\" class=\"yoast-schema-graph\">{\"@context\":\"https:\\\/\\\/schema.org\",\"@graph\":[{\"@type\":\"Article\",\"@id\":\"https:\\\/\\\/jornaldasoficinas.com\\\/pt\\\/delphi-destaca-formacao-inovacao-e-premios-na-motortec-2025\\\/#article\",\"isPartOf\":{\"@id\":\"https:\\\/\\\/jornaldasoficinas.com\\\/pt\\\/delphi-destaca-formacao-inovacao-e-premios-na-motortec-2025\\\/\"},\"author\":{\"name\":\"Reda\u00e7\u00e3o JO\",\"@id\":\"https:\\\/\\\/jornaldasoficinas.com\\\/pt\\\/#\\\/schema\\\/person\\\/a38eef5de2c41d9e7c9ac10141afddf3\"},\"headline\":\"Delphi destaca forma\u00e7\u00e3o, inova\u00e7\u00e3o e pr\u00e9mios na Motortec 2025\",\"datePublished\":\"2025-04-15T17:30:20+00:00\",\"dateModified\":\"2025-04-27T09:56:27+00:00\",\"mainEntityOfPage\":{\"@id\":\"https:\\\/\\\/jornaldasoficinas.com\\\/pt\\\/delphi-destaca-formacao-inovacao-e-premios-na-motortec-2025\\\/\"},\"wordCount\":364,\"publisher\":{\"@id\":\"https:\\\/\\\/jornaldasoficinas.com\\\/pt\\\/#organization\"},\"image\":{\"@id\":\"https:\\\/\\\/jornaldasoficinas.com\\\/pt\\\/delphi-destaca-formacao-inovacao-e-premios-na-motortec-2025\\\/#primaryimage\"},\"thumbnailUrl\":\"https:\\\/\\\/jornaldasoficinas.com\\\/pt\\\/wp-content\\\/uploads\\\/2025\\\/04\\\/Delphi-destaca-formacao-inovacao-e-premios-na-Motortec-2025.jpg\",\"keywords\":[\"a\u00e7\u00f5es interativas\",\"agenda din\u00e2mica\",\"Delphi\",\"Forma\u00e7\u00e3o t\u00e9cnica\",\"Motortec 2025\",\"sorteio de pr\u00e9mios\"],\"articleSection\":[\"Empresas\",\"Motortec\"],\"inLanguage\":\"pt-PT\"},{\"@type\":\"WebPage\",\"@id\":\"https:\\\/\\\/jornaldasoficinas.com\\\/pt\\\/delphi-destaca-formacao-inovacao-e-premios-na-motortec-2025\\\/\",\"url\":\"https:\\\/\\\/jornaldasoficinas.com\\\/pt\\\/delphi-destaca-formacao-inovacao-e-premios-na-motortec-2025\\\/\",\"name\":\"Delphi destaca forma\u00e7\u00e3o, inova\u00e7\u00e3o e pr\u00e9mios na Motortec 2025 - Jornal das Oficinas\",\"isPartOf\":{\"@id\":\"https:\\\/\\\/jornaldasoficinas.com\\\/pt\\\/#website\"},\"primaryImageOfPage\":{\"@id\":\"https:\\\/\\\/jornaldasoficinas.com\\\/pt\\\/delphi-destaca-formacao-inovacao-e-premios-na-motortec-2025\\\/#primaryimage\"},\"image\":{\"@id\":\"https:\\\/\\\/jornaldasoficinas.com\\\/pt\\\/delphi-destaca-formacao-inovacao-e-premios-na-motortec-2025\\\/#primaryimage\"},\"thumbnailUrl\":\"https:\\\/\\\/jornaldasoficinas.com\\\/pt\\\/wp-content\\\/uploads\\\/2025\\\/04\\\/Delphi-destaca-formacao-inovacao-e-premios-na-Motortec-2025.jpg\",\"datePublished\":\"2025-04-15T17:30:20+00:00\",\"dateModified\":\"2025-04-27T09:56:27+00:00\",\"description\":\"A Delphi vai marcar presen\u00e7a na Motortec 2025 com forma\u00e7\u00f5es t\u00e9cnicas, inova\u00e7\u00f5es para o aftermarket e v\u00e1rias a\u00e7\u00f5es interativas\u00a0\",\"breadcrumb\":{\"@id\":\"https:\\\/\\\/jornaldasoficinas.com\\\/pt\\\/delphi-destaca-formacao-inovacao-e-premios-na-motortec-2025\\\/#breadcrumb\"},\"inLanguage\":\"pt-PT\",\"potentialAction\":[{\"@type\":\"ReadAction\",\"target\":[\"https:\\\/\\\/jornaldasoficinas.com\\\/pt\\\/delphi-destaca-formacao-inovacao-e-premios-na-motortec-2025\\\/\"]}]},{\"@type\":\"ImageObject\",\"inLanguage\":\"pt-PT\",\"@id\":\"https:\\\/\\\/jornaldasoficinas.com\\\/pt\\\/delphi-destaca-formacao-inovacao-e-premios-na-motortec-2025\\\/#primaryimage\",\"url\":\"https:\\\/\\\/jornaldasoficinas.com\\\/pt\\\/wp-content\\\/uploads\\\/2025\\\/04\\\/Delphi-destaca-formacao-inovacao-e-premios-na-Motortec-2025.jpg\",\"contentUrl\":\"https:\\\/\\\/jornaldasoficinas.com\\\/pt\\\/wp-content\\\/uploads\\\/2025\\\/04\\\/Delphi-destaca-formacao-inovacao-e-premios-na-Motortec-2025.jpg\",\"width\":1024,\"height\":581,\"caption\":\"04 - Delphi destaca formacao inovacao e premios na Motortec 2025\"},{\"@type\":\"BreadcrumbList\",\"@id\":\"https:\\\/\\\/jornaldasoficinas.com\\\/pt\\\/delphi-destaca-formacao-inovacao-e-premios-na-motortec-2025\\\/#breadcrumb\",\"itemListElement\":[{\"@type\":\"ListItem\",\"position\":1,\"name\":\"In\u00edcio\",\"item\":\"https:\\\/\\\/jornaldasoficinas.com\\\/pt\\\/\"},{\"@type\":\"ListItem\",\"position\":2,\"name\":\"Delphi destaca forma\u00e7\u00e3o, inova\u00e7\u00e3o e pr\u00e9mios na Motortec 2025\"}]},{\"@type\":\"WebSite\",\"@id\":\"https:\\\/\\\/jornaldasoficinas.com\\\/pt\\\/#website\",\"url\":\"https:\\\/\\\/jornaldasoficinas.com\\\/pt\\\/\",\"name\":\"Jornal das Oficinas\",\"description\":\"Jornal independente do Aftermarket Autom\u00f3vel em Portugal\",\"publisher\":{\"@id\":\"https:\\\/\\\/jornaldasoficinas.com\\\/pt\\\/#organization\"},\"potentialAction\":[{\"@type\":\"SearchAction\",\"target\":{\"@type\":\"EntryPoint\",\"urlTemplate\":\"https:\\\/\\\/jornaldasoficinas.com\\\/pt\\\/?s={search_term_string}\"},\"query-input\":{\"@type\":\"PropertyValueSpecification\",\"valueRequired\":true,\"valueName\":\"search_term_string\"}}],\"inLanguage\":\"pt-PT\"},{\"@type\":\"Organization\",\"@id\":\"https:\\\/\\\/jornaldasoficinas.com\\\/pt\\\/#organization\",\"name\":\"Jornal das Oficinas\",\"url\":\"https:\\\/\\\/jornaldasoficinas.com\\\/pt\\\/\",\"logo\":{\"@type\":\"ImageObject\",\"inLanguage\":\"pt-PT\",\"@id\":\"https:\\\/\\\/jornaldasoficinas.com\\\/pt\\\/#\\\/schema\\\/logo\\\/image\\\/\",\"url\":\"https:\\\/\\\/jornaldasoficinas.com\\\/pt\\\/wp-content\\\/uploads\\\/logoJO-SEO.png\",\"contentUrl\":\"https:\\\/\\\/jornaldasoficinas.com\\\/pt\\\/wp-content\\\/uploads\\\/logoJO-SEO.png\",\"width\":285,\"height\":450,\"caption\":\"Jornal das Oficinas\"},\"image\":{\"@id\":\"https:\\\/\\\/jornaldasoficinas.com\\\/pt\\\/#\\\/schema\\\/logo\\\/image\\\/\"},\"sameAs\":[\"https:\\\/\\\/www.facebook.com\\\/jornaloficinas\",\"https:\\\/\\\/x.com\\\/jornaloficinas\",\"https:\\\/\\\/www.instagram.com\\\/jornal_oficinas\\\/\",\"https:\\\/\\\/www.linkedin.com\\\/company\\\/jornal-das-oficinas\\\/\",\"https:\\\/\\\/www.youtube.com\\\/channel\\\/UCbQZBqtcvV-oSQrr7RzINGg\"]},{\"@type\":\"Person\",\"@id\":\"https:\\\/\\\/jornaldasoficinas.com\\\/pt\\\/#\\\/schema\\\/person\\\/a38eef5de2c41d9e7c9ac10141afddf3\",\"name\":\"Reda\u00e7\u00e3o JO\",\"image\":{\"@type\":\"ImageObject\",\"inLanguage\":\"pt-PT\",\"@id\":\"https:\\\/\\\/secure.gravatar.com\\\/avatar\\\/71f2fa71737ad68a84fea94bc708ddac8ea5b0c4788dc2ad202f3ccb2887742f?s=96&d=wp_user_avatar&r=g\",\"url\":\"https:\\\/\\\/secure.gravatar.com\\\/avatar\\\/71f2fa71737ad68a84fea94bc708ddac8ea5b0c4788dc2ad202f3ccb2887742f?s=96&d=wp_user_avatar&r=g\",\"contentUrl\":\"https:\\\/\\\/secure.gravatar.com\\\/avatar\\\/71f2fa71737ad68a84fea94bc708ddac8ea5b0c4788dc2ad202f3ccb2887742f?s=96&d=wp_user_avatar&r=g\",\"caption\":\"Reda\u00e7\u00e3o JO\"},\"url\":\"https:\\\/\\\/jornaldasoficinas.com\\\/pt\\\/author\\\/joredacao\\\/\"}]}<\/script>\n<!-- \/ Yoast SEO plugin. -->","yoast_head_json":{"title":"Delphi destaca forma\u00e7\u00e3o, inova\u00e7\u00e3o e pr\u00e9mios na Motortec 2025 - Jornal das Oficinas","description":"A Delphi vai marcar presen\u00e7a na Motortec 2025 com forma\u00e7\u00f5es t\u00e9cnicas, inova\u00e7\u00f5es para o aftermarket e v\u00e1rias a\u00e7\u00f5es interativas\u00a0","robots":{"index":"index","follow":"follow","max-snippet":"max-snippet:-1","max-image-preview":"max-image-preview:large","max-video-preview":"max-video-preview:-1"},"canonical":"https:\/\/jornaldasoficinas.com\/pt\/delphi-destaca-formacao-inovacao-e-premios-na-motortec-2025\/","og_locale":"pt_PT","og_type":"article","og_title":"Delphi destaca forma\u00e7\u00e3o, inova\u00e7\u00e3o e pr\u00e9mios na Motortec 2025 - Jornal das Oficinas","og_description":"A Delphi vai marcar presen\u00e7a na Motortec 2025 com forma\u00e7\u00f5es t\u00e9cnicas, inova\u00e7\u00f5es para o aftermarket e v\u00e1rias a\u00e7\u00f5es interativas\u00a0","og_url":"https:\/\/jornaldasoficinas.com\/pt\/delphi-destaca-formacao-inovacao-e-premios-na-motortec-2025\/","og_site_name":"Jornal das Oficinas","article_publisher":"https:\/\/www.facebook.com\/jornaloficinas","article_published_time":"2025-04-15T17:30:20+00:00","article_modified_time":"2025-04-27T09:56:27+00:00","og_image":[{"width":1024,"height":581,"url":"https:\/\/jornaldasoficinas.com\/pt\/wp-content\/uploads\/2025\/04\/Delphi-destaca-formacao-inovacao-e-premios-na-Motortec-2025.jpg","type":"image\/jpeg"}],"author":"Reda\u00e7\u00e3o JO","twitter_card":"summary_large_image","twitter_creator":"@jornaloficinas","twitter_site":"@jornaloficinas","twitter_misc":{"Escrito por":"Reda\u00e7\u00e3o JO","Tempo estimado de leitura":"3 minutos"},"schema":{"@context":"https:\/\/schema.org","@graph":[{"@type":"Article","@id":"https:\/\/jornaldasoficinas.com\/pt\/delphi-destaca-formacao-inovacao-e-premios-na-motortec-2025\/#article","isPartOf":{"@id":"https:\/\/jornaldasoficinas.com\/pt\/delphi-destaca-formacao-inovacao-e-premios-na-motortec-2025\/"},"author":{"name":"Reda\u00e7\u00e3o JO","@id":"https:\/\/jornaldasoficinas.com\/pt\/#\/schema\/person\/a38eef5de2c41d9e7c9ac10141afddf3"},"headline":"Delphi destaca forma\u00e7\u00e3o, inova\u00e7\u00e3o e pr\u00e9mios na Motortec 2025","datePublished":"2025-04-15T17:30:20+00:00","dateModified":"2025-04-27T09:56:27+00:00","mainEntityOfPage":{"@id":"https:\/\/jornaldasoficinas.com\/pt\/delphi-destaca-formacao-inovacao-e-premios-na-motortec-2025\/"},"wordCount":364,"publisher":{"@id":"https:\/\/jornaldasoficinas.com\/pt\/#organization"},"image":{"@id":"https:\/\/jornaldasoficinas.com\/pt\/delphi-destaca-formacao-inovacao-e-premios-na-motortec-2025\/#primaryimage"},"thumbnailUrl":"https:\/\/jornaldasoficinas.com\/pt\/wp-content\/uploads\/2025\/04\/Delphi-destaca-formacao-inovacao-e-premios-na-Motortec-2025.jpg","keywords":["a\u00e7\u00f5es interativas","agenda din\u00e2mica","Delphi","Forma\u00e7\u00e3o t\u00e9cnica","Motortec 2025","sorteio de pr\u00e9mios"],"articleSection":["Empresas","Motortec"],"inLanguage":"pt-PT"},{"@type":"WebPage","@id":"https:\/\/jornaldasoficinas.com\/pt\/delphi-destaca-formacao-inovacao-e-premios-na-motortec-2025\/","url":"https:\/\/jornaldasoficinas.com\/pt\/delphi-destaca-formacao-inovacao-e-premios-na-motortec-2025\/","name":"Delphi destaca forma\u00e7\u00e3o, inova\u00e7\u00e3o e pr\u00e9mios na Motortec 2025 - Jornal das Oficinas","isPartOf":{"@id":"https:\/\/jornaldasoficinas.com\/pt\/#website"},"primaryImageOfPage":{"@id":"https:\/\/jornaldasoficinas.com\/pt\/delphi-destaca-formacao-inovacao-e-premios-na-motortec-2025\/#primaryimage"},"image":{"@id":"https:\/\/jornaldasoficinas.com\/pt\/delphi-destaca-formacao-inovacao-e-premios-na-motortec-2025\/#primaryimage"},"thumbnailUrl":"https:\/\/jornaldasoficinas.com\/pt\/wp-content\/uploads\/2025\/04\/Delphi-destaca-formacao-inovacao-e-premios-na-Motortec-2025.jpg","datePublished":"2025-04-15T17:30:20+00:00","dateModified":"2025-04-27T09:56:27+00:00","description":"A Delphi vai marcar presen\u00e7a na Motortec 2025 com forma\u00e7\u00f5es t\u00e9cnicas, inova\u00e7\u00f5es para o aftermarket e v\u00e1rias a\u00e7\u00f5es interativas\u00a0","breadcrumb":{"@id":"https:\/\/jornaldasoficinas.com\/pt\/delphi-destaca-formacao-inovacao-e-premios-na-motortec-2025\/#breadcrumb"},"inLanguage":"pt-PT","potentialAction":[{"@type":"ReadAction","target":["https:\/\/jornaldasoficinas.com\/pt\/delphi-destaca-formacao-inovacao-e-premios-na-motortec-2025\/"]}]},{"@type":"ImageObject","inLanguage":"pt-PT","@id":"https:\/\/jornaldasoficinas.com\/pt\/delphi-destaca-formacao-inovacao-e-premios-na-motortec-2025\/#primaryimage","url":"https:\/\/jornaldasoficinas.com\/pt\/wp-content\/uploads\/2025\/04\/Delphi-destaca-formacao-inovacao-e-premios-na-Motortec-2025.jpg","contentUrl":"https:\/\/jornaldasoficinas.com\/pt\/wp-content\/uploads\/2025\/04\/Delphi-destaca-formacao-inovacao-e-premios-na-Motortec-2025.jpg","width":1024,"height":581,"caption":"04 - Delphi destaca formacao inovacao e premios na Motortec 2025"},{"@type":"BreadcrumbList","@id":"https:\/\/jornaldasoficinas.com\/pt\/delphi-destaca-formacao-inovacao-e-premios-na-motortec-2025\/#breadcrumb","itemListElement":[{"@type":"ListItem","position":1,"name":"In\u00edcio","item":"https:\/\/jornaldasoficinas.com\/pt\/"},{"@type":"ListItem","position":2,"name":"Delphi destaca forma\u00e7\u00e3o, inova\u00e7\u00e3o e pr\u00e9mios na Motortec 2025"}]},{"@type":"WebSite","@id":"https:\/\/jornaldasoficinas.com\/pt\/#website","url":"https:\/\/jornaldasoficinas.com\/pt\/","name":"Jornal das Oficinas","description":"Jornal independente do Aftermarket Autom\u00f3vel em Portugal","publisher":{"@id":"https:\/\/jornaldasoficinas.com\/pt\/#organization"},"potentialAction":[{"@type":"SearchAction","target":{"@type":"EntryPoint","urlTemplate":"https:\/\/jornaldasoficinas.com\/pt\/?s={search_term_string}"},"query-input":{"@type":"PropertyValueSpecification","valueRequired":true,"valueName":"search_term_string"}}],"inLanguage":"pt-PT"},{"@type":"Organization","@id":"https:\/\/jornaldasoficinas.com\/pt\/#organization","name":"Jornal das Oficinas","url":"https:\/\/jornaldasoficinas.com\/pt\/","logo":{"@type":"ImageObject","inLanguage":"pt-PT","@id":"https:\/\/jornaldasoficinas.com\/pt\/#\/schema\/logo\/image\/","url":"https:\/\/jornaldasoficinas.com\/pt\/wp-content\/uploads\/logoJO-SEO.png","contentUrl":"https:\/\/jornaldasoficinas.com\/pt\/wp-content\/uploads\/logoJO-SEO.png","width":285,"height":450,"caption":"Jornal das Oficinas"},"image":{"@id":"https:\/\/jornaldasoficinas.com\/pt\/#\/schema\/logo\/image\/"},"sameAs":["https:\/\/www.facebook.com\/jornaloficinas","https:\/\/x.com\/jornaloficinas","https:\/\/www.instagram.com\/jornal_oficinas\/","https:\/\/www.linkedin.com\/company\/jornal-das-oficinas\/","https:\/\/www.youtube.com\/channel\/UCbQZBqtcvV-oSQrr7RzINGg"]},{"@type":"Person","@id":"https:\/\/jornaldasoficinas.com\/pt\/#\/schema\/person\/a38eef5de2c41d9e7c9ac10141afddf3","name":"Reda\u00e7\u00e3o JO","image":{"@type":"ImageObject","inLanguage":"pt-PT","@id":"https:\/\/secure.gravatar.com\/avatar\/71f2fa71737ad68a84fea94bc708ddac8ea5b0c4788dc2ad202f3ccb2887742f?s=96&d=wp_user_avatar&r=g","url":"https:\/\/secure.gravatar.com\/avatar\/71f2fa71737ad68a84fea94bc708ddac8ea5b0c4788dc2ad202f3ccb2887742f?s=96&d=wp_user_avatar&r=g","contentUrl":"https:\/\/secure.gravatar.com\/avatar\/71f2fa71737ad68a84fea94bc708ddac8ea5b0c4788dc2ad202f3ccb2887742f?s=96&d=wp_user_avatar&r=g","caption":"Reda\u00e7\u00e3o JO"},"url":"https:\/\/jornaldasoficinas.com\/pt\/author\/joredacao\/"}]}},"_links":{"self":[{"href":"https:\/\/jornaldasoficinas.com\/pt\/wp-json\/wp\/v2\/posts\/100502","targetHints":{"allow":["GET"]}}],"collection":[{"href":"https:\/\/jornaldasoficinas.com\/pt\/wp-json\/wp\/v2\/posts"}],"about":[{"href":"https:\/\/jornaldasoficinas.com\/pt\/wp-json\/wp\/v2\/types\/post"}],"author":[{"embeddable":true,"href":"https:\/\/jornaldasoficinas.com\/pt\/wp-json\/wp\/v2\/users\/15"}],"replies":[{"embeddable":true,"href":"https:\/\/jornaldasoficinas.com\/pt\/wp-json\/wp\/v2\/comments?post=100502"}],"version-history":[{"count":7,"href":"https:\/\/jornaldasoficinas.com\/pt\/wp-json\/wp\/v2\/posts\/100502\/revisions"}],"predecessor-version":[{"id":100551,"href":"https:\/\/jornaldasoficinas.com\/pt\/wp-json\/wp\/v2\/posts\/100502\/revisions\/100551"}],"wp:featuredmedia":[{"embeddable":true,"href":"https:\/\/jornaldasoficinas.com\/pt\/wp-json\/wp\/v2\/media\/100508"}],"wp:attachment":[{"href":"https:\/\/jornaldasoficinas.com\/pt\/wp-json\/wp\/v2\/media?parent=100502"}],"wp:term":[{"taxonomy":"category","embeddable":true,"href":"https:\/\/jornaldasoficinas.com\/pt\/wp-json\/wp\/v2\/categories?post=100502"},{"taxonomy":"post_tag","embeddable":true,"href":"https:\/\/jornaldasoficinas.com\/pt\/wp-json\/wp\/v2\/tags?post=100502"}],"curies":[{"name":"wp","href":"https:\/\/api.w.org\/{rel}","templated":true}]}}