{"id":100589,"date":"2025-04-17T14:00:54","date_gmt":"2025-04-17T13:00:54","guid":{"rendered":"https:\/\/jornaldasoficinas.com\/pt\/?p=100589"},"modified":"2025-04-17T16:17:18","modified_gmt":"2025-04-17T15:17:18","slug":"quinta-da-pacheca-sera-casa-do-maior-encontro-de-supercarros","status":"publish","type":"post","link":"https:\/\/jornaldasoficinas.com\/pt\/quinta-da-pacheca-sera-casa-do-maior-encontro-de-supercarros\/","title":{"rendered":"Quinta da Pacheca ser\u00e1 casa do maior encontro de supercarros"},"content":{"rendered":"<p><strong><img loading=\"lazy\" decoding=\"async\" class=\"alignnone size-full wp-image-100596\" src=\"https:\/\/jornaldasoficinas.com\/pt\/wp-content\/uploads\/2025\/04\/Quinta-da-Pacheca-sera-casa-do-maior-encontro-de-supercarros.jpg\" alt=\"04 - Quinta da Pacheca sera casa do maior encontro de supercarros\" width=\"1024\" height=\"581\" srcset=\"https:\/\/jornaldasoficinas.com\/pt\/wp-content\/uploads\/2025\/04\/Quinta-da-Pacheca-sera-casa-do-maior-encontro-de-supercarros.jpg 1024w, https:\/\/jornaldasoficinas.com\/pt\/wp-content\/uploads\/2025\/04\/Quinta-da-Pacheca-sera-casa-do-maior-encontro-de-supercarros-300x170.jpg 300w, https:\/\/jornaldasoficinas.com\/pt\/wp-content\/uploads\/2025\/04\/Quinta-da-Pacheca-sera-casa-do-maior-encontro-de-supercarros-150x85.jpg 150w, https:\/\/jornaldasoficinas.com\/pt\/wp-content\/uploads\/2025\/04\/Quinta-da-Pacheca-sera-casa-do-maior-encontro-de-supercarros-768x436.jpg 768w\" sizes=\"auto, (max-width: 1024px) 100vw, 1024px\" \/><\/strong><\/p>\n<p><strong>O programa do\u00a0Gathering Supercars 2025\u00a0&#8211; um dos maiores e prestigiados eventos de hiper e supercarros da Europa e do Mundo &#8211; vai decorrer de 25 a 27 de abril, dividindo-se entre Vila Real e Lamego, e escolheu como sua\u00a0<em>casa<\/em>\u00a0a\u00a0<a href=\"https:\/\/quintadapacheca.com\/pt?srsltid=AfmBOoopcKMGNvw8ANXWryo_RyVQxrWsjI0g2QAPzNiiH7azlf68K7FK\">Quinta da Pacheca<\/a><\/strong><\/p>\n<p>&#8220;A Paix\u00e3o pelos Autom\u00f3veis \u00e9 o melhor dos pretextos para reunir Amigos&#8221; \u00e9 o mote do evento que reunir\u00e1 mais de uma centena de hiper e supercarros das mais prestigiadas marcas, como a Lamborghini, a Ferrari, a Porsche, a Kimera e a McLaren, entre outras refer\u00eancias mundiais do mercado autom\u00f3vel.<\/p>\n<p>A edi\u00e7\u00e3o de 2025 promete ficar na hist\u00f3ria no mundo autom\u00f3vel nacional e internacional, dado que conta com a presen\u00e7a confirmada de Tom Kristensen &#8220;Mr. LeMans&#8221; (recordista nas 24h00 do conhecido circuito, onde conquistou nove vit\u00f3rias),\u00a0 uma celebra\u00e7\u00e3o muito especial dos 30 Anos de Legado do Ayrton Senna, com a presen\u00e7a da prestigiada artista e sobrinha do piloto Lalalli Senna, e uma exposi\u00e7\u00e3o exclusiva da obra Nosso Senna Collection, al\u00e9m da participa\u00e7\u00e3o de Marc Poulain (<em>chef design<\/em>\u00a0avan\u00e7ado da Alpine e ex-Ferrari).<\/p>\n<p>De entre o programa contam-se, tamb\u00e9m, outras experi\u00eancias (que v\u00e3o decorrer no centro de Vila Real), nomeadamente, concertos \u2013 dos Calema e Toy, por exemplo -, e a colabora\u00e7\u00e3o da Associa\u00e7\u00e3o Sara Carreira, que apoia jovens com poucos recursos financeiros a tentarem concretizar todos os seus sonhos.<\/p>\n<p>&#8220;Abra\u00e7\u00e1mos este projeto com grande entusiasmo, porque o esp\u00edrito do evento vai ao encontro dos valores que tamb\u00e9m regem a nossa miss\u00e3o, como a exclusividade, partilha e conv\u00edvio&#8221;, afirmou a administra\u00e7\u00e3o da Quinta da Pacheca.<\/p>\n<p>Os participantes no evento re\u00fanem-se ao in\u00edcio da tarde na principal unidade do Pacheca Group, em Lamego, num ambiente de grande anima\u00e7\u00e3o e conv\u00edvio, para um cocktail de celebra\u00e7\u00e3o do 5.\u00ba anivers\u00e1rio do Gathering Supercars, diversas experi\u00eancias exclusivas de luxo e um jantar com atua\u00e7\u00f5es de Diana Catarino Sax e DJ Its La Marie.<\/p>\n<p>No s\u00e1bado, dia 26, a Quinta da Pacheca acolhe um festival gastron\u00f3mico e um concerto de Toy, tamb\u00e9m no \u00e2mbito do evento. O encontro de supercarros termina no dia seguinte, domingo, com um almo\u00e7o na propriedade e um concerto dos Calema.<\/p>\n<p>&#8220;Conhecido pela sua arte de bem receber, Pacheca Group disponibilizar\u00e1 duas unidades hoteleiras de cinco estrelas (Quinta da Pacheca e Quinta S\u00e3o Jos\u00e9 do Barril\u00e1rio), para que os participantes se sintam verdadeiramente em casa, abra\u00e7ados pelas paisagens \u00edmpares do Douro, com os seus cen\u00e1rios id\u00edlicos e hist\u00f3ricos&#8221;, referiu.<\/p>\n<p>&#8220;O Gathering Superscars \u00e9 uma refer\u00eancia internacional, s\u00f3 poss\u00edvel com a colabora\u00e7\u00e3o de todos participantes, o melhor p\u00fablico e os melhores parceiros. Lamborghini Lisboa, C\u00e2mara Municipal de Vila Real, Pirelli, Moet Hennessy, Bang Olufsen, Power Shield, Cardetail, Kimera, Guerlain, Cardetail e MetalPrime s\u00e3o parceiros do evento e assumem papel preponderante em elevar o Gathering ao melhor evento autom\u00f3vel do Mundo&#8221;, concluiu.<\/p>\n","protected":false},"excerpt":{"rendered":"<p>O programa do\u00a0Gathering Supercars 2025\u00a0&#8211; um&#8230;<\/p>\n","protected":false},"author":15,"featured_media":100596,"comment_status":"closed","ping_status":"closed","sticky":false,"template":"","format":"standard","meta":{"footnotes":""},"categories":[29],"tags":[12526,12525,12524,8563,360],"class_list":["post-100589","post","type-post","status-publish","format-standard","has-post-thumbnail","hentry","category-empresas","tag-25-a-27-de-abril","tag-gathering-supercars-2025","tag-maior-encontro","tag-quinta-da-pacheca","tag-supercarros"],"yoast_head":"<!-- This site is optimized with the Yoast SEO plugin v27.4 - https:\/\/yoast.com\/product\/yoast-seo-wordpress\/ -->\n<title>Quinta da Pacheca ser\u00e1 casa do maior encontro de supercarros - Jornal das Oficinas<\/title>\n<meta name=\"description\" content=\"O programa do\u00a0Gathering Supercars 2025 vai decorrer de 25 a 27 de abril e escolheu como sua\u00a0casa\u00a0a\u00a0Quinta da Pacheca\" \/>\n<meta name=\"robots\" content=\"index, follow, max-snippet:-1, max-image-preview:large, max-video-preview:-1\" \/>\n<link rel=\"canonical\" href=\"https:\/\/jornaldasoficinas.com\/pt\/quinta-da-pacheca-sera-casa-do-maior-encontro-de-supercarros\/\" \/>\n<meta property=\"og:locale\" content=\"pt_PT\" \/>\n<meta property=\"og:type\" content=\"article\" \/>\n<meta property=\"og:title\" content=\"Quinta da Pacheca ser\u00e1 casa do maior encontro de supercarros - Jornal das Oficinas\" \/>\n<meta property=\"og:description\" content=\"O programa do\u00a0Gathering Supercars 2025 vai decorrer de 25 a 27 de abril e escolheu como sua\u00a0casa\u00a0a\u00a0Quinta da Pacheca\" \/>\n<meta property=\"og:url\" content=\"https:\/\/jornaldasoficinas.com\/pt\/quinta-da-pacheca-sera-casa-do-maior-encontro-de-supercarros\/\" \/>\n<meta property=\"og:site_name\" content=\"Jornal das Oficinas\" \/>\n<meta property=\"article:publisher\" content=\"https:\/\/www.facebook.com\/jornaloficinas\" \/>\n<meta property=\"article:published_time\" content=\"2025-04-17T13:00:54+00:00\" \/>\n<meta property=\"article:modified_time\" content=\"2025-04-17T15:17:18+00:00\" \/>\n<meta property=\"og:image\" content=\"https:\/\/jornaldasoficinas.com\/pt\/wp-content\/uploads\/2025\/04\/Quinta-da-Pacheca-sera-casa-do-maior-encontro-de-supercarros.jpg\" \/>\n\t<meta property=\"og:image:width\" content=\"1024\" \/>\n\t<meta property=\"og:image:height\" content=\"581\" \/>\n\t<meta property=\"og:image:type\" content=\"image\/jpeg\" \/>\n<meta name=\"author\" content=\"Reda\u00e7\u00e3o JO\" \/>\n<meta name=\"twitter:card\" content=\"summary_large_image\" \/>\n<meta name=\"twitter:creator\" content=\"@jornaloficinas\" \/>\n<meta name=\"twitter:site\" content=\"@jornaloficinas\" \/>\n<meta name=\"twitter:label1\" content=\"Escrito por\" \/>\n\t<meta name=\"twitter:data1\" content=\"Reda\u00e7\u00e3o JO\" \/>\n\t<meta name=\"twitter:label2\" content=\"Tempo estimado de leitura\" \/>\n\t<meta name=\"twitter:data2\" content=\"3 minutos\" \/>\n<script type=\"application\/ld+json\" class=\"yoast-schema-graph\">{\"@context\":\"https:\\\/\\\/schema.org\",\"@graph\":[{\"@type\":\"Article\",\"@id\":\"https:\\\/\\\/jornaldasoficinas.com\\\/pt\\\/quinta-da-pacheca-sera-casa-do-maior-encontro-de-supercarros\\\/#article\",\"isPartOf\":{\"@id\":\"https:\\\/\\\/jornaldasoficinas.com\\\/pt\\\/quinta-da-pacheca-sera-casa-do-maior-encontro-de-supercarros\\\/\"},\"author\":{\"name\":\"Reda\u00e7\u00e3o JO\",\"@id\":\"https:\\\/\\\/jornaldasoficinas.com\\\/pt\\\/#\\\/schema\\\/person\\\/a38eef5de2c41d9e7c9ac10141afddf3\"},\"headline\":\"Quinta da Pacheca ser\u00e1 casa do maior encontro de supercarros\",\"datePublished\":\"2025-04-17T13:00:54+00:00\",\"dateModified\":\"2025-04-17T15:17:18+00:00\",\"mainEntityOfPage\":{\"@id\":\"https:\\\/\\\/jornaldasoficinas.com\\\/pt\\\/quinta-da-pacheca-sera-casa-do-maior-encontro-de-supercarros\\\/\"},\"wordCount\":514,\"publisher\":{\"@id\":\"https:\\\/\\\/jornaldasoficinas.com\\\/pt\\\/#organization\"},\"image\":{\"@id\":\"https:\\\/\\\/jornaldasoficinas.com\\\/pt\\\/quinta-da-pacheca-sera-casa-do-maior-encontro-de-supercarros\\\/#primaryimage\"},\"thumbnailUrl\":\"https:\\\/\\\/jornaldasoficinas.com\\\/pt\\\/wp-content\\\/uploads\\\/2025\\\/04\\\/Quinta-da-Pacheca-sera-casa-do-maior-encontro-de-supercarros.jpg\",\"keywords\":[\"25 a 27 de abril\",\"Gathering Supercars 2025\",\"maior encontro\",\"Quinta da Pacheca\",\"Supercarros\"],\"articleSection\":[\"Empresas\"],\"inLanguage\":\"pt-PT\"},{\"@type\":\"WebPage\",\"@id\":\"https:\\\/\\\/jornaldasoficinas.com\\\/pt\\\/quinta-da-pacheca-sera-casa-do-maior-encontro-de-supercarros\\\/\",\"url\":\"https:\\\/\\\/jornaldasoficinas.com\\\/pt\\\/quinta-da-pacheca-sera-casa-do-maior-encontro-de-supercarros\\\/\",\"name\":\"Quinta da Pacheca ser\u00e1 casa do maior encontro de supercarros - Jornal das Oficinas\",\"isPartOf\":{\"@id\":\"https:\\\/\\\/jornaldasoficinas.com\\\/pt\\\/#website\"},\"primaryImageOfPage\":{\"@id\":\"https:\\\/\\\/jornaldasoficinas.com\\\/pt\\\/quinta-da-pacheca-sera-casa-do-maior-encontro-de-supercarros\\\/#primaryimage\"},\"image\":{\"@id\":\"https:\\\/\\\/jornaldasoficinas.com\\\/pt\\\/quinta-da-pacheca-sera-casa-do-maior-encontro-de-supercarros\\\/#primaryimage\"},\"thumbnailUrl\":\"https:\\\/\\\/jornaldasoficinas.com\\\/pt\\\/wp-content\\\/uploads\\\/2025\\\/04\\\/Quinta-da-Pacheca-sera-casa-do-maior-encontro-de-supercarros.jpg\",\"datePublished\":\"2025-04-17T13:00:54+00:00\",\"dateModified\":\"2025-04-17T15:17:18+00:00\",\"description\":\"O programa do\u00a0Gathering Supercars 2025 vai decorrer de 25 a 27 de abril e escolheu como sua\u00a0casa\u00a0a\u00a0Quinta da Pacheca\",\"breadcrumb\":{\"@id\":\"https:\\\/\\\/jornaldasoficinas.com\\\/pt\\\/quinta-da-pacheca-sera-casa-do-maior-encontro-de-supercarros\\\/#breadcrumb\"},\"inLanguage\":\"pt-PT\",\"potentialAction\":[{\"@type\":\"ReadAction\",\"target\":[\"https:\\\/\\\/jornaldasoficinas.com\\\/pt\\\/quinta-da-pacheca-sera-casa-do-maior-encontro-de-supercarros\\\/\"]}]},{\"@type\":\"ImageObject\",\"inLanguage\":\"pt-PT\",\"@id\":\"https:\\\/\\\/jornaldasoficinas.com\\\/pt\\\/quinta-da-pacheca-sera-casa-do-maior-encontro-de-supercarros\\\/#primaryimage\",\"url\":\"https:\\\/\\\/jornaldasoficinas.com\\\/pt\\\/wp-content\\\/uploads\\\/2025\\\/04\\\/Quinta-da-Pacheca-sera-casa-do-maior-encontro-de-supercarros.jpg\",\"contentUrl\":\"https:\\\/\\\/jornaldasoficinas.com\\\/pt\\\/wp-content\\\/uploads\\\/2025\\\/04\\\/Quinta-da-Pacheca-sera-casa-do-maior-encontro-de-supercarros.jpg\",\"width\":1024,\"height\":581,\"caption\":\"04 - Quinta da Pacheca sera casa do maior encontro de supercarros\"},{\"@type\":\"BreadcrumbList\",\"@id\":\"https:\\\/\\\/jornaldasoficinas.com\\\/pt\\\/quinta-da-pacheca-sera-casa-do-maior-encontro-de-supercarros\\\/#breadcrumb\",\"itemListElement\":[{\"@type\":\"ListItem\",\"position\":1,\"name\":\"In\u00edcio\",\"item\":\"https:\\\/\\\/jornaldasoficinas.com\\\/pt\\\/\"},{\"@type\":\"ListItem\",\"position\":2,\"name\":\"Quinta da Pacheca ser\u00e1 casa do maior encontro de supercarros\"}]},{\"@type\":\"WebSite\",\"@id\":\"https:\\\/\\\/jornaldasoficinas.com\\\/pt\\\/#website\",\"url\":\"https:\\\/\\\/jornaldasoficinas.com\\\/pt\\\/\",\"name\":\"Jornal das Oficinas\",\"description\":\"Jornal independente do Aftermarket Autom\u00f3vel em Portugal\",\"publisher\":{\"@id\":\"https:\\\/\\\/jornaldasoficinas.com\\\/pt\\\/#organization\"},\"potentialAction\":[{\"@type\":\"SearchAction\",\"target\":{\"@type\":\"EntryPoint\",\"urlTemplate\":\"https:\\\/\\\/jornaldasoficinas.com\\\/pt\\\/?s={search_term_string}\"},\"query-input\":{\"@type\":\"PropertyValueSpecification\",\"valueRequired\":true,\"valueName\":\"search_term_string\"}}],\"inLanguage\":\"pt-PT\"},{\"@type\":\"Organization\",\"@id\":\"https:\\\/\\\/jornaldasoficinas.com\\\/pt\\\/#organization\",\"name\":\"Jornal das Oficinas\",\"url\":\"https:\\\/\\\/jornaldasoficinas.com\\\/pt\\\/\",\"logo\":{\"@type\":\"ImageObject\",\"inLanguage\":\"pt-PT\",\"@id\":\"https:\\\/\\\/jornaldasoficinas.com\\\/pt\\\/#\\\/schema\\\/logo\\\/image\\\/\",\"url\":\"https:\\\/\\\/jornaldasoficinas.com\\\/pt\\\/wp-content\\\/uploads\\\/logoJO-SEO.png\",\"contentUrl\":\"https:\\\/\\\/jornaldasoficinas.com\\\/pt\\\/wp-content\\\/uploads\\\/logoJO-SEO.png\",\"width\":285,\"height\":450,\"caption\":\"Jornal das Oficinas\"},\"image\":{\"@id\":\"https:\\\/\\\/jornaldasoficinas.com\\\/pt\\\/#\\\/schema\\\/logo\\\/image\\\/\"},\"sameAs\":[\"https:\\\/\\\/www.facebook.com\\\/jornaloficinas\",\"https:\\\/\\\/x.com\\\/jornaloficinas\",\"https:\\\/\\\/www.instagram.com\\\/jornal_oficinas\\\/\",\"https:\\\/\\\/www.linkedin.com\\\/company\\\/jornal-das-oficinas\\\/\",\"https:\\\/\\\/www.youtube.com\\\/channel\\\/UCbQZBqtcvV-oSQrr7RzINGg\"]},{\"@type\":\"Person\",\"@id\":\"https:\\\/\\\/jornaldasoficinas.com\\\/pt\\\/#\\\/schema\\\/person\\\/a38eef5de2c41d9e7c9ac10141afddf3\",\"name\":\"Reda\u00e7\u00e3o JO\",\"image\":{\"@type\":\"ImageObject\",\"inLanguage\":\"pt-PT\",\"@id\":\"https:\\\/\\\/secure.gravatar.com\\\/avatar\\\/71f2fa71737ad68a84fea94bc708ddac8ea5b0c4788dc2ad202f3ccb2887742f?s=96&d=wp_user_avatar&r=g\",\"url\":\"https:\\\/\\\/secure.gravatar.com\\\/avatar\\\/71f2fa71737ad68a84fea94bc708ddac8ea5b0c4788dc2ad202f3ccb2887742f?s=96&d=wp_user_avatar&r=g\",\"contentUrl\":\"https:\\\/\\\/secure.gravatar.com\\\/avatar\\\/71f2fa71737ad68a84fea94bc708ddac8ea5b0c4788dc2ad202f3ccb2887742f?s=96&d=wp_user_avatar&r=g\",\"caption\":\"Reda\u00e7\u00e3o JO\"},\"url\":\"https:\\\/\\\/jornaldasoficinas.com\\\/pt\\\/author\\\/joredacao\\\/\"}]}<\/script>\n<!-- \/ Yoast SEO plugin. -->","yoast_head_json":{"title":"Quinta da Pacheca ser\u00e1 casa do maior encontro de supercarros - Jornal das Oficinas","description":"O programa do\u00a0Gathering Supercars 2025 vai decorrer de 25 a 27 de abril e escolheu como sua\u00a0casa\u00a0a\u00a0Quinta da Pacheca","robots":{"index":"index","follow":"follow","max-snippet":"max-snippet:-1","max-image-preview":"max-image-preview:large","max-video-preview":"max-video-preview:-1"},"canonical":"https:\/\/jornaldasoficinas.com\/pt\/quinta-da-pacheca-sera-casa-do-maior-encontro-de-supercarros\/","og_locale":"pt_PT","og_type":"article","og_title":"Quinta da Pacheca ser\u00e1 casa do maior encontro de supercarros - Jornal das Oficinas","og_description":"O programa do\u00a0Gathering Supercars 2025 vai decorrer de 25 a 27 de abril e escolheu como sua\u00a0casa\u00a0a\u00a0Quinta da Pacheca","og_url":"https:\/\/jornaldasoficinas.com\/pt\/quinta-da-pacheca-sera-casa-do-maior-encontro-de-supercarros\/","og_site_name":"Jornal das Oficinas","article_publisher":"https:\/\/www.facebook.com\/jornaloficinas","article_published_time":"2025-04-17T13:00:54+00:00","article_modified_time":"2025-04-17T15:17:18+00:00","og_image":[{"width":1024,"height":581,"url":"https:\/\/jornaldasoficinas.com\/pt\/wp-content\/uploads\/2025\/04\/Quinta-da-Pacheca-sera-casa-do-maior-encontro-de-supercarros.jpg","type":"image\/jpeg"}],"author":"Reda\u00e7\u00e3o JO","twitter_card":"summary_large_image","twitter_creator":"@jornaloficinas","twitter_site":"@jornaloficinas","twitter_misc":{"Escrito por":"Reda\u00e7\u00e3o JO","Tempo estimado de leitura":"3 minutos"},"schema":{"@context":"https:\/\/schema.org","@graph":[{"@type":"Article","@id":"https:\/\/jornaldasoficinas.com\/pt\/quinta-da-pacheca-sera-casa-do-maior-encontro-de-supercarros\/#article","isPartOf":{"@id":"https:\/\/jornaldasoficinas.com\/pt\/quinta-da-pacheca-sera-casa-do-maior-encontro-de-supercarros\/"},"author":{"name":"Reda\u00e7\u00e3o JO","@id":"https:\/\/jornaldasoficinas.com\/pt\/#\/schema\/person\/a38eef5de2c41d9e7c9ac10141afddf3"},"headline":"Quinta da Pacheca ser\u00e1 casa do maior encontro de supercarros","datePublished":"2025-04-17T13:00:54+00:00","dateModified":"2025-04-17T15:17:18+00:00","mainEntityOfPage":{"@id":"https:\/\/jornaldasoficinas.com\/pt\/quinta-da-pacheca-sera-casa-do-maior-encontro-de-supercarros\/"},"wordCount":514,"publisher":{"@id":"https:\/\/jornaldasoficinas.com\/pt\/#organization"},"image":{"@id":"https:\/\/jornaldasoficinas.com\/pt\/quinta-da-pacheca-sera-casa-do-maior-encontro-de-supercarros\/#primaryimage"},"thumbnailUrl":"https:\/\/jornaldasoficinas.com\/pt\/wp-content\/uploads\/2025\/04\/Quinta-da-Pacheca-sera-casa-do-maior-encontro-de-supercarros.jpg","keywords":["25 a 27 de abril","Gathering Supercars 2025","maior encontro","Quinta da Pacheca","Supercarros"],"articleSection":["Empresas"],"inLanguage":"pt-PT"},{"@type":"WebPage","@id":"https:\/\/jornaldasoficinas.com\/pt\/quinta-da-pacheca-sera-casa-do-maior-encontro-de-supercarros\/","url":"https:\/\/jornaldasoficinas.com\/pt\/quinta-da-pacheca-sera-casa-do-maior-encontro-de-supercarros\/","name":"Quinta da Pacheca ser\u00e1 casa do maior encontro de supercarros - Jornal das Oficinas","isPartOf":{"@id":"https:\/\/jornaldasoficinas.com\/pt\/#website"},"primaryImageOfPage":{"@id":"https:\/\/jornaldasoficinas.com\/pt\/quinta-da-pacheca-sera-casa-do-maior-encontro-de-supercarros\/#primaryimage"},"image":{"@id":"https:\/\/jornaldasoficinas.com\/pt\/quinta-da-pacheca-sera-casa-do-maior-encontro-de-supercarros\/#primaryimage"},"thumbnailUrl":"https:\/\/jornaldasoficinas.com\/pt\/wp-content\/uploads\/2025\/04\/Quinta-da-Pacheca-sera-casa-do-maior-encontro-de-supercarros.jpg","datePublished":"2025-04-17T13:00:54+00:00","dateModified":"2025-04-17T15:17:18+00:00","description":"O programa do\u00a0Gathering Supercars 2025 vai decorrer de 25 a 27 de abril e escolheu como sua\u00a0casa\u00a0a\u00a0Quinta da Pacheca","breadcrumb":{"@id":"https:\/\/jornaldasoficinas.com\/pt\/quinta-da-pacheca-sera-casa-do-maior-encontro-de-supercarros\/#breadcrumb"},"inLanguage":"pt-PT","potentialAction":[{"@type":"ReadAction","target":["https:\/\/jornaldasoficinas.com\/pt\/quinta-da-pacheca-sera-casa-do-maior-encontro-de-supercarros\/"]}]},{"@type":"ImageObject","inLanguage":"pt-PT","@id":"https:\/\/jornaldasoficinas.com\/pt\/quinta-da-pacheca-sera-casa-do-maior-encontro-de-supercarros\/#primaryimage","url":"https:\/\/jornaldasoficinas.com\/pt\/wp-content\/uploads\/2025\/04\/Quinta-da-Pacheca-sera-casa-do-maior-encontro-de-supercarros.jpg","contentUrl":"https:\/\/jornaldasoficinas.com\/pt\/wp-content\/uploads\/2025\/04\/Quinta-da-Pacheca-sera-casa-do-maior-encontro-de-supercarros.jpg","width":1024,"height":581,"caption":"04 - Quinta da Pacheca sera casa do maior encontro de supercarros"},{"@type":"BreadcrumbList","@id":"https:\/\/jornaldasoficinas.com\/pt\/quinta-da-pacheca-sera-casa-do-maior-encontro-de-supercarros\/#breadcrumb","itemListElement":[{"@type":"ListItem","position":1,"name":"In\u00edcio","item":"https:\/\/jornaldasoficinas.com\/pt\/"},{"@type":"ListItem","position":2,"name":"Quinta da Pacheca ser\u00e1 casa do maior encontro de supercarros"}]},{"@type":"WebSite","@id":"https:\/\/jornaldasoficinas.com\/pt\/#website","url":"https:\/\/jornaldasoficinas.com\/pt\/","name":"Jornal das Oficinas","description":"Jornal independente do Aftermarket Autom\u00f3vel em Portugal","publisher":{"@id":"https:\/\/jornaldasoficinas.com\/pt\/#organization"},"potentialAction":[{"@type":"SearchAction","target":{"@type":"EntryPoint","urlTemplate":"https:\/\/jornaldasoficinas.com\/pt\/?s={search_term_string}"},"query-input":{"@type":"PropertyValueSpecification","valueRequired":true,"valueName":"search_term_string"}}],"inLanguage":"pt-PT"},{"@type":"Organization","@id":"https:\/\/jornaldasoficinas.com\/pt\/#organization","name":"Jornal das Oficinas","url":"https:\/\/jornaldasoficinas.com\/pt\/","logo":{"@type":"ImageObject","inLanguage":"pt-PT","@id":"https:\/\/jornaldasoficinas.com\/pt\/#\/schema\/logo\/image\/","url":"https:\/\/jornaldasoficinas.com\/pt\/wp-content\/uploads\/logoJO-SEO.png","contentUrl":"https:\/\/jornaldasoficinas.com\/pt\/wp-content\/uploads\/logoJO-SEO.png","width":285,"height":450,"caption":"Jornal das Oficinas"},"image":{"@id":"https:\/\/jornaldasoficinas.com\/pt\/#\/schema\/logo\/image\/"},"sameAs":["https:\/\/www.facebook.com\/jornaloficinas","https:\/\/x.com\/jornaloficinas","https:\/\/www.instagram.com\/jornal_oficinas\/","https:\/\/www.linkedin.com\/company\/jornal-das-oficinas\/","https:\/\/www.youtube.com\/channel\/UCbQZBqtcvV-oSQrr7RzINGg"]},{"@type":"Person","@id":"https:\/\/jornaldasoficinas.com\/pt\/#\/schema\/person\/a38eef5de2c41d9e7c9ac10141afddf3","name":"Reda\u00e7\u00e3o JO","image":{"@type":"ImageObject","inLanguage":"pt-PT","@id":"https:\/\/secure.gravatar.com\/avatar\/71f2fa71737ad68a84fea94bc708ddac8ea5b0c4788dc2ad202f3ccb2887742f?s=96&d=wp_user_avatar&r=g","url":"https:\/\/secure.gravatar.com\/avatar\/71f2fa71737ad68a84fea94bc708ddac8ea5b0c4788dc2ad202f3ccb2887742f?s=96&d=wp_user_avatar&r=g","contentUrl":"https:\/\/secure.gravatar.com\/avatar\/71f2fa71737ad68a84fea94bc708ddac8ea5b0c4788dc2ad202f3ccb2887742f?s=96&d=wp_user_avatar&r=g","caption":"Reda\u00e7\u00e3o JO"},"url":"https:\/\/jornaldasoficinas.com\/pt\/author\/joredacao\/"}]}},"_links":{"self":[{"href":"https:\/\/jornaldasoficinas.com\/pt\/wp-json\/wp\/v2\/posts\/100589","targetHints":{"allow":["GET"]}}],"collection":[{"href":"https:\/\/jornaldasoficinas.com\/pt\/wp-json\/wp\/v2\/posts"}],"about":[{"href":"https:\/\/jornaldasoficinas.com\/pt\/wp-json\/wp\/v2\/types\/post"}],"author":[{"embeddable":true,"href":"https:\/\/jornaldasoficinas.com\/pt\/wp-json\/wp\/v2\/users\/15"}],"replies":[{"embeddable":true,"href":"https:\/\/jornaldasoficinas.com\/pt\/wp-json\/wp\/v2\/comments?post=100589"}],"version-history":[{"count":5,"href":"https:\/\/jornaldasoficinas.com\/pt\/wp-json\/wp\/v2\/posts\/100589\/revisions"}],"predecessor-version":[{"id":100597,"href":"https:\/\/jornaldasoficinas.com\/pt\/wp-json\/wp\/v2\/posts\/100589\/revisions\/100597"}],"wp:featuredmedia":[{"embeddable":true,"href":"https:\/\/jornaldasoficinas.com\/pt\/wp-json\/wp\/v2\/media\/100596"}],"wp:attachment":[{"href":"https:\/\/jornaldasoficinas.com\/pt\/wp-json\/wp\/v2\/media?parent=100589"}],"wp:term":[{"taxonomy":"category","embeddable":true,"href":"https:\/\/jornaldasoficinas.com\/pt\/wp-json\/wp\/v2\/categories?post=100589"},{"taxonomy":"post_tag","embeddable":true,"href":"https:\/\/jornaldasoficinas.com\/pt\/wp-json\/wp\/v2\/tags?post=100589"}],"curies":[{"name":"wp","href":"https:\/\/api.w.org\/{rel}","templated":true}]}}