{"id":100631,"date":"2025-04-17T10:00:25","date_gmt":"2025-04-17T09:00:25","guid":{"rendered":"https:\/\/jornaldasoficinas.com\/pt\/?p=100631"},"modified":"2025-04-27T10:55:27","modified_gmt":"2025-04-27T09:55:27","slug":"motortec-acolhe-6-o-encontro-de-redes-oficinais-ibericas","status":"publish","type":"post","link":"https:\/\/jornaldasoficinas.com\/pt\/motortec-acolhe-6-o-encontro-de-redes-oficinais-ibericas\/","title":{"rendered":"Motortec acolhe 6.\u00ba Encontro de Redes Oficinais Ib\u00e9ricas"},"content":{"rendered":"<p><strong><img loading=\"lazy\" decoding=\"async\" class=\"alignnone size-full wp-image-100645\" src=\"https:\/\/jornaldasoficinas.com\/pt\/wp-content\/uploads\/2025\/04\/Motortec-acolhe-6.o-Encontro-de-Redes-Oficinais-Ibericas-1.jpg\" alt=\"04 - Motortec acolhe 6.o Encontro de Redes Oficinais Ibericas 1\" width=\"1024\" height=\"581\" srcset=\"https:\/\/jornaldasoficinas.com\/pt\/wp-content\/uploads\/2025\/04\/Motortec-acolhe-6.o-Encontro-de-Redes-Oficinais-Ibericas-1.jpg 1024w, https:\/\/jornaldasoficinas.com\/pt\/wp-content\/uploads\/2025\/04\/Motortec-acolhe-6.o-Encontro-de-Redes-Oficinais-Ibericas-1-300x170.jpg 300w, https:\/\/jornaldasoficinas.com\/pt\/wp-content\/uploads\/2025\/04\/Motortec-acolhe-6.o-Encontro-de-Redes-Oficinais-Ibericas-1-150x85.jpg 150w, https:\/\/jornaldasoficinas.com\/pt\/wp-content\/uploads\/2025\/04\/Motortec-acolhe-6.o-Encontro-de-Redes-Oficinais-Ibericas-1-768x436.jpg 768w\" sizes=\"auto, (max-width: 1024px) 100vw, 1024px\" \/><\/strong><\/p>\n<p><strong>No dia 25 de abril, a <a href=\"https:\/\/www.ifema.es\/en\/motortec\" target=\"_blank\" rel=\"noopener\">Motortec 2025<\/a> vai acolher o 6.\u00ba Encontro de Redes de Oficinas, com novos estudos sobre rentabilidade, perce\u00e7\u00e3o de marca e posicionamento digital das oficinas em rede<\/strong><\/p>\n<p>As redes de oficinas s\u00e3o hoje uma for\u00e7a crescente no mercado de pe\u00e7as de substitui\u00e7\u00e3o autom\u00f3vel, representando 30% das empresas de repara\u00e7\u00e3o em Espanha. Reconhecendo a sua import\u00e2ncia estrat\u00e9gica, a Motortec 2025 \u2014 o maior evento de aftermarket autom\u00f3vel do sul da Europa, organizado pela IFEMA de 23 a 26 de abril em Madrid \u2014 ir\u00e1 acolher o 6.\u00ba Encontro de Redes de Oficinas, promovido em parceria com a iniciativa Plural Aftermarket.<\/p>\n<p>Este encontro est\u00e1 agendado para a manh\u00e3 de 25 de abril e oferece um espa\u00e7o de reflex\u00e3o, networking e partilha de conhecimento sobre o papel fundamental das redes no ecossistema autom\u00f3vel. Desta vez, com o contributo de tr\u00eas estudos espec\u00edficos e in\u00e9ditos sobre diferentes aspetos para compreender a situa\u00e7\u00e3o atual das cerca de 80 redes de oficinas existentes em Espanha e Portugal, e duas mesas redondas com especialistas de refer\u00eancia na mat\u00e9ria.<\/p>\n<p><strong>Estudos e dados de valor<\/strong><\/p>\n<p>O evento contar\u00e1 com a apresenta\u00e7\u00e3o de um relat\u00f3rio abrangente sobre o mercado de redes, que compara a rentabilidade das oficinas integradas face \u00e0s que operam de forma independente. Os dados confirmam que as oficinas em rede tendem a ser mais eficientes e rent\u00e1veis.<\/p>\n<p>Outro destaque ser\u00e1 o estudo &#8220;Conhecimento da marca e perce\u00e7\u00e3o das redes de oficinas em Espanha&#8221;, baseado num inqu\u00e9rito a mais de 600 propriet\u00e1rios de oficinas e 1.100 condutores. O objetivo \u00e9 compreender o valor atribu\u00eddo \u00e0 perten\u00e7a a uma rede, bem como avaliar o grau de reconhecimento e valoriza\u00e7\u00e3o das marcas por parte do consumidor final.<\/p>\n<p>Adicionalmente, ser\u00e3o atualizados dois estudos relevantes: &#8220;Pegada Digital das Redes de Oficinas na Internet&#8221;, que analisa o posicionamento online das principais redes; &#8220;Oficinas em Rede: Avalia\u00e7\u00e3o de Clientes Empresariais e Seguradoras&#8221;, com base num inqu\u00e9rito que avalia a perce\u00e7\u00e3o destas entidades sobre os servi\u00e7os prestados pelas redes.<\/p>\n<p><strong>Um f\u00f3rum de especialistas e networking<\/strong><\/p>\n<p>O encontro dirige-se a gestores e propriet\u00e1rios de oficinas, representantes de redes, bem como a profissionais de leasing e do setor segurador. O programa incluir\u00e1 duas mesas redondas com especialistas e representantes de v\u00e1rias redes, promovendo um di\u00e1logo rico sobre os desafios e oportunidades atuais deste modelo de neg\u00f3cio.<\/p>\n<p>Para inscri\u00e7\u00f5es, clique <a href=\"https:\/\/forms.office.com\/pages\/responsepage.aspx?id=t5TBDZ1erE2kGLLmM3mCKIpyW9ptzAxBpmRUCWFz9BRUMTlUVEQxTElGOUVRTlNJODI5NTVQQVhKNi4u&amp;route=shorturl&amp;ct=t(PostventaPlural_14-4-2025)&amp;mc_cid=93cd3c782e&amp;mc_eid=ff04e4fdb7\" target=\"_blank\" rel=\"noopener\">aqui<\/a>.<\/p>\n","protected":false},"excerpt":{"rendered":"<p>No dia 25 de abril, a&#8230;<\/p>\n","protected":false},"author":15,"featured_media":100645,"comment_status":"closed","ping_status":"closed","sticky":false,"template":"","format":"standard","meta":{"footnotes":""},"categories":[29,2840],"tags":[12533,7370,12535,11455,12534,5628],"class_list":["post-100631","post","type-post","status-publish","format-standard","has-post-thumbnail","hentry","category-empresas","category-motortec","tag-6-o-encontro-de-redes-de-oficinas","tag-estudos","tag-forum-de-especialistas","tag-motortec-2025","tag-plural-aftermarket","tag-rentabilidade"],"yoast_head":"<!-- This site is optimized with the Yoast SEO plugin v27.4 - https:\/\/yoast.com\/product\/yoast-seo-wordpress\/ -->\n<title>Motortec acolhe 6.\u00ba Encontro de Redes Oficinais Ib\u00e9ricas - Jornal das Oficinas<\/title>\n<meta name=\"description\" content=\"A Motortec vai acolher o 6.\u00ba Encontro de Redes de Oficinas, com novos estudos sobre rentabilidade, perce\u00e7\u00e3o de marca e posicionamento digital\" \/>\n<meta name=\"robots\" content=\"index, follow, max-snippet:-1, max-image-preview:large, max-video-preview:-1\" \/>\n<link rel=\"canonical\" href=\"https:\/\/jornaldasoficinas.com\/pt\/motortec-acolhe-6-o-encontro-de-redes-oficinais-ibericas\/\" \/>\n<meta property=\"og:locale\" content=\"pt_PT\" \/>\n<meta property=\"og:type\" content=\"article\" \/>\n<meta property=\"og:title\" content=\"Motortec acolhe 6.\u00ba Encontro de Redes Oficinais Ib\u00e9ricas - Jornal das Oficinas\" \/>\n<meta property=\"og:description\" content=\"A Motortec vai acolher o 6.\u00ba Encontro de Redes de Oficinas, com novos estudos sobre rentabilidade, perce\u00e7\u00e3o de marca e posicionamento digital\" \/>\n<meta property=\"og:url\" content=\"https:\/\/jornaldasoficinas.com\/pt\/motortec-acolhe-6-o-encontro-de-redes-oficinais-ibericas\/\" \/>\n<meta property=\"og:site_name\" content=\"Jornal das Oficinas\" \/>\n<meta property=\"article:publisher\" content=\"https:\/\/www.facebook.com\/jornaloficinas\" \/>\n<meta property=\"article:published_time\" content=\"2025-04-17T09:00:25+00:00\" \/>\n<meta property=\"article:modified_time\" content=\"2025-04-27T09:55:27+00:00\" \/>\n<meta property=\"og:image\" content=\"https:\/\/jornaldasoficinas.com\/pt\/wp-content\/uploads\/2025\/04\/Motortec-acolhe-6.o-Encontro-de-Redes-Oficinais-Ibericas-1.jpg\" \/>\n\t<meta property=\"og:image:width\" content=\"1024\" \/>\n\t<meta property=\"og:image:height\" content=\"581\" \/>\n\t<meta property=\"og:image:type\" content=\"image\/jpeg\" \/>\n<meta name=\"author\" content=\"Reda\u00e7\u00e3o JO\" \/>\n<meta name=\"twitter:card\" content=\"summary_large_image\" \/>\n<meta name=\"twitter:creator\" content=\"@jornaloficinas\" \/>\n<meta name=\"twitter:site\" content=\"@jornaloficinas\" \/>\n<meta name=\"twitter:label1\" content=\"Escrito por\" \/>\n\t<meta name=\"twitter:data1\" content=\"Reda\u00e7\u00e3o JO\" \/>\n\t<meta name=\"twitter:label2\" content=\"Tempo estimado de leitura\" \/>\n\t<meta name=\"twitter:data2\" content=\"3 minutos\" \/>\n<script type=\"application\/ld+json\" class=\"yoast-schema-graph\">{\"@context\":\"https:\\\/\\\/schema.org\",\"@graph\":[{\"@type\":\"Article\",\"@id\":\"https:\\\/\\\/jornaldasoficinas.com\\\/pt\\\/motortec-acolhe-6-o-encontro-de-redes-oficinais-ibericas\\\/#article\",\"isPartOf\":{\"@id\":\"https:\\\/\\\/jornaldasoficinas.com\\\/pt\\\/motortec-acolhe-6-o-encontro-de-redes-oficinais-ibericas\\\/\"},\"author\":{\"name\":\"Reda\u00e7\u00e3o JO\",\"@id\":\"https:\\\/\\\/jornaldasoficinas.com\\\/pt\\\/#\\\/schema\\\/person\\\/a38eef5de2c41d9e7c9ac10141afddf3\"},\"headline\":\"Motortec acolhe 6.\u00ba Encontro de Redes Oficinais Ib\u00e9ricas\",\"datePublished\":\"2025-04-17T09:00:25+00:00\",\"dateModified\":\"2025-04-27T09:55:27+00:00\",\"mainEntityOfPage\":{\"@id\":\"https:\\\/\\\/jornaldasoficinas.com\\\/pt\\\/motortec-acolhe-6-o-encontro-de-redes-oficinais-ibericas\\\/\"},\"wordCount\":419,\"publisher\":{\"@id\":\"https:\\\/\\\/jornaldasoficinas.com\\\/pt\\\/#organization\"},\"image\":{\"@id\":\"https:\\\/\\\/jornaldasoficinas.com\\\/pt\\\/motortec-acolhe-6-o-encontro-de-redes-oficinais-ibericas\\\/#primaryimage\"},\"thumbnailUrl\":\"https:\\\/\\\/jornaldasoficinas.com\\\/pt\\\/wp-content\\\/uploads\\\/2025\\\/04\\\/Motortec-acolhe-6.o-Encontro-de-Redes-Oficinais-Ibericas-1.jpg\",\"keywords\":[\"6.\u00ba Encontro de Redes de Oficinas\",\"estudos\",\"f\u00f3rum de especialistas\",\"Motortec 2025\",\"Plural Aftermarket\",\"Rentabilidade\"],\"articleSection\":[\"Empresas\",\"Motortec\"],\"inLanguage\":\"pt-PT\"},{\"@type\":\"WebPage\",\"@id\":\"https:\\\/\\\/jornaldasoficinas.com\\\/pt\\\/motortec-acolhe-6-o-encontro-de-redes-oficinais-ibericas\\\/\",\"url\":\"https:\\\/\\\/jornaldasoficinas.com\\\/pt\\\/motortec-acolhe-6-o-encontro-de-redes-oficinais-ibericas\\\/\",\"name\":\"Motortec acolhe 6.\u00ba Encontro de Redes Oficinais Ib\u00e9ricas - Jornal das Oficinas\",\"isPartOf\":{\"@id\":\"https:\\\/\\\/jornaldasoficinas.com\\\/pt\\\/#website\"},\"primaryImageOfPage\":{\"@id\":\"https:\\\/\\\/jornaldasoficinas.com\\\/pt\\\/motortec-acolhe-6-o-encontro-de-redes-oficinais-ibericas\\\/#primaryimage\"},\"image\":{\"@id\":\"https:\\\/\\\/jornaldasoficinas.com\\\/pt\\\/motortec-acolhe-6-o-encontro-de-redes-oficinais-ibericas\\\/#primaryimage\"},\"thumbnailUrl\":\"https:\\\/\\\/jornaldasoficinas.com\\\/pt\\\/wp-content\\\/uploads\\\/2025\\\/04\\\/Motortec-acolhe-6.o-Encontro-de-Redes-Oficinais-Ibericas-1.jpg\",\"datePublished\":\"2025-04-17T09:00:25+00:00\",\"dateModified\":\"2025-04-27T09:55:27+00:00\",\"description\":\"A Motortec vai acolher o 6.\u00ba Encontro de Redes de Oficinas, com novos estudos sobre rentabilidade, perce\u00e7\u00e3o de marca e posicionamento digital\",\"breadcrumb\":{\"@id\":\"https:\\\/\\\/jornaldasoficinas.com\\\/pt\\\/motortec-acolhe-6-o-encontro-de-redes-oficinais-ibericas\\\/#breadcrumb\"},\"inLanguage\":\"pt-PT\",\"potentialAction\":[{\"@type\":\"ReadAction\",\"target\":[\"https:\\\/\\\/jornaldasoficinas.com\\\/pt\\\/motortec-acolhe-6-o-encontro-de-redes-oficinais-ibericas\\\/\"]}]},{\"@type\":\"ImageObject\",\"inLanguage\":\"pt-PT\",\"@id\":\"https:\\\/\\\/jornaldasoficinas.com\\\/pt\\\/motortec-acolhe-6-o-encontro-de-redes-oficinais-ibericas\\\/#primaryimage\",\"url\":\"https:\\\/\\\/jornaldasoficinas.com\\\/pt\\\/wp-content\\\/uploads\\\/2025\\\/04\\\/Motortec-acolhe-6.o-Encontro-de-Redes-Oficinais-Ibericas-1.jpg\",\"contentUrl\":\"https:\\\/\\\/jornaldasoficinas.com\\\/pt\\\/wp-content\\\/uploads\\\/2025\\\/04\\\/Motortec-acolhe-6.o-Encontro-de-Redes-Oficinais-Ibericas-1.jpg\",\"width\":1024,\"height\":581,\"caption\":\"04 - Motortec acolhe 6.o Encontro de Redes Oficinais Ibericas 1\"},{\"@type\":\"BreadcrumbList\",\"@id\":\"https:\\\/\\\/jornaldasoficinas.com\\\/pt\\\/motortec-acolhe-6-o-encontro-de-redes-oficinais-ibericas\\\/#breadcrumb\",\"itemListElement\":[{\"@type\":\"ListItem\",\"position\":1,\"name\":\"In\u00edcio\",\"item\":\"https:\\\/\\\/jornaldasoficinas.com\\\/pt\\\/\"},{\"@type\":\"ListItem\",\"position\":2,\"name\":\"Motortec acolhe 6.\u00ba Encontro de Redes Oficinais Ib\u00e9ricas\"}]},{\"@type\":\"WebSite\",\"@id\":\"https:\\\/\\\/jornaldasoficinas.com\\\/pt\\\/#website\",\"url\":\"https:\\\/\\\/jornaldasoficinas.com\\\/pt\\\/\",\"name\":\"Jornal das Oficinas\",\"description\":\"Jornal independente do Aftermarket Autom\u00f3vel em Portugal\",\"publisher\":{\"@id\":\"https:\\\/\\\/jornaldasoficinas.com\\\/pt\\\/#organization\"},\"potentialAction\":[{\"@type\":\"SearchAction\",\"target\":{\"@type\":\"EntryPoint\",\"urlTemplate\":\"https:\\\/\\\/jornaldasoficinas.com\\\/pt\\\/?s={search_term_string}\"},\"query-input\":{\"@type\":\"PropertyValueSpecification\",\"valueRequired\":true,\"valueName\":\"search_term_string\"}}],\"inLanguage\":\"pt-PT\"},{\"@type\":\"Organization\",\"@id\":\"https:\\\/\\\/jornaldasoficinas.com\\\/pt\\\/#organization\",\"name\":\"Jornal das Oficinas\",\"url\":\"https:\\\/\\\/jornaldasoficinas.com\\\/pt\\\/\",\"logo\":{\"@type\":\"ImageObject\",\"inLanguage\":\"pt-PT\",\"@id\":\"https:\\\/\\\/jornaldasoficinas.com\\\/pt\\\/#\\\/schema\\\/logo\\\/image\\\/\",\"url\":\"https:\\\/\\\/jornaldasoficinas.com\\\/pt\\\/wp-content\\\/uploads\\\/logoJO-SEO.png\",\"contentUrl\":\"https:\\\/\\\/jornaldasoficinas.com\\\/pt\\\/wp-content\\\/uploads\\\/logoJO-SEO.png\",\"width\":285,\"height\":450,\"caption\":\"Jornal das Oficinas\"},\"image\":{\"@id\":\"https:\\\/\\\/jornaldasoficinas.com\\\/pt\\\/#\\\/schema\\\/logo\\\/image\\\/\"},\"sameAs\":[\"https:\\\/\\\/www.facebook.com\\\/jornaloficinas\",\"https:\\\/\\\/x.com\\\/jornaloficinas\",\"https:\\\/\\\/www.instagram.com\\\/jornal_oficinas\\\/\",\"https:\\\/\\\/www.linkedin.com\\\/company\\\/jornal-das-oficinas\\\/\",\"https:\\\/\\\/www.youtube.com\\\/channel\\\/UCbQZBqtcvV-oSQrr7RzINGg\"]},{\"@type\":\"Person\",\"@id\":\"https:\\\/\\\/jornaldasoficinas.com\\\/pt\\\/#\\\/schema\\\/person\\\/a38eef5de2c41d9e7c9ac10141afddf3\",\"name\":\"Reda\u00e7\u00e3o JO\",\"image\":{\"@type\":\"ImageObject\",\"inLanguage\":\"pt-PT\",\"@id\":\"https:\\\/\\\/secure.gravatar.com\\\/avatar\\\/71f2fa71737ad68a84fea94bc708ddac8ea5b0c4788dc2ad202f3ccb2887742f?s=96&d=wp_user_avatar&r=g\",\"url\":\"https:\\\/\\\/secure.gravatar.com\\\/avatar\\\/71f2fa71737ad68a84fea94bc708ddac8ea5b0c4788dc2ad202f3ccb2887742f?s=96&d=wp_user_avatar&r=g\",\"contentUrl\":\"https:\\\/\\\/secure.gravatar.com\\\/avatar\\\/71f2fa71737ad68a84fea94bc708ddac8ea5b0c4788dc2ad202f3ccb2887742f?s=96&d=wp_user_avatar&r=g\",\"caption\":\"Reda\u00e7\u00e3o JO\"},\"url\":\"https:\\\/\\\/jornaldasoficinas.com\\\/pt\\\/author\\\/joredacao\\\/\"}]}<\/script>\n<!-- \/ Yoast SEO plugin. -->","yoast_head_json":{"title":"Motortec acolhe 6.\u00ba Encontro de Redes Oficinais Ib\u00e9ricas - Jornal das Oficinas","description":"A Motortec vai acolher o 6.\u00ba Encontro de Redes de Oficinas, com novos estudos sobre rentabilidade, perce\u00e7\u00e3o de marca e posicionamento digital","robots":{"index":"index","follow":"follow","max-snippet":"max-snippet:-1","max-image-preview":"max-image-preview:large","max-video-preview":"max-video-preview:-1"},"canonical":"https:\/\/jornaldasoficinas.com\/pt\/motortec-acolhe-6-o-encontro-de-redes-oficinais-ibericas\/","og_locale":"pt_PT","og_type":"article","og_title":"Motortec acolhe 6.\u00ba Encontro de Redes Oficinais Ib\u00e9ricas - Jornal das Oficinas","og_description":"A Motortec vai acolher o 6.\u00ba Encontro de Redes de Oficinas, com novos estudos sobre rentabilidade, perce\u00e7\u00e3o de marca e posicionamento digital","og_url":"https:\/\/jornaldasoficinas.com\/pt\/motortec-acolhe-6-o-encontro-de-redes-oficinais-ibericas\/","og_site_name":"Jornal das Oficinas","article_publisher":"https:\/\/www.facebook.com\/jornaloficinas","article_published_time":"2025-04-17T09:00:25+00:00","article_modified_time":"2025-04-27T09:55:27+00:00","og_image":[{"width":1024,"height":581,"url":"https:\/\/jornaldasoficinas.com\/pt\/wp-content\/uploads\/2025\/04\/Motortec-acolhe-6.o-Encontro-de-Redes-Oficinais-Ibericas-1.jpg","type":"image\/jpeg"}],"author":"Reda\u00e7\u00e3o JO","twitter_card":"summary_large_image","twitter_creator":"@jornaloficinas","twitter_site":"@jornaloficinas","twitter_misc":{"Escrito por":"Reda\u00e7\u00e3o JO","Tempo estimado de leitura":"3 minutos"},"schema":{"@context":"https:\/\/schema.org","@graph":[{"@type":"Article","@id":"https:\/\/jornaldasoficinas.com\/pt\/motortec-acolhe-6-o-encontro-de-redes-oficinais-ibericas\/#article","isPartOf":{"@id":"https:\/\/jornaldasoficinas.com\/pt\/motortec-acolhe-6-o-encontro-de-redes-oficinais-ibericas\/"},"author":{"name":"Reda\u00e7\u00e3o JO","@id":"https:\/\/jornaldasoficinas.com\/pt\/#\/schema\/person\/a38eef5de2c41d9e7c9ac10141afddf3"},"headline":"Motortec acolhe 6.\u00ba Encontro de Redes Oficinais Ib\u00e9ricas","datePublished":"2025-04-17T09:00:25+00:00","dateModified":"2025-04-27T09:55:27+00:00","mainEntityOfPage":{"@id":"https:\/\/jornaldasoficinas.com\/pt\/motortec-acolhe-6-o-encontro-de-redes-oficinais-ibericas\/"},"wordCount":419,"publisher":{"@id":"https:\/\/jornaldasoficinas.com\/pt\/#organization"},"image":{"@id":"https:\/\/jornaldasoficinas.com\/pt\/motortec-acolhe-6-o-encontro-de-redes-oficinais-ibericas\/#primaryimage"},"thumbnailUrl":"https:\/\/jornaldasoficinas.com\/pt\/wp-content\/uploads\/2025\/04\/Motortec-acolhe-6.o-Encontro-de-Redes-Oficinais-Ibericas-1.jpg","keywords":["6.\u00ba Encontro de Redes de Oficinas","estudos","f\u00f3rum de especialistas","Motortec 2025","Plural Aftermarket","Rentabilidade"],"articleSection":["Empresas","Motortec"],"inLanguage":"pt-PT"},{"@type":"WebPage","@id":"https:\/\/jornaldasoficinas.com\/pt\/motortec-acolhe-6-o-encontro-de-redes-oficinais-ibericas\/","url":"https:\/\/jornaldasoficinas.com\/pt\/motortec-acolhe-6-o-encontro-de-redes-oficinais-ibericas\/","name":"Motortec acolhe 6.\u00ba Encontro de Redes Oficinais Ib\u00e9ricas - Jornal das Oficinas","isPartOf":{"@id":"https:\/\/jornaldasoficinas.com\/pt\/#website"},"primaryImageOfPage":{"@id":"https:\/\/jornaldasoficinas.com\/pt\/motortec-acolhe-6-o-encontro-de-redes-oficinais-ibericas\/#primaryimage"},"image":{"@id":"https:\/\/jornaldasoficinas.com\/pt\/motortec-acolhe-6-o-encontro-de-redes-oficinais-ibericas\/#primaryimage"},"thumbnailUrl":"https:\/\/jornaldasoficinas.com\/pt\/wp-content\/uploads\/2025\/04\/Motortec-acolhe-6.o-Encontro-de-Redes-Oficinais-Ibericas-1.jpg","datePublished":"2025-04-17T09:00:25+00:00","dateModified":"2025-04-27T09:55:27+00:00","description":"A Motortec vai acolher o 6.\u00ba Encontro de Redes de Oficinas, com novos estudos sobre rentabilidade, perce\u00e7\u00e3o de marca e posicionamento digital","breadcrumb":{"@id":"https:\/\/jornaldasoficinas.com\/pt\/motortec-acolhe-6-o-encontro-de-redes-oficinais-ibericas\/#breadcrumb"},"inLanguage":"pt-PT","potentialAction":[{"@type":"ReadAction","target":["https:\/\/jornaldasoficinas.com\/pt\/motortec-acolhe-6-o-encontro-de-redes-oficinais-ibericas\/"]}]},{"@type":"ImageObject","inLanguage":"pt-PT","@id":"https:\/\/jornaldasoficinas.com\/pt\/motortec-acolhe-6-o-encontro-de-redes-oficinais-ibericas\/#primaryimage","url":"https:\/\/jornaldasoficinas.com\/pt\/wp-content\/uploads\/2025\/04\/Motortec-acolhe-6.o-Encontro-de-Redes-Oficinais-Ibericas-1.jpg","contentUrl":"https:\/\/jornaldasoficinas.com\/pt\/wp-content\/uploads\/2025\/04\/Motortec-acolhe-6.o-Encontro-de-Redes-Oficinais-Ibericas-1.jpg","width":1024,"height":581,"caption":"04 - Motortec acolhe 6.o Encontro de Redes Oficinais Ibericas 1"},{"@type":"BreadcrumbList","@id":"https:\/\/jornaldasoficinas.com\/pt\/motortec-acolhe-6-o-encontro-de-redes-oficinais-ibericas\/#breadcrumb","itemListElement":[{"@type":"ListItem","position":1,"name":"In\u00edcio","item":"https:\/\/jornaldasoficinas.com\/pt\/"},{"@type":"ListItem","position":2,"name":"Motortec acolhe 6.\u00ba Encontro de Redes Oficinais Ib\u00e9ricas"}]},{"@type":"WebSite","@id":"https:\/\/jornaldasoficinas.com\/pt\/#website","url":"https:\/\/jornaldasoficinas.com\/pt\/","name":"Jornal das Oficinas","description":"Jornal independente do Aftermarket Autom\u00f3vel em Portugal","publisher":{"@id":"https:\/\/jornaldasoficinas.com\/pt\/#organization"},"potentialAction":[{"@type":"SearchAction","target":{"@type":"EntryPoint","urlTemplate":"https:\/\/jornaldasoficinas.com\/pt\/?s={search_term_string}"},"query-input":{"@type":"PropertyValueSpecification","valueRequired":true,"valueName":"search_term_string"}}],"inLanguage":"pt-PT"},{"@type":"Organization","@id":"https:\/\/jornaldasoficinas.com\/pt\/#organization","name":"Jornal das Oficinas","url":"https:\/\/jornaldasoficinas.com\/pt\/","logo":{"@type":"ImageObject","inLanguage":"pt-PT","@id":"https:\/\/jornaldasoficinas.com\/pt\/#\/schema\/logo\/image\/","url":"https:\/\/jornaldasoficinas.com\/pt\/wp-content\/uploads\/logoJO-SEO.png","contentUrl":"https:\/\/jornaldasoficinas.com\/pt\/wp-content\/uploads\/logoJO-SEO.png","width":285,"height":450,"caption":"Jornal das Oficinas"},"image":{"@id":"https:\/\/jornaldasoficinas.com\/pt\/#\/schema\/logo\/image\/"},"sameAs":["https:\/\/www.facebook.com\/jornaloficinas","https:\/\/x.com\/jornaloficinas","https:\/\/www.instagram.com\/jornal_oficinas\/","https:\/\/www.linkedin.com\/company\/jornal-das-oficinas\/","https:\/\/www.youtube.com\/channel\/UCbQZBqtcvV-oSQrr7RzINGg"]},{"@type":"Person","@id":"https:\/\/jornaldasoficinas.com\/pt\/#\/schema\/person\/a38eef5de2c41d9e7c9ac10141afddf3","name":"Reda\u00e7\u00e3o JO","image":{"@type":"ImageObject","inLanguage":"pt-PT","@id":"https:\/\/secure.gravatar.com\/avatar\/71f2fa71737ad68a84fea94bc708ddac8ea5b0c4788dc2ad202f3ccb2887742f?s=96&d=wp_user_avatar&r=g","url":"https:\/\/secure.gravatar.com\/avatar\/71f2fa71737ad68a84fea94bc708ddac8ea5b0c4788dc2ad202f3ccb2887742f?s=96&d=wp_user_avatar&r=g","contentUrl":"https:\/\/secure.gravatar.com\/avatar\/71f2fa71737ad68a84fea94bc708ddac8ea5b0c4788dc2ad202f3ccb2887742f?s=96&d=wp_user_avatar&r=g","caption":"Reda\u00e7\u00e3o JO"},"url":"https:\/\/jornaldasoficinas.com\/pt\/author\/joredacao\/"}]}},"_links":{"self":[{"href":"https:\/\/jornaldasoficinas.com\/pt\/wp-json\/wp\/v2\/posts\/100631","targetHints":{"allow":["GET"]}}],"collection":[{"href":"https:\/\/jornaldasoficinas.com\/pt\/wp-json\/wp\/v2\/posts"}],"about":[{"href":"https:\/\/jornaldasoficinas.com\/pt\/wp-json\/wp\/v2\/types\/post"}],"author":[{"embeddable":true,"href":"https:\/\/jornaldasoficinas.com\/pt\/wp-json\/wp\/v2\/users\/15"}],"replies":[{"embeddable":true,"href":"https:\/\/jornaldasoficinas.com\/pt\/wp-json\/wp\/v2\/comments?post=100631"}],"version-history":[{"count":8,"href":"https:\/\/jornaldasoficinas.com\/pt\/wp-json\/wp\/v2\/posts\/100631\/revisions"}],"predecessor-version":[{"id":100646,"href":"https:\/\/jornaldasoficinas.com\/pt\/wp-json\/wp\/v2\/posts\/100631\/revisions\/100646"}],"wp:featuredmedia":[{"embeddable":true,"href":"https:\/\/jornaldasoficinas.com\/pt\/wp-json\/wp\/v2\/media\/100645"}],"wp:attachment":[{"href":"https:\/\/jornaldasoficinas.com\/pt\/wp-json\/wp\/v2\/media?parent=100631"}],"wp:term":[{"taxonomy":"category","embeddable":true,"href":"https:\/\/jornaldasoficinas.com\/pt\/wp-json\/wp\/v2\/categories?post=100631"},{"taxonomy":"post_tag","embeddable":true,"href":"https:\/\/jornaldasoficinas.com\/pt\/wp-json\/wp\/v2\/tags?post=100631"}],"curies":[{"name":"wp","href":"https:\/\/api.w.org\/{rel}","templated":true}]}}