{"id":100766,"date":"2025-04-22T18:00:57","date_gmt":"2025-04-22T17:00:57","guid":{"rendered":"https:\/\/jornaldasoficinas.com\/pt\/?p=100766"},"modified":"2025-04-18T15:47:57","modified_gmt":"2025-04-18T14:47:57","slug":"procura-por-usados-dispara-46-em-marco","status":"publish","type":"post","link":"https:\/\/jornaldasoficinas.com\/pt\/procura-por-usados-dispara-46-em-marco\/","title":{"rendered":"Procura por usados dispara 46% em mar\u00e7o"},"content":{"rendered":"<p><strong><img loading=\"lazy\" decoding=\"async\" class=\"alignnone size-full wp-image-100770\" src=\"https:\/\/jornaldasoficinas.com\/pt\/wp-content\/uploads\/2025\/04\/Procura-por-usados-dispara-46-em-marco.jpg\" alt=\"04 - Procura por usados dispara 46 em marco\" width=\"1024\" height=\"581\" srcset=\"https:\/\/jornaldasoficinas.com\/pt\/wp-content\/uploads\/2025\/04\/Procura-por-usados-dispara-46-em-marco.jpg 1024w, https:\/\/jornaldasoficinas.com\/pt\/wp-content\/uploads\/2025\/04\/Procura-por-usados-dispara-46-em-marco-300x170.jpg 300w, https:\/\/jornaldasoficinas.com\/pt\/wp-content\/uploads\/2025\/04\/Procura-por-usados-dispara-46-em-marco-150x85.jpg 150w, https:\/\/jornaldasoficinas.com\/pt\/wp-content\/uploads\/2025\/04\/Procura-por-usados-dispara-46-em-marco-768x436.jpg 768w\" sizes=\"auto, (max-width: 1024px) 100vw, 1024px\" \/><\/strong><\/p>\n<p><strong>De acordo com o <a href=\"https:\/\/www.standvirtual.com\/\" target=\"_blank\" rel=\"noopener\">Standvirtual<\/a>, o mercado de usados registou em mar\u00e7o o maior crescimento do ano, com a procura a subir 46% face a 2024, sobretudo nos autom\u00f3veis abaixo dos 15 mil euros<\/strong><\/p>\n<p>O m\u00eas de mar\u00e7o apresentou a din\u00e2mica de mercado mais positiva de 2025 at\u00e9 \u00e0 data, com um crescimento de 45% face ao per\u00edodo hom\u00f3logo de 2024. A procura por autom\u00f3veis usados aumentou expressivamente, com um crescimento de 46% em rela\u00e7\u00e3o a mar\u00e7o do ano passado, impulsionada sobretudo pelos ve\u00edculos com pre\u00e7os at\u00e9 15 mil euros (+43%).<\/p>\n<p>Apesar de menos expressiva, a oferta tamb\u00e9m apresentou um crescimento hom\u00f3logo de 2%, com maior disponibilidade precisamente no segmento mais procurado \u2014 carros abaixo dos 15.000\u20ac (+9%). J\u00e1 a oferta entre os 15.000\u20ac e 30.000\u20ac caiu -5%, e acima dos 30.000\u20ac, -1%.<\/p>\n<p>A importa\u00e7\u00e3o de ligeiros de passageiros tamb\u00e9m registou um bom desempenho, com um crescimento de 17,4% face a mar\u00e7o de 2024 e de 54,5% em rela\u00e7\u00e3o a mar\u00e7o de 2019. Em fevereiro de 2025, a transfer\u00eancia de propriedade destes ve\u00edculos aumentou 5% face a 2024 e 6,4% comparando com fevereiro de 2019.<\/p>\n<p>O pre\u00e7o m\u00e9dio de venda praticado pelos profissionais, que vinha a subir desde meados de 2023, baixou ligeiramente para 23.700\u20ac em mar\u00e7o, o que representou um recuo de -2,8% face a mar\u00e7o de 2024 (24.400\u20ac).<\/p>\n<p>Segundo a BCA, os pre\u00e7os de leil\u00e3o mantiveram-se est\u00e1veis em mar\u00e7o, tanto no com\u00e9rcio como no retalho. J\u00e1 no segmento dos ve\u00edculos novos, os dados da ACAP indicaram um crescimento de 6% em mar\u00e7o de 2025, embora o acumulado anual revele um ligeiro decr\u00e9scimo de 1,1%.<\/p>\n<p>As energias alternativas mant\u00eam o crescimento e representaram 56% das vendas de ligeiros em mar\u00e7o (20% el\u00e9tricos, 25% h\u00edbridos HEV e 11% PHEV), superando os 52% registados no mesmo m\u00eas de 2024.<\/p>\n","protected":false},"excerpt":{"rendered":"<p>De acordo com o Standvirtual, o&#8230;<\/p>\n","protected":false},"author":15,"featured_media":100770,"comment_status":"closed","ping_status":"closed","sticky":false,"template":"","format":"standard","meta":{"footnotes":""},"categories":[37],"tags":[157,2781,6003,3720,5435,2198],"class_list":["post-100766","post","type-post","status-publish","format-standard","has-post-thumbnail","hentry","category-mercado","tag-acap","tag-crescimento","tag-estudo-de-mercado","tag-marco","tag-mercado-de-usados","tag-standvirtual"],"yoast_head":"<!-- This site is optimized with the Yoast SEO plugin v27.4 - https:\/\/yoast.com\/product\/yoast-seo-wordpress\/ -->\n<title>Procura por usados dispara 46% em mar\u00e7o - Jornal das Oficinas<\/title>\n<meta name=\"description\" content=\"De acordo com o Standvirtual, o mercado de usados registou em mar\u00e7o o maior crescimento do ano, com a procura a subir 46% face a 2024\" \/>\n<meta name=\"robots\" content=\"index, follow, max-snippet:-1, max-image-preview:large, max-video-preview:-1\" \/>\n<link rel=\"canonical\" href=\"https:\/\/jornaldasoficinas.com\/pt\/procura-por-usados-dispara-46-em-marco\/\" \/>\n<meta property=\"og:locale\" content=\"pt_PT\" \/>\n<meta property=\"og:type\" content=\"article\" \/>\n<meta property=\"og:title\" content=\"Procura por usados dispara 46% em mar\u00e7o - Jornal das Oficinas\" \/>\n<meta property=\"og:description\" content=\"De acordo com o Standvirtual, o mercado de usados registou em mar\u00e7o o maior crescimento do ano, com a procura a subir 46% face a 2024\" \/>\n<meta property=\"og:url\" content=\"https:\/\/jornaldasoficinas.com\/pt\/procura-por-usados-dispara-46-em-marco\/\" \/>\n<meta property=\"og:site_name\" content=\"Jornal das Oficinas\" \/>\n<meta property=\"article:publisher\" content=\"https:\/\/www.facebook.com\/jornaloficinas\" \/>\n<meta property=\"article:published_time\" content=\"2025-04-22T17:00:57+00:00\" \/>\n<meta property=\"og:image\" content=\"https:\/\/jornaldasoficinas.com\/pt\/wp-content\/uploads\/2025\/04\/Procura-por-usados-dispara-46-em-marco.jpg\" \/>\n\t<meta property=\"og:image:width\" content=\"1024\" \/>\n\t<meta property=\"og:image:height\" content=\"581\" \/>\n\t<meta property=\"og:image:type\" content=\"image\/jpeg\" \/>\n<meta name=\"author\" content=\"Reda\u00e7\u00e3o JO\" \/>\n<meta name=\"twitter:card\" content=\"summary_large_image\" \/>\n<meta name=\"twitter:creator\" content=\"@jornaloficinas\" \/>\n<meta name=\"twitter:site\" content=\"@jornaloficinas\" \/>\n<meta name=\"twitter:label1\" content=\"Escrito por\" \/>\n\t<meta name=\"twitter:data1\" content=\"Reda\u00e7\u00e3o JO\" \/>\n\t<meta name=\"twitter:label2\" content=\"Tempo estimado de leitura\" \/>\n\t<meta name=\"twitter:data2\" content=\"2 minutos\" \/>\n<script type=\"application\/ld+json\" class=\"yoast-schema-graph\">{\"@context\":\"https:\\\/\\\/schema.org\",\"@graph\":[{\"@type\":\"Article\",\"@id\":\"https:\\\/\\\/jornaldasoficinas.com\\\/pt\\\/procura-por-usados-dispara-46-em-marco\\\/#article\",\"isPartOf\":{\"@id\":\"https:\\\/\\\/jornaldasoficinas.com\\\/pt\\\/procura-por-usados-dispara-46-em-marco\\\/\"},\"author\":{\"name\":\"Reda\u00e7\u00e3o JO\",\"@id\":\"https:\\\/\\\/jornaldasoficinas.com\\\/pt\\\/#\\\/schema\\\/person\\\/a38eef5de2c41d9e7c9ac10141afddf3\"},\"headline\":\"Procura por usados dispara 46% em mar\u00e7o\",\"datePublished\":\"2025-04-22T17:00:57+00:00\",\"mainEntityOfPage\":{\"@id\":\"https:\\\/\\\/jornaldasoficinas.com\\\/pt\\\/procura-por-usados-dispara-46-em-marco\\\/\"},\"wordCount\":304,\"publisher\":{\"@id\":\"https:\\\/\\\/jornaldasoficinas.com\\\/pt\\\/#organization\"},\"image\":{\"@id\":\"https:\\\/\\\/jornaldasoficinas.com\\\/pt\\\/procura-por-usados-dispara-46-em-marco\\\/#primaryimage\"},\"thumbnailUrl\":\"https:\\\/\\\/jornaldasoficinas.com\\\/pt\\\/wp-content\\\/uploads\\\/2025\\\/04\\\/Procura-por-usados-dispara-46-em-marco.jpg\",\"keywords\":[\"ACAP\",\"Crescimento\",\"Estudo de mercado\",\"mar\u00e7o\",\"Mercado de usados\",\"Standvirtual\"],\"articleSection\":[\"Mercado\"],\"inLanguage\":\"pt-PT\"},{\"@type\":\"WebPage\",\"@id\":\"https:\\\/\\\/jornaldasoficinas.com\\\/pt\\\/procura-por-usados-dispara-46-em-marco\\\/\",\"url\":\"https:\\\/\\\/jornaldasoficinas.com\\\/pt\\\/procura-por-usados-dispara-46-em-marco\\\/\",\"name\":\"Procura por usados dispara 46% em mar\u00e7o - Jornal das Oficinas\",\"isPartOf\":{\"@id\":\"https:\\\/\\\/jornaldasoficinas.com\\\/pt\\\/#website\"},\"primaryImageOfPage\":{\"@id\":\"https:\\\/\\\/jornaldasoficinas.com\\\/pt\\\/procura-por-usados-dispara-46-em-marco\\\/#primaryimage\"},\"image\":{\"@id\":\"https:\\\/\\\/jornaldasoficinas.com\\\/pt\\\/procura-por-usados-dispara-46-em-marco\\\/#primaryimage\"},\"thumbnailUrl\":\"https:\\\/\\\/jornaldasoficinas.com\\\/pt\\\/wp-content\\\/uploads\\\/2025\\\/04\\\/Procura-por-usados-dispara-46-em-marco.jpg\",\"datePublished\":\"2025-04-22T17:00:57+00:00\",\"description\":\"De acordo com o Standvirtual, o mercado de usados registou em mar\u00e7o o maior crescimento do ano, com a procura a subir 46% face a 2024\",\"breadcrumb\":{\"@id\":\"https:\\\/\\\/jornaldasoficinas.com\\\/pt\\\/procura-por-usados-dispara-46-em-marco\\\/#breadcrumb\"},\"inLanguage\":\"pt-PT\",\"potentialAction\":[{\"@type\":\"ReadAction\",\"target\":[\"https:\\\/\\\/jornaldasoficinas.com\\\/pt\\\/procura-por-usados-dispara-46-em-marco\\\/\"]}]},{\"@type\":\"ImageObject\",\"inLanguage\":\"pt-PT\",\"@id\":\"https:\\\/\\\/jornaldasoficinas.com\\\/pt\\\/procura-por-usados-dispara-46-em-marco\\\/#primaryimage\",\"url\":\"https:\\\/\\\/jornaldasoficinas.com\\\/pt\\\/wp-content\\\/uploads\\\/2025\\\/04\\\/Procura-por-usados-dispara-46-em-marco.jpg\",\"contentUrl\":\"https:\\\/\\\/jornaldasoficinas.com\\\/pt\\\/wp-content\\\/uploads\\\/2025\\\/04\\\/Procura-por-usados-dispara-46-em-marco.jpg\",\"width\":1024,\"height\":581,\"caption\":\"04 - Procura por usados dispara 46 em marco\"},{\"@type\":\"BreadcrumbList\",\"@id\":\"https:\\\/\\\/jornaldasoficinas.com\\\/pt\\\/procura-por-usados-dispara-46-em-marco\\\/#breadcrumb\",\"itemListElement\":[{\"@type\":\"ListItem\",\"position\":1,\"name\":\"In\u00edcio\",\"item\":\"https:\\\/\\\/jornaldasoficinas.com\\\/pt\\\/\"},{\"@type\":\"ListItem\",\"position\":2,\"name\":\"Procura por usados dispara 46% em mar\u00e7o\"}]},{\"@type\":\"WebSite\",\"@id\":\"https:\\\/\\\/jornaldasoficinas.com\\\/pt\\\/#website\",\"url\":\"https:\\\/\\\/jornaldasoficinas.com\\\/pt\\\/\",\"name\":\"Jornal das Oficinas\",\"description\":\"Jornal independente do Aftermarket Autom\u00f3vel em Portugal\",\"publisher\":{\"@id\":\"https:\\\/\\\/jornaldasoficinas.com\\\/pt\\\/#organization\"},\"potentialAction\":[{\"@type\":\"SearchAction\",\"target\":{\"@type\":\"EntryPoint\",\"urlTemplate\":\"https:\\\/\\\/jornaldasoficinas.com\\\/pt\\\/?s={search_term_string}\"},\"query-input\":{\"@type\":\"PropertyValueSpecification\",\"valueRequired\":true,\"valueName\":\"search_term_string\"}}],\"inLanguage\":\"pt-PT\"},{\"@type\":\"Organization\",\"@id\":\"https:\\\/\\\/jornaldasoficinas.com\\\/pt\\\/#organization\",\"name\":\"Jornal das Oficinas\",\"url\":\"https:\\\/\\\/jornaldasoficinas.com\\\/pt\\\/\",\"logo\":{\"@type\":\"ImageObject\",\"inLanguage\":\"pt-PT\",\"@id\":\"https:\\\/\\\/jornaldasoficinas.com\\\/pt\\\/#\\\/schema\\\/logo\\\/image\\\/\",\"url\":\"https:\\\/\\\/jornaldasoficinas.com\\\/pt\\\/wp-content\\\/uploads\\\/logoJO-SEO.png\",\"contentUrl\":\"https:\\\/\\\/jornaldasoficinas.com\\\/pt\\\/wp-content\\\/uploads\\\/logoJO-SEO.png\",\"width\":285,\"height\":450,\"caption\":\"Jornal das Oficinas\"},\"image\":{\"@id\":\"https:\\\/\\\/jornaldasoficinas.com\\\/pt\\\/#\\\/schema\\\/logo\\\/image\\\/\"},\"sameAs\":[\"https:\\\/\\\/www.facebook.com\\\/jornaloficinas\",\"https:\\\/\\\/x.com\\\/jornaloficinas\",\"https:\\\/\\\/www.instagram.com\\\/jornal_oficinas\\\/\",\"https:\\\/\\\/www.linkedin.com\\\/company\\\/jornal-das-oficinas\\\/\",\"https:\\\/\\\/www.youtube.com\\\/channel\\\/UCbQZBqtcvV-oSQrr7RzINGg\"]},{\"@type\":\"Person\",\"@id\":\"https:\\\/\\\/jornaldasoficinas.com\\\/pt\\\/#\\\/schema\\\/person\\\/a38eef5de2c41d9e7c9ac10141afddf3\",\"name\":\"Reda\u00e7\u00e3o JO\",\"image\":{\"@type\":\"ImageObject\",\"inLanguage\":\"pt-PT\",\"@id\":\"https:\\\/\\\/secure.gravatar.com\\\/avatar\\\/71f2fa71737ad68a84fea94bc708ddac8ea5b0c4788dc2ad202f3ccb2887742f?s=96&d=wp_user_avatar&r=g\",\"url\":\"https:\\\/\\\/secure.gravatar.com\\\/avatar\\\/71f2fa71737ad68a84fea94bc708ddac8ea5b0c4788dc2ad202f3ccb2887742f?s=96&d=wp_user_avatar&r=g\",\"contentUrl\":\"https:\\\/\\\/secure.gravatar.com\\\/avatar\\\/71f2fa71737ad68a84fea94bc708ddac8ea5b0c4788dc2ad202f3ccb2887742f?s=96&d=wp_user_avatar&r=g\",\"caption\":\"Reda\u00e7\u00e3o JO\"},\"url\":\"https:\\\/\\\/jornaldasoficinas.com\\\/pt\\\/author\\\/joredacao\\\/\"}]}<\/script>\n<!-- \/ Yoast SEO plugin. -->","yoast_head_json":{"title":"Procura por usados dispara 46% em mar\u00e7o - Jornal das Oficinas","description":"De acordo com o Standvirtual, o mercado de usados registou em mar\u00e7o o maior crescimento do ano, com a procura a subir 46% face a 2024","robots":{"index":"index","follow":"follow","max-snippet":"max-snippet:-1","max-image-preview":"max-image-preview:large","max-video-preview":"max-video-preview:-1"},"canonical":"https:\/\/jornaldasoficinas.com\/pt\/procura-por-usados-dispara-46-em-marco\/","og_locale":"pt_PT","og_type":"article","og_title":"Procura por usados dispara 46% em mar\u00e7o - Jornal das Oficinas","og_description":"De acordo com o Standvirtual, o mercado de usados registou em mar\u00e7o o maior crescimento do ano, com a procura a subir 46% face a 2024","og_url":"https:\/\/jornaldasoficinas.com\/pt\/procura-por-usados-dispara-46-em-marco\/","og_site_name":"Jornal das Oficinas","article_publisher":"https:\/\/www.facebook.com\/jornaloficinas","article_published_time":"2025-04-22T17:00:57+00:00","og_image":[{"width":1024,"height":581,"url":"https:\/\/jornaldasoficinas.com\/pt\/wp-content\/uploads\/2025\/04\/Procura-por-usados-dispara-46-em-marco.jpg","type":"image\/jpeg"}],"author":"Reda\u00e7\u00e3o JO","twitter_card":"summary_large_image","twitter_creator":"@jornaloficinas","twitter_site":"@jornaloficinas","twitter_misc":{"Escrito por":"Reda\u00e7\u00e3o JO","Tempo estimado de leitura":"2 minutos"},"schema":{"@context":"https:\/\/schema.org","@graph":[{"@type":"Article","@id":"https:\/\/jornaldasoficinas.com\/pt\/procura-por-usados-dispara-46-em-marco\/#article","isPartOf":{"@id":"https:\/\/jornaldasoficinas.com\/pt\/procura-por-usados-dispara-46-em-marco\/"},"author":{"name":"Reda\u00e7\u00e3o JO","@id":"https:\/\/jornaldasoficinas.com\/pt\/#\/schema\/person\/a38eef5de2c41d9e7c9ac10141afddf3"},"headline":"Procura por usados dispara 46% em mar\u00e7o","datePublished":"2025-04-22T17:00:57+00:00","mainEntityOfPage":{"@id":"https:\/\/jornaldasoficinas.com\/pt\/procura-por-usados-dispara-46-em-marco\/"},"wordCount":304,"publisher":{"@id":"https:\/\/jornaldasoficinas.com\/pt\/#organization"},"image":{"@id":"https:\/\/jornaldasoficinas.com\/pt\/procura-por-usados-dispara-46-em-marco\/#primaryimage"},"thumbnailUrl":"https:\/\/jornaldasoficinas.com\/pt\/wp-content\/uploads\/2025\/04\/Procura-por-usados-dispara-46-em-marco.jpg","keywords":["ACAP","Crescimento","Estudo de mercado","mar\u00e7o","Mercado de usados","Standvirtual"],"articleSection":["Mercado"],"inLanguage":"pt-PT"},{"@type":"WebPage","@id":"https:\/\/jornaldasoficinas.com\/pt\/procura-por-usados-dispara-46-em-marco\/","url":"https:\/\/jornaldasoficinas.com\/pt\/procura-por-usados-dispara-46-em-marco\/","name":"Procura por usados dispara 46% em mar\u00e7o - Jornal das Oficinas","isPartOf":{"@id":"https:\/\/jornaldasoficinas.com\/pt\/#website"},"primaryImageOfPage":{"@id":"https:\/\/jornaldasoficinas.com\/pt\/procura-por-usados-dispara-46-em-marco\/#primaryimage"},"image":{"@id":"https:\/\/jornaldasoficinas.com\/pt\/procura-por-usados-dispara-46-em-marco\/#primaryimage"},"thumbnailUrl":"https:\/\/jornaldasoficinas.com\/pt\/wp-content\/uploads\/2025\/04\/Procura-por-usados-dispara-46-em-marco.jpg","datePublished":"2025-04-22T17:00:57+00:00","description":"De acordo com o Standvirtual, o mercado de usados registou em mar\u00e7o o maior crescimento do ano, com a procura a subir 46% face a 2024","breadcrumb":{"@id":"https:\/\/jornaldasoficinas.com\/pt\/procura-por-usados-dispara-46-em-marco\/#breadcrumb"},"inLanguage":"pt-PT","potentialAction":[{"@type":"ReadAction","target":["https:\/\/jornaldasoficinas.com\/pt\/procura-por-usados-dispara-46-em-marco\/"]}]},{"@type":"ImageObject","inLanguage":"pt-PT","@id":"https:\/\/jornaldasoficinas.com\/pt\/procura-por-usados-dispara-46-em-marco\/#primaryimage","url":"https:\/\/jornaldasoficinas.com\/pt\/wp-content\/uploads\/2025\/04\/Procura-por-usados-dispara-46-em-marco.jpg","contentUrl":"https:\/\/jornaldasoficinas.com\/pt\/wp-content\/uploads\/2025\/04\/Procura-por-usados-dispara-46-em-marco.jpg","width":1024,"height":581,"caption":"04 - Procura por usados dispara 46 em marco"},{"@type":"BreadcrumbList","@id":"https:\/\/jornaldasoficinas.com\/pt\/procura-por-usados-dispara-46-em-marco\/#breadcrumb","itemListElement":[{"@type":"ListItem","position":1,"name":"In\u00edcio","item":"https:\/\/jornaldasoficinas.com\/pt\/"},{"@type":"ListItem","position":2,"name":"Procura por usados dispara 46% em mar\u00e7o"}]},{"@type":"WebSite","@id":"https:\/\/jornaldasoficinas.com\/pt\/#website","url":"https:\/\/jornaldasoficinas.com\/pt\/","name":"Jornal das Oficinas","description":"Jornal independente do Aftermarket Autom\u00f3vel em Portugal","publisher":{"@id":"https:\/\/jornaldasoficinas.com\/pt\/#organization"},"potentialAction":[{"@type":"SearchAction","target":{"@type":"EntryPoint","urlTemplate":"https:\/\/jornaldasoficinas.com\/pt\/?s={search_term_string}"},"query-input":{"@type":"PropertyValueSpecification","valueRequired":true,"valueName":"search_term_string"}}],"inLanguage":"pt-PT"},{"@type":"Organization","@id":"https:\/\/jornaldasoficinas.com\/pt\/#organization","name":"Jornal das Oficinas","url":"https:\/\/jornaldasoficinas.com\/pt\/","logo":{"@type":"ImageObject","inLanguage":"pt-PT","@id":"https:\/\/jornaldasoficinas.com\/pt\/#\/schema\/logo\/image\/","url":"https:\/\/jornaldasoficinas.com\/pt\/wp-content\/uploads\/logoJO-SEO.png","contentUrl":"https:\/\/jornaldasoficinas.com\/pt\/wp-content\/uploads\/logoJO-SEO.png","width":285,"height":450,"caption":"Jornal das Oficinas"},"image":{"@id":"https:\/\/jornaldasoficinas.com\/pt\/#\/schema\/logo\/image\/"},"sameAs":["https:\/\/www.facebook.com\/jornaloficinas","https:\/\/x.com\/jornaloficinas","https:\/\/www.instagram.com\/jornal_oficinas\/","https:\/\/www.linkedin.com\/company\/jornal-das-oficinas\/","https:\/\/www.youtube.com\/channel\/UCbQZBqtcvV-oSQrr7RzINGg"]},{"@type":"Person","@id":"https:\/\/jornaldasoficinas.com\/pt\/#\/schema\/person\/a38eef5de2c41d9e7c9ac10141afddf3","name":"Reda\u00e7\u00e3o JO","image":{"@type":"ImageObject","inLanguage":"pt-PT","@id":"https:\/\/secure.gravatar.com\/avatar\/71f2fa71737ad68a84fea94bc708ddac8ea5b0c4788dc2ad202f3ccb2887742f?s=96&d=wp_user_avatar&r=g","url":"https:\/\/secure.gravatar.com\/avatar\/71f2fa71737ad68a84fea94bc708ddac8ea5b0c4788dc2ad202f3ccb2887742f?s=96&d=wp_user_avatar&r=g","contentUrl":"https:\/\/secure.gravatar.com\/avatar\/71f2fa71737ad68a84fea94bc708ddac8ea5b0c4788dc2ad202f3ccb2887742f?s=96&d=wp_user_avatar&r=g","caption":"Reda\u00e7\u00e3o JO"},"url":"https:\/\/jornaldasoficinas.com\/pt\/author\/joredacao\/"}]}},"_links":{"self":[{"href":"https:\/\/jornaldasoficinas.com\/pt\/wp-json\/wp\/v2\/posts\/100766","targetHints":{"allow":["GET"]}}],"collection":[{"href":"https:\/\/jornaldasoficinas.com\/pt\/wp-json\/wp\/v2\/posts"}],"about":[{"href":"https:\/\/jornaldasoficinas.com\/pt\/wp-json\/wp\/v2\/types\/post"}],"author":[{"embeddable":true,"href":"https:\/\/jornaldasoficinas.com\/pt\/wp-json\/wp\/v2\/users\/15"}],"replies":[{"embeddable":true,"href":"https:\/\/jornaldasoficinas.com\/pt\/wp-json\/wp\/v2\/comments?post=100766"}],"version-history":[{"count":4,"href":"https:\/\/jornaldasoficinas.com\/pt\/wp-json\/wp\/v2\/posts\/100766\/revisions"}],"predecessor-version":[{"id":100771,"href":"https:\/\/jornaldasoficinas.com\/pt\/wp-json\/wp\/v2\/posts\/100766\/revisions\/100771"}],"wp:featuredmedia":[{"embeddable":true,"href":"https:\/\/jornaldasoficinas.com\/pt\/wp-json\/wp\/v2\/media\/100770"}],"wp:attachment":[{"href":"https:\/\/jornaldasoficinas.com\/pt\/wp-json\/wp\/v2\/media?parent=100766"}],"wp:term":[{"taxonomy":"category","embeddable":true,"href":"https:\/\/jornaldasoficinas.com\/pt\/wp-json\/wp\/v2\/categories?post=100766"},{"taxonomy":"post_tag","embeddable":true,"href":"https:\/\/jornaldasoficinas.com\/pt\/wp-json\/wp\/v2\/tags?post=100766"}],"curies":[{"name":"wp","href":"https:\/\/api.w.org\/{rel}","templated":true}]}}