{"id":100850,"date":"2025-04-24T12:30:05","date_gmt":"2025-04-24T11:30:05","guid":{"rendered":"https:\/\/jornaldasoficinas.com\/pt\/?p=100850"},"modified":"2025-04-22T21:45:38","modified_gmt":"2025-04-22T20:45:38","slug":"osram-comemora-100-anos","status":"publish","type":"post","link":"https:\/\/jornaldasoficinas.com\/pt\/osram-comemora-100-anos\/","title":{"rendered":"OSRAM comemora 100 anos"},"content":{"rendered":"<p><img loading=\"lazy\" decoding=\"async\" class=\"alignnone size-full wp-image-100832\" src=\"https:\/\/jornaldasoficinas.com\/pt\/wp-content\/uploads\/2025\/04\/OSRAM-comemora.jpg\" alt=\"04 - OSRAM comemora\" width=\"1024\" height=\"581\" srcset=\"https:\/\/jornaldasoficinas.com\/pt\/wp-content\/uploads\/2025\/04\/OSRAM-comemora.jpg 1024w, https:\/\/jornaldasoficinas.com\/pt\/wp-content\/uploads\/2025\/04\/OSRAM-comemora-300x170.jpg 300w, https:\/\/jornaldasoficinas.com\/pt\/wp-content\/uploads\/2025\/04\/OSRAM-comemora-150x85.jpg 150w, https:\/\/jornaldasoficinas.com\/pt\/wp-content\/uploads\/2025\/04\/OSRAM-comemora-768x436.jpg 768w\" sizes=\"auto, (max-width: 1024px) 100vw, 1024px\" \/><\/p>\n<p><strong>A <a href=\"https:\/\/www.osram.pt\/cb\/\" target=\"_blank\" rel=\"noopener\">OSRAM<\/a>, inventora da l\u00e2mpada de farol de duplo filamento BILUX nos anos 20 e agora n\u00famero 1 em ilumina\u00e7\u00e3o autom\u00f3vel, est\u00e1 a celebrar 100 anos de excel\u00eancia autom\u00f3vel<\/strong><\/p>\n<p>Com m\u00faltiplos desenvolvimentos revolucion\u00e1rios, qualidade excecional, um portef\u00f3lio amplo e inovador, excelentes servi\u00e7os para clientes e parceiros e uma marca global forte fizeram da ams OSRAM o l\u00edder mundial de mercado em ilumina\u00e7\u00e3o autom\u00f3vel. A OSRAM Autom\u00f3vel est\u00e1 a mostrar em 2025 que os parceiros, clientes e condutores podem continuar a contar com o l\u00edder de mercado.<\/p>\n<p>Desde h\u00e1 exatamente cem anos, que a OSRAM tem estado na vanguarda dos avan\u00e7os em ilumina\u00e7\u00e3o autom\u00f3vel e continua a ser um parceiro de confian\u00e7a para milh\u00f5es de condutores. Com o seu claro foco na inova\u00e7\u00e3o, qualidade e parceria, a divis\u00e3o OSRAM Autom\u00f3vel apoia empresas, oficinas e retalhistas, em particular, no fornecimento aos seus clientes de solu\u00e7\u00f5es l\u00edderes de mercado para o aftermarket.<\/p>\n<p>A OSRAM Autom\u00f3vel continuar\u00e1 a melhorar a visibilidade para todos os utilizadores da estrada com o seu portef\u00f3lio \u00fanico de l\u00e2mpadas de substitui\u00e7\u00e3o e produtos inovadores de alta qualidade para manuten\u00e7\u00e3o e equipamento de ve\u00edculos.<\/p>\n<p><strong>\u00a0<\/strong><strong>O come\u00e7o: L\u00e2mpada BILUX<br \/>\n<\/strong>A hist\u00f3ria da divis\u00e3o OSRAM Autom\u00f3vel come\u00e7ou em 1925, quando a primeira l\u00e2mpada para farol de duplo filamento do mundo foi apresentada em Berlim a um grupo de curiosos. O que eles testemunharam naquele dia, com o lan\u00e7amento da l\u00e2mpada BILUX, n\u00e3o foi apenas uma l\u00e2mpada mais brilhante que permitia aos condutores alternar entre luz de farol de m\u00e1ximos e m\u00e9dios, mas um ponto de viragem hist\u00f3rico para a seguran\u00e7a rodovi\u00e1ria. Ao mesmo tempo, foi o in\u00edcio de uma hist\u00f3ria de sucesso \u00fanica na ilumina\u00e7\u00e3o de ve\u00edculos, que a OSRAM tem continuado com empenho e esp\u00edrito de inova\u00e7\u00e3o desde ent\u00e3o.<\/p>\n<p>\u201cSem os poderes de inova\u00e7\u00e3o e o ADN vision\u00e1rio da OSRAM, provavelmente ainda hoje estar\u00edamos muito atrasados em termos de seguran\u00e7a rodovi\u00e1ria. Nos \u00faltimos cem anos, estas duas qualidades permitiram-nos impulsionar o progresso tecnol\u00f3gico no setor da ilumina\u00e7\u00e3o autom\u00f3vel e levar esse progresso para as estradas\u201d, disse Adam Wu, Vice-Presidente Executivo e Diretor Geral da divis\u00e3o Automotive &amp; Specialty Lamps do Grupo ams OSRAM. Ele tamb\u00e9m fez a seguinte promessa: \u201cComo l\u00edder mundial de mercado, continuaremos a desempenhar o nosso papel pioneiro no mercado.\u201d<\/p>\n<p><strong>Destaques na hist\u00f3ria da empresa<br \/>\n<\/strong>O compromisso da ams OSRAM com a excelente visibilidade para todos os utilizadores da estrada tem sido, e continua a ser, a for\u00e7a motriz por detr\u00e1s de uma longa lista de inova\u00e7\u00f5es. O desenvolvimento da l\u00e2mpada de duplo filamento BILUX em 1925 marcou o nascimento da ilumina\u00e7\u00e3o autom\u00f3vel na OSRAM (agora ams OSRAM). Nos anos 30, a empresa lan\u00e7ou as l\u00e2mpadas \u201cOSRAM-D\u201d, que ofereciam um rendimento luminoso significativamente maior, gra\u00e7as \u00e0 sua tecnologia de duplo filamento. A OSRAM foi uma for\u00e7a pioneira no desenvolvimento da tecnologia de halog\u00e9neo para far\u00f3is de autom\u00f3veis nos anos 60, uma tecnologia que rapidamente se tornou padr\u00e3o na ilumina\u00e7\u00e3o autom\u00f3vel.<\/p>\n<p>Nos anos 90, a OSRAM teve sucesso ao anunciar uma nova era no design de far\u00f3is, ao desenvolver as l\u00e2mpadas de x\u00e9non D1 e de halog\u00e9neo H7. As possibilidades t\u00e9cnicas destas l\u00e2mpadas libertaram subitamente um potencial quase inesgot\u00e1vel para mais inova\u00e7\u00e3o. Foi durante este per\u00edodo que a OSRAM se tornou l\u00edder mundial em ilumina\u00e7\u00e3o autom\u00f3vel. A H7 continua a ser um dos produtos mais populares e mais vendidos no portef\u00f3lio da empresa.<\/p>\n<p><strong>OSRAM D1 Xenon<br \/>\n<\/strong>Tendo em conta a natureza especial dos produtos e dos clientes e a crescente globaliza\u00e7\u00e3o, o neg\u00f3cio autom\u00f3vel foi estabelecido como uma divis\u00e3o separada na OSRAM em 1994. No in\u00edcio dos anos 2000, a OSRAM desempenhou um papel importante no desenvolvimento dos primeiros far\u00f3is totalmente LED.<\/p>\n<p>Em 2007, a OSRAM Autom\u00f3vel lan\u00e7ou os primeiros modelos NIGHT BREAKER, uma s\u00e9rie de l\u00e2mpadas de halog\u00e9neo de alto desempenho, adaptadas pela primeira vez \u00e0s diferentes necessidades dos condutores. Os clientes podem agora escolher uma l\u00e2mpada que se adapte ao seu estilo de vida, com particular \u00eanfase no brilho, estilo, durabilidade ou custo. \u201cEstamos continuamente a expandir e a diversificar o nosso portf\u00f3lio. Concentramo-nos n\u00e3o s\u00f3 em melhorar a ilumina\u00e7\u00e3o nas estradas, mas tamb\u00e9m em satisfazer as v\u00e1rias expectativas dos consumidores em termos de seguran\u00e7a, conforto e estilo\u201d, afirmou Adam Wu.<\/p>\n<p>Em 2015, o lan\u00e7amento do portef\u00f3lio Equipamentos (Fixtures) atraiu muita aten\u00e7\u00e3o. Finalmente, a OSRAM Autom\u00f3vel alcan\u00e7ou mais um marco na hist\u00f3ria da empresa com o desenvolvimento da primeira l\u00e2mpada LED retrofit NIGHT BREAKER LED.<\/p>\n<p><strong>A fam\u00edlia NIGHT BREAKER LED: uma revolu\u00e7\u00e3o no aftermarket<br \/>\n<\/strong>Em 2020, a OSRAM Autom\u00f3vel, em estreita coopera\u00e7\u00e3o com a T\u00dcV alem\u00e3 e a Autoridade Federal de Ve\u00edculos Motorizados e Transportes, conseguiu alcan\u00e7ar o que antes era considerado imposs\u00edvel, ou seja, produzir a primeira l\u00e2mpada LED retrofit a ser aprovada para uso em estradas p\u00fablicas.<\/p>\n<p>A NIGHT BREAKER LED est\u00e1 agora a conquistar o mercado do p\u00f3s-venda. \u201cNa altura, fomos o primeiro fabricante a compreender que tanto os condutores como a ind\u00fastria careciam de uma solu\u00e7\u00e3o de substitui\u00e7\u00e3o que n\u00e3o s\u00f3 iluminasse mais a estrada, mas que tamb\u00e9m fosse f\u00e1cil de instalar e estivesse oficialmente aprovada para o tr\u00e1fego rodovi\u00e1rio\u201d, afirmou Carsten Setzer, Vice-Presidente de Gest\u00e3o do Ciclo de Vida do Produto de L\u00e2mpadas e Lumin\u00e1rias.<\/p>\n<p><strong>Fam\u00edlia NIGHT BREAKER LED<br \/>\n<\/strong>At\u00e9 ao final de 2023, a gama de produtos foi alargada para incluir a NIGHT BREAKER LED H1 e H4, para que os carros cl\u00e1ssicos e as autocaravanas pudessem agora tamb\u00e9m ser adaptados. A adapta\u00e7\u00e3o de LEDs para motociclos tamb\u00e9m \u00e9 poss\u00edvel desde 2024. Ao mesmo tempo, a OSRAM Autom\u00f3vel lan\u00e7ou a TRUCKSTAR LED, que foi especialmente desenvolvida para o segmento de cami\u00f5es. No total, a gama NIGHT BREAKER LED inclui agora quatro fam\u00edlias de produtos e oito tipos de l\u00e2mpadas. Abrange mais de 1000 modelos de ve\u00edculos e foi aprovada em 28 pa\u00edses.<\/p>\n<p><strong>Mais do que luz<br \/>\n<\/strong>O compromisso da OSRAM Autom\u00f3vel para uma melhor visibilidade n\u00e3o se fica pela ilumina\u00e7\u00e3o. Produtos inovadores, como as luzes auxiliares e de trabalho LEDriving e as luzes LED de aviso e seguran\u00e7a, s\u00e3o justamente considerados inovadores. Em 2019, o l\u00edder global de mercado em l\u00e2mpadas retrofit adquiriu o especialista brit\u00e2nico em aftermarket RING. Isto significa que a OSRAM Autom\u00f3vel p\u00f4de expandir o seu portef\u00f3lio para incluir equipamentos de manuten\u00e7\u00e3o de baterias e pneus, c\u00e2maras de bordo e muito mais.<\/p>\n<p><strong>Apoio \u00e0s oficinas<br \/>\n<\/strong>A ams OSRAM tem trabalhado sempre em estreita colabora\u00e7\u00e3o com os seus clientes, de modo a compreender e satisfazer as suas necessidades. Ao longo dos anos, a divis\u00e3o Autom\u00f3vel desenvolveu instrumentos e iniciativas para apoiar oficinas e retalhistas:<\/p>\n<p>O Programa Confian\u00e7a OSRAM (OSRAM Trust) foi criado para ajudar a verificar pe\u00e7as originais e, assim, proteger empresas e clientes de produtos contrafeitos.<\/p>\n<p><strong>Portef\u00f3lio de manuten\u00e7\u00e3o e equipamento autom\u00f3vel<br \/>\n<\/strong>O Localizador de L\u00e2mpadas Autom\u00f3vel permite aos utilizadores finais e \u00e0s oficinas identificar rapi-damente a l\u00e2mpada certa para os seus ve\u00edculos e comparar diretamente os diferentes produtos.<\/p>\n<p>O \u201cMan in the Van\u201d leva os representantes da OSRAM diretamente \u00e0s oficinas para os apoiar com forma\u00e7\u00e3o pr\u00e1tica e apresenta\u00e7\u00f5es de produtos.<\/p>\n<p><strong>O ano do anivers\u00e1rio<br \/>\n<\/strong>Os clientes e parceiros da ams OSRAM podem esperar ainda mais destaques para celebrar o 100\u00ba anivers\u00e1rio da divis\u00e3o de ilumina\u00e7\u00e3o autom\u00f3vel. O ambiente de festa continuar\u00e1 ao longo do ano, com novos produtos para solu\u00e7\u00f5es de retrofit, manuten\u00e7\u00e3o de pneus e baterias e ilumina\u00e7\u00e3o de bicicletas. A caravana \u201cMan in the Van\u201d ir\u00e1 percorrer a Alemanha e a Europa como parte de uma grande exposi\u00e7\u00e3o itinerante. Ser\u00e1 uma oportunidade de experimentar o mundo dos produtos da ams OSRAM.<\/p>\n<p>Mais informa\u00e7\u00e3o sobre os 100 anos da OSRAM: <a href=\"http:\/\/www.osram.pt\/100anosAM\">www.osram.pt\/100anosAM<\/a><\/p>\n<div class=\"wonderplugingallery-container\" id=\"wonderplugingallery-container-238\" style=\"max-width:960px;margin:0 auto;\"><div class=\"wonderplugingallery\" id=\"wonderplugingallery-238\" data-galleryid=\"238\" data-width=\"960\" data-height=\"540\" data-skin=\"gallery\" data-playsinline=\"false\" data-mutevideo=\"false\" data-random=\"false\" data-autoslide=\"false\" data-autoplayvideo=\"false\" data-schemamarkup=\"false\" data-stopallplaying=\"false\" data-reloadonvideoend=\"false\" data-donotuseposter=\"false\" data-enabletabindex=\"false\" data-loadnextonvideoend=\"false\" data-hidetitlewhenvideoisplaying=\"false\" data-disablehovereventontouch=\"false\" data-autoslideandplayafterfirstplayed=\"false\" data-html5player=\"true\" data-responsive=\"true\" data-fullwidth=\"false\" data-showtitle=\"true\" data-showdescription=\"true\" data-showplaybutton=\"true\" data-showfullscreenbutton=\"true\" data-showtimer=\"true\" data-showcarousel=\"true\" data-galleryshadow=\"false\" data-slideshadow=\"true\" data-thumbshowtitle=\"false\" data-thumbshowimage=\"true\" data-thumbshadow=\"true\" data-lightboxshowtitle=\"true\" data-lightboxshowdescription=\"true\" data-specifyid=\"true\" data-donotinit=\"false\" data-addinitscript=\"false\" data-triggerresize=\"false\" data-thumbcolumnsresponsive=\"false\" data-thumbverticalmiddle=\"true\" data-removeinlinecss=\"true\" data-switchonmouseover=\"false\" data-showcategory=\"true\" data-carouselpagination=\"false\" data-showimgtitle=\"false\" data-titlesmallscreen=\"false\" data-initsocial=\"true\" data-showsocial=\"false\" data-showemail=\"false\" data-showfacebook=\"true\" data-showtwitter=\"true\" data-showpinterest=\"true\" data-socialrotateeffect=\"true\" data-doshortcodeontext=\"false\" data-loop=\"0\" data-duration=\"1500\" data-slideduration=\"1000\" data-slideshowinterval=\"6000\" data-googleanalyticsaccount=\"\" data-ga4account=\"\" data-resizemode=\"fill\" data-imagetoolboxmode=\"mouseover\" data-effect=\"fade\" data-padding=\"12\" data-bgcolor=\"\" data-bgimage=\"\" data-thumbwidth=\"120\" data-thumbheight=\"60\" data-thumbgap=\"8\" data-thumbrowgap=\"16\" data-lightboxtextheight=\"72\" data-lightboxtitlecss=\"{color:#333333; font:bold 12px Arial,Helvetica,sans-serif; overflow:hidden; white-space:normal; line-height:18px;}\" data-lightboxdescriptioncss=\"{color:#333333; font:normal 12px Arial,Helvetica,sans-serif; overflow:hidden; white-space:normal; line-height:14px;}\" data-titlecss=\"{color:#ffffff; font-size:14px; font-family:Armata, sans-serif, Arial; overflow:hidden; text-align:left; padding:10px 0px 10px 10px; background:rgb(102, 102, 102) transparent; background:rgba(102, 102, 102, 0.6);}\" data-descriptioncss=\"{color:#ffffff; font-size:13px; font-family:Armata, sans-serif, Arial; overflow:hidden; text-align:left; padding:0px 0px 10px 10px; background:rgb(102, 102, 102) transparent; background:rgba(102, 102, 102, 0.6);}\" data-titleheight=\"72\" data-titlesmallscreenwidth=\"640\" data-titleheightsmallscreen=\"148\" data-socialmode=\"mouseover\" data-socialposition=\"position:absolute;top:8px;right:8px;\" data-socialpositionlightbox=\"position:absolute;top:8px;right:8px;\" data-socialdirection=\"horizontal\" data-socialbuttonsize=\"32\" data-socialbuttonfontsize=\"18\" data-defaultvideovolume=\"1\" data-thumbtitleheight=\"24\" data-thumbmediumtitleheight=\"48\" data-thumbsmalltitleheight=\"72\" data-categoryheight=\"48\" data-categorydefault=\"all\" data-triggerresizedelay=\"100\" data-thumbmediumsize=\"800\" data-thumbsmallsize=\"480\" data-thumbmediumwidth=\"64\" data-thumbmediumheight=\"64\" data-thumbsmallwidth=\"48\" data-thumbsmallheight=\"48\" data-imgtitle=\"title\" data-carouselpaginationrow=\"3\" data-categorystyle=\"dropdown\" data-categorylist=\"[{&quot;slug&quot;:&quot;all&quot;,&quot;caption&quot;:&quot;Show All&quot;}]\" data-jsfolder=\"https:\/\/jornaldasoficinas.com\/pt\/wp-content\/plugins\/wonderplugin-gallery\/engine\/\" style=\"display:none;\" ><a class=\"html5galleryimglink\" href=\"https:\/\/jornaldasoficinas.com\/pt\/wp-content\/uploads\/2025\/04\/OSRAMcomemora\/OSRAM_100_Signet_RGB_Light-BG.png\" data-mediatype=1><img decoding=\"async\" class=\"html5galleryimg html5gallery-tn-image\" src=\"https:\/\/jornaldasoficinas.com\/pt\/wp-content\/uploads\/2025\/04\/OSRAMcomemora\/OSRAM_100_Signet_RGB_Light-BG.png\" alt=\"\"><\/a><div class=\"html5gallery-info\"><\/div><a class=\"html5galleryimglink\" href=\"https:\/\/jornaldasoficinas.com\/pt\/wp-content\/uploads\/2025\/04\/OSRAMcomemora\/OSRAM_Catalogue_2024_module_on_road_cover_family_composed_retouche.jpg\" data-mediatype=1><img decoding=\"async\" class=\"html5galleryimg html5gallery-tn-image\" src=\"https:\/\/jornaldasoficinas.com\/pt\/wp-content\/uploads\/2025\/04\/OSRAMcomemora\/OSRAM_Catalogue_2024_module_on_road_cover_family_composed_retouche.jpg\" alt=\"\"><\/a><div class=\"html5gallery-info\"><\/div><a class=\"html5galleryimglink\" href=\"https:\/\/jornaldasoficinas.com\/pt\/wp-content\/uploads\/2025\/04\/OSRAMcomemora\/OSRAM_Composing_LEDinspect_Anpassung_rgb_020223_ONLY-OSRAM.jpg\" data-mediatype=1><img decoding=\"async\" class=\"html5galleryimg html5gallery-tn-image\" src=\"https:\/\/jornaldasoficinas.com\/pt\/wp-content\/uploads\/2025\/04\/OSRAMcomemora\/OSRAM_Composing_LEDinspect_Anpassung_rgb_020223_ONLY-OSRAM.jpg\" alt=\"\"><\/a><div class=\"html5gallery-info\"><\/div><a class=\"html5galleryimglink\" href=\"https:\/\/jornaldasoficinas.com\/pt\/wp-content\/uploads\/2025\/04\/OSRAMcomemora\/OSRAM_LED_FC2_64210DWNBSP-2HB_MiCh_OSRAM_01_Composing.jpg\" data-mediatype=1><img decoding=\"async\" class=\"html5galleryimg html5gallery-tn-image\" src=\"https:\/\/jornaldasoficinas.com\/pt\/wp-content\/uploads\/2025\/04\/OSRAMcomemora\/OSRAM_LED_FC2_64210DWNBSP-2HB_MiCh_OSRAM_01_Composing.jpg\" alt=\"\"><\/a><div class=\"html5gallery-info\"><\/div><a class=\"html5galleryimglink\" href=\"https:\/\/jornaldasoficinas.com\/pt\/wp-content\/uploads\/2025\/04\/OSRAMcomemora\/OSRAM_OSRAM_KV_NIGHT_BREAKER_LED_SPEED_A4.jpg\" data-mediatype=1><img decoding=\"async\" class=\"html5galleryimg html5gallery-tn-image\" src=\"https:\/\/jornaldasoficinas.com\/pt\/wp-content\/uploads\/2025\/04\/OSRAMcomemora\/OSRAM_OSRAM_KV_NIGHT_BREAKER_LED_SPEED_A4.jpg\" alt=\"\"><\/a><div class=\"html5gallery-info\"><\/div><a class=\"html5galleryimglink\" href=\"https:\/\/jornaldasoficinas.com\/pt\/wp-content\/uploads\/2025\/04\/OSRAMcomemora\/OSRAM_OSRAM_NB_LEDH4_Smart_RGB.jpg\" data-mediatype=1><img decoding=\"async\" class=\"html5galleryimg html5gallery-tn-image\" src=\"https:\/\/jornaldasoficinas.com\/pt\/wp-content\/uploads\/2025\/04\/OSRAMcomemora\/OSRAM_OSRAM_NB_LEDH4_Smart_RGB.jpg\" alt=\"\"><\/a><div class=\"html5gallery-info\"><\/div><a class=\"html5galleryimglink\" href=\"https:\/\/jornaldasoficinas.com\/pt\/wp-content\/uploads\/2025\/04\/OSRAMcomemora\/OSRAM_OTIR6000_INSITU_011.jpg\" data-mediatype=1><img decoding=\"async\" class=\"html5galleryimg html5gallery-tn-image\" src=\"https:\/\/jornaldasoficinas.com\/pt\/wp-content\/uploads\/2025\/04\/OSRAMcomemora\/OSRAM_OTIR6000_INSITU_011.jpg\" alt=\"\"><\/a><div class=\"html5gallery-info\"><\/div><a class=\"html5galleryimglink\" href=\"https:\/\/jornaldasoficinas.com\/pt\/wp-content\/uploads\/2025\/04\/OSRAMcomemora\/OSRAM_PI_D1-Lampe_1991_01.jpg\" data-mediatype=1><img decoding=\"async\" class=\"html5galleryimg html5gallery-tn-image\" src=\"https:\/\/jornaldasoficinas.com\/pt\/wp-content\/uploads\/2025\/04\/OSRAMcomemora\/OSRAM_PI_D1-Lampe_1991_01.jpg\" alt=\"\"><\/a><div class=\"html5gallery-info\"><\/div><\/div><\/div><script>function wondergallery_238_appendcss(csscode) {var head=document.head || document.getElementsByTagName(\"head\")[0];var style=document.createElement(\"style\");head.appendChild(style);style.type=\"text\/css\";if (style.styleSheet){style.styleSheet.cssText=csscode;} else {style.appendChild(document.createTextNode(csscode));}};wondergallery_238_appendcss(\"#wonderplugingallery-238 .html5gallery-cat-selection-238 { \tbox-sizing: border-box; \ttext-align: center; }  #wonderplugingallery-238 .html5gallery-cat-selection-238 select { \tbox-sizing: border-box; \tmargin: 4px auto; }\");<\/script>\n","protected":false},"excerpt":{"rendered":"<p>A OSRAM, inventora da l\u00e2mpada de&#8230;<\/p>\n","protected":false},"author":15,"featured_media":100832,"comment_status":"closed","ping_status":"closed","sticky":false,"template":"","format":"standard","meta":{"footnotes":""},"categories":[29],"tags":[8590,12572,12574,5242,60,12573],"class_list":["post-100850","post","type-post","status-publish","format-standard","has-post-thumbnail","hentry","category-empresas","tag-iluminacao-automovel","tag-lampada-bilux","tag-man-in-the-van","tag-night-breaker-led","tag-osram","tag-osram-d1-xenon"],"yoast_head":"<!-- This site is optimized with the Yoast SEO plugin v27.4 - https:\/\/yoast.com\/product\/yoast-seo-wordpress\/ -->\n<title>OSRAM comemora 100 anos - Jornal das Oficinas<\/title>\n<meta name=\"description\" content=\"A OSRAM, inventora da l\u00e2mpada de farol de duplo filamento BILUX e n\u00famero 1 em ilumina\u00e7\u00e3o autom\u00f3vel, celebra 100 anos de excel\u00eancia autom\u00f3vel\" \/>\n<meta name=\"robots\" content=\"index, follow, max-snippet:-1, max-image-preview:large, max-video-preview:-1\" \/>\n<link rel=\"canonical\" href=\"https:\/\/jornaldasoficinas.com\/pt\/osram-comemora-100-anos\/\" \/>\n<meta property=\"og:locale\" content=\"pt_PT\" \/>\n<meta property=\"og:type\" content=\"article\" \/>\n<meta property=\"og:title\" content=\"OSRAM comemora 100 anos - Jornal das Oficinas\" \/>\n<meta property=\"og:description\" content=\"A OSRAM, inventora da l\u00e2mpada de farol de duplo filamento BILUX e n\u00famero 1 em ilumina\u00e7\u00e3o autom\u00f3vel, celebra 100 anos de excel\u00eancia autom\u00f3vel\" \/>\n<meta property=\"og:url\" content=\"https:\/\/jornaldasoficinas.com\/pt\/osram-comemora-100-anos\/\" \/>\n<meta property=\"og:site_name\" content=\"Jornal das Oficinas\" \/>\n<meta property=\"article:publisher\" content=\"https:\/\/www.facebook.com\/jornaloficinas\" \/>\n<meta property=\"article:published_time\" content=\"2025-04-24T11:30:05+00:00\" \/>\n<meta property=\"og:image\" content=\"https:\/\/jornaldasoficinas.com\/pt\/wp-content\/uploads\/2025\/04\/OSRAM-comemora.jpg\" \/>\n\t<meta property=\"og:image:width\" content=\"1024\" \/>\n\t<meta property=\"og:image:height\" content=\"581\" \/>\n\t<meta property=\"og:image:type\" content=\"image\/jpeg\" \/>\n<meta name=\"author\" content=\"Reda\u00e7\u00e3o JO\" \/>\n<meta name=\"twitter:card\" content=\"summary_large_image\" \/>\n<meta name=\"twitter:creator\" content=\"@jornaloficinas\" \/>\n<meta name=\"twitter:site\" content=\"@jornaloficinas\" \/>\n<meta name=\"twitter:label1\" content=\"Escrito por\" \/>\n\t<meta name=\"twitter:data1\" content=\"Reda\u00e7\u00e3o JO\" \/>\n\t<meta name=\"twitter:label2\" content=\"Tempo estimado de leitura\" \/>\n\t<meta name=\"twitter:data2\" content=\"8 minutos\" \/>\n<script type=\"application\/ld+json\" class=\"yoast-schema-graph\">{\"@context\":\"https:\\\/\\\/schema.org\",\"@graph\":[{\"@type\":\"Article\",\"@id\":\"https:\\\/\\\/jornaldasoficinas.com\\\/pt\\\/osram-comemora-100-anos\\\/#article\",\"isPartOf\":{\"@id\":\"https:\\\/\\\/jornaldasoficinas.com\\\/pt\\\/osram-comemora-100-anos\\\/\"},\"author\":{\"name\":\"Reda\u00e7\u00e3o JO\",\"@id\":\"https:\\\/\\\/jornaldasoficinas.com\\\/pt\\\/#\\\/schema\\\/person\\\/a38eef5de2c41d9e7c9ac10141afddf3\"},\"headline\":\"OSRAM comemora 100 anos\",\"datePublished\":\"2025-04-24T11:30:05+00:00\",\"mainEntityOfPage\":{\"@id\":\"https:\\\/\\\/jornaldasoficinas.com\\\/pt\\\/osram-comemora-100-anos\\\/\"},\"wordCount\":1425,\"publisher\":{\"@id\":\"https:\\\/\\\/jornaldasoficinas.com\\\/pt\\\/#organization\"},\"image\":{\"@id\":\"https:\\\/\\\/jornaldasoficinas.com\\\/pt\\\/osram-comemora-100-anos\\\/#primaryimage\"},\"thumbnailUrl\":\"https:\\\/\\\/jornaldasoficinas.com\\\/pt\\\/wp-content\\\/uploads\\\/2025\\\/04\\\/OSRAM-comemora.jpg\",\"keywords\":[\"ilumina\u00e7\u00e3o autom\u00f3vel\",\"L\u00e2mpada BILUX\",\"Man in the Van\",\"NIGHT BREAKER LED\",\"OSRAM\",\"OSRAM D1 Xenon\"],\"articleSection\":[\"Empresas\"],\"inLanguage\":\"pt-PT\"},{\"@type\":\"WebPage\",\"@id\":\"https:\\\/\\\/jornaldasoficinas.com\\\/pt\\\/osram-comemora-100-anos\\\/\",\"url\":\"https:\\\/\\\/jornaldasoficinas.com\\\/pt\\\/osram-comemora-100-anos\\\/\",\"name\":\"OSRAM comemora 100 anos - Jornal das Oficinas\",\"isPartOf\":{\"@id\":\"https:\\\/\\\/jornaldasoficinas.com\\\/pt\\\/#website\"},\"primaryImageOfPage\":{\"@id\":\"https:\\\/\\\/jornaldasoficinas.com\\\/pt\\\/osram-comemora-100-anos\\\/#primaryimage\"},\"image\":{\"@id\":\"https:\\\/\\\/jornaldasoficinas.com\\\/pt\\\/osram-comemora-100-anos\\\/#primaryimage\"},\"thumbnailUrl\":\"https:\\\/\\\/jornaldasoficinas.com\\\/pt\\\/wp-content\\\/uploads\\\/2025\\\/04\\\/OSRAM-comemora.jpg\",\"datePublished\":\"2025-04-24T11:30:05+00:00\",\"description\":\"A OSRAM, inventora da l\u00e2mpada de farol de duplo filamento BILUX e n\u00famero 1 em ilumina\u00e7\u00e3o autom\u00f3vel, celebra 100 anos de excel\u00eancia autom\u00f3vel\",\"breadcrumb\":{\"@id\":\"https:\\\/\\\/jornaldasoficinas.com\\\/pt\\\/osram-comemora-100-anos\\\/#breadcrumb\"},\"inLanguage\":\"pt-PT\",\"potentialAction\":[{\"@type\":\"ReadAction\",\"target\":[\"https:\\\/\\\/jornaldasoficinas.com\\\/pt\\\/osram-comemora-100-anos\\\/\"]}]},{\"@type\":\"ImageObject\",\"inLanguage\":\"pt-PT\",\"@id\":\"https:\\\/\\\/jornaldasoficinas.com\\\/pt\\\/osram-comemora-100-anos\\\/#primaryimage\",\"url\":\"https:\\\/\\\/jornaldasoficinas.com\\\/pt\\\/wp-content\\\/uploads\\\/2025\\\/04\\\/OSRAM-comemora.jpg\",\"contentUrl\":\"https:\\\/\\\/jornaldasoficinas.com\\\/pt\\\/wp-content\\\/uploads\\\/2025\\\/04\\\/OSRAM-comemora.jpg\",\"width\":1024,\"height\":581,\"caption\":\"04 - OSRAM comemora\"},{\"@type\":\"BreadcrumbList\",\"@id\":\"https:\\\/\\\/jornaldasoficinas.com\\\/pt\\\/osram-comemora-100-anos\\\/#breadcrumb\",\"itemListElement\":[{\"@type\":\"ListItem\",\"position\":1,\"name\":\"In\u00edcio\",\"item\":\"https:\\\/\\\/jornaldasoficinas.com\\\/pt\\\/\"},{\"@type\":\"ListItem\",\"position\":2,\"name\":\"OSRAM comemora 100 anos\"}]},{\"@type\":\"WebSite\",\"@id\":\"https:\\\/\\\/jornaldasoficinas.com\\\/pt\\\/#website\",\"url\":\"https:\\\/\\\/jornaldasoficinas.com\\\/pt\\\/\",\"name\":\"Jornal das Oficinas\",\"description\":\"Jornal independente do Aftermarket Autom\u00f3vel em Portugal\",\"publisher\":{\"@id\":\"https:\\\/\\\/jornaldasoficinas.com\\\/pt\\\/#organization\"},\"potentialAction\":[{\"@type\":\"SearchAction\",\"target\":{\"@type\":\"EntryPoint\",\"urlTemplate\":\"https:\\\/\\\/jornaldasoficinas.com\\\/pt\\\/?s={search_term_string}\"},\"query-input\":{\"@type\":\"PropertyValueSpecification\",\"valueRequired\":true,\"valueName\":\"search_term_string\"}}],\"inLanguage\":\"pt-PT\"},{\"@type\":\"Organization\",\"@id\":\"https:\\\/\\\/jornaldasoficinas.com\\\/pt\\\/#organization\",\"name\":\"Jornal das Oficinas\",\"url\":\"https:\\\/\\\/jornaldasoficinas.com\\\/pt\\\/\",\"logo\":{\"@type\":\"ImageObject\",\"inLanguage\":\"pt-PT\",\"@id\":\"https:\\\/\\\/jornaldasoficinas.com\\\/pt\\\/#\\\/schema\\\/logo\\\/image\\\/\",\"url\":\"https:\\\/\\\/jornaldasoficinas.com\\\/pt\\\/wp-content\\\/uploads\\\/logoJO-SEO.png\",\"contentUrl\":\"https:\\\/\\\/jornaldasoficinas.com\\\/pt\\\/wp-content\\\/uploads\\\/logoJO-SEO.png\",\"width\":285,\"height\":450,\"caption\":\"Jornal das Oficinas\"},\"image\":{\"@id\":\"https:\\\/\\\/jornaldasoficinas.com\\\/pt\\\/#\\\/schema\\\/logo\\\/image\\\/\"},\"sameAs\":[\"https:\\\/\\\/www.facebook.com\\\/jornaloficinas\",\"https:\\\/\\\/x.com\\\/jornaloficinas\",\"https:\\\/\\\/www.instagram.com\\\/jornal_oficinas\\\/\",\"https:\\\/\\\/www.linkedin.com\\\/company\\\/jornal-das-oficinas\\\/\",\"https:\\\/\\\/www.youtube.com\\\/channel\\\/UCbQZBqtcvV-oSQrr7RzINGg\"]},{\"@type\":\"Person\",\"@id\":\"https:\\\/\\\/jornaldasoficinas.com\\\/pt\\\/#\\\/schema\\\/person\\\/a38eef5de2c41d9e7c9ac10141afddf3\",\"name\":\"Reda\u00e7\u00e3o JO\",\"image\":{\"@type\":\"ImageObject\",\"inLanguage\":\"pt-PT\",\"@id\":\"https:\\\/\\\/secure.gravatar.com\\\/avatar\\\/71f2fa71737ad68a84fea94bc708ddac8ea5b0c4788dc2ad202f3ccb2887742f?s=96&d=wp_user_avatar&r=g\",\"url\":\"https:\\\/\\\/secure.gravatar.com\\\/avatar\\\/71f2fa71737ad68a84fea94bc708ddac8ea5b0c4788dc2ad202f3ccb2887742f?s=96&d=wp_user_avatar&r=g\",\"contentUrl\":\"https:\\\/\\\/secure.gravatar.com\\\/avatar\\\/71f2fa71737ad68a84fea94bc708ddac8ea5b0c4788dc2ad202f3ccb2887742f?s=96&d=wp_user_avatar&r=g\",\"caption\":\"Reda\u00e7\u00e3o JO\"},\"url\":\"https:\\\/\\\/jornaldasoficinas.com\\\/pt\\\/author\\\/joredacao\\\/\"}]}<\/script>\n<!-- \/ Yoast SEO plugin. -->","yoast_head_json":{"title":"OSRAM comemora 100 anos - Jornal das Oficinas","description":"A OSRAM, inventora da l\u00e2mpada de farol de duplo filamento BILUX e n\u00famero 1 em ilumina\u00e7\u00e3o autom\u00f3vel, celebra 100 anos de excel\u00eancia autom\u00f3vel","robots":{"index":"index","follow":"follow","max-snippet":"max-snippet:-1","max-image-preview":"max-image-preview:large","max-video-preview":"max-video-preview:-1"},"canonical":"https:\/\/jornaldasoficinas.com\/pt\/osram-comemora-100-anos\/","og_locale":"pt_PT","og_type":"article","og_title":"OSRAM comemora 100 anos - Jornal das Oficinas","og_description":"A OSRAM, inventora da l\u00e2mpada de farol de duplo filamento BILUX e n\u00famero 1 em ilumina\u00e7\u00e3o autom\u00f3vel, celebra 100 anos de excel\u00eancia autom\u00f3vel","og_url":"https:\/\/jornaldasoficinas.com\/pt\/osram-comemora-100-anos\/","og_site_name":"Jornal das Oficinas","article_publisher":"https:\/\/www.facebook.com\/jornaloficinas","article_published_time":"2025-04-24T11:30:05+00:00","og_image":[{"width":1024,"height":581,"url":"https:\/\/jornaldasoficinas.com\/pt\/wp-content\/uploads\/2025\/04\/OSRAM-comemora.jpg","type":"image\/jpeg"}],"author":"Reda\u00e7\u00e3o JO","twitter_card":"summary_large_image","twitter_creator":"@jornaloficinas","twitter_site":"@jornaloficinas","twitter_misc":{"Escrito por":"Reda\u00e7\u00e3o JO","Tempo estimado de leitura":"8 minutos"},"schema":{"@context":"https:\/\/schema.org","@graph":[{"@type":"Article","@id":"https:\/\/jornaldasoficinas.com\/pt\/osram-comemora-100-anos\/#article","isPartOf":{"@id":"https:\/\/jornaldasoficinas.com\/pt\/osram-comemora-100-anos\/"},"author":{"name":"Reda\u00e7\u00e3o JO","@id":"https:\/\/jornaldasoficinas.com\/pt\/#\/schema\/person\/a38eef5de2c41d9e7c9ac10141afddf3"},"headline":"OSRAM comemora 100 anos","datePublished":"2025-04-24T11:30:05+00:00","mainEntityOfPage":{"@id":"https:\/\/jornaldasoficinas.com\/pt\/osram-comemora-100-anos\/"},"wordCount":1425,"publisher":{"@id":"https:\/\/jornaldasoficinas.com\/pt\/#organization"},"image":{"@id":"https:\/\/jornaldasoficinas.com\/pt\/osram-comemora-100-anos\/#primaryimage"},"thumbnailUrl":"https:\/\/jornaldasoficinas.com\/pt\/wp-content\/uploads\/2025\/04\/OSRAM-comemora.jpg","keywords":["ilumina\u00e7\u00e3o autom\u00f3vel","L\u00e2mpada BILUX","Man in the Van","NIGHT BREAKER LED","OSRAM","OSRAM D1 Xenon"],"articleSection":["Empresas"],"inLanguage":"pt-PT"},{"@type":"WebPage","@id":"https:\/\/jornaldasoficinas.com\/pt\/osram-comemora-100-anos\/","url":"https:\/\/jornaldasoficinas.com\/pt\/osram-comemora-100-anos\/","name":"OSRAM comemora 100 anos - Jornal das Oficinas","isPartOf":{"@id":"https:\/\/jornaldasoficinas.com\/pt\/#website"},"primaryImageOfPage":{"@id":"https:\/\/jornaldasoficinas.com\/pt\/osram-comemora-100-anos\/#primaryimage"},"image":{"@id":"https:\/\/jornaldasoficinas.com\/pt\/osram-comemora-100-anos\/#primaryimage"},"thumbnailUrl":"https:\/\/jornaldasoficinas.com\/pt\/wp-content\/uploads\/2025\/04\/OSRAM-comemora.jpg","datePublished":"2025-04-24T11:30:05+00:00","description":"A OSRAM, inventora da l\u00e2mpada de farol de duplo filamento BILUX e n\u00famero 1 em ilumina\u00e7\u00e3o autom\u00f3vel, celebra 100 anos de excel\u00eancia autom\u00f3vel","breadcrumb":{"@id":"https:\/\/jornaldasoficinas.com\/pt\/osram-comemora-100-anos\/#breadcrumb"},"inLanguage":"pt-PT","potentialAction":[{"@type":"ReadAction","target":["https:\/\/jornaldasoficinas.com\/pt\/osram-comemora-100-anos\/"]}]},{"@type":"ImageObject","inLanguage":"pt-PT","@id":"https:\/\/jornaldasoficinas.com\/pt\/osram-comemora-100-anos\/#primaryimage","url":"https:\/\/jornaldasoficinas.com\/pt\/wp-content\/uploads\/2025\/04\/OSRAM-comemora.jpg","contentUrl":"https:\/\/jornaldasoficinas.com\/pt\/wp-content\/uploads\/2025\/04\/OSRAM-comemora.jpg","width":1024,"height":581,"caption":"04 - OSRAM comemora"},{"@type":"BreadcrumbList","@id":"https:\/\/jornaldasoficinas.com\/pt\/osram-comemora-100-anos\/#breadcrumb","itemListElement":[{"@type":"ListItem","position":1,"name":"In\u00edcio","item":"https:\/\/jornaldasoficinas.com\/pt\/"},{"@type":"ListItem","position":2,"name":"OSRAM comemora 100 anos"}]},{"@type":"WebSite","@id":"https:\/\/jornaldasoficinas.com\/pt\/#website","url":"https:\/\/jornaldasoficinas.com\/pt\/","name":"Jornal das Oficinas","description":"Jornal independente do Aftermarket Autom\u00f3vel em Portugal","publisher":{"@id":"https:\/\/jornaldasoficinas.com\/pt\/#organization"},"potentialAction":[{"@type":"SearchAction","target":{"@type":"EntryPoint","urlTemplate":"https:\/\/jornaldasoficinas.com\/pt\/?s={search_term_string}"},"query-input":{"@type":"PropertyValueSpecification","valueRequired":true,"valueName":"search_term_string"}}],"inLanguage":"pt-PT"},{"@type":"Organization","@id":"https:\/\/jornaldasoficinas.com\/pt\/#organization","name":"Jornal das Oficinas","url":"https:\/\/jornaldasoficinas.com\/pt\/","logo":{"@type":"ImageObject","inLanguage":"pt-PT","@id":"https:\/\/jornaldasoficinas.com\/pt\/#\/schema\/logo\/image\/","url":"https:\/\/jornaldasoficinas.com\/pt\/wp-content\/uploads\/logoJO-SEO.png","contentUrl":"https:\/\/jornaldasoficinas.com\/pt\/wp-content\/uploads\/logoJO-SEO.png","width":285,"height":450,"caption":"Jornal das Oficinas"},"image":{"@id":"https:\/\/jornaldasoficinas.com\/pt\/#\/schema\/logo\/image\/"},"sameAs":["https:\/\/www.facebook.com\/jornaloficinas","https:\/\/x.com\/jornaloficinas","https:\/\/www.instagram.com\/jornal_oficinas\/","https:\/\/www.linkedin.com\/company\/jornal-das-oficinas\/","https:\/\/www.youtube.com\/channel\/UCbQZBqtcvV-oSQrr7RzINGg"]},{"@type":"Person","@id":"https:\/\/jornaldasoficinas.com\/pt\/#\/schema\/person\/a38eef5de2c41d9e7c9ac10141afddf3","name":"Reda\u00e7\u00e3o JO","image":{"@type":"ImageObject","inLanguage":"pt-PT","@id":"https:\/\/secure.gravatar.com\/avatar\/71f2fa71737ad68a84fea94bc708ddac8ea5b0c4788dc2ad202f3ccb2887742f?s=96&d=wp_user_avatar&r=g","url":"https:\/\/secure.gravatar.com\/avatar\/71f2fa71737ad68a84fea94bc708ddac8ea5b0c4788dc2ad202f3ccb2887742f?s=96&d=wp_user_avatar&r=g","contentUrl":"https:\/\/secure.gravatar.com\/avatar\/71f2fa71737ad68a84fea94bc708ddac8ea5b0c4788dc2ad202f3ccb2887742f?s=96&d=wp_user_avatar&r=g","caption":"Reda\u00e7\u00e3o JO"},"url":"https:\/\/jornaldasoficinas.com\/pt\/author\/joredacao\/"}]}},"_links":{"self":[{"href":"https:\/\/jornaldasoficinas.com\/pt\/wp-json\/wp\/v2\/posts\/100850","targetHints":{"allow":["GET"]}}],"collection":[{"href":"https:\/\/jornaldasoficinas.com\/pt\/wp-json\/wp\/v2\/posts"}],"about":[{"href":"https:\/\/jornaldasoficinas.com\/pt\/wp-json\/wp\/v2\/types\/post"}],"author":[{"embeddable":true,"href":"https:\/\/jornaldasoficinas.com\/pt\/wp-json\/wp\/v2\/users\/15"}],"replies":[{"embeddable":true,"href":"https:\/\/jornaldasoficinas.com\/pt\/wp-json\/wp\/v2\/comments?post=100850"}],"version-history":[{"count":5,"href":"https:\/\/jornaldasoficinas.com\/pt\/wp-json\/wp\/v2\/posts\/100850\/revisions"}],"predecessor-version":[{"id":100873,"href":"https:\/\/jornaldasoficinas.com\/pt\/wp-json\/wp\/v2\/posts\/100850\/revisions\/100873"}],"wp:featuredmedia":[{"embeddable":true,"href":"https:\/\/jornaldasoficinas.com\/pt\/wp-json\/wp\/v2\/media\/100832"}],"wp:attachment":[{"href":"https:\/\/jornaldasoficinas.com\/pt\/wp-json\/wp\/v2\/media?parent=100850"}],"wp:term":[{"taxonomy":"category","embeddable":true,"href":"https:\/\/jornaldasoficinas.com\/pt\/wp-json\/wp\/v2\/categories?post=100850"},{"taxonomy":"post_tag","embeddable":true,"href":"https:\/\/jornaldasoficinas.com\/pt\/wp-json\/wp\/v2\/tags?post=100850"}],"curies":[{"name":"wp","href":"https:\/\/api.w.org\/{rel}","templated":true}]}}