{"id":100855,"date":"2025-04-24T18:00:38","date_gmt":"2025-04-24T17:00:38","guid":{"rendered":"https:\/\/jornaldasoficinas.com\/pt\/?p=100855"},"modified":"2025-04-22T21:48:42","modified_gmt":"2025-04-22T20:48:42","slug":"tecalliance-anuncia-aquisicao-da-autotecnic","status":"publish","type":"post","link":"https:\/\/jornaldasoficinas.com\/pt\/tecalliance-anuncia-aquisicao-da-autotecnic\/","title":{"rendered":"TecAlliance anuncia aquisi\u00e7\u00e3o da Autotecnic\u00a0"},"content":{"rendered":"<p><img loading=\"lazy\" decoding=\"async\" class=\"alignnone size-full wp-image-100830\" src=\"https:\/\/jornaldasoficinas.com\/pt\/wp-content\/uploads\/2025\/04\/TecAlliance-anuncia-.jpg\" alt=\"04 - TecAlliance anuncia \" width=\"1024\" height=\"581\" srcset=\"https:\/\/jornaldasoficinas.com\/pt\/wp-content\/uploads\/2025\/04\/TecAlliance-anuncia-.jpg 1024w, https:\/\/jornaldasoficinas.com\/pt\/wp-content\/uploads\/2025\/04\/TecAlliance-anuncia--300x170.jpg 300w, https:\/\/jornaldasoficinas.com\/pt\/wp-content\/uploads\/2025\/04\/TecAlliance-anuncia--150x85.jpg 150w, https:\/\/jornaldasoficinas.com\/pt\/wp-content\/uploads\/2025\/04\/TecAlliance-anuncia--768x436.jpg 768w\" sizes=\"auto, (max-width: 1024px) 100vw, 1024px\" \/><\/p>\n<p><strong>A <a href=\"https:\/\/www.tecalliance.net\/\" target=\"_blank\" rel=\"noopener\">TecAlliance<\/a>, especialista em gest\u00e3o de dados e processos no mercado independente do p\u00f3s-venda autom\u00f3vel, anunciou a aquisi\u00e7\u00e3o, com efeitos a partir do dia um de janeiro de 2025, da espanhola <a href=\"https:\/\/www.autotecnic2000.com\/\" target=\"_blank\" rel=\"noopener\">Tecnomania\u00a0BCN XXI SL<\/a><\/strong><\/p>\n<p>Conhecida comercialmente como Autotecnic, esta \u00e9 uma empresa de vanguarda em solu\u00e7\u00f5es de diagn\u00f3stico high-tech\u00a0para o sector de diagn\u00f3stico e repara\u00e7\u00e3o autom\u00f3vel, e foi fundada em 1991, com sede em Barcelona.<\/p>\n<p>A Autotecnic \u00e9 reconhecida pela forma\u00e7\u00e3o t\u00e9cnica especializada, servi\u00e7os de consultoria profissional e extensa base de dados de solu\u00e7\u00f5es de repara\u00e7\u00e3o aprimoradas atrav\u00e9s do recurso \u00e0 IA. As suas plataformas inovadoras otimizam a efici\u00eancia das repara\u00e7\u00f5es atrav\u00e9s de insights pr\u00e1ticos que reduzem os tempos de repara\u00e7\u00e3o e aumentam a produtividade. As ferramentas da empresa fornecem dados \u00fanicos sobre padr\u00f5es de avarias, n\u00edveis de recorr\u00eancia e estrat\u00e9gias de repara\u00e7\u00e3o, ajudando as oficinas na obten\u00e7\u00e3o de fluxos de trabalho mais eficientes.<\/p>\n<p><strong>Um passo estrat\u00e9gico em frente<br \/>\n<\/strong>Esta aquisi\u00e7\u00e3o enquadra-se na estrat\u00e9gia da TecAlliance de melhorar e globalizar a sua solu\u00e7\u00e3o TecRMI, que disponibiliza informa\u00e7\u00e3o relativa a repara\u00e7\u00e3o e manuten\u00e7\u00e3o standard, em conformidade com o equipamento original. Ao integrar as ferramentas e as bases de dados da Autotecnic, a TecAlliance pretende expandir a sua presen\u00e7a global e oferecer um apoio sem paralelo a oficinas, comerciantes de pe\u00e7as e fornecedores do mercado do p\u00f3s-venda autom\u00f3vel.<\/p>\n<p>&#8220;A experi\u00eancia e as solu\u00e7\u00f5es da Autotecnic encaixam de modo perfeito no nosso portef\u00f3lio TecRMI&#8221;, afirmou Peter van der Gali\u00ebn, CEO da TecAlliance. &#8220;A sua an\u00e1lise SARA baseada em IA, e a extensa base de dados de casos de repara\u00e7\u00e3o validados ir\u00e3o permitir-nos fornecer \u00e0s oficinas de todo o mundo um apoio inovador e de f\u00e1cil utiliza\u00e7\u00e3o, apoiando-as em termos de efici\u00eancia e rentabilidade.&#8221;<\/p>\n<p>As orienta\u00e7\u00f5es da Autotecnic ajudam na redu\u00e7\u00e3o de tempos n\u00e3o fatur\u00e1veis, melhoram a precis\u00e3o das encomendas de pe\u00e7as e apoiam as oficinas atrav\u00e9s de instru\u00e7\u00f5es de repara\u00e7\u00e3o. Para al\u00e9m disso, as ferramentas da empresa acrescentam valor aos comerciantes e fornecedores de pe\u00e7as, aumentando as vendas gra\u00e7as a uma maior efici\u00eancia nas repara\u00e7\u00f5es.<\/p>\n<p><strong>Parcerias para o crescimento global<br \/>\n<\/strong>Francisco Creus e C\u00e9sar Gonz\u00e1lez, fundadores e propriet\u00e1rios da Autotecnic, manifestaram o seu entusiasmo pela aquisi\u00e7\u00e3o: &#8220;Ao procurar um investidor, demos prioridade a um parceiro com um profundo conhecimento do sector, capaz de ajudar a globalizar as nossas solu\u00e7\u00f5es. A vasta experi\u00eancia e dimens\u00e3o da TecAlliance fazem dela o parceiro ideal para conduzir a Autotecnic a um novo patamar. A sua presen\u00e7a mundial vai permitir-nos-\u00e1 expandir o nosso apoio \u00e0 globalidade e diversidade dos nossos clientes e melhorar a implementa\u00e7\u00e3o da nossa inovadora ferramenta SARA IA&#8221;.<\/p>\n<p><strong>\u00a0<\/strong><strong>Juntos para o futuro<br \/>\n<\/strong>Esta aquisi\u00e7\u00e3o refor\u00e7a o compromisso da TecAlliance no fornecimento de solu\u00e7\u00f5es abrangentes e baseadas em dados que capacitam o mercado p\u00f3s-venda autom\u00f3vel. Ao incorporar as ofertas state-of-the-art da Autotecnic, a TecAlliance continua a liderar a ind\u00fastria no apoio a oficinas, comerciantes de pe\u00e7as e fabricantes para enfrentar os desafios crescentes da repara\u00e7\u00e3o e manuten\u00e7\u00e3o de ve\u00edculos nesta era de complexidade crescente.<\/p>\n<p>&nbsp;<\/p>\n<p><img loading=\"lazy\" decoding=\"async\" class=\"alignnone size-full wp-image-100863\" src=\"https:\/\/jornaldasoficinas.com\/pt\/wp-content\/uploads\/2025\/04\/2025-01-07-Contract-signing_cake.jpg\" alt=\"04 - 2025 01 07 Contract signing_cake\" width=\"1024\" height=\"581\" srcset=\"https:\/\/jornaldasoficinas.com\/pt\/wp-content\/uploads\/2025\/04\/2025-01-07-Contract-signing_cake.jpg 1024w, https:\/\/jornaldasoficinas.com\/pt\/wp-content\/uploads\/2025\/04\/2025-01-07-Contract-signing_cake-300x170.jpg 300w, https:\/\/jornaldasoficinas.com\/pt\/wp-content\/uploads\/2025\/04\/2025-01-07-Contract-signing_cake-150x85.jpg 150w, https:\/\/jornaldasoficinas.com\/pt\/wp-content\/uploads\/2025\/04\/2025-01-07-Contract-signing_cake-768x436.jpg 768w\" sizes=\"auto, (max-width: 1024px) 100vw, 1024px\" \/><\/p>\n","protected":false},"excerpt":{"rendered":"<p>A TecAlliance, especialista em gest\u00e3o de&#8230;<\/p>\n","protected":false},"author":15,"featured_media":100830,"comment_status":"closed","ping_status":"closed","sticky":false,"template":"","format":"standard","meta":{"footnotes":""},"categories":[29],"tags":[12576,10714,7762,10290,1569,12575],"class_list":["post-100855","post","type-post","status-publish","format-standard","has-post-thumbnail","hentry","category-empresas","tag-autotecnic","tag-crescimento-global","tag-gestao-de-dados","tag-nova-aquisicao","tag-tecalliance","tag-tecnomania-bcn-xxi-sl"],"yoast_head":"<!-- This site is optimized with the Yoast SEO plugin v27.4 - https:\/\/yoast.com\/product\/yoast-seo-wordpress\/ -->\n<title>TecAlliance anuncia aquisi\u00e7\u00e3o da Autotecnic\u00a0 - Jornal das Oficinas<\/title>\n<meta name=\"description\" content=\"A TecAlliance anunciou a aquisi\u00e7\u00e3o, com efeitos a partir do dia um de janeiro de 2025, da espanhola Tecnomania\u00a0BCN XXI SL\" \/>\n<meta name=\"robots\" content=\"index, follow, max-snippet:-1, max-image-preview:large, max-video-preview:-1\" \/>\n<link rel=\"canonical\" href=\"https:\/\/jornaldasoficinas.com\/pt\/tecalliance-anuncia-aquisicao-da-autotecnic\/\" \/>\n<meta property=\"og:locale\" content=\"pt_PT\" \/>\n<meta property=\"og:type\" content=\"article\" \/>\n<meta property=\"og:title\" content=\"TecAlliance anuncia aquisi\u00e7\u00e3o da Autotecnic\u00a0 - Jornal das Oficinas\" \/>\n<meta property=\"og:description\" content=\"A TecAlliance anunciou a aquisi\u00e7\u00e3o, com efeitos a partir do dia um de janeiro de 2025, da espanhola Tecnomania\u00a0BCN XXI SL\" \/>\n<meta property=\"og:url\" content=\"https:\/\/jornaldasoficinas.com\/pt\/tecalliance-anuncia-aquisicao-da-autotecnic\/\" \/>\n<meta property=\"og:site_name\" content=\"Jornal das Oficinas\" \/>\n<meta property=\"article:publisher\" content=\"https:\/\/www.facebook.com\/jornaloficinas\" \/>\n<meta property=\"article:published_time\" content=\"2025-04-24T17:00:38+00:00\" \/>\n<meta property=\"og:image\" content=\"https:\/\/jornaldasoficinas.com\/pt\/wp-content\/uploads\/2025\/04\/TecAlliance-anuncia-.jpg\" \/>\n\t<meta property=\"og:image:width\" content=\"1024\" \/>\n\t<meta property=\"og:image:height\" content=\"581\" \/>\n\t<meta property=\"og:image:type\" content=\"image\/jpeg\" \/>\n<meta name=\"author\" content=\"Reda\u00e7\u00e3o JO\" \/>\n<meta name=\"twitter:card\" content=\"summary_large_image\" \/>\n<meta name=\"twitter:creator\" content=\"@jornaloficinas\" \/>\n<meta name=\"twitter:site\" content=\"@jornaloficinas\" \/>\n<meta name=\"twitter:label1\" content=\"Escrito por\" \/>\n\t<meta name=\"twitter:data1\" content=\"Reda\u00e7\u00e3o JO\" \/>\n\t<meta name=\"twitter:label2\" content=\"Tempo estimado de leitura\" \/>\n\t<meta name=\"twitter:data2\" content=\"4 minutos\" \/>\n<script type=\"application\/ld+json\" class=\"yoast-schema-graph\">{\"@context\":\"https:\\\/\\\/schema.org\",\"@graph\":[{\"@type\":\"Article\",\"@id\":\"https:\\\/\\\/jornaldasoficinas.com\\\/pt\\\/tecalliance-anuncia-aquisicao-da-autotecnic\\\/#article\",\"isPartOf\":{\"@id\":\"https:\\\/\\\/jornaldasoficinas.com\\\/pt\\\/tecalliance-anuncia-aquisicao-da-autotecnic\\\/\"},\"author\":{\"name\":\"Reda\u00e7\u00e3o JO\",\"@id\":\"https:\\\/\\\/jornaldasoficinas.com\\\/pt\\\/#\\\/schema\\\/person\\\/a38eef5de2c41d9e7c9ac10141afddf3\"},\"headline\":\"TecAlliance anuncia aquisi\u00e7\u00e3o da Autotecnic\u00a0\",\"datePublished\":\"2025-04-24T17:00:38+00:00\",\"mainEntityOfPage\":{\"@id\":\"https:\\\/\\\/jornaldasoficinas.com\\\/pt\\\/tecalliance-anuncia-aquisicao-da-autotecnic\\\/\"},\"wordCount\":571,\"publisher\":{\"@id\":\"https:\\\/\\\/jornaldasoficinas.com\\\/pt\\\/#organization\"},\"image\":{\"@id\":\"https:\\\/\\\/jornaldasoficinas.com\\\/pt\\\/tecalliance-anuncia-aquisicao-da-autotecnic\\\/#primaryimage\"},\"thumbnailUrl\":\"https:\\\/\\\/jornaldasoficinas.com\\\/pt\\\/wp-content\\\/uploads\\\/2025\\\/04\\\/TecAlliance-anuncia-.jpg\",\"keywords\":[\"Autotecnic\",\"crescimento global\",\"gest\u00e3o de dados\",\"nova aquisi\u00e7\u00e3o\",\"TecAlliance\",\"Tecnomania\u00a0BCN XXI SL\"],\"articleSection\":[\"Empresas\"],\"inLanguage\":\"pt-PT\"},{\"@type\":\"WebPage\",\"@id\":\"https:\\\/\\\/jornaldasoficinas.com\\\/pt\\\/tecalliance-anuncia-aquisicao-da-autotecnic\\\/\",\"url\":\"https:\\\/\\\/jornaldasoficinas.com\\\/pt\\\/tecalliance-anuncia-aquisicao-da-autotecnic\\\/\",\"name\":\"TecAlliance anuncia aquisi\u00e7\u00e3o da Autotecnic\u00a0 - Jornal das Oficinas\",\"isPartOf\":{\"@id\":\"https:\\\/\\\/jornaldasoficinas.com\\\/pt\\\/#website\"},\"primaryImageOfPage\":{\"@id\":\"https:\\\/\\\/jornaldasoficinas.com\\\/pt\\\/tecalliance-anuncia-aquisicao-da-autotecnic\\\/#primaryimage\"},\"image\":{\"@id\":\"https:\\\/\\\/jornaldasoficinas.com\\\/pt\\\/tecalliance-anuncia-aquisicao-da-autotecnic\\\/#primaryimage\"},\"thumbnailUrl\":\"https:\\\/\\\/jornaldasoficinas.com\\\/pt\\\/wp-content\\\/uploads\\\/2025\\\/04\\\/TecAlliance-anuncia-.jpg\",\"datePublished\":\"2025-04-24T17:00:38+00:00\",\"description\":\"A TecAlliance anunciou a aquisi\u00e7\u00e3o, com efeitos a partir do dia um de janeiro de 2025, da espanhola Tecnomania\u00a0BCN XXI SL\",\"breadcrumb\":{\"@id\":\"https:\\\/\\\/jornaldasoficinas.com\\\/pt\\\/tecalliance-anuncia-aquisicao-da-autotecnic\\\/#breadcrumb\"},\"inLanguage\":\"pt-PT\",\"potentialAction\":[{\"@type\":\"ReadAction\",\"target\":[\"https:\\\/\\\/jornaldasoficinas.com\\\/pt\\\/tecalliance-anuncia-aquisicao-da-autotecnic\\\/\"]}]},{\"@type\":\"ImageObject\",\"inLanguage\":\"pt-PT\",\"@id\":\"https:\\\/\\\/jornaldasoficinas.com\\\/pt\\\/tecalliance-anuncia-aquisicao-da-autotecnic\\\/#primaryimage\",\"url\":\"https:\\\/\\\/jornaldasoficinas.com\\\/pt\\\/wp-content\\\/uploads\\\/2025\\\/04\\\/TecAlliance-anuncia-.jpg\",\"contentUrl\":\"https:\\\/\\\/jornaldasoficinas.com\\\/pt\\\/wp-content\\\/uploads\\\/2025\\\/04\\\/TecAlliance-anuncia-.jpg\",\"width\":1024,\"height\":581,\"caption\":\"04 - TecAlliance anuncia\"},{\"@type\":\"BreadcrumbList\",\"@id\":\"https:\\\/\\\/jornaldasoficinas.com\\\/pt\\\/tecalliance-anuncia-aquisicao-da-autotecnic\\\/#breadcrumb\",\"itemListElement\":[{\"@type\":\"ListItem\",\"position\":1,\"name\":\"In\u00edcio\",\"item\":\"https:\\\/\\\/jornaldasoficinas.com\\\/pt\\\/\"},{\"@type\":\"ListItem\",\"position\":2,\"name\":\"TecAlliance anuncia aquisi\u00e7\u00e3o da Autotecnic\u00a0\"}]},{\"@type\":\"WebSite\",\"@id\":\"https:\\\/\\\/jornaldasoficinas.com\\\/pt\\\/#website\",\"url\":\"https:\\\/\\\/jornaldasoficinas.com\\\/pt\\\/\",\"name\":\"Jornal das Oficinas\",\"description\":\"Jornal independente do Aftermarket Autom\u00f3vel em Portugal\",\"publisher\":{\"@id\":\"https:\\\/\\\/jornaldasoficinas.com\\\/pt\\\/#organization\"},\"potentialAction\":[{\"@type\":\"SearchAction\",\"target\":{\"@type\":\"EntryPoint\",\"urlTemplate\":\"https:\\\/\\\/jornaldasoficinas.com\\\/pt\\\/?s={search_term_string}\"},\"query-input\":{\"@type\":\"PropertyValueSpecification\",\"valueRequired\":true,\"valueName\":\"search_term_string\"}}],\"inLanguage\":\"pt-PT\"},{\"@type\":\"Organization\",\"@id\":\"https:\\\/\\\/jornaldasoficinas.com\\\/pt\\\/#organization\",\"name\":\"Jornal das Oficinas\",\"url\":\"https:\\\/\\\/jornaldasoficinas.com\\\/pt\\\/\",\"logo\":{\"@type\":\"ImageObject\",\"inLanguage\":\"pt-PT\",\"@id\":\"https:\\\/\\\/jornaldasoficinas.com\\\/pt\\\/#\\\/schema\\\/logo\\\/image\\\/\",\"url\":\"https:\\\/\\\/jornaldasoficinas.com\\\/pt\\\/wp-content\\\/uploads\\\/logoJO-SEO.png\",\"contentUrl\":\"https:\\\/\\\/jornaldasoficinas.com\\\/pt\\\/wp-content\\\/uploads\\\/logoJO-SEO.png\",\"width\":285,\"height\":450,\"caption\":\"Jornal das Oficinas\"},\"image\":{\"@id\":\"https:\\\/\\\/jornaldasoficinas.com\\\/pt\\\/#\\\/schema\\\/logo\\\/image\\\/\"},\"sameAs\":[\"https:\\\/\\\/www.facebook.com\\\/jornaloficinas\",\"https:\\\/\\\/x.com\\\/jornaloficinas\",\"https:\\\/\\\/www.instagram.com\\\/jornal_oficinas\\\/\",\"https:\\\/\\\/www.linkedin.com\\\/company\\\/jornal-das-oficinas\\\/\",\"https:\\\/\\\/www.youtube.com\\\/channel\\\/UCbQZBqtcvV-oSQrr7RzINGg\"]},{\"@type\":\"Person\",\"@id\":\"https:\\\/\\\/jornaldasoficinas.com\\\/pt\\\/#\\\/schema\\\/person\\\/a38eef5de2c41d9e7c9ac10141afddf3\",\"name\":\"Reda\u00e7\u00e3o JO\",\"image\":{\"@type\":\"ImageObject\",\"inLanguage\":\"pt-PT\",\"@id\":\"https:\\\/\\\/secure.gravatar.com\\\/avatar\\\/71f2fa71737ad68a84fea94bc708ddac8ea5b0c4788dc2ad202f3ccb2887742f?s=96&d=wp_user_avatar&r=g\",\"url\":\"https:\\\/\\\/secure.gravatar.com\\\/avatar\\\/71f2fa71737ad68a84fea94bc708ddac8ea5b0c4788dc2ad202f3ccb2887742f?s=96&d=wp_user_avatar&r=g\",\"contentUrl\":\"https:\\\/\\\/secure.gravatar.com\\\/avatar\\\/71f2fa71737ad68a84fea94bc708ddac8ea5b0c4788dc2ad202f3ccb2887742f?s=96&d=wp_user_avatar&r=g\",\"caption\":\"Reda\u00e7\u00e3o JO\"},\"url\":\"https:\\\/\\\/jornaldasoficinas.com\\\/pt\\\/author\\\/joredacao\\\/\"}]}<\/script>\n<!-- \/ Yoast SEO plugin. -->","yoast_head_json":{"title":"TecAlliance anuncia aquisi\u00e7\u00e3o da Autotecnic\u00a0 - Jornal das Oficinas","description":"A TecAlliance anunciou a aquisi\u00e7\u00e3o, com efeitos a partir do dia um de janeiro de 2025, da espanhola Tecnomania\u00a0BCN XXI SL","robots":{"index":"index","follow":"follow","max-snippet":"max-snippet:-1","max-image-preview":"max-image-preview:large","max-video-preview":"max-video-preview:-1"},"canonical":"https:\/\/jornaldasoficinas.com\/pt\/tecalliance-anuncia-aquisicao-da-autotecnic\/","og_locale":"pt_PT","og_type":"article","og_title":"TecAlliance anuncia aquisi\u00e7\u00e3o da Autotecnic\u00a0 - Jornal das Oficinas","og_description":"A TecAlliance anunciou a aquisi\u00e7\u00e3o, com efeitos a partir do dia um de janeiro de 2025, da espanhola Tecnomania\u00a0BCN XXI SL","og_url":"https:\/\/jornaldasoficinas.com\/pt\/tecalliance-anuncia-aquisicao-da-autotecnic\/","og_site_name":"Jornal das Oficinas","article_publisher":"https:\/\/www.facebook.com\/jornaloficinas","article_published_time":"2025-04-24T17:00:38+00:00","og_image":[{"width":1024,"height":581,"url":"https:\/\/jornaldasoficinas.com\/pt\/wp-content\/uploads\/2025\/04\/TecAlliance-anuncia-.jpg","type":"image\/jpeg"}],"author":"Reda\u00e7\u00e3o JO","twitter_card":"summary_large_image","twitter_creator":"@jornaloficinas","twitter_site":"@jornaloficinas","twitter_misc":{"Escrito por":"Reda\u00e7\u00e3o JO","Tempo estimado de leitura":"4 minutos"},"schema":{"@context":"https:\/\/schema.org","@graph":[{"@type":"Article","@id":"https:\/\/jornaldasoficinas.com\/pt\/tecalliance-anuncia-aquisicao-da-autotecnic\/#article","isPartOf":{"@id":"https:\/\/jornaldasoficinas.com\/pt\/tecalliance-anuncia-aquisicao-da-autotecnic\/"},"author":{"name":"Reda\u00e7\u00e3o JO","@id":"https:\/\/jornaldasoficinas.com\/pt\/#\/schema\/person\/a38eef5de2c41d9e7c9ac10141afddf3"},"headline":"TecAlliance anuncia aquisi\u00e7\u00e3o da Autotecnic\u00a0","datePublished":"2025-04-24T17:00:38+00:00","mainEntityOfPage":{"@id":"https:\/\/jornaldasoficinas.com\/pt\/tecalliance-anuncia-aquisicao-da-autotecnic\/"},"wordCount":571,"publisher":{"@id":"https:\/\/jornaldasoficinas.com\/pt\/#organization"},"image":{"@id":"https:\/\/jornaldasoficinas.com\/pt\/tecalliance-anuncia-aquisicao-da-autotecnic\/#primaryimage"},"thumbnailUrl":"https:\/\/jornaldasoficinas.com\/pt\/wp-content\/uploads\/2025\/04\/TecAlliance-anuncia-.jpg","keywords":["Autotecnic","crescimento global","gest\u00e3o de dados","nova aquisi\u00e7\u00e3o","TecAlliance","Tecnomania\u00a0BCN XXI SL"],"articleSection":["Empresas"],"inLanguage":"pt-PT"},{"@type":"WebPage","@id":"https:\/\/jornaldasoficinas.com\/pt\/tecalliance-anuncia-aquisicao-da-autotecnic\/","url":"https:\/\/jornaldasoficinas.com\/pt\/tecalliance-anuncia-aquisicao-da-autotecnic\/","name":"TecAlliance anuncia aquisi\u00e7\u00e3o da Autotecnic\u00a0 - Jornal das Oficinas","isPartOf":{"@id":"https:\/\/jornaldasoficinas.com\/pt\/#website"},"primaryImageOfPage":{"@id":"https:\/\/jornaldasoficinas.com\/pt\/tecalliance-anuncia-aquisicao-da-autotecnic\/#primaryimage"},"image":{"@id":"https:\/\/jornaldasoficinas.com\/pt\/tecalliance-anuncia-aquisicao-da-autotecnic\/#primaryimage"},"thumbnailUrl":"https:\/\/jornaldasoficinas.com\/pt\/wp-content\/uploads\/2025\/04\/TecAlliance-anuncia-.jpg","datePublished":"2025-04-24T17:00:38+00:00","description":"A TecAlliance anunciou a aquisi\u00e7\u00e3o, com efeitos a partir do dia um de janeiro de 2025, da espanhola Tecnomania\u00a0BCN XXI SL","breadcrumb":{"@id":"https:\/\/jornaldasoficinas.com\/pt\/tecalliance-anuncia-aquisicao-da-autotecnic\/#breadcrumb"},"inLanguage":"pt-PT","potentialAction":[{"@type":"ReadAction","target":["https:\/\/jornaldasoficinas.com\/pt\/tecalliance-anuncia-aquisicao-da-autotecnic\/"]}]},{"@type":"ImageObject","inLanguage":"pt-PT","@id":"https:\/\/jornaldasoficinas.com\/pt\/tecalliance-anuncia-aquisicao-da-autotecnic\/#primaryimage","url":"https:\/\/jornaldasoficinas.com\/pt\/wp-content\/uploads\/2025\/04\/TecAlliance-anuncia-.jpg","contentUrl":"https:\/\/jornaldasoficinas.com\/pt\/wp-content\/uploads\/2025\/04\/TecAlliance-anuncia-.jpg","width":1024,"height":581,"caption":"04 - TecAlliance anuncia"},{"@type":"BreadcrumbList","@id":"https:\/\/jornaldasoficinas.com\/pt\/tecalliance-anuncia-aquisicao-da-autotecnic\/#breadcrumb","itemListElement":[{"@type":"ListItem","position":1,"name":"In\u00edcio","item":"https:\/\/jornaldasoficinas.com\/pt\/"},{"@type":"ListItem","position":2,"name":"TecAlliance anuncia aquisi\u00e7\u00e3o da Autotecnic\u00a0"}]},{"@type":"WebSite","@id":"https:\/\/jornaldasoficinas.com\/pt\/#website","url":"https:\/\/jornaldasoficinas.com\/pt\/","name":"Jornal das Oficinas","description":"Jornal independente do Aftermarket Autom\u00f3vel em Portugal","publisher":{"@id":"https:\/\/jornaldasoficinas.com\/pt\/#organization"},"potentialAction":[{"@type":"SearchAction","target":{"@type":"EntryPoint","urlTemplate":"https:\/\/jornaldasoficinas.com\/pt\/?s={search_term_string}"},"query-input":{"@type":"PropertyValueSpecification","valueRequired":true,"valueName":"search_term_string"}}],"inLanguage":"pt-PT"},{"@type":"Organization","@id":"https:\/\/jornaldasoficinas.com\/pt\/#organization","name":"Jornal das Oficinas","url":"https:\/\/jornaldasoficinas.com\/pt\/","logo":{"@type":"ImageObject","inLanguage":"pt-PT","@id":"https:\/\/jornaldasoficinas.com\/pt\/#\/schema\/logo\/image\/","url":"https:\/\/jornaldasoficinas.com\/pt\/wp-content\/uploads\/logoJO-SEO.png","contentUrl":"https:\/\/jornaldasoficinas.com\/pt\/wp-content\/uploads\/logoJO-SEO.png","width":285,"height":450,"caption":"Jornal das Oficinas"},"image":{"@id":"https:\/\/jornaldasoficinas.com\/pt\/#\/schema\/logo\/image\/"},"sameAs":["https:\/\/www.facebook.com\/jornaloficinas","https:\/\/x.com\/jornaloficinas","https:\/\/www.instagram.com\/jornal_oficinas\/","https:\/\/www.linkedin.com\/company\/jornal-das-oficinas\/","https:\/\/www.youtube.com\/channel\/UCbQZBqtcvV-oSQrr7RzINGg"]},{"@type":"Person","@id":"https:\/\/jornaldasoficinas.com\/pt\/#\/schema\/person\/a38eef5de2c41d9e7c9ac10141afddf3","name":"Reda\u00e7\u00e3o JO","image":{"@type":"ImageObject","inLanguage":"pt-PT","@id":"https:\/\/secure.gravatar.com\/avatar\/71f2fa71737ad68a84fea94bc708ddac8ea5b0c4788dc2ad202f3ccb2887742f?s=96&d=wp_user_avatar&r=g","url":"https:\/\/secure.gravatar.com\/avatar\/71f2fa71737ad68a84fea94bc708ddac8ea5b0c4788dc2ad202f3ccb2887742f?s=96&d=wp_user_avatar&r=g","contentUrl":"https:\/\/secure.gravatar.com\/avatar\/71f2fa71737ad68a84fea94bc708ddac8ea5b0c4788dc2ad202f3ccb2887742f?s=96&d=wp_user_avatar&r=g","caption":"Reda\u00e7\u00e3o JO"},"url":"https:\/\/jornaldasoficinas.com\/pt\/author\/joredacao\/"}]}},"_links":{"self":[{"href":"https:\/\/jornaldasoficinas.com\/pt\/wp-json\/wp\/v2\/posts\/100855","targetHints":{"allow":["GET"]}}],"collection":[{"href":"https:\/\/jornaldasoficinas.com\/pt\/wp-json\/wp\/v2\/posts"}],"about":[{"href":"https:\/\/jornaldasoficinas.com\/pt\/wp-json\/wp\/v2\/types\/post"}],"author":[{"embeddable":true,"href":"https:\/\/jornaldasoficinas.com\/pt\/wp-json\/wp\/v2\/users\/15"}],"replies":[{"embeddable":true,"href":"https:\/\/jornaldasoficinas.com\/pt\/wp-json\/wp\/v2\/comments?post=100855"}],"version-history":[{"count":8,"href":"https:\/\/jornaldasoficinas.com\/pt\/wp-json\/wp\/v2\/posts\/100855\/revisions"}],"predecessor-version":[{"id":100875,"href":"https:\/\/jornaldasoficinas.com\/pt\/wp-json\/wp\/v2\/posts\/100855\/revisions\/100875"}],"wp:featuredmedia":[{"embeddable":true,"href":"https:\/\/jornaldasoficinas.com\/pt\/wp-json\/wp\/v2\/media\/100830"}],"wp:attachment":[{"href":"https:\/\/jornaldasoficinas.com\/pt\/wp-json\/wp\/v2\/media?parent=100855"}],"wp:term":[{"taxonomy":"category","embeddable":true,"href":"https:\/\/jornaldasoficinas.com\/pt\/wp-json\/wp\/v2\/categories?post=100855"},{"taxonomy":"post_tag","embeddable":true,"href":"https:\/\/jornaldasoficinas.com\/pt\/wp-json\/wp\/v2\/tags?post=100855"}],"curies":[{"name":"wp","href":"https:\/\/api.w.org\/{rel}","templated":true}]}}