{"id":100945,"date":"2025-04-29T14:30:50","date_gmt":"2025-04-29T13:30:50","guid":{"rendered":"https:\/\/jornaldasoficinas.com\/pt\/?p=100945"},"modified":"2025-04-29T14:58:46","modified_gmt":"2025-04-29T13:58:46","slug":"matrizauto-abre-megastore-em-lisboa","status":"publish","type":"post","link":"https:\/\/jornaldasoficinas.com\/pt\/matrizauto-abre-megastore-em-lisboa\/","title":{"rendered":"Matrizauto abre megastore em Lisboa"},"content":{"rendered":"<p><img loading=\"lazy\" decoding=\"async\" class=\"alignnone size-full wp-image-100964\" src=\"https:\/\/jornaldasoficinas.com\/pt\/wp-content\/uploads\/2025\/04\/Matrizauto-abre-megastore-em-Lisboa.jpg\" alt=\"04 - Matrizauto abre megastore em Lisboa\" width=\"1024\" height=\"581\" srcset=\"https:\/\/jornaldasoficinas.com\/pt\/wp-content\/uploads\/2025\/04\/Matrizauto-abre-megastore-em-Lisboa.jpg 1024w, https:\/\/jornaldasoficinas.com\/pt\/wp-content\/uploads\/2025\/04\/Matrizauto-abre-megastore-em-Lisboa-300x170.jpg 300w, https:\/\/jornaldasoficinas.com\/pt\/wp-content\/uploads\/2025\/04\/Matrizauto-abre-megastore-em-Lisboa-150x85.jpg 150w, https:\/\/jornaldasoficinas.com\/pt\/wp-content\/uploads\/2025\/04\/Matrizauto-abre-megastore-em-Lisboa-768x436.jpg 768w\" sizes=\"auto, (max-width: 1024px) 100vw, 1024px\" \/><\/p>\n<p><strong>A nova loja da <a href=\"https:\/\/www.matrizauto.pt\/\" target=\"_blank\" rel=\"noopener\">Matrizauto<\/a> ocupa 2.000 m2 no emblem\u00e1tico edif\u00edcio entreposto, nos Olivais, com mais de 100 viaturas seminovas e usadas em exposi\u00e7\u00e3o<\/strong><\/p>\n<p>O palco eleito para esta inaugura\u00e7\u00e3o foi o exclusivo Innovation &amp; Design Building, na Pra\u00e7a Jos\u00e9 Queir\u00f3s, nos Olivais, um espa\u00e7o emblem\u00e1tico, conhecido como edif\u00edcio entreposto, que durante d\u00e9cadas foi um dos grandes polos do setor autom\u00f3vel da capital.<\/p>\n<p>Com uma \u00e1rea de exposi\u00e7\u00e3o de 2000 m2, a nova montra Matrizauto vai permitir uma exposi\u00e7\u00e3o permanente com cerca de 100 autom\u00f3veis multimarca, desde utilit\u00e1rios, familiares compactos, executivos, at\u00e9 aos mais procurados SUV presentes no mercado nacional, sem esquecer os comerciais ligeiros. Uma oferta que se multiplica nas vertentes de combust\u00e3o, h\u00edbrido, bi-fuel ou 100% el\u00e9tricas.<\/p>\n<p>&#8220;A abertura desta megastore, na zona oriental de Lisboa, vai-nos permitir conquistar uma posi\u00e7\u00e3o importante no mercado da capital e tamb\u00e9m alargar o nosso alcance at\u00e9 outras geografias de toda a \u00e1rea metropolitana, refor\u00e7ando, assim, as nossas posi\u00e7\u00f5es de Loures e Sintra e, sobretudo, o compromisso de proximidade e confian\u00e7a com os nossos clientes&#8221;, referiu Ricardo Figueiras, diretor de marketing da Matrizauto.<\/p>\n<p>Com a abertura do espa\u00e7o dos Olivais, a Matrizauto passa a deter um total de oito posi\u00e7\u00f5es a n\u00edvel nacional, ampliando, consideravelmente, o raio de a\u00e7\u00e3o e implementa\u00e7\u00e3o da marca Matrizauto, como a refer\u00eancia no mercado de seminovos e usados.<\/p>\n<p>&#8220;Este projeto representa a supera\u00e7\u00e3o de mais um desafio, numa miss\u00e3o iniciada em 2008 e que s\u00f3 terminar\u00e1 quando conseguirmos chegar, fisicamente, a todos os &#8220;cantos&#8221; do nosso pa\u00eds \u2014 de norte a sul, do litoral ao interior&#8221;, concluiu.<\/p>\n","protected":false},"excerpt":{"rendered":"<p>A nova loja da Matrizauto ocupa&#8230;<\/p>\n","protected":false},"author":15,"featured_media":100964,"comment_status":"closed","ping_status":"closed","sticky":false,"template":"","format":"standard","meta":{"footnotes":""},"categories":[29],"tags":[12582,3501,12583,12581,12580,5723],"class_list":["post-100945","post","type-post","status-publish","format-standard","has-post-thumbnail","hentry","category-empresas","tag-edificio-entreposto","tag-inauguracao","tag-innovation-design-building","tag-mais-de-100-viaturas","tag-matrizauto","tag-nova-loja"],"yoast_head":"<!-- This site is optimized with the Yoast SEO plugin v27.4 - https:\/\/yoast.com\/product\/yoast-seo-wordpress\/ -->\n<title>Matrizauto abre megastore em Lisboa - Jornal das Oficinas<\/title>\n<meta name=\"description\" content=\"A nova loja da Matrizauto ocupa 2.000 m2 no emblem\u00e1tico edif\u00edcio entreposto, nos Olivais, com mais de 100 viaturas seminovas e usadas\" \/>\n<meta name=\"robots\" content=\"index, follow, max-snippet:-1, max-image-preview:large, max-video-preview:-1\" \/>\n<link rel=\"canonical\" href=\"https:\/\/jornaldasoficinas.com\/pt\/matrizauto-abre-megastore-em-lisboa\/\" \/>\n<meta property=\"og:locale\" content=\"pt_PT\" \/>\n<meta property=\"og:type\" content=\"article\" \/>\n<meta property=\"og:title\" content=\"Matrizauto abre megastore em Lisboa - Jornal das Oficinas\" \/>\n<meta property=\"og:description\" content=\"A nova loja da Matrizauto ocupa 2.000 m2 no emblem\u00e1tico edif\u00edcio entreposto, nos Olivais, com mais de 100 viaturas seminovas e usadas\" \/>\n<meta property=\"og:url\" content=\"https:\/\/jornaldasoficinas.com\/pt\/matrizauto-abre-megastore-em-lisboa\/\" \/>\n<meta property=\"og:site_name\" content=\"Jornal das Oficinas\" \/>\n<meta property=\"article:publisher\" content=\"https:\/\/www.facebook.com\/jornaloficinas\" \/>\n<meta property=\"article:published_time\" content=\"2025-04-29T13:30:50+00:00\" \/>\n<meta property=\"article:modified_time\" content=\"2025-04-29T13:58:46+00:00\" \/>\n<meta property=\"og:image\" content=\"https:\/\/jornaldasoficinas.com\/pt\/wp-content\/uploads\/2025\/04\/Matrizauto-abre-megastore-em-Lisboa.jpg\" \/>\n\t<meta property=\"og:image:width\" content=\"1024\" \/>\n\t<meta property=\"og:image:height\" content=\"581\" \/>\n\t<meta property=\"og:image:type\" content=\"image\/jpeg\" \/>\n<meta name=\"author\" content=\"Reda\u00e7\u00e3o JO\" \/>\n<meta name=\"twitter:card\" content=\"summary_large_image\" \/>\n<meta name=\"twitter:creator\" content=\"@jornaloficinas\" \/>\n<meta name=\"twitter:site\" content=\"@jornaloficinas\" \/>\n<meta name=\"twitter:label1\" content=\"Escrito por\" \/>\n\t<meta name=\"twitter:data1\" content=\"Reda\u00e7\u00e3o JO\" \/>\n\t<meta name=\"twitter:label2\" content=\"Tempo estimado de leitura\" \/>\n\t<meta name=\"twitter:data2\" content=\"2 minutos\" \/>\n<script type=\"application\/ld+json\" class=\"yoast-schema-graph\">{\"@context\":\"https:\\\/\\\/schema.org\",\"@graph\":[{\"@type\":\"Article\",\"@id\":\"https:\\\/\\\/jornaldasoficinas.com\\\/pt\\\/matrizauto-abre-megastore-em-lisboa\\\/#article\",\"isPartOf\":{\"@id\":\"https:\\\/\\\/jornaldasoficinas.com\\\/pt\\\/matrizauto-abre-megastore-em-lisboa\\\/\"},\"author\":{\"name\":\"Reda\u00e7\u00e3o JO\",\"@id\":\"https:\\\/\\\/jornaldasoficinas.com\\\/pt\\\/#\\\/schema\\\/person\\\/a38eef5de2c41d9e7c9ac10141afddf3\"},\"headline\":\"Matrizauto abre megastore em Lisboa\",\"datePublished\":\"2025-04-29T13:30:50+00:00\",\"dateModified\":\"2025-04-29T13:58:46+00:00\",\"mainEntityOfPage\":{\"@id\":\"https:\\\/\\\/jornaldasoficinas.com\\\/pt\\\/matrizauto-abre-megastore-em-lisboa\\\/\"},\"wordCount\":290,\"publisher\":{\"@id\":\"https:\\\/\\\/jornaldasoficinas.com\\\/pt\\\/#organization\"},\"image\":{\"@id\":\"https:\\\/\\\/jornaldasoficinas.com\\\/pt\\\/matrizauto-abre-megastore-em-lisboa\\\/#primaryimage\"},\"thumbnailUrl\":\"https:\\\/\\\/jornaldasoficinas.com\\\/pt\\\/wp-content\\\/uploads\\\/2025\\\/04\\\/Matrizauto-abre-megastore-em-Lisboa.jpg\",\"keywords\":[\"edif\u00edcio entreposto\",\"Inaugura\u00e7\u00e3o\",\"Innovation &amp; Design Building\",\"mais de 100 viaturas\",\"Matrizauto\",\"Nova loja\"],\"articleSection\":[\"Empresas\"],\"inLanguage\":\"pt-PT\"},{\"@type\":\"WebPage\",\"@id\":\"https:\\\/\\\/jornaldasoficinas.com\\\/pt\\\/matrizauto-abre-megastore-em-lisboa\\\/\",\"url\":\"https:\\\/\\\/jornaldasoficinas.com\\\/pt\\\/matrizauto-abre-megastore-em-lisboa\\\/\",\"name\":\"Matrizauto abre megastore em Lisboa - Jornal das Oficinas\",\"isPartOf\":{\"@id\":\"https:\\\/\\\/jornaldasoficinas.com\\\/pt\\\/#website\"},\"primaryImageOfPage\":{\"@id\":\"https:\\\/\\\/jornaldasoficinas.com\\\/pt\\\/matrizauto-abre-megastore-em-lisboa\\\/#primaryimage\"},\"image\":{\"@id\":\"https:\\\/\\\/jornaldasoficinas.com\\\/pt\\\/matrizauto-abre-megastore-em-lisboa\\\/#primaryimage\"},\"thumbnailUrl\":\"https:\\\/\\\/jornaldasoficinas.com\\\/pt\\\/wp-content\\\/uploads\\\/2025\\\/04\\\/Matrizauto-abre-megastore-em-Lisboa.jpg\",\"datePublished\":\"2025-04-29T13:30:50+00:00\",\"dateModified\":\"2025-04-29T13:58:46+00:00\",\"description\":\"A nova loja da Matrizauto ocupa 2.000 m2 no emblem\u00e1tico edif\u00edcio entreposto, nos Olivais, com mais de 100 viaturas seminovas e usadas\",\"breadcrumb\":{\"@id\":\"https:\\\/\\\/jornaldasoficinas.com\\\/pt\\\/matrizauto-abre-megastore-em-lisboa\\\/#breadcrumb\"},\"inLanguage\":\"pt-PT\",\"potentialAction\":[{\"@type\":\"ReadAction\",\"target\":[\"https:\\\/\\\/jornaldasoficinas.com\\\/pt\\\/matrizauto-abre-megastore-em-lisboa\\\/\"]}]},{\"@type\":\"ImageObject\",\"inLanguage\":\"pt-PT\",\"@id\":\"https:\\\/\\\/jornaldasoficinas.com\\\/pt\\\/matrizauto-abre-megastore-em-lisboa\\\/#primaryimage\",\"url\":\"https:\\\/\\\/jornaldasoficinas.com\\\/pt\\\/wp-content\\\/uploads\\\/2025\\\/04\\\/Matrizauto-abre-megastore-em-Lisboa.jpg\",\"contentUrl\":\"https:\\\/\\\/jornaldasoficinas.com\\\/pt\\\/wp-content\\\/uploads\\\/2025\\\/04\\\/Matrizauto-abre-megastore-em-Lisboa.jpg\",\"width\":1024,\"height\":581,\"caption\":\"04 - Matrizauto abre megastore em Lisboa\"},{\"@type\":\"BreadcrumbList\",\"@id\":\"https:\\\/\\\/jornaldasoficinas.com\\\/pt\\\/matrizauto-abre-megastore-em-lisboa\\\/#breadcrumb\",\"itemListElement\":[{\"@type\":\"ListItem\",\"position\":1,\"name\":\"In\u00edcio\",\"item\":\"https:\\\/\\\/jornaldasoficinas.com\\\/pt\\\/\"},{\"@type\":\"ListItem\",\"position\":2,\"name\":\"Matrizauto abre megastore em Lisboa\"}]},{\"@type\":\"WebSite\",\"@id\":\"https:\\\/\\\/jornaldasoficinas.com\\\/pt\\\/#website\",\"url\":\"https:\\\/\\\/jornaldasoficinas.com\\\/pt\\\/\",\"name\":\"Jornal das Oficinas\",\"description\":\"Jornal independente do Aftermarket Autom\u00f3vel em Portugal\",\"publisher\":{\"@id\":\"https:\\\/\\\/jornaldasoficinas.com\\\/pt\\\/#organization\"},\"potentialAction\":[{\"@type\":\"SearchAction\",\"target\":{\"@type\":\"EntryPoint\",\"urlTemplate\":\"https:\\\/\\\/jornaldasoficinas.com\\\/pt\\\/?s={search_term_string}\"},\"query-input\":{\"@type\":\"PropertyValueSpecification\",\"valueRequired\":true,\"valueName\":\"search_term_string\"}}],\"inLanguage\":\"pt-PT\"},{\"@type\":\"Organization\",\"@id\":\"https:\\\/\\\/jornaldasoficinas.com\\\/pt\\\/#organization\",\"name\":\"Jornal das Oficinas\",\"url\":\"https:\\\/\\\/jornaldasoficinas.com\\\/pt\\\/\",\"logo\":{\"@type\":\"ImageObject\",\"inLanguage\":\"pt-PT\",\"@id\":\"https:\\\/\\\/jornaldasoficinas.com\\\/pt\\\/#\\\/schema\\\/logo\\\/image\\\/\",\"url\":\"https:\\\/\\\/jornaldasoficinas.com\\\/pt\\\/wp-content\\\/uploads\\\/logoJO-SEO.png\",\"contentUrl\":\"https:\\\/\\\/jornaldasoficinas.com\\\/pt\\\/wp-content\\\/uploads\\\/logoJO-SEO.png\",\"width\":285,\"height\":450,\"caption\":\"Jornal das Oficinas\"},\"image\":{\"@id\":\"https:\\\/\\\/jornaldasoficinas.com\\\/pt\\\/#\\\/schema\\\/logo\\\/image\\\/\"},\"sameAs\":[\"https:\\\/\\\/www.facebook.com\\\/jornaloficinas\",\"https:\\\/\\\/x.com\\\/jornaloficinas\",\"https:\\\/\\\/www.instagram.com\\\/jornal_oficinas\\\/\",\"https:\\\/\\\/www.linkedin.com\\\/company\\\/jornal-das-oficinas\\\/\",\"https:\\\/\\\/www.youtube.com\\\/channel\\\/UCbQZBqtcvV-oSQrr7RzINGg\"]},{\"@type\":\"Person\",\"@id\":\"https:\\\/\\\/jornaldasoficinas.com\\\/pt\\\/#\\\/schema\\\/person\\\/a38eef5de2c41d9e7c9ac10141afddf3\",\"name\":\"Reda\u00e7\u00e3o JO\",\"image\":{\"@type\":\"ImageObject\",\"inLanguage\":\"pt-PT\",\"@id\":\"https:\\\/\\\/secure.gravatar.com\\\/avatar\\\/71f2fa71737ad68a84fea94bc708ddac8ea5b0c4788dc2ad202f3ccb2887742f?s=96&d=wp_user_avatar&r=g\",\"url\":\"https:\\\/\\\/secure.gravatar.com\\\/avatar\\\/71f2fa71737ad68a84fea94bc708ddac8ea5b0c4788dc2ad202f3ccb2887742f?s=96&d=wp_user_avatar&r=g\",\"contentUrl\":\"https:\\\/\\\/secure.gravatar.com\\\/avatar\\\/71f2fa71737ad68a84fea94bc708ddac8ea5b0c4788dc2ad202f3ccb2887742f?s=96&d=wp_user_avatar&r=g\",\"caption\":\"Reda\u00e7\u00e3o JO\"},\"url\":\"https:\\\/\\\/jornaldasoficinas.com\\\/pt\\\/author\\\/joredacao\\\/\"}]}<\/script>\n<!-- \/ Yoast SEO plugin. -->","yoast_head_json":{"title":"Matrizauto abre megastore em Lisboa - Jornal das Oficinas","description":"A nova loja da Matrizauto ocupa 2.000 m2 no emblem\u00e1tico edif\u00edcio entreposto, nos Olivais, com mais de 100 viaturas seminovas e usadas","robots":{"index":"index","follow":"follow","max-snippet":"max-snippet:-1","max-image-preview":"max-image-preview:large","max-video-preview":"max-video-preview:-1"},"canonical":"https:\/\/jornaldasoficinas.com\/pt\/matrizauto-abre-megastore-em-lisboa\/","og_locale":"pt_PT","og_type":"article","og_title":"Matrizauto abre megastore em Lisboa - Jornal das Oficinas","og_description":"A nova loja da Matrizauto ocupa 2.000 m2 no emblem\u00e1tico edif\u00edcio entreposto, nos Olivais, com mais de 100 viaturas seminovas e usadas","og_url":"https:\/\/jornaldasoficinas.com\/pt\/matrizauto-abre-megastore-em-lisboa\/","og_site_name":"Jornal das Oficinas","article_publisher":"https:\/\/www.facebook.com\/jornaloficinas","article_published_time":"2025-04-29T13:30:50+00:00","article_modified_time":"2025-04-29T13:58:46+00:00","og_image":[{"width":1024,"height":581,"url":"https:\/\/jornaldasoficinas.com\/pt\/wp-content\/uploads\/2025\/04\/Matrizauto-abre-megastore-em-Lisboa.jpg","type":"image\/jpeg"}],"author":"Reda\u00e7\u00e3o JO","twitter_card":"summary_large_image","twitter_creator":"@jornaloficinas","twitter_site":"@jornaloficinas","twitter_misc":{"Escrito por":"Reda\u00e7\u00e3o JO","Tempo estimado de leitura":"2 minutos"},"schema":{"@context":"https:\/\/schema.org","@graph":[{"@type":"Article","@id":"https:\/\/jornaldasoficinas.com\/pt\/matrizauto-abre-megastore-em-lisboa\/#article","isPartOf":{"@id":"https:\/\/jornaldasoficinas.com\/pt\/matrizauto-abre-megastore-em-lisboa\/"},"author":{"name":"Reda\u00e7\u00e3o JO","@id":"https:\/\/jornaldasoficinas.com\/pt\/#\/schema\/person\/a38eef5de2c41d9e7c9ac10141afddf3"},"headline":"Matrizauto abre megastore em Lisboa","datePublished":"2025-04-29T13:30:50+00:00","dateModified":"2025-04-29T13:58:46+00:00","mainEntityOfPage":{"@id":"https:\/\/jornaldasoficinas.com\/pt\/matrizauto-abre-megastore-em-lisboa\/"},"wordCount":290,"publisher":{"@id":"https:\/\/jornaldasoficinas.com\/pt\/#organization"},"image":{"@id":"https:\/\/jornaldasoficinas.com\/pt\/matrizauto-abre-megastore-em-lisboa\/#primaryimage"},"thumbnailUrl":"https:\/\/jornaldasoficinas.com\/pt\/wp-content\/uploads\/2025\/04\/Matrizauto-abre-megastore-em-Lisboa.jpg","keywords":["edif\u00edcio entreposto","Inaugura\u00e7\u00e3o","Innovation &amp; Design Building","mais de 100 viaturas","Matrizauto","Nova loja"],"articleSection":["Empresas"],"inLanguage":"pt-PT"},{"@type":"WebPage","@id":"https:\/\/jornaldasoficinas.com\/pt\/matrizauto-abre-megastore-em-lisboa\/","url":"https:\/\/jornaldasoficinas.com\/pt\/matrizauto-abre-megastore-em-lisboa\/","name":"Matrizauto abre megastore em Lisboa - Jornal das Oficinas","isPartOf":{"@id":"https:\/\/jornaldasoficinas.com\/pt\/#website"},"primaryImageOfPage":{"@id":"https:\/\/jornaldasoficinas.com\/pt\/matrizauto-abre-megastore-em-lisboa\/#primaryimage"},"image":{"@id":"https:\/\/jornaldasoficinas.com\/pt\/matrizauto-abre-megastore-em-lisboa\/#primaryimage"},"thumbnailUrl":"https:\/\/jornaldasoficinas.com\/pt\/wp-content\/uploads\/2025\/04\/Matrizauto-abre-megastore-em-Lisboa.jpg","datePublished":"2025-04-29T13:30:50+00:00","dateModified":"2025-04-29T13:58:46+00:00","description":"A nova loja da Matrizauto ocupa 2.000 m2 no emblem\u00e1tico edif\u00edcio entreposto, nos Olivais, com mais de 100 viaturas seminovas e usadas","breadcrumb":{"@id":"https:\/\/jornaldasoficinas.com\/pt\/matrizauto-abre-megastore-em-lisboa\/#breadcrumb"},"inLanguage":"pt-PT","potentialAction":[{"@type":"ReadAction","target":["https:\/\/jornaldasoficinas.com\/pt\/matrizauto-abre-megastore-em-lisboa\/"]}]},{"@type":"ImageObject","inLanguage":"pt-PT","@id":"https:\/\/jornaldasoficinas.com\/pt\/matrizauto-abre-megastore-em-lisboa\/#primaryimage","url":"https:\/\/jornaldasoficinas.com\/pt\/wp-content\/uploads\/2025\/04\/Matrizauto-abre-megastore-em-Lisboa.jpg","contentUrl":"https:\/\/jornaldasoficinas.com\/pt\/wp-content\/uploads\/2025\/04\/Matrizauto-abre-megastore-em-Lisboa.jpg","width":1024,"height":581,"caption":"04 - Matrizauto abre megastore em Lisboa"},{"@type":"BreadcrumbList","@id":"https:\/\/jornaldasoficinas.com\/pt\/matrizauto-abre-megastore-em-lisboa\/#breadcrumb","itemListElement":[{"@type":"ListItem","position":1,"name":"In\u00edcio","item":"https:\/\/jornaldasoficinas.com\/pt\/"},{"@type":"ListItem","position":2,"name":"Matrizauto abre megastore em Lisboa"}]},{"@type":"WebSite","@id":"https:\/\/jornaldasoficinas.com\/pt\/#website","url":"https:\/\/jornaldasoficinas.com\/pt\/","name":"Jornal das Oficinas","description":"Jornal independente do Aftermarket Autom\u00f3vel em Portugal","publisher":{"@id":"https:\/\/jornaldasoficinas.com\/pt\/#organization"},"potentialAction":[{"@type":"SearchAction","target":{"@type":"EntryPoint","urlTemplate":"https:\/\/jornaldasoficinas.com\/pt\/?s={search_term_string}"},"query-input":{"@type":"PropertyValueSpecification","valueRequired":true,"valueName":"search_term_string"}}],"inLanguage":"pt-PT"},{"@type":"Organization","@id":"https:\/\/jornaldasoficinas.com\/pt\/#organization","name":"Jornal das Oficinas","url":"https:\/\/jornaldasoficinas.com\/pt\/","logo":{"@type":"ImageObject","inLanguage":"pt-PT","@id":"https:\/\/jornaldasoficinas.com\/pt\/#\/schema\/logo\/image\/","url":"https:\/\/jornaldasoficinas.com\/pt\/wp-content\/uploads\/logoJO-SEO.png","contentUrl":"https:\/\/jornaldasoficinas.com\/pt\/wp-content\/uploads\/logoJO-SEO.png","width":285,"height":450,"caption":"Jornal das Oficinas"},"image":{"@id":"https:\/\/jornaldasoficinas.com\/pt\/#\/schema\/logo\/image\/"},"sameAs":["https:\/\/www.facebook.com\/jornaloficinas","https:\/\/x.com\/jornaloficinas","https:\/\/www.instagram.com\/jornal_oficinas\/","https:\/\/www.linkedin.com\/company\/jornal-das-oficinas\/","https:\/\/www.youtube.com\/channel\/UCbQZBqtcvV-oSQrr7RzINGg"]},{"@type":"Person","@id":"https:\/\/jornaldasoficinas.com\/pt\/#\/schema\/person\/a38eef5de2c41d9e7c9ac10141afddf3","name":"Reda\u00e7\u00e3o JO","image":{"@type":"ImageObject","inLanguage":"pt-PT","@id":"https:\/\/secure.gravatar.com\/avatar\/71f2fa71737ad68a84fea94bc708ddac8ea5b0c4788dc2ad202f3ccb2887742f?s=96&d=wp_user_avatar&r=g","url":"https:\/\/secure.gravatar.com\/avatar\/71f2fa71737ad68a84fea94bc708ddac8ea5b0c4788dc2ad202f3ccb2887742f?s=96&d=wp_user_avatar&r=g","contentUrl":"https:\/\/secure.gravatar.com\/avatar\/71f2fa71737ad68a84fea94bc708ddac8ea5b0c4788dc2ad202f3ccb2887742f?s=96&d=wp_user_avatar&r=g","caption":"Reda\u00e7\u00e3o JO"},"url":"https:\/\/jornaldasoficinas.com\/pt\/author\/joredacao\/"}]}},"_links":{"self":[{"href":"https:\/\/jornaldasoficinas.com\/pt\/wp-json\/wp\/v2\/posts\/100945","targetHints":{"allow":["GET"]}}],"collection":[{"href":"https:\/\/jornaldasoficinas.com\/pt\/wp-json\/wp\/v2\/posts"}],"about":[{"href":"https:\/\/jornaldasoficinas.com\/pt\/wp-json\/wp\/v2\/types\/post"}],"author":[{"embeddable":true,"href":"https:\/\/jornaldasoficinas.com\/pt\/wp-json\/wp\/v2\/users\/15"}],"replies":[{"embeddable":true,"href":"https:\/\/jornaldasoficinas.com\/pt\/wp-json\/wp\/v2\/comments?post=100945"}],"version-history":[{"count":6,"href":"https:\/\/jornaldasoficinas.com\/pt\/wp-json\/wp\/v2\/posts\/100945\/revisions"}],"predecessor-version":[{"id":100968,"href":"https:\/\/jornaldasoficinas.com\/pt\/wp-json\/wp\/v2\/posts\/100945\/revisions\/100968"}],"wp:featuredmedia":[{"embeddable":true,"href":"https:\/\/jornaldasoficinas.com\/pt\/wp-json\/wp\/v2\/media\/100964"}],"wp:attachment":[{"href":"https:\/\/jornaldasoficinas.com\/pt\/wp-json\/wp\/v2\/media?parent=100945"}],"wp:term":[{"taxonomy":"category","embeddable":true,"href":"https:\/\/jornaldasoficinas.com\/pt\/wp-json\/wp\/v2\/categories?post=100945"},{"taxonomy":"post_tag","embeddable":true,"href":"https:\/\/jornaldasoficinas.com\/pt\/wp-json\/wp\/v2\/tags?post=100945"}],"curies":[{"name":"wp","href":"https:\/\/api.w.org\/{rel}","templated":true}]}}