{"id":100969,"date":"2025-04-30T08:00:06","date_gmt":"2025-04-30T07:00:06","guid":{"rendered":"https:\/\/jornaldasoficinas.com\/pt\/?p=100969"},"modified":"2025-04-29T16:45:42","modified_gmt":"2025-04-29T15:45:42","slug":"norauto-abre-candidaturas-para-estagios-e-reforcos-de-verao","status":"publish","type":"post","link":"https:\/\/jornaldasoficinas.com\/pt\/norauto-abre-candidaturas-para-estagios-e-reforcos-de-verao\/","title":{"rendered":"Norauto abre candidaturas para est\u00e1gios e refor\u00e7os de ver\u00e3o"},"content":{"rendered":"<p><strong><img loading=\"lazy\" decoding=\"async\" class=\"alignnone size-full wp-image-100973\" src=\"https:\/\/jornaldasoficinas.com\/pt\/wp-content\/uploads\/2025\/04\/Norauto-abre-candidaturas-para-estagios-e-reforcos-de-verao.png\" alt=\"04 - Norauto abre candidaturas para estagios e reforcos de verao\" width=\"1024\" height=\"581\" srcset=\"https:\/\/jornaldasoficinas.com\/pt\/wp-content\/uploads\/2025\/04\/Norauto-abre-candidaturas-para-estagios-e-reforcos-de-verao.png 1024w, https:\/\/jornaldasoficinas.com\/pt\/wp-content\/uploads\/2025\/04\/Norauto-abre-candidaturas-para-estagios-e-reforcos-de-verao-300x170.png 300w, https:\/\/jornaldasoficinas.com\/pt\/wp-content\/uploads\/2025\/04\/Norauto-abre-candidaturas-para-estagios-e-reforcos-de-verao-150x85.png 150w, https:\/\/jornaldasoficinas.com\/pt\/wp-content\/uploads\/2025\/04\/Norauto-abre-candidaturas-para-estagios-e-reforcos-de-verao-768x436.png 768w\" sizes=\"auto, (max-width: 1024px) 100vw, 1024px\" \/><\/strong><\/p>\n<p><strong>A <a href=\"https:\/\/www.norauto.pt\/\" target=\"_blank\" rel=\"noopener\">Norauto Portugal<\/a> est\u00e1 a apostar no desenvolvimento de talentos ao lan\u00e7ar os programas de est\u00e1gios curriculares e refor\u00e7os de ver\u00e3o, proporcionando oportunidades reais de crescimento e integra\u00e7\u00e3o no mundo profissional<\/strong><\/p>\n<p>Destinados a estudantes das \u00e1reas de mecatr\u00f3nica, mec\u00e2nica, engenharia mec\u00e2nica, gest\u00e3o oficinal, vendas, atendimento ao cliente, log\u00edstica, recursos humanos e contabilidade, os est\u00e1gios curriculares da Norauto destacam-se pelo forte acompanhamento e envolvimento em tarefas reais desde o primeiro dia. Cada estagi\u00e1rio ter\u00e1 um tutor dedicado e poder\u00e1, no final, ser integrado com contrato sem termo ou como refor\u00e7o de ver\u00e3o.<\/p>\n<p><strong>Mais de 80 vagas para Refor\u00e7os de Ver\u00e3o<\/strong><\/p>\n<p>Para responder ao aumento da atividade sazonal, a Norauto abre tamb\u00e9m mais de 80 vagas de Refor\u00e7o de Ver\u00e3o 2025, com posi\u00e7\u00f5es dispon\u00edveis em centros de norte a sul do pa\u00eds. As oportunidades s\u00e3o para fun\u00e7\u00f5es de Mec\u00e2nico(a) e Vendedor(a)\/Rececionista e destinam-se a quem procura uma experi\u00eancia profissional remunerada durante os meses de junho, julho e agosto. Tal como nos est\u00e1gios, muitos destes refor\u00e7os podem traduzir-se numa integra\u00e7\u00e3o definitiva na empresa.<\/p>\n<p>&#8220;Na Norauto, acreditamos que cuidar das pessoas \u00e9 o ponto de partida para cuidar dos resultados. Estes programas s\u00e3o reflexo de uma cultura organizacional centrada nas pessoas, onde a aprendizagem cont\u00ednua, o esp\u00edrito de equipa e a progress\u00e3o interna s\u00e3o uma realidade vivida no dia a dia&#8221;, refor\u00e7ou a empresa.<\/p>\n<p>As candidaturas para ambos os programas j\u00e1 est\u00e3o abertas.<\/p>\n","protected":false},"excerpt":{"rendered":"<p>A Norauto Portugal est\u00e1 a apostar&#8230;<\/p>\n","protected":false},"author":15,"featured_media":100973,"comment_status":"closed","ping_status":"closed","sticky":false,"template":"","format":"standard","meta":{"footnotes":""},"categories":[29],"tags":[5878,12586,959,12588,12587],"class_list":["post-100969","post","type-post","status-publish","format-standard","has-post-thumbnail","hentry","category-empresas","tag-candidaturas","tag-estagios-curriculares","tag-norauto","tag-oportunidade-de-crescimento","tag-reforcos-de-verao"],"yoast_head":"<!-- This site is optimized with the Yoast SEO plugin v27.4 - https:\/\/yoast.com\/product\/yoast-seo-wordpress\/ -->\n<title>Norauto abre candidaturas para est\u00e1gios e refor\u00e7os de ver\u00e3o - Jornal das Oficinas<\/title>\n<meta name=\"description\" content=\"A Norauto est\u00e1 a apostar no desenvolvimento de talentos ao lan\u00e7ar os programas de est\u00e1gios curriculares e refor\u00e7os de ver\u00e3o\" \/>\n<meta name=\"robots\" content=\"index, follow, max-snippet:-1, max-image-preview:large, max-video-preview:-1\" \/>\n<link rel=\"canonical\" href=\"https:\/\/jornaldasoficinas.com\/pt\/norauto-abre-candidaturas-para-estagios-e-reforcos-de-verao\/\" \/>\n<meta property=\"og:locale\" content=\"pt_PT\" \/>\n<meta property=\"og:type\" content=\"article\" \/>\n<meta property=\"og:title\" content=\"Norauto abre candidaturas para est\u00e1gios e refor\u00e7os de ver\u00e3o - Jornal das Oficinas\" \/>\n<meta property=\"og:description\" content=\"A Norauto est\u00e1 a apostar no desenvolvimento de talentos ao lan\u00e7ar os programas de est\u00e1gios curriculares e refor\u00e7os de ver\u00e3o\" \/>\n<meta property=\"og:url\" content=\"https:\/\/jornaldasoficinas.com\/pt\/norauto-abre-candidaturas-para-estagios-e-reforcos-de-verao\/\" \/>\n<meta property=\"og:site_name\" content=\"Jornal das Oficinas\" \/>\n<meta property=\"article:publisher\" content=\"https:\/\/www.facebook.com\/jornaloficinas\" \/>\n<meta property=\"article:published_time\" content=\"2025-04-30T07:00:06+00:00\" \/>\n<meta property=\"og:image\" content=\"https:\/\/jornaldasoficinas.com\/pt\/wp-content\/uploads\/2025\/04\/Norauto-abre-candidaturas-para-estagios-e-reforcos-de-verao.png\" \/>\n\t<meta property=\"og:image:width\" content=\"1024\" \/>\n\t<meta property=\"og:image:height\" content=\"581\" \/>\n\t<meta property=\"og:image:type\" content=\"image\/png\" \/>\n<meta name=\"author\" content=\"Reda\u00e7\u00e3o JO\" \/>\n<meta name=\"twitter:card\" content=\"summary_large_image\" \/>\n<meta name=\"twitter:creator\" content=\"@jornaloficinas\" \/>\n<meta name=\"twitter:site\" content=\"@jornaloficinas\" \/>\n<meta name=\"twitter:label1\" content=\"Escrito por\" \/>\n\t<meta name=\"twitter:data1\" content=\"Reda\u00e7\u00e3o JO\" \/>\n\t<meta name=\"twitter:label2\" content=\"Tempo estimado de leitura\" \/>\n\t<meta name=\"twitter:data2\" content=\"2 minutos\" \/>\n<script type=\"application\/ld+json\" class=\"yoast-schema-graph\">{\"@context\":\"https:\\\/\\\/schema.org\",\"@graph\":[{\"@type\":\"Article\",\"@id\":\"https:\\\/\\\/jornaldasoficinas.com\\\/pt\\\/norauto-abre-candidaturas-para-estagios-e-reforcos-de-verao\\\/#article\",\"isPartOf\":{\"@id\":\"https:\\\/\\\/jornaldasoficinas.com\\\/pt\\\/norauto-abre-candidaturas-para-estagios-e-reforcos-de-verao\\\/\"},\"author\":{\"name\":\"Reda\u00e7\u00e3o JO\",\"@id\":\"https:\\\/\\\/jornaldasoficinas.com\\\/pt\\\/#\\\/schema\\\/person\\\/a38eef5de2c41d9e7c9ac10141afddf3\"},\"headline\":\"Norauto abre candidaturas para est\u00e1gios e refor\u00e7os de ver\u00e3o\",\"datePublished\":\"2025-04-30T07:00:06+00:00\",\"mainEntityOfPage\":{\"@id\":\"https:\\\/\\\/jornaldasoficinas.com\\\/pt\\\/norauto-abre-candidaturas-para-estagios-e-reforcos-de-verao\\\/\"},\"wordCount\":276,\"publisher\":{\"@id\":\"https:\\\/\\\/jornaldasoficinas.com\\\/pt\\\/#organization\"},\"image\":{\"@id\":\"https:\\\/\\\/jornaldasoficinas.com\\\/pt\\\/norauto-abre-candidaturas-para-estagios-e-reforcos-de-verao\\\/#primaryimage\"},\"thumbnailUrl\":\"https:\\\/\\\/jornaldasoficinas.com\\\/pt\\\/wp-content\\\/uploads\\\/2025\\\/04\\\/Norauto-abre-candidaturas-para-estagios-e-reforcos-de-verao.png\",\"keywords\":[\"candidaturas\",\"est\u00e1gios curriculares\",\"Norauto\",\"oportunidade de crescimento\",\"refor\u00e7os de ver\u00e3o\"],\"articleSection\":[\"Empresas\"],\"inLanguage\":\"pt-PT\"},{\"@type\":\"WebPage\",\"@id\":\"https:\\\/\\\/jornaldasoficinas.com\\\/pt\\\/norauto-abre-candidaturas-para-estagios-e-reforcos-de-verao\\\/\",\"url\":\"https:\\\/\\\/jornaldasoficinas.com\\\/pt\\\/norauto-abre-candidaturas-para-estagios-e-reforcos-de-verao\\\/\",\"name\":\"Norauto abre candidaturas para est\u00e1gios e refor\u00e7os de ver\u00e3o - Jornal das Oficinas\",\"isPartOf\":{\"@id\":\"https:\\\/\\\/jornaldasoficinas.com\\\/pt\\\/#website\"},\"primaryImageOfPage\":{\"@id\":\"https:\\\/\\\/jornaldasoficinas.com\\\/pt\\\/norauto-abre-candidaturas-para-estagios-e-reforcos-de-verao\\\/#primaryimage\"},\"image\":{\"@id\":\"https:\\\/\\\/jornaldasoficinas.com\\\/pt\\\/norauto-abre-candidaturas-para-estagios-e-reforcos-de-verao\\\/#primaryimage\"},\"thumbnailUrl\":\"https:\\\/\\\/jornaldasoficinas.com\\\/pt\\\/wp-content\\\/uploads\\\/2025\\\/04\\\/Norauto-abre-candidaturas-para-estagios-e-reforcos-de-verao.png\",\"datePublished\":\"2025-04-30T07:00:06+00:00\",\"description\":\"A Norauto est\u00e1 a apostar no desenvolvimento de talentos ao lan\u00e7ar os programas de est\u00e1gios curriculares e refor\u00e7os de ver\u00e3o\",\"breadcrumb\":{\"@id\":\"https:\\\/\\\/jornaldasoficinas.com\\\/pt\\\/norauto-abre-candidaturas-para-estagios-e-reforcos-de-verao\\\/#breadcrumb\"},\"inLanguage\":\"pt-PT\",\"potentialAction\":[{\"@type\":\"ReadAction\",\"target\":[\"https:\\\/\\\/jornaldasoficinas.com\\\/pt\\\/norauto-abre-candidaturas-para-estagios-e-reforcos-de-verao\\\/\"]}]},{\"@type\":\"ImageObject\",\"inLanguage\":\"pt-PT\",\"@id\":\"https:\\\/\\\/jornaldasoficinas.com\\\/pt\\\/norauto-abre-candidaturas-para-estagios-e-reforcos-de-verao\\\/#primaryimage\",\"url\":\"https:\\\/\\\/jornaldasoficinas.com\\\/pt\\\/wp-content\\\/uploads\\\/2025\\\/04\\\/Norauto-abre-candidaturas-para-estagios-e-reforcos-de-verao.png\",\"contentUrl\":\"https:\\\/\\\/jornaldasoficinas.com\\\/pt\\\/wp-content\\\/uploads\\\/2025\\\/04\\\/Norauto-abre-candidaturas-para-estagios-e-reforcos-de-verao.png\",\"width\":1024,\"height\":581,\"caption\":\"04 - Norauto abre candidaturas para estagios e reforcos de verao\"},{\"@type\":\"BreadcrumbList\",\"@id\":\"https:\\\/\\\/jornaldasoficinas.com\\\/pt\\\/norauto-abre-candidaturas-para-estagios-e-reforcos-de-verao\\\/#breadcrumb\",\"itemListElement\":[{\"@type\":\"ListItem\",\"position\":1,\"name\":\"In\u00edcio\",\"item\":\"https:\\\/\\\/jornaldasoficinas.com\\\/pt\\\/\"},{\"@type\":\"ListItem\",\"position\":2,\"name\":\"Norauto abre candidaturas para est\u00e1gios e refor\u00e7os de ver\u00e3o\"}]},{\"@type\":\"WebSite\",\"@id\":\"https:\\\/\\\/jornaldasoficinas.com\\\/pt\\\/#website\",\"url\":\"https:\\\/\\\/jornaldasoficinas.com\\\/pt\\\/\",\"name\":\"Jornal das Oficinas\",\"description\":\"Jornal independente do Aftermarket Autom\u00f3vel em Portugal\",\"publisher\":{\"@id\":\"https:\\\/\\\/jornaldasoficinas.com\\\/pt\\\/#organization\"},\"potentialAction\":[{\"@type\":\"SearchAction\",\"target\":{\"@type\":\"EntryPoint\",\"urlTemplate\":\"https:\\\/\\\/jornaldasoficinas.com\\\/pt\\\/?s={search_term_string}\"},\"query-input\":{\"@type\":\"PropertyValueSpecification\",\"valueRequired\":true,\"valueName\":\"search_term_string\"}}],\"inLanguage\":\"pt-PT\"},{\"@type\":\"Organization\",\"@id\":\"https:\\\/\\\/jornaldasoficinas.com\\\/pt\\\/#organization\",\"name\":\"Jornal das Oficinas\",\"url\":\"https:\\\/\\\/jornaldasoficinas.com\\\/pt\\\/\",\"logo\":{\"@type\":\"ImageObject\",\"inLanguage\":\"pt-PT\",\"@id\":\"https:\\\/\\\/jornaldasoficinas.com\\\/pt\\\/#\\\/schema\\\/logo\\\/image\\\/\",\"url\":\"https:\\\/\\\/jornaldasoficinas.com\\\/pt\\\/wp-content\\\/uploads\\\/logoJO-SEO.png\",\"contentUrl\":\"https:\\\/\\\/jornaldasoficinas.com\\\/pt\\\/wp-content\\\/uploads\\\/logoJO-SEO.png\",\"width\":285,\"height\":450,\"caption\":\"Jornal das Oficinas\"},\"image\":{\"@id\":\"https:\\\/\\\/jornaldasoficinas.com\\\/pt\\\/#\\\/schema\\\/logo\\\/image\\\/\"},\"sameAs\":[\"https:\\\/\\\/www.facebook.com\\\/jornaloficinas\",\"https:\\\/\\\/x.com\\\/jornaloficinas\",\"https:\\\/\\\/www.instagram.com\\\/jornal_oficinas\\\/\",\"https:\\\/\\\/www.linkedin.com\\\/company\\\/jornal-das-oficinas\\\/\",\"https:\\\/\\\/www.youtube.com\\\/channel\\\/UCbQZBqtcvV-oSQrr7RzINGg\"]},{\"@type\":\"Person\",\"@id\":\"https:\\\/\\\/jornaldasoficinas.com\\\/pt\\\/#\\\/schema\\\/person\\\/a38eef5de2c41d9e7c9ac10141afddf3\",\"name\":\"Reda\u00e7\u00e3o JO\",\"image\":{\"@type\":\"ImageObject\",\"inLanguage\":\"pt-PT\",\"@id\":\"https:\\\/\\\/secure.gravatar.com\\\/avatar\\\/71f2fa71737ad68a84fea94bc708ddac8ea5b0c4788dc2ad202f3ccb2887742f?s=96&d=wp_user_avatar&r=g\",\"url\":\"https:\\\/\\\/secure.gravatar.com\\\/avatar\\\/71f2fa71737ad68a84fea94bc708ddac8ea5b0c4788dc2ad202f3ccb2887742f?s=96&d=wp_user_avatar&r=g\",\"contentUrl\":\"https:\\\/\\\/secure.gravatar.com\\\/avatar\\\/71f2fa71737ad68a84fea94bc708ddac8ea5b0c4788dc2ad202f3ccb2887742f?s=96&d=wp_user_avatar&r=g\",\"caption\":\"Reda\u00e7\u00e3o JO\"},\"url\":\"https:\\\/\\\/jornaldasoficinas.com\\\/pt\\\/author\\\/joredacao\\\/\"}]}<\/script>\n<!-- \/ Yoast SEO plugin. -->","yoast_head_json":{"title":"Norauto abre candidaturas para est\u00e1gios e refor\u00e7os de ver\u00e3o - Jornal das Oficinas","description":"A Norauto est\u00e1 a apostar no desenvolvimento de talentos ao lan\u00e7ar os programas de est\u00e1gios curriculares e refor\u00e7os de ver\u00e3o","robots":{"index":"index","follow":"follow","max-snippet":"max-snippet:-1","max-image-preview":"max-image-preview:large","max-video-preview":"max-video-preview:-1"},"canonical":"https:\/\/jornaldasoficinas.com\/pt\/norauto-abre-candidaturas-para-estagios-e-reforcos-de-verao\/","og_locale":"pt_PT","og_type":"article","og_title":"Norauto abre candidaturas para est\u00e1gios e refor\u00e7os de ver\u00e3o - Jornal das Oficinas","og_description":"A Norauto est\u00e1 a apostar no desenvolvimento de talentos ao lan\u00e7ar os programas de est\u00e1gios curriculares e refor\u00e7os de ver\u00e3o","og_url":"https:\/\/jornaldasoficinas.com\/pt\/norauto-abre-candidaturas-para-estagios-e-reforcos-de-verao\/","og_site_name":"Jornal das Oficinas","article_publisher":"https:\/\/www.facebook.com\/jornaloficinas","article_published_time":"2025-04-30T07:00:06+00:00","og_image":[{"width":1024,"height":581,"url":"https:\/\/jornaldasoficinas.com\/pt\/wp-content\/uploads\/2025\/04\/Norauto-abre-candidaturas-para-estagios-e-reforcos-de-verao.png","type":"image\/png"}],"author":"Reda\u00e7\u00e3o JO","twitter_card":"summary_large_image","twitter_creator":"@jornaloficinas","twitter_site":"@jornaloficinas","twitter_misc":{"Escrito por":"Reda\u00e7\u00e3o JO","Tempo estimado de leitura":"2 minutos"},"schema":{"@context":"https:\/\/schema.org","@graph":[{"@type":"Article","@id":"https:\/\/jornaldasoficinas.com\/pt\/norauto-abre-candidaturas-para-estagios-e-reforcos-de-verao\/#article","isPartOf":{"@id":"https:\/\/jornaldasoficinas.com\/pt\/norauto-abre-candidaturas-para-estagios-e-reforcos-de-verao\/"},"author":{"name":"Reda\u00e7\u00e3o JO","@id":"https:\/\/jornaldasoficinas.com\/pt\/#\/schema\/person\/a38eef5de2c41d9e7c9ac10141afddf3"},"headline":"Norauto abre candidaturas para est\u00e1gios e refor\u00e7os de ver\u00e3o","datePublished":"2025-04-30T07:00:06+00:00","mainEntityOfPage":{"@id":"https:\/\/jornaldasoficinas.com\/pt\/norauto-abre-candidaturas-para-estagios-e-reforcos-de-verao\/"},"wordCount":276,"publisher":{"@id":"https:\/\/jornaldasoficinas.com\/pt\/#organization"},"image":{"@id":"https:\/\/jornaldasoficinas.com\/pt\/norauto-abre-candidaturas-para-estagios-e-reforcos-de-verao\/#primaryimage"},"thumbnailUrl":"https:\/\/jornaldasoficinas.com\/pt\/wp-content\/uploads\/2025\/04\/Norauto-abre-candidaturas-para-estagios-e-reforcos-de-verao.png","keywords":["candidaturas","est\u00e1gios curriculares","Norauto","oportunidade de crescimento","refor\u00e7os de ver\u00e3o"],"articleSection":["Empresas"],"inLanguage":"pt-PT"},{"@type":"WebPage","@id":"https:\/\/jornaldasoficinas.com\/pt\/norauto-abre-candidaturas-para-estagios-e-reforcos-de-verao\/","url":"https:\/\/jornaldasoficinas.com\/pt\/norauto-abre-candidaturas-para-estagios-e-reforcos-de-verao\/","name":"Norauto abre candidaturas para est\u00e1gios e refor\u00e7os de ver\u00e3o - Jornal das Oficinas","isPartOf":{"@id":"https:\/\/jornaldasoficinas.com\/pt\/#website"},"primaryImageOfPage":{"@id":"https:\/\/jornaldasoficinas.com\/pt\/norauto-abre-candidaturas-para-estagios-e-reforcos-de-verao\/#primaryimage"},"image":{"@id":"https:\/\/jornaldasoficinas.com\/pt\/norauto-abre-candidaturas-para-estagios-e-reforcos-de-verao\/#primaryimage"},"thumbnailUrl":"https:\/\/jornaldasoficinas.com\/pt\/wp-content\/uploads\/2025\/04\/Norauto-abre-candidaturas-para-estagios-e-reforcos-de-verao.png","datePublished":"2025-04-30T07:00:06+00:00","description":"A Norauto est\u00e1 a apostar no desenvolvimento de talentos ao lan\u00e7ar os programas de est\u00e1gios curriculares e refor\u00e7os de ver\u00e3o","breadcrumb":{"@id":"https:\/\/jornaldasoficinas.com\/pt\/norauto-abre-candidaturas-para-estagios-e-reforcos-de-verao\/#breadcrumb"},"inLanguage":"pt-PT","potentialAction":[{"@type":"ReadAction","target":["https:\/\/jornaldasoficinas.com\/pt\/norauto-abre-candidaturas-para-estagios-e-reforcos-de-verao\/"]}]},{"@type":"ImageObject","inLanguage":"pt-PT","@id":"https:\/\/jornaldasoficinas.com\/pt\/norauto-abre-candidaturas-para-estagios-e-reforcos-de-verao\/#primaryimage","url":"https:\/\/jornaldasoficinas.com\/pt\/wp-content\/uploads\/2025\/04\/Norauto-abre-candidaturas-para-estagios-e-reforcos-de-verao.png","contentUrl":"https:\/\/jornaldasoficinas.com\/pt\/wp-content\/uploads\/2025\/04\/Norauto-abre-candidaturas-para-estagios-e-reforcos-de-verao.png","width":1024,"height":581,"caption":"04 - Norauto abre candidaturas para estagios e reforcos de verao"},{"@type":"BreadcrumbList","@id":"https:\/\/jornaldasoficinas.com\/pt\/norauto-abre-candidaturas-para-estagios-e-reforcos-de-verao\/#breadcrumb","itemListElement":[{"@type":"ListItem","position":1,"name":"In\u00edcio","item":"https:\/\/jornaldasoficinas.com\/pt\/"},{"@type":"ListItem","position":2,"name":"Norauto abre candidaturas para est\u00e1gios e refor\u00e7os de ver\u00e3o"}]},{"@type":"WebSite","@id":"https:\/\/jornaldasoficinas.com\/pt\/#website","url":"https:\/\/jornaldasoficinas.com\/pt\/","name":"Jornal das Oficinas","description":"Jornal independente do Aftermarket Autom\u00f3vel em Portugal","publisher":{"@id":"https:\/\/jornaldasoficinas.com\/pt\/#organization"},"potentialAction":[{"@type":"SearchAction","target":{"@type":"EntryPoint","urlTemplate":"https:\/\/jornaldasoficinas.com\/pt\/?s={search_term_string}"},"query-input":{"@type":"PropertyValueSpecification","valueRequired":true,"valueName":"search_term_string"}}],"inLanguage":"pt-PT"},{"@type":"Organization","@id":"https:\/\/jornaldasoficinas.com\/pt\/#organization","name":"Jornal das Oficinas","url":"https:\/\/jornaldasoficinas.com\/pt\/","logo":{"@type":"ImageObject","inLanguage":"pt-PT","@id":"https:\/\/jornaldasoficinas.com\/pt\/#\/schema\/logo\/image\/","url":"https:\/\/jornaldasoficinas.com\/pt\/wp-content\/uploads\/logoJO-SEO.png","contentUrl":"https:\/\/jornaldasoficinas.com\/pt\/wp-content\/uploads\/logoJO-SEO.png","width":285,"height":450,"caption":"Jornal das Oficinas"},"image":{"@id":"https:\/\/jornaldasoficinas.com\/pt\/#\/schema\/logo\/image\/"},"sameAs":["https:\/\/www.facebook.com\/jornaloficinas","https:\/\/x.com\/jornaloficinas","https:\/\/www.instagram.com\/jornal_oficinas\/","https:\/\/www.linkedin.com\/company\/jornal-das-oficinas\/","https:\/\/www.youtube.com\/channel\/UCbQZBqtcvV-oSQrr7RzINGg"]},{"@type":"Person","@id":"https:\/\/jornaldasoficinas.com\/pt\/#\/schema\/person\/a38eef5de2c41d9e7c9ac10141afddf3","name":"Reda\u00e7\u00e3o JO","image":{"@type":"ImageObject","inLanguage":"pt-PT","@id":"https:\/\/secure.gravatar.com\/avatar\/71f2fa71737ad68a84fea94bc708ddac8ea5b0c4788dc2ad202f3ccb2887742f?s=96&d=wp_user_avatar&r=g","url":"https:\/\/secure.gravatar.com\/avatar\/71f2fa71737ad68a84fea94bc708ddac8ea5b0c4788dc2ad202f3ccb2887742f?s=96&d=wp_user_avatar&r=g","contentUrl":"https:\/\/secure.gravatar.com\/avatar\/71f2fa71737ad68a84fea94bc708ddac8ea5b0c4788dc2ad202f3ccb2887742f?s=96&d=wp_user_avatar&r=g","caption":"Reda\u00e7\u00e3o JO"},"url":"https:\/\/jornaldasoficinas.com\/pt\/author\/joredacao\/"}]}},"_links":{"self":[{"href":"https:\/\/jornaldasoficinas.com\/pt\/wp-json\/wp\/v2\/posts\/100969","targetHints":{"allow":["GET"]}}],"collection":[{"href":"https:\/\/jornaldasoficinas.com\/pt\/wp-json\/wp\/v2\/posts"}],"about":[{"href":"https:\/\/jornaldasoficinas.com\/pt\/wp-json\/wp\/v2\/types\/post"}],"author":[{"embeddable":true,"href":"https:\/\/jornaldasoficinas.com\/pt\/wp-json\/wp\/v2\/users\/15"}],"replies":[{"embeddable":true,"href":"https:\/\/jornaldasoficinas.com\/pt\/wp-json\/wp\/v2\/comments?post=100969"}],"version-history":[{"count":4,"href":"https:\/\/jornaldasoficinas.com\/pt\/wp-json\/wp\/v2\/posts\/100969\/revisions"}],"predecessor-version":[{"id":100974,"href":"https:\/\/jornaldasoficinas.com\/pt\/wp-json\/wp\/v2\/posts\/100969\/revisions\/100974"}],"wp:featuredmedia":[{"embeddable":true,"href":"https:\/\/jornaldasoficinas.com\/pt\/wp-json\/wp\/v2\/media\/100973"}],"wp:attachment":[{"href":"https:\/\/jornaldasoficinas.com\/pt\/wp-json\/wp\/v2\/media?parent=100969"}],"wp:term":[{"taxonomy":"category","embeddable":true,"href":"https:\/\/jornaldasoficinas.com\/pt\/wp-json\/wp\/v2\/categories?post=100969"},{"taxonomy":"post_tag","embeddable":true,"href":"https:\/\/jornaldasoficinas.com\/pt\/wp-json\/wp\/v2\/tags?post=100969"}],"curies":[{"name":"wp","href":"https:\/\/api.w.org\/{rel}","templated":true}]}}