{"id":100986,"date":"2025-04-30T10:00:19","date_gmt":"2025-04-30T09:00:19","guid":{"rendered":"https:\/\/jornaldasoficinas.com\/pt\/?p=100986"},"modified":"2025-04-29T18:17:26","modified_gmt":"2025-04-29T17:17:26","slug":"bosch-revela-nova-geracao-adas-para-conducao-assistida","status":"publish","type":"post","link":"https:\/\/jornaldasoficinas.com\/pt\/bosch-revela-nova-geracao-adas-para-conducao-assistida\/","title":{"rendered":"Bosch revela nova gera\u00e7\u00e3o ADAS para condu\u00e7\u00e3o assistida"},"content":{"rendered":"<p><strong><img loading=\"lazy\" decoding=\"async\" class=\"alignnone size-full wp-image-101001\" src=\"https:\/\/jornaldasoficinas.com\/pt\/wp-content\/uploads\/2025\/04\/Bosch-revela-nova-geracao-ADAS-para-conducao-assistida.jpg\" alt=\"04 - Bosch revela nova geracao ADAS para conducao assistida\" width=\"1024\" height=\"581\" srcset=\"https:\/\/jornaldasoficinas.com\/pt\/wp-content\/uploads\/2025\/04\/Bosch-revela-nova-geracao-ADAS-para-conducao-assistida.jpg 1024w, https:\/\/jornaldasoficinas.com\/pt\/wp-content\/uploads\/2025\/04\/Bosch-revela-nova-geracao-ADAS-para-conducao-assistida-300x170.jpg 300w, https:\/\/jornaldasoficinas.com\/pt\/wp-content\/uploads\/2025\/04\/Bosch-revela-nova-geracao-ADAS-para-conducao-assistida-150x85.jpg 150w, https:\/\/jornaldasoficinas.com\/pt\/wp-content\/uploads\/2025\/04\/Bosch-revela-nova-geracao-ADAS-para-conducao-assistida-768x436.jpg 768w\" sizes=\"auto, (max-width: 1024px) 100vw, 1024px\" \/><\/strong><\/p>\n<p><strong>Durante a <a href=\"https:\/\/autoshanghai.auto-fairs.com\/\" target=\"_blank\" rel=\"noopener\">Auto Shanghai<\/a>, a <a href=\"https:\/\/www.bosch.pt\/\" target=\"_blank\" rel=\"noopener\">Bosch<\/a> apresentou um portf\u00f3lio avan\u00e7ado de solu\u00e7\u00f5es para condu\u00e7\u00e3o e estacionamento assistidos e automatizados, integrando novos componentes de software e hardware que respondem \u00e0s exig\u00eancias espec\u00edficas dos condutores e fabricantes autom\u00f3veis a n\u00edvel global<\/strong><\/p>\n<p>Entre os destaques est\u00e1 o sensor de radar com chip SoC desenvolvido internamente pela Bosch, que alia elevada capacidade de computa\u00e7\u00e3o a uma estrutura compacta. Este sensor faz parte da nova fam\u00edlia de produtos ADAS (Advanced Driver Assistance Systems), uma plataforma modular que combina sensores, software, servi\u00e7os e computadores de alto desempenho, permitindo aos fabricantes integrar rapidamente estas solu\u00e7\u00f5es em ve\u00edculos de diferentes segmentos \u2014 desde modelos econ\u00f3micos a autom\u00f3veis premium.<\/p>\n<p>Segundo Christoph Hartung, presidente da divis\u00e3o Cross-Domain Computing Solutions da Bosch, &#8220;com a nova fam\u00edlia de produtos ADAS, estamos a oferecer solu\u00e7\u00f5es econ\u00f3micas para a condu\u00e7\u00e3o assistida e automatizada com os habituais altos padr\u00f5es de qualidade e seguran\u00e7a&#8221;.<\/p>\n<p>A nova gera\u00e7\u00e3o ADAS est\u00e1 dispon\u00edvel em tr\u00eas variantes: entrada, m\u00e9dia e alta gama. Cada uma adapta-se ao n\u00edvel de assist\u00eancia pretendido, com combina\u00e7\u00f5es flex\u00edveis de sensores e capacidades de computa\u00e7\u00e3o.<\/p>\n<p>A vers\u00e3o b\u00e1sica j\u00e1 permite funcionalidades essenciais como controlo de velocidade e dist\u00e2ncia, bem como manuten\u00e7\u00e3o de faixa, podendo ser complementada com sensores de radar. A vers\u00e3o interm\u00e9dia introduz condu\u00e7\u00e3o m\u00e3os-livres em autoestrada (quando legalmente permitido) e maior autonomia em tr\u00e1fego intenso. J\u00e1 a variante topo de gama incorpora vis\u00e3o 360.\u00b0, IA para previs\u00e3o do comportamento rodovi\u00e1rio e capacidade de navega\u00e7\u00e3o em ambientes urbanos complexos.<\/p>\n<p>Esta abordagem modular da Bosch n\u00e3o s\u00f3 acelera os tempos de desenvolvimento e integra\u00e7\u00e3o por parte dos fabricantes, como tamb\u00e9m permite maior personaliza\u00e7\u00e3o e adapta\u00e7\u00e3o a diferentes mercados e requisitos legais. A aposta em intelig\u00eancia artificial permite que os ve\u00edculos se tornem mais proativos e seguros, elevando o padr\u00e3o da condu\u00e7\u00e3o assistida a um novo n\u00edvel.<\/p>\n","protected":false},"excerpt":{"rendered":"<p>Durante a Auto Shanghai, a Bosch&#8230;<\/p>\n","protected":false},"author":15,"featured_media":101001,"comment_status":"closed","ping_status":"closed","sticky":false,"template":"","format":"standard","meta":{"footnotes":""},"categories":[29],"tags":[344,12589,123,12591,12590,12523],"class_list":["post-100986","post","type-post","status-publish","format-standard","has-post-thumbnail","hentry","category-empresas","tag-adas","tag-auto-shanghai","tag-bosch","tag-componentes-de-software","tag-conducao-assistida","tag-fabricantes-automoveis"],"yoast_head":"<!-- This site is optimized with the Yoast SEO plugin v27.4 - https:\/\/yoast.com\/product\/yoast-seo-wordpress\/ -->\n<title>Bosch revela nova gera\u00e7\u00e3o ADAS para condu\u00e7\u00e3o assistida - Jornal das Oficinas<\/title>\n<meta name=\"description\" content=\"Durante a Auto Shanghai, a Bosch apresentou um portf\u00f3lio avan\u00e7ado de solu\u00e7\u00f5es para condu\u00e7\u00e3o e estacionamento assistidos e automatizados\" \/>\n<meta name=\"robots\" content=\"index, follow, max-snippet:-1, max-image-preview:large, max-video-preview:-1\" \/>\n<link rel=\"canonical\" href=\"https:\/\/jornaldasoficinas.com\/pt\/bosch-revela-nova-geracao-adas-para-conducao-assistida\/\" \/>\n<meta property=\"og:locale\" content=\"pt_PT\" \/>\n<meta property=\"og:type\" content=\"article\" \/>\n<meta property=\"og:title\" content=\"Bosch revela nova gera\u00e7\u00e3o ADAS para condu\u00e7\u00e3o assistida - Jornal das Oficinas\" \/>\n<meta property=\"og:description\" content=\"Durante a Auto Shanghai, a Bosch apresentou um portf\u00f3lio avan\u00e7ado de solu\u00e7\u00f5es para condu\u00e7\u00e3o e estacionamento assistidos e automatizados\" \/>\n<meta property=\"og:url\" content=\"https:\/\/jornaldasoficinas.com\/pt\/bosch-revela-nova-geracao-adas-para-conducao-assistida\/\" \/>\n<meta property=\"og:site_name\" content=\"Jornal das Oficinas\" \/>\n<meta property=\"article:publisher\" content=\"https:\/\/www.facebook.com\/jornaloficinas\" \/>\n<meta property=\"article:published_time\" content=\"2025-04-30T09:00:19+00:00\" \/>\n<meta property=\"og:image\" content=\"https:\/\/jornaldasoficinas.com\/pt\/wp-content\/uploads\/2025\/04\/Bosch-revela-nova-geracao-ADAS-para-conducao-assistida.jpg\" \/>\n\t<meta property=\"og:image:width\" content=\"1024\" \/>\n\t<meta property=\"og:image:height\" content=\"581\" \/>\n\t<meta property=\"og:image:type\" content=\"image\/jpeg\" \/>\n<meta name=\"author\" content=\"Reda\u00e7\u00e3o JO\" \/>\n<meta name=\"twitter:card\" content=\"summary_large_image\" \/>\n<meta name=\"twitter:creator\" content=\"@jornaloficinas\" \/>\n<meta name=\"twitter:site\" content=\"@jornaloficinas\" \/>\n<meta name=\"twitter:label1\" content=\"Escrito por\" \/>\n\t<meta name=\"twitter:data1\" content=\"Reda\u00e7\u00e3o JO\" \/>\n\t<meta name=\"twitter:label2\" content=\"Tempo estimado de leitura\" \/>\n\t<meta name=\"twitter:data2\" content=\"2 minutos\" \/>\n<script type=\"application\/ld+json\" class=\"yoast-schema-graph\">{\"@context\":\"https:\\\/\\\/schema.org\",\"@graph\":[{\"@type\":\"Article\",\"@id\":\"https:\\\/\\\/jornaldasoficinas.com\\\/pt\\\/bosch-revela-nova-geracao-adas-para-conducao-assistida\\\/#article\",\"isPartOf\":{\"@id\":\"https:\\\/\\\/jornaldasoficinas.com\\\/pt\\\/bosch-revela-nova-geracao-adas-para-conducao-assistida\\\/\"},\"author\":{\"name\":\"Reda\u00e7\u00e3o JO\",\"@id\":\"https:\\\/\\\/jornaldasoficinas.com\\\/pt\\\/#\\\/schema\\\/person\\\/a38eef5de2c41d9e7c9ac10141afddf3\"},\"headline\":\"Bosch revela nova gera\u00e7\u00e3o ADAS para condu\u00e7\u00e3o assistida\",\"datePublished\":\"2025-04-30T09:00:19+00:00\",\"mainEntityOfPage\":{\"@id\":\"https:\\\/\\\/jornaldasoficinas.com\\\/pt\\\/bosch-revela-nova-geracao-adas-para-conducao-assistida\\\/\"},\"wordCount\":362,\"publisher\":{\"@id\":\"https:\\\/\\\/jornaldasoficinas.com\\\/pt\\\/#organization\"},\"image\":{\"@id\":\"https:\\\/\\\/jornaldasoficinas.com\\\/pt\\\/bosch-revela-nova-geracao-adas-para-conducao-assistida\\\/#primaryimage\"},\"thumbnailUrl\":\"https:\\\/\\\/jornaldasoficinas.com\\\/pt\\\/wp-content\\\/uploads\\\/2025\\\/04\\\/Bosch-revela-nova-geracao-ADAS-para-conducao-assistida.jpg\",\"keywords\":[\"ADAS\",\"Auto Shanghai\",\"Bosch\",\"componentes de software\",\"condu\u00e7\u00e3o assistida\",\"fabricantes autom\u00f3veis\"],\"articleSection\":[\"Empresas\"],\"inLanguage\":\"pt-PT\"},{\"@type\":\"WebPage\",\"@id\":\"https:\\\/\\\/jornaldasoficinas.com\\\/pt\\\/bosch-revela-nova-geracao-adas-para-conducao-assistida\\\/\",\"url\":\"https:\\\/\\\/jornaldasoficinas.com\\\/pt\\\/bosch-revela-nova-geracao-adas-para-conducao-assistida\\\/\",\"name\":\"Bosch revela nova gera\u00e7\u00e3o ADAS para condu\u00e7\u00e3o assistida - Jornal das Oficinas\",\"isPartOf\":{\"@id\":\"https:\\\/\\\/jornaldasoficinas.com\\\/pt\\\/#website\"},\"primaryImageOfPage\":{\"@id\":\"https:\\\/\\\/jornaldasoficinas.com\\\/pt\\\/bosch-revela-nova-geracao-adas-para-conducao-assistida\\\/#primaryimage\"},\"image\":{\"@id\":\"https:\\\/\\\/jornaldasoficinas.com\\\/pt\\\/bosch-revela-nova-geracao-adas-para-conducao-assistida\\\/#primaryimage\"},\"thumbnailUrl\":\"https:\\\/\\\/jornaldasoficinas.com\\\/pt\\\/wp-content\\\/uploads\\\/2025\\\/04\\\/Bosch-revela-nova-geracao-ADAS-para-conducao-assistida.jpg\",\"datePublished\":\"2025-04-30T09:00:19+00:00\",\"description\":\"Durante a Auto Shanghai, a Bosch apresentou um portf\u00f3lio avan\u00e7ado de solu\u00e7\u00f5es para condu\u00e7\u00e3o e estacionamento assistidos e automatizados\",\"breadcrumb\":{\"@id\":\"https:\\\/\\\/jornaldasoficinas.com\\\/pt\\\/bosch-revela-nova-geracao-adas-para-conducao-assistida\\\/#breadcrumb\"},\"inLanguage\":\"pt-PT\",\"potentialAction\":[{\"@type\":\"ReadAction\",\"target\":[\"https:\\\/\\\/jornaldasoficinas.com\\\/pt\\\/bosch-revela-nova-geracao-adas-para-conducao-assistida\\\/\"]}]},{\"@type\":\"ImageObject\",\"inLanguage\":\"pt-PT\",\"@id\":\"https:\\\/\\\/jornaldasoficinas.com\\\/pt\\\/bosch-revela-nova-geracao-adas-para-conducao-assistida\\\/#primaryimage\",\"url\":\"https:\\\/\\\/jornaldasoficinas.com\\\/pt\\\/wp-content\\\/uploads\\\/2025\\\/04\\\/Bosch-revela-nova-geracao-ADAS-para-conducao-assistida.jpg\",\"contentUrl\":\"https:\\\/\\\/jornaldasoficinas.com\\\/pt\\\/wp-content\\\/uploads\\\/2025\\\/04\\\/Bosch-revela-nova-geracao-ADAS-para-conducao-assistida.jpg\",\"width\":1024,\"height\":581,\"caption\":\"04 - Bosch revela nova geracao ADAS para conducao assistida\"},{\"@type\":\"BreadcrumbList\",\"@id\":\"https:\\\/\\\/jornaldasoficinas.com\\\/pt\\\/bosch-revela-nova-geracao-adas-para-conducao-assistida\\\/#breadcrumb\",\"itemListElement\":[{\"@type\":\"ListItem\",\"position\":1,\"name\":\"In\u00edcio\",\"item\":\"https:\\\/\\\/jornaldasoficinas.com\\\/pt\\\/\"},{\"@type\":\"ListItem\",\"position\":2,\"name\":\"Bosch revela nova gera\u00e7\u00e3o ADAS para condu\u00e7\u00e3o assistida\"}]},{\"@type\":\"WebSite\",\"@id\":\"https:\\\/\\\/jornaldasoficinas.com\\\/pt\\\/#website\",\"url\":\"https:\\\/\\\/jornaldasoficinas.com\\\/pt\\\/\",\"name\":\"Jornal das Oficinas\",\"description\":\"Jornal independente do Aftermarket Autom\u00f3vel em Portugal\",\"publisher\":{\"@id\":\"https:\\\/\\\/jornaldasoficinas.com\\\/pt\\\/#organization\"},\"potentialAction\":[{\"@type\":\"SearchAction\",\"target\":{\"@type\":\"EntryPoint\",\"urlTemplate\":\"https:\\\/\\\/jornaldasoficinas.com\\\/pt\\\/?s={search_term_string}\"},\"query-input\":{\"@type\":\"PropertyValueSpecification\",\"valueRequired\":true,\"valueName\":\"search_term_string\"}}],\"inLanguage\":\"pt-PT\"},{\"@type\":\"Organization\",\"@id\":\"https:\\\/\\\/jornaldasoficinas.com\\\/pt\\\/#organization\",\"name\":\"Jornal das Oficinas\",\"url\":\"https:\\\/\\\/jornaldasoficinas.com\\\/pt\\\/\",\"logo\":{\"@type\":\"ImageObject\",\"inLanguage\":\"pt-PT\",\"@id\":\"https:\\\/\\\/jornaldasoficinas.com\\\/pt\\\/#\\\/schema\\\/logo\\\/image\\\/\",\"url\":\"https:\\\/\\\/jornaldasoficinas.com\\\/pt\\\/wp-content\\\/uploads\\\/logoJO-SEO.png\",\"contentUrl\":\"https:\\\/\\\/jornaldasoficinas.com\\\/pt\\\/wp-content\\\/uploads\\\/logoJO-SEO.png\",\"width\":285,\"height\":450,\"caption\":\"Jornal das Oficinas\"},\"image\":{\"@id\":\"https:\\\/\\\/jornaldasoficinas.com\\\/pt\\\/#\\\/schema\\\/logo\\\/image\\\/\"},\"sameAs\":[\"https:\\\/\\\/www.facebook.com\\\/jornaloficinas\",\"https:\\\/\\\/x.com\\\/jornaloficinas\",\"https:\\\/\\\/www.instagram.com\\\/jornal_oficinas\\\/\",\"https:\\\/\\\/www.linkedin.com\\\/company\\\/jornal-das-oficinas\\\/\",\"https:\\\/\\\/www.youtube.com\\\/channel\\\/UCbQZBqtcvV-oSQrr7RzINGg\"]},{\"@type\":\"Person\",\"@id\":\"https:\\\/\\\/jornaldasoficinas.com\\\/pt\\\/#\\\/schema\\\/person\\\/a38eef5de2c41d9e7c9ac10141afddf3\",\"name\":\"Reda\u00e7\u00e3o JO\",\"image\":{\"@type\":\"ImageObject\",\"inLanguage\":\"pt-PT\",\"@id\":\"https:\\\/\\\/secure.gravatar.com\\\/avatar\\\/71f2fa71737ad68a84fea94bc708ddac8ea5b0c4788dc2ad202f3ccb2887742f?s=96&d=wp_user_avatar&r=g\",\"url\":\"https:\\\/\\\/secure.gravatar.com\\\/avatar\\\/71f2fa71737ad68a84fea94bc708ddac8ea5b0c4788dc2ad202f3ccb2887742f?s=96&d=wp_user_avatar&r=g\",\"contentUrl\":\"https:\\\/\\\/secure.gravatar.com\\\/avatar\\\/71f2fa71737ad68a84fea94bc708ddac8ea5b0c4788dc2ad202f3ccb2887742f?s=96&d=wp_user_avatar&r=g\",\"caption\":\"Reda\u00e7\u00e3o JO\"},\"url\":\"https:\\\/\\\/jornaldasoficinas.com\\\/pt\\\/author\\\/joredacao\\\/\"}]}<\/script>\n<!-- \/ Yoast SEO plugin. -->","yoast_head_json":{"title":"Bosch revela nova gera\u00e7\u00e3o ADAS para condu\u00e7\u00e3o assistida - Jornal das Oficinas","description":"Durante a Auto Shanghai, a Bosch apresentou um portf\u00f3lio avan\u00e7ado de solu\u00e7\u00f5es para condu\u00e7\u00e3o e estacionamento assistidos e automatizados","robots":{"index":"index","follow":"follow","max-snippet":"max-snippet:-1","max-image-preview":"max-image-preview:large","max-video-preview":"max-video-preview:-1"},"canonical":"https:\/\/jornaldasoficinas.com\/pt\/bosch-revela-nova-geracao-adas-para-conducao-assistida\/","og_locale":"pt_PT","og_type":"article","og_title":"Bosch revela nova gera\u00e7\u00e3o ADAS para condu\u00e7\u00e3o assistida - Jornal das Oficinas","og_description":"Durante a Auto Shanghai, a Bosch apresentou um portf\u00f3lio avan\u00e7ado de solu\u00e7\u00f5es para condu\u00e7\u00e3o e estacionamento assistidos e automatizados","og_url":"https:\/\/jornaldasoficinas.com\/pt\/bosch-revela-nova-geracao-adas-para-conducao-assistida\/","og_site_name":"Jornal das Oficinas","article_publisher":"https:\/\/www.facebook.com\/jornaloficinas","article_published_time":"2025-04-30T09:00:19+00:00","og_image":[{"width":1024,"height":581,"url":"https:\/\/jornaldasoficinas.com\/pt\/wp-content\/uploads\/2025\/04\/Bosch-revela-nova-geracao-ADAS-para-conducao-assistida.jpg","type":"image\/jpeg"}],"author":"Reda\u00e7\u00e3o JO","twitter_card":"summary_large_image","twitter_creator":"@jornaloficinas","twitter_site":"@jornaloficinas","twitter_misc":{"Escrito por":"Reda\u00e7\u00e3o JO","Tempo estimado de leitura":"2 minutos"},"schema":{"@context":"https:\/\/schema.org","@graph":[{"@type":"Article","@id":"https:\/\/jornaldasoficinas.com\/pt\/bosch-revela-nova-geracao-adas-para-conducao-assistida\/#article","isPartOf":{"@id":"https:\/\/jornaldasoficinas.com\/pt\/bosch-revela-nova-geracao-adas-para-conducao-assistida\/"},"author":{"name":"Reda\u00e7\u00e3o JO","@id":"https:\/\/jornaldasoficinas.com\/pt\/#\/schema\/person\/a38eef5de2c41d9e7c9ac10141afddf3"},"headline":"Bosch revela nova gera\u00e7\u00e3o ADAS para condu\u00e7\u00e3o assistida","datePublished":"2025-04-30T09:00:19+00:00","mainEntityOfPage":{"@id":"https:\/\/jornaldasoficinas.com\/pt\/bosch-revela-nova-geracao-adas-para-conducao-assistida\/"},"wordCount":362,"publisher":{"@id":"https:\/\/jornaldasoficinas.com\/pt\/#organization"},"image":{"@id":"https:\/\/jornaldasoficinas.com\/pt\/bosch-revela-nova-geracao-adas-para-conducao-assistida\/#primaryimage"},"thumbnailUrl":"https:\/\/jornaldasoficinas.com\/pt\/wp-content\/uploads\/2025\/04\/Bosch-revela-nova-geracao-ADAS-para-conducao-assistida.jpg","keywords":["ADAS","Auto Shanghai","Bosch","componentes de software","condu\u00e7\u00e3o assistida","fabricantes autom\u00f3veis"],"articleSection":["Empresas"],"inLanguage":"pt-PT"},{"@type":"WebPage","@id":"https:\/\/jornaldasoficinas.com\/pt\/bosch-revela-nova-geracao-adas-para-conducao-assistida\/","url":"https:\/\/jornaldasoficinas.com\/pt\/bosch-revela-nova-geracao-adas-para-conducao-assistida\/","name":"Bosch revela nova gera\u00e7\u00e3o ADAS para condu\u00e7\u00e3o assistida - Jornal das Oficinas","isPartOf":{"@id":"https:\/\/jornaldasoficinas.com\/pt\/#website"},"primaryImageOfPage":{"@id":"https:\/\/jornaldasoficinas.com\/pt\/bosch-revela-nova-geracao-adas-para-conducao-assistida\/#primaryimage"},"image":{"@id":"https:\/\/jornaldasoficinas.com\/pt\/bosch-revela-nova-geracao-adas-para-conducao-assistida\/#primaryimage"},"thumbnailUrl":"https:\/\/jornaldasoficinas.com\/pt\/wp-content\/uploads\/2025\/04\/Bosch-revela-nova-geracao-ADAS-para-conducao-assistida.jpg","datePublished":"2025-04-30T09:00:19+00:00","description":"Durante a Auto Shanghai, a Bosch apresentou um portf\u00f3lio avan\u00e7ado de solu\u00e7\u00f5es para condu\u00e7\u00e3o e estacionamento assistidos e automatizados","breadcrumb":{"@id":"https:\/\/jornaldasoficinas.com\/pt\/bosch-revela-nova-geracao-adas-para-conducao-assistida\/#breadcrumb"},"inLanguage":"pt-PT","potentialAction":[{"@type":"ReadAction","target":["https:\/\/jornaldasoficinas.com\/pt\/bosch-revela-nova-geracao-adas-para-conducao-assistida\/"]}]},{"@type":"ImageObject","inLanguage":"pt-PT","@id":"https:\/\/jornaldasoficinas.com\/pt\/bosch-revela-nova-geracao-adas-para-conducao-assistida\/#primaryimage","url":"https:\/\/jornaldasoficinas.com\/pt\/wp-content\/uploads\/2025\/04\/Bosch-revela-nova-geracao-ADAS-para-conducao-assistida.jpg","contentUrl":"https:\/\/jornaldasoficinas.com\/pt\/wp-content\/uploads\/2025\/04\/Bosch-revela-nova-geracao-ADAS-para-conducao-assistida.jpg","width":1024,"height":581,"caption":"04 - Bosch revela nova geracao ADAS para conducao assistida"},{"@type":"BreadcrumbList","@id":"https:\/\/jornaldasoficinas.com\/pt\/bosch-revela-nova-geracao-adas-para-conducao-assistida\/#breadcrumb","itemListElement":[{"@type":"ListItem","position":1,"name":"In\u00edcio","item":"https:\/\/jornaldasoficinas.com\/pt\/"},{"@type":"ListItem","position":2,"name":"Bosch revela nova gera\u00e7\u00e3o ADAS para condu\u00e7\u00e3o assistida"}]},{"@type":"WebSite","@id":"https:\/\/jornaldasoficinas.com\/pt\/#website","url":"https:\/\/jornaldasoficinas.com\/pt\/","name":"Jornal das Oficinas","description":"Jornal independente do Aftermarket Autom\u00f3vel em Portugal","publisher":{"@id":"https:\/\/jornaldasoficinas.com\/pt\/#organization"},"potentialAction":[{"@type":"SearchAction","target":{"@type":"EntryPoint","urlTemplate":"https:\/\/jornaldasoficinas.com\/pt\/?s={search_term_string}"},"query-input":{"@type":"PropertyValueSpecification","valueRequired":true,"valueName":"search_term_string"}}],"inLanguage":"pt-PT"},{"@type":"Organization","@id":"https:\/\/jornaldasoficinas.com\/pt\/#organization","name":"Jornal das Oficinas","url":"https:\/\/jornaldasoficinas.com\/pt\/","logo":{"@type":"ImageObject","inLanguage":"pt-PT","@id":"https:\/\/jornaldasoficinas.com\/pt\/#\/schema\/logo\/image\/","url":"https:\/\/jornaldasoficinas.com\/pt\/wp-content\/uploads\/logoJO-SEO.png","contentUrl":"https:\/\/jornaldasoficinas.com\/pt\/wp-content\/uploads\/logoJO-SEO.png","width":285,"height":450,"caption":"Jornal das Oficinas"},"image":{"@id":"https:\/\/jornaldasoficinas.com\/pt\/#\/schema\/logo\/image\/"},"sameAs":["https:\/\/www.facebook.com\/jornaloficinas","https:\/\/x.com\/jornaloficinas","https:\/\/www.instagram.com\/jornal_oficinas\/","https:\/\/www.linkedin.com\/company\/jornal-das-oficinas\/","https:\/\/www.youtube.com\/channel\/UCbQZBqtcvV-oSQrr7RzINGg"]},{"@type":"Person","@id":"https:\/\/jornaldasoficinas.com\/pt\/#\/schema\/person\/a38eef5de2c41d9e7c9ac10141afddf3","name":"Reda\u00e7\u00e3o JO","image":{"@type":"ImageObject","inLanguage":"pt-PT","@id":"https:\/\/secure.gravatar.com\/avatar\/71f2fa71737ad68a84fea94bc708ddac8ea5b0c4788dc2ad202f3ccb2887742f?s=96&d=wp_user_avatar&r=g","url":"https:\/\/secure.gravatar.com\/avatar\/71f2fa71737ad68a84fea94bc708ddac8ea5b0c4788dc2ad202f3ccb2887742f?s=96&d=wp_user_avatar&r=g","contentUrl":"https:\/\/secure.gravatar.com\/avatar\/71f2fa71737ad68a84fea94bc708ddac8ea5b0c4788dc2ad202f3ccb2887742f?s=96&d=wp_user_avatar&r=g","caption":"Reda\u00e7\u00e3o JO"},"url":"https:\/\/jornaldasoficinas.com\/pt\/author\/joredacao\/"}]}},"_links":{"self":[{"href":"https:\/\/jornaldasoficinas.com\/pt\/wp-json\/wp\/v2\/posts\/100986","targetHints":{"allow":["GET"]}}],"collection":[{"href":"https:\/\/jornaldasoficinas.com\/pt\/wp-json\/wp\/v2\/posts"}],"about":[{"href":"https:\/\/jornaldasoficinas.com\/pt\/wp-json\/wp\/v2\/types\/post"}],"author":[{"embeddable":true,"href":"https:\/\/jornaldasoficinas.com\/pt\/wp-json\/wp\/v2\/users\/15"}],"replies":[{"embeddable":true,"href":"https:\/\/jornaldasoficinas.com\/pt\/wp-json\/wp\/v2\/comments?post=100986"}],"version-history":[{"count":6,"href":"https:\/\/jornaldasoficinas.com\/pt\/wp-json\/wp\/v2\/posts\/100986\/revisions"}],"predecessor-version":[{"id":101002,"href":"https:\/\/jornaldasoficinas.com\/pt\/wp-json\/wp\/v2\/posts\/100986\/revisions\/101002"}],"wp:featuredmedia":[{"embeddable":true,"href":"https:\/\/jornaldasoficinas.com\/pt\/wp-json\/wp\/v2\/media\/101001"}],"wp:attachment":[{"href":"https:\/\/jornaldasoficinas.com\/pt\/wp-json\/wp\/v2\/media?parent=100986"}],"wp:term":[{"taxonomy":"category","embeddable":true,"href":"https:\/\/jornaldasoficinas.com\/pt\/wp-json\/wp\/v2\/categories?post=100986"},{"taxonomy":"post_tag","embeddable":true,"href":"https:\/\/jornaldasoficinas.com\/pt\/wp-json\/wp\/v2\/tags?post=100986"}],"curies":[{"name":"wp","href":"https:\/\/api.w.org\/{rel}","templated":true}]}}