{"id":10101,"date":"2020-02-26T12:17:30","date_gmt":"2020-02-26T12:17:30","guid":{"rendered":"https:\/\/jornaldasoficinas.com\/pt\/?p=10101"},"modified":"2020-02-26T12:32:10","modified_gmt":"2020-02-26T12:32:10","slug":"comissao-europeia-quer-promover-economia-circular","status":"publish","type":"post","link":"https:\/\/jornaldasoficinas.com\/pt\/comissao-europeia-quer-promover-economia-circular\/","title":{"rendered":"Comiss\u00e3o Europeia quer promover Economia Circular"},"content":{"rendered":"<p><img loading=\"lazy\" decoding=\"async\" class=\"alignnone size-full wp-image-10100\" src=\"https:\/\/jornaldasoficinas.com\/pt\/wp-content\/uploads\/2020\/02\/assorted-cars-parked-near-trees-2035016.jpg\" alt=\"02 - assorted-cars-parked-near-trees-2035016\" width=\"1024\" height=\"581\" srcset=\"https:\/\/jornaldasoficinas.com\/pt\/wp-content\/uploads\/2020\/02\/assorted-cars-parked-near-trees-2035016.jpg 1024w, https:\/\/jornaldasoficinas.com\/pt\/wp-content\/uploads\/2020\/02\/assorted-cars-parked-near-trees-2035016-300x170.jpg 300w, https:\/\/jornaldasoficinas.com\/pt\/wp-content\/uploads\/2020\/02\/assorted-cars-parked-near-trees-2035016-150x85.jpg 150w, https:\/\/jornaldasoficinas.com\/pt\/wp-content\/uploads\/2020\/02\/assorted-cars-parked-near-trees-2035016-768x436.jpg 768w\" sizes=\"auto, (max-width: 1024px) 100vw, 1024px\" \/><\/p>\n<p><strong>A CONEPA &#8211; Federa\u00e7\u00e3o Espanhola de Empres\u00e1rios do Setor Autom\u00f3vel, teve acesso a um rascunho do novo plano de a\u00e7\u00e3o para a Economia Circular da Uni\u00e3o Europeia, que dever\u00e1 ser lan\u00e7ado nos primeiros dias de mar\u00e7o.<\/strong><\/p>\n<p>A associa\u00e7\u00e3o fez uma an\u00e1lise profunda do rascunho, destacando os conte\u00fados que consideram de maior interesse para o setor autom\u00f3vel. Assim, a <a href=\"http:\/\/www.conepa.org\/\" target=\"_blank\" rel=\"noopener noreferrer\">CONEPA<\/a> destaca os seguintes pontos:<\/p>\n<h4>Capacitar consumidores e compradores p\u00fablicos<\/h4>\n<p>N\u00e3o basta ter produtos mais sustent\u00e1veis. Para garantir que os consumidores tenham acesso mais f\u00e1cil a servi\u00e7os de repara\u00e7\u00e3o convenientes e em conta, pe\u00e7as de reposi\u00e7\u00e3o e componentes e produtos de elevada qualidade, a Comiss\u00e3o vai rever a legisla\u00e7\u00e3o do consumidor e estabelecer\u00e1 um novo &#8220;direito \u00e0 repara\u00e7\u00e3o&#8221;, com um foco particular em produtos eletr\u00f3nicos e TIC.<\/p>\n<p>Neste contexto, a Comiss\u00e3o analisar\u00e1 a extens\u00e3o das garantias concedidas aos consumidores pelos fabricantes e distribuidores, garantindo o desenvolvimento necess\u00e1rio das capacidades do setor da repara\u00e7\u00e3o e informando os consumidores sobre como e onde podem reparar os seus produtos.<\/p>\n<h4>Baterias e ve\u00edculos<\/h4>\n<p>Baterias e ve\u00edculos sustent\u00e1veis \u200b\u200bser\u00e3o a mobilidade do futuro. A estrat\u00e9gia de transporte sustent\u00e1vel e inteligente procurar\u00e1 explorar o potencial da mobilidade baseada na Economia Circular, aplicando solu\u00e7\u00f5es de produtos como um servi\u00e7o para reduzir o consumo de mat\u00e9rias-primas, otimizar o uso de infraestruturas e ve\u00edculos e eliminar desperd\u00edcios e polui\u00e7\u00e3o.<\/p>\n<p>Progredindo rapidamente para garantir a sustentabilidade da cadeia de valor da bateria emergente para a mobilidade el\u00e9trica e aumentar o potencial circular de todas as baterias, este ano a Comiss\u00e3o adotar\u00e1 um novo quadro regulamentar para as baterias. Esta proposta legislativa ser\u00e1 baseada no trabalho da Alian\u00e7a de Baterias e incluir\u00e1 as seguintes a\u00e7\u00f5es:<\/p>\n<p>\u2022 Requisitos de sustentabilidade das baterias a ter em conta, como, por exemplo, a pegada de carbono no fabrico de baterias, fornecimento \u00e9tico de mat\u00e9rias-primas e facilita\u00e7\u00e3o de reutiliza\u00e7\u00e3o, renova\u00e7\u00e3o e reciclagem;<\/p>\n<p>\u2022 Regras sobre conte\u00fado reciclado e medidas para melhorar as taxas de coleta e reciclagem de todas as baterias, a fim de garantir a recupera\u00e7\u00e3o de materiais valiosos e orientar os consumidores;<\/p>\n<p>\u2022 Abordar a utiliza\u00e7\u00e3o mais ampla de baterias n\u00e3o recarreg\u00e1veis, com vistas ao seu descarte progressivo. A revis\u00e3o dos padr\u00f5es dos ve\u00edculos em fim de vida \u00fatil visar\u00e1 promover modelos de neg\u00f3cios mais circulares, vinculando problemas de <em>design<\/em> com o tratamento em fim de vida, considerando as regras sobre o conte\u00fado reciclado obrigat\u00f3rio para certos materiais componentes e melhorando a efici\u00eancia da reciclagem.<\/p>\n<p>Al\u00e9m disso, a Comiss\u00e3o considerar\u00e1 as medidas mais eficazes para garantir a coleta e o tratamento ecol\u00f3gico dos \u00f3leos usados.<\/p>\n","protected":false},"excerpt":{"rendered":"<p>A CONEPA &#8211; Federa\u00e7\u00e3o Espanhola de&#8230;<\/p>\n","protected":false},"author":15,"featured_media":10100,"comment_status":"closed","ping_status":"closed","sticky":false,"template":"","format":"standard","meta":{"footnotes":""},"categories":[37],"tags":[1655,1654,387],"class_list":["post-10101","post","type-post","status-publish","format-standard","has-post-thumbnail","hentry","category-mercado","tag-comissao-europeia","tag-conepa","tag-economia-circular"],"yoast_head":"<!-- This site is optimized with the Yoast SEO plugin v27.5 - https:\/\/yoast.com\/product\/yoast-seo-wordpress\/ -->\n<title>Comiss\u00e3o Europeia quer promover Economia Circular - Jornal das Oficinas<\/title>\n<meta name=\"robots\" content=\"index, follow, max-snippet:-1, max-image-preview:large, max-video-preview:-1\" \/>\n<link rel=\"canonical\" href=\"https:\/\/jornaldasoficinas.com\/pt\/comissao-europeia-quer-promover-economia-circular\/\" \/>\n<meta property=\"og:locale\" content=\"pt_PT\" \/>\n<meta property=\"og:type\" content=\"article\" \/>\n<meta property=\"og:title\" content=\"Comiss\u00e3o Europeia quer promover Economia Circular - Jornal das Oficinas\" \/>\n<meta property=\"og:description\" content=\"A CONEPA &#8211; Federa\u00e7\u00e3o Espanhola de...\" \/>\n<meta property=\"og:url\" content=\"https:\/\/jornaldasoficinas.com\/pt\/comissao-europeia-quer-promover-economia-circular\/\" \/>\n<meta property=\"og:site_name\" content=\"Jornal das Oficinas\" \/>\n<meta property=\"article:publisher\" content=\"https:\/\/www.facebook.com\/jornaloficinas\" \/>\n<meta property=\"article:published_time\" content=\"2020-02-26T12:17:30+00:00\" \/>\n<meta property=\"article:modified_time\" content=\"2020-02-26T12:32:10+00:00\" \/>\n<meta property=\"og:image\" content=\"https:\/\/jornaldasoficinas.com\/pt\/wp-content\/uploads\/2020\/02\/assorted-cars-parked-near-trees-2035016.jpg\" \/>\n\t<meta property=\"og:image:width\" content=\"1024\" \/>\n\t<meta property=\"og:image:height\" content=\"581\" \/>\n\t<meta property=\"og:image:type\" content=\"image\/jpeg\" \/>\n<meta name=\"author\" content=\"Reda\u00e7\u00e3o JO\" \/>\n<meta name=\"twitter:card\" content=\"summary_large_image\" \/>\n<meta name=\"twitter:creator\" content=\"@jornaloficinas\" \/>\n<meta name=\"twitter:site\" content=\"@jornaloficinas\" \/>\n<meta name=\"twitter:label1\" content=\"Escrito por\" \/>\n\t<meta name=\"twitter:data1\" content=\"Reda\u00e7\u00e3o JO\" \/>\n\t<meta name=\"twitter:label2\" content=\"Tempo estimado de leitura\" \/>\n\t<meta name=\"twitter:data2\" content=\"2 minutos\" \/>\n<script type=\"application\/ld+json\" class=\"yoast-schema-graph\">{\"@context\":\"https:\\\/\\\/schema.org\",\"@graph\":[{\"@type\":\"Article\",\"@id\":\"https:\\\/\\\/jornaldasoficinas.com\\\/pt\\\/comissao-europeia-quer-promover-economia-circular\\\/#article\",\"isPartOf\":{\"@id\":\"https:\\\/\\\/jornaldasoficinas.com\\\/pt\\\/comissao-europeia-quer-promover-economia-circular\\\/\"},\"author\":{\"name\":\"Reda\u00e7\u00e3o JO\",\"@id\":\"https:\\\/\\\/jornaldasoficinas.com\\\/pt\\\/#\\\/schema\\\/person\\\/a38eef5de2c41d9e7c9ac10141afddf3\"},\"headline\":\"Comiss\u00e3o Europeia quer promover Economia Circular\",\"datePublished\":\"2020-02-26T12:17:30+00:00\",\"dateModified\":\"2020-02-26T12:32:10+00:00\",\"mainEntityOfPage\":{\"@id\":\"https:\\\/\\\/jornaldasoficinas.com\\\/pt\\\/comissao-europeia-quer-promover-economia-circular\\\/\"},\"wordCount\":484,\"publisher\":{\"@id\":\"https:\\\/\\\/jornaldasoficinas.com\\\/pt\\\/#organization\"},\"image\":{\"@id\":\"https:\\\/\\\/jornaldasoficinas.com\\\/pt\\\/comissao-europeia-quer-promover-economia-circular\\\/#primaryimage\"},\"thumbnailUrl\":\"https:\\\/\\\/jornaldasoficinas.com\\\/pt\\\/wp-content\\\/uploads\\\/2020\\\/02\\\/assorted-cars-parked-near-trees-2035016.jpg\",\"keywords\":[\"Comiss\u00e3o Europeia\",\"CONEPA\",\"Economia Circular\"],\"articleSection\":[\"Mercado\"],\"inLanguage\":\"pt-PT\"},{\"@type\":\"WebPage\",\"@id\":\"https:\\\/\\\/jornaldasoficinas.com\\\/pt\\\/comissao-europeia-quer-promover-economia-circular\\\/\",\"url\":\"https:\\\/\\\/jornaldasoficinas.com\\\/pt\\\/comissao-europeia-quer-promover-economia-circular\\\/\",\"name\":\"Comiss\u00e3o Europeia quer promover Economia Circular - Jornal das Oficinas\",\"isPartOf\":{\"@id\":\"https:\\\/\\\/jornaldasoficinas.com\\\/pt\\\/#website\"},\"primaryImageOfPage\":{\"@id\":\"https:\\\/\\\/jornaldasoficinas.com\\\/pt\\\/comissao-europeia-quer-promover-economia-circular\\\/#primaryimage\"},\"image\":{\"@id\":\"https:\\\/\\\/jornaldasoficinas.com\\\/pt\\\/comissao-europeia-quer-promover-economia-circular\\\/#primaryimage\"},\"thumbnailUrl\":\"https:\\\/\\\/jornaldasoficinas.com\\\/pt\\\/wp-content\\\/uploads\\\/2020\\\/02\\\/assorted-cars-parked-near-trees-2035016.jpg\",\"datePublished\":\"2020-02-26T12:17:30+00:00\",\"dateModified\":\"2020-02-26T12:32:10+00:00\",\"breadcrumb\":{\"@id\":\"https:\\\/\\\/jornaldasoficinas.com\\\/pt\\\/comissao-europeia-quer-promover-economia-circular\\\/#breadcrumb\"},\"inLanguage\":\"pt-PT\",\"potentialAction\":[{\"@type\":\"ReadAction\",\"target\":[\"https:\\\/\\\/jornaldasoficinas.com\\\/pt\\\/comissao-europeia-quer-promover-economia-circular\\\/\"]}]},{\"@type\":\"ImageObject\",\"inLanguage\":\"pt-PT\",\"@id\":\"https:\\\/\\\/jornaldasoficinas.com\\\/pt\\\/comissao-europeia-quer-promover-economia-circular\\\/#primaryimage\",\"url\":\"https:\\\/\\\/jornaldasoficinas.com\\\/pt\\\/wp-content\\\/uploads\\\/2020\\\/02\\\/assorted-cars-parked-near-trees-2035016.jpg\",\"contentUrl\":\"https:\\\/\\\/jornaldasoficinas.com\\\/pt\\\/wp-content\\\/uploads\\\/2020\\\/02\\\/assorted-cars-parked-near-trees-2035016.jpg\",\"width\":1024,\"height\":581,\"caption\":\"02 - assorted-cars-parked-near-trees-2035016\"},{\"@type\":\"BreadcrumbList\",\"@id\":\"https:\\\/\\\/jornaldasoficinas.com\\\/pt\\\/comissao-europeia-quer-promover-economia-circular\\\/#breadcrumb\",\"itemListElement\":[{\"@type\":\"ListItem\",\"position\":1,\"name\":\"In\u00edcio\",\"item\":\"https:\\\/\\\/jornaldasoficinas.com\\\/pt\\\/\"},{\"@type\":\"ListItem\",\"position\":2,\"name\":\"Comiss\u00e3o Europeia quer promover Economia Circular\"}]},{\"@type\":\"WebSite\",\"@id\":\"https:\\\/\\\/jornaldasoficinas.com\\\/pt\\\/#website\",\"url\":\"https:\\\/\\\/jornaldasoficinas.com\\\/pt\\\/\",\"name\":\"Jornal das Oficinas\",\"description\":\"Jornal independente do Aftermarket Autom\u00f3vel em Portugal\",\"publisher\":{\"@id\":\"https:\\\/\\\/jornaldasoficinas.com\\\/pt\\\/#organization\"},\"potentialAction\":[{\"@type\":\"SearchAction\",\"target\":{\"@type\":\"EntryPoint\",\"urlTemplate\":\"https:\\\/\\\/jornaldasoficinas.com\\\/pt\\\/?s={search_term_string}\"},\"query-input\":{\"@type\":\"PropertyValueSpecification\",\"valueRequired\":true,\"valueName\":\"search_term_string\"}}],\"inLanguage\":\"pt-PT\"},{\"@type\":\"Organization\",\"@id\":\"https:\\\/\\\/jornaldasoficinas.com\\\/pt\\\/#organization\",\"name\":\"Jornal das Oficinas\",\"url\":\"https:\\\/\\\/jornaldasoficinas.com\\\/pt\\\/\",\"logo\":{\"@type\":\"ImageObject\",\"inLanguage\":\"pt-PT\",\"@id\":\"https:\\\/\\\/jornaldasoficinas.com\\\/pt\\\/#\\\/schema\\\/logo\\\/image\\\/\",\"url\":\"https:\\\/\\\/jornaldasoficinas.com\\\/pt\\\/wp-content\\\/uploads\\\/logoJO-SEO.png\",\"contentUrl\":\"https:\\\/\\\/jornaldasoficinas.com\\\/pt\\\/wp-content\\\/uploads\\\/logoJO-SEO.png\",\"width\":285,\"height\":450,\"caption\":\"Jornal das Oficinas\"},\"image\":{\"@id\":\"https:\\\/\\\/jornaldasoficinas.com\\\/pt\\\/#\\\/schema\\\/logo\\\/image\\\/\"},\"sameAs\":[\"https:\\\/\\\/www.facebook.com\\\/jornaloficinas\",\"https:\\\/\\\/x.com\\\/jornaloficinas\",\"https:\\\/\\\/www.instagram.com\\\/jornal_oficinas\\\/\",\"https:\\\/\\\/www.linkedin.com\\\/company\\\/jornal-das-oficinas\\\/\",\"https:\\\/\\\/www.youtube.com\\\/channel\\\/UCbQZBqtcvV-oSQrr7RzINGg\"]},{\"@type\":\"Person\",\"@id\":\"https:\\\/\\\/jornaldasoficinas.com\\\/pt\\\/#\\\/schema\\\/person\\\/a38eef5de2c41d9e7c9ac10141afddf3\",\"name\":\"Reda\u00e7\u00e3o JO\",\"image\":{\"@type\":\"ImageObject\",\"inLanguage\":\"pt-PT\",\"@id\":\"https:\\\/\\\/secure.gravatar.com\\\/avatar\\\/71f2fa71737ad68a84fea94bc708ddac8ea5b0c4788dc2ad202f3ccb2887742f?s=96&d=wp_user_avatar&r=g\",\"url\":\"https:\\\/\\\/secure.gravatar.com\\\/avatar\\\/71f2fa71737ad68a84fea94bc708ddac8ea5b0c4788dc2ad202f3ccb2887742f?s=96&d=wp_user_avatar&r=g\",\"contentUrl\":\"https:\\\/\\\/secure.gravatar.com\\\/avatar\\\/71f2fa71737ad68a84fea94bc708ddac8ea5b0c4788dc2ad202f3ccb2887742f?s=96&d=wp_user_avatar&r=g\",\"caption\":\"Reda\u00e7\u00e3o JO\"},\"url\":\"https:\\\/\\\/jornaldasoficinas.com\\\/pt\\\/author\\\/joredacao\\\/\"}]}<\/script>\n<!-- \/ Yoast SEO plugin. -->","yoast_head_json":{"title":"Comiss\u00e3o Europeia quer promover Economia Circular - Jornal das Oficinas","robots":{"index":"index","follow":"follow","max-snippet":"max-snippet:-1","max-image-preview":"max-image-preview:large","max-video-preview":"max-video-preview:-1"},"canonical":"https:\/\/jornaldasoficinas.com\/pt\/comissao-europeia-quer-promover-economia-circular\/","og_locale":"pt_PT","og_type":"article","og_title":"Comiss\u00e3o Europeia quer promover Economia Circular - Jornal das Oficinas","og_description":"A CONEPA &#8211; Federa\u00e7\u00e3o Espanhola de...","og_url":"https:\/\/jornaldasoficinas.com\/pt\/comissao-europeia-quer-promover-economia-circular\/","og_site_name":"Jornal das Oficinas","article_publisher":"https:\/\/www.facebook.com\/jornaloficinas","article_published_time":"2020-02-26T12:17:30+00:00","article_modified_time":"2020-02-26T12:32:10+00:00","og_image":[{"width":1024,"height":581,"url":"https:\/\/jornaldasoficinas.com\/pt\/wp-content\/uploads\/2020\/02\/assorted-cars-parked-near-trees-2035016.jpg","type":"image\/jpeg"}],"author":"Reda\u00e7\u00e3o JO","twitter_card":"summary_large_image","twitter_creator":"@jornaloficinas","twitter_site":"@jornaloficinas","twitter_misc":{"Escrito por":"Reda\u00e7\u00e3o JO","Tempo estimado de leitura":"2 minutos"},"schema":{"@context":"https:\/\/schema.org","@graph":[{"@type":"Article","@id":"https:\/\/jornaldasoficinas.com\/pt\/comissao-europeia-quer-promover-economia-circular\/#article","isPartOf":{"@id":"https:\/\/jornaldasoficinas.com\/pt\/comissao-europeia-quer-promover-economia-circular\/"},"author":{"name":"Reda\u00e7\u00e3o JO","@id":"https:\/\/jornaldasoficinas.com\/pt\/#\/schema\/person\/a38eef5de2c41d9e7c9ac10141afddf3"},"headline":"Comiss\u00e3o Europeia quer promover Economia Circular","datePublished":"2020-02-26T12:17:30+00:00","dateModified":"2020-02-26T12:32:10+00:00","mainEntityOfPage":{"@id":"https:\/\/jornaldasoficinas.com\/pt\/comissao-europeia-quer-promover-economia-circular\/"},"wordCount":484,"publisher":{"@id":"https:\/\/jornaldasoficinas.com\/pt\/#organization"},"image":{"@id":"https:\/\/jornaldasoficinas.com\/pt\/comissao-europeia-quer-promover-economia-circular\/#primaryimage"},"thumbnailUrl":"https:\/\/jornaldasoficinas.com\/pt\/wp-content\/uploads\/2020\/02\/assorted-cars-parked-near-trees-2035016.jpg","keywords":["Comiss\u00e3o Europeia","CONEPA","Economia Circular"],"articleSection":["Mercado"],"inLanguage":"pt-PT"},{"@type":"WebPage","@id":"https:\/\/jornaldasoficinas.com\/pt\/comissao-europeia-quer-promover-economia-circular\/","url":"https:\/\/jornaldasoficinas.com\/pt\/comissao-europeia-quer-promover-economia-circular\/","name":"Comiss\u00e3o Europeia quer promover Economia Circular - Jornal das Oficinas","isPartOf":{"@id":"https:\/\/jornaldasoficinas.com\/pt\/#website"},"primaryImageOfPage":{"@id":"https:\/\/jornaldasoficinas.com\/pt\/comissao-europeia-quer-promover-economia-circular\/#primaryimage"},"image":{"@id":"https:\/\/jornaldasoficinas.com\/pt\/comissao-europeia-quer-promover-economia-circular\/#primaryimage"},"thumbnailUrl":"https:\/\/jornaldasoficinas.com\/pt\/wp-content\/uploads\/2020\/02\/assorted-cars-parked-near-trees-2035016.jpg","datePublished":"2020-02-26T12:17:30+00:00","dateModified":"2020-02-26T12:32:10+00:00","breadcrumb":{"@id":"https:\/\/jornaldasoficinas.com\/pt\/comissao-europeia-quer-promover-economia-circular\/#breadcrumb"},"inLanguage":"pt-PT","potentialAction":[{"@type":"ReadAction","target":["https:\/\/jornaldasoficinas.com\/pt\/comissao-europeia-quer-promover-economia-circular\/"]}]},{"@type":"ImageObject","inLanguage":"pt-PT","@id":"https:\/\/jornaldasoficinas.com\/pt\/comissao-europeia-quer-promover-economia-circular\/#primaryimage","url":"https:\/\/jornaldasoficinas.com\/pt\/wp-content\/uploads\/2020\/02\/assorted-cars-parked-near-trees-2035016.jpg","contentUrl":"https:\/\/jornaldasoficinas.com\/pt\/wp-content\/uploads\/2020\/02\/assorted-cars-parked-near-trees-2035016.jpg","width":1024,"height":581,"caption":"02 - assorted-cars-parked-near-trees-2035016"},{"@type":"BreadcrumbList","@id":"https:\/\/jornaldasoficinas.com\/pt\/comissao-europeia-quer-promover-economia-circular\/#breadcrumb","itemListElement":[{"@type":"ListItem","position":1,"name":"In\u00edcio","item":"https:\/\/jornaldasoficinas.com\/pt\/"},{"@type":"ListItem","position":2,"name":"Comiss\u00e3o Europeia quer promover Economia Circular"}]},{"@type":"WebSite","@id":"https:\/\/jornaldasoficinas.com\/pt\/#website","url":"https:\/\/jornaldasoficinas.com\/pt\/","name":"Jornal das Oficinas","description":"Jornal independente do Aftermarket Autom\u00f3vel em Portugal","publisher":{"@id":"https:\/\/jornaldasoficinas.com\/pt\/#organization"},"potentialAction":[{"@type":"SearchAction","target":{"@type":"EntryPoint","urlTemplate":"https:\/\/jornaldasoficinas.com\/pt\/?s={search_term_string}"},"query-input":{"@type":"PropertyValueSpecification","valueRequired":true,"valueName":"search_term_string"}}],"inLanguage":"pt-PT"},{"@type":"Organization","@id":"https:\/\/jornaldasoficinas.com\/pt\/#organization","name":"Jornal das Oficinas","url":"https:\/\/jornaldasoficinas.com\/pt\/","logo":{"@type":"ImageObject","inLanguage":"pt-PT","@id":"https:\/\/jornaldasoficinas.com\/pt\/#\/schema\/logo\/image\/","url":"https:\/\/jornaldasoficinas.com\/pt\/wp-content\/uploads\/logoJO-SEO.png","contentUrl":"https:\/\/jornaldasoficinas.com\/pt\/wp-content\/uploads\/logoJO-SEO.png","width":285,"height":450,"caption":"Jornal das Oficinas"},"image":{"@id":"https:\/\/jornaldasoficinas.com\/pt\/#\/schema\/logo\/image\/"},"sameAs":["https:\/\/www.facebook.com\/jornaloficinas","https:\/\/x.com\/jornaloficinas","https:\/\/www.instagram.com\/jornal_oficinas\/","https:\/\/www.linkedin.com\/company\/jornal-das-oficinas\/","https:\/\/www.youtube.com\/channel\/UCbQZBqtcvV-oSQrr7RzINGg"]},{"@type":"Person","@id":"https:\/\/jornaldasoficinas.com\/pt\/#\/schema\/person\/a38eef5de2c41d9e7c9ac10141afddf3","name":"Reda\u00e7\u00e3o JO","image":{"@type":"ImageObject","inLanguage":"pt-PT","@id":"https:\/\/secure.gravatar.com\/avatar\/71f2fa71737ad68a84fea94bc708ddac8ea5b0c4788dc2ad202f3ccb2887742f?s=96&d=wp_user_avatar&r=g","url":"https:\/\/secure.gravatar.com\/avatar\/71f2fa71737ad68a84fea94bc708ddac8ea5b0c4788dc2ad202f3ccb2887742f?s=96&d=wp_user_avatar&r=g","contentUrl":"https:\/\/secure.gravatar.com\/avatar\/71f2fa71737ad68a84fea94bc708ddac8ea5b0c4788dc2ad202f3ccb2887742f?s=96&d=wp_user_avatar&r=g","caption":"Reda\u00e7\u00e3o JO"},"url":"https:\/\/jornaldasoficinas.com\/pt\/author\/joredacao\/"}]}},"_links":{"self":[{"href":"https:\/\/jornaldasoficinas.com\/pt\/wp-json\/wp\/v2\/posts\/10101","targetHints":{"allow":["GET"]}}],"collection":[{"href":"https:\/\/jornaldasoficinas.com\/pt\/wp-json\/wp\/v2\/posts"}],"about":[{"href":"https:\/\/jornaldasoficinas.com\/pt\/wp-json\/wp\/v2\/types\/post"}],"author":[{"embeddable":true,"href":"https:\/\/jornaldasoficinas.com\/pt\/wp-json\/wp\/v2\/users\/15"}],"replies":[{"embeddable":true,"href":"https:\/\/jornaldasoficinas.com\/pt\/wp-json\/wp\/v2\/comments?post=10101"}],"version-history":[{"count":0,"href":"https:\/\/jornaldasoficinas.com\/pt\/wp-json\/wp\/v2\/posts\/10101\/revisions"}],"wp:featuredmedia":[{"embeddable":true,"href":"https:\/\/jornaldasoficinas.com\/pt\/wp-json\/wp\/v2\/media\/10100"}],"wp:attachment":[{"href":"https:\/\/jornaldasoficinas.com\/pt\/wp-json\/wp\/v2\/media?parent=10101"}],"wp:term":[{"taxonomy":"category","embeddable":true,"href":"https:\/\/jornaldasoficinas.com\/pt\/wp-json\/wp\/v2\/categories?post=10101"},{"taxonomy":"post_tag","embeddable":true,"href":"https:\/\/jornaldasoficinas.com\/pt\/wp-json\/wp\/v2\/tags?post=10101"}],"curies":[{"name":"wp","href":"https:\/\/api.w.org\/{rel}","templated":true}]}}