{"id":101121,"date":"2025-05-02T18:00:15","date_gmt":"2025-05-02T17:00:15","guid":{"rendered":"https:\/\/jornaldasoficinas.com\/pt\/?p=101121"},"modified":"2025-04-30T22:59:06","modified_gmt":"2025-04-30T21:59:06","slug":"xxiii-premios-personalidade-do-pos-venda-2025-foi-um-sucesso","status":"publish","type":"post","link":"https:\/\/jornaldasoficinas.com\/pt\/xxiii-premios-personalidade-do-pos-venda-2025-foi-um-sucesso\/","title":{"rendered":"XXIII Pr\u00e9mios \u201cPersonalidade do P\u00f3s-venda 2025\u201d foi um sucesso"},"content":{"rendered":"<p><strong><img loading=\"lazy\" decoding=\"async\" class=\"alignnone size-full wp-image-101129\" src=\"https:\/\/jornaldasoficinas.com\/pt\/wp-content\/uploads\/2025\/04\/XXIII-Premios-Personalidade-do-Pos-venda-2025-foi-um-sucesso.jpg\" alt=\"04 - XXIII Premios Personalidade do Pos venda 2025 foi um sucesso\" width=\"1024\" height=\"581\" srcset=\"https:\/\/jornaldasoficinas.com\/pt\/wp-content\/uploads\/2025\/04\/XXIII-Premios-Personalidade-do-Pos-venda-2025-foi-um-sucesso.jpg 1024w, https:\/\/jornaldasoficinas.com\/pt\/wp-content\/uploads\/2025\/04\/XXIII-Premios-Personalidade-do-Pos-venda-2025-foi-um-sucesso-300x170.jpg 300w, https:\/\/jornaldasoficinas.com\/pt\/wp-content\/uploads\/2025\/04\/XXIII-Premios-Personalidade-do-Pos-venda-2025-foi-um-sucesso-150x85.jpg 150w, https:\/\/jornaldasoficinas.com\/pt\/wp-content\/uploads\/2025\/04\/XXIII-Premios-Personalidade-do-Pos-venda-2025-foi-um-sucesso-768x436.jpg 768w\" sizes=\"auto, (max-width: 1024px) 100vw, 1024px\" \/><\/strong><\/p>\n<p><strong>Mais de 400 pessoas reuniram-se na Ifema Madrid no dia 22 de abril, para homenagear Juan Carlos Mart\u00edn (<a href=\"https:\/\/www.adparts.com\/\" target=\"_blank\" rel=\"noopener\">AD Parts<\/a>), Emilio Orta (<a href=\"https:\/\/www.drivparts.com\/\" target=\"_blank\" rel=\"noopener\">DRiV<\/a>) e Juan Carlos P\u00e9rez-Castellanos (<a href=\"https:\/\/www.groupautounioniberica.com\/\" target=\"_blank\" rel=\"noopener\">GAUIb<\/a>); Jos\u00e9 Luis Gata (<a href=\"https:\/\/www.solera.com\/\" target=\"_blank\" rel=\"noopener\">Solera<\/a>) e Jos\u00e9 Juesas (<a href=\"https:\/\/www.rsegorbe.com\/\" target=\"_blank\" rel=\"noopener\">Recambios Segorbe<\/a>), os premiados deste ano, com os pr\u00e9mios &#8220;Personalidade do P\u00f3s-venda 2025&#8221;<\/strong><\/p>\n<p>A Sala Oriente do Ifema Madrid acolheu, na tarde de 22 de abril, a entrega dos XXIII Pr\u00e9mios Personalidade do P\u00f3s-Venda, organizados pela Posventa.info e Talleres en Comunicaci\u00f3n, com o apoio da Motortec. A cerim\u00f3nia reuniu mais de 400 pessoas, num evento que refor\u00e7ou o seu papel como plataforma anual de refer\u00eancia.<\/p>\n<p>Na categoria Personalidade do P\u00f3s-venda, Juan Carlos Mart\u00edn, diretor geral da AD Parts e vice-presidente da Ancera, recebeu o pr\u00e9mio das m\u00e3os de Xabier Jauregizar, diretor comercial para Espanha e Portugal da Alkar Automotive, que fez um resumo da trajet\u00f3ria do premiado, destacando o seu bom trabalho \u00e0 frente do principal grupo de distribui\u00e7\u00e3o espanhol.<\/p>\n<p>Por sua vez, Emilio Orta, Senior Sales Manager Key Account Manager na DRiV, recebeu o pr\u00e9mio das m\u00e3os do seu ex-colega Egoitz Goiricelaya, rec\u00e9m-nomeado diretor de Vendas e Opera\u00e7\u00f5es da NRF para a Pen\u00ednsula Ib\u00e9rica, e de St\u00e9phane Verschelde, diretor-geral para Fran\u00e7a e Pen\u00ednsula Ib\u00e9rica na DRiV. Orta dedicou o pr\u00e9mio aos colegas, familiares e amigos e quis deixar uma lembran\u00e7a especial para sua terra, Val\u00eancia, agradecendo a todos os volunt\u00e1rios que compareceram ap\u00f3s a DANA.<\/p>\n<p>O terceiro pr\u00e9mio Personalidade do P\u00f3s-Venda foi para Juan Carlos P\u00e9rez-Castellanos, ex-diretor geral da Groupauto Uni\u00f3n Ib\u00e9rica, que recebeu o pr\u00e9mio das m\u00e3os da sua sucessora \u00e0 frente do grupo, Nines Garc\u00eda de la Fuente, tamb\u00e9m presidente da Ancera. Nines destacou a mestria profissional de Juan Carlos, que, por sua vez, salientou que o seu principal m\u00e9rito profissional foi ter-se rodeado da melhor equipa. P\u00e9rez-Castellanos tamb\u00e9m quis dedicar o pr\u00e9mio \u00e0 sua esposa, presente no evento.<\/p>\n<p>Na categoria Trajet\u00f3ria, Jos\u00e9 Luis Gata, Business Development Manager da Solera, recebeu o pr\u00e9mio das m\u00e3os de Jaime Silvela, diretor-geral da empresa na Pen\u00ednsula Ib\u00e9rica, e de Jos\u00e9 Mar\u00eda Galofr\u00e9, CEO da Volvo Espanha, que destacaram como Gata soube mudar o p\u00f3s-venda na Volvo e, mais tarde, desenvolver a \u00e1rea de P\u00f3s-venda na Solera. Por sua vez, Jos\u00e9 Luis Gata fez uma panor\u00e2mica de toda a sua vida profissional, desde os seus in\u00edcios numa oficina independente at\u00e9 esta \u00faltima etapa na Solera.<\/p>\n<p>Jos\u00e9 Juesas, co-fundador da Auto Recambios Segorbe, foi reconhecido pelos seus 48 anos dedicados ao p\u00f3s-venda autom\u00f3vel. Juesas, que iniciou o seu neg\u00f3cio em 1978 com hor\u00e1rios de mais de 18 horas por dia, destacou a import\u00e2ncia da renova\u00e7\u00e3o geracional e dedicou o pr\u00e9mio aos seus irm\u00e3os, cofundadores do neg\u00f3cio. Juesas recebeu o reconhecimento das m\u00e3os de Antonio L\u00f3pez, diretor-geral da Reynasa e colega de grupo na Serca.<\/p>\n<p>O pr\u00e9mio Soy Posventero foi atribu\u00eddo \u00e0 Talleres Bonilla, concession\u00e1ria Peugeot em Toledo. Luc\u00eda Bonilla, CEO da Bonilla Motor, recebeu o pr\u00e9mio por um neg\u00f3cio em que transformou a oficina familiar num ecossistema integral de mobilidade. Bonilla enfatizou a import\u00e2ncia das PME e do p\u00f3s-venda dentro dos neg\u00f3cios de marcas. O seu foco na tecnologia e na experi\u00eancia do cliente reflete a adapta\u00e7\u00e3o necess\u00e1ria \u00e0s mudan\u00e7as sociodemogr\u00e1ficas.<\/p>\n<p>Ap\u00f3s estes pr\u00e9mios, Miguel \u00c1ngel Jimeno, editor da Talleres en Comunicaci\u00f3n e Posventa.info, anunciou a sua &#8220;sa\u00edda&#8221; por motivos de reforma, embora tenha sublinhado que se manter\u00e1 ativo no setor, organizando os pr\u00e9mios Personalidades do P\u00f3s-Venda e &#8220;reunindo-me com amigos de um setor que me fascina&#8221;. Jimeno recebeu o reconhecimento da sala, que se levantou, da reda\u00e7\u00e3o da revista, que lhe entregou uma capa personalizada, e dos seus colegas e amigos da imprensa, que lhe ofereceram uma caneta.<\/p>\n","protected":false},"excerpt":{"rendered":"<p>Mais de 400 pessoas reuniram-se na&#8230;<\/p>\n","protected":false},"author":15,"featured_media":101129,"comment_status":"closed","ping_status":"closed","sticky":false,"template":"","format":"standard","meta":{"footnotes":""},"categories":[37],"tags":[447,2011,2837,4870,24,12610,1053],"class_list":["post-101121","post","type-post","status-publish","format-standard","has-post-thumbnail","hentry","category-mercado","tag-ad-parts","tag-driv","tag-gauib","tag-ifema-madrid","tag-motortec","tag-recambios-segorbe","tag-solera"],"yoast_head":"<!-- This site is optimized with the Yoast SEO plugin v27.4 - https:\/\/yoast.com\/product\/yoast-seo-wordpress\/ -->\n<title>XXIII Pr\u00e9mios \u201cPersonalidade do P\u00f3s-venda 2025\u201d foi um sucesso - Jornal das Oficinas<\/title>\n<meta name=\"description\" content=\"Mais de 400 pessoas reuniram-se na Ifema Madrid para homenagear os premiados na categoria de &quot;Personalidade do P\u00f3s-venda 2025&quot;\" \/>\n<meta name=\"robots\" content=\"index, follow, max-snippet:-1, max-image-preview:large, max-video-preview:-1\" \/>\n<link rel=\"canonical\" href=\"https:\/\/jornaldasoficinas.com\/pt\/xxiii-premios-personalidade-do-pos-venda-2025-foi-um-sucesso\/\" \/>\n<meta property=\"og:locale\" content=\"pt_PT\" \/>\n<meta property=\"og:type\" content=\"article\" \/>\n<meta property=\"og:title\" content=\"XXIII Pr\u00e9mios \u201cPersonalidade do P\u00f3s-venda 2025\u201d foi um sucesso - Jornal das Oficinas\" \/>\n<meta property=\"og:description\" content=\"Mais de 400 pessoas reuniram-se na Ifema Madrid para homenagear os premiados na categoria de &quot;Personalidade do P\u00f3s-venda 2025&quot;\" \/>\n<meta property=\"og:url\" content=\"https:\/\/jornaldasoficinas.com\/pt\/xxiii-premios-personalidade-do-pos-venda-2025-foi-um-sucesso\/\" \/>\n<meta property=\"og:site_name\" content=\"Jornal das Oficinas\" \/>\n<meta property=\"article:publisher\" content=\"https:\/\/www.facebook.com\/jornaloficinas\" \/>\n<meta property=\"article:published_time\" content=\"2025-05-02T17:00:15+00:00\" \/>\n<meta property=\"og:image\" content=\"https:\/\/jornaldasoficinas.com\/pt\/wp-content\/uploads\/2025\/04\/XXIII-Premios-Personalidade-do-Pos-venda-2025-foi-um-sucesso.jpg\" \/>\n\t<meta property=\"og:image:width\" content=\"1024\" \/>\n\t<meta property=\"og:image:height\" content=\"581\" \/>\n\t<meta property=\"og:image:type\" content=\"image\/jpeg\" \/>\n<meta name=\"author\" content=\"Reda\u00e7\u00e3o JO\" \/>\n<meta name=\"twitter:card\" content=\"summary_large_image\" \/>\n<meta name=\"twitter:creator\" content=\"@jornaloficinas\" \/>\n<meta name=\"twitter:site\" content=\"@jornaloficinas\" \/>\n<meta name=\"twitter:label1\" content=\"Escrito por\" \/>\n\t<meta name=\"twitter:data1\" content=\"Reda\u00e7\u00e3o JO\" \/>\n\t<meta name=\"twitter:label2\" content=\"Tempo estimado de leitura\" \/>\n\t<meta name=\"twitter:data2\" content=\"4 minutos\" \/>\n<script type=\"application\/ld+json\" class=\"yoast-schema-graph\">{\"@context\":\"https:\\\/\\\/schema.org\",\"@graph\":[{\"@type\":\"Article\",\"@id\":\"https:\\\/\\\/jornaldasoficinas.com\\\/pt\\\/xxiii-premios-personalidade-do-pos-venda-2025-foi-um-sucesso\\\/#article\",\"isPartOf\":{\"@id\":\"https:\\\/\\\/jornaldasoficinas.com\\\/pt\\\/xxiii-premios-personalidade-do-pos-venda-2025-foi-um-sucesso\\\/\"},\"author\":{\"name\":\"Reda\u00e7\u00e3o JO\",\"@id\":\"https:\\\/\\\/jornaldasoficinas.com\\\/pt\\\/#\\\/schema\\\/person\\\/a38eef5de2c41d9e7c9ac10141afddf3\"},\"headline\":\"XXIII Pr\u00e9mios \u201cPersonalidade do P\u00f3s-venda 2025\u201d foi um sucesso\",\"datePublished\":\"2025-05-02T17:00:15+00:00\",\"mainEntityOfPage\":{\"@id\":\"https:\\\/\\\/jornaldasoficinas.com\\\/pt\\\/xxiii-premios-personalidade-do-pos-venda-2025-foi-um-sucesso\\\/\"},\"wordCount\":688,\"publisher\":{\"@id\":\"https:\\\/\\\/jornaldasoficinas.com\\\/pt\\\/#organization\"},\"image\":{\"@id\":\"https:\\\/\\\/jornaldasoficinas.com\\\/pt\\\/xxiii-premios-personalidade-do-pos-venda-2025-foi-um-sucesso\\\/#primaryimage\"},\"thumbnailUrl\":\"https:\\\/\\\/jornaldasoficinas.com\\\/pt\\\/wp-content\\\/uploads\\\/2025\\\/04\\\/XXIII-Premios-Personalidade-do-Pos-venda-2025-foi-um-sucesso.jpg\",\"keywords\":[\"AD Parts\",\"DRiV\",\"GAUIb\",\"IFEMA MADRID\",\"Motortec\",\"Recambios Segorbe\",\"Solera\"],\"articleSection\":[\"Mercado\"],\"inLanguage\":\"pt-PT\"},{\"@type\":\"WebPage\",\"@id\":\"https:\\\/\\\/jornaldasoficinas.com\\\/pt\\\/xxiii-premios-personalidade-do-pos-venda-2025-foi-um-sucesso\\\/\",\"url\":\"https:\\\/\\\/jornaldasoficinas.com\\\/pt\\\/xxiii-premios-personalidade-do-pos-venda-2025-foi-um-sucesso\\\/\",\"name\":\"XXIII Pr\u00e9mios \u201cPersonalidade do P\u00f3s-venda 2025\u201d foi um sucesso - Jornal das Oficinas\",\"isPartOf\":{\"@id\":\"https:\\\/\\\/jornaldasoficinas.com\\\/pt\\\/#website\"},\"primaryImageOfPage\":{\"@id\":\"https:\\\/\\\/jornaldasoficinas.com\\\/pt\\\/xxiii-premios-personalidade-do-pos-venda-2025-foi-um-sucesso\\\/#primaryimage\"},\"image\":{\"@id\":\"https:\\\/\\\/jornaldasoficinas.com\\\/pt\\\/xxiii-premios-personalidade-do-pos-venda-2025-foi-um-sucesso\\\/#primaryimage\"},\"thumbnailUrl\":\"https:\\\/\\\/jornaldasoficinas.com\\\/pt\\\/wp-content\\\/uploads\\\/2025\\\/04\\\/XXIII-Premios-Personalidade-do-Pos-venda-2025-foi-um-sucesso.jpg\",\"datePublished\":\"2025-05-02T17:00:15+00:00\",\"description\":\"Mais de 400 pessoas reuniram-se na Ifema Madrid para homenagear os premiados na categoria de \\\"Personalidade do P\u00f3s-venda 2025\\\"\",\"breadcrumb\":{\"@id\":\"https:\\\/\\\/jornaldasoficinas.com\\\/pt\\\/xxiii-premios-personalidade-do-pos-venda-2025-foi-um-sucesso\\\/#breadcrumb\"},\"inLanguage\":\"pt-PT\",\"potentialAction\":[{\"@type\":\"ReadAction\",\"target\":[\"https:\\\/\\\/jornaldasoficinas.com\\\/pt\\\/xxiii-premios-personalidade-do-pos-venda-2025-foi-um-sucesso\\\/\"]}]},{\"@type\":\"ImageObject\",\"inLanguage\":\"pt-PT\",\"@id\":\"https:\\\/\\\/jornaldasoficinas.com\\\/pt\\\/xxiii-premios-personalidade-do-pos-venda-2025-foi-um-sucesso\\\/#primaryimage\",\"url\":\"https:\\\/\\\/jornaldasoficinas.com\\\/pt\\\/wp-content\\\/uploads\\\/2025\\\/04\\\/XXIII-Premios-Personalidade-do-Pos-venda-2025-foi-um-sucesso.jpg\",\"contentUrl\":\"https:\\\/\\\/jornaldasoficinas.com\\\/pt\\\/wp-content\\\/uploads\\\/2025\\\/04\\\/XXIII-Premios-Personalidade-do-Pos-venda-2025-foi-um-sucesso.jpg\",\"width\":1024,\"height\":581,\"caption\":\"04 - XXIII Premios Personalidade do Pos venda 2025 foi um sucesso\"},{\"@type\":\"BreadcrumbList\",\"@id\":\"https:\\\/\\\/jornaldasoficinas.com\\\/pt\\\/xxiii-premios-personalidade-do-pos-venda-2025-foi-um-sucesso\\\/#breadcrumb\",\"itemListElement\":[{\"@type\":\"ListItem\",\"position\":1,\"name\":\"In\u00edcio\",\"item\":\"https:\\\/\\\/jornaldasoficinas.com\\\/pt\\\/\"},{\"@type\":\"ListItem\",\"position\":2,\"name\":\"XXIII Pr\u00e9mios \u201cPersonalidade do P\u00f3s-venda 2025\u201d foi um sucesso\"}]},{\"@type\":\"WebSite\",\"@id\":\"https:\\\/\\\/jornaldasoficinas.com\\\/pt\\\/#website\",\"url\":\"https:\\\/\\\/jornaldasoficinas.com\\\/pt\\\/\",\"name\":\"Jornal das Oficinas\",\"description\":\"Jornal independente do Aftermarket Autom\u00f3vel em Portugal\",\"publisher\":{\"@id\":\"https:\\\/\\\/jornaldasoficinas.com\\\/pt\\\/#organization\"},\"potentialAction\":[{\"@type\":\"SearchAction\",\"target\":{\"@type\":\"EntryPoint\",\"urlTemplate\":\"https:\\\/\\\/jornaldasoficinas.com\\\/pt\\\/?s={search_term_string}\"},\"query-input\":{\"@type\":\"PropertyValueSpecification\",\"valueRequired\":true,\"valueName\":\"search_term_string\"}}],\"inLanguage\":\"pt-PT\"},{\"@type\":\"Organization\",\"@id\":\"https:\\\/\\\/jornaldasoficinas.com\\\/pt\\\/#organization\",\"name\":\"Jornal das Oficinas\",\"url\":\"https:\\\/\\\/jornaldasoficinas.com\\\/pt\\\/\",\"logo\":{\"@type\":\"ImageObject\",\"inLanguage\":\"pt-PT\",\"@id\":\"https:\\\/\\\/jornaldasoficinas.com\\\/pt\\\/#\\\/schema\\\/logo\\\/image\\\/\",\"url\":\"https:\\\/\\\/jornaldasoficinas.com\\\/pt\\\/wp-content\\\/uploads\\\/logoJO-SEO.png\",\"contentUrl\":\"https:\\\/\\\/jornaldasoficinas.com\\\/pt\\\/wp-content\\\/uploads\\\/logoJO-SEO.png\",\"width\":285,\"height\":450,\"caption\":\"Jornal das Oficinas\"},\"image\":{\"@id\":\"https:\\\/\\\/jornaldasoficinas.com\\\/pt\\\/#\\\/schema\\\/logo\\\/image\\\/\"},\"sameAs\":[\"https:\\\/\\\/www.facebook.com\\\/jornaloficinas\",\"https:\\\/\\\/x.com\\\/jornaloficinas\",\"https:\\\/\\\/www.instagram.com\\\/jornal_oficinas\\\/\",\"https:\\\/\\\/www.linkedin.com\\\/company\\\/jornal-das-oficinas\\\/\",\"https:\\\/\\\/www.youtube.com\\\/channel\\\/UCbQZBqtcvV-oSQrr7RzINGg\"]},{\"@type\":\"Person\",\"@id\":\"https:\\\/\\\/jornaldasoficinas.com\\\/pt\\\/#\\\/schema\\\/person\\\/a38eef5de2c41d9e7c9ac10141afddf3\",\"name\":\"Reda\u00e7\u00e3o JO\",\"image\":{\"@type\":\"ImageObject\",\"inLanguage\":\"pt-PT\",\"@id\":\"https:\\\/\\\/secure.gravatar.com\\\/avatar\\\/71f2fa71737ad68a84fea94bc708ddac8ea5b0c4788dc2ad202f3ccb2887742f?s=96&d=wp_user_avatar&r=g\",\"url\":\"https:\\\/\\\/secure.gravatar.com\\\/avatar\\\/71f2fa71737ad68a84fea94bc708ddac8ea5b0c4788dc2ad202f3ccb2887742f?s=96&d=wp_user_avatar&r=g\",\"contentUrl\":\"https:\\\/\\\/secure.gravatar.com\\\/avatar\\\/71f2fa71737ad68a84fea94bc708ddac8ea5b0c4788dc2ad202f3ccb2887742f?s=96&d=wp_user_avatar&r=g\",\"caption\":\"Reda\u00e7\u00e3o JO\"},\"url\":\"https:\\\/\\\/jornaldasoficinas.com\\\/pt\\\/author\\\/joredacao\\\/\"}]}<\/script>\n<!-- \/ Yoast SEO plugin. -->","yoast_head_json":{"title":"XXIII Pr\u00e9mios \u201cPersonalidade do P\u00f3s-venda 2025\u201d foi um sucesso - Jornal das Oficinas","description":"Mais de 400 pessoas reuniram-se na Ifema Madrid para homenagear os premiados na categoria de \"Personalidade do P\u00f3s-venda 2025\"","robots":{"index":"index","follow":"follow","max-snippet":"max-snippet:-1","max-image-preview":"max-image-preview:large","max-video-preview":"max-video-preview:-1"},"canonical":"https:\/\/jornaldasoficinas.com\/pt\/xxiii-premios-personalidade-do-pos-venda-2025-foi-um-sucesso\/","og_locale":"pt_PT","og_type":"article","og_title":"XXIII Pr\u00e9mios \u201cPersonalidade do P\u00f3s-venda 2025\u201d foi um sucesso - Jornal das Oficinas","og_description":"Mais de 400 pessoas reuniram-se na Ifema Madrid para homenagear os premiados na categoria de \"Personalidade do P\u00f3s-venda 2025\"","og_url":"https:\/\/jornaldasoficinas.com\/pt\/xxiii-premios-personalidade-do-pos-venda-2025-foi-um-sucesso\/","og_site_name":"Jornal das Oficinas","article_publisher":"https:\/\/www.facebook.com\/jornaloficinas","article_published_time":"2025-05-02T17:00:15+00:00","og_image":[{"width":1024,"height":581,"url":"https:\/\/jornaldasoficinas.com\/pt\/wp-content\/uploads\/2025\/04\/XXIII-Premios-Personalidade-do-Pos-venda-2025-foi-um-sucesso.jpg","type":"image\/jpeg"}],"author":"Reda\u00e7\u00e3o JO","twitter_card":"summary_large_image","twitter_creator":"@jornaloficinas","twitter_site":"@jornaloficinas","twitter_misc":{"Escrito por":"Reda\u00e7\u00e3o JO","Tempo estimado de leitura":"4 minutos"},"schema":{"@context":"https:\/\/schema.org","@graph":[{"@type":"Article","@id":"https:\/\/jornaldasoficinas.com\/pt\/xxiii-premios-personalidade-do-pos-venda-2025-foi-um-sucesso\/#article","isPartOf":{"@id":"https:\/\/jornaldasoficinas.com\/pt\/xxiii-premios-personalidade-do-pos-venda-2025-foi-um-sucesso\/"},"author":{"name":"Reda\u00e7\u00e3o JO","@id":"https:\/\/jornaldasoficinas.com\/pt\/#\/schema\/person\/a38eef5de2c41d9e7c9ac10141afddf3"},"headline":"XXIII Pr\u00e9mios \u201cPersonalidade do P\u00f3s-venda 2025\u201d foi um sucesso","datePublished":"2025-05-02T17:00:15+00:00","mainEntityOfPage":{"@id":"https:\/\/jornaldasoficinas.com\/pt\/xxiii-premios-personalidade-do-pos-venda-2025-foi-um-sucesso\/"},"wordCount":688,"publisher":{"@id":"https:\/\/jornaldasoficinas.com\/pt\/#organization"},"image":{"@id":"https:\/\/jornaldasoficinas.com\/pt\/xxiii-premios-personalidade-do-pos-venda-2025-foi-um-sucesso\/#primaryimage"},"thumbnailUrl":"https:\/\/jornaldasoficinas.com\/pt\/wp-content\/uploads\/2025\/04\/XXIII-Premios-Personalidade-do-Pos-venda-2025-foi-um-sucesso.jpg","keywords":["AD Parts","DRiV","GAUIb","IFEMA MADRID","Motortec","Recambios Segorbe","Solera"],"articleSection":["Mercado"],"inLanguage":"pt-PT"},{"@type":"WebPage","@id":"https:\/\/jornaldasoficinas.com\/pt\/xxiii-premios-personalidade-do-pos-venda-2025-foi-um-sucesso\/","url":"https:\/\/jornaldasoficinas.com\/pt\/xxiii-premios-personalidade-do-pos-venda-2025-foi-um-sucesso\/","name":"XXIII Pr\u00e9mios \u201cPersonalidade do P\u00f3s-venda 2025\u201d foi um sucesso - Jornal das Oficinas","isPartOf":{"@id":"https:\/\/jornaldasoficinas.com\/pt\/#website"},"primaryImageOfPage":{"@id":"https:\/\/jornaldasoficinas.com\/pt\/xxiii-premios-personalidade-do-pos-venda-2025-foi-um-sucesso\/#primaryimage"},"image":{"@id":"https:\/\/jornaldasoficinas.com\/pt\/xxiii-premios-personalidade-do-pos-venda-2025-foi-um-sucesso\/#primaryimage"},"thumbnailUrl":"https:\/\/jornaldasoficinas.com\/pt\/wp-content\/uploads\/2025\/04\/XXIII-Premios-Personalidade-do-Pos-venda-2025-foi-um-sucesso.jpg","datePublished":"2025-05-02T17:00:15+00:00","description":"Mais de 400 pessoas reuniram-se na Ifema Madrid para homenagear os premiados na categoria de \"Personalidade do P\u00f3s-venda 2025\"","breadcrumb":{"@id":"https:\/\/jornaldasoficinas.com\/pt\/xxiii-premios-personalidade-do-pos-venda-2025-foi-um-sucesso\/#breadcrumb"},"inLanguage":"pt-PT","potentialAction":[{"@type":"ReadAction","target":["https:\/\/jornaldasoficinas.com\/pt\/xxiii-premios-personalidade-do-pos-venda-2025-foi-um-sucesso\/"]}]},{"@type":"ImageObject","inLanguage":"pt-PT","@id":"https:\/\/jornaldasoficinas.com\/pt\/xxiii-premios-personalidade-do-pos-venda-2025-foi-um-sucesso\/#primaryimage","url":"https:\/\/jornaldasoficinas.com\/pt\/wp-content\/uploads\/2025\/04\/XXIII-Premios-Personalidade-do-Pos-venda-2025-foi-um-sucesso.jpg","contentUrl":"https:\/\/jornaldasoficinas.com\/pt\/wp-content\/uploads\/2025\/04\/XXIII-Premios-Personalidade-do-Pos-venda-2025-foi-um-sucesso.jpg","width":1024,"height":581,"caption":"04 - XXIII Premios Personalidade do Pos venda 2025 foi um sucesso"},{"@type":"BreadcrumbList","@id":"https:\/\/jornaldasoficinas.com\/pt\/xxiii-premios-personalidade-do-pos-venda-2025-foi-um-sucesso\/#breadcrumb","itemListElement":[{"@type":"ListItem","position":1,"name":"In\u00edcio","item":"https:\/\/jornaldasoficinas.com\/pt\/"},{"@type":"ListItem","position":2,"name":"XXIII Pr\u00e9mios \u201cPersonalidade do P\u00f3s-venda 2025\u201d foi um sucesso"}]},{"@type":"WebSite","@id":"https:\/\/jornaldasoficinas.com\/pt\/#website","url":"https:\/\/jornaldasoficinas.com\/pt\/","name":"Jornal das Oficinas","description":"Jornal independente do Aftermarket Autom\u00f3vel em Portugal","publisher":{"@id":"https:\/\/jornaldasoficinas.com\/pt\/#organization"},"potentialAction":[{"@type":"SearchAction","target":{"@type":"EntryPoint","urlTemplate":"https:\/\/jornaldasoficinas.com\/pt\/?s={search_term_string}"},"query-input":{"@type":"PropertyValueSpecification","valueRequired":true,"valueName":"search_term_string"}}],"inLanguage":"pt-PT"},{"@type":"Organization","@id":"https:\/\/jornaldasoficinas.com\/pt\/#organization","name":"Jornal das Oficinas","url":"https:\/\/jornaldasoficinas.com\/pt\/","logo":{"@type":"ImageObject","inLanguage":"pt-PT","@id":"https:\/\/jornaldasoficinas.com\/pt\/#\/schema\/logo\/image\/","url":"https:\/\/jornaldasoficinas.com\/pt\/wp-content\/uploads\/logoJO-SEO.png","contentUrl":"https:\/\/jornaldasoficinas.com\/pt\/wp-content\/uploads\/logoJO-SEO.png","width":285,"height":450,"caption":"Jornal das Oficinas"},"image":{"@id":"https:\/\/jornaldasoficinas.com\/pt\/#\/schema\/logo\/image\/"},"sameAs":["https:\/\/www.facebook.com\/jornaloficinas","https:\/\/x.com\/jornaloficinas","https:\/\/www.instagram.com\/jornal_oficinas\/","https:\/\/www.linkedin.com\/company\/jornal-das-oficinas\/","https:\/\/www.youtube.com\/channel\/UCbQZBqtcvV-oSQrr7RzINGg"]},{"@type":"Person","@id":"https:\/\/jornaldasoficinas.com\/pt\/#\/schema\/person\/a38eef5de2c41d9e7c9ac10141afddf3","name":"Reda\u00e7\u00e3o JO","image":{"@type":"ImageObject","inLanguage":"pt-PT","@id":"https:\/\/secure.gravatar.com\/avatar\/71f2fa71737ad68a84fea94bc708ddac8ea5b0c4788dc2ad202f3ccb2887742f?s=96&d=wp_user_avatar&r=g","url":"https:\/\/secure.gravatar.com\/avatar\/71f2fa71737ad68a84fea94bc708ddac8ea5b0c4788dc2ad202f3ccb2887742f?s=96&d=wp_user_avatar&r=g","contentUrl":"https:\/\/secure.gravatar.com\/avatar\/71f2fa71737ad68a84fea94bc708ddac8ea5b0c4788dc2ad202f3ccb2887742f?s=96&d=wp_user_avatar&r=g","caption":"Reda\u00e7\u00e3o JO"},"url":"https:\/\/jornaldasoficinas.com\/pt\/author\/joredacao\/"}]}},"_links":{"self":[{"href":"https:\/\/jornaldasoficinas.com\/pt\/wp-json\/wp\/v2\/posts\/101121","targetHints":{"allow":["GET"]}}],"collection":[{"href":"https:\/\/jornaldasoficinas.com\/pt\/wp-json\/wp\/v2\/posts"}],"about":[{"href":"https:\/\/jornaldasoficinas.com\/pt\/wp-json\/wp\/v2\/types\/post"}],"author":[{"embeddable":true,"href":"https:\/\/jornaldasoficinas.com\/pt\/wp-json\/wp\/v2\/users\/15"}],"replies":[{"embeddable":true,"href":"https:\/\/jornaldasoficinas.com\/pt\/wp-json\/wp\/v2\/comments?post=101121"}],"version-history":[{"count":5,"href":"https:\/\/jornaldasoficinas.com\/pt\/wp-json\/wp\/v2\/posts\/101121\/revisions"}],"predecessor-version":[{"id":101130,"href":"https:\/\/jornaldasoficinas.com\/pt\/wp-json\/wp\/v2\/posts\/101121\/revisions\/101130"}],"wp:featuredmedia":[{"embeddable":true,"href":"https:\/\/jornaldasoficinas.com\/pt\/wp-json\/wp\/v2\/media\/101129"}],"wp:attachment":[{"href":"https:\/\/jornaldasoficinas.com\/pt\/wp-json\/wp\/v2\/media?parent=101121"}],"wp:term":[{"taxonomy":"category","embeddable":true,"href":"https:\/\/jornaldasoficinas.com\/pt\/wp-json\/wp\/v2\/categories?post=101121"},{"taxonomy":"post_tag","embeddable":true,"href":"https:\/\/jornaldasoficinas.com\/pt\/wp-json\/wp\/v2\/tags?post=101121"}],"curies":[{"name":"wp","href":"https:\/\/api.w.org\/{rel}","templated":true}]}}