{"id":101147,"date":"2025-05-04T21:00:25","date_gmt":"2025-05-04T20:00:25","guid":{"rendered":"https:\/\/jornaldasoficinas.com\/pt\/?p=101147"},"modified":"2025-05-02T15:16:10","modified_gmt":"2025-05-02T14:16:10","slug":"somos-hoje-o-grupo-recalvi-em-portugal-bomboleo","status":"publish","type":"post","link":"https:\/\/jornaldasoficinas.com\/pt\/somos-hoje-o-grupo-recalvi-em-portugal-bomboleo\/","title":{"rendered":"&#8220;Somos hoje o Grupo Recalvi em Portugal&#8221;, Bomb\u00f3leo"},"content":{"rendered":"<p><img loading=\"lazy\" decoding=\"async\" class=\"alignnone size-full wp-image-101134\" src=\"https:\/\/jornaldasoficinas.com\/pt\/wp-content\/uploads\/2025\/05\/bomboleo-recalvi-parts.jpeg\" alt=\"05 - bomboleo recalvi parts\" width=\"1024\" height=\"581\" srcset=\"https:\/\/jornaldasoficinas.com\/pt\/wp-content\/uploads\/2025\/05\/bomboleo-recalvi-parts.jpeg 1024w, https:\/\/jornaldasoficinas.com\/pt\/wp-content\/uploads\/2025\/05\/bomboleo-recalvi-parts-300x170.jpeg 300w, https:\/\/jornaldasoficinas.com\/pt\/wp-content\/uploads\/2025\/05\/bomboleo-recalvi-parts-150x85.jpeg 150w, https:\/\/jornaldasoficinas.com\/pt\/wp-content\/uploads\/2025\/05\/bomboleo-recalvi-parts-768x436.jpeg 768w\" sizes=\"auto, (max-width: 1024px) 100vw, 1024px\" \/><\/p>\n<p><strong>Reconhecida como especialista em turbos e diesel, a <a href=\"https:\/\/www.bomboleo.com\/\" target=\"_blank\" rel=\"noopener\">Bomb\u00f3leo<\/a> est\u00e1 agora apostada em desenvolver o neg\u00f3cio fora das suas \u00e1reas de especialidade. Recentemente \u2013 e em conjunto com a empresa <a href=\"https:\/\/www.iberoturbo.com\/\" target=\"_blank\" rel=\"noopener\">Iberoturbo<\/a> \u2013 passou a integrar o <a href=\"https:\/\/www.recalvi.es\/pt\/\" target=\"_blank\" rel=\"noopener\">Grupo Recalvi<\/a>, que \u00e9 um dos principais distribuidores de pe\u00e7as espanhol, e ir\u00e1 assumir um novo nome: Bomb\u00f3leo Recalvi Parts SA. Convers\u00e1mos com Paulo Marques, CEO da Bomb\u00f3leo e l\u00edder do projeto Recalvi Parts em Portugal, para saber mais sobre esta estrat\u00e9gia de crescimento da empresa no aftermarket<\/strong><\/p>\n<p>A hist\u00f3ria da Bomb\u00f3leo come\u00e7ou a escrever-se h\u00e1 mais de seis d\u00e9cadas, na \u00e1rea da repara\u00e7\u00e3o de Diesel e, desde ent\u00e3o, a empresa foi aumentando a sua capacidade de resposta em cada vez mais especialidades do aftermarket. Agora, para dar o \u00absalto\u00bb e desenvolver o neg\u00f3cio, &#8220;era preciso um parceiro estrat\u00e9gico&#8221;, como come\u00e7a por nos dizer Paulo Marques, que explica que encontrou na espanhola Radsa Recambios Auto Diesel, &#8220;a empresa mais parecida \u00e0 Bomb\u00f3leo, quer fosse pelas marcas, como pela tradi\u00e7\u00e3o ou pelo produto que trabalham. Primeiro passamos pela fase do relacionamento pr\u00f3ximo, depois \u00e0 interajuda, at\u00e9 ao di\u00e1logo mais corporativo&#8221;. Sendo a Radsa detida em 51% pelo Grupo Recalvi, que tem como CEO, Chema Rodriguez, surgiu a ideia de criar a &#8220;Bomb\u00f3leo Recalvi Parts em Portugal, que ser\u00e1 uma extens\u00e3o do projeto de globaliza\u00e7\u00e3o do grupo espanhol, uma vez que est\u00e1 em curso uma integra\u00e7\u00e3o em Espanha de todas as &#8220;Recalvi&#8221; em Recalvi Parts.<\/p>\n<p><strong>Uma alian\u00e7a necess\u00e1ria<\/strong><br \/>\nPara o CEO da Bomb\u00f3leo, &#8220;do ponto de vista estrat\u00e9gico, isto traz-nos um conjunto de produtos e de investimento que, sozinhos, ter\u00edamos muita dificuldade em prosseguir, por isso \u00e9 que digo que h\u00e1 alguns anos que necessit\u00e1vamos desta alian\u00e7a&#8221;. Paulo Marques salienta ainda que &#8220;pretendemos expandir este neg\u00f3cio e, dada a dimens\u00e3o do Grupo Recalvi, permite-nos encar\u00e1-lo melhor do ponto de vista da poss\u00edvel rentabilidade, porque o mercado est\u00e1 demasiado agressivo em algumas marcas, e assim vamo-nos posicionar com um potencial parceiro em marcas que, efetivamente, n\u00e3o vend\u00edamos muitas vezes nas condi\u00e7\u00f5es que o mercado pretendia. Por outro lado, temos uma miss\u00e3o muito clara de crescimento por via org\u00e2nica, por aquisi\u00e7\u00f5es e investimentos estrat\u00e9gicos&#8221;. Assim, ser\u00e3o adicionadas novas marcas ao portf\u00f3lio atual da empresa que passar\u00e1, tamb\u00e9m, a contar com a marca pr\u00f3pria RecOficial, \u201cque tem como bandeira a qualidade, j\u00e1 que 95% dos produtos utilizados s\u00e3o fabricados na Europa. Tendemos a olhar para as marcas pr\u00f3prias como uma quest\u00e3o de pre\u00e7o, o que n\u00e3o corresponde \u00e0 verdade. N\u00e3o \u00e9 unicamente o pre\u00e7o, mas sim a qualidade que nos orienta&#8221;, garante Paulo Marques. Al\u00e9m das marcas pr\u00f3prias, trabalham tamb\u00e9m com pe\u00e7as reconstru\u00eddas, na maioria com marca do fabricante.<\/p>\n<p><strong>Acrescentar sem substituir<\/strong><br \/>\nCom este aumento de marcas e linhas de produto no portf\u00f3lio, a necessidade de fazer crescer a capacidade de armazenamento foi, desde logo, tida em conta. Assim, \u201coptamos por apostar na centralidade que Leiria oferece, com uma plataforma log\u00edstica de 2.500m2&#8243; revela Paulo Marques. A Bomb\u00f3leo mant\u00e9m, assim, os sete p\u00f3los log\u00edsticos em Coina, Oliveira do Hospital, Porto, Braga, Algarve, Massam\u00e1 e Leiria. Com a incorpora\u00e7\u00e3o no Grupo Recalvi, deixam o <a href=\"https:\/\/www.serca.es\/\" target=\"_blank\" rel=\"noopener\">grupo Serca<\/a>, mantendo-se em 2025 a Bomb\u00f3leo na <a href=\"https:\/\/www.nexusautomotiveinternational.eu\/en\/n-group\" target=\"_blank\" rel=\"noopener\">Nexus<\/a> e a Recalvi na <a href=\"https:\/\/www.temot.com\/\" target=\"_blank\" rel=\"noopener\">Temot.<\/a> Mant\u00e9m-se tamb\u00e9m a vontade de desenvolver e fazer crescer o conceito oficinal da <a href=\"https:\/\/www.magnetimarelli-parts-and-services.pt\/\" target=\"_blank\" rel=\"noopener\">Magnetti Marelli Checkstar,<\/a> assim como as linhas de produto e a pr\u00f3pria rede da Bosch, pois \u201cs\u00f3 vimos acrescentar, n\u00e3o queremos substituir nada\u201d, sublinha Paulo Marques.<\/p>\n<p><strong>Adquirir para crescer<\/strong><br \/>\n\u00c9 inten\u00e7\u00e3o do Grupo Bomb\u00f3leo Recalvi, fazer aquisi\u00e7\u00f5es de outras empresas, para fortalecer o neg\u00f3cio, e o primeiro investimento j\u00e1 foi efetivado. Desde o final de mar\u00e7o que se tornaram s\u00f3cios maiorit\u00e1rios da Trustauto. O grupo Trustauto, que mudar\u00e1 de nome para Recalvi Retail \u00e9 parte integrante da estrat\u00e9gia, \u00e9 continuar\u00e1 a ser liderado pelo fundador e CEO Ricardo Ribeiro, isto porque &#8220;Vimos para acrescentar, n\u00e3o querendo mudar nada do que se faz de bem feito na empresa, que ter\u00e1 por responsabilidade fazer a dinamiza\u00e7\u00e3o daquilo que ser\u00e1 o nosso neg\u00f3cio de retalho&#8221;, afirma Paulo Marques, que assegura que &#8220;os acordos estrat\u00e9gicos que a Trustauto tem com os seus fornecedores diretos, bem como a liga\u00e7\u00e3o existente \u00e0 Stellantis, ser\u00e3o para manter, assim como a marca pr\u00f3pria Trust e ainda a Growparts que a Bomb\u00f3leo estava a promover desde o ano passado. Acrescenta-se tamb\u00e9m que a Trustauto representa 35 pontos de venda, o que nos ir\u00e1 permitir uma maximiza\u00e7\u00e3o do neg\u00f3cio pela capilaridade. Queremos ser &#8220;a op\u00e7\u00e3o 360\u00ba&#8221; para a oficina&#8221;. Pretende-se ainda abra\u00e7ar muitos daqueles que fazem parte do projeto Atlantic Parts, pois muitos deles tinham e t\u00eam uma conex\u00e3o muito forte com a marca Recalvi e a sua rede oficinal RecOficial. &#8220;Por respeito ao trabalho efetuado, devemos agora privilegiar e acolher de forma especial os retalhistas bem como as oficinas que pertencem \u00e0 nossa rede, estamos justamente agora a iniciar este trabalho&#8221;, refere.<br \/>\nPor outro lado, mant\u00e9m-se tamb\u00e9m a opera\u00e7\u00e3o internacional da Bomb\u00f3leo, quer no Brasil, como em Angola, e esperam &#8220;juntar as tr\u00eas for\u00e7as&#8221; no que \u00e0 forma\u00e7\u00e3o diz respeito, sendo o pr\u00f3ximo ano &#8220;fort\u00edssimo em termos formativos, pois a componente t\u00e9cnica \u00e9 algo que a Bomb\u00f3leo privilegia, portanto, vamos tirar o melhor do Grupo, o que a Trustauto fazia e faz, aquilo que n\u00f3s fazemos e o que a Recalvi faz\u201d, adianta. A ideia \u00e9 que as empresas, agora unidas (Recalvi, Bomb\u00f3leo e Trustauto), continuem a laborar de forma aut\u00f3noma, com call centers e plataformas B2B separadas. J\u00e1 as encomendas passam a serem geridas &#8220;com sistemas inform\u00e1ticos integrados&#8221;. Estando o grupo Recalvi muito envolvido no desporto autom\u00f3vel, a Bomb\u00f3leo pretende, a partir de agora, \u201cpotenciar essa cultura, que \u00e9 muito pr\u00f3pria. N\u00e3o nos esque\u00e7amos que a Recalvi tem a equipa que \u00e9 campe\u00e3 de Espanha de Ralis. N\u00e3o \u00e9 uma equipa patrocinada, \u00e9 a sua pr\u00f3pria equipa&#8221;, deu conta o respons\u00e1vel.<\/p>\n<p><strong>&#8220;Um marco na hist\u00f3ria da empresa&#8221;<\/strong><br \/>\nPaulo Marques olha para este momento como &#8220;um marco na hist\u00f3ria da empresa&#8221;, depois, claro, da funda\u00e7\u00e3o e da internacionaliza\u00e7\u00e3o. Sobre a Trustauto, Paulo Marques salienta&#8230; fique a par do artigo completo na edi\u00e7\u00e3o impressa do Jornal das Oficinas de abril\/maio 2025, <a href=\"https:\/\/www.yumpu.com\/pt\/document\/read\/70346264\/jornal-das-oficinas-222\/22\" target=\"_blank\" rel=\"noopener\">aqui<\/a>.<\/p>\n","protected":false},"excerpt":{"rendered":"<p>Reconhecida como especialista em turbos e&#8230;<\/p>\n","protected":false},"author":15,"featured_media":101134,"comment_status":"closed","ping_status":"closed","sticky":false,"template":"","format":"standard","meta":{"footnotes":""},"categories":[38],"tags":[93,12617,1105,572,2689,2384,12618,3798,7141,12616,2493,153],"class_list":["post-101147","post","type-post","status-publish","format-standard","has-post-thumbnail","hentry","category-entrevistas","tag-bomboleo","tag-chema-rodriguez","tag-diesel","tag-grupo-recalvi","tag-grupo-serca","tag-iberoturbo","tag-magnetti-marelli-checkstar","tag-nexus","tag-paulo-marques","tag-recalvi-parts","tag-temot","tag-turbos"],"yoast_head":"<!-- This site is optimized with the Yoast SEO plugin v27.4 - https:\/\/yoast.com\/product\/yoast-seo-wordpress\/ -->\n<title>&quot;Somos hoje o Grupo Recalvi em Portugal&quot;, Bomb\u00f3leo - Jornal das Oficinas<\/title>\n<meta name=\"description\" content=\"Reconhecida como especialista em turbos e diesel, a Bomb\u00f3leo est\u00e1 agora apostada em desenvolver o neg\u00f3cio fora das suas \u00e1reas de especialidade\" \/>\n<meta name=\"robots\" content=\"index, follow, max-snippet:-1, max-image-preview:large, max-video-preview:-1\" \/>\n<link rel=\"canonical\" href=\"https:\/\/jornaldasoficinas.com\/pt\/somos-hoje-o-grupo-recalvi-em-portugal-bomboleo\/\" \/>\n<meta property=\"og:locale\" content=\"pt_PT\" \/>\n<meta property=\"og:type\" content=\"article\" \/>\n<meta property=\"og:title\" content=\"&quot;Somos hoje o Grupo Recalvi em Portugal&quot;, Bomb\u00f3leo - Jornal das Oficinas\" \/>\n<meta property=\"og:description\" content=\"Reconhecida como especialista em turbos e diesel, a Bomb\u00f3leo est\u00e1 agora apostada em desenvolver o neg\u00f3cio fora das suas \u00e1reas de especialidade\" \/>\n<meta property=\"og:url\" content=\"https:\/\/jornaldasoficinas.com\/pt\/somos-hoje-o-grupo-recalvi-em-portugal-bomboleo\/\" \/>\n<meta property=\"og:site_name\" content=\"Jornal das Oficinas\" \/>\n<meta property=\"article:publisher\" content=\"https:\/\/www.facebook.com\/jornaloficinas\" \/>\n<meta property=\"article:published_time\" content=\"2025-05-04T20:00:25+00:00\" \/>\n<meta property=\"og:image\" content=\"https:\/\/jornaldasoficinas.com\/pt\/wp-content\/uploads\/2025\/05\/bomboleo-recalvi-parts.jpeg\" \/>\n\t<meta property=\"og:image:width\" content=\"1024\" \/>\n\t<meta property=\"og:image:height\" content=\"581\" \/>\n\t<meta property=\"og:image:type\" content=\"image\/jpeg\" \/>\n<meta name=\"author\" content=\"Reda\u00e7\u00e3o JO\" \/>\n<meta name=\"twitter:card\" content=\"summary_large_image\" \/>\n<meta name=\"twitter:creator\" content=\"@jornaloficinas\" \/>\n<meta name=\"twitter:site\" content=\"@jornaloficinas\" \/>\n<meta name=\"twitter:label1\" content=\"Escrito por\" \/>\n\t<meta name=\"twitter:data1\" content=\"Reda\u00e7\u00e3o JO\" \/>\n\t<meta name=\"twitter:label2\" content=\"Tempo estimado de leitura\" \/>\n\t<meta name=\"twitter:data2\" content=\"6 minutos\" \/>\n<script type=\"application\/ld+json\" class=\"yoast-schema-graph\">{\"@context\":\"https:\\\/\\\/schema.org\",\"@graph\":[{\"@type\":\"Article\",\"@id\":\"https:\\\/\\\/jornaldasoficinas.com\\\/pt\\\/somos-hoje-o-grupo-recalvi-em-portugal-bomboleo\\\/#article\",\"isPartOf\":{\"@id\":\"https:\\\/\\\/jornaldasoficinas.com\\\/pt\\\/somos-hoje-o-grupo-recalvi-em-portugal-bomboleo\\\/\"},\"author\":{\"name\":\"Reda\u00e7\u00e3o JO\",\"@id\":\"https:\\\/\\\/jornaldasoficinas.com\\\/pt\\\/#\\\/schema\\\/person\\\/a38eef5de2c41d9e7c9ac10141afddf3\"},\"headline\":\"&#8220;Somos hoje o Grupo Recalvi em Portugal&#8221;, Bomb\u00f3leo\",\"datePublished\":\"2025-05-04T20:00:25+00:00\",\"mainEntityOfPage\":{\"@id\":\"https:\\\/\\\/jornaldasoficinas.com\\\/pt\\\/somos-hoje-o-grupo-recalvi-em-portugal-bomboleo\\\/\"},\"wordCount\":1120,\"publisher\":{\"@id\":\"https:\\\/\\\/jornaldasoficinas.com\\\/pt\\\/#organization\"},\"image\":{\"@id\":\"https:\\\/\\\/jornaldasoficinas.com\\\/pt\\\/somos-hoje-o-grupo-recalvi-em-portugal-bomboleo\\\/#primaryimage\"},\"thumbnailUrl\":\"https:\\\/\\\/jornaldasoficinas.com\\\/pt\\\/wp-content\\\/uploads\\\/2025\\\/05\\\/bomboleo-recalvi-parts.jpeg\",\"keywords\":[\"Bomb\u00f3leo\",\"Chema Rodriguez\",\"Diesel\",\"Grupo Recalvi\",\"Grupo Serca\",\"Iberoturbo\",\"Magnetti Marelli Checkstar\",\"Nexus\",\"Paulo Marques\",\"Recalvi Parts\",\"TEMOT\",\"Turbos\"],\"articleSection\":[\"Entrevistas\"],\"inLanguage\":\"pt-PT\"},{\"@type\":\"WebPage\",\"@id\":\"https:\\\/\\\/jornaldasoficinas.com\\\/pt\\\/somos-hoje-o-grupo-recalvi-em-portugal-bomboleo\\\/\",\"url\":\"https:\\\/\\\/jornaldasoficinas.com\\\/pt\\\/somos-hoje-o-grupo-recalvi-em-portugal-bomboleo\\\/\",\"name\":\"\\\"Somos hoje o Grupo Recalvi em Portugal\\\", Bomb\u00f3leo - Jornal das Oficinas\",\"isPartOf\":{\"@id\":\"https:\\\/\\\/jornaldasoficinas.com\\\/pt\\\/#website\"},\"primaryImageOfPage\":{\"@id\":\"https:\\\/\\\/jornaldasoficinas.com\\\/pt\\\/somos-hoje-o-grupo-recalvi-em-portugal-bomboleo\\\/#primaryimage\"},\"image\":{\"@id\":\"https:\\\/\\\/jornaldasoficinas.com\\\/pt\\\/somos-hoje-o-grupo-recalvi-em-portugal-bomboleo\\\/#primaryimage\"},\"thumbnailUrl\":\"https:\\\/\\\/jornaldasoficinas.com\\\/pt\\\/wp-content\\\/uploads\\\/2025\\\/05\\\/bomboleo-recalvi-parts.jpeg\",\"datePublished\":\"2025-05-04T20:00:25+00:00\",\"description\":\"Reconhecida como especialista em turbos e diesel, a Bomb\u00f3leo est\u00e1 agora apostada em desenvolver o neg\u00f3cio fora das suas \u00e1reas de especialidade\",\"breadcrumb\":{\"@id\":\"https:\\\/\\\/jornaldasoficinas.com\\\/pt\\\/somos-hoje-o-grupo-recalvi-em-portugal-bomboleo\\\/#breadcrumb\"},\"inLanguage\":\"pt-PT\",\"potentialAction\":[{\"@type\":\"ReadAction\",\"target\":[\"https:\\\/\\\/jornaldasoficinas.com\\\/pt\\\/somos-hoje-o-grupo-recalvi-em-portugal-bomboleo\\\/\"]}]},{\"@type\":\"ImageObject\",\"inLanguage\":\"pt-PT\",\"@id\":\"https:\\\/\\\/jornaldasoficinas.com\\\/pt\\\/somos-hoje-o-grupo-recalvi-em-portugal-bomboleo\\\/#primaryimage\",\"url\":\"https:\\\/\\\/jornaldasoficinas.com\\\/pt\\\/wp-content\\\/uploads\\\/2025\\\/05\\\/bomboleo-recalvi-parts.jpeg\",\"contentUrl\":\"https:\\\/\\\/jornaldasoficinas.com\\\/pt\\\/wp-content\\\/uploads\\\/2025\\\/05\\\/bomboleo-recalvi-parts.jpeg\",\"width\":1024,\"height\":581,\"caption\":\"05 - bomboleo recalvi parts\"},{\"@type\":\"BreadcrumbList\",\"@id\":\"https:\\\/\\\/jornaldasoficinas.com\\\/pt\\\/somos-hoje-o-grupo-recalvi-em-portugal-bomboleo\\\/#breadcrumb\",\"itemListElement\":[{\"@type\":\"ListItem\",\"position\":1,\"name\":\"In\u00edcio\",\"item\":\"https:\\\/\\\/jornaldasoficinas.com\\\/pt\\\/\"},{\"@type\":\"ListItem\",\"position\":2,\"name\":\"&#8220;Somos hoje o Grupo Recalvi em Portugal&#8221;, Bomb\u00f3leo\"}]},{\"@type\":\"WebSite\",\"@id\":\"https:\\\/\\\/jornaldasoficinas.com\\\/pt\\\/#website\",\"url\":\"https:\\\/\\\/jornaldasoficinas.com\\\/pt\\\/\",\"name\":\"Jornal das Oficinas\",\"description\":\"Jornal independente do Aftermarket Autom\u00f3vel em Portugal\",\"publisher\":{\"@id\":\"https:\\\/\\\/jornaldasoficinas.com\\\/pt\\\/#organization\"},\"potentialAction\":[{\"@type\":\"SearchAction\",\"target\":{\"@type\":\"EntryPoint\",\"urlTemplate\":\"https:\\\/\\\/jornaldasoficinas.com\\\/pt\\\/?s={search_term_string}\"},\"query-input\":{\"@type\":\"PropertyValueSpecification\",\"valueRequired\":true,\"valueName\":\"search_term_string\"}}],\"inLanguage\":\"pt-PT\"},{\"@type\":\"Organization\",\"@id\":\"https:\\\/\\\/jornaldasoficinas.com\\\/pt\\\/#organization\",\"name\":\"Jornal das Oficinas\",\"url\":\"https:\\\/\\\/jornaldasoficinas.com\\\/pt\\\/\",\"logo\":{\"@type\":\"ImageObject\",\"inLanguage\":\"pt-PT\",\"@id\":\"https:\\\/\\\/jornaldasoficinas.com\\\/pt\\\/#\\\/schema\\\/logo\\\/image\\\/\",\"url\":\"https:\\\/\\\/jornaldasoficinas.com\\\/pt\\\/wp-content\\\/uploads\\\/logoJO-SEO.png\",\"contentUrl\":\"https:\\\/\\\/jornaldasoficinas.com\\\/pt\\\/wp-content\\\/uploads\\\/logoJO-SEO.png\",\"width\":285,\"height\":450,\"caption\":\"Jornal das Oficinas\"},\"image\":{\"@id\":\"https:\\\/\\\/jornaldasoficinas.com\\\/pt\\\/#\\\/schema\\\/logo\\\/image\\\/\"},\"sameAs\":[\"https:\\\/\\\/www.facebook.com\\\/jornaloficinas\",\"https:\\\/\\\/x.com\\\/jornaloficinas\",\"https:\\\/\\\/www.instagram.com\\\/jornal_oficinas\\\/\",\"https:\\\/\\\/www.linkedin.com\\\/company\\\/jornal-das-oficinas\\\/\",\"https:\\\/\\\/www.youtube.com\\\/channel\\\/UCbQZBqtcvV-oSQrr7RzINGg\"]},{\"@type\":\"Person\",\"@id\":\"https:\\\/\\\/jornaldasoficinas.com\\\/pt\\\/#\\\/schema\\\/person\\\/a38eef5de2c41d9e7c9ac10141afddf3\",\"name\":\"Reda\u00e7\u00e3o JO\",\"image\":{\"@type\":\"ImageObject\",\"inLanguage\":\"pt-PT\",\"@id\":\"https:\\\/\\\/secure.gravatar.com\\\/avatar\\\/71f2fa71737ad68a84fea94bc708ddac8ea5b0c4788dc2ad202f3ccb2887742f?s=96&d=wp_user_avatar&r=g\",\"url\":\"https:\\\/\\\/secure.gravatar.com\\\/avatar\\\/71f2fa71737ad68a84fea94bc708ddac8ea5b0c4788dc2ad202f3ccb2887742f?s=96&d=wp_user_avatar&r=g\",\"contentUrl\":\"https:\\\/\\\/secure.gravatar.com\\\/avatar\\\/71f2fa71737ad68a84fea94bc708ddac8ea5b0c4788dc2ad202f3ccb2887742f?s=96&d=wp_user_avatar&r=g\",\"caption\":\"Reda\u00e7\u00e3o JO\"},\"url\":\"https:\\\/\\\/jornaldasoficinas.com\\\/pt\\\/author\\\/joredacao\\\/\"}]}<\/script>\n<!-- \/ Yoast SEO plugin. -->","yoast_head_json":{"title":"\"Somos hoje o Grupo Recalvi em Portugal\", Bomb\u00f3leo - Jornal das Oficinas","description":"Reconhecida como especialista em turbos e diesel, a Bomb\u00f3leo est\u00e1 agora apostada em desenvolver o neg\u00f3cio fora das suas \u00e1reas de especialidade","robots":{"index":"index","follow":"follow","max-snippet":"max-snippet:-1","max-image-preview":"max-image-preview:large","max-video-preview":"max-video-preview:-1"},"canonical":"https:\/\/jornaldasoficinas.com\/pt\/somos-hoje-o-grupo-recalvi-em-portugal-bomboleo\/","og_locale":"pt_PT","og_type":"article","og_title":"\"Somos hoje o Grupo Recalvi em Portugal\", Bomb\u00f3leo - Jornal das Oficinas","og_description":"Reconhecida como especialista em turbos e diesel, a Bomb\u00f3leo est\u00e1 agora apostada em desenvolver o neg\u00f3cio fora das suas \u00e1reas de especialidade","og_url":"https:\/\/jornaldasoficinas.com\/pt\/somos-hoje-o-grupo-recalvi-em-portugal-bomboleo\/","og_site_name":"Jornal das Oficinas","article_publisher":"https:\/\/www.facebook.com\/jornaloficinas","article_published_time":"2025-05-04T20:00:25+00:00","og_image":[{"width":1024,"height":581,"url":"https:\/\/jornaldasoficinas.com\/pt\/wp-content\/uploads\/2025\/05\/bomboleo-recalvi-parts.jpeg","type":"image\/jpeg"}],"author":"Reda\u00e7\u00e3o JO","twitter_card":"summary_large_image","twitter_creator":"@jornaloficinas","twitter_site":"@jornaloficinas","twitter_misc":{"Escrito por":"Reda\u00e7\u00e3o JO","Tempo estimado de leitura":"6 minutos"},"schema":{"@context":"https:\/\/schema.org","@graph":[{"@type":"Article","@id":"https:\/\/jornaldasoficinas.com\/pt\/somos-hoje-o-grupo-recalvi-em-portugal-bomboleo\/#article","isPartOf":{"@id":"https:\/\/jornaldasoficinas.com\/pt\/somos-hoje-o-grupo-recalvi-em-portugal-bomboleo\/"},"author":{"name":"Reda\u00e7\u00e3o JO","@id":"https:\/\/jornaldasoficinas.com\/pt\/#\/schema\/person\/a38eef5de2c41d9e7c9ac10141afddf3"},"headline":"&#8220;Somos hoje o Grupo Recalvi em Portugal&#8221;, Bomb\u00f3leo","datePublished":"2025-05-04T20:00:25+00:00","mainEntityOfPage":{"@id":"https:\/\/jornaldasoficinas.com\/pt\/somos-hoje-o-grupo-recalvi-em-portugal-bomboleo\/"},"wordCount":1120,"publisher":{"@id":"https:\/\/jornaldasoficinas.com\/pt\/#organization"},"image":{"@id":"https:\/\/jornaldasoficinas.com\/pt\/somos-hoje-o-grupo-recalvi-em-portugal-bomboleo\/#primaryimage"},"thumbnailUrl":"https:\/\/jornaldasoficinas.com\/pt\/wp-content\/uploads\/2025\/05\/bomboleo-recalvi-parts.jpeg","keywords":["Bomb\u00f3leo","Chema Rodriguez","Diesel","Grupo Recalvi","Grupo Serca","Iberoturbo","Magnetti Marelli Checkstar","Nexus","Paulo Marques","Recalvi Parts","TEMOT","Turbos"],"articleSection":["Entrevistas"],"inLanguage":"pt-PT"},{"@type":"WebPage","@id":"https:\/\/jornaldasoficinas.com\/pt\/somos-hoje-o-grupo-recalvi-em-portugal-bomboleo\/","url":"https:\/\/jornaldasoficinas.com\/pt\/somos-hoje-o-grupo-recalvi-em-portugal-bomboleo\/","name":"\"Somos hoje o Grupo Recalvi em Portugal\", Bomb\u00f3leo - Jornal das Oficinas","isPartOf":{"@id":"https:\/\/jornaldasoficinas.com\/pt\/#website"},"primaryImageOfPage":{"@id":"https:\/\/jornaldasoficinas.com\/pt\/somos-hoje-o-grupo-recalvi-em-portugal-bomboleo\/#primaryimage"},"image":{"@id":"https:\/\/jornaldasoficinas.com\/pt\/somos-hoje-o-grupo-recalvi-em-portugal-bomboleo\/#primaryimage"},"thumbnailUrl":"https:\/\/jornaldasoficinas.com\/pt\/wp-content\/uploads\/2025\/05\/bomboleo-recalvi-parts.jpeg","datePublished":"2025-05-04T20:00:25+00:00","description":"Reconhecida como especialista em turbos e diesel, a Bomb\u00f3leo est\u00e1 agora apostada em desenvolver o neg\u00f3cio fora das suas \u00e1reas de especialidade","breadcrumb":{"@id":"https:\/\/jornaldasoficinas.com\/pt\/somos-hoje-o-grupo-recalvi-em-portugal-bomboleo\/#breadcrumb"},"inLanguage":"pt-PT","potentialAction":[{"@type":"ReadAction","target":["https:\/\/jornaldasoficinas.com\/pt\/somos-hoje-o-grupo-recalvi-em-portugal-bomboleo\/"]}]},{"@type":"ImageObject","inLanguage":"pt-PT","@id":"https:\/\/jornaldasoficinas.com\/pt\/somos-hoje-o-grupo-recalvi-em-portugal-bomboleo\/#primaryimage","url":"https:\/\/jornaldasoficinas.com\/pt\/wp-content\/uploads\/2025\/05\/bomboleo-recalvi-parts.jpeg","contentUrl":"https:\/\/jornaldasoficinas.com\/pt\/wp-content\/uploads\/2025\/05\/bomboleo-recalvi-parts.jpeg","width":1024,"height":581,"caption":"05 - bomboleo recalvi parts"},{"@type":"BreadcrumbList","@id":"https:\/\/jornaldasoficinas.com\/pt\/somos-hoje-o-grupo-recalvi-em-portugal-bomboleo\/#breadcrumb","itemListElement":[{"@type":"ListItem","position":1,"name":"In\u00edcio","item":"https:\/\/jornaldasoficinas.com\/pt\/"},{"@type":"ListItem","position":2,"name":"&#8220;Somos hoje o Grupo Recalvi em Portugal&#8221;, Bomb\u00f3leo"}]},{"@type":"WebSite","@id":"https:\/\/jornaldasoficinas.com\/pt\/#website","url":"https:\/\/jornaldasoficinas.com\/pt\/","name":"Jornal das Oficinas","description":"Jornal independente do Aftermarket Autom\u00f3vel em Portugal","publisher":{"@id":"https:\/\/jornaldasoficinas.com\/pt\/#organization"},"potentialAction":[{"@type":"SearchAction","target":{"@type":"EntryPoint","urlTemplate":"https:\/\/jornaldasoficinas.com\/pt\/?s={search_term_string}"},"query-input":{"@type":"PropertyValueSpecification","valueRequired":true,"valueName":"search_term_string"}}],"inLanguage":"pt-PT"},{"@type":"Organization","@id":"https:\/\/jornaldasoficinas.com\/pt\/#organization","name":"Jornal das Oficinas","url":"https:\/\/jornaldasoficinas.com\/pt\/","logo":{"@type":"ImageObject","inLanguage":"pt-PT","@id":"https:\/\/jornaldasoficinas.com\/pt\/#\/schema\/logo\/image\/","url":"https:\/\/jornaldasoficinas.com\/pt\/wp-content\/uploads\/logoJO-SEO.png","contentUrl":"https:\/\/jornaldasoficinas.com\/pt\/wp-content\/uploads\/logoJO-SEO.png","width":285,"height":450,"caption":"Jornal das Oficinas"},"image":{"@id":"https:\/\/jornaldasoficinas.com\/pt\/#\/schema\/logo\/image\/"},"sameAs":["https:\/\/www.facebook.com\/jornaloficinas","https:\/\/x.com\/jornaloficinas","https:\/\/www.instagram.com\/jornal_oficinas\/","https:\/\/www.linkedin.com\/company\/jornal-das-oficinas\/","https:\/\/www.youtube.com\/channel\/UCbQZBqtcvV-oSQrr7RzINGg"]},{"@type":"Person","@id":"https:\/\/jornaldasoficinas.com\/pt\/#\/schema\/person\/a38eef5de2c41d9e7c9ac10141afddf3","name":"Reda\u00e7\u00e3o JO","image":{"@type":"ImageObject","inLanguage":"pt-PT","@id":"https:\/\/secure.gravatar.com\/avatar\/71f2fa71737ad68a84fea94bc708ddac8ea5b0c4788dc2ad202f3ccb2887742f?s=96&d=wp_user_avatar&r=g","url":"https:\/\/secure.gravatar.com\/avatar\/71f2fa71737ad68a84fea94bc708ddac8ea5b0c4788dc2ad202f3ccb2887742f?s=96&d=wp_user_avatar&r=g","contentUrl":"https:\/\/secure.gravatar.com\/avatar\/71f2fa71737ad68a84fea94bc708ddac8ea5b0c4788dc2ad202f3ccb2887742f?s=96&d=wp_user_avatar&r=g","caption":"Reda\u00e7\u00e3o JO"},"url":"https:\/\/jornaldasoficinas.com\/pt\/author\/joredacao\/"}]}},"_links":{"self":[{"href":"https:\/\/jornaldasoficinas.com\/pt\/wp-json\/wp\/v2\/posts\/101147","targetHints":{"allow":["GET"]}}],"collection":[{"href":"https:\/\/jornaldasoficinas.com\/pt\/wp-json\/wp\/v2\/posts"}],"about":[{"href":"https:\/\/jornaldasoficinas.com\/pt\/wp-json\/wp\/v2\/types\/post"}],"author":[{"embeddable":true,"href":"https:\/\/jornaldasoficinas.com\/pt\/wp-json\/wp\/v2\/users\/15"}],"replies":[{"embeddable":true,"href":"https:\/\/jornaldasoficinas.com\/pt\/wp-json\/wp\/v2\/comments?post=101147"}],"version-history":[{"count":9,"href":"https:\/\/jornaldasoficinas.com\/pt\/wp-json\/wp\/v2\/posts\/101147\/revisions"}],"predecessor-version":[{"id":101176,"href":"https:\/\/jornaldasoficinas.com\/pt\/wp-json\/wp\/v2\/posts\/101147\/revisions\/101176"}],"wp:featuredmedia":[{"embeddable":true,"href":"https:\/\/jornaldasoficinas.com\/pt\/wp-json\/wp\/v2\/media\/101134"}],"wp:attachment":[{"href":"https:\/\/jornaldasoficinas.com\/pt\/wp-json\/wp\/v2\/media?parent=101147"}],"wp:term":[{"taxonomy":"category","embeddable":true,"href":"https:\/\/jornaldasoficinas.com\/pt\/wp-json\/wp\/v2\/categories?post=101147"},{"taxonomy":"post_tag","embeddable":true,"href":"https:\/\/jornaldasoficinas.com\/pt\/wp-json\/wp\/v2\/tags?post=101147"}],"curies":[{"name":"wp","href":"https:\/\/api.w.org\/{rel}","templated":true}]}}