{"id":10116,"date":"2020-02-26T12:49:20","date_gmt":"2020-02-26T12:49:20","guid":{"rendered":"https:\/\/jornaldasoficinas.com\/pt\/?p=10116"},"modified":"2021-04-29T18:09:35","modified_gmt":"2021-04-29T17:09:35","slug":"motul-lanca-a-primeira-gama-completa-do-mercado-para-veiculos-hibridos","status":"publish","type":"post","link":"https:\/\/jornaldasoficinas.com\/pt\/motul-lanca-a-primeira-gama-completa-do-mercado-para-veiculos-hibridos\/","title":{"rendered":"Motul lan\u00e7a primeira gama completa para ve\u00edculos h\u00edbridos"},"content":{"rendered":"<p><img loading=\"lazy\" decoding=\"async\" class=\"alignnone size-full wp-image-10114\" src=\"https:\/\/jornaldasoficinas.com\/pt\/wp-content\/uploads\/2020\/02\/5864d767ab68c-Hybrid-Car-HD.jpg\" alt=\"02 - 5864d767ab68c-Hybrid-Car-HD\" width=\"1024\" height=\"581\" srcset=\"https:\/\/jornaldasoficinas.com\/pt\/wp-content\/uploads\/2020\/02\/5864d767ab68c-Hybrid-Car-HD.jpg 1024w, https:\/\/jornaldasoficinas.com\/pt\/wp-content\/uploads\/2020\/02\/5864d767ab68c-Hybrid-Car-HD-300x170.jpg 300w, https:\/\/jornaldasoficinas.com\/pt\/wp-content\/uploads\/2020\/02\/5864d767ab68c-Hybrid-Car-HD-150x85.jpg 150w, https:\/\/jornaldasoficinas.com\/pt\/wp-content\/uploads\/2020\/02\/5864d767ab68c-Hybrid-Car-HD-768x436.jpg 768w\" sizes=\"auto, (max-width: 1024px) 100vw, 1024px\" \/><\/p>\n<p><strong>A Motul, marca l\u00edder na formula\u00e7\u00e3o, produ\u00e7\u00e3o e distribui\u00e7\u00e3o de lubrificantes de alta tecnologia para os setores autom\u00f3vel e industrial, anuncia uma verdadeira revolu\u00e7\u00e3o no setor h\u00edbrido: a primeira linha de produtos que oferece uma solu\u00e7\u00e3o completa para este tipo de ve\u00edculos.<\/strong><\/p>\n<p>Nesse sentido, a empresa francesa d\u00e1 um passo em frente com o lan\u00e7amento de uma ampla gama de produtos especificamente concebidos para ve\u00edculos h\u00edbridos equipados com motores a gasolina, que consiste em quatro \u00f3leos de motor, um l\u00edquido de refrigera\u00e7\u00e3o e um l\u00edquido de transmiss\u00e3o.<\/p>\n<p>Os quatro lubrificantes desta gama SAE (0W20, SAE 0W16, SAE 0W12 e SAE 0W8) destacam-se por oferecer um excelente arranque a frio e facilitar a resposta do motor a baixas temperaturas, al\u00e9m de garantir um baixo consumo de \u00f3leo sem comprometer a limpeza do motor e a dura\u00e7\u00e3o do lubrificante. Os modelos SAE 0W12 e SAE 0W8 t\u00eam graus de viscosidade extremamente baixos, que contribuem para uma economia de combust\u00edvel expressiva.<\/p>\n<p>A <a href=\"https:\/\/www.motul.com\/es\/pt\" target=\"_blank\" rel=\"noopener noreferrer\">Motul<\/a> completa a sua oferta de lubrificantes para motores com o SAE 0W20, um lubrificante de baixa viscosidade que permite boa prote\u00e7\u00e3o contra desgaste e cumpre os requisitos de qualidade API SN-RC (Conserva\u00e7\u00e3o de Recursos) e ILSAC GF-5.<\/p>\n<p>O \u00f3leo de motor SAE 0W16 cumpre a especifica\u00e7\u00e3o API SN. Todos os lubrificantes est\u00e3o dispon\u00edveis em embalagens de tamanhos diferentes (1L, 4L, 20L, 208L) e s\u00e3o compat\u00edveis com os sistemas de p\u00f3s-tratamento de gases de escape.<\/p>\n<p>O mecanismo de transmiss\u00e3o de ve\u00edculos h\u00edbridos e h\u00edbridos <em>plug-in<\/em> \u00e9 particularmente complexo, pois inclui duas fontes de propuls\u00e3o, uma mec\u00e2nica e uma el\u00e9trica, que desempenham um papel crucial no desempenho energ\u00e9tico geral do ve\u00edculo.<\/p>\n<p>Para proteger as duas fontes de propuls\u00e3o, a Motul desenvolveu o primeiro lubrificante diel\u00e9trico do mercado, que inclui componentes que garantem o isolamento necess\u00e1rio para evitar a dissipa\u00e7\u00e3o de energia atrav\u00e9s do fluido.<\/p>\n<p>O Motul DHT e-ATF consiste num lubrificante 100% sint\u00e9tico que evita a corros\u00e3o de componentes mec\u00e2nicos e el\u00e9tricos, garantindo a longevidade e a seguran\u00e7a dos principais componentes do sistema, assegurando um isolamento ideal contra altas voltagens \u00e0s quais o ve\u00edculo pode ser exposto diariamente ou durante opera\u00e7\u00f5es de manuten\u00e7\u00e3o, gra\u00e7as \u00e0 melhor resist\u00eancia el\u00e9trica do mercado, em compara\u00e7\u00e3o com os fluidos convencionais do tipo ATF usados de forma mais comum.<\/p>\n<p>A resist\u00eancia el\u00e9trica mede a capacidade do fluido para impedir a dissipa\u00e7\u00e3o de energia el\u00e9trica: quanto maior, melhor o desempenho geral e a quilometragem do ve\u00edculo. A melhoria no desempenho do ve\u00edculo \u00e9 o resultado da exist\u00eancia de uma viscosidade adequada do produto.<\/p>\n<p>O n\u00edvel de viscosidade do Motul DHT e-ATF ajuda as pe\u00e7as mec\u00e2nicas a moverem-se juntas, reduzindo, assim, o consumo de combust\u00edvel do ve\u00edculo e aumentando a sua quilometragem. O fluido Motul DHT e-ATF cumpre as especifica\u00e7\u00f5es de baixa viscosidade JASO 1A &#8211; LV.<\/p>\n<p>A gama Hybrid \u00e9 complementada com o anticongelante de nova gera\u00e7\u00e3o e-AUTO COOL, fabricado a partir de Monoetilenglicol e uma aditiva\u00e7\u00e3o MOTUL P-Hybrid Tech baseada na tecnologia P-OAT (Tecnologia de \u00e1cido Fosfatado-Org\u00e2nico). Este l\u00edquido de refrigera\u00e7\u00e3o favorece a troca t\u00e9rmica, permitindo maior efici\u00eancia de refrigera\u00e7\u00e3o do motor devido ao atraso do ponto de ebuli\u00e7\u00e3o.<\/p>\n<p>A tecnologia P-Hybrid Tech prolonga a a\u00e7\u00e3o de prote\u00e7\u00e3o anticorrosiva, apesar das elevadas temperaturas, permitindo uma perfeita compatibilidade de coexist\u00eancia com os res\u00edduos que se formam no circuito durante a vida \u00fatil do radiador.<\/p>\n<p>A Motul oferece um l\u00edquido de refrigera\u00e7\u00e3o duradouro que cumpre os requisitos dos padr\u00f5es japon\u00eas (JIS) e sul-coreano (KSM) solicitados pela maioria dos fabricantes de ve\u00edculos asi\u00e1ticos. A sua composi\u00e7\u00e3o, \u00e0 base de f\u00f3sfato, sem aminas, nitritos, boratos ou silicatos, anuncia maior prote\u00e7\u00e3o e excelente troca t\u00e9rmica, garantindo a opera\u00e7\u00e3o ideal do motor e do sistema h\u00edbrido.<\/p>\n<p>A gama Hybrid nasceu em 2016 com o lan\u00e7amento dos primeiros \u00f3leos de motor feitos para ve\u00edculos h\u00edbridos e h\u00edbridos <em>plug-in<\/em> no mercado. A Motul afirma liderar o setor h\u00edbrido com a apresenta\u00e7\u00e3o de quatro lubrificantes 100% sint\u00e9ticos para uma maior economia de combust\u00edvel, que garantem uma resposta ideal \u00e0s necessidades dos ve\u00edculos h\u00edbridos (HEV e PHEV) e compat\u00edveis com catalisadores.<\/p>\n","protected":false},"excerpt":{"rendered":"<p>A Motul, marca l\u00edder na formula\u00e7\u00e3o,&#8230;<\/p>\n","protected":false},"author":15,"featured_media":10114,"comment_status":"closed","ping_status":"closed","sticky":false,"template":"","format":"standard","meta":{"footnotes":""},"categories":[37],"tags":[1278,1667,1668,1665,196,1666,498],"class_list":["post-10116","post","type-post","status-publish","format-standard","has-post-thumbnail","hentry","category-mercado","tag-api-sn","tag-dht-e-atf","tag-e-auto-cool","tag-hybrid","tag-motul","tag-sae","tag-veiculos-hibridos"],"yoast_head":"<!-- This site is optimized with the Yoast SEO plugin v27.4 - https:\/\/yoast.com\/product\/yoast-seo-wordpress\/ -->\n<title>Motul lan\u00e7a primeira gama completa para ve\u00edculos h\u00edbridos - Jornal das Oficinas<\/title>\n<meta name=\"robots\" content=\"index, follow, max-snippet:-1, max-image-preview:large, max-video-preview:-1\" \/>\n<link rel=\"canonical\" href=\"https:\/\/jornaldasoficinas.com\/pt\/motul-lanca-a-primeira-gama-completa-do-mercado-para-veiculos-hibridos\/\" \/>\n<meta property=\"og:locale\" content=\"pt_PT\" \/>\n<meta property=\"og:type\" content=\"article\" \/>\n<meta property=\"og:title\" content=\"Motul lan\u00e7a primeira gama completa para ve\u00edculos h\u00edbridos - Jornal das Oficinas\" \/>\n<meta property=\"og:description\" content=\"A Motul, marca l\u00edder na formula\u00e7\u00e3o,...\" \/>\n<meta property=\"og:url\" content=\"https:\/\/jornaldasoficinas.com\/pt\/motul-lanca-a-primeira-gama-completa-do-mercado-para-veiculos-hibridos\/\" \/>\n<meta property=\"og:site_name\" content=\"Jornal das Oficinas\" \/>\n<meta property=\"article:publisher\" content=\"https:\/\/www.facebook.com\/jornaloficinas\" \/>\n<meta property=\"article:published_time\" content=\"2020-02-26T12:49:20+00:00\" \/>\n<meta property=\"article:modified_time\" content=\"2021-04-29T17:09:35+00:00\" \/>\n<meta property=\"og:image\" content=\"https:\/\/jornaldasoficinas.com\/pt\/wp-content\/uploads\/2020\/02\/5864d767ab68c-Hybrid-Car-HD.jpg\" \/>\n\t<meta property=\"og:image:width\" content=\"1024\" \/>\n\t<meta property=\"og:image:height\" content=\"581\" \/>\n\t<meta property=\"og:image:type\" content=\"image\/jpeg\" \/>\n<meta name=\"author\" content=\"Reda\u00e7\u00e3o JO\" \/>\n<meta name=\"twitter:card\" content=\"summary_large_image\" \/>\n<meta name=\"twitter:creator\" content=\"@jornaloficinas\" \/>\n<meta name=\"twitter:site\" content=\"@jornaloficinas\" \/>\n<meta name=\"twitter:label1\" content=\"Escrito por\" \/>\n\t<meta name=\"twitter:data1\" content=\"Reda\u00e7\u00e3o JO\" \/>\n\t<meta name=\"twitter:label2\" content=\"Tempo estimado de leitura\" \/>\n\t<meta name=\"twitter:data2\" content=\"4 minutos\" \/>\n<script type=\"application\/ld+json\" class=\"yoast-schema-graph\">{\"@context\":\"https:\\\/\\\/schema.org\",\"@graph\":[{\"@type\":\"Article\",\"@id\":\"https:\\\/\\\/jornaldasoficinas.com\\\/pt\\\/motul-lanca-a-primeira-gama-completa-do-mercado-para-veiculos-hibridos\\\/#article\",\"isPartOf\":{\"@id\":\"https:\\\/\\\/jornaldasoficinas.com\\\/pt\\\/motul-lanca-a-primeira-gama-completa-do-mercado-para-veiculos-hibridos\\\/\"},\"author\":{\"name\":\"Reda\u00e7\u00e3o JO\",\"@id\":\"https:\\\/\\\/jornaldasoficinas.com\\\/pt\\\/#\\\/schema\\\/person\\\/a38eef5de2c41d9e7c9ac10141afddf3\"},\"headline\":\"Motul lan\u00e7a primeira gama completa para ve\u00edculos h\u00edbridos\",\"datePublished\":\"2020-02-26T12:49:20+00:00\",\"dateModified\":\"2021-04-29T17:09:35+00:00\",\"mainEntityOfPage\":{\"@id\":\"https:\\\/\\\/jornaldasoficinas.com\\\/pt\\\/motul-lanca-a-primeira-gama-completa-do-mercado-para-veiculos-hibridos\\\/\"},\"wordCount\":770,\"publisher\":{\"@id\":\"https:\\\/\\\/jornaldasoficinas.com\\\/pt\\\/#organization\"},\"image\":{\"@id\":\"https:\\\/\\\/jornaldasoficinas.com\\\/pt\\\/motul-lanca-a-primeira-gama-completa-do-mercado-para-veiculos-hibridos\\\/#primaryimage\"},\"thumbnailUrl\":\"https:\\\/\\\/jornaldasoficinas.com\\\/pt\\\/wp-content\\\/uploads\\\/2020\\\/02\\\/5864d767ab68c-Hybrid-Car-HD.jpg\",\"keywords\":[\"API SN\",\"DHT e-ATF\",\"e-AUTO COOL\",\"Hybrid\",\"Motul\",\"SAE\",\"Ve\u00edculos h\u00edbridos\"],\"articleSection\":[\"Mercado\"],\"inLanguage\":\"pt-PT\"},{\"@type\":\"WebPage\",\"@id\":\"https:\\\/\\\/jornaldasoficinas.com\\\/pt\\\/motul-lanca-a-primeira-gama-completa-do-mercado-para-veiculos-hibridos\\\/\",\"url\":\"https:\\\/\\\/jornaldasoficinas.com\\\/pt\\\/motul-lanca-a-primeira-gama-completa-do-mercado-para-veiculos-hibridos\\\/\",\"name\":\"Motul lan\u00e7a primeira gama completa para ve\u00edculos h\u00edbridos - Jornal das Oficinas\",\"isPartOf\":{\"@id\":\"https:\\\/\\\/jornaldasoficinas.com\\\/pt\\\/#website\"},\"primaryImageOfPage\":{\"@id\":\"https:\\\/\\\/jornaldasoficinas.com\\\/pt\\\/motul-lanca-a-primeira-gama-completa-do-mercado-para-veiculos-hibridos\\\/#primaryimage\"},\"image\":{\"@id\":\"https:\\\/\\\/jornaldasoficinas.com\\\/pt\\\/motul-lanca-a-primeira-gama-completa-do-mercado-para-veiculos-hibridos\\\/#primaryimage\"},\"thumbnailUrl\":\"https:\\\/\\\/jornaldasoficinas.com\\\/pt\\\/wp-content\\\/uploads\\\/2020\\\/02\\\/5864d767ab68c-Hybrid-Car-HD.jpg\",\"datePublished\":\"2020-02-26T12:49:20+00:00\",\"dateModified\":\"2021-04-29T17:09:35+00:00\",\"breadcrumb\":{\"@id\":\"https:\\\/\\\/jornaldasoficinas.com\\\/pt\\\/motul-lanca-a-primeira-gama-completa-do-mercado-para-veiculos-hibridos\\\/#breadcrumb\"},\"inLanguage\":\"pt-PT\",\"potentialAction\":[{\"@type\":\"ReadAction\",\"target\":[\"https:\\\/\\\/jornaldasoficinas.com\\\/pt\\\/motul-lanca-a-primeira-gama-completa-do-mercado-para-veiculos-hibridos\\\/\"]}]},{\"@type\":\"ImageObject\",\"inLanguage\":\"pt-PT\",\"@id\":\"https:\\\/\\\/jornaldasoficinas.com\\\/pt\\\/motul-lanca-a-primeira-gama-completa-do-mercado-para-veiculos-hibridos\\\/#primaryimage\",\"url\":\"https:\\\/\\\/jornaldasoficinas.com\\\/pt\\\/wp-content\\\/uploads\\\/2020\\\/02\\\/5864d767ab68c-Hybrid-Car-HD.jpg\",\"contentUrl\":\"https:\\\/\\\/jornaldasoficinas.com\\\/pt\\\/wp-content\\\/uploads\\\/2020\\\/02\\\/5864d767ab68c-Hybrid-Car-HD.jpg\",\"width\":1024,\"height\":581,\"caption\":\"02 - 5864d767ab68c-Hybrid-Car-HD\"},{\"@type\":\"BreadcrumbList\",\"@id\":\"https:\\\/\\\/jornaldasoficinas.com\\\/pt\\\/motul-lanca-a-primeira-gama-completa-do-mercado-para-veiculos-hibridos\\\/#breadcrumb\",\"itemListElement\":[{\"@type\":\"ListItem\",\"position\":1,\"name\":\"In\u00edcio\",\"item\":\"https:\\\/\\\/jornaldasoficinas.com\\\/pt\\\/\"},{\"@type\":\"ListItem\",\"position\":2,\"name\":\"Motul lan\u00e7a primeira gama completa para ve\u00edculos h\u00edbridos\"}]},{\"@type\":\"WebSite\",\"@id\":\"https:\\\/\\\/jornaldasoficinas.com\\\/pt\\\/#website\",\"url\":\"https:\\\/\\\/jornaldasoficinas.com\\\/pt\\\/\",\"name\":\"Jornal das Oficinas\",\"description\":\"Jornal independente do Aftermarket Autom\u00f3vel em Portugal\",\"publisher\":{\"@id\":\"https:\\\/\\\/jornaldasoficinas.com\\\/pt\\\/#organization\"},\"potentialAction\":[{\"@type\":\"SearchAction\",\"target\":{\"@type\":\"EntryPoint\",\"urlTemplate\":\"https:\\\/\\\/jornaldasoficinas.com\\\/pt\\\/?s={search_term_string}\"},\"query-input\":{\"@type\":\"PropertyValueSpecification\",\"valueRequired\":true,\"valueName\":\"search_term_string\"}}],\"inLanguage\":\"pt-PT\"},{\"@type\":\"Organization\",\"@id\":\"https:\\\/\\\/jornaldasoficinas.com\\\/pt\\\/#organization\",\"name\":\"Jornal das Oficinas\",\"url\":\"https:\\\/\\\/jornaldasoficinas.com\\\/pt\\\/\",\"logo\":{\"@type\":\"ImageObject\",\"inLanguage\":\"pt-PT\",\"@id\":\"https:\\\/\\\/jornaldasoficinas.com\\\/pt\\\/#\\\/schema\\\/logo\\\/image\\\/\",\"url\":\"https:\\\/\\\/jornaldasoficinas.com\\\/pt\\\/wp-content\\\/uploads\\\/logoJO-SEO.png\",\"contentUrl\":\"https:\\\/\\\/jornaldasoficinas.com\\\/pt\\\/wp-content\\\/uploads\\\/logoJO-SEO.png\",\"width\":285,\"height\":450,\"caption\":\"Jornal das Oficinas\"},\"image\":{\"@id\":\"https:\\\/\\\/jornaldasoficinas.com\\\/pt\\\/#\\\/schema\\\/logo\\\/image\\\/\"},\"sameAs\":[\"https:\\\/\\\/www.facebook.com\\\/jornaloficinas\",\"https:\\\/\\\/x.com\\\/jornaloficinas\",\"https:\\\/\\\/www.instagram.com\\\/jornal_oficinas\\\/\",\"https:\\\/\\\/www.linkedin.com\\\/company\\\/jornal-das-oficinas\\\/\",\"https:\\\/\\\/www.youtube.com\\\/channel\\\/UCbQZBqtcvV-oSQrr7RzINGg\"]},{\"@type\":\"Person\",\"@id\":\"https:\\\/\\\/jornaldasoficinas.com\\\/pt\\\/#\\\/schema\\\/person\\\/a38eef5de2c41d9e7c9ac10141afddf3\",\"name\":\"Reda\u00e7\u00e3o JO\",\"image\":{\"@type\":\"ImageObject\",\"inLanguage\":\"pt-PT\",\"@id\":\"https:\\\/\\\/secure.gravatar.com\\\/avatar\\\/71f2fa71737ad68a84fea94bc708ddac8ea5b0c4788dc2ad202f3ccb2887742f?s=96&d=wp_user_avatar&r=g\",\"url\":\"https:\\\/\\\/secure.gravatar.com\\\/avatar\\\/71f2fa71737ad68a84fea94bc708ddac8ea5b0c4788dc2ad202f3ccb2887742f?s=96&d=wp_user_avatar&r=g\",\"contentUrl\":\"https:\\\/\\\/secure.gravatar.com\\\/avatar\\\/71f2fa71737ad68a84fea94bc708ddac8ea5b0c4788dc2ad202f3ccb2887742f?s=96&d=wp_user_avatar&r=g\",\"caption\":\"Reda\u00e7\u00e3o JO\"},\"url\":\"https:\\\/\\\/jornaldasoficinas.com\\\/pt\\\/author\\\/joredacao\\\/\"}]}<\/script>\n<!-- \/ Yoast SEO plugin. -->","yoast_head_json":{"title":"Motul lan\u00e7a primeira gama completa para ve\u00edculos h\u00edbridos - Jornal das Oficinas","robots":{"index":"index","follow":"follow","max-snippet":"max-snippet:-1","max-image-preview":"max-image-preview:large","max-video-preview":"max-video-preview:-1"},"canonical":"https:\/\/jornaldasoficinas.com\/pt\/motul-lanca-a-primeira-gama-completa-do-mercado-para-veiculos-hibridos\/","og_locale":"pt_PT","og_type":"article","og_title":"Motul lan\u00e7a primeira gama completa para ve\u00edculos h\u00edbridos - Jornal das Oficinas","og_description":"A Motul, marca l\u00edder na formula\u00e7\u00e3o,...","og_url":"https:\/\/jornaldasoficinas.com\/pt\/motul-lanca-a-primeira-gama-completa-do-mercado-para-veiculos-hibridos\/","og_site_name":"Jornal das Oficinas","article_publisher":"https:\/\/www.facebook.com\/jornaloficinas","article_published_time":"2020-02-26T12:49:20+00:00","article_modified_time":"2021-04-29T17:09:35+00:00","og_image":[{"width":1024,"height":581,"url":"https:\/\/jornaldasoficinas.com\/pt\/wp-content\/uploads\/2020\/02\/5864d767ab68c-Hybrid-Car-HD.jpg","type":"image\/jpeg"}],"author":"Reda\u00e7\u00e3o JO","twitter_card":"summary_large_image","twitter_creator":"@jornaloficinas","twitter_site":"@jornaloficinas","twitter_misc":{"Escrito por":"Reda\u00e7\u00e3o JO","Tempo estimado de leitura":"4 minutos"},"schema":{"@context":"https:\/\/schema.org","@graph":[{"@type":"Article","@id":"https:\/\/jornaldasoficinas.com\/pt\/motul-lanca-a-primeira-gama-completa-do-mercado-para-veiculos-hibridos\/#article","isPartOf":{"@id":"https:\/\/jornaldasoficinas.com\/pt\/motul-lanca-a-primeira-gama-completa-do-mercado-para-veiculos-hibridos\/"},"author":{"name":"Reda\u00e7\u00e3o JO","@id":"https:\/\/jornaldasoficinas.com\/pt\/#\/schema\/person\/a38eef5de2c41d9e7c9ac10141afddf3"},"headline":"Motul lan\u00e7a primeira gama completa para ve\u00edculos h\u00edbridos","datePublished":"2020-02-26T12:49:20+00:00","dateModified":"2021-04-29T17:09:35+00:00","mainEntityOfPage":{"@id":"https:\/\/jornaldasoficinas.com\/pt\/motul-lanca-a-primeira-gama-completa-do-mercado-para-veiculos-hibridos\/"},"wordCount":770,"publisher":{"@id":"https:\/\/jornaldasoficinas.com\/pt\/#organization"},"image":{"@id":"https:\/\/jornaldasoficinas.com\/pt\/motul-lanca-a-primeira-gama-completa-do-mercado-para-veiculos-hibridos\/#primaryimage"},"thumbnailUrl":"https:\/\/jornaldasoficinas.com\/pt\/wp-content\/uploads\/2020\/02\/5864d767ab68c-Hybrid-Car-HD.jpg","keywords":["API SN","DHT e-ATF","e-AUTO COOL","Hybrid","Motul","SAE","Ve\u00edculos h\u00edbridos"],"articleSection":["Mercado"],"inLanguage":"pt-PT"},{"@type":"WebPage","@id":"https:\/\/jornaldasoficinas.com\/pt\/motul-lanca-a-primeira-gama-completa-do-mercado-para-veiculos-hibridos\/","url":"https:\/\/jornaldasoficinas.com\/pt\/motul-lanca-a-primeira-gama-completa-do-mercado-para-veiculos-hibridos\/","name":"Motul lan\u00e7a primeira gama completa para ve\u00edculos h\u00edbridos - Jornal das Oficinas","isPartOf":{"@id":"https:\/\/jornaldasoficinas.com\/pt\/#website"},"primaryImageOfPage":{"@id":"https:\/\/jornaldasoficinas.com\/pt\/motul-lanca-a-primeira-gama-completa-do-mercado-para-veiculos-hibridos\/#primaryimage"},"image":{"@id":"https:\/\/jornaldasoficinas.com\/pt\/motul-lanca-a-primeira-gama-completa-do-mercado-para-veiculos-hibridos\/#primaryimage"},"thumbnailUrl":"https:\/\/jornaldasoficinas.com\/pt\/wp-content\/uploads\/2020\/02\/5864d767ab68c-Hybrid-Car-HD.jpg","datePublished":"2020-02-26T12:49:20+00:00","dateModified":"2021-04-29T17:09:35+00:00","breadcrumb":{"@id":"https:\/\/jornaldasoficinas.com\/pt\/motul-lanca-a-primeira-gama-completa-do-mercado-para-veiculos-hibridos\/#breadcrumb"},"inLanguage":"pt-PT","potentialAction":[{"@type":"ReadAction","target":["https:\/\/jornaldasoficinas.com\/pt\/motul-lanca-a-primeira-gama-completa-do-mercado-para-veiculos-hibridos\/"]}]},{"@type":"ImageObject","inLanguage":"pt-PT","@id":"https:\/\/jornaldasoficinas.com\/pt\/motul-lanca-a-primeira-gama-completa-do-mercado-para-veiculos-hibridos\/#primaryimage","url":"https:\/\/jornaldasoficinas.com\/pt\/wp-content\/uploads\/2020\/02\/5864d767ab68c-Hybrid-Car-HD.jpg","contentUrl":"https:\/\/jornaldasoficinas.com\/pt\/wp-content\/uploads\/2020\/02\/5864d767ab68c-Hybrid-Car-HD.jpg","width":1024,"height":581,"caption":"02 - 5864d767ab68c-Hybrid-Car-HD"},{"@type":"BreadcrumbList","@id":"https:\/\/jornaldasoficinas.com\/pt\/motul-lanca-a-primeira-gama-completa-do-mercado-para-veiculos-hibridos\/#breadcrumb","itemListElement":[{"@type":"ListItem","position":1,"name":"In\u00edcio","item":"https:\/\/jornaldasoficinas.com\/pt\/"},{"@type":"ListItem","position":2,"name":"Motul lan\u00e7a primeira gama completa para ve\u00edculos h\u00edbridos"}]},{"@type":"WebSite","@id":"https:\/\/jornaldasoficinas.com\/pt\/#website","url":"https:\/\/jornaldasoficinas.com\/pt\/","name":"Jornal das Oficinas","description":"Jornal independente do Aftermarket Autom\u00f3vel em Portugal","publisher":{"@id":"https:\/\/jornaldasoficinas.com\/pt\/#organization"},"potentialAction":[{"@type":"SearchAction","target":{"@type":"EntryPoint","urlTemplate":"https:\/\/jornaldasoficinas.com\/pt\/?s={search_term_string}"},"query-input":{"@type":"PropertyValueSpecification","valueRequired":true,"valueName":"search_term_string"}}],"inLanguage":"pt-PT"},{"@type":"Organization","@id":"https:\/\/jornaldasoficinas.com\/pt\/#organization","name":"Jornal das Oficinas","url":"https:\/\/jornaldasoficinas.com\/pt\/","logo":{"@type":"ImageObject","inLanguage":"pt-PT","@id":"https:\/\/jornaldasoficinas.com\/pt\/#\/schema\/logo\/image\/","url":"https:\/\/jornaldasoficinas.com\/pt\/wp-content\/uploads\/logoJO-SEO.png","contentUrl":"https:\/\/jornaldasoficinas.com\/pt\/wp-content\/uploads\/logoJO-SEO.png","width":285,"height":450,"caption":"Jornal das Oficinas"},"image":{"@id":"https:\/\/jornaldasoficinas.com\/pt\/#\/schema\/logo\/image\/"},"sameAs":["https:\/\/www.facebook.com\/jornaloficinas","https:\/\/x.com\/jornaloficinas","https:\/\/www.instagram.com\/jornal_oficinas\/","https:\/\/www.linkedin.com\/company\/jornal-das-oficinas\/","https:\/\/www.youtube.com\/channel\/UCbQZBqtcvV-oSQrr7RzINGg"]},{"@type":"Person","@id":"https:\/\/jornaldasoficinas.com\/pt\/#\/schema\/person\/a38eef5de2c41d9e7c9ac10141afddf3","name":"Reda\u00e7\u00e3o JO","image":{"@type":"ImageObject","inLanguage":"pt-PT","@id":"https:\/\/secure.gravatar.com\/avatar\/71f2fa71737ad68a84fea94bc708ddac8ea5b0c4788dc2ad202f3ccb2887742f?s=96&d=wp_user_avatar&r=g","url":"https:\/\/secure.gravatar.com\/avatar\/71f2fa71737ad68a84fea94bc708ddac8ea5b0c4788dc2ad202f3ccb2887742f?s=96&d=wp_user_avatar&r=g","contentUrl":"https:\/\/secure.gravatar.com\/avatar\/71f2fa71737ad68a84fea94bc708ddac8ea5b0c4788dc2ad202f3ccb2887742f?s=96&d=wp_user_avatar&r=g","caption":"Reda\u00e7\u00e3o JO"},"url":"https:\/\/jornaldasoficinas.com\/pt\/author\/joredacao\/"}]}},"_links":{"self":[{"href":"https:\/\/jornaldasoficinas.com\/pt\/wp-json\/wp\/v2\/posts\/10116","targetHints":{"allow":["GET"]}}],"collection":[{"href":"https:\/\/jornaldasoficinas.com\/pt\/wp-json\/wp\/v2\/posts"}],"about":[{"href":"https:\/\/jornaldasoficinas.com\/pt\/wp-json\/wp\/v2\/types\/post"}],"author":[{"embeddable":true,"href":"https:\/\/jornaldasoficinas.com\/pt\/wp-json\/wp\/v2\/users\/15"}],"replies":[{"embeddable":true,"href":"https:\/\/jornaldasoficinas.com\/pt\/wp-json\/wp\/v2\/comments?post=10116"}],"version-history":[{"count":0,"href":"https:\/\/jornaldasoficinas.com\/pt\/wp-json\/wp\/v2\/posts\/10116\/revisions"}],"wp:featuredmedia":[{"embeddable":true,"href":"https:\/\/jornaldasoficinas.com\/pt\/wp-json\/wp\/v2\/media\/10114"}],"wp:attachment":[{"href":"https:\/\/jornaldasoficinas.com\/pt\/wp-json\/wp\/v2\/media?parent=10116"}],"wp:term":[{"taxonomy":"category","embeddable":true,"href":"https:\/\/jornaldasoficinas.com\/pt\/wp-json\/wp\/v2\/categories?post=10116"},{"taxonomy":"post_tag","embeddable":true,"href":"https:\/\/jornaldasoficinas.com\/pt\/wp-json\/wp\/v2\/tags?post=10116"}],"curies":[{"name":"wp","href":"https:\/\/api.w.org\/{rel}","templated":true}]}}