{"id":101186,"date":"2025-05-04T21:30:23","date_gmt":"2025-05-04T20:30:23","guid":{"rendered":"https:\/\/jornaldasoficinas.com\/pt\/?p=101186"},"modified":"2025-05-05T17:22:32","modified_gmt":"2025-05-05T16:22:32","slug":"vieira-freitas-organizou-convivio-bienal","status":"publish","type":"post","link":"https:\/\/jornaldasoficinas.com\/pt\/vieira-freitas-organizou-convivio-bienal\/","title":{"rendered":"Vieira &#038; Freitas organizou conv\u00edvio bienal"},"content":{"rendered":"<p><img loading=\"lazy\" decoding=\"async\" class=\"alignnone size-full wp-image-101190\" src=\"https:\/\/jornaldasoficinas.com\/pt\/wp-content\/uploads\/2025\/05\/Vieira-Freitas-organizou-convivio-bienal.jpeg\" alt=\"05 - Vieira Freitas organizou convivio bienal\" width=\"1024\" height=\"581\" srcset=\"https:\/\/jornaldasoficinas.com\/pt\/wp-content\/uploads\/2025\/05\/Vieira-Freitas-organizou-convivio-bienal.jpeg 1024w, https:\/\/jornaldasoficinas.com\/pt\/wp-content\/uploads\/2025\/05\/Vieira-Freitas-organizou-convivio-bienal-300x170.jpeg 300w, https:\/\/jornaldasoficinas.com\/pt\/wp-content\/uploads\/2025\/05\/Vieira-Freitas-organizou-convivio-bienal-150x85.jpeg 150w, https:\/\/jornaldasoficinas.com\/pt\/wp-content\/uploads\/2025\/05\/Vieira-Freitas-organizou-convivio-bienal-768x436.jpeg 768w\" sizes=\"auto, (max-width: 1024px) 100vw, 1024px\" \/><\/p>\n<p><strong>A <a href=\"https:\/\/vieirafreitas.pt\/\" target=\"_blank\" rel=\"noopener\">Vieira &amp; Freitas, Lda.<\/a> organizou pela segunda vez, nas suas instala\u00e7\u00f5es em Braga, o seu conv\u00edvio bienal com amigos, clientes e fornecedores. Tratou-se de uma festa informal, com um almo\u00e7o volante, onde sobressaiu o churrasco de porco no espeto, e \u00e0 qual compareceram cerca de 230 convidados, representando alguns dos parceiros, clientes e fornecedores, bem como elementos da equipa Vieira &amp; Freitas<\/strong><\/p>\n<p>A Vieira &amp; Freitas organizou no passado s\u00e1bado, dia 3 de maio, o seu conv\u00edvio bienal, que passou a realizar-se nos anos \u00edmpares, quando n\u00e3o h\u00e1 a feira <a href=\"https:\/\/expomecanica.pt\/pt\/\" target=\"_blank\" rel=\"noopener\">expoMEC\u00c2NICA<\/a>. Foi uma festa especial que reuniu amigos, clientes e fornecedores \u2014 num total de 230 pessoas \u2014 num ambiente descontra\u00eddo e acolhedor, longe da rotina e da press\u00e3o do dia a dia.<\/p>\n<p>O evento foi um verdadeiro sucesso, marcado por momentos de conv\u00edvio genu\u00edno, boa disposi\u00e7\u00e3o e muitas partilhas. Ao som de m\u00fasica ao vivo, os convidados puderam desfrutar de uma atmosfera animada enquanto saboreavam um delicioso porco no espeto.<\/p>\n<p>Mais do que uma celebra\u00e7\u00e3o, esta festa foi uma oportunidade \u00fanica para refor\u00e7ar la\u00e7os, valorizar rela\u00e7\u00f5es e brindar ao caminho que a empresa tem trilhado junto com clientes e fornecedores.<\/p>\n<p>No final do repasto, houve ainda um pequeno concerto ao vivo com o grupo de Jos\u00e9 Carlos M\u00e3ozinhas Costa. Estavam tamb\u00e9m expostos alguns carros cl\u00e1ssicos de competi\u00e7\u00e3o, pois sem eles n\u00e3o seria um encontro de gentes do setor autom\u00f3vel.<\/p>\n<p>Da parte da empresa, Paulo Torres, diretor geral, lamentou a falta de sorte com o clima que se fez sentir e que prejudicou um pouco algumas atividades que estavam programadas, mas prometeu que em 2027 voltar\u00e1 a cumprir a tradi\u00e7\u00e3o de, por um dia, clientes e fornecedores esquecerem os neg\u00f3cios e comparecerem na festa da Vieira &amp; Freitas para se divertirem e confraternizarem.<\/p>\n<p>A empresa bracarense \u00e9 uma refer\u00eancia nacional nas chamadas &#8220;Special Parts&#8221;, ou Pe\u00e7as Dif\u00edceis, e em 2023 mudou de instala\u00e7\u00f5es e passou a integrar um dos principais grupos internacionais de compras, a <a href=\"https:\/\/www.temot.com\/\" target=\"_blank\" rel=\"noopener\">Temot<\/a>, refor\u00e7ando a sua posi\u00e7\u00e3o no mercado nacional e melhorando o servi\u00e7o prestado ao cliente.<\/p>\n","protected":false},"excerpt":{"rendered":"<p>A Vieira &amp; Freitas, Lda. organizou&#8230;<\/p>\n","protected":false},"author":15,"featured_media":101190,"comment_status":"closed","ping_status":"closed","sticky":false,"template":"","format":"standard","meta":{"footnotes":""},"categories":[29],"tags":[12621,3340,12620,78,4055,4041,4040,2493,367],"class_list":["post-101186","post","type-post","status-publish","format-standard","has-post-thumbnail","hentry","category-empresas","tag-230-convidados","tag-braga","tag-convivio-bienal","tag-expomecanica","tag-paulo-torres","tag-pecas-dificeis","tag-special-parts","tag-temot","tag-vieira-freitas"],"yoast_head":"<!-- This site is optimized with the Yoast SEO plugin v27.4 - https:\/\/yoast.com\/product\/yoast-seo-wordpress\/ -->\n<title>Vieira &amp; Freitas organizou conv\u00edvio bienal - Jornal das Oficinas<\/title>\n<meta name=\"description\" content=\"A Vieira &amp; Freitas, Lda. organizou pela segunda vez, nas suas instala\u00e7\u00f5es em Braga, o seu conv\u00edvio bienal com amigos, clientes e fornecedores\" \/>\n<meta name=\"robots\" content=\"index, follow, max-snippet:-1, max-image-preview:large, max-video-preview:-1\" \/>\n<link rel=\"canonical\" href=\"https:\/\/jornaldasoficinas.com\/pt\/vieira-freitas-organizou-convivio-bienal\/\" \/>\n<meta property=\"og:locale\" content=\"pt_PT\" \/>\n<meta property=\"og:type\" content=\"article\" \/>\n<meta property=\"og:title\" content=\"Vieira &amp; Freitas organizou conv\u00edvio bienal - Jornal das Oficinas\" \/>\n<meta property=\"og:description\" content=\"A Vieira &amp; Freitas, Lda. organizou pela segunda vez, nas suas instala\u00e7\u00f5es em Braga, o seu conv\u00edvio bienal com amigos, clientes e fornecedores\" \/>\n<meta property=\"og:url\" content=\"https:\/\/jornaldasoficinas.com\/pt\/vieira-freitas-organizou-convivio-bienal\/\" \/>\n<meta property=\"og:site_name\" content=\"Jornal das Oficinas\" \/>\n<meta property=\"article:publisher\" content=\"https:\/\/www.facebook.com\/jornaloficinas\" \/>\n<meta property=\"article:published_time\" content=\"2025-05-04T20:30:23+00:00\" \/>\n<meta property=\"article:modified_time\" content=\"2025-05-05T16:22:32+00:00\" \/>\n<meta property=\"og:image\" content=\"https:\/\/jornaldasoficinas.com\/pt\/wp-content\/uploads\/2025\/05\/Vieira-Freitas-organizou-convivio-bienal.jpeg\" \/>\n\t<meta property=\"og:image:width\" content=\"1024\" \/>\n\t<meta property=\"og:image:height\" content=\"581\" \/>\n\t<meta property=\"og:image:type\" content=\"image\/jpeg\" \/>\n<meta name=\"author\" content=\"Reda\u00e7\u00e3o JO\" \/>\n<meta name=\"twitter:card\" content=\"summary_large_image\" \/>\n<meta name=\"twitter:creator\" content=\"@jornaloficinas\" \/>\n<meta name=\"twitter:site\" content=\"@jornaloficinas\" \/>\n<meta name=\"twitter:label1\" content=\"Escrito por\" \/>\n\t<meta name=\"twitter:data1\" content=\"Reda\u00e7\u00e3o JO\" \/>\n\t<meta name=\"twitter:label2\" content=\"Tempo estimado de leitura\" \/>\n\t<meta name=\"twitter:data2\" content=\"3 minutos\" \/>\n<script type=\"application\/ld+json\" class=\"yoast-schema-graph\">{\"@context\":\"https:\\\/\\\/schema.org\",\"@graph\":[{\"@type\":\"Article\",\"@id\":\"https:\\\/\\\/jornaldasoficinas.com\\\/pt\\\/vieira-freitas-organizou-convivio-bienal\\\/#article\",\"isPartOf\":{\"@id\":\"https:\\\/\\\/jornaldasoficinas.com\\\/pt\\\/vieira-freitas-organizou-convivio-bienal\\\/\"},\"author\":{\"name\":\"Reda\u00e7\u00e3o JO\",\"@id\":\"https:\\\/\\\/jornaldasoficinas.com\\\/pt\\\/#\\\/schema\\\/person\\\/a38eef5de2c41d9e7c9ac10141afddf3\"},\"headline\":\"Vieira &#038; Freitas organizou conv\u00edvio bienal\",\"datePublished\":\"2025-05-04T20:30:23+00:00\",\"dateModified\":\"2025-05-05T16:22:32+00:00\",\"mainEntityOfPage\":{\"@id\":\"https:\\\/\\\/jornaldasoficinas.com\\\/pt\\\/vieira-freitas-organizou-convivio-bienal\\\/\"},\"wordCount\":370,\"publisher\":{\"@id\":\"https:\\\/\\\/jornaldasoficinas.com\\\/pt\\\/#organization\"},\"image\":{\"@id\":\"https:\\\/\\\/jornaldasoficinas.com\\\/pt\\\/vieira-freitas-organizou-convivio-bienal\\\/#primaryimage\"},\"thumbnailUrl\":\"https:\\\/\\\/jornaldasoficinas.com\\\/pt\\\/wp-content\\\/uploads\\\/2025\\\/05\\\/Vieira-Freitas-organizou-convivio-bienal.jpeg\",\"keywords\":[\"230 convidados\",\"Braga\",\"conv\u00edvio bienal\",\"expoMEC\u00c2NICA\",\"Paulo Torres\",\"Pe\u00e7as Dif\u00edceis\",\"Special Parts\",\"TEMOT\",\"Vieira &amp; Freitas\"],\"articleSection\":[\"Empresas\"],\"inLanguage\":\"pt-PT\"},{\"@type\":\"WebPage\",\"@id\":\"https:\\\/\\\/jornaldasoficinas.com\\\/pt\\\/vieira-freitas-organizou-convivio-bienal\\\/\",\"url\":\"https:\\\/\\\/jornaldasoficinas.com\\\/pt\\\/vieira-freitas-organizou-convivio-bienal\\\/\",\"name\":\"Vieira & Freitas organizou conv\u00edvio bienal - Jornal das Oficinas\",\"isPartOf\":{\"@id\":\"https:\\\/\\\/jornaldasoficinas.com\\\/pt\\\/#website\"},\"primaryImageOfPage\":{\"@id\":\"https:\\\/\\\/jornaldasoficinas.com\\\/pt\\\/vieira-freitas-organizou-convivio-bienal\\\/#primaryimage\"},\"image\":{\"@id\":\"https:\\\/\\\/jornaldasoficinas.com\\\/pt\\\/vieira-freitas-organizou-convivio-bienal\\\/#primaryimage\"},\"thumbnailUrl\":\"https:\\\/\\\/jornaldasoficinas.com\\\/pt\\\/wp-content\\\/uploads\\\/2025\\\/05\\\/Vieira-Freitas-organizou-convivio-bienal.jpeg\",\"datePublished\":\"2025-05-04T20:30:23+00:00\",\"dateModified\":\"2025-05-05T16:22:32+00:00\",\"description\":\"A Vieira & Freitas, Lda. organizou pela segunda vez, nas suas instala\u00e7\u00f5es em Braga, o seu conv\u00edvio bienal com amigos, clientes e fornecedores\",\"breadcrumb\":{\"@id\":\"https:\\\/\\\/jornaldasoficinas.com\\\/pt\\\/vieira-freitas-organizou-convivio-bienal\\\/#breadcrumb\"},\"inLanguage\":\"pt-PT\",\"potentialAction\":[{\"@type\":\"ReadAction\",\"target\":[\"https:\\\/\\\/jornaldasoficinas.com\\\/pt\\\/vieira-freitas-organizou-convivio-bienal\\\/\"]}]},{\"@type\":\"ImageObject\",\"inLanguage\":\"pt-PT\",\"@id\":\"https:\\\/\\\/jornaldasoficinas.com\\\/pt\\\/vieira-freitas-organizou-convivio-bienal\\\/#primaryimage\",\"url\":\"https:\\\/\\\/jornaldasoficinas.com\\\/pt\\\/wp-content\\\/uploads\\\/2025\\\/05\\\/Vieira-Freitas-organizou-convivio-bienal.jpeg\",\"contentUrl\":\"https:\\\/\\\/jornaldasoficinas.com\\\/pt\\\/wp-content\\\/uploads\\\/2025\\\/05\\\/Vieira-Freitas-organizou-convivio-bienal.jpeg\",\"width\":1024,\"height\":581,\"caption\":\"05 - Vieira Freitas organizou convivio bienal\"},{\"@type\":\"BreadcrumbList\",\"@id\":\"https:\\\/\\\/jornaldasoficinas.com\\\/pt\\\/vieira-freitas-organizou-convivio-bienal\\\/#breadcrumb\",\"itemListElement\":[{\"@type\":\"ListItem\",\"position\":1,\"name\":\"In\u00edcio\",\"item\":\"https:\\\/\\\/jornaldasoficinas.com\\\/pt\\\/\"},{\"@type\":\"ListItem\",\"position\":2,\"name\":\"Vieira &#038; Freitas organizou conv\u00edvio bienal\"}]},{\"@type\":\"WebSite\",\"@id\":\"https:\\\/\\\/jornaldasoficinas.com\\\/pt\\\/#website\",\"url\":\"https:\\\/\\\/jornaldasoficinas.com\\\/pt\\\/\",\"name\":\"Jornal das Oficinas\",\"description\":\"Jornal independente do Aftermarket Autom\u00f3vel em Portugal\",\"publisher\":{\"@id\":\"https:\\\/\\\/jornaldasoficinas.com\\\/pt\\\/#organization\"},\"potentialAction\":[{\"@type\":\"SearchAction\",\"target\":{\"@type\":\"EntryPoint\",\"urlTemplate\":\"https:\\\/\\\/jornaldasoficinas.com\\\/pt\\\/?s={search_term_string}\"},\"query-input\":{\"@type\":\"PropertyValueSpecification\",\"valueRequired\":true,\"valueName\":\"search_term_string\"}}],\"inLanguage\":\"pt-PT\"},{\"@type\":\"Organization\",\"@id\":\"https:\\\/\\\/jornaldasoficinas.com\\\/pt\\\/#organization\",\"name\":\"Jornal das Oficinas\",\"url\":\"https:\\\/\\\/jornaldasoficinas.com\\\/pt\\\/\",\"logo\":{\"@type\":\"ImageObject\",\"inLanguage\":\"pt-PT\",\"@id\":\"https:\\\/\\\/jornaldasoficinas.com\\\/pt\\\/#\\\/schema\\\/logo\\\/image\\\/\",\"url\":\"https:\\\/\\\/jornaldasoficinas.com\\\/pt\\\/wp-content\\\/uploads\\\/logoJO-SEO.png\",\"contentUrl\":\"https:\\\/\\\/jornaldasoficinas.com\\\/pt\\\/wp-content\\\/uploads\\\/logoJO-SEO.png\",\"width\":285,\"height\":450,\"caption\":\"Jornal das Oficinas\"},\"image\":{\"@id\":\"https:\\\/\\\/jornaldasoficinas.com\\\/pt\\\/#\\\/schema\\\/logo\\\/image\\\/\"},\"sameAs\":[\"https:\\\/\\\/www.facebook.com\\\/jornaloficinas\",\"https:\\\/\\\/x.com\\\/jornaloficinas\",\"https:\\\/\\\/www.instagram.com\\\/jornal_oficinas\\\/\",\"https:\\\/\\\/www.linkedin.com\\\/company\\\/jornal-das-oficinas\\\/\",\"https:\\\/\\\/www.youtube.com\\\/channel\\\/UCbQZBqtcvV-oSQrr7RzINGg\"]},{\"@type\":\"Person\",\"@id\":\"https:\\\/\\\/jornaldasoficinas.com\\\/pt\\\/#\\\/schema\\\/person\\\/a38eef5de2c41d9e7c9ac10141afddf3\",\"name\":\"Reda\u00e7\u00e3o JO\",\"image\":{\"@type\":\"ImageObject\",\"inLanguage\":\"pt-PT\",\"@id\":\"https:\\\/\\\/secure.gravatar.com\\\/avatar\\\/71f2fa71737ad68a84fea94bc708ddac8ea5b0c4788dc2ad202f3ccb2887742f?s=96&d=wp_user_avatar&r=g\",\"url\":\"https:\\\/\\\/secure.gravatar.com\\\/avatar\\\/71f2fa71737ad68a84fea94bc708ddac8ea5b0c4788dc2ad202f3ccb2887742f?s=96&d=wp_user_avatar&r=g\",\"contentUrl\":\"https:\\\/\\\/secure.gravatar.com\\\/avatar\\\/71f2fa71737ad68a84fea94bc708ddac8ea5b0c4788dc2ad202f3ccb2887742f?s=96&d=wp_user_avatar&r=g\",\"caption\":\"Reda\u00e7\u00e3o JO\"},\"url\":\"https:\\\/\\\/jornaldasoficinas.com\\\/pt\\\/author\\\/joredacao\\\/\"}]}<\/script>\n<!-- \/ Yoast SEO plugin. -->","yoast_head_json":{"title":"Vieira & Freitas organizou conv\u00edvio bienal - Jornal das Oficinas","description":"A Vieira & Freitas, Lda. organizou pela segunda vez, nas suas instala\u00e7\u00f5es em Braga, o seu conv\u00edvio bienal com amigos, clientes e fornecedores","robots":{"index":"index","follow":"follow","max-snippet":"max-snippet:-1","max-image-preview":"max-image-preview:large","max-video-preview":"max-video-preview:-1"},"canonical":"https:\/\/jornaldasoficinas.com\/pt\/vieira-freitas-organizou-convivio-bienal\/","og_locale":"pt_PT","og_type":"article","og_title":"Vieira & Freitas organizou conv\u00edvio bienal - Jornal das Oficinas","og_description":"A Vieira & Freitas, Lda. organizou pela segunda vez, nas suas instala\u00e7\u00f5es em Braga, o seu conv\u00edvio bienal com amigos, clientes e fornecedores","og_url":"https:\/\/jornaldasoficinas.com\/pt\/vieira-freitas-organizou-convivio-bienal\/","og_site_name":"Jornal das Oficinas","article_publisher":"https:\/\/www.facebook.com\/jornaloficinas","article_published_time":"2025-05-04T20:30:23+00:00","article_modified_time":"2025-05-05T16:22:32+00:00","og_image":[{"width":1024,"height":581,"url":"https:\/\/jornaldasoficinas.com\/pt\/wp-content\/uploads\/2025\/05\/Vieira-Freitas-organizou-convivio-bienal.jpeg","type":"image\/jpeg"}],"author":"Reda\u00e7\u00e3o JO","twitter_card":"summary_large_image","twitter_creator":"@jornaloficinas","twitter_site":"@jornaloficinas","twitter_misc":{"Escrito por":"Reda\u00e7\u00e3o JO","Tempo estimado de leitura":"3 minutos"},"schema":{"@context":"https:\/\/schema.org","@graph":[{"@type":"Article","@id":"https:\/\/jornaldasoficinas.com\/pt\/vieira-freitas-organizou-convivio-bienal\/#article","isPartOf":{"@id":"https:\/\/jornaldasoficinas.com\/pt\/vieira-freitas-organizou-convivio-bienal\/"},"author":{"name":"Reda\u00e7\u00e3o JO","@id":"https:\/\/jornaldasoficinas.com\/pt\/#\/schema\/person\/a38eef5de2c41d9e7c9ac10141afddf3"},"headline":"Vieira &#038; Freitas organizou conv\u00edvio bienal","datePublished":"2025-05-04T20:30:23+00:00","dateModified":"2025-05-05T16:22:32+00:00","mainEntityOfPage":{"@id":"https:\/\/jornaldasoficinas.com\/pt\/vieira-freitas-organizou-convivio-bienal\/"},"wordCount":370,"publisher":{"@id":"https:\/\/jornaldasoficinas.com\/pt\/#organization"},"image":{"@id":"https:\/\/jornaldasoficinas.com\/pt\/vieira-freitas-organizou-convivio-bienal\/#primaryimage"},"thumbnailUrl":"https:\/\/jornaldasoficinas.com\/pt\/wp-content\/uploads\/2025\/05\/Vieira-Freitas-organizou-convivio-bienal.jpeg","keywords":["230 convidados","Braga","conv\u00edvio bienal","expoMEC\u00c2NICA","Paulo Torres","Pe\u00e7as Dif\u00edceis","Special Parts","TEMOT","Vieira &amp; Freitas"],"articleSection":["Empresas"],"inLanguage":"pt-PT"},{"@type":"WebPage","@id":"https:\/\/jornaldasoficinas.com\/pt\/vieira-freitas-organizou-convivio-bienal\/","url":"https:\/\/jornaldasoficinas.com\/pt\/vieira-freitas-organizou-convivio-bienal\/","name":"Vieira & Freitas organizou conv\u00edvio bienal - Jornal das Oficinas","isPartOf":{"@id":"https:\/\/jornaldasoficinas.com\/pt\/#website"},"primaryImageOfPage":{"@id":"https:\/\/jornaldasoficinas.com\/pt\/vieira-freitas-organizou-convivio-bienal\/#primaryimage"},"image":{"@id":"https:\/\/jornaldasoficinas.com\/pt\/vieira-freitas-organizou-convivio-bienal\/#primaryimage"},"thumbnailUrl":"https:\/\/jornaldasoficinas.com\/pt\/wp-content\/uploads\/2025\/05\/Vieira-Freitas-organizou-convivio-bienal.jpeg","datePublished":"2025-05-04T20:30:23+00:00","dateModified":"2025-05-05T16:22:32+00:00","description":"A Vieira & Freitas, Lda. organizou pela segunda vez, nas suas instala\u00e7\u00f5es em Braga, o seu conv\u00edvio bienal com amigos, clientes e fornecedores","breadcrumb":{"@id":"https:\/\/jornaldasoficinas.com\/pt\/vieira-freitas-organizou-convivio-bienal\/#breadcrumb"},"inLanguage":"pt-PT","potentialAction":[{"@type":"ReadAction","target":["https:\/\/jornaldasoficinas.com\/pt\/vieira-freitas-organizou-convivio-bienal\/"]}]},{"@type":"ImageObject","inLanguage":"pt-PT","@id":"https:\/\/jornaldasoficinas.com\/pt\/vieira-freitas-organizou-convivio-bienal\/#primaryimage","url":"https:\/\/jornaldasoficinas.com\/pt\/wp-content\/uploads\/2025\/05\/Vieira-Freitas-organizou-convivio-bienal.jpeg","contentUrl":"https:\/\/jornaldasoficinas.com\/pt\/wp-content\/uploads\/2025\/05\/Vieira-Freitas-organizou-convivio-bienal.jpeg","width":1024,"height":581,"caption":"05 - Vieira Freitas organizou convivio bienal"},{"@type":"BreadcrumbList","@id":"https:\/\/jornaldasoficinas.com\/pt\/vieira-freitas-organizou-convivio-bienal\/#breadcrumb","itemListElement":[{"@type":"ListItem","position":1,"name":"In\u00edcio","item":"https:\/\/jornaldasoficinas.com\/pt\/"},{"@type":"ListItem","position":2,"name":"Vieira &#038; Freitas organizou conv\u00edvio bienal"}]},{"@type":"WebSite","@id":"https:\/\/jornaldasoficinas.com\/pt\/#website","url":"https:\/\/jornaldasoficinas.com\/pt\/","name":"Jornal das Oficinas","description":"Jornal independente do Aftermarket Autom\u00f3vel em Portugal","publisher":{"@id":"https:\/\/jornaldasoficinas.com\/pt\/#organization"},"potentialAction":[{"@type":"SearchAction","target":{"@type":"EntryPoint","urlTemplate":"https:\/\/jornaldasoficinas.com\/pt\/?s={search_term_string}"},"query-input":{"@type":"PropertyValueSpecification","valueRequired":true,"valueName":"search_term_string"}}],"inLanguage":"pt-PT"},{"@type":"Organization","@id":"https:\/\/jornaldasoficinas.com\/pt\/#organization","name":"Jornal das Oficinas","url":"https:\/\/jornaldasoficinas.com\/pt\/","logo":{"@type":"ImageObject","inLanguage":"pt-PT","@id":"https:\/\/jornaldasoficinas.com\/pt\/#\/schema\/logo\/image\/","url":"https:\/\/jornaldasoficinas.com\/pt\/wp-content\/uploads\/logoJO-SEO.png","contentUrl":"https:\/\/jornaldasoficinas.com\/pt\/wp-content\/uploads\/logoJO-SEO.png","width":285,"height":450,"caption":"Jornal das Oficinas"},"image":{"@id":"https:\/\/jornaldasoficinas.com\/pt\/#\/schema\/logo\/image\/"},"sameAs":["https:\/\/www.facebook.com\/jornaloficinas","https:\/\/x.com\/jornaloficinas","https:\/\/www.instagram.com\/jornal_oficinas\/","https:\/\/www.linkedin.com\/company\/jornal-das-oficinas\/","https:\/\/www.youtube.com\/channel\/UCbQZBqtcvV-oSQrr7RzINGg"]},{"@type":"Person","@id":"https:\/\/jornaldasoficinas.com\/pt\/#\/schema\/person\/a38eef5de2c41d9e7c9ac10141afddf3","name":"Reda\u00e7\u00e3o JO","image":{"@type":"ImageObject","inLanguage":"pt-PT","@id":"https:\/\/secure.gravatar.com\/avatar\/71f2fa71737ad68a84fea94bc708ddac8ea5b0c4788dc2ad202f3ccb2887742f?s=96&d=wp_user_avatar&r=g","url":"https:\/\/secure.gravatar.com\/avatar\/71f2fa71737ad68a84fea94bc708ddac8ea5b0c4788dc2ad202f3ccb2887742f?s=96&d=wp_user_avatar&r=g","contentUrl":"https:\/\/secure.gravatar.com\/avatar\/71f2fa71737ad68a84fea94bc708ddac8ea5b0c4788dc2ad202f3ccb2887742f?s=96&d=wp_user_avatar&r=g","caption":"Reda\u00e7\u00e3o JO"},"url":"https:\/\/jornaldasoficinas.com\/pt\/author\/joredacao\/"}]}},"_links":{"self":[{"href":"https:\/\/jornaldasoficinas.com\/pt\/wp-json\/wp\/v2\/posts\/101186","targetHints":{"allow":["GET"]}}],"collection":[{"href":"https:\/\/jornaldasoficinas.com\/pt\/wp-json\/wp\/v2\/posts"}],"about":[{"href":"https:\/\/jornaldasoficinas.com\/pt\/wp-json\/wp\/v2\/types\/post"}],"author":[{"embeddable":true,"href":"https:\/\/jornaldasoficinas.com\/pt\/wp-json\/wp\/v2\/users\/15"}],"replies":[{"embeddable":true,"href":"https:\/\/jornaldasoficinas.com\/pt\/wp-json\/wp\/v2\/comments?post=101186"}],"version-history":[{"count":6,"href":"https:\/\/jornaldasoficinas.com\/pt\/wp-json\/wp\/v2\/posts\/101186\/revisions"}],"predecessor-version":[{"id":101194,"href":"https:\/\/jornaldasoficinas.com\/pt\/wp-json\/wp\/v2\/posts\/101186\/revisions\/101194"}],"wp:featuredmedia":[{"embeddable":true,"href":"https:\/\/jornaldasoficinas.com\/pt\/wp-json\/wp\/v2\/media\/101190"}],"wp:attachment":[{"href":"https:\/\/jornaldasoficinas.com\/pt\/wp-json\/wp\/v2\/media?parent=101186"}],"wp:term":[{"taxonomy":"category","embeddable":true,"href":"https:\/\/jornaldasoficinas.com\/pt\/wp-json\/wp\/v2\/categories?post=101186"},{"taxonomy":"post_tag","embeddable":true,"href":"https:\/\/jornaldasoficinas.com\/pt\/wp-json\/wp\/v2\/tags?post=101186"}],"curies":[{"name":"wp","href":"https:\/\/api.w.org\/{rel}","templated":true}]}}