{"id":101239,"date":"2025-05-05T18:00:00","date_gmt":"2025-05-05T17:00:00","guid":{"rendered":"https:\/\/jornaldasoficinas.com\/pt\/?p=101239"},"modified":"2025-05-05T15:22:05","modified_gmt":"2025-05-05T14:22:05","slug":"mannhummel-ao-lado-das-oficinas-fornecedores-e-fabricantes","status":"publish","type":"post","link":"https:\/\/jornaldasoficinas.com\/pt\/mannhummel-ao-lado-das-oficinas-fornecedores-e-fabricantes\/","title":{"rendered":"MANN+HUMMEL ao lado das oficinas, fornecedores e fabricantes"},"content":{"rendered":"<p><strong><img loading=\"lazy\" decoding=\"async\" class=\"alignnone size-full wp-image-101246\" src=\"https:\/\/jornaldasoficinas.com\/pt\/wp-content\/uploads\/2025\/05\/MANNHUMMEL-ao-lado.jpg\" alt=\"05 - MANNHUMMEL ao lado\" width=\"1024\" height=\"581\" srcset=\"https:\/\/jornaldasoficinas.com\/pt\/wp-content\/uploads\/2025\/05\/MANNHUMMEL-ao-lado.jpg 1024w, https:\/\/jornaldasoficinas.com\/pt\/wp-content\/uploads\/2025\/05\/MANNHUMMEL-ao-lado-300x170.jpg 300w, https:\/\/jornaldasoficinas.com\/pt\/wp-content\/uploads\/2025\/05\/MANNHUMMEL-ao-lado-150x85.jpg 150w, https:\/\/jornaldasoficinas.com\/pt\/wp-content\/uploads\/2025\/05\/MANNHUMMEL-ao-lado-768x436.jpg 768w\" sizes=\"auto, (max-width: 1024px) 100vw, 1024px\" \/><\/strong><\/p>\n<p><strong>A <a href=\"https:\/\/www.mann-hummel.com\" target=\"_blank\" rel=\"noopener\">MANN+HUMMEL<\/a> Ib\u00e9rica esteve presente, como todos os anos, na <a href=\"https:\/\/www.ifema.es\/en\/motortec\" target=\"_blank\" rel=\"noopener\">Motortec Madrid<\/a>, apresentando os \u00faltimos desenvolvimentos das suas marcas MANN-FILTER, MANN+HUMMEL, WIX FILTERS e FILTRON<\/strong><\/p>\n<p>No \u00e2mbito da Motortec, Ricardo Peris, diretor comercial da MANN+HUMMEL Ib\u00e9rica, partilhou com os meios de comunica\u00e7\u00e3o uma an\u00e1lise da evolu\u00e7\u00e3o do setor nos \u00faltimos anos, os marcos da sua empresa durante o per\u00edodo e algumas das novidades em sistemas de filtragem desenvolvidos pela gigante alem\u00e3.<\/p>\n<p>Tamb\u00e9m durante o encontro, Antonio Mart\u00ednez, respons\u00e1vel t\u00e9cnico, e Irene Pardo, respons\u00e1vel de marketing da MANN+HUMMEL Ib\u00e9rica, aprofundaram alguns dos principais desenvolvimentos da empresa orientados para a sustentabilidade, bem como o anivers\u00e1rio da sua f\u00e1brica em Sarago\u00e7a.<\/p>\n<p>E tamb\u00e9m, como todos os anos, a empresa convocou os meios de comunica\u00e7\u00e3o para partilhar com eles a sua an\u00e1lise sobre a evolu\u00e7\u00e3o da ind\u00fastria de componentes, bem como para fazer uma revis\u00e3o dos aspetos mais destacados que a empresa experimentou a n\u00edvel corporativo, que este ano celebra o seu 60.\u00ba anivers\u00e1rio em Espanha.<\/p>\n<p>&#8220;Desde a \u00faltima edi\u00e7\u00e3o da MOTORTEC, marcada pela pandemia, o setor continuou a enfrentar crises, como a escassez de microchips e semicondutores, ou a batalha tarif\u00e1ria recentemente iniciada&#8221;, analisou Ricardo Peris, diretor comercial da MANN+HUMMEL Ib\u00e9rica, para quem, diante desses contextos, &#8220;as empresas devem implementar estrat\u00e9gias de adapta\u00e7\u00e3o e utilizar a inova\u00e7\u00e3o como alavanca&#8221;.<\/p>\n<p>Neste cen\u00e1rio, Peris assegurou que a Motortec constitui o melhor quadro para, entre todos, &#8220;trabalhar unidos pelo futuro, um futuro incerto, mas um futuro em que a MANN+HUMMEL estar\u00e1 sempre ao lado da oficina, dos fornecedores e dos fabricantes&#8221;, sublinhou.<\/p>\n<p><strong>I+D+i orientada para a sustentabilidade<\/strong><\/p>\n<p>Antonio Mart\u00ednez, respons\u00e1vel t\u00e9cnico da MANN+HUMMEL Ib\u00e9rica, aprofundou no encontro alguns dos \u00faltimos lan\u00e7amentos da empresa, alguns deles orientados para a sustentabilidade ambiental.<\/p>\n<p>&#8220;Um exemplo disso \u00e9 a nossa gama de filtros sustent\u00e1veis, uma sele\u00e7\u00e3o de filtros com impregna\u00e7\u00e3o de lignina, um subproduto da madeira que pode ser utilizado como alternativa natural \u00e0s resinas fen\u00f3licas de origem f\u00f3ssil, reduzindo o impacto ambiental de cada filtro e a sua pegada de carbono&#8221;, destacou, salientando que, da mesma forma, muitos dos desenvolvimentos apresentados na MOTORTEC est\u00e3o orientados para f\u00f3rmulas de propuls\u00e3o mais respeitadoras do ambiente, tais como ve\u00edculos el\u00e9tricos ou propuls\u00e3o a hidrog\u00e9nio.<\/p>\n<p>Na sua interven\u00e7\u00e3o, Mart\u00ednez tamb\u00e9m destacou um importante desenvolvimento para ve\u00edculos industriais: os cartuchos secadores. &#8220;Os filtros secadores desempenham uma fun\u00e7\u00e3o fundamental na prote\u00e7\u00e3o dos componentes e na seguran\u00e7a dos ve\u00edculos industriais, uma vez que se encarregam de manter livre de part\u00edculas, humidade e \u00f3leo o sistema pneum\u00e1tico que aciona, entre outras coisas, os trav\u00f5es do ve\u00edculo&#8221;, sublinhou.<\/p>\n<p><strong>Seis d\u00e9cadas em Sarago\u00e7a<\/strong><\/p>\n<p>Para terminar, a respons\u00e1vel de marketing da MANN+HUMMEL Ib\u00e9rica, Irene Pardo, come\u00e7ou destacando a &#8220;especial emo\u00e7\u00e3o&#8221; que lhe causa esta edi\u00e7\u00e3o da Motortec, pois &#8220;marca o in\u00edcio das comemora\u00e7\u00f5es do 60.\u00ba anivers\u00e1rio da nossa f\u00e1brica em Sarago\u00e7a&#8221;.<\/p>\n<p>Ap\u00f3s uma revis\u00e3o da hist\u00f3ria da f\u00e1brica aragonesa, Pardo partilhou o seu balan\u00e7o particular da trajet\u00f3ria da f\u00e1brica: &#8220;Desde o seu humilde in\u00edcio, a empresa cresceu e evoluiu, adaptando-se \u00e0s mudan\u00e7as do mercado e apostando sempre na qualidade e na inova\u00e7\u00e3o&#8221;.<\/p>\n","protected":false},"excerpt":{"rendered":"<p>A MANN+HUMMEL Ib\u00e9rica esteve presente, como&#8230;<\/p>\n","protected":false},"author":15,"featured_media":101246,"comment_status":"closed","ping_status":"closed","sticky":false,"template":"","format":"standard","meta":{"footnotes":""},"categories":[29],"tags":[12629,4228,950,266,223,1757,1767,12628],"class_list":["post-101239","post","type-post","status-publish","format-standard","has-post-thumbnail","hentry","category-empresas","tag-60-anos","tag-aniversario","tag-filtron","tag-mann-filter","tag-mannhummel","tag-motortec-madrid","tag-sustentabilidade","tag-wix-filters"],"yoast_head":"<!-- This site is optimized with the Yoast SEO plugin v27.4 - https:\/\/yoast.com\/product\/yoast-seo-wordpress\/ -->\n<title>MANN+HUMMEL ao lado das oficinas, fornecedores e fabricantes - Jornal das Oficinas<\/title>\n<meta name=\"description\" content=\"A MANN+HUMMEL Ib\u00e9rica esteve presente, como todos os anos, na Motortec Madrid, apresentando os \u00faltimos desenvolvimentos das suas marcas\" \/>\n<meta name=\"robots\" content=\"index, follow, max-snippet:-1, max-image-preview:large, max-video-preview:-1\" \/>\n<link rel=\"canonical\" href=\"https:\/\/jornaldasoficinas.com\/pt\/mannhummel-ao-lado-das-oficinas-fornecedores-e-fabricantes\/\" \/>\n<meta property=\"og:locale\" content=\"pt_PT\" \/>\n<meta property=\"og:type\" content=\"article\" \/>\n<meta property=\"og:title\" content=\"MANN+HUMMEL ao lado das oficinas, fornecedores e fabricantes - Jornal das Oficinas\" \/>\n<meta property=\"og:description\" content=\"A MANN+HUMMEL Ib\u00e9rica esteve presente, como todos os anos, na Motortec Madrid, apresentando os \u00faltimos desenvolvimentos das suas marcas\" \/>\n<meta property=\"og:url\" content=\"https:\/\/jornaldasoficinas.com\/pt\/mannhummel-ao-lado-das-oficinas-fornecedores-e-fabricantes\/\" \/>\n<meta property=\"og:site_name\" content=\"Jornal das Oficinas\" \/>\n<meta property=\"article:publisher\" content=\"https:\/\/www.facebook.com\/jornaloficinas\" \/>\n<meta property=\"article:published_time\" content=\"2025-05-05T17:00:00+00:00\" \/>\n<meta property=\"og:image\" content=\"https:\/\/jornaldasoficinas.com\/pt\/wp-content\/uploads\/2025\/05\/MANNHUMMEL-ao-lado.jpg\" \/>\n\t<meta property=\"og:image:width\" content=\"1024\" \/>\n\t<meta property=\"og:image:height\" content=\"581\" \/>\n\t<meta property=\"og:image:type\" content=\"image\/jpeg\" \/>\n<meta name=\"author\" content=\"Reda\u00e7\u00e3o JO\" \/>\n<meta name=\"twitter:card\" content=\"summary_large_image\" \/>\n<meta name=\"twitter:creator\" content=\"@jornaloficinas\" \/>\n<meta name=\"twitter:site\" content=\"@jornaloficinas\" \/>\n<meta name=\"twitter:label1\" content=\"Escrito por\" \/>\n\t<meta name=\"twitter:data1\" content=\"Reda\u00e7\u00e3o JO\" \/>\n\t<meta name=\"twitter:label2\" content=\"Tempo estimado de leitura\" \/>\n\t<meta name=\"twitter:data2\" content=\"3 minutos\" \/>\n<script type=\"application\/ld+json\" class=\"yoast-schema-graph\">{\"@context\":\"https:\\\/\\\/schema.org\",\"@graph\":[{\"@type\":\"Article\",\"@id\":\"https:\\\/\\\/jornaldasoficinas.com\\\/pt\\\/mannhummel-ao-lado-das-oficinas-fornecedores-e-fabricantes\\\/#article\",\"isPartOf\":{\"@id\":\"https:\\\/\\\/jornaldasoficinas.com\\\/pt\\\/mannhummel-ao-lado-das-oficinas-fornecedores-e-fabricantes\\\/\"},\"author\":{\"name\":\"Reda\u00e7\u00e3o JO\",\"@id\":\"https:\\\/\\\/jornaldasoficinas.com\\\/pt\\\/#\\\/schema\\\/person\\\/a38eef5de2c41d9e7c9ac10141afddf3\"},\"headline\":\"MANN+HUMMEL ao lado das oficinas, fornecedores e fabricantes\",\"datePublished\":\"2025-05-05T17:00:00+00:00\",\"mainEntityOfPage\":{\"@id\":\"https:\\\/\\\/jornaldasoficinas.com\\\/pt\\\/mannhummel-ao-lado-das-oficinas-fornecedores-e-fabricantes\\\/\"},\"wordCount\":599,\"publisher\":{\"@id\":\"https:\\\/\\\/jornaldasoficinas.com\\\/pt\\\/#organization\"},\"image\":{\"@id\":\"https:\\\/\\\/jornaldasoficinas.com\\\/pt\\\/mannhummel-ao-lado-das-oficinas-fornecedores-e-fabricantes\\\/#primaryimage\"},\"thumbnailUrl\":\"https:\\\/\\\/jornaldasoficinas.com\\\/pt\\\/wp-content\\\/uploads\\\/2025\\\/05\\\/MANNHUMMEL-ao-lado.jpg\",\"keywords\":[\"60 anos\",\"Anivers\u00e1rio\",\"FILTRON\",\"MANN-FILTER\",\"MANN+HUMMEL\",\"Motortec Madrid\",\"Sustentabilidade\",\"WIX FILTERS\"],\"articleSection\":[\"Empresas\"],\"inLanguage\":\"pt-PT\"},{\"@type\":\"WebPage\",\"@id\":\"https:\\\/\\\/jornaldasoficinas.com\\\/pt\\\/mannhummel-ao-lado-das-oficinas-fornecedores-e-fabricantes\\\/\",\"url\":\"https:\\\/\\\/jornaldasoficinas.com\\\/pt\\\/mannhummel-ao-lado-das-oficinas-fornecedores-e-fabricantes\\\/\",\"name\":\"MANN+HUMMEL ao lado das oficinas, fornecedores e fabricantes - Jornal das Oficinas\",\"isPartOf\":{\"@id\":\"https:\\\/\\\/jornaldasoficinas.com\\\/pt\\\/#website\"},\"primaryImageOfPage\":{\"@id\":\"https:\\\/\\\/jornaldasoficinas.com\\\/pt\\\/mannhummel-ao-lado-das-oficinas-fornecedores-e-fabricantes\\\/#primaryimage\"},\"image\":{\"@id\":\"https:\\\/\\\/jornaldasoficinas.com\\\/pt\\\/mannhummel-ao-lado-das-oficinas-fornecedores-e-fabricantes\\\/#primaryimage\"},\"thumbnailUrl\":\"https:\\\/\\\/jornaldasoficinas.com\\\/pt\\\/wp-content\\\/uploads\\\/2025\\\/05\\\/MANNHUMMEL-ao-lado.jpg\",\"datePublished\":\"2025-05-05T17:00:00+00:00\",\"description\":\"A MANN+HUMMEL Ib\u00e9rica esteve presente, como todos os anos, na Motortec Madrid, apresentando os \u00faltimos desenvolvimentos das suas marcas\",\"breadcrumb\":{\"@id\":\"https:\\\/\\\/jornaldasoficinas.com\\\/pt\\\/mannhummel-ao-lado-das-oficinas-fornecedores-e-fabricantes\\\/#breadcrumb\"},\"inLanguage\":\"pt-PT\",\"potentialAction\":[{\"@type\":\"ReadAction\",\"target\":[\"https:\\\/\\\/jornaldasoficinas.com\\\/pt\\\/mannhummel-ao-lado-das-oficinas-fornecedores-e-fabricantes\\\/\"]}]},{\"@type\":\"ImageObject\",\"inLanguage\":\"pt-PT\",\"@id\":\"https:\\\/\\\/jornaldasoficinas.com\\\/pt\\\/mannhummel-ao-lado-das-oficinas-fornecedores-e-fabricantes\\\/#primaryimage\",\"url\":\"https:\\\/\\\/jornaldasoficinas.com\\\/pt\\\/wp-content\\\/uploads\\\/2025\\\/05\\\/MANNHUMMEL-ao-lado.jpg\",\"contentUrl\":\"https:\\\/\\\/jornaldasoficinas.com\\\/pt\\\/wp-content\\\/uploads\\\/2025\\\/05\\\/MANNHUMMEL-ao-lado.jpg\",\"width\":1024,\"height\":581,\"caption\":\"05 - MANNHUMMEL ao lado\"},{\"@type\":\"BreadcrumbList\",\"@id\":\"https:\\\/\\\/jornaldasoficinas.com\\\/pt\\\/mannhummel-ao-lado-das-oficinas-fornecedores-e-fabricantes\\\/#breadcrumb\",\"itemListElement\":[{\"@type\":\"ListItem\",\"position\":1,\"name\":\"In\u00edcio\",\"item\":\"https:\\\/\\\/jornaldasoficinas.com\\\/pt\\\/\"},{\"@type\":\"ListItem\",\"position\":2,\"name\":\"MANN+HUMMEL ao lado das oficinas, fornecedores e fabricantes\"}]},{\"@type\":\"WebSite\",\"@id\":\"https:\\\/\\\/jornaldasoficinas.com\\\/pt\\\/#website\",\"url\":\"https:\\\/\\\/jornaldasoficinas.com\\\/pt\\\/\",\"name\":\"Jornal das Oficinas\",\"description\":\"Jornal independente do Aftermarket Autom\u00f3vel em Portugal\",\"publisher\":{\"@id\":\"https:\\\/\\\/jornaldasoficinas.com\\\/pt\\\/#organization\"},\"potentialAction\":[{\"@type\":\"SearchAction\",\"target\":{\"@type\":\"EntryPoint\",\"urlTemplate\":\"https:\\\/\\\/jornaldasoficinas.com\\\/pt\\\/?s={search_term_string}\"},\"query-input\":{\"@type\":\"PropertyValueSpecification\",\"valueRequired\":true,\"valueName\":\"search_term_string\"}}],\"inLanguage\":\"pt-PT\"},{\"@type\":\"Organization\",\"@id\":\"https:\\\/\\\/jornaldasoficinas.com\\\/pt\\\/#organization\",\"name\":\"Jornal das Oficinas\",\"url\":\"https:\\\/\\\/jornaldasoficinas.com\\\/pt\\\/\",\"logo\":{\"@type\":\"ImageObject\",\"inLanguage\":\"pt-PT\",\"@id\":\"https:\\\/\\\/jornaldasoficinas.com\\\/pt\\\/#\\\/schema\\\/logo\\\/image\\\/\",\"url\":\"https:\\\/\\\/jornaldasoficinas.com\\\/pt\\\/wp-content\\\/uploads\\\/logoJO-SEO.png\",\"contentUrl\":\"https:\\\/\\\/jornaldasoficinas.com\\\/pt\\\/wp-content\\\/uploads\\\/logoJO-SEO.png\",\"width\":285,\"height\":450,\"caption\":\"Jornal das Oficinas\"},\"image\":{\"@id\":\"https:\\\/\\\/jornaldasoficinas.com\\\/pt\\\/#\\\/schema\\\/logo\\\/image\\\/\"},\"sameAs\":[\"https:\\\/\\\/www.facebook.com\\\/jornaloficinas\",\"https:\\\/\\\/x.com\\\/jornaloficinas\",\"https:\\\/\\\/www.instagram.com\\\/jornal_oficinas\\\/\",\"https:\\\/\\\/www.linkedin.com\\\/company\\\/jornal-das-oficinas\\\/\",\"https:\\\/\\\/www.youtube.com\\\/channel\\\/UCbQZBqtcvV-oSQrr7RzINGg\"]},{\"@type\":\"Person\",\"@id\":\"https:\\\/\\\/jornaldasoficinas.com\\\/pt\\\/#\\\/schema\\\/person\\\/a38eef5de2c41d9e7c9ac10141afddf3\",\"name\":\"Reda\u00e7\u00e3o JO\",\"image\":{\"@type\":\"ImageObject\",\"inLanguage\":\"pt-PT\",\"@id\":\"https:\\\/\\\/secure.gravatar.com\\\/avatar\\\/71f2fa71737ad68a84fea94bc708ddac8ea5b0c4788dc2ad202f3ccb2887742f?s=96&d=wp_user_avatar&r=g\",\"url\":\"https:\\\/\\\/secure.gravatar.com\\\/avatar\\\/71f2fa71737ad68a84fea94bc708ddac8ea5b0c4788dc2ad202f3ccb2887742f?s=96&d=wp_user_avatar&r=g\",\"contentUrl\":\"https:\\\/\\\/secure.gravatar.com\\\/avatar\\\/71f2fa71737ad68a84fea94bc708ddac8ea5b0c4788dc2ad202f3ccb2887742f?s=96&d=wp_user_avatar&r=g\",\"caption\":\"Reda\u00e7\u00e3o JO\"},\"url\":\"https:\\\/\\\/jornaldasoficinas.com\\\/pt\\\/author\\\/joredacao\\\/\"}]}<\/script>\n<!-- \/ Yoast SEO plugin. -->","yoast_head_json":{"title":"MANN+HUMMEL ao lado das oficinas, fornecedores e fabricantes - Jornal das Oficinas","description":"A MANN+HUMMEL Ib\u00e9rica esteve presente, como todos os anos, na Motortec Madrid, apresentando os \u00faltimos desenvolvimentos das suas marcas","robots":{"index":"index","follow":"follow","max-snippet":"max-snippet:-1","max-image-preview":"max-image-preview:large","max-video-preview":"max-video-preview:-1"},"canonical":"https:\/\/jornaldasoficinas.com\/pt\/mannhummel-ao-lado-das-oficinas-fornecedores-e-fabricantes\/","og_locale":"pt_PT","og_type":"article","og_title":"MANN+HUMMEL ao lado das oficinas, fornecedores e fabricantes - Jornal das Oficinas","og_description":"A MANN+HUMMEL Ib\u00e9rica esteve presente, como todos os anos, na Motortec Madrid, apresentando os \u00faltimos desenvolvimentos das suas marcas","og_url":"https:\/\/jornaldasoficinas.com\/pt\/mannhummel-ao-lado-das-oficinas-fornecedores-e-fabricantes\/","og_site_name":"Jornal das Oficinas","article_publisher":"https:\/\/www.facebook.com\/jornaloficinas","article_published_time":"2025-05-05T17:00:00+00:00","og_image":[{"width":1024,"height":581,"url":"https:\/\/jornaldasoficinas.com\/pt\/wp-content\/uploads\/2025\/05\/MANNHUMMEL-ao-lado.jpg","type":"image\/jpeg"}],"author":"Reda\u00e7\u00e3o JO","twitter_card":"summary_large_image","twitter_creator":"@jornaloficinas","twitter_site":"@jornaloficinas","twitter_misc":{"Escrito por":"Reda\u00e7\u00e3o JO","Tempo estimado de leitura":"3 minutos"},"schema":{"@context":"https:\/\/schema.org","@graph":[{"@type":"Article","@id":"https:\/\/jornaldasoficinas.com\/pt\/mannhummel-ao-lado-das-oficinas-fornecedores-e-fabricantes\/#article","isPartOf":{"@id":"https:\/\/jornaldasoficinas.com\/pt\/mannhummel-ao-lado-das-oficinas-fornecedores-e-fabricantes\/"},"author":{"name":"Reda\u00e7\u00e3o JO","@id":"https:\/\/jornaldasoficinas.com\/pt\/#\/schema\/person\/a38eef5de2c41d9e7c9ac10141afddf3"},"headline":"MANN+HUMMEL ao lado das oficinas, fornecedores e fabricantes","datePublished":"2025-05-05T17:00:00+00:00","mainEntityOfPage":{"@id":"https:\/\/jornaldasoficinas.com\/pt\/mannhummel-ao-lado-das-oficinas-fornecedores-e-fabricantes\/"},"wordCount":599,"publisher":{"@id":"https:\/\/jornaldasoficinas.com\/pt\/#organization"},"image":{"@id":"https:\/\/jornaldasoficinas.com\/pt\/mannhummel-ao-lado-das-oficinas-fornecedores-e-fabricantes\/#primaryimage"},"thumbnailUrl":"https:\/\/jornaldasoficinas.com\/pt\/wp-content\/uploads\/2025\/05\/MANNHUMMEL-ao-lado.jpg","keywords":["60 anos","Anivers\u00e1rio","FILTRON","MANN-FILTER","MANN+HUMMEL","Motortec Madrid","Sustentabilidade","WIX FILTERS"],"articleSection":["Empresas"],"inLanguage":"pt-PT"},{"@type":"WebPage","@id":"https:\/\/jornaldasoficinas.com\/pt\/mannhummel-ao-lado-das-oficinas-fornecedores-e-fabricantes\/","url":"https:\/\/jornaldasoficinas.com\/pt\/mannhummel-ao-lado-das-oficinas-fornecedores-e-fabricantes\/","name":"MANN+HUMMEL ao lado das oficinas, fornecedores e fabricantes - Jornal das Oficinas","isPartOf":{"@id":"https:\/\/jornaldasoficinas.com\/pt\/#website"},"primaryImageOfPage":{"@id":"https:\/\/jornaldasoficinas.com\/pt\/mannhummel-ao-lado-das-oficinas-fornecedores-e-fabricantes\/#primaryimage"},"image":{"@id":"https:\/\/jornaldasoficinas.com\/pt\/mannhummel-ao-lado-das-oficinas-fornecedores-e-fabricantes\/#primaryimage"},"thumbnailUrl":"https:\/\/jornaldasoficinas.com\/pt\/wp-content\/uploads\/2025\/05\/MANNHUMMEL-ao-lado.jpg","datePublished":"2025-05-05T17:00:00+00:00","description":"A MANN+HUMMEL Ib\u00e9rica esteve presente, como todos os anos, na Motortec Madrid, apresentando os \u00faltimos desenvolvimentos das suas marcas","breadcrumb":{"@id":"https:\/\/jornaldasoficinas.com\/pt\/mannhummel-ao-lado-das-oficinas-fornecedores-e-fabricantes\/#breadcrumb"},"inLanguage":"pt-PT","potentialAction":[{"@type":"ReadAction","target":["https:\/\/jornaldasoficinas.com\/pt\/mannhummel-ao-lado-das-oficinas-fornecedores-e-fabricantes\/"]}]},{"@type":"ImageObject","inLanguage":"pt-PT","@id":"https:\/\/jornaldasoficinas.com\/pt\/mannhummel-ao-lado-das-oficinas-fornecedores-e-fabricantes\/#primaryimage","url":"https:\/\/jornaldasoficinas.com\/pt\/wp-content\/uploads\/2025\/05\/MANNHUMMEL-ao-lado.jpg","contentUrl":"https:\/\/jornaldasoficinas.com\/pt\/wp-content\/uploads\/2025\/05\/MANNHUMMEL-ao-lado.jpg","width":1024,"height":581,"caption":"05 - MANNHUMMEL ao lado"},{"@type":"BreadcrumbList","@id":"https:\/\/jornaldasoficinas.com\/pt\/mannhummel-ao-lado-das-oficinas-fornecedores-e-fabricantes\/#breadcrumb","itemListElement":[{"@type":"ListItem","position":1,"name":"In\u00edcio","item":"https:\/\/jornaldasoficinas.com\/pt\/"},{"@type":"ListItem","position":2,"name":"MANN+HUMMEL ao lado das oficinas, fornecedores e fabricantes"}]},{"@type":"WebSite","@id":"https:\/\/jornaldasoficinas.com\/pt\/#website","url":"https:\/\/jornaldasoficinas.com\/pt\/","name":"Jornal das Oficinas","description":"Jornal independente do Aftermarket Autom\u00f3vel em Portugal","publisher":{"@id":"https:\/\/jornaldasoficinas.com\/pt\/#organization"},"potentialAction":[{"@type":"SearchAction","target":{"@type":"EntryPoint","urlTemplate":"https:\/\/jornaldasoficinas.com\/pt\/?s={search_term_string}"},"query-input":{"@type":"PropertyValueSpecification","valueRequired":true,"valueName":"search_term_string"}}],"inLanguage":"pt-PT"},{"@type":"Organization","@id":"https:\/\/jornaldasoficinas.com\/pt\/#organization","name":"Jornal das Oficinas","url":"https:\/\/jornaldasoficinas.com\/pt\/","logo":{"@type":"ImageObject","inLanguage":"pt-PT","@id":"https:\/\/jornaldasoficinas.com\/pt\/#\/schema\/logo\/image\/","url":"https:\/\/jornaldasoficinas.com\/pt\/wp-content\/uploads\/logoJO-SEO.png","contentUrl":"https:\/\/jornaldasoficinas.com\/pt\/wp-content\/uploads\/logoJO-SEO.png","width":285,"height":450,"caption":"Jornal das Oficinas"},"image":{"@id":"https:\/\/jornaldasoficinas.com\/pt\/#\/schema\/logo\/image\/"},"sameAs":["https:\/\/www.facebook.com\/jornaloficinas","https:\/\/x.com\/jornaloficinas","https:\/\/www.instagram.com\/jornal_oficinas\/","https:\/\/www.linkedin.com\/company\/jornal-das-oficinas\/","https:\/\/www.youtube.com\/channel\/UCbQZBqtcvV-oSQrr7RzINGg"]},{"@type":"Person","@id":"https:\/\/jornaldasoficinas.com\/pt\/#\/schema\/person\/a38eef5de2c41d9e7c9ac10141afddf3","name":"Reda\u00e7\u00e3o JO","image":{"@type":"ImageObject","inLanguage":"pt-PT","@id":"https:\/\/secure.gravatar.com\/avatar\/71f2fa71737ad68a84fea94bc708ddac8ea5b0c4788dc2ad202f3ccb2887742f?s=96&d=wp_user_avatar&r=g","url":"https:\/\/secure.gravatar.com\/avatar\/71f2fa71737ad68a84fea94bc708ddac8ea5b0c4788dc2ad202f3ccb2887742f?s=96&d=wp_user_avatar&r=g","contentUrl":"https:\/\/secure.gravatar.com\/avatar\/71f2fa71737ad68a84fea94bc708ddac8ea5b0c4788dc2ad202f3ccb2887742f?s=96&d=wp_user_avatar&r=g","caption":"Reda\u00e7\u00e3o JO"},"url":"https:\/\/jornaldasoficinas.com\/pt\/author\/joredacao\/"}]}},"_links":{"self":[{"href":"https:\/\/jornaldasoficinas.com\/pt\/wp-json\/wp\/v2\/posts\/101239","targetHints":{"allow":["GET"]}}],"collection":[{"href":"https:\/\/jornaldasoficinas.com\/pt\/wp-json\/wp\/v2\/posts"}],"about":[{"href":"https:\/\/jornaldasoficinas.com\/pt\/wp-json\/wp\/v2\/types\/post"}],"author":[{"embeddable":true,"href":"https:\/\/jornaldasoficinas.com\/pt\/wp-json\/wp\/v2\/users\/15"}],"replies":[{"embeddable":true,"href":"https:\/\/jornaldasoficinas.com\/pt\/wp-json\/wp\/v2\/comments?post=101239"}],"version-history":[{"count":6,"href":"https:\/\/jornaldasoficinas.com\/pt\/wp-json\/wp\/v2\/posts\/101239\/revisions"}],"predecessor-version":[{"id":101247,"href":"https:\/\/jornaldasoficinas.com\/pt\/wp-json\/wp\/v2\/posts\/101239\/revisions\/101247"}],"wp:featuredmedia":[{"embeddable":true,"href":"https:\/\/jornaldasoficinas.com\/pt\/wp-json\/wp\/v2\/media\/101246"}],"wp:attachment":[{"href":"https:\/\/jornaldasoficinas.com\/pt\/wp-json\/wp\/v2\/media?parent=101239"}],"wp:term":[{"taxonomy":"category","embeddable":true,"href":"https:\/\/jornaldasoficinas.com\/pt\/wp-json\/wp\/v2\/categories?post=101239"},{"taxonomy":"post_tag","embeddable":true,"href":"https:\/\/jornaldasoficinas.com\/pt\/wp-json\/wp\/v2\/tags?post=101239"}],"curies":[{"name":"wp","href":"https:\/\/api.w.org\/{rel}","templated":true}]}}