{"id":101253,"date":"2025-05-06T18:00:00","date_gmt":"2025-05-06T17:00:00","guid":{"rendered":"https:\/\/jornaldasoficinas.com\/pt\/?p=101253"},"modified":"2025-05-06T11:37:20","modified_gmt":"2025-05-06T10:37:20","slug":"infopro-digital-automotive-apresentou-o-futuro-da-oficina","status":"publish","type":"post","link":"https:\/\/jornaldasoficinas.com\/pt\/infopro-digital-automotive-apresentou-o-futuro-da-oficina\/","title":{"rendered":"Infopro Digital Automotive apresentou o futuro da oficina"},"content":{"rendered":"<p><strong><img loading=\"lazy\" decoding=\"async\" class=\"alignnone size-full wp-image-101267\" src=\"https:\/\/jornaldasoficinas.com\/pt\/wp-content\/uploads\/2025\/05\/Infopro-Digital-Automotive.jpg\" alt=\"05 - Infopro Digital Automotive\" width=\"1024\" height=\"581\" srcset=\"https:\/\/jornaldasoficinas.com\/pt\/wp-content\/uploads\/2025\/05\/Infopro-Digital-Automotive.jpg 1024w, https:\/\/jornaldasoficinas.com\/pt\/wp-content\/uploads\/2025\/05\/Infopro-Digital-Automotive-300x170.jpg 300w, https:\/\/jornaldasoficinas.com\/pt\/wp-content\/uploads\/2025\/05\/Infopro-Digital-Automotive-150x85.jpg 150w, https:\/\/jornaldasoficinas.com\/pt\/wp-content\/uploads\/2025\/05\/Infopro-Digital-Automotive-768x436.jpg 768w\" sizes=\"auto, (max-width: 1024px) 100vw, 1024px\" \/><\/strong><\/p>\n<p><strong>A <a href=\"https:\/\/www.infopro-digital-automotive.pt\/\" target=\"_blank\" rel=\"noopener\">Infopro Digital Automotive<\/a> apresentou na <a href=\"https:\/\/www.ifema.es\/en\/motortec\" target=\"_blank\" rel=\"noopener\">Motortec Madrid<\/a> o futuro da oficina e as solu\u00e7\u00f5es integradas, com ferramentas baseadas em IA, diagn\u00f3stico avan\u00e7ado e prepara\u00e7\u00e3o para a nova regulamenta\u00e7\u00e3o de fatura\u00e7\u00e3o eletr\u00f3nica<\/strong><\/p>\n<p>Os visitantes puderam descobrir como a intelig\u00eancia artificial est\u00e1 a transformar as opera\u00e7\u00f5es da oficina, desde o diagn\u00f3stico e repara\u00e7\u00e3o at\u00e9 \u00e0 fatura\u00e7\u00e3o e planeamento do servi\u00e7o. Uma demonstra\u00e7\u00e3o do compromisso da Infopro Digital Automotive com fluxos de trabalho mais inteligentes, r\u00e1pidos e intuitivos para os profissionais do setor autom\u00f3vel.<\/p>\n<p><strong>Atelio FID reinventa o planeamento de servi\u00e7os<\/strong><\/p>\n<p>Durante a feira, foi apresentada a Atelio FID, uma plataforma independente aprimorada com IA que transforma a fatura\u00e7\u00e3o da oficina e o hist\u00f3rico de servi\u00e7os dos clientes em informa\u00e7\u00f5es pr\u00e1ticas, ajudando os profissionais a passar de uma manuten\u00e7\u00e3o reativa para um servi\u00e7o preditivo.<\/p>\n<p><strong>Como \u00e9 que a intelig\u00eancia artificial acrescenta valor?<\/strong><\/p>\n<p>\u2022 Analisa os dados da oficina para antecipar mais de 30 opera\u00e7\u00f5es relacionadas com o desgaste e recomendar a\u00e7\u00f5es de manuten\u00e7\u00e3o personalizadas, evitando avarias e garantindo um servi\u00e7o atempado;<\/p>\n<p>\u2022 Permite campanhas de recall espec\u00edficas e comunica\u00e7\u00f5es proativas com os clientes;<\/p>\n<p>\u2022 Funciona sem necessidade de integra\u00e7\u00e3o: a IA interpreta e aproveita automaticamente os dados existentes nos sistemas da oficina.<\/p>\n<p>Com isso, as oficinas aumentam as suas receitas gra\u00e7as \u00e0 fideliza\u00e7\u00e3o dos clientes, melhoram o seu planeamento e fortalecem a sua rela\u00e7\u00e3o comercial. Ao converter os dados sub-utilizados do DMS em ativadores de servi\u00e7o inteligentes, os profissionais podem fazer crescer o seu neg\u00f3cio e manter-se um passo \u00e0 frente.<\/p>\n<p><strong>Atelio Data: Acesso mais inteligente \u00e0 informa\u00e7\u00e3o t\u00e9cnica<\/strong><\/p>\n<p>Atelio Data, a solu\u00e7\u00e3o da Infopro Digital Automotive para manuten\u00e7\u00e3o e repara\u00e7\u00e3o de ve\u00edculos, continua a evoluir para maximizar a efici\u00eancia e o desempenho da oficina. Na Motortec, os visitantes tiveram a oportunidade de descobrir as pr\u00f3ximas ferramentas da Atelio Data com IA, que ser\u00e3o lan\u00e7adas ao longo de 2025, para agilizar ainda mais o diagn\u00f3stico e o acesso aos dados.<\/p>\n<p>Entre as recentes melhorias do produto incluem-se:<\/p>\n<p>\u2022 Atalhos inteligentes na p\u00e1gina inicial do ve\u00edculo, que oferecem acesso r\u00e1pido aos conte\u00fados mais utilizados;<\/p>\n<p>\u2022 Novos procedimentos de substitui\u00e7\u00e3o de componentes do motor, que abrangem mais de 20 componentes eletr\u00f3nicos essenciais;<\/p>\n<p>\u2022 P\u00e1gina de procedimentos de repara\u00e7\u00e3o redesenhada, com uma navega\u00e7\u00e3o mais clara e tipos de dados adicionados;<\/p>\n<p>\u2022 Suporte para ve\u00edculos el\u00e9tricos e h\u00edbridos, com acesso direto a instru\u00e7\u00f5es de seguran\u00e7a e manuais de repara\u00e7\u00e3o espec\u00edficos para sistemas de propuls\u00e3o de nova gera\u00e7\u00e3o.<\/p>\n<p>Como antecipa\u00e7\u00e3o do que est\u00e1 por vir, a Atelio Data introduzir\u00e1 em breve um motor de busca impulsionado por IA que compreende as consultas dos t\u00e9cnicos, um chatbot conversacional para navega\u00e7\u00e3o em tempo real e uma interface m\u00f3vel concebida para um acesso mais r\u00e1pido e intuitivo em movimento, com integra\u00e7\u00e3o de uma estrutura\u00e7\u00e3o de dados premium, reduzindo os tempos de resposta da assist\u00eancia documental de horas para menos de 15 minutos.<\/p>\n<p>Estas atualiza\u00e7\u00f5es ajudam os t\u00e9cnicos a trabalhar mais r\u00e1pido e com maior confian\u00e7a, fornecendo as informa\u00e7\u00f5es certas exatamente quando s\u00e3o necess\u00e1rias.<\/p>\n<p><strong>Atelio Pro: DMS preparado para o futuro<\/strong><\/p>\n<p>A Infopro Digital Automotive tamb\u00e9m destacou as poderosas atualiza\u00e7\u00f5es do Atelio Pro, que j\u00e1 cumpre as pr\u00f3ximas obriga\u00e7\u00f5es de fatura\u00e7\u00e3o eletr\u00f3nica em Espanha e integra nativamente solu\u00e7\u00f5es de cat\u00e1logo.<\/p>\n<p>O Atelio Pro e o IsiParts j\u00e1 s\u00e3o compat\u00edveis com os regulamentos SII e TicketBAI no \u00e2mbito do sistema Veri*Factu. Com as pr\u00f3ximas atualiza\u00e7\u00f5es, tamb\u00e9m ir\u00e3o fornecer:<\/p>\n<p>\u2022 Gera\u00e7\u00e3o autom\u00e1tica e assinatura digital de ficheiros XML-VERI;<\/p>\n<p>\u2022 Envio de faturas em tempo real para a AEAT;<\/p>\n<p>\u2022 Total conformidade t\u00e9cnica com os novos requisitos regulamentares.<\/p>\n<p>Isto permite que oficinas e distribuidores se mantenham em conformidade com a regulamenta\u00e7\u00e3o de forma simples, agilizando a fatura\u00e7\u00e3o e reduzindo erros administrativos, para que possam se concentrar no cliente. Al\u00e9m disso, a integra\u00e7\u00e3o da i2i fornece acesso a mais de 55 sistemas de cat\u00e1logos, com op\u00e7\u00f5es de escalabilidade adaptadas a distribuidores, grupos de compra e redes de oficinas.<\/p>\n","protected":false},"excerpt":{"rendered":"<p>A Infopro Digital Automotive apresentou na&#8230;<\/p>\n","protected":false},"author":15,"featured_media":101267,"comment_status":"closed","ping_status":"closed","sticky":false,"template":"","format":"standard","meta":{"footnotes":""},"categories":[29],"tags":[12382,12631,2690,1087,1757],"class_list":["post-101253","post","type-post","status-publish","format-standard","has-post-thumbnail","hentry","category-empresas","tag-diagnostico-avancado","tag-futuro-da-oficina","tag-infopro-digital-automotive","tag-inteligencia-artificial","tag-motortec-madrid"],"yoast_head":"<!-- This site is optimized with the Yoast SEO plugin v27.4 - https:\/\/yoast.com\/product\/yoast-seo-wordpress\/ -->\n<title>Infopro Digital Automotive apresentou o futuro da oficina - Jornal das Oficinas<\/title>\n<meta name=\"description\" content=\"A Infopro Digital Automotive apresentou na Motortec Madrid o futuro da oficina e as solu\u00e7\u00f5es integradas, com ferramentas baseadas em IA\" \/>\n<meta name=\"robots\" content=\"index, follow, max-snippet:-1, max-image-preview:large, max-video-preview:-1\" \/>\n<link rel=\"canonical\" href=\"https:\/\/jornaldasoficinas.com\/pt\/infopro-digital-automotive-apresentou-o-futuro-da-oficina\/\" \/>\n<meta property=\"og:locale\" content=\"pt_PT\" \/>\n<meta property=\"og:type\" content=\"article\" \/>\n<meta property=\"og:title\" content=\"Infopro Digital Automotive apresentou o futuro da oficina - Jornal das Oficinas\" \/>\n<meta property=\"og:description\" content=\"A Infopro Digital Automotive apresentou na Motortec Madrid o futuro da oficina e as solu\u00e7\u00f5es integradas, com ferramentas baseadas em IA\" \/>\n<meta property=\"og:url\" content=\"https:\/\/jornaldasoficinas.com\/pt\/infopro-digital-automotive-apresentou-o-futuro-da-oficina\/\" \/>\n<meta property=\"og:site_name\" content=\"Jornal das Oficinas\" \/>\n<meta property=\"article:publisher\" content=\"https:\/\/www.facebook.com\/jornaloficinas\" \/>\n<meta property=\"article:published_time\" content=\"2025-05-06T17:00:00+00:00\" \/>\n<meta property=\"og:image\" content=\"https:\/\/jornaldasoficinas.com\/pt\/wp-content\/uploads\/2025\/05\/Infopro-Digital-Automotive.jpg\" \/>\n\t<meta property=\"og:image:width\" content=\"1024\" \/>\n\t<meta property=\"og:image:height\" content=\"581\" \/>\n\t<meta property=\"og:image:type\" content=\"image\/jpeg\" \/>\n<meta name=\"author\" content=\"Reda\u00e7\u00e3o JO\" \/>\n<meta name=\"twitter:card\" content=\"summary_large_image\" \/>\n<meta name=\"twitter:creator\" content=\"@jornaloficinas\" \/>\n<meta name=\"twitter:site\" content=\"@jornaloficinas\" \/>\n<meta name=\"twitter:label1\" content=\"Escrito por\" \/>\n\t<meta name=\"twitter:data1\" content=\"Reda\u00e7\u00e3o JO\" \/>\n\t<meta name=\"twitter:label2\" content=\"Tempo estimado de leitura\" \/>\n\t<meta name=\"twitter:data2\" content=\"4 minutos\" \/>\n<script type=\"application\/ld+json\" class=\"yoast-schema-graph\">{\"@context\":\"https:\\\/\\\/schema.org\",\"@graph\":[{\"@type\":\"Article\",\"@id\":\"https:\\\/\\\/jornaldasoficinas.com\\\/pt\\\/infopro-digital-automotive-apresentou-o-futuro-da-oficina\\\/#article\",\"isPartOf\":{\"@id\":\"https:\\\/\\\/jornaldasoficinas.com\\\/pt\\\/infopro-digital-automotive-apresentou-o-futuro-da-oficina\\\/\"},\"author\":{\"name\":\"Reda\u00e7\u00e3o JO\",\"@id\":\"https:\\\/\\\/jornaldasoficinas.com\\\/pt\\\/#\\\/schema\\\/person\\\/a38eef5de2c41d9e7c9ac10141afddf3\"},\"headline\":\"Infopro Digital Automotive apresentou o futuro da oficina\",\"datePublished\":\"2025-05-06T17:00:00+00:00\",\"mainEntityOfPage\":{\"@id\":\"https:\\\/\\\/jornaldasoficinas.com\\\/pt\\\/infopro-digital-automotive-apresentou-o-futuro-da-oficina\\\/\"},\"wordCount\":737,\"publisher\":{\"@id\":\"https:\\\/\\\/jornaldasoficinas.com\\\/pt\\\/#organization\"},\"image\":{\"@id\":\"https:\\\/\\\/jornaldasoficinas.com\\\/pt\\\/infopro-digital-automotive-apresentou-o-futuro-da-oficina\\\/#primaryimage\"},\"thumbnailUrl\":\"https:\\\/\\\/jornaldasoficinas.com\\\/pt\\\/wp-content\\\/uploads\\\/2025\\\/05\\\/Infopro-Digital-Automotive.jpg\",\"keywords\":[\"diagn\u00f3stico avan\u00e7ado\",\"futuro da oficina\",\"Infopro Digital Automotive\",\"Intelig\u00eancia artificial\",\"Motortec Madrid\"],\"articleSection\":[\"Empresas\"],\"inLanguage\":\"pt-PT\"},{\"@type\":\"WebPage\",\"@id\":\"https:\\\/\\\/jornaldasoficinas.com\\\/pt\\\/infopro-digital-automotive-apresentou-o-futuro-da-oficina\\\/\",\"url\":\"https:\\\/\\\/jornaldasoficinas.com\\\/pt\\\/infopro-digital-automotive-apresentou-o-futuro-da-oficina\\\/\",\"name\":\"Infopro Digital Automotive apresentou o futuro da oficina - Jornal das Oficinas\",\"isPartOf\":{\"@id\":\"https:\\\/\\\/jornaldasoficinas.com\\\/pt\\\/#website\"},\"primaryImageOfPage\":{\"@id\":\"https:\\\/\\\/jornaldasoficinas.com\\\/pt\\\/infopro-digital-automotive-apresentou-o-futuro-da-oficina\\\/#primaryimage\"},\"image\":{\"@id\":\"https:\\\/\\\/jornaldasoficinas.com\\\/pt\\\/infopro-digital-automotive-apresentou-o-futuro-da-oficina\\\/#primaryimage\"},\"thumbnailUrl\":\"https:\\\/\\\/jornaldasoficinas.com\\\/pt\\\/wp-content\\\/uploads\\\/2025\\\/05\\\/Infopro-Digital-Automotive.jpg\",\"datePublished\":\"2025-05-06T17:00:00+00:00\",\"description\":\"A Infopro Digital Automotive apresentou na Motortec Madrid o futuro da oficina e as solu\u00e7\u00f5es integradas, com ferramentas baseadas em IA\",\"breadcrumb\":{\"@id\":\"https:\\\/\\\/jornaldasoficinas.com\\\/pt\\\/infopro-digital-automotive-apresentou-o-futuro-da-oficina\\\/#breadcrumb\"},\"inLanguage\":\"pt-PT\",\"potentialAction\":[{\"@type\":\"ReadAction\",\"target\":[\"https:\\\/\\\/jornaldasoficinas.com\\\/pt\\\/infopro-digital-automotive-apresentou-o-futuro-da-oficina\\\/\"]}]},{\"@type\":\"ImageObject\",\"inLanguage\":\"pt-PT\",\"@id\":\"https:\\\/\\\/jornaldasoficinas.com\\\/pt\\\/infopro-digital-automotive-apresentou-o-futuro-da-oficina\\\/#primaryimage\",\"url\":\"https:\\\/\\\/jornaldasoficinas.com\\\/pt\\\/wp-content\\\/uploads\\\/2025\\\/05\\\/Infopro-Digital-Automotive.jpg\",\"contentUrl\":\"https:\\\/\\\/jornaldasoficinas.com\\\/pt\\\/wp-content\\\/uploads\\\/2025\\\/05\\\/Infopro-Digital-Automotive.jpg\",\"width\":1024,\"height\":581,\"caption\":\"05 - Infopro Digital Automotive\"},{\"@type\":\"BreadcrumbList\",\"@id\":\"https:\\\/\\\/jornaldasoficinas.com\\\/pt\\\/infopro-digital-automotive-apresentou-o-futuro-da-oficina\\\/#breadcrumb\",\"itemListElement\":[{\"@type\":\"ListItem\",\"position\":1,\"name\":\"In\u00edcio\",\"item\":\"https:\\\/\\\/jornaldasoficinas.com\\\/pt\\\/\"},{\"@type\":\"ListItem\",\"position\":2,\"name\":\"Infopro Digital Automotive apresentou o futuro da oficina\"}]},{\"@type\":\"WebSite\",\"@id\":\"https:\\\/\\\/jornaldasoficinas.com\\\/pt\\\/#website\",\"url\":\"https:\\\/\\\/jornaldasoficinas.com\\\/pt\\\/\",\"name\":\"Jornal das Oficinas\",\"description\":\"Jornal independente do Aftermarket Autom\u00f3vel em Portugal\",\"publisher\":{\"@id\":\"https:\\\/\\\/jornaldasoficinas.com\\\/pt\\\/#organization\"},\"potentialAction\":[{\"@type\":\"SearchAction\",\"target\":{\"@type\":\"EntryPoint\",\"urlTemplate\":\"https:\\\/\\\/jornaldasoficinas.com\\\/pt\\\/?s={search_term_string}\"},\"query-input\":{\"@type\":\"PropertyValueSpecification\",\"valueRequired\":true,\"valueName\":\"search_term_string\"}}],\"inLanguage\":\"pt-PT\"},{\"@type\":\"Organization\",\"@id\":\"https:\\\/\\\/jornaldasoficinas.com\\\/pt\\\/#organization\",\"name\":\"Jornal das Oficinas\",\"url\":\"https:\\\/\\\/jornaldasoficinas.com\\\/pt\\\/\",\"logo\":{\"@type\":\"ImageObject\",\"inLanguage\":\"pt-PT\",\"@id\":\"https:\\\/\\\/jornaldasoficinas.com\\\/pt\\\/#\\\/schema\\\/logo\\\/image\\\/\",\"url\":\"https:\\\/\\\/jornaldasoficinas.com\\\/pt\\\/wp-content\\\/uploads\\\/logoJO-SEO.png\",\"contentUrl\":\"https:\\\/\\\/jornaldasoficinas.com\\\/pt\\\/wp-content\\\/uploads\\\/logoJO-SEO.png\",\"width\":285,\"height\":450,\"caption\":\"Jornal das Oficinas\"},\"image\":{\"@id\":\"https:\\\/\\\/jornaldasoficinas.com\\\/pt\\\/#\\\/schema\\\/logo\\\/image\\\/\"},\"sameAs\":[\"https:\\\/\\\/www.facebook.com\\\/jornaloficinas\",\"https:\\\/\\\/x.com\\\/jornaloficinas\",\"https:\\\/\\\/www.instagram.com\\\/jornal_oficinas\\\/\",\"https:\\\/\\\/www.linkedin.com\\\/company\\\/jornal-das-oficinas\\\/\",\"https:\\\/\\\/www.youtube.com\\\/channel\\\/UCbQZBqtcvV-oSQrr7RzINGg\"]},{\"@type\":\"Person\",\"@id\":\"https:\\\/\\\/jornaldasoficinas.com\\\/pt\\\/#\\\/schema\\\/person\\\/a38eef5de2c41d9e7c9ac10141afddf3\",\"name\":\"Reda\u00e7\u00e3o JO\",\"image\":{\"@type\":\"ImageObject\",\"inLanguage\":\"pt-PT\",\"@id\":\"https:\\\/\\\/secure.gravatar.com\\\/avatar\\\/71f2fa71737ad68a84fea94bc708ddac8ea5b0c4788dc2ad202f3ccb2887742f?s=96&d=wp_user_avatar&r=g\",\"url\":\"https:\\\/\\\/secure.gravatar.com\\\/avatar\\\/71f2fa71737ad68a84fea94bc708ddac8ea5b0c4788dc2ad202f3ccb2887742f?s=96&d=wp_user_avatar&r=g\",\"contentUrl\":\"https:\\\/\\\/secure.gravatar.com\\\/avatar\\\/71f2fa71737ad68a84fea94bc708ddac8ea5b0c4788dc2ad202f3ccb2887742f?s=96&d=wp_user_avatar&r=g\",\"caption\":\"Reda\u00e7\u00e3o JO\"},\"url\":\"https:\\\/\\\/jornaldasoficinas.com\\\/pt\\\/author\\\/joredacao\\\/\"}]}<\/script>\n<!-- \/ Yoast SEO plugin. -->","yoast_head_json":{"title":"Infopro Digital Automotive apresentou o futuro da oficina - Jornal das Oficinas","description":"A Infopro Digital Automotive apresentou na Motortec Madrid o futuro da oficina e as solu\u00e7\u00f5es integradas, com ferramentas baseadas em IA","robots":{"index":"index","follow":"follow","max-snippet":"max-snippet:-1","max-image-preview":"max-image-preview:large","max-video-preview":"max-video-preview:-1"},"canonical":"https:\/\/jornaldasoficinas.com\/pt\/infopro-digital-automotive-apresentou-o-futuro-da-oficina\/","og_locale":"pt_PT","og_type":"article","og_title":"Infopro Digital Automotive apresentou o futuro da oficina - Jornal das Oficinas","og_description":"A Infopro Digital Automotive apresentou na Motortec Madrid o futuro da oficina e as solu\u00e7\u00f5es integradas, com ferramentas baseadas em IA","og_url":"https:\/\/jornaldasoficinas.com\/pt\/infopro-digital-automotive-apresentou-o-futuro-da-oficina\/","og_site_name":"Jornal das Oficinas","article_publisher":"https:\/\/www.facebook.com\/jornaloficinas","article_published_time":"2025-05-06T17:00:00+00:00","og_image":[{"width":1024,"height":581,"url":"https:\/\/jornaldasoficinas.com\/pt\/wp-content\/uploads\/2025\/05\/Infopro-Digital-Automotive.jpg","type":"image\/jpeg"}],"author":"Reda\u00e7\u00e3o JO","twitter_card":"summary_large_image","twitter_creator":"@jornaloficinas","twitter_site":"@jornaloficinas","twitter_misc":{"Escrito por":"Reda\u00e7\u00e3o JO","Tempo estimado de leitura":"4 minutos"},"schema":{"@context":"https:\/\/schema.org","@graph":[{"@type":"Article","@id":"https:\/\/jornaldasoficinas.com\/pt\/infopro-digital-automotive-apresentou-o-futuro-da-oficina\/#article","isPartOf":{"@id":"https:\/\/jornaldasoficinas.com\/pt\/infopro-digital-automotive-apresentou-o-futuro-da-oficina\/"},"author":{"name":"Reda\u00e7\u00e3o JO","@id":"https:\/\/jornaldasoficinas.com\/pt\/#\/schema\/person\/a38eef5de2c41d9e7c9ac10141afddf3"},"headline":"Infopro Digital Automotive apresentou o futuro da oficina","datePublished":"2025-05-06T17:00:00+00:00","mainEntityOfPage":{"@id":"https:\/\/jornaldasoficinas.com\/pt\/infopro-digital-automotive-apresentou-o-futuro-da-oficina\/"},"wordCount":737,"publisher":{"@id":"https:\/\/jornaldasoficinas.com\/pt\/#organization"},"image":{"@id":"https:\/\/jornaldasoficinas.com\/pt\/infopro-digital-automotive-apresentou-o-futuro-da-oficina\/#primaryimage"},"thumbnailUrl":"https:\/\/jornaldasoficinas.com\/pt\/wp-content\/uploads\/2025\/05\/Infopro-Digital-Automotive.jpg","keywords":["diagn\u00f3stico avan\u00e7ado","futuro da oficina","Infopro Digital Automotive","Intelig\u00eancia artificial","Motortec Madrid"],"articleSection":["Empresas"],"inLanguage":"pt-PT"},{"@type":"WebPage","@id":"https:\/\/jornaldasoficinas.com\/pt\/infopro-digital-automotive-apresentou-o-futuro-da-oficina\/","url":"https:\/\/jornaldasoficinas.com\/pt\/infopro-digital-automotive-apresentou-o-futuro-da-oficina\/","name":"Infopro Digital Automotive apresentou o futuro da oficina - Jornal das Oficinas","isPartOf":{"@id":"https:\/\/jornaldasoficinas.com\/pt\/#website"},"primaryImageOfPage":{"@id":"https:\/\/jornaldasoficinas.com\/pt\/infopro-digital-automotive-apresentou-o-futuro-da-oficina\/#primaryimage"},"image":{"@id":"https:\/\/jornaldasoficinas.com\/pt\/infopro-digital-automotive-apresentou-o-futuro-da-oficina\/#primaryimage"},"thumbnailUrl":"https:\/\/jornaldasoficinas.com\/pt\/wp-content\/uploads\/2025\/05\/Infopro-Digital-Automotive.jpg","datePublished":"2025-05-06T17:00:00+00:00","description":"A Infopro Digital Automotive apresentou na Motortec Madrid o futuro da oficina e as solu\u00e7\u00f5es integradas, com ferramentas baseadas em IA","breadcrumb":{"@id":"https:\/\/jornaldasoficinas.com\/pt\/infopro-digital-automotive-apresentou-o-futuro-da-oficina\/#breadcrumb"},"inLanguage":"pt-PT","potentialAction":[{"@type":"ReadAction","target":["https:\/\/jornaldasoficinas.com\/pt\/infopro-digital-automotive-apresentou-o-futuro-da-oficina\/"]}]},{"@type":"ImageObject","inLanguage":"pt-PT","@id":"https:\/\/jornaldasoficinas.com\/pt\/infopro-digital-automotive-apresentou-o-futuro-da-oficina\/#primaryimage","url":"https:\/\/jornaldasoficinas.com\/pt\/wp-content\/uploads\/2025\/05\/Infopro-Digital-Automotive.jpg","contentUrl":"https:\/\/jornaldasoficinas.com\/pt\/wp-content\/uploads\/2025\/05\/Infopro-Digital-Automotive.jpg","width":1024,"height":581,"caption":"05 - Infopro Digital Automotive"},{"@type":"BreadcrumbList","@id":"https:\/\/jornaldasoficinas.com\/pt\/infopro-digital-automotive-apresentou-o-futuro-da-oficina\/#breadcrumb","itemListElement":[{"@type":"ListItem","position":1,"name":"In\u00edcio","item":"https:\/\/jornaldasoficinas.com\/pt\/"},{"@type":"ListItem","position":2,"name":"Infopro Digital Automotive apresentou o futuro da oficina"}]},{"@type":"WebSite","@id":"https:\/\/jornaldasoficinas.com\/pt\/#website","url":"https:\/\/jornaldasoficinas.com\/pt\/","name":"Jornal das Oficinas","description":"Jornal independente do Aftermarket Autom\u00f3vel em Portugal","publisher":{"@id":"https:\/\/jornaldasoficinas.com\/pt\/#organization"},"potentialAction":[{"@type":"SearchAction","target":{"@type":"EntryPoint","urlTemplate":"https:\/\/jornaldasoficinas.com\/pt\/?s={search_term_string}"},"query-input":{"@type":"PropertyValueSpecification","valueRequired":true,"valueName":"search_term_string"}}],"inLanguage":"pt-PT"},{"@type":"Organization","@id":"https:\/\/jornaldasoficinas.com\/pt\/#organization","name":"Jornal das Oficinas","url":"https:\/\/jornaldasoficinas.com\/pt\/","logo":{"@type":"ImageObject","inLanguage":"pt-PT","@id":"https:\/\/jornaldasoficinas.com\/pt\/#\/schema\/logo\/image\/","url":"https:\/\/jornaldasoficinas.com\/pt\/wp-content\/uploads\/logoJO-SEO.png","contentUrl":"https:\/\/jornaldasoficinas.com\/pt\/wp-content\/uploads\/logoJO-SEO.png","width":285,"height":450,"caption":"Jornal das Oficinas"},"image":{"@id":"https:\/\/jornaldasoficinas.com\/pt\/#\/schema\/logo\/image\/"},"sameAs":["https:\/\/www.facebook.com\/jornaloficinas","https:\/\/x.com\/jornaloficinas","https:\/\/www.instagram.com\/jornal_oficinas\/","https:\/\/www.linkedin.com\/company\/jornal-das-oficinas\/","https:\/\/www.youtube.com\/channel\/UCbQZBqtcvV-oSQrr7RzINGg"]},{"@type":"Person","@id":"https:\/\/jornaldasoficinas.com\/pt\/#\/schema\/person\/a38eef5de2c41d9e7c9ac10141afddf3","name":"Reda\u00e7\u00e3o JO","image":{"@type":"ImageObject","inLanguage":"pt-PT","@id":"https:\/\/secure.gravatar.com\/avatar\/71f2fa71737ad68a84fea94bc708ddac8ea5b0c4788dc2ad202f3ccb2887742f?s=96&d=wp_user_avatar&r=g","url":"https:\/\/secure.gravatar.com\/avatar\/71f2fa71737ad68a84fea94bc708ddac8ea5b0c4788dc2ad202f3ccb2887742f?s=96&d=wp_user_avatar&r=g","contentUrl":"https:\/\/secure.gravatar.com\/avatar\/71f2fa71737ad68a84fea94bc708ddac8ea5b0c4788dc2ad202f3ccb2887742f?s=96&d=wp_user_avatar&r=g","caption":"Reda\u00e7\u00e3o JO"},"url":"https:\/\/jornaldasoficinas.com\/pt\/author\/joredacao\/"}]}},"_links":{"self":[{"href":"https:\/\/jornaldasoficinas.com\/pt\/wp-json\/wp\/v2\/posts\/101253","targetHints":{"allow":["GET"]}}],"collection":[{"href":"https:\/\/jornaldasoficinas.com\/pt\/wp-json\/wp\/v2\/posts"}],"about":[{"href":"https:\/\/jornaldasoficinas.com\/pt\/wp-json\/wp\/v2\/types\/post"}],"author":[{"embeddable":true,"href":"https:\/\/jornaldasoficinas.com\/pt\/wp-json\/wp\/v2\/users\/15"}],"replies":[{"embeddable":true,"href":"https:\/\/jornaldasoficinas.com\/pt\/wp-json\/wp\/v2\/comments?post=101253"}],"version-history":[{"count":5,"href":"https:\/\/jornaldasoficinas.com\/pt\/wp-json\/wp\/v2\/posts\/101253\/revisions"}],"predecessor-version":[{"id":101268,"href":"https:\/\/jornaldasoficinas.com\/pt\/wp-json\/wp\/v2\/posts\/101253\/revisions\/101268"}],"wp:featuredmedia":[{"embeddable":true,"href":"https:\/\/jornaldasoficinas.com\/pt\/wp-json\/wp\/v2\/media\/101267"}],"wp:attachment":[{"href":"https:\/\/jornaldasoficinas.com\/pt\/wp-json\/wp\/v2\/media?parent=101253"}],"wp:term":[{"taxonomy":"category","embeddable":true,"href":"https:\/\/jornaldasoficinas.com\/pt\/wp-json\/wp\/v2\/categories?post=101253"},{"taxonomy":"post_tag","embeddable":true,"href":"https:\/\/jornaldasoficinas.com\/pt\/wp-json\/wp\/v2\/tags?post=101253"}],"curies":[{"name":"wp","href":"https:\/\/api.w.org\/{rel}","templated":true}]}}