{"id":101555,"date":"2025-05-15T08:00:58","date_gmt":"2025-05-15T07:00:58","guid":{"rendered":"https:\/\/jornaldasoficinas.com\/pt\/?p=101555"},"modified":"2025-05-14T11:23:26","modified_gmt":"2025-05-14T10:23:26","slug":"nrf-adquire-a-marca-alanko-turbo","status":"publish","type":"post","link":"https:\/\/jornaldasoficinas.com\/pt\/nrf-adquire-a-marca-alanko-turbo\/","title":{"rendered":"NRF adquire marca ALANKO TURBO"},"content":{"rendered":"<p><strong><img loading=\"lazy\" decoding=\"async\" class=\"alignnone size-full wp-image-101826\" src=\"https:\/\/jornaldasoficinas.com\/pt\/wp-content\/uploads\/2025\/05\/NRF-adquire-marca-ALANKO-TURBO1.jpg\" alt=\"05 - NRF adquire marca ALANKO TURBO1\" width=\"1024\" height=\"581\" srcset=\"https:\/\/jornaldasoficinas.com\/pt\/wp-content\/uploads\/2025\/05\/NRF-adquire-marca-ALANKO-TURBO1.jpg 1024w, https:\/\/jornaldasoficinas.com\/pt\/wp-content\/uploads\/2025\/05\/NRF-adquire-marca-ALANKO-TURBO1-300x170.jpg 300w, https:\/\/jornaldasoficinas.com\/pt\/wp-content\/uploads\/2025\/05\/NRF-adquire-marca-ALANKO-TURBO1-150x85.jpg 150w, https:\/\/jornaldasoficinas.com\/pt\/wp-content\/uploads\/2025\/05\/NRF-adquire-marca-ALANKO-TURBO1-768x436.jpg 768w\" sizes=\"auto, (max-width: 1024px) 100vw, 1024px\" \/><\/strong><\/p>\n<p><strong>A <a href=\"https:\/\/www.nrf.eu\/\" target=\"_blank\" rel=\"noopener\">NRF<\/a> entra no mercado de pe\u00e7as de reposi\u00e7\u00e3o para turbos com a aquisi\u00e7\u00e3o da marca ALANKO GmbH, conhecida pela sua ampla gama de turbos novos e remanufaturados<\/strong><\/p>\n<p>O mercado de turbos de reposi\u00e7\u00e3o est\u00e1 a experimentar um forte crescimento, impulsionado pelo aumento da instala\u00e7\u00e3o de turbos devido \u00e0 tend\u00eancia de downsizing dos motores. Entrar neste segmento com uma marca reconhecida pela sua qualidade permite \u00e0 NRF oferecer aos seus clientes uma solu\u00e7\u00e3o s\u00f3lida para satisfazer a crescente procura.<\/p>\n<p>A partir de maio deste ano, os produtos Alanko ser\u00e3o distribu\u00eddos no mercado atrav\u00e9s da cadeia de abastecimento da NRF, o que permitir\u00e1 oferecer desde o in\u00edcio uma vasta gama de turbos com a maior cobertura do mercado.<\/p>\n<p>Depois de abrir o mercado alem\u00e3o de turbos de reposi\u00e7\u00e3o ao garantir o direito de fornecer produtos de qualidade equivalente, a Alanko alcan\u00e7ou um alto reconhecimento da marca na Alemanha, o maior mercado de turbos da Europa. Ser refer\u00eancia em cataloga\u00e7\u00e3o, servi\u00e7o e forma\u00e7\u00e3o \u00e9 um excelente ponto de partida para expandir para o resto da Europa.<\/p>\n<p>A dire\u00e7\u00e3o da Alanko \u2014 Ghalib Alah-Rachi, Basil Alah Rachi e Talha Alah Rachi \u2014 assumir\u00e1 v\u00e1rios cargos de gest\u00e3o na NRF, garantindo uma transi\u00e7\u00e3o bem-sucedida. Na NRF, a opera\u00e7\u00e3o foi formalizada por Hadia Gouider, dando a Jeroen Velthuis uma vantagem inicial na sua miss\u00e3o de introduzir a NRF no neg\u00f3cio dos turbos.<\/p>\n<p>&#8220;Com esta aquisi\u00e7\u00e3o, incorporamos o conhecimento t\u00e9cnico e a credibilidade da Alanko \u00e0 nossa empresa. Al\u00e9m disso, estamos entusiasmados em adicionar uma das linhas de produtos de reposi\u00e7\u00e3o que mais crescem ao nosso portf\u00f3lio&#8221;, comentou Frank Toebes, diretor geral da NRF.<\/p>\n<p>Ghalib Alah-Rachi, Diretor Geral da Alanko, acrescentou: &#8220;Estamos orgulhosos de nos associarmos a um grande fornecedor como a NRF. O seu tamanho, recursos e base de clientes impulsionar\u00e3o o nosso crescimento no mercado europeu de turbos de reposi\u00e7\u00e3o e permitir\u00e3o que aproveitemos ao m\u00e1ximo a gama que desenvolvemos&#8221;.<\/p>\n","protected":false},"excerpt":{"rendered":"<p>A NRF entra no mercado de&#8230;<\/p>\n","protected":false},"author":15,"featured_media":101826,"comment_status":"closed","ping_status":"closed","sticky":false,"template":"","format":"standard","meta":{"footnotes":""},"categories":[29],"tags":[12670,4024,249,388,153,7401],"class_list":["post-101555","post","type-post","status-publish","format-standard","has-post-thumbnail","hentry","category-empresas","tag-alanko-turbo","tag-aquisicao","tag-nrf","tag-pecas-de-reposicao","tag-turbos","tag-vasta-gama"],"yoast_head":"<!-- This site is optimized with the Yoast SEO plugin v27.4 - https:\/\/yoast.com\/product\/yoast-seo-wordpress\/ -->\n<title>NRF adquire marca ALANKO TURBO - Jornal das Oficinas<\/title>\n<meta name=\"description\" content=\"A NRF acaba de entrar no mercado de pe\u00e7as de reposi\u00e7\u00e3o para turbos com a aquisi\u00e7\u00e3o da marca ALANKO GmbH, conhecida pela sua ampla gama\" \/>\n<meta name=\"robots\" content=\"index, follow, max-snippet:-1, max-image-preview:large, max-video-preview:-1\" \/>\n<link rel=\"canonical\" href=\"https:\/\/jornaldasoficinas.com\/pt\/nrf-adquire-a-marca-alanko-turbo\/\" \/>\n<meta property=\"og:locale\" content=\"pt_PT\" \/>\n<meta property=\"og:type\" content=\"article\" \/>\n<meta property=\"og:title\" content=\"NRF adquire marca ALANKO TURBO - Jornal das Oficinas\" \/>\n<meta property=\"og:description\" content=\"A NRF acaba de entrar no mercado de pe\u00e7as de reposi\u00e7\u00e3o para turbos com a aquisi\u00e7\u00e3o da marca ALANKO GmbH, conhecida pela sua ampla gama\" \/>\n<meta property=\"og:url\" content=\"https:\/\/jornaldasoficinas.com\/pt\/nrf-adquire-a-marca-alanko-turbo\/\" \/>\n<meta property=\"og:site_name\" content=\"Jornal das Oficinas\" \/>\n<meta property=\"article:publisher\" content=\"https:\/\/www.facebook.com\/jornaloficinas\" \/>\n<meta property=\"article:published_time\" content=\"2025-05-15T07:00:58+00:00\" \/>\n<meta property=\"og:image\" content=\"https:\/\/jornaldasoficinas.com\/pt\/wp-content\/uploads\/2025\/05\/NRF-adquire-marca-ALANKO-TURBO1.jpg\" \/>\n\t<meta property=\"og:image:width\" content=\"1024\" \/>\n\t<meta property=\"og:image:height\" content=\"581\" \/>\n\t<meta property=\"og:image:type\" content=\"image\/jpeg\" \/>\n<meta name=\"author\" content=\"Reda\u00e7\u00e3o JO\" \/>\n<meta name=\"twitter:card\" content=\"summary_large_image\" \/>\n<meta name=\"twitter:creator\" content=\"@jornaloficinas\" \/>\n<meta name=\"twitter:site\" content=\"@jornaloficinas\" \/>\n<meta name=\"twitter:label1\" content=\"Escrito por\" \/>\n\t<meta name=\"twitter:data1\" content=\"Reda\u00e7\u00e3o JO\" \/>\n\t<meta name=\"twitter:label2\" content=\"Tempo estimado de leitura\" \/>\n\t<meta name=\"twitter:data2\" content=\"3 minutos\" \/>\n<script type=\"application\/ld+json\" class=\"yoast-schema-graph\">{\"@context\":\"https:\\\/\\\/schema.org\",\"@graph\":[{\"@type\":\"Article\",\"@id\":\"https:\\\/\\\/jornaldasoficinas.com\\\/pt\\\/nrf-adquire-a-marca-alanko-turbo\\\/#article\",\"isPartOf\":{\"@id\":\"https:\\\/\\\/jornaldasoficinas.com\\\/pt\\\/nrf-adquire-a-marca-alanko-turbo\\\/\"},\"author\":{\"name\":\"Reda\u00e7\u00e3o JO\",\"@id\":\"https:\\\/\\\/jornaldasoficinas.com\\\/pt\\\/#\\\/schema\\\/person\\\/a38eef5de2c41d9e7c9ac10141afddf3\"},\"headline\":\"NRF adquire marca ALANKO TURBO\",\"datePublished\":\"2025-05-15T07:00:58+00:00\",\"mainEntityOfPage\":{\"@id\":\"https:\\\/\\\/jornaldasoficinas.com\\\/pt\\\/nrf-adquire-a-marca-alanko-turbo\\\/\"},\"wordCount\":350,\"publisher\":{\"@id\":\"https:\\\/\\\/jornaldasoficinas.com\\\/pt\\\/#organization\"},\"image\":{\"@id\":\"https:\\\/\\\/jornaldasoficinas.com\\\/pt\\\/nrf-adquire-a-marca-alanko-turbo\\\/#primaryimage\"},\"thumbnailUrl\":\"https:\\\/\\\/jornaldasoficinas.com\\\/pt\\\/wp-content\\\/uploads\\\/2025\\\/05\\\/NRF-adquire-marca-ALANKO-TURBO1.jpg\",\"keywords\":[\"ALANKO TURBO\",\"Aquisi\u00e7\u00e3o\",\"NRF\",\"Pe\u00e7as de reposi\u00e7\u00e3o\",\"Turbos\",\"vasta gama\"],\"articleSection\":[\"Empresas\"],\"inLanguage\":\"pt-PT\"},{\"@type\":\"WebPage\",\"@id\":\"https:\\\/\\\/jornaldasoficinas.com\\\/pt\\\/nrf-adquire-a-marca-alanko-turbo\\\/\",\"url\":\"https:\\\/\\\/jornaldasoficinas.com\\\/pt\\\/nrf-adquire-a-marca-alanko-turbo\\\/\",\"name\":\"NRF adquire marca ALANKO TURBO - Jornal das Oficinas\",\"isPartOf\":{\"@id\":\"https:\\\/\\\/jornaldasoficinas.com\\\/pt\\\/#website\"},\"primaryImageOfPage\":{\"@id\":\"https:\\\/\\\/jornaldasoficinas.com\\\/pt\\\/nrf-adquire-a-marca-alanko-turbo\\\/#primaryimage\"},\"image\":{\"@id\":\"https:\\\/\\\/jornaldasoficinas.com\\\/pt\\\/nrf-adquire-a-marca-alanko-turbo\\\/#primaryimage\"},\"thumbnailUrl\":\"https:\\\/\\\/jornaldasoficinas.com\\\/pt\\\/wp-content\\\/uploads\\\/2025\\\/05\\\/NRF-adquire-marca-ALANKO-TURBO1.jpg\",\"datePublished\":\"2025-05-15T07:00:58+00:00\",\"description\":\"A NRF acaba de entrar no mercado de pe\u00e7as de reposi\u00e7\u00e3o para turbos com a aquisi\u00e7\u00e3o da marca ALANKO GmbH, conhecida pela sua ampla gama\",\"breadcrumb\":{\"@id\":\"https:\\\/\\\/jornaldasoficinas.com\\\/pt\\\/nrf-adquire-a-marca-alanko-turbo\\\/#breadcrumb\"},\"inLanguage\":\"pt-PT\",\"potentialAction\":[{\"@type\":\"ReadAction\",\"target\":[\"https:\\\/\\\/jornaldasoficinas.com\\\/pt\\\/nrf-adquire-a-marca-alanko-turbo\\\/\"]}]},{\"@type\":\"ImageObject\",\"inLanguage\":\"pt-PT\",\"@id\":\"https:\\\/\\\/jornaldasoficinas.com\\\/pt\\\/nrf-adquire-a-marca-alanko-turbo\\\/#primaryimage\",\"url\":\"https:\\\/\\\/jornaldasoficinas.com\\\/pt\\\/wp-content\\\/uploads\\\/2025\\\/05\\\/NRF-adquire-marca-ALANKO-TURBO1.jpg\",\"contentUrl\":\"https:\\\/\\\/jornaldasoficinas.com\\\/pt\\\/wp-content\\\/uploads\\\/2025\\\/05\\\/NRF-adquire-marca-ALANKO-TURBO1.jpg\",\"width\":1024,\"height\":581,\"caption\":\"05 - NRF adquire marca ALANKO TURBO1\"},{\"@type\":\"BreadcrumbList\",\"@id\":\"https:\\\/\\\/jornaldasoficinas.com\\\/pt\\\/nrf-adquire-a-marca-alanko-turbo\\\/#breadcrumb\",\"itemListElement\":[{\"@type\":\"ListItem\",\"position\":1,\"name\":\"In\u00edcio\",\"item\":\"https:\\\/\\\/jornaldasoficinas.com\\\/pt\\\/\"},{\"@type\":\"ListItem\",\"position\":2,\"name\":\"NRF adquire marca ALANKO TURBO\"}]},{\"@type\":\"WebSite\",\"@id\":\"https:\\\/\\\/jornaldasoficinas.com\\\/pt\\\/#website\",\"url\":\"https:\\\/\\\/jornaldasoficinas.com\\\/pt\\\/\",\"name\":\"Jornal das Oficinas\",\"description\":\"Jornal independente do Aftermarket Autom\u00f3vel em Portugal\",\"publisher\":{\"@id\":\"https:\\\/\\\/jornaldasoficinas.com\\\/pt\\\/#organization\"},\"potentialAction\":[{\"@type\":\"SearchAction\",\"target\":{\"@type\":\"EntryPoint\",\"urlTemplate\":\"https:\\\/\\\/jornaldasoficinas.com\\\/pt\\\/?s={search_term_string}\"},\"query-input\":{\"@type\":\"PropertyValueSpecification\",\"valueRequired\":true,\"valueName\":\"search_term_string\"}}],\"inLanguage\":\"pt-PT\"},{\"@type\":\"Organization\",\"@id\":\"https:\\\/\\\/jornaldasoficinas.com\\\/pt\\\/#organization\",\"name\":\"Jornal das Oficinas\",\"url\":\"https:\\\/\\\/jornaldasoficinas.com\\\/pt\\\/\",\"logo\":{\"@type\":\"ImageObject\",\"inLanguage\":\"pt-PT\",\"@id\":\"https:\\\/\\\/jornaldasoficinas.com\\\/pt\\\/#\\\/schema\\\/logo\\\/image\\\/\",\"url\":\"https:\\\/\\\/jornaldasoficinas.com\\\/pt\\\/wp-content\\\/uploads\\\/logoJO-SEO.png\",\"contentUrl\":\"https:\\\/\\\/jornaldasoficinas.com\\\/pt\\\/wp-content\\\/uploads\\\/logoJO-SEO.png\",\"width\":285,\"height\":450,\"caption\":\"Jornal das Oficinas\"},\"image\":{\"@id\":\"https:\\\/\\\/jornaldasoficinas.com\\\/pt\\\/#\\\/schema\\\/logo\\\/image\\\/\"},\"sameAs\":[\"https:\\\/\\\/www.facebook.com\\\/jornaloficinas\",\"https:\\\/\\\/x.com\\\/jornaloficinas\",\"https:\\\/\\\/www.instagram.com\\\/jornal_oficinas\\\/\",\"https:\\\/\\\/www.linkedin.com\\\/company\\\/jornal-das-oficinas\\\/\",\"https:\\\/\\\/www.youtube.com\\\/channel\\\/UCbQZBqtcvV-oSQrr7RzINGg\"]},{\"@type\":\"Person\",\"@id\":\"https:\\\/\\\/jornaldasoficinas.com\\\/pt\\\/#\\\/schema\\\/person\\\/a38eef5de2c41d9e7c9ac10141afddf3\",\"name\":\"Reda\u00e7\u00e3o JO\",\"image\":{\"@type\":\"ImageObject\",\"inLanguage\":\"pt-PT\",\"@id\":\"https:\\\/\\\/secure.gravatar.com\\\/avatar\\\/71f2fa71737ad68a84fea94bc708ddac8ea5b0c4788dc2ad202f3ccb2887742f?s=96&d=wp_user_avatar&r=g\",\"url\":\"https:\\\/\\\/secure.gravatar.com\\\/avatar\\\/71f2fa71737ad68a84fea94bc708ddac8ea5b0c4788dc2ad202f3ccb2887742f?s=96&d=wp_user_avatar&r=g\",\"contentUrl\":\"https:\\\/\\\/secure.gravatar.com\\\/avatar\\\/71f2fa71737ad68a84fea94bc708ddac8ea5b0c4788dc2ad202f3ccb2887742f?s=96&d=wp_user_avatar&r=g\",\"caption\":\"Reda\u00e7\u00e3o JO\"},\"url\":\"https:\\\/\\\/jornaldasoficinas.com\\\/pt\\\/author\\\/joredacao\\\/\"}]}<\/script>\n<!-- \/ Yoast SEO plugin. -->","yoast_head_json":{"title":"NRF adquire marca ALANKO TURBO - Jornal das Oficinas","description":"A NRF acaba de entrar no mercado de pe\u00e7as de reposi\u00e7\u00e3o para turbos com a aquisi\u00e7\u00e3o da marca ALANKO GmbH, conhecida pela sua ampla gama","robots":{"index":"index","follow":"follow","max-snippet":"max-snippet:-1","max-image-preview":"max-image-preview:large","max-video-preview":"max-video-preview:-1"},"canonical":"https:\/\/jornaldasoficinas.com\/pt\/nrf-adquire-a-marca-alanko-turbo\/","og_locale":"pt_PT","og_type":"article","og_title":"NRF adquire marca ALANKO TURBO - Jornal das Oficinas","og_description":"A NRF acaba de entrar no mercado de pe\u00e7as de reposi\u00e7\u00e3o para turbos com a aquisi\u00e7\u00e3o da marca ALANKO GmbH, conhecida pela sua ampla gama","og_url":"https:\/\/jornaldasoficinas.com\/pt\/nrf-adquire-a-marca-alanko-turbo\/","og_site_name":"Jornal das Oficinas","article_publisher":"https:\/\/www.facebook.com\/jornaloficinas","article_published_time":"2025-05-15T07:00:58+00:00","og_image":[{"width":1024,"height":581,"url":"https:\/\/jornaldasoficinas.com\/pt\/wp-content\/uploads\/2025\/05\/NRF-adquire-marca-ALANKO-TURBO1.jpg","type":"image\/jpeg"}],"author":"Reda\u00e7\u00e3o JO","twitter_card":"summary_large_image","twitter_creator":"@jornaloficinas","twitter_site":"@jornaloficinas","twitter_misc":{"Escrito por":"Reda\u00e7\u00e3o JO","Tempo estimado de leitura":"3 minutos"},"schema":{"@context":"https:\/\/schema.org","@graph":[{"@type":"Article","@id":"https:\/\/jornaldasoficinas.com\/pt\/nrf-adquire-a-marca-alanko-turbo\/#article","isPartOf":{"@id":"https:\/\/jornaldasoficinas.com\/pt\/nrf-adquire-a-marca-alanko-turbo\/"},"author":{"name":"Reda\u00e7\u00e3o JO","@id":"https:\/\/jornaldasoficinas.com\/pt\/#\/schema\/person\/a38eef5de2c41d9e7c9ac10141afddf3"},"headline":"NRF adquire marca ALANKO TURBO","datePublished":"2025-05-15T07:00:58+00:00","mainEntityOfPage":{"@id":"https:\/\/jornaldasoficinas.com\/pt\/nrf-adquire-a-marca-alanko-turbo\/"},"wordCount":350,"publisher":{"@id":"https:\/\/jornaldasoficinas.com\/pt\/#organization"},"image":{"@id":"https:\/\/jornaldasoficinas.com\/pt\/nrf-adquire-a-marca-alanko-turbo\/#primaryimage"},"thumbnailUrl":"https:\/\/jornaldasoficinas.com\/pt\/wp-content\/uploads\/2025\/05\/NRF-adquire-marca-ALANKO-TURBO1.jpg","keywords":["ALANKO TURBO","Aquisi\u00e7\u00e3o","NRF","Pe\u00e7as de reposi\u00e7\u00e3o","Turbos","vasta gama"],"articleSection":["Empresas"],"inLanguage":"pt-PT"},{"@type":"WebPage","@id":"https:\/\/jornaldasoficinas.com\/pt\/nrf-adquire-a-marca-alanko-turbo\/","url":"https:\/\/jornaldasoficinas.com\/pt\/nrf-adquire-a-marca-alanko-turbo\/","name":"NRF adquire marca ALANKO TURBO - Jornal das Oficinas","isPartOf":{"@id":"https:\/\/jornaldasoficinas.com\/pt\/#website"},"primaryImageOfPage":{"@id":"https:\/\/jornaldasoficinas.com\/pt\/nrf-adquire-a-marca-alanko-turbo\/#primaryimage"},"image":{"@id":"https:\/\/jornaldasoficinas.com\/pt\/nrf-adquire-a-marca-alanko-turbo\/#primaryimage"},"thumbnailUrl":"https:\/\/jornaldasoficinas.com\/pt\/wp-content\/uploads\/2025\/05\/NRF-adquire-marca-ALANKO-TURBO1.jpg","datePublished":"2025-05-15T07:00:58+00:00","description":"A NRF acaba de entrar no mercado de pe\u00e7as de reposi\u00e7\u00e3o para turbos com a aquisi\u00e7\u00e3o da marca ALANKO GmbH, conhecida pela sua ampla gama","breadcrumb":{"@id":"https:\/\/jornaldasoficinas.com\/pt\/nrf-adquire-a-marca-alanko-turbo\/#breadcrumb"},"inLanguage":"pt-PT","potentialAction":[{"@type":"ReadAction","target":["https:\/\/jornaldasoficinas.com\/pt\/nrf-adquire-a-marca-alanko-turbo\/"]}]},{"@type":"ImageObject","inLanguage":"pt-PT","@id":"https:\/\/jornaldasoficinas.com\/pt\/nrf-adquire-a-marca-alanko-turbo\/#primaryimage","url":"https:\/\/jornaldasoficinas.com\/pt\/wp-content\/uploads\/2025\/05\/NRF-adquire-marca-ALANKO-TURBO1.jpg","contentUrl":"https:\/\/jornaldasoficinas.com\/pt\/wp-content\/uploads\/2025\/05\/NRF-adquire-marca-ALANKO-TURBO1.jpg","width":1024,"height":581,"caption":"05 - NRF adquire marca ALANKO TURBO1"},{"@type":"BreadcrumbList","@id":"https:\/\/jornaldasoficinas.com\/pt\/nrf-adquire-a-marca-alanko-turbo\/#breadcrumb","itemListElement":[{"@type":"ListItem","position":1,"name":"In\u00edcio","item":"https:\/\/jornaldasoficinas.com\/pt\/"},{"@type":"ListItem","position":2,"name":"NRF adquire marca ALANKO TURBO"}]},{"@type":"WebSite","@id":"https:\/\/jornaldasoficinas.com\/pt\/#website","url":"https:\/\/jornaldasoficinas.com\/pt\/","name":"Jornal das Oficinas","description":"Jornal independente do Aftermarket Autom\u00f3vel em Portugal","publisher":{"@id":"https:\/\/jornaldasoficinas.com\/pt\/#organization"},"potentialAction":[{"@type":"SearchAction","target":{"@type":"EntryPoint","urlTemplate":"https:\/\/jornaldasoficinas.com\/pt\/?s={search_term_string}"},"query-input":{"@type":"PropertyValueSpecification","valueRequired":true,"valueName":"search_term_string"}}],"inLanguage":"pt-PT"},{"@type":"Organization","@id":"https:\/\/jornaldasoficinas.com\/pt\/#organization","name":"Jornal das Oficinas","url":"https:\/\/jornaldasoficinas.com\/pt\/","logo":{"@type":"ImageObject","inLanguage":"pt-PT","@id":"https:\/\/jornaldasoficinas.com\/pt\/#\/schema\/logo\/image\/","url":"https:\/\/jornaldasoficinas.com\/pt\/wp-content\/uploads\/logoJO-SEO.png","contentUrl":"https:\/\/jornaldasoficinas.com\/pt\/wp-content\/uploads\/logoJO-SEO.png","width":285,"height":450,"caption":"Jornal das Oficinas"},"image":{"@id":"https:\/\/jornaldasoficinas.com\/pt\/#\/schema\/logo\/image\/"},"sameAs":["https:\/\/www.facebook.com\/jornaloficinas","https:\/\/x.com\/jornaloficinas","https:\/\/www.instagram.com\/jornal_oficinas\/","https:\/\/www.linkedin.com\/company\/jornal-das-oficinas\/","https:\/\/www.youtube.com\/channel\/UCbQZBqtcvV-oSQrr7RzINGg"]},{"@type":"Person","@id":"https:\/\/jornaldasoficinas.com\/pt\/#\/schema\/person\/a38eef5de2c41d9e7c9ac10141afddf3","name":"Reda\u00e7\u00e3o JO","image":{"@type":"ImageObject","inLanguage":"pt-PT","@id":"https:\/\/secure.gravatar.com\/avatar\/71f2fa71737ad68a84fea94bc708ddac8ea5b0c4788dc2ad202f3ccb2887742f?s=96&d=wp_user_avatar&r=g","url":"https:\/\/secure.gravatar.com\/avatar\/71f2fa71737ad68a84fea94bc708ddac8ea5b0c4788dc2ad202f3ccb2887742f?s=96&d=wp_user_avatar&r=g","contentUrl":"https:\/\/secure.gravatar.com\/avatar\/71f2fa71737ad68a84fea94bc708ddac8ea5b0c4788dc2ad202f3ccb2887742f?s=96&d=wp_user_avatar&r=g","caption":"Reda\u00e7\u00e3o JO"},"url":"https:\/\/jornaldasoficinas.com\/pt\/author\/joredacao\/"}]}},"_links":{"self":[{"href":"https:\/\/jornaldasoficinas.com\/pt\/wp-json\/wp\/v2\/posts\/101555","targetHints":{"allow":["GET"]}}],"collection":[{"href":"https:\/\/jornaldasoficinas.com\/pt\/wp-json\/wp\/v2\/posts"}],"about":[{"href":"https:\/\/jornaldasoficinas.com\/pt\/wp-json\/wp\/v2\/types\/post"}],"author":[{"embeddable":true,"href":"https:\/\/jornaldasoficinas.com\/pt\/wp-json\/wp\/v2\/users\/15"}],"replies":[{"embeddable":true,"href":"https:\/\/jornaldasoficinas.com\/pt\/wp-json\/wp\/v2\/comments?post=101555"}],"version-history":[{"count":9,"href":"https:\/\/jornaldasoficinas.com\/pt\/wp-json\/wp\/v2\/posts\/101555\/revisions"}],"predecessor-version":[{"id":101828,"href":"https:\/\/jornaldasoficinas.com\/pt\/wp-json\/wp\/v2\/posts\/101555\/revisions\/101828"}],"wp:featuredmedia":[{"embeddable":true,"href":"https:\/\/jornaldasoficinas.com\/pt\/wp-json\/wp\/v2\/media\/101826"}],"wp:attachment":[{"href":"https:\/\/jornaldasoficinas.com\/pt\/wp-json\/wp\/v2\/media?parent=101555"}],"wp:term":[{"taxonomy":"category","embeddable":true,"href":"https:\/\/jornaldasoficinas.com\/pt\/wp-json\/wp\/v2\/categories?post=101555"},{"taxonomy":"post_tag","embeddable":true,"href":"https:\/\/jornaldasoficinas.com\/pt\/wp-json\/wp\/v2\/tags?post=101555"}],"curies":[{"name":"wp","href":"https:\/\/api.w.org\/{rel}","templated":true}]}}