{"id":101566,"date":"2025-05-28T08:00:33","date_gmt":"2025-05-28T07:00:33","guid":{"rendered":"https:\/\/jornaldasoficinas.com\/pt\/?p=101566"},"modified":"2025-05-25T18:53:57","modified_gmt":"2025-05-25T17:53:57","slug":"nissan-e-stena-recycling-dao-nova-vida-as-baterias-usadas-de-ve","status":"publish","type":"post","link":"https:\/\/jornaldasoficinas.com\/pt\/nissan-e-stena-recycling-dao-nova-vida-as-baterias-usadas-de-ve\/","title":{"rendered":"Nissan e Stena Recycling d\u00e3o nova vida \u00e0s baterias usadas de VE"},"content":{"rendered":"<p><strong><img loading=\"lazy\" decoding=\"async\" class=\"alignnone size-full wp-image-101576\" src=\"https:\/\/jornaldasoficinas.com\/pt\/wp-content\/uploads\/2025\/05\/Nissan-e-Stena-Recycling-dao-nova-vida-as-baterias-usadas-de-VE.jpg\" alt=\"05 - Nissan e Stena Recycling dao nova vida as baterias usadas de VE\" width=\"1024\" height=\"581\" srcset=\"https:\/\/jornaldasoficinas.com\/pt\/wp-content\/uploads\/2025\/05\/Nissan-e-Stena-Recycling-dao-nova-vida-as-baterias-usadas-de-VE.jpg 1024w, https:\/\/jornaldasoficinas.com\/pt\/wp-content\/uploads\/2025\/05\/Nissan-e-Stena-Recycling-dao-nova-vida-as-baterias-usadas-de-VE-300x170.jpg 300w, https:\/\/jornaldasoficinas.com\/pt\/wp-content\/uploads\/2025\/05\/Nissan-e-Stena-Recycling-dao-nova-vida-as-baterias-usadas-de-VE-150x85.jpg 150w, https:\/\/jornaldasoficinas.com\/pt\/wp-content\/uploads\/2025\/05\/Nissan-e-Stena-Recycling-dao-nova-vida-as-baterias-usadas-de-VE-768x436.jpg 768w\" sizes=\"auto, (max-width: 1024px) 100vw, 1024px\" \/><\/strong><\/p>\n<p><strong>A <a href=\"https:\/\/www.nissan.pt\/\" target=\"_blank\" rel=\"noopener\">Nissan<\/a> e a <a href=\"https:\/\/www.stenarecycling.com\/\" target=\"_blank\" rel=\"noopener\">Stena Recycling<\/a> desenvolveram uma parceria estrat\u00e9gica para garantir a reutiliza\u00e7\u00e3o e a reciclagem de baterias de ve\u00edculos el\u00e9tricos<\/strong><\/p>\n<p>Com mais de 80.000 Nissan LEAF nas estradas norueguesas, a Nissan estabeleceu uma nova cadeia de valor para as baterias que j\u00e1 n\u00e3o s\u00e3o adequadas para utiliza\u00e7\u00e3o em estrada. A parceria combina a experi\u00eancia da Stena Recycling em reciclagem e reutiliza\u00e7\u00e3o com a experi\u00eancia da Nissan em tecnologia de ve\u00edculos el\u00e9tricos, lan\u00e7ando as bases para um modelo de neg\u00f3cio circular que maximiza o valor das baterias usadas.<\/p>\n<p><strong>Uma abordagem sustent\u00e1vel \u00e0 reciclagem<\/strong><\/p>\n<p>&#8220;Ao contr\u00e1rio de muitos operadores que se concentram apenas na extra\u00e7\u00e3o de mat\u00e9rias-primas de baterias inteiras, a Stena Recycling adota uma abordagem mais sustent\u00e1vel. Cada bateria \u00e9 cuidadosamente diagnosticada nas instala\u00e7\u00f5es em Ausenfjellet, perto de Oslo, para determinar que partes podem ser reutilizadas e quais precisam de ser recicladas&#8221;, deu conta o comunicado.<\/p>\n<p>&#8220;As baterias usadas de ve\u00edculos el\u00e9tricos ainda t\u00eam um valor substancial, e a parceria entre a Stena Recycling e a Nissan assegura que uma parte significativa dos componentes das baterias obt\u00e9m uma nova oportunidade de vida &#8211; quer como componentes de baterias que necessitam de manuten\u00e7\u00e3o e repara\u00e7\u00e3o, quer em sistemas de armazenamento de energia durante mais 10 a 15 anos&#8221;, pode ler-se.<\/p>\n<p>De acordo com Jon Emil Furuseth, Diretor Nacional de Baterias de Alta Energia da Stena Recycling, esta abordagem pode extrair muito mais valor do que a simples decomposi\u00e7\u00e3o das baterias em novos materiais e minerais.<\/p>\n<p>A Nissan tamb\u00e9m v\u00ea um grande potencial na parceria. &#8220;Desde o lan\u00e7amento do Nissan LEAF em 2011, desenvolvemos uma experi\u00eancia \u00fanica em tecnologia de ve\u00edculos el\u00e9tricos. Agora queremos assumir um papel de lideran\u00e7a no tratamento sustent\u00e1vel das baterias usadas de ve\u00edculos el\u00e9tricos&#8221;, afirmou Alan Low, diretor de economia circular de baterias de ve\u00edculos el\u00e9tricos da Nissan Energy. &#8220;Atrav\u00e9s desta parceria, podemos oferecer produtos de segunda vida, ao mesmo tempo que ajudamos a reduzir a pegada ambiental, em linha com as nossas ambi\u00e7\u00f5es de neutralidade de carbono at\u00e9 2050&#8221;, acrescentou.<\/p>\n<p><strong>Uma instala\u00e7\u00e3o inovadora para a economia circular<\/strong><\/p>\n<p>A nova instala\u00e7\u00e3o em Ausenfjellet, parcialmente financiada pelo Enova, desempenha um papel vital no desenvolvimento de uma economia circular. Aqui, a reciclagem e a reutiliza\u00e7\u00e3o s\u00e3o equilibradas para dar uma nova vida \u00e0s baterias usadas de ve\u00edculos el\u00e9tricos. A colabora\u00e7\u00e3o com os parceiros tamb\u00e9m permite a integra\u00e7\u00e3o de m\u00f3dulos reparados em novos ve\u00edculos el\u00e9tricos ou em sistemas de armazenamento de energia estacion\u00e1rios.<\/p>\n<p>Atrav\u00e9s do acordo com a Nissan Automotive Europe, a Stena Recycling refor\u00e7a &#8220;a sua posi\u00e7\u00e3o como um fator-chave na reciclagem de baterias de ve\u00edculos el\u00e9tricos na Noruega. A parceria contribui para a transi\u00e7\u00e3o ecol\u00f3gica, reduzindo os res\u00edduos e maximizando a utiliza\u00e7\u00e3o de recursos, ao mesmo tempo que combina a rentabilidade com a sustentabilidade&#8221;, concluiu o documento.<\/p>\n","protected":false},"excerpt":{"rendered":"<p>A Nissan e a Stena Recycling&#8230;<\/p>\n","protected":false},"author":15,"featured_media":101576,"comment_status":"closed","ping_status":"closed","sticky":false,"template":"","format":"standard","meta":{"footnotes":""},"categories":[29],"tags":[9653,387,312,4190,12671,1767,89],"class_list":["post-101566","post","type-post","status-publish","format-standard","has-post-thumbnail","hentry","category-empresas","tag-baterias-usadas","tag-economia-circular","tag-nissan","tag-parceria-estrategica","tag-stena-recycling","tag-sustentabilidade","tag-veiculos-eletricos"],"yoast_head":"<!-- This site is optimized with the Yoast SEO plugin v27.4 - https:\/\/yoast.com\/product\/yoast-seo-wordpress\/ -->\n<title>Nissan e Stena Recycling d\u00e3o nova vida \u00e0s baterias usadas de VE - Jornal das Oficinas<\/title>\n<meta name=\"description\" content=\"A Nissan e a Stena Recycling desenvolveram uma parceria estrat\u00e9gica para garantir a reutiliza\u00e7\u00e3o e a reciclagem de baterias de el\u00e9tricos\" \/>\n<meta name=\"robots\" content=\"index, follow, max-snippet:-1, max-image-preview:large, max-video-preview:-1\" \/>\n<link rel=\"canonical\" href=\"https:\/\/jornaldasoficinas.com\/pt\/nissan-e-stena-recycling-dao-nova-vida-as-baterias-usadas-de-ve\/\" \/>\n<meta property=\"og:locale\" content=\"pt_PT\" \/>\n<meta property=\"og:type\" content=\"article\" \/>\n<meta property=\"og:title\" content=\"Nissan e Stena Recycling d\u00e3o nova vida \u00e0s baterias usadas de VE - Jornal das Oficinas\" \/>\n<meta property=\"og:description\" content=\"A Nissan e a Stena Recycling desenvolveram uma parceria estrat\u00e9gica para garantir a reutiliza\u00e7\u00e3o e a reciclagem de baterias de el\u00e9tricos\" \/>\n<meta property=\"og:url\" content=\"https:\/\/jornaldasoficinas.com\/pt\/nissan-e-stena-recycling-dao-nova-vida-as-baterias-usadas-de-ve\/\" \/>\n<meta property=\"og:site_name\" content=\"Jornal das Oficinas\" \/>\n<meta property=\"article:publisher\" content=\"https:\/\/www.facebook.com\/jornaloficinas\" \/>\n<meta property=\"article:published_time\" content=\"2025-05-28T07:00:33+00:00\" \/>\n<meta property=\"og:image\" content=\"https:\/\/jornaldasoficinas.com\/pt\/wp-content\/uploads\/2025\/05\/Nissan-e-Stena-Recycling-dao-nova-vida-as-baterias-usadas-de-VE.jpg\" \/>\n\t<meta property=\"og:image:width\" content=\"1024\" \/>\n\t<meta property=\"og:image:height\" content=\"581\" \/>\n\t<meta property=\"og:image:type\" content=\"image\/jpeg\" \/>\n<meta name=\"author\" content=\"Reda\u00e7\u00e3o JO\" \/>\n<meta name=\"twitter:card\" content=\"summary_large_image\" \/>\n<meta name=\"twitter:creator\" content=\"@jornaloficinas\" \/>\n<meta name=\"twitter:site\" content=\"@jornaloficinas\" \/>\n<meta name=\"twitter:label1\" content=\"Escrito por\" \/>\n\t<meta name=\"twitter:data1\" content=\"Reda\u00e7\u00e3o JO\" \/>\n\t<meta name=\"twitter:label2\" content=\"Tempo estimado de leitura\" \/>\n\t<meta name=\"twitter:data2\" content=\"3 minutos\" \/>\n<script type=\"application\/ld+json\" class=\"yoast-schema-graph\">{\"@context\":\"https:\\\/\\\/schema.org\",\"@graph\":[{\"@type\":\"Article\",\"@id\":\"https:\\\/\\\/jornaldasoficinas.com\\\/pt\\\/nissan-e-stena-recycling-dao-nova-vida-as-baterias-usadas-de-ve\\\/#article\",\"isPartOf\":{\"@id\":\"https:\\\/\\\/jornaldasoficinas.com\\\/pt\\\/nissan-e-stena-recycling-dao-nova-vida-as-baterias-usadas-de-ve\\\/\"},\"author\":{\"name\":\"Reda\u00e7\u00e3o JO\",\"@id\":\"https:\\\/\\\/jornaldasoficinas.com\\\/pt\\\/#\\\/schema\\\/person\\\/a38eef5de2c41d9e7c9ac10141afddf3\"},\"headline\":\"Nissan e Stena Recycling d\u00e3o nova vida \u00e0s baterias usadas de VE\",\"datePublished\":\"2025-05-28T07:00:33+00:00\",\"mainEntityOfPage\":{\"@id\":\"https:\\\/\\\/jornaldasoficinas.com\\\/pt\\\/nissan-e-stena-recycling-dao-nova-vida-as-baterias-usadas-de-ve\\\/\"},\"wordCount\":527,\"publisher\":{\"@id\":\"https:\\\/\\\/jornaldasoficinas.com\\\/pt\\\/#organization\"},\"image\":{\"@id\":\"https:\\\/\\\/jornaldasoficinas.com\\\/pt\\\/nissan-e-stena-recycling-dao-nova-vida-as-baterias-usadas-de-ve\\\/#primaryimage\"},\"thumbnailUrl\":\"https:\\\/\\\/jornaldasoficinas.com\\\/pt\\\/wp-content\\\/uploads\\\/2025\\\/05\\\/Nissan-e-Stena-Recycling-dao-nova-vida-as-baterias-usadas-de-VE.jpg\",\"keywords\":[\"baterias usadas\",\"Economia Circular\",\"Nissan\",\"Parceria Estrat\u00e9gica\",\"Stena Recycling\",\"Sustentabilidade\",\"Ve\u00edculos el\u00e9tricos\"],\"articleSection\":[\"Empresas\"],\"inLanguage\":\"pt-PT\"},{\"@type\":\"WebPage\",\"@id\":\"https:\\\/\\\/jornaldasoficinas.com\\\/pt\\\/nissan-e-stena-recycling-dao-nova-vida-as-baterias-usadas-de-ve\\\/\",\"url\":\"https:\\\/\\\/jornaldasoficinas.com\\\/pt\\\/nissan-e-stena-recycling-dao-nova-vida-as-baterias-usadas-de-ve\\\/\",\"name\":\"Nissan e Stena Recycling d\u00e3o nova vida \u00e0s baterias usadas de VE - Jornal das Oficinas\",\"isPartOf\":{\"@id\":\"https:\\\/\\\/jornaldasoficinas.com\\\/pt\\\/#website\"},\"primaryImageOfPage\":{\"@id\":\"https:\\\/\\\/jornaldasoficinas.com\\\/pt\\\/nissan-e-stena-recycling-dao-nova-vida-as-baterias-usadas-de-ve\\\/#primaryimage\"},\"image\":{\"@id\":\"https:\\\/\\\/jornaldasoficinas.com\\\/pt\\\/nissan-e-stena-recycling-dao-nova-vida-as-baterias-usadas-de-ve\\\/#primaryimage\"},\"thumbnailUrl\":\"https:\\\/\\\/jornaldasoficinas.com\\\/pt\\\/wp-content\\\/uploads\\\/2025\\\/05\\\/Nissan-e-Stena-Recycling-dao-nova-vida-as-baterias-usadas-de-VE.jpg\",\"datePublished\":\"2025-05-28T07:00:33+00:00\",\"description\":\"A Nissan e a Stena Recycling desenvolveram uma parceria estrat\u00e9gica para garantir a reutiliza\u00e7\u00e3o e a reciclagem de baterias de el\u00e9tricos\",\"breadcrumb\":{\"@id\":\"https:\\\/\\\/jornaldasoficinas.com\\\/pt\\\/nissan-e-stena-recycling-dao-nova-vida-as-baterias-usadas-de-ve\\\/#breadcrumb\"},\"inLanguage\":\"pt-PT\",\"potentialAction\":[{\"@type\":\"ReadAction\",\"target\":[\"https:\\\/\\\/jornaldasoficinas.com\\\/pt\\\/nissan-e-stena-recycling-dao-nova-vida-as-baterias-usadas-de-ve\\\/\"]}]},{\"@type\":\"ImageObject\",\"inLanguage\":\"pt-PT\",\"@id\":\"https:\\\/\\\/jornaldasoficinas.com\\\/pt\\\/nissan-e-stena-recycling-dao-nova-vida-as-baterias-usadas-de-ve\\\/#primaryimage\",\"url\":\"https:\\\/\\\/jornaldasoficinas.com\\\/pt\\\/wp-content\\\/uploads\\\/2025\\\/05\\\/Nissan-e-Stena-Recycling-dao-nova-vida-as-baterias-usadas-de-VE.jpg\",\"contentUrl\":\"https:\\\/\\\/jornaldasoficinas.com\\\/pt\\\/wp-content\\\/uploads\\\/2025\\\/05\\\/Nissan-e-Stena-Recycling-dao-nova-vida-as-baterias-usadas-de-VE.jpg\",\"width\":1024,\"height\":581,\"caption\":\"05 - Nissan e Stena Recycling dao nova vida as baterias usadas de VE\"},{\"@type\":\"BreadcrumbList\",\"@id\":\"https:\\\/\\\/jornaldasoficinas.com\\\/pt\\\/nissan-e-stena-recycling-dao-nova-vida-as-baterias-usadas-de-ve\\\/#breadcrumb\",\"itemListElement\":[{\"@type\":\"ListItem\",\"position\":1,\"name\":\"In\u00edcio\",\"item\":\"https:\\\/\\\/jornaldasoficinas.com\\\/pt\\\/\"},{\"@type\":\"ListItem\",\"position\":2,\"name\":\"Nissan e Stena Recycling d\u00e3o nova vida \u00e0s baterias usadas de VE\"}]},{\"@type\":\"WebSite\",\"@id\":\"https:\\\/\\\/jornaldasoficinas.com\\\/pt\\\/#website\",\"url\":\"https:\\\/\\\/jornaldasoficinas.com\\\/pt\\\/\",\"name\":\"Jornal das Oficinas\",\"description\":\"Jornal independente do Aftermarket Autom\u00f3vel em Portugal\",\"publisher\":{\"@id\":\"https:\\\/\\\/jornaldasoficinas.com\\\/pt\\\/#organization\"},\"potentialAction\":[{\"@type\":\"SearchAction\",\"target\":{\"@type\":\"EntryPoint\",\"urlTemplate\":\"https:\\\/\\\/jornaldasoficinas.com\\\/pt\\\/?s={search_term_string}\"},\"query-input\":{\"@type\":\"PropertyValueSpecification\",\"valueRequired\":true,\"valueName\":\"search_term_string\"}}],\"inLanguage\":\"pt-PT\"},{\"@type\":\"Organization\",\"@id\":\"https:\\\/\\\/jornaldasoficinas.com\\\/pt\\\/#organization\",\"name\":\"Jornal das Oficinas\",\"url\":\"https:\\\/\\\/jornaldasoficinas.com\\\/pt\\\/\",\"logo\":{\"@type\":\"ImageObject\",\"inLanguage\":\"pt-PT\",\"@id\":\"https:\\\/\\\/jornaldasoficinas.com\\\/pt\\\/#\\\/schema\\\/logo\\\/image\\\/\",\"url\":\"https:\\\/\\\/jornaldasoficinas.com\\\/pt\\\/wp-content\\\/uploads\\\/logoJO-SEO.png\",\"contentUrl\":\"https:\\\/\\\/jornaldasoficinas.com\\\/pt\\\/wp-content\\\/uploads\\\/logoJO-SEO.png\",\"width\":285,\"height\":450,\"caption\":\"Jornal das Oficinas\"},\"image\":{\"@id\":\"https:\\\/\\\/jornaldasoficinas.com\\\/pt\\\/#\\\/schema\\\/logo\\\/image\\\/\"},\"sameAs\":[\"https:\\\/\\\/www.facebook.com\\\/jornaloficinas\",\"https:\\\/\\\/x.com\\\/jornaloficinas\",\"https:\\\/\\\/www.instagram.com\\\/jornal_oficinas\\\/\",\"https:\\\/\\\/www.linkedin.com\\\/company\\\/jornal-das-oficinas\\\/\",\"https:\\\/\\\/www.youtube.com\\\/channel\\\/UCbQZBqtcvV-oSQrr7RzINGg\"]},{\"@type\":\"Person\",\"@id\":\"https:\\\/\\\/jornaldasoficinas.com\\\/pt\\\/#\\\/schema\\\/person\\\/a38eef5de2c41d9e7c9ac10141afddf3\",\"name\":\"Reda\u00e7\u00e3o JO\",\"image\":{\"@type\":\"ImageObject\",\"inLanguage\":\"pt-PT\",\"@id\":\"https:\\\/\\\/secure.gravatar.com\\\/avatar\\\/71f2fa71737ad68a84fea94bc708ddac8ea5b0c4788dc2ad202f3ccb2887742f?s=96&d=wp_user_avatar&r=g\",\"url\":\"https:\\\/\\\/secure.gravatar.com\\\/avatar\\\/71f2fa71737ad68a84fea94bc708ddac8ea5b0c4788dc2ad202f3ccb2887742f?s=96&d=wp_user_avatar&r=g\",\"contentUrl\":\"https:\\\/\\\/secure.gravatar.com\\\/avatar\\\/71f2fa71737ad68a84fea94bc708ddac8ea5b0c4788dc2ad202f3ccb2887742f?s=96&d=wp_user_avatar&r=g\",\"caption\":\"Reda\u00e7\u00e3o JO\"},\"url\":\"https:\\\/\\\/jornaldasoficinas.com\\\/pt\\\/author\\\/joredacao\\\/\"}]}<\/script>\n<!-- \/ Yoast SEO plugin. -->","yoast_head_json":{"title":"Nissan e Stena Recycling d\u00e3o nova vida \u00e0s baterias usadas de VE - Jornal das Oficinas","description":"A Nissan e a Stena Recycling desenvolveram uma parceria estrat\u00e9gica para garantir a reutiliza\u00e7\u00e3o e a reciclagem de baterias de el\u00e9tricos","robots":{"index":"index","follow":"follow","max-snippet":"max-snippet:-1","max-image-preview":"max-image-preview:large","max-video-preview":"max-video-preview:-1"},"canonical":"https:\/\/jornaldasoficinas.com\/pt\/nissan-e-stena-recycling-dao-nova-vida-as-baterias-usadas-de-ve\/","og_locale":"pt_PT","og_type":"article","og_title":"Nissan e Stena Recycling d\u00e3o nova vida \u00e0s baterias usadas de VE - Jornal das Oficinas","og_description":"A Nissan e a Stena Recycling desenvolveram uma parceria estrat\u00e9gica para garantir a reutiliza\u00e7\u00e3o e a reciclagem de baterias de el\u00e9tricos","og_url":"https:\/\/jornaldasoficinas.com\/pt\/nissan-e-stena-recycling-dao-nova-vida-as-baterias-usadas-de-ve\/","og_site_name":"Jornal das Oficinas","article_publisher":"https:\/\/www.facebook.com\/jornaloficinas","article_published_time":"2025-05-28T07:00:33+00:00","og_image":[{"width":1024,"height":581,"url":"https:\/\/jornaldasoficinas.com\/pt\/wp-content\/uploads\/2025\/05\/Nissan-e-Stena-Recycling-dao-nova-vida-as-baterias-usadas-de-VE.jpg","type":"image\/jpeg"}],"author":"Reda\u00e7\u00e3o JO","twitter_card":"summary_large_image","twitter_creator":"@jornaloficinas","twitter_site":"@jornaloficinas","twitter_misc":{"Escrito por":"Reda\u00e7\u00e3o JO","Tempo estimado de leitura":"3 minutos"},"schema":{"@context":"https:\/\/schema.org","@graph":[{"@type":"Article","@id":"https:\/\/jornaldasoficinas.com\/pt\/nissan-e-stena-recycling-dao-nova-vida-as-baterias-usadas-de-ve\/#article","isPartOf":{"@id":"https:\/\/jornaldasoficinas.com\/pt\/nissan-e-stena-recycling-dao-nova-vida-as-baterias-usadas-de-ve\/"},"author":{"name":"Reda\u00e7\u00e3o JO","@id":"https:\/\/jornaldasoficinas.com\/pt\/#\/schema\/person\/a38eef5de2c41d9e7c9ac10141afddf3"},"headline":"Nissan e Stena Recycling d\u00e3o nova vida \u00e0s baterias usadas de VE","datePublished":"2025-05-28T07:00:33+00:00","mainEntityOfPage":{"@id":"https:\/\/jornaldasoficinas.com\/pt\/nissan-e-stena-recycling-dao-nova-vida-as-baterias-usadas-de-ve\/"},"wordCount":527,"publisher":{"@id":"https:\/\/jornaldasoficinas.com\/pt\/#organization"},"image":{"@id":"https:\/\/jornaldasoficinas.com\/pt\/nissan-e-stena-recycling-dao-nova-vida-as-baterias-usadas-de-ve\/#primaryimage"},"thumbnailUrl":"https:\/\/jornaldasoficinas.com\/pt\/wp-content\/uploads\/2025\/05\/Nissan-e-Stena-Recycling-dao-nova-vida-as-baterias-usadas-de-VE.jpg","keywords":["baterias usadas","Economia Circular","Nissan","Parceria Estrat\u00e9gica","Stena Recycling","Sustentabilidade","Ve\u00edculos el\u00e9tricos"],"articleSection":["Empresas"],"inLanguage":"pt-PT"},{"@type":"WebPage","@id":"https:\/\/jornaldasoficinas.com\/pt\/nissan-e-stena-recycling-dao-nova-vida-as-baterias-usadas-de-ve\/","url":"https:\/\/jornaldasoficinas.com\/pt\/nissan-e-stena-recycling-dao-nova-vida-as-baterias-usadas-de-ve\/","name":"Nissan e Stena Recycling d\u00e3o nova vida \u00e0s baterias usadas de VE - Jornal das Oficinas","isPartOf":{"@id":"https:\/\/jornaldasoficinas.com\/pt\/#website"},"primaryImageOfPage":{"@id":"https:\/\/jornaldasoficinas.com\/pt\/nissan-e-stena-recycling-dao-nova-vida-as-baterias-usadas-de-ve\/#primaryimage"},"image":{"@id":"https:\/\/jornaldasoficinas.com\/pt\/nissan-e-stena-recycling-dao-nova-vida-as-baterias-usadas-de-ve\/#primaryimage"},"thumbnailUrl":"https:\/\/jornaldasoficinas.com\/pt\/wp-content\/uploads\/2025\/05\/Nissan-e-Stena-Recycling-dao-nova-vida-as-baterias-usadas-de-VE.jpg","datePublished":"2025-05-28T07:00:33+00:00","description":"A Nissan e a Stena Recycling desenvolveram uma parceria estrat\u00e9gica para garantir a reutiliza\u00e7\u00e3o e a reciclagem de baterias de el\u00e9tricos","breadcrumb":{"@id":"https:\/\/jornaldasoficinas.com\/pt\/nissan-e-stena-recycling-dao-nova-vida-as-baterias-usadas-de-ve\/#breadcrumb"},"inLanguage":"pt-PT","potentialAction":[{"@type":"ReadAction","target":["https:\/\/jornaldasoficinas.com\/pt\/nissan-e-stena-recycling-dao-nova-vida-as-baterias-usadas-de-ve\/"]}]},{"@type":"ImageObject","inLanguage":"pt-PT","@id":"https:\/\/jornaldasoficinas.com\/pt\/nissan-e-stena-recycling-dao-nova-vida-as-baterias-usadas-de-ve\/#primaryimage","url":"https:\/\/jornaldasoficinas.com\/pt\/wp-content\/uploads\/2025\/05\/Nissan-e-Stena-Recycling-dao-nova-vida-as-baterias-usadas-de-VE.jpg","contentUrl":"https:\/\/jornaldasoficinas.com\/pt\/wp-content\/uploads\/2025\/05\/Nissan-e-Stena-Recycling-dao-nova-vida-as-baterias-usadas-de-VE.jpg","width":1024,"height":581,"caption":"05 - Nissan e Stena Recycling dao nova vida as baterias usadas de VE"},{"@type":"BreadcrumbList","@id":"https:\/\/jornaldasoficinas.com\/pt\/nissan-e-stena-recycling-dao-nova-vida-as-baterias-usadas-de-ve\/#breadcrumb","itemListElement":[{"@type":"ListItem","position":1,"name":"In\u00edcio","item":"https:\/\/jornaldasoficinas.com\/pt\/"},{"@type":"ListItem","position":2,"name":"Nissan e Stena Recycling d\u00e3o nova vida \u00e0s baterias usadas de VE"}]},{"@type":"WebSite","@id":"https:\/\/jornaldasoficinas.com\/pt\/#website","url":"https:\/\/jornaldasoficinas.com\/pt\/","name":"Jornal das Oficinas","description":"Jornal independente do Aftermarket Autom\u00f3vel em Portugal","publisher":{"@id":"https:\/\/jornaldasoficinas.com\/pt\/#organization"},"potentialAction":[{"@type":"SearchAction","target":{"@type":"EntryPoint","urlTemplate":"https:\/\/jornaldasoficinas.com\/pt\/?s={search_term_string}"},"query-input":{"@type":"PropertyValueSpecification","valueRequired":true,"valueName":"search_term_string"}}],"inLanguage":"pt-PT"},{"@type":"Organization","@id":"https:\/\/jornaldasoficinas.com\/pt\/#organization","name":"Jornal das Oficinas","url":"https:\/\/jornaldasoficinas.com\/pt\/","logo":{"@type":"ImageObject","inLanguage":"pt-PT","@id":"https:\/\/jornaldasoficinas.com\/pt\/#\/schema\/logo\/image\/","url":"https:\/\/jornaldasoficinas.com\/pt\/wp-content\/uploads\/logoJO-SEO.png","contentUrl":"https:\/\/jornaldasoficinas.com\/pt\/wp-content\/uploads\/logoJO-SEO.png","width":285,"height":450,"caption":"Jornal das Oficinas"},"image":{"@id":"https:\/\/jornaldasoficinas.com\/pt\/#\/schema\/logo\/image\/"},"sameAs":["https:\/\/www.facebook.com\/jornaloficinas","https:\/\/x.com\/jornaloficinas","https:\/\/www.instagram.com\/jornal_oficinas\/","https:\/\/www.linkedin.com\/company\/jornal-das-oficinas\/","https:\/\/www.youtube.com\/channel\/UCbQZBqtcvV-oSQrr7RzINGg"]},{"@type":"Person","@id":"https:\/\/jornaldasoficinas.com\/pt\/#\/schema\/person\/a38eef5de2c41d9e7c9ac10141afddf3","name":"Reda\u00e7\u00e3o JO","image":{"@type":"ImageObject","inLanguage":"pt-PT","@id":"https:\/\/secure.gravatar.com\/avatar\/71f2fa71737ad68a84fea94bc708ddac8ea5b0c4788dc2ad202f3ccb2887742f?s=96&d=wp_user_avatar&r=g","url":"https:\/\/secure.gravatar.com\/avatar\/71f2fa71737ad68a84fea94bc708ddac8ea5b0c4788dc2ad202f3ccb2887742f?s=96&d=wp_user_avatar&r=g","contentUrl":"https:\/\/secure.gravatar.com\/avatar\/71f2fa71737ad68a84fea94bc708ddac8ea5b0c4788dc2ad202f3ccb2887742f?s=96&d=wp_user_avatar&r=g","caption":"Reda\u00e7\u00e3o JO"},"url":"https:\/\/jornaldasoficinas.com\/pt\/author\/joredacao\/"}]}},"_links":{"self":[{"href":"https:\/\/jornaldasoficinas.com\/pt\/wp-json\/wp\/v2\/posts\/101566","targetHints":{"allow":["GET"]}}],"collection":[{"href":"https:\/\/jornaldasoficinas.com\/pt\/wp-json\/wp\/v2\/posts"}],"about":[{"href":"https:\/\/jornaldasoficinas.com\/pt\/wp-json\/wp\/v2\/types\/post"}],"author":[{"embeddable":true,"href":"https:\/\/jornaldasoficinas.com\/pt\/wp-json\/wp\/v2\/users\/15"}],"replies":[{"embeddable":true,"href":"https:\/\/jornaldasoficinas.com\/pt\/wp-json\/wp\/v2\/comments?post=101566"}],"version-history":[{"count":7,"href":"https:\/\/jornaldasoficinas.com\/pt\/wp-json\/wp\/v2\/posts\/101566\/revisions"}],"predecessor-version":[{"id":102436,"href":"https:\/\/jornaldasoficinas.com\/pt\/wp-json\/wp\/v2\/posts\/101566\/revisions\/102436"}],"wp:featuredmedia":[{"embeddable":true,"href":"https:\/\/jornaldasoficinas.com\/pt\/wp-json\/wp\/v2\/media\/101576"}],"wp:attachment":[{"href":"https:\/\/jornaldasoficinas.com\/pt\/wp-json\/wp\/v2\/media?parent=101566"}],"wp:term":[{"taxonomy":"category","embeddable":true,"href":"https:\/\/jornaldasoficinas.com\/pt\/wp-json\/wp\/v2\/categories?post=101566"},{"taxonomy":"post_tag","embeddable":true,"href":"https:\/\/jornaldasoficinas.com\/pt\/wp-json\/wp\/v2\/tags?post=101566"}],"curies":[{"name":"wp","href":"https:\/\/api.w.org\/{rel}","templated":true}]}}