{"id":101624,"date":"2025-05-11T20:00:25","date_gmt":"2025-05-11T19:00:25","guid":{"rendered":"https:\/\/jornaldasoficinas.com\/pt\/?p=101624"},"modified":"2025-05-12T10:42:37","modified_gmt":"2025-05-12T09:42:37","slug":"mudanca-de-rumo","status":"publish","type":"post","link":"https:\/\/jornaldasoficinas.com\/pt\/mudanca-de-rumo\/","title":{"rendered":"Mudan\u00e7a de rumo!"},"content":{"rendered":"<p><img loading=\"lazy\" decoding=\"async\" class=\"alignnone size-full wp-image-101621\" src=\"https:\/\/jornaldasoficinas.com\/pt\/wp-content\/uploads\/2025\/05\/mudanca_rumo.jpeg\" alt=\"05 - mudanca_rumo\" width=\"1024\" height=\"581\" srcset=\"https:\/\/jornaldasoficinas.com\/pt\/wp-content\/uploads\/2025\/05\/mudanca_rumo.jpeg 1024w, https:\/\/jornaldasoficinas.com\/pt\/wp-content\/uploads\/2025\/05\/mudanca_rumo-300x170.jpeg 300w, https:\/\/jornaldasoficinas.com\/pt\/wp-content\/uploads\/2025\/05\/mudanca_rumo-150x85.jpeg 150w, https:\/\/jornaldasoficinas.com\/pt\/wp-content\/uploads\/2025\/05\/mudanca_rumo-768x436.jpeg 768w\" sizes=\"auto, (max-width: 1024px) 100vw, 1024px\" \/><br \/>\n<strong>\u00c0 medida que as mudan\u00e7as na tecnologia dos ve\u00edculos conduzem a mudan\u00e7as na forma como os ve\u00edculos s\u00e3o diagnosticados, assistidos e reparados, a atual escassez de compet\u00eancias est\u00e1 a agravar-se. No entanto, n\u00e3o se trata apenas de uma quest\u00e3o tecnol\u00f3gica, pois existe um contexto mais vasto que explica a raz\u00e3o desta situa\u00e7\u00e3o<\/strong><\/p>\n<p>A primeira escassez de compet\u00eancias surgiu quando os &#8220;eletricistas auto&#8221; se tornaram uma necessidade. \u00c0 medida que os primeiros sistemas controlados eletronicamente se tornaram comuns, como a igni\u00e7\u00e3o eletr\u00f3nica, a inje\u00e7\u00e3o de combust\u00edvel e o ABS, a escassez de compet\u00eancias foi ultrapassada pela introdu\u00e7\u00e3o de ferramentas de diagn\u00f3stico computorizadas e de uma forma\u00e7\u00e3o mais especializada. Isto criou os &#8220;t\u00e9cnicos especializados&#8221;, que combinavam conhecimentos mec\u00e2nicos e electr\u00f3nicos naquilo que se tornou conhecido como &#8220;mecatr\u00f3nica&#8221;.<\/p>\n<p>No entanto, nos \u00faltimos anos, a tecnologia autom\u00f3vel voltou a evoluir muito rapidamente, com muito mais fun\u00e7\u00f5es controladas por software em quase todos os ve\u00edculos. Embora as ferramentas de diagn\u00f3stico tenham sido desenvolvidas, os t\u00e9cnicos na oficina t\u00eam tido dificuldade em acompanh\u00e1-las, o que se deve a dois aspectos fundamentais: em primeiro lugar, a capacidade de se manterem actualizados com a amplitude e profundidade da nova tecnologia atrav\u00e9s da forma\u00e7\u00e3o ou da aprendizagem no local de trabalho e, em segundo lugar, o facto de as compet\u00eancias e os conhecimentos necess\u00e1rios se afastarem cada vez mais dos aspectos mec\u00e2nicos da forma\u00e7\u00e3o original do t\u00e9cnico e da sua experi\u00eancia em sistemas mec\u00e2nicos. Isto est\u00e1 a conduzir a uma abordagem completamente nova. Ao considerar a aptid\u00e3o do t\u00e9cnico e o conjunto de compet\u00eancias necess\u00e1rias para trabalhar com sistemas de ve\u00edculos baseados em TI, as prioridades inverteram-se.<\/p>\n<p>Para que estes novos t\u00e9cnicos estejam dispon\u00edveis, \u00e9 necess\u00e1rio que toda a imagem do setor p\u00f3s-venda mude a n\u00edvel dos cursos e respetivos m\u00f3dulos de forma\u00e7\u00e3o, mas tamb\u00e9m atrav\u00e9s dos pais. O setor tem de ser visto e promovido como uma grande oportunidade e uma nova carreira para os jovens, e que a oportunidade de trabalhar em software e inform\u00e1tica pode ser conseguida numa oficina autom\u00f3vel moderna, o que s\u00f3 ir\u00e1 aumentar com os ve\u00edculos conectados e aut\u00f3nomos. O papel dos pais \u00e9 fundamental para incentivar os filhos a seguir uma carreira profissional numa oficina autom\u00f3vel, especialmente num cen\u00e1rio em que a tecnologia est\u00e1 a transformar a ind\u00fastria automotiva.<\/p>\n<p>Antigamente, trabalhar numa oficina era visto como uma op\u00e7\u00e3o de menor prest\u00edgio, mas isso mudou. Hoje, h\u00e1 um grande avan\u00e7o tecnol\u00f3gico e uma grande procura por profissionais qualificados. Os pais podem mostrar aos filhos que ser um t\u00e9cnico autom\u00f3vel n\u00e3o \u00e9 apenas \u201cmexer em motores\u201d, mas sim dominar eletr\u00f3nica, inform\u00e1tica e novas tecnologias, como ve\u00edculos el\u00e9tricos e h\u00edbridos. Estimular o interesse dos jovens desde cedo \u00e9 essencial, e os pais t\u00eam um papel relevante para incentivar a sua curiosidade sobre mec\u00e2nica, eletr\u00f3nica e tecnologia, mostrando v\u00eddeos, document\u00e1rios e at\u00e9 levar os filhos a eventos automotivos, feiras aftermarket e oficinas para que possam ver a profiss\u00e3o na pr\u00e1tica. Motivar sem press\u00e3o, respeitando os interesses e habilidades do jovem e explicar que os mec\u00e2nicos e t\u00e9cnicos autom\u00f3vel s\u00e3o indispens\u00e1veis para a economia e a mobilidade das pessoas. Se os pais apoiarem, incentivarem e mostrarem as oportunidades reais da profiss\u00e3o, os jovens ter\u00e3o mais confian\u00e7a para seguir essa carreira com motiva\u00e7\u00e3o e orgulho.<\/p>\n<p><strong>Aceda ao artigo de opini\u00e3o completo na edi\u00e7\u00e3o impressa ou online do Jornal das Oficinas n\u00ba222, <a href=\"https:\/\/www.yumpu.com\/pt\/document\/read\/70346264\/jornal-das-oficinas-222\/3\" target=\"_blank\" rel=\"noopener\">aqui<\/a>.<\/strong><\/p>\n","protected":false},"excerpt":{"rendered":"<p>\u00c0 medida que as mudan\u00e7as na&#8230;<\/p>\n","protected":false},"author":15,"featured_media":101621,"comment_status":"closed","ping_status":"closed","sticky":false,"template":"","format":"standard","meta":{"footnotes":""},"categories":[37],"tags":[810,574,12674,212,12675,12676,12673,35],"class_list":["post-101624","post","type-post","status-publish","format-standard","has-post-thumbnail","hentry","category-mercado","tag-assistencia","tag-diagnostico","tag-eletricistas-auto","tag-formacao","tag-ignicao-eletronica","tag-injecao-de-combustivel","tag-mudanca-de-rumo","tag-reparacao"],"yoast_head":"<!-- This site is optimized with the Yoast SEO plugin v27.4 - https:\/\/yoast.com\/product\/yoast-seo-wordpress\/ -->\n<title>Mudan\u00e7a de rumo! - Jornal das Oficinas<\/title>\n<meta name=\"description\" content=\"\u00c0 medida que as mudan\u00e7as na tecnologia dos ve\u00edculos conduzem a mudan\u00e7as na forma como os ve\u00edculos s\u00e3o diagnosticados, assistidos e reparados\" \/>\n<meta name=\"robots\" content=\"index, follow, max-snippet:-1, max-image-preview:large, max-video-preview:-1\" \/>\n<link rel=\"canonical\" href=\"https:\/\/jornaldasoficinas.com\/pt\/mudanca-de-rumo\/\" \/>\n<meta property=\"og:locale\" content=\"pt_PT\" \/>\n<meta property=\"og:type\" content=\"article\" \/>\n<meta property=\"og:title\" content=\"Mudan\u00e7a de rumo! - Jornal das Oficinas\" \/>\n<meta property=\"og:description\" content=\"\u00c0 medida que as mudan\u00e7as na tecnologia dos ve\u00edculos conduzem a mudan\u00e7as na forma como os ve\u00edculos s\u00e3o diagnosticados, assistidos e reparados\" \/>\n<meta property=\"og:url\" content=\"https:\/\/jornaldasoficinas.com\/pt\/mudanca-de-rumo\/\" \/>\n<meta property=\"og:site_name\" content=\"Jornal das Oficinas\" \/>\n<meta property=\"article:publisher\" content=\"https:\/\/www.facebook.com\/jornaloficinas\" \/>\n<meta property=\"article:published_time\" content=\"2025-05-11T19:00:25+00:00\" \/>\n<meta property=\"article:modified_time\" content=\"2025-05-12T09:42:37+00:00\" \/>\n<meta property=\"og:image\" content=\"https:\/\/jornaldasoficinas.com\/pt\/wp-content\/uploads\/2025\/05\/mudanca_rumo.jpeg\" \/>\n\t<meta property=\"og:image:width\" content=\"1024\" \/>\n\t<meta property=\"og:image:height\" content=\"581\" \/>\n\t<meta property=\"og:image:type\" content=\"image\/jpeg\" \/>\n<meta name=\"author\" content=\"Reda\u00e7\u00e3o JO\" \/>\n<meta name=\"twitter:card\" content=\"summary_large_image\" \/>\n<meta name=\"twitter:creator\" content=\"@jornaloficinas\" \/>\n<meta name=\"twitter:site\" content=\"@jornaloficinas\" \/>\n<meta name=\"twitter:label1\" content=\"Escrito por\" \/>\n\t<meta name=\"twitter:data1\" content=\"Reda\u00e7\u00e3o JO\" \/>\n\t<meta name=\"twitter:label2\" content=\"Tempo estimado de leitura\" \/>\n\t<meta name=\"twitter:data2\" content=\"4 minutos\" \/>\n<script type=\"application\/ld+json\" class=\"yoast-schema-graph\">{\"@context\":\"https:\\\/\\\/schema.org\",\"@graph\":[{\"@type\":\"Article\",\"@id\":\"https:\\\/\\\/jornaldasoficinas.com\\\/pt\\\/mudanca-de-rumo\\\/#article\",\"isPartOf\":{\"@id\":\"https:\\\/\\\/jornaldasoficinas.com\\\/pt\\\/mudanca-de-rumo\\\/\"},\"author\":{\"name\":\"Reda\u00e7\u00e3o JO\",\"@id\":\"https:\\\/\\\/jornaldasoficinas.com\\\/pt\\\/#\\\/schema\\\/person\\\/a38eef5de2c41d9e7c9ac10141afddf3\"},\"headline\":\"Mudan\u00e7a de rumo!\",\"datePublished\":\"2025-05-11T19:00:25+00:00\",\"dateModified\":\"2025-05-12T09:42:37+00:00\",\"mainEntityOfPage\":{\"@id\":\"https:\\\/\\\/jornaldasoficinas.com\\\/pt\\\/mudanca-de-rumo\\\/\"},\"wordCount\":644,\"publisher\":{\"@id\":\"https:\\\/\\\/jornaldasoficinas.com\\\/pt\\\/#organization\"},\"image\":{\"@id\":\"https:\\\/\\\/jornaldasoficinas.com\\\/pt\\\/mudanca-de-rumo\\\/#primaryimage\"},\"thumbnailUrl\":\"https:\\\/\\\/jornaldasoficinas.com\\\/pt\\\/wp-content\\\/uploads\\\/2025\\\/05\\\/mudanca_rumo.jpeg\",\"keywords\":[\"assist\u00eancia\",\"Diagn\u00f3stico\",\"eletricistas auto\",\"Forma\u00e7\u00e3o\",\"igni\u00e7\u00e3o eletr\u00f3nica\",\"inje\u00e7\u00e3o de combust\u00edvel\",\"Mudan\u00e7a de rumo\",\"Repara\u00e7\u00e3o\"],\"articleSection\":[\"Mercado\"],\"inLanguage\":\"pt-PT\"},{\"@type\":\"WebPage\",\"@id\":\"https:\\\/\\\/jornaldasoficinas.com\\\/pt\\\/mudanca-de-rumo\\\/\",\"url\":\"https:\\\/\\\/jornaldasoficinas.com\\\/pt\\\/mudanca-de-rumo\\\/\",\"name\":\"Mudan\u00e7a de rumo! - Jornal das Oficinas\",\"isPartOf\":{\"@id\":\"https:\\\/\\\/jornaldasoficinas.com\\\/pt\\\/#website\"},\"primaryImageOfPage\":{\"@id\":\"https:\\\/\\\/jornaldasoficinas.com\\\/pt\\\/mudanca-de-rumo\\\/#primaryimage\"},\"image\":{\"@id\":\"https:\\\/\\\/jornaldasoficinas.com\\\/pt\\\/mudanca-de-rumo\\\/#primaryimage\"},\"thumbnailUrl\":\"https:\\\/\\\/jornaldasoficinas.com\\\/pt\\\/wp-content\\\/uploads\\\/2025\\\/05\\\/mudanca_rumo.jpeg\",\"datePublished\":\"2025-05-11T19:00:25+00:00\",\"dateModified\":\"2025-05-12T09:42:37+00:00\",\"description\":\"\u00c0 medida que as mudan\u00e7as na tecnologia dos ve\u00edculos conduzem a mudan\u00e7as na forma como os ve\u00edculos s\u00e3o diagnosticados, assistidos e reparados\",\"breadcrumb\":{\"@id\":\"https:\\\/\\\/jornaldasoficinas.com\\\/pt\\\/mudanca-de-rumo\\\/#breadcrumb\"},\"inLanguage\":\"pt-PT\",\"potentialAction\":[{\"@type\":\"ReadAction\",\"target\":[\"https:\\\/\\\/jornaldasoficinas.com\\\/pt\\\/mudanca-de-rumo\\\/\"]}]},{\"@type\":\"ImageObject\",\"inLanguage\":\"pt-PT\",\"@id\":\"https:\\\/\\\/jornaldasoficinas.com\\\/pt\\\/mudanca-de-rumo\\\/#primaryimage\",\"url\":\"https:\\\/\\\/jornaldasoficinas.com\\\/pt\\\/wp-content\\\/uploads\\\/2025\\\/05\\\/mudanca_rumo.jpeg\",\"contentUrl\":\"https:\\\/\\\/jornaldasoficinas.com\\\/pt\\\/wp-content\\\/uploads\\\/2025\\\/05\\\/mudanca_rumo.jpeg\",\"width\":1024,\"height\":581,\"caption\":\"05 - mudanca_rumo\"},{\"@type\":\"BreadcrumbList\",\"@id\":\"https:\\\/\\\/jornaldasoficinas.com\\\/pt\\\/mudanca-de-rumo\\\/#breadcrumb\",\"itemListElement\":[{\"@type\":\"ListItem\",\"position\":1,\"name\":\"In\u00edcio\",\"item\":\"https:\\\/\\\/jornaldasoficinas.com\\\/pt\\\/\"},{\"@type\":\"ListItem\",\"position\":2,\"name\":\"Mudan\u00e7a de rumo!\"}]},{\"@type\":\"WebSite\",\"@id\":\"https:\\\/\\\/jornaldasoficinas.com\\\/pt\\\/#website\",\"url\":\"https:\\\/\\\/jornaldasoficinas.com\\\/pt\\\/\",\"name\":\"Jornal das Oficinas\",\"description\":\"Jornal independente do Aftermarket Autom\u00f3vel em Portugal\",\"publisher\":{\"@id\":\"https:\\\/\\\/jornaldasoficinas.com\\\/pt\\\/#organization\"},\"potentialAction\":[{\"@type\":\"SearchAction\",\"target\":{\"@type\":\"EntryPoint\",\"urlTemplate\":\"https:\\\/\\\/jornaldasoficinas.com\\\/pt\\\/?s={search_term_string}\"},\"query-input\":{\"@type\":\"PropertyValueSpecification\",\"valueRequired\":true,\"valueName\":\"search_term_string\"}}],\"inLanguage\":\"pt-PT\"},{\"@type\":\"Organization\",\"@id\":\"https:\\\/\\\/jornaldasoficinas.com\\\/pt\\\/#organization\",\"name\":\"Jornal das Oficinas\",\"url\":\"https:\\\/\\\/jornaldasoficinas.com\\\/pt\\\/\",\"logo\":{\"@type\":\"ImageObject\",\"inLanguage\":\"pt-PT\",\"@id\":\"https:\\\/\\\/jornaldasoficinas.com\\\/pt\\\/#\\\/schema\\\/logo\\\/image\\\/\",\"url\":\"https:\\\/\\\/jornaldasoficinas.com\\\/pt\\\/wp-content\\\/uploads\\\/logoJO-SEO.png\",\"contentUrl\":\"https:\\\/\\\/jornaldasoficinas.com\\\/pt\\\/wp-content\\\/uploads\\\/logoJO-SEO.png\",\"width\":285,\"height\":450,\"caption\":\"Jornal das Oficinas\"},\"image\":{\"@id\":\"https:\\\/\\\/jornaldasoficinas.com\\\/pt\\\/#\\\/schema\\\/logo\\\/image\\\/\"},\"sameAs\":[\"https:\\\/\\\/www.facebook.com\\\/jornaloficinas\",\"https:\\\/\\\/x.com\\\/jornaloficinas\",\"https:\\\/\\\/www.instagram.com\\\/jornal_oficinas\\\/\",\"https:\\\/\\\/www.linkedin.com\\\/company\\\/jornal-das-oficinas\\\/\",\"https:\\\/\\\/www.youtube.com\\\/channel\\\/UCbQZBqtcvV-oSQrr7RzINGg\"]},{\"@type\":\"Person\",\"@id\":\"https:\\\/\\\/jornaldasoficinas.com\\\/pt\\\/#\\\/schema\\\/person\\\/a38eef5de2c41d9e7c9ac10141afddf3\",\"name\":\"Reda\u00e7\u00e3o JO\",\"image\":{\"@type\":\"ImageObject\",\"inLanguage\":\"pt-PT\",\"@id\":\"https:\\\/\\\/secure.gravatar.com\\\/avatar\\\/71f2fa71737ad68a84fea94bc708ddac8ea5b0c4788dc2ad202f3ccb2887742f?s=96&d=wp_user_avatar&r=g\",\"url\":\"https:\\\/\\\/secure.gravatar.com\\\/avatar\\\/71f2fa71737ad68a84fea94bc708ddac8ea5b0c4788dc2ad202f3ccb2887742f?s=96&d=wp_user_avatar&r=g\",\"contentUrl\":\"https:\\\/\\\/secure.gravatar.com\\\/avatar\\\/71f2fa71737ad68a84fea94bc708ddac8ea5b0c4788dc2ad202f3ccb2887742f?s=96&d=wp_user_avatar&r=g\",\"caption\":\"Reda\u00e7\u00e3o JO\"},\"url\":\"https:\\\/\\\/jornaldasoficinas.com\\\/pt\\\/author\\\/joredacao\\\/\"}]}<\/script>\n<!-- \/ Yoast SEO plugin. -->","yoast_head_json":{"title":"Mudan\u00e7a de rumo! - Jornal das Oficinas","description":"\u00c0 medida que as mudan\u00e7as na tecnologia dos ve\u00edculos conduzem a mudan\u00e7as na forma como os ve\u00edculos s\u00e3o diagnosticados, assistidos e reparados","robots":{"index":"index","follow":"follow","max-snippet":"max-snippet:-1","max-image-preview":"max-image-preview:large","max-video-preview":"max-video-preview:-1"},"canonical":"https:\/\/jornaldasoficinas.com\/pt\/mudanca-de-rumo\/","og_locale":"pt_PT","og_type":"article","og_title":"Mudan\u00e7a de rumo! - Jornal das Oficinas","og_description":"\u00c0 medida que as mudan\u00e7as na tecnologia dos ve\u00edculos conduzem a mudan\u00e7as na forma como os ve\u00edculos s\u00e3o diagnosticados, assistidos e reparados","og_url":"https:\/\/jornaldasoficinas.com\/pt\/mudanca-de-rumo\/","og_site_name":"Jornal das Oficinas","article_publisher":"https:\/\/www.facebook.com\/jornaloficinas","article_published_time":"2025-05-11T19:00:25+00:00","article_modified_time":"2025-05-12T09:42:37+00:00","og_image":[{"width":1024,"height":581,"url":"https:\/\/jornaldasoficinas.com\/pt\/wp-content\/uploads\/2025\/05\/mudanca_rumo.jpeg","type":"image\/jpeg"}],"author":"Reda\u00e7\u00e3o JO","twitter_card":"summary_large_image","twitter_creator":"@jornaloficinas","twitter_site":"@jornaloficinas","twitter_misc":{"Escrito por":"Reda\u00e7\u00e3o JO","Tempo estimado de leitura":"4 minutos"},"schema":{"@context":"https:\/\/schema.org","@graph":[{"@type":"Article","@id":"https:\/\/jornaldasoficinas.com\/pt\/mudanca-de-rumo\/#article","isPartOf":{"@id":"https:\/\/jornaldasoficinas.com\/pt\/mudanca-de-rumo\/"},"author":{"name":"Reda\u00e7\u00e3o JO","@id":"https:\/\/jornaldasoficinas.com\/pt\/#\/schema\/person\/a38eef5de2c41d9e7c9ac10141afddf3"},"headline":"Mudan\u00e7a de rumo!","datePublished":"2025-05-11T19:00:25+00:00","dateModified":"2025-05-12T09:42:37+00:00","mainEntityOfPage":{"@id":"https:\/\/jornaldasoficinas.com\/pt\/mudanca-de-rumo\/"},"wordCount":644,"publisher":{"@id":"https:\/\/jornaldasoficinas.com\/pt\/#organization"},"image":{"@id":"https:\/\/jornaldasoficinas.com\/pt\/mudanca-de-rumo\/#primaryimage"},"thumbnailUrl":"https:\/\/jornaldasoficinas.com\/pt\/wp-content\/uploads\/2025\/05\/mudanca_rumo.jpeg","keywords":["assist\u00eancia","Diagn\u00f3stico","eletricistas auto","Forma\u00e7\u00e3o","igni\u00e7\u00e3o eletr\u00f3nica","inje\u00e7\u00e3o de combust\u00edvel","Mudan\u00e7a de rumo","Repara\u00e7\u00e3o"],"articleSection":["Mercado"],"inLanguage":"pt-PT"},{"@type":"WebPage","@id":"https:\/\/jornaldasoficinas.com\/pt\/mudanca-de-rumo\/","url":"https:\/\/jornaldasoficinas.com\/pt\/mudanca-de-rumo\/","name":"Mudan\u00e7a de rumo! - Jornal das Oficinas","isPartOf":{"@id":"https:\/\/jornaldasoficinas.com\/pt\/#website"},"primaryImageOfPage":{"@id":"https:\/\/jornaldasoficinas.com\/pt\/mudanca-de-rumo\/#primaryimage"},"image":{"@id":"https:\/\/jornaldasoficinas.com\/pt\/mudanca-de-rumo\/#primaryimage"},"thumbnailUrl":"https:\/\/jornaldasoficinas.com\/pt\/wp-content\/uploads\/2025\/05\/mudanca_rumo.jpeg","datePublished":"2025-05-11T19:00:25+00:00","dateModified":"2025-05-12T09:42:37+00:00","description":"\u00c0 medida que as mudan\u00e7as na tecnologia dos ve\u00edculos conduzem a mudan\u00e7as na forma como os ve\u00edculos s\u00e3o diagnosticados, assistidos e reparados","breadcrumb":{"@id":"https:\/\/jornaldasoficinas.com\/pt\/mudanca-de-rumo\/#breadcrumb"},"inLanguage":"pt-PT","potentialAction":[{"@type":"ReadAction","target":["https:\/\/jornaldasoficinas.com\/pt\/mudanca-de-rumo\/"]}]},{"@type":"ImageObject","inLanguage":"pt-PT","@id":"https:\/\/jornaldasoficinas.com\/pt\/mudanca-de-rumo\/#primaryimage","url":"https:\/\/jornaldasoficinas.com\/pt\/wp-content\/uploads\/2025\/05\/mudanca_rumo.jpeg","contentUrl":"https:\/\/jornaldasoficinas.com\/pt\/wp-content\/uploads\/2025\/05\/mudanca_rumo.jpeg","width":1024,"height":581,"caption":"05 - mudanca_rumo"},{"@type":"BreadcrumbList","@id":"https:\/\/jornaldasoficinas.com\/pt\/mudanca-de-rumo\/#breadcrumb","itemListElement":[{"@type":"ListItem","position":1,"name":"In\u00edcio","item":"https:\/\/jornaldasoficinas.com\/pt\/"},{"@type":"ListItem","position":2,"name":"Mudan\u00e7a de rumo!"}]},{"@type":"WebSite","@id":"https:\/\/jornaldasoficinas.com\/pt\/#website","url":"https:\/\/jornaldasoficinas.com\/pt\/","name":"Jornal das Oficinas","description":"Jornal independente do Aftermarket Autom\u00f3vel em Portugal","publisher":{"@id":"https:\/\/jornaldasoficinas.com\/pt\/#organization"},"potentialAction":[{"@type":"SearchAction","target":{"@type":"EntryPoint","urlTemplate":"https:\/\/jornaldasoficinas.com\/pt\/?s={search_term_string}"},"query-input":{"@type":"PropertyValueSpecification","valueRequired":true,"valueName":"search_term_string"}}],"inLanguage":"pt-PT"},{"@type":"Organization","@id":"https:\/\/jornaldasoficinas.com\/pt\/#organization","name":"Jornal das Oficinas","url":"https:\/\/jornaldasoficinas.com\/pt\/","logo":{"@type":"ImageObject","inLanguage":"pt-PT","@id":"https:\/\/jornaldasoficinas.com\/pt\/#\/schema\/logo\/image\/","url":"https:\/\/jornaldasoficinas.com\/pt\/wp-content\/uploads\/logoJO-SEO.png","contentUrl":"https:\/\/jornaldasoficinas.com\/pt\/wp-content\/uploads\/logoJO-SEO.png","width":285,"height":450,"caption":"Jornal das Oficinas"},"image":{"@id":"https:\/\/jornaldasoficinas.com\/pt\/#\/schema\/logo\/image\/"},"sameAs":["https:\/\/www.facebook.com\/jornaloficinas","https:\/\/x.com\/jornaloficinas","https:\/\/www.instagram.com\/jornal_oficinas\/","https:\/\/www.linkedin.com\/company\/jornal-das-oficinas\/","https:\/\/www.youtube.com\/channel\/UCbQZBqtcvV-oSQrr7RzINGg"]},{"@type":"Person","@id":"https:\/\/jornaldasoficinas.com\/pt\/#\/schema\/person\/a38eef5de2c41d9e7c9ac10141afddf3","name":"Reda\u00e7\u00e3o JO","image":{"@type":"ImageObject","inLanguage":"pt-PT","@id":"https:\/\/secure.gravatar.com\/avatar\/71f2fa71737ad68a84fea94bc708ddac8ea5b0c4788dc2ad202f3ccb2887742f?s=96&d=wp_user_avatar&r=g","url":"https:\/\/secure.gravatar.com\/avatar\/71f2fa71737ad68a84fea94bc708ddac8ea5b0c4788dc2ad202f3ccb2887742f?s=96&d=wp_user_avatar&r=g","contentUrl":"https:\/\/secure.gravatar.com\/avatar\/71f2fa71737ad68a84fea94bc708ddac8ea5b0c4788dc2ad202f3ccb2887742f?s=96&d=wp_user_avatar&r=g","caption":"Reda\u00e7\u00e3o JO"},"url":"https:\/\/jornaldasoficinas.com\/pt\/author\/joredacao\/"}]}},"_links":{"self":[{"href":"https:\/\/jornaldasoficinas.com\/pt\/wp-json\/wp\/v2\/posts\/101624","targetHints":{"allow":["GET"]}}],"collection":[{"href":"https:\/\/jornaldasoficinas.com\/pt\/wp-json\/wp\/v2\/posts"}],"about":[{"href":"https:\/\/jornaldasoficinas.com\/pt\/wp-json\/wp\/v2\/types\/post"}],"author":[{"embeddable":true,"href":"https:\/\/jornaldasoficinas.com\/pt\/wp-json\/wp\/v2\/users\/15"}],"replies":[{"embeddable":true,"href":"https:\/\/jornaldasoficinas.com\/pt\/wp-json\/wp\/v2\/comments?post=101624"}],"version-history":[{"count":7,"href":"https:\/\/jornaldasoficinas.com\/pt\/wp-json\/wp\/v2\/posts\/101624\/revisions"}],"predecessor-version":[{"id":101747,"href":"https:\/\/jornaldasoficinas.com\/pt\/wp-json\/wp\/v2\/posts\/101624\/revisions\/101747"}],"wp:featuredmedia":[{"embeddable":true,"href":"https:\/\/jornaldasoficinas.com\/pt\/wp-json\/wp\/v2\/media\/101621"}],"wp:attachment":[{"href":"https:\/\/jornaldasoficinas.com\/pt\/wp-json\/wp\/v2\/media?parent=101624"}],"wp:term":[{"taxonomy":"category","embeddable":true,"href":"https:\/\/jornaldasoficinas.com\/pt\/wp-json\/wp\/v2\/categories?post=101624"},{"taxonomy":"post_tag","embeddable":true,"href":"https:\/\/jornaldasoficinas.com\/pt\/wp-json\/wp\/v2\/tags?post=101624"}],"curies":[{"name":"wp","href":"https:\/\/api.w.org\/{rel}","templated":true}]}}