{"id":101675,"date":"2025-05-13T14:00:23","date_gmt":"2025-05-13T13:00:23","guid":{"rendered":"https:\/\/jornaldasoficinas.com\/pt\/?p=101675"},"modified":"2025-05-08T18:07:29","modified_gmt":"2025-05-08T17:07:29","slug":"dt-spare-parts-patrocinador-oficial-de-sascha-lenz","status":"publish","type":"post","link":"https:\/\/jornaldasoficinas.com\/pt\/dt-spare-parts-patrocinador-oficial-de-sascha-lenz\/","title":{"rendered":"DT Spare Parts patrocinador oficial de Sascha Lenz"},"content":{"rendered":"<p><strong><img loading=\"lazy\" decoding=\"async\" class=\"alignnone size-full wp-image-101684\" src=\"https:\/\/jornaldasoficinas.com\/pt\/wp-content\/uploads\/2025\/05\/DT-Spare-Parts-patrocinador-oficial-de-Sascha-Lenz.jpg\" alt=\"05 - DT Spare Parts patrocinador oficial de Sascha Lenz\" width=\"1024\" height=\"581\" srcset=\"https:\/\/jornaldasoficinas.com\/pt\/wp-content\/uploads\/2025\/05\/DT-Spare-Parts-patrocinador-oficial-de-Sascha-Lenz.jpg 1024w, https:\/\/jornaldasoficinas.com\/pt\/wp-content\/uploads\/2025\/05\/DT-Spare-Parts-patrocinador-oficial-de-Sascha-Lenz-300x170.jpg 300w, https:\/\/jornaldasoficinas.com\/pt\/wp-content\/uploads\/2025\/05\/DT-Spare-Parts-patrocinador-oficial-de-Sascha-Lenz-150x85.jpg 150w, https:\/\/jornaldasoficinas.com\/pt\/wp-content\/uploads\/2025\/05\/DT-Spare-Parts-patrocinador-oficial-de-Sascha-Lenz-768x436.jpg 768w\" sizes=\"auto, (max-width: 1024px) 100vw, 1024px\" \/><\/strong><\/p>\n<p><strong>O mundo das corridas de cami\u00f5es aguarda com ansiedade o in\u00edcio do campeonato de 2025. A <a href=\"https:\/\/www.dt-spareparts.com\/\" target=\"_blank\" rel=\"noopener\">DT Spare Parts<\/a>, mais uma vez, apoia o profissional de corridas de cami\u00f5es Sascha Lenz como patrocinadora oficial este ano<\/strong><\/p>\n<p>Com a mais alta qualidade e fiabilidade em pe\u00e7as de reposi\u00e7\u00e3o, os Parts Specialists, os profissionais de oficina da <a href=\"https:\/\/www.dieseltechnic.com\/\" target=\"_blank\" rel=\"noopener\">Diesel Technic<\/a>, acompanhar\u00e3o o bem-sucedido piloto de corridas por uma temporada emocionante que consiste em sete fins de semana de corridas.<\/p>\n<p>Clientes selecionados da Diesel Technic ter\u00e3o a sorte de assistir aos espet\u00e1culos ao vivo com os Parts Specialists. Um atrativo especial este ano ser\u00e1 o cami\u00e3o MAN do profissional de corridas Sascha Lenz, que foi recentemente apresentado em azul brilhante e branco \u2013 combinando com o logotipo da DT Spare Parts. A marca de produtos da Diesel Technic \u00e9 a patrocinadora oficial do S.L. TruckSport 30 pela sexta vez consecutiva.<\/p>\n<p><strong>Parceria forte na pista de corrida<\/strong><\/p>\n<p>Mais uma vez este ano, v\u00e1rias pe\u00e7as de reposi\u00e7\u00e3o da linha DT Spare Parts chegaram ao cami\u00e3o de corridas de Sascha Lenz. Os componentes instalados incluem juntas universais, colunas de dire\u00e7\u00e3o, buchas de mola, v\u00e1lvulas de freio de p\u00e9, suportes de motor, cabe\u00e7otes de garfo e cilindros mestres. Bem equipado, a pr\u00f3xima temporada pode come\u00e7ar agora.<\/p>\n<p>A corrida de abertura acontecer\u00e1 de 17 a 18 de maio em Misano, na It\u00e1lia, seguida pela corrida no Slovakia Ring de 7 a 8 de junho.<\/p>\n<p>A corrida em casa para Sascha Lenz acontecer\u00e1 de 12 a 13 de julho em N\u00fcrburgring, antes de continuar a todo vapor, ap\u00f3s uma curta pausa de ver\u00e3o, de 30 a 31 de agosto em Most, na Rep\u00fablica Checa.<\/p>\n<p>As etapas 5 e 6 ser\u00e3o realizadas em Zolder, B\u00e9lgica, de 13 a 14 de setembro e no Circuit Bugatti em Le Mans, Fran\u00e7a, de 20 a 21 de setembro. A final acontecer\u00e1 como de costume em Jarama, na Espanha \u2013 \u00e9 onde o Campe\u00e3o de Corridas de Cami\u00f5es deste ano ser\u00e1 decidido de 4 a 5 de outubro.<\/p>\n","protected":false},"excerpt":{"rendered":"<p>O mundo das corridas de cami\u00f5es&#8230;<\/p>\n","protected":false},"author":15,"featured_media":101684,"comment_status":"closed","ping_status":"closed","sticky":false,"template":"","format":"standard","meta":{"footnotes":""},"categories":[36],"tags":[12682,298,297,414,8727,5415],"class_list":["post-101675","post","type-post","status-publish","format-standard","has-post-thumbnail","hentry","category-pesados","tag-campeonato-de-2025","tag-diesel-technic","tag-dt-spare-parts","tag-parts-specialists","tag-patrocinadora-oficial","tag-sascha-lenz"],"yoast_head":"<!-- This site is optimized with the Yoast SEO plugin v27.4 - https:\/\/yoast.com\/product\/yoast-seo-wordpress\/ -->\n<title>DT Spare Parts patrocinador oficial de Sascha Lenz - Jornal das Oficinas<\/title>\n<meta name=\"description\" content=\"A DT Spare Parts, mais uma vez, apoia o profissional de corridas de cami\u00f5es Sascha Lenz como patrocinadora oficial este ano\" \/>\n<meta name=\"robots\" content=\"index, follow, max-snippet:-1, max-image-preview:large, max-video-preview:-1\" \/>\n<link rel=\"canonical\" href=\"https:\/\/jornaldasoficinas.com\/pt\/dt-spare-parts-patrocinador-oficial-de-sascha-lenz\/\" \/>\n<meta property=\"og:locale\" content=\"pt_PT\" \/>\n<meta property=\"og:type\" content=\"article\" \/>\n<meta property=\"og:title\" content=\"DT Spare Parts patrocinador oficial de Sascha Lenz - Jornal das Oficinas\" \/>\n<meta property=\"og:description\" content=\"A DT Spare Parts, mais uma vez, apoia o profissional de corridas de cami\u00f5es Sascha Lenz como patrocinadora oficial este ano\" \/>\n<meta property=\"og:url\" content=\"https:\/\/jornaldasoficinas.com\/pt\/dt-spare-parts-patrocinador-oficial-de-sascha-lenz\/\" \/>\n<meta property=\"og:site_name\" content=\"Jornal das Oficinas\" \/>\n<meta property=\"article:publisher\" content=\"https:\/\/www.facebook.com\/jornaloficinas\" \/>\n<meta property=\"article:published_time\" content=\"2025-05-13T13:00:23+00:00\" \/>\n<meta property=\"og:image\" content=\"https:\/\/jornaldasoficinas.com\/pt\/wp-content\/uploads\/2025\/05\/DT-Spare-Parts-patrocinador-oficial-de-Sascha-Lenz.jpg\" \/>\n\t<meta property=\"og:image:width\" content=\"1024\" \/>\n\t<meta property=\"og:image:height\" content=\"581\" \/>\n\t<meta property=\"og:image:type\" content=\"image\/jpeg\" \/>\n<meta name=\"author\" content=\"Reda\u00e7\u00e3o JO\" \/>\n<meta name=\"twitter:card\" content=\"summary_large_image\" \/>\n<meta name=\"twitter:creator\" content=\"@jornaloficinas\" \/>\n<meta name=\"twitter:site\" content=\"@jornaloficinas\" \/>\n<meta name=\"twitter:label1\" content=\"Escrito por\" \/>\n\t<meta name=\"twitter:data1\" content=\"Reda\u00e7\u00e3o JO\" \/>\n\t<meta name=\"twitter:label2\" content=\"Tempo estimado de leitura\" \/>\n\t<meta name=\"twitter:data2\" content=\"3 minutos\" \/>\n<script type=\"application\/ld+json\" class=\"yoast-schema-graph\">{\"@context\":\"https:\\\/\\\/schema.org\",\"@graph\":[{\"@type\":\"Article\",\"@id\":\"https:\\\/\\\/jornaldasoficinas.com\\\/pt\\\/dt-spare-parts-patrocinador-oficial-de-sascha-lenz\\\/#article\",\"isPartOf\":{\"@id\":\"https:\\\/\\\/jornaldasoficinas.com\\\/pt\\\/dt-spare-parts-patrocinador-oficial-de-sascha-lenz\\\/\"},\"author\":{\"name\":\"Reda\u00e7\u00e3o JO\",\"@id\":\"https:\\\/\\\/jornaldasoficinas.com\\\/pt\\\/#\\\/schema\\\/person\\\/a38eef5de2c41d9e7c9ac10141afddf3\"},\"headline\":\"DT Spare Parts patrocinador oficial de Sascha Lenz\",\"datePublished\":\"2025-05-13T13:00:23+00:00\",\"mainEntityOfPage\":{\"@id\":\"https:\\\/\\\/jornaldasoficinas.com\\\/pt\\\/dt-spare-parts-patrocinador-oficial-de-sascha-lenz\\\/\"},\"wordCount\":348,\"publisher\":{\"@id\":\"https:\\\/\\\/jornaldasoficinas.com\\\/pt\\\/#organization\"},\"image\":{\"@id\":\"https:\\\/\\\/jornaldasoficinas.com\\\/pt\\\/dt-spare-parts-patrocinador-oficial-de-sascha-lenz\\\/#primaryimage\"},\"thumbnailUrl\":\"https:\\\/\\\/jornaldasoficinas.com\\\/pt\\\/wp-content\\\/uploads\\\/2025\\\/05\\\/DT-Spare-Parts-patrocinador-oficial-de-Sascha-Lenz.jpg\",\"keywords\":[\"campeonato de 2025\",\"Diesel Technic\",\"DT Spare Parts\",\"Parts Specialists\",\"patrocinadora oficial\",\"Sascha Lenz\"],\"articleSection\":[\"Pesados\"],\"inLanguage\":\"pt-PT\"},{\"@type\":\"WebPage\",\"@id\":\"https:\\\/\\\/jornaldasoficinas.com\\\/pt\\\/dt-spare-parts-patrocinador-oficial-de-sascha-lenz\\\/\",\"url\":\"https:\\\/\\\/jornaldasoficinas.com\\\/pt\\\/dt-spare-parts-patrocinador-oficial-de-sascha-lenz\\\/\",\"name\":\"DT Spare Parts patrocinador oficial de Sascha Lenz - Jornal das Oficinas\",\"isPartOf\":{\"@id\":\"https:\\\/\\\/jornaldasoficinas.com\\\/pt\\\/#website\"},\"primaryImageOfPage\":{\"@id\":\"https:\\\/\\\/jornaldasoficinas.com\\\/pt\\\/dt-spare-parts-patrocinador-oficial-de-sascha-lenz\\\/#primaryimage\"},\"image\":{\"@id\":\"https:\\\/\\\/jornaldasoficinas.com\\\/pt\\\/dt-spare-parts-patrocinador-oficial-de-sascha-lenz\\\/#primaryimage\"},\"thumbnailUrl\":\"https:\\\/\\\/jornaldasoficinas.com\\\/pt\\\/wp-content\\\/uploads\\\/2025\\\/05\\\/DT-Spare-Parts-patrocinador-oficial-de-Sascha-Lenz.jpg\",\"datePublished\":\"2025-05-13T13:00:23+00:00\",\"description\":\"A DT Spare Parts, mais uma vez, apoia o profissional de corridas de cami\u00f5es Sascha Lenz como patrocinadora oficial este ano\",\"breadcrumb\":{\"@id\":\"https:\\\/\\\/jornaldasoficinas.com\\\/pt\\\/dt-spare-parts-patrocinador-oficial-de-sascha-lenz\\\/#breadcrumb\"},\"inLanguage\":\"pt-PT\",\"potentialAction\":[{\"@type\":\"ReadAction\",\"target\":[\"https:\\\/\\\/jornaldasoficinas.com\\\/pt\\\/dt-spare-parts-patrocinador-oficial-de-sascha-lenz\\\/\"]}]},{\"@type\":\"ImageObject\",\"inLanguage\":\"pt-PT\",\"@id\":\"https:\\\/\\\/jornaldasoficinas.com\\\/pt\\\/dt-spare-parts-patrocinador-oficial-de-sascha-lenz\\\/#primaryimage\",\"url\":\"https:\\\/\\\/jornaldasoficinas.com\\\/pt\\\/wp-content\\\/uploads\\\/2025\\\/05\\\/DT-Spare-Parts-patrocinador-oficial-de-Sascha-Lenz.jpg\",\"contentUrl\":\"https:\\\/\\\/jornaldasoficinas.com\\\/pt\\\/wp-content\\\/uploads\\\/2025\\\/05\\\/DT-Spare-Parts-patrocinador-oficial-de-Sascha-Lenz.jpg\",\"width\":1024,\"height\":581,\"caption\":\"05 - DT Spare Parts patrocinador oficial de Sascha Lenz\"},{\"@type\":\"BreadcrumbList\",\"@id\":\"https:\\\/\\\/jornaldasoficinas.com\\\/pt\\\/dt-spare-parts-patrocinador-oficial-de-sascha-lenz\\\/#breadcrumb\",\"itemListElement\":[{\"@type\":\"ListItem\",\"position\":1,\"name\":\"In\u00edcio\",\"item\":\"https:\\\/\\\/jornaldasoficinas.com\\\/pt\\\/\"},{\"@type\":\"ListItem\",\"position\":2,\"name\":\"DT Spare Parts patrocinador oficial de Sascha Lenz\"}]},{\"@type\":\"WebSite\",\"@id\":\"https:\\\/\\\/jornaldasoficinas.com\\\/pt\\\/#website\",\"url\":\"https:\\\/\\\/jornaldasoficinas.com\\\/pt\\\/\",\"name\":\"Jornal das Oficinas\",\"description\":\"Jornal independente do Aftermarket Autom\u00f3vel em Portugal\",\"publisher\":{\"@id\":\"https:\\\/\\\/jornaldasoficinas.com\\\/pt\\\/#organization\"},\"potentialAction\":[{\"@type\":\"SearchAction\",\"target\":{\"@type\":\"EntryPoint\",\"urlTemplate\":\"https:\\\/\\\/jornaldasoficinas.com\\\/pt\\\/?s={search_term_string}\"},\"query-input\":{\"@type\":\"PropertyValueSpecification\",\"valueRequired\":true,\"valueName\":\"search_term_string\"}}],\"inLanguage\":\"pt-PT\"},{\"@type\":\"Organization\",\"@id\":\"https:\\\/\\\/jornaldasoficinas.com\\\/pt\\\/#organization\",\"name\":\"Jornal das Oficinas\",\"url\":\"https:\\\/\\\/jornaldasoficinas.com\\\/pt\\\/\",\"logo\":{\"@type\":\"ImageObject\",\"inLanguage\":\"pt-PT\",\"@id\":\"https:\\\/\\\/jornaldasoficinas.com\\\/pt\\\/#\\\/schema\\\/logo\\\/image\\\/\",\"url\":\"https:\\\/\\\/jornaldasoficinas.com\\\/pt\\\/wp-content\\\/uploads\\\/logoJO-SEO.png\",\"contentUrl\":\"https:\\\/\\\/jornaldasoficinas.com\\\/pt\\\/wp-content\\\/uploads\\\/logoJO-SEO.png\",\"width\":285,\"height\":450,\"caption\":\"Jornal das Oficinas\"},\"image\":{\"@id\":\"https:\\\/\\\/jornaldasoficinas.com\\\/pt\\\/#\\\/schema\\\/logo\\\/image\\\/\"},\"sameAs\":[\"https:\\\/\\\/www.facebook.com\\\/jornaloficinas\",\"https:\\\/\\\/x.com\\\/jornaloficinas\",\"https:\\\/\\\/www.instagram.com\\\/jornal_oficinas\\\/\",\"https:\\\/\\\/www.linkedin.com\\\/company\\\/jornal-das-oficinas\\\/\",\"https:\\\/\\\/www.youtube.com\\\/channel\\\/UCbQZBqtcvV-oSQrr7RzINGg\"]},{\"@type\":\"Person\",\"@id\":\"https:\\\/\\\/jornaldasoficinas.com\\\/pt\\\/#\\\/schema\\\/person\\\/a38eef5de2c41d9e7c9ac10141afddf3\",\"name\":\"Reda\u00e7\u00e3o JO\",\"image\":{\"@type\":\"ImageObject\",\"inLanguage\":\"pt-PT\",\"@id\":\"https:\\\/\\\/secure.gravatar.com\\\/avatar\\\/71f2fa71737ad68a84fea94bc708ddac8ea5b0c4788dc2ad202f3ccb2887742f?s=96&d=wp_user_avatar&r=g\",\"url\":\"https:\\\/\\\/secure.gravatar.com\\\/avatar\\\/71f2fa71737ad68a84fea94bc708ddac8ea5b0c4788dc2ad202f3ccb2887742f?s=96&d=wp_user_avatar&r=g\",\"contentUrl\":\"https:\\\/\\\/secure.gravatar.com\\\/avatar\\\/71f2fa71737ad68a84fea94bc708ddac8ea5b0c4788dc2ad202f3ccb2887742f?s=96&d=wp_user_avatar&r=g\",\"caption\":\"Reda\u00e7\u00e3o JO\"},\"url\":\"https:\\\/\\\/jornaldasoficinas.com\\\/pt\\\/author\\\/joredacao\\\/\"}]}<\/script>\n<!-- \/ Yoast SEO plugin. -->","yoast_head_json":{"title":"DT Spare Parts patrocinador oficial de Sascha Lenz - Jornal das Oficinas","description":"A DT Spare Parts, mais uma vez, apoia o profissional de corridas de cami\u00f5es Sascha Lenz como patrocinadora oficial este ano","robots":{"index":"index","follow":"follow","max-snippet":"max-snippet:-1","max-image-preview":"max-image-preview:large","max-video-preview":"max-video-preview:-1"},"canonical":"https:\/\/jornaldasoficinas.com\/pt\/dt-spare-parts-patrocinador-oficial-de-sascha-lenz\/","og_locale":"pt_PT","og_type":"article","og_title":"DT Spare Parts patrocinador oficial de Sascha Lenz - Jornal das Oficinas","og_description":"A DT Spare Parts, mais uma vez, apoia o profissional de corridas de cami\u00f5es Sascha Lenz como patrocinadora oficial este ano","og_url":"https:\/\/jornaldasoficinas.com\/pt\/dt-spare-parts-patrocinador-oficial-de-sascha-lenz\/","og_site_name":"Jornal das Oficinas","article_publisher":"https:\/\/www.facebook.com\/jornaloficinas","article_published_time":"2025-05-13T13:00:23+00:00","og_image":[{"width":1024,"height":581,"url":"https:\/\/jornaldasoficinas.com\/pt\/wp-content\/uploads\/2025\/05\/DT-Spare-Parts-patrocinador-oficial-de-Sascha-Lenz.jpg","type":"image\/jpeg"}],"author":"Reda\u00e7\u00e3o JO","twitter_card":"summary_large_image","twitter_creator":"@jornaloficinas","twitter_site":"@jornaloficinas","twitter_misc":{"Escrito por":"Reda\u00e7\u00e3o JO","Tempo estimado de leitura":"3 minutos"},"schema":{"@context":"https:\/\/schema.org","@graph":[{"@type":"Article","@id":"https:\/\/jornaldasoficinas.com\/pt\/dt-spare-parts-patrocinador-oficial-de-sascha-lenz\/#article","isPartOf":{"@id":"https:\/\/jornaldasoficinas.com\/pt\/dt-spare-parts-patrocinador-oficial-de-sascha-lenz\/"},"author":{"name":"Reda\u00e7\u00e3o JO","@id":"https:\/\/jornaldasoficinas.com\/pt\/#\/schema\/person\/a38eef5de2c41d9e7c9ac10141afddf3"},"headline":"DT Spare Parts patrocinador oficial de Sascha Lenz","datePublished":"2025-05-13T13:00:23+00:00","mainEntityOfPage":{"@id":"https:\/\/jornaldasoficinas.com\/pt\/dt-spare-parts-patrocinador-oficial-de-sascha-lenz\/"},"wordCount":348,"publisher":{"@id":"https:\/\/jornaldasoficinas.com\/pt\/#organization"},"image":{"@id":"https:\/\/jornaldasoficinas.com\/pt\/dt-spare-parts-patrocinador-oficial-de-sascha-lenz\/#primaryimage"},"thumbnailUrl":"https:\/\/jornaldasoficinas.com\/pt\/wp-content\/uploads\/2025\/05\/DT-Spare-Parts-patrocinador-oficial-de-Sascha-Lenz.jpg","keywords":["campeonato de 2025","Diesel Technic","DT Spare Parts","Parts Specialists","patrocinadora oficial","Sascha Lenz"],"articleSection":["Pesados"],"inLanguage":"pt-PT"},{"@type":"WebPage","@id":"https:\/\/jornaldasoficinas.com\/pt\/dt-spare-parts-patrocinador-oficial-de-sascha-lenz\/","url":"https:\/\/jornaldasoficinas.com\/pt\/dt-spare-parts-patrocinador-oficial-de-sascha-lenz\/","name":"DT Spare Parts patrocinador oficial de Sascha Lenz - Jornal das Oficinas","isPartOf":{"@id":"https:\/\/jornaldasoficinas.com\/pt\/#website"},"primaryImageOfPage":{"@id":"https:\/\/jornaldasoficinas.com\/pt\/dt-spare-parts-patrocinador-oficial-de-sascha-lenz\/#primaryimage"},"image":{"@id":"https:\/\/jornaldasoficinas.com\/pt\/dt-spare-parts-patrocinador-oficial-de-sascha-lenz\/#primaryimage"},"thumbnailUrl":"https:\/\/jornaldasoficinas.com\/pt\/wp-content\/uploads\/2025\/05\/DT-Spare-Parts-patrocinador-oficial-de-Sascha-Lenz.jpg","datePublished":"2025-05-13T13:00:23+00:00","description":"A DT Spare Parts, mais uma vez, apoia o profissional de corridas de cami\u00f5es Sascha Lenz como patrocinadora oficial este ano","breadcrumb":{"@id":"https:\/\/jornaldasoficinas.com\/pt\/dt-spare-parts-patrocinador-oficial-de-sascha-lenz\/#breadcrumb"},"inLanguage":"pt-PT","potentialAction":[{"@type":"ReadAction","target":["https:\/\/jornaldasoficinas.com\/pt\/dt-spare-parts-patrocinador-oficial-de-sascha-lenz\/"]}]},{"@type":"ImageObject","inLanguage":"pt-PT","@id":"https:\/\/jornaldasoficinas.com\/pt\/dt-spare-parts-patrocinador-oficial-de-sascha-lenz\/#primaryimage","url":"https:\/\/jornaldasoficinas.com\/pt\/wp-content\/uploads\/2025\/05\/DT-Spare-Parts-patrocinador-oficial-de-Sascha-Lenz.jpg","contentUrl":"https:\/\/jornaldasoficinas.com\/pt\/wp-content\/uploads\/2025\/05\/DT-Spare-Parts-patrocinador-oficial-de-Sascha-Lenz.jpg","width":1024,"height":581,"caption":"05 - DT Spare Parts patrocinador oficial de Sascha Lenz"},{"@type":"BreadcrumbList","@id":"https:\/\/jornaldasoficinas.com\/pt\/dt-spare-parts-patrocinador-oficial-de-sascha-lenz\/#breadcrumb","itemListElement":[{"@type":"ListItem","position":1,"name":"In\u00edcio","item":"https:\/\/jornaldasoficinas.com\/pt\/"},{"@type":"ListItem","position":2,"name":"DT Spare Parts patrocinador oficial de Sascha Lenz"}]},{"@type":"WebSite","@id":"https:\/\/jornaldasoficinas.com\/pt\/#website","url":"https:\/\/jornaldasoficinas.com\/pt\/","name":"Jornal das Oficinas","description":"Jornal independente do Aftermarket Autom\u00f3vel em Portugal","publisher":{"@id":"https:\/\/jornaldasoficinas.com\/pt\/#organization"},"potentialAction":[{"@type":"SearchAction","target":{"@type":"EntryPoint","urlTemplate":"https:\/\/jornaldasoficinas.com\/pt\/?s={search_term_string}"},"query-input":{"@type":"PropertyValueSpecification","valueRequired":true,"valueName":"search_term_string"}}],"inLanguage":"pt-PT"},{"@type":"Organization","@id":"https:\/\/jornaldasoficinas.com\/pt\/#organization","name":"Jornal das Oficinas","url":"https:\/\/jornaldasoficinas.com\/pt\/","logo":{"@type":"ImageObject","inLanguage":"pt-PT","@id":"https:\/\/jornaldasoficinas.com\/pt\/#\/schema\/logo\/image\/","url":"https:\/\/jornaldasoficinas.com\/pt\/wp-content\/uploads\/logoJO-SEO.png","contentUrl":"https:\/\/jornaldasoficinas.com\/pt\/wp-content\/uploads\/logoJO-SEO.png","width":285,"height":450,"caption":"Jornal das Oficinas"},"image":{"@id":"https:\/\/jornaldasoficinas.com\/pt\/#\/schema\/logo\/image\/"},"sameAs":["https:\/\/www.facebook.com\/jornaloficinas","https:\/\/x.com\/jornaloficinas","https:\/\/www.instagram.com\/jornal_oficinas\/","https:\/\/www.linkedin.com\/company\/jornal-das-oficinas\/","https:\/\/www.youtube.com\/channel\/UCbQZBqtcvV-oSQrr7RzINGg"]},{"@type":"Person","@id":"https:\/\/jornaldasoficinas.com\/pt\/#\/schema\/person\/a38eef5de2c41d9e7c9ac10141afddf3","name":"Reda\u00e7\u00e3o JO","image":{"@type":"ImageObject","inLanguage":"pt-PT","@id":"https:\/\/secure.gravatar.com\/avatar\/71f2fa71737ad68a84fea94bc708ddac8ea5b0c4788dc2ad202f3ccb2887742f?s=96&d=wp_user_avatar&r=g","url":"https:\/\/secure.gravatar.com\/avatar\/71f2fa71737ad68a84fea94bc708ddac8ea5b0c4788dc2ad202f3ccb2887742f?s=96&d=wp_user_avatar&r=g","contentUrl":"https:\/\/secure.gravatar.com\/avatar\/71f2fa71737ad68a84fea94bc708ddac8ea5b0c4788dc2ad202f3ccb2887742f?s=96&d=wp_user_avatar&r=g","caption":"Reda\u00e7\u00e3o JO"},"url":"https:\/\/jornaldasoficinas.com\/pt\/author\/joredacao\/"}]}},"_links":{"self":[{"href":"https:\/\/jornaldasoficinas.com\/pt\/wp-json\/wp\/v2\/posts\/101675","targetHints":{"allow":["GET"]}}],"collection":[{"href":"https:\/\/jornaldasoficinas.com\/pt\/wp-json\/wp\/v2\/posts"}],"about":[{"href":"https:\/\/jornaldasoficinas.com\/pt\/wp-json\/wp\/v2\/types\/post"}],"author":[{"embeddable":true,"href":"https:\/\/jornaldasoficinas.com\/pt\/wp-json\/wp\/v2\/users\/15"}],"replies":[{"embeddable":true,"href":"https:\/\/jornaldasoficinas.com\/pt\/wp-json\/wp\/v2\/comments?post=101675"}],"version-history":[{"count":8,"href":"https:\/\/jornaldasoficinas.com\/pt\/wp-json\/wp\/v2\/posts\/101675\/revisions"}],"predecessor-version":[{"id":101696,"href":"https:\/\/jornaldasoficinas.com\/pt\/wp-json\/wp\/v2\/posts\/101675\/revisions\/101696"}],"wp:featuredmedia":[{"embeddable":true,"href":"https:\/\/jornaldasoficinas.com\/pt\/wp-json\/wp\/v2\/media\/101684"}],"wp:attachment":[{"href":"https:\/\/jornaldasoficinas.com\/pt\/wp-json\/wp\/v2\/media?parent=101675"}],"wp:term":[{"taxonomy":"category","embeddable":true,"href":"https:\/\/jornaldasoficinas.com\/pt\/wp-json\/wp\/v2\/categories?post=101675"},{"taxonomy":"post_tag","embeddable":true,"href":"https:\/\/jornaldasoficinas.com\/pt\/wp-json\/wp\/v2\/tags?post=101675"}],"curies":[{"name":"wp","href":"https:\/\/api.w.org\/{rel}","templated":true}]}}