{"id":101704,"date":"2025-05-13T16:00:25","date_gmt":"2025-05-13T15:00:25","guid":{"rendered":"https:\/\/jornaldasoficinas.com\/pt\/?p=101704"},"modified":"2025-05-15T11:59:35","modified_gmt":"2025-05-15T10:59:35","slug":"napa-celebra-100-anos-no-circuito-de-narrava","status":"publish","type":"post","link":"https:\/\/jornaldasoficinas.com\/pt\/napa-celebra-100-anos-no-circuito-de-narrava\/","title":{"rendered":"NAPA celebra 100 anos no Circuito de Navarra"},"content":{"rendered":"<p><strong><img loading=\"lazy\" decoding=\"async\" class=\"alignnone size-full wp-image-101748\" src=\"https:\/\/jornaldasoficinas.com\/pt\/wp-content\/uploads\/2025\/05\/NAPA-celebra-100-anos-no-Circuito-de-Narrava-copy.jpg\" alt=\"05 - NAPA celebra 100 anos no Circuito de Narrava copy\" width=\"1024\" height=\"581\" srcset=\"https:\/\/jornaldasoficinas.com\/pt\/wp-content\/uploads\/2025\/05\/NAPA-celebra-100-anos-no-Circuito-de-Narrava-copy.jpg 1024w, https:\/\/jornaldasoficinas.com\/pt\/wp-content\/uploads\/2025\/05\/NAPA-celebra-100-anos-no-Circuito-de-Narrava-copy-300x170.jpg 300w, https:\/\/jornaldasoficinas.com\/pt\/wp-content\/uploads\/2025\/05\/NAPA-celebra-100-anos-no-Circuito-de-Narrava-copy-150x85.jpg 150w, https:\/\/jornaldasoficinas.com\/pt\/wp-content\/uploads\/2025\/05\/NAPA-celebra-100-anos-no-Circuito-de-Narrava-copy-768x436.jpg 768w\" sizes=\"auto, (max-width: 1024px) 100vw, 1024px\" \/><\/strong><\/p>\n<p><strong>A <a href=\"https:\/\/www.napaautoparts.es\/\" target=\"_blank\" rel=\"noopener\">NAPA<\/a> comemorou o seu 100.\u00ba anivers\u00e1rio com um evento inesquec\u00edvel no Circuito de Navarra, reunindo milhares de f\u00e3s e fam\u00edlias numa jornada dedicada ao automobilismo<\/strong><\/p>\n<p>No passado dia 4 de maio, o Circuito de Navarra foi palco de uma celebra\u00e7\u00e3o \u00e9pica: o NAPA Racing Weekend, um evento muito especial que assinalou o 100.\u00ba anivers\u00e1rio da NAPA, marca especialista no setor das pe\u00e7as de reposi\u00e7\u00e3o autom\u00f3vel nos Estados Unidos.<\/p>\n<p>Num ambiente marcado pela emo\u00e7\u00e3o, adrenalina e esp\u00edrito de comunidade, a NAPA transformou o circuito de Los Arcos num verdadeiro festival automobil\u00edstico, reunindo cerca de 2.500 participantes. Os emblem\u00e1ticos tons azul e amarelo da marca dominaram o espa\u00e7o, refletindo a energia vibrante do evento.<\/p>\n<p>Para al\u00e9m de patrocinadora principal, a NAPA foi tamb\u00e9m a alma do encontro, promovendo um dia completo de entretenimento e liga\u00e7\u00e3o com o mundo autom\u00f3vel. A zona familiar esteve recheada de atividades para todas as idades: simuladores de condu\u00e7\u00e3o, experi\u00eancias Easy Drift, trikes infantis, al\u00e9m de um showroom com produtos NAPA e merchandising exclusivo comemorativo do centen\u00e1rio.<\/p>\n<p>Entre os momentos altos da jornada, destacou-se a homenagem prestada \u00e0 hist\u00f3ria centen\u00e1ria da NAPA. A Real Federa\u00e7\u00e3o Espanhola de Automobilismo surpreendeu os presentes com uma imponente tarte de anivers\u00e1rio, sublinhando a relev\u00e2ncia da marca como parceira do desporto motorizado em Espanha. J\u00e1 no tradicional Pit Walk, os f\u00e3s tiveram a oportunidade de conhecer de perto os pilotos, mec\u00e2nicos e equipas da F\u00f3rmula 4 e do Campeonato de Espanha de Turismo, com direito a aut\u00f3grafos num p\u00f4ster exclusivo do centen\u00e1rio.<\/p>\n<p>Com elevada participa\u00e7\u00e3o e um ambiente festivo, o evento foi um sucesso absoluto. A NAPA n\u00e3o s\u00f3 celebrou os seus 100 anos de hist\u00f3ria, como reafirmou o seu compromisso com o futuro do automobilismo, com os f\u00e3s e com os valores de fam\u00edlia e paix\u00e3o pelo motor que a tornaram num nome incontorn\u00e1vel do setor.<\/p>\n<p>&nbsp;<\/p>\n","protected":false},"excerpt":{"rendered":"<p>A NAPA comemorou o seu 100.\u00ba&#8230;<\/p>\n","protected":false},"author":15,"featured_media":101748,"comment_status":"closed","ping_status":"closed","sticky":false,"template":"","format":"standard","meta":{"footnotes":""},"categories":[29],"tags":[8966,4228,12686,9267,4716,4140,5794],"class_list":["post-101704","post","type-post","status-publish","format-standard","has-post-thumbnail","hentry","category-empresas","tag-100-anos","tag-aniversario","tag-circuito-de-navarra","tag-desporto-motorizado","tag-evento","tag-napa","tag-napa-racing-weekend"],"yoast_head":"<!-- This site is optimized with the Yoast SEO plugin v27.4 - https:\/\/yoast.com\/product\/yoast-seo-wordpress\/ -->\n<title>NAPA celebra 100 anos no Circuito de Navarra - Jornal das Oficinas<\/title>\n<meta name=\"description\" content=\"A NAPA comemorou o seu 100.\u00ba anivers\u00e1rio com um evento inesquec\u00edvel no Circuito de Navarra, reunindo milhares de f\u00e3s e fam\u00edlias\" \/>\n<meta name=\"robots\" content=\"index, follow, max-snippet:-1, max-image-preview:large, max-video-preview:-1\" \/>\n<link rel=\"canonical\" href=\"https:\/\/jornaldasoficinas.com\/pt\/napa-celebra-100-anos-no-circuito-de-narrava\/\" \/>\n<meta property=\"og:locale\" content=\"pt_PT\" \/>\n<meta property=\"og:type\" content=\"article\" \/>\n<meta property=\"og:title\" content=\"NAPA celebra 100 anos no Circuito de Navarra - Jornal das Oficinas\" \/>\n<meta property=\"og:description\" content=\"A NAPA comemorou o seu 100.\u00ba anivers\u00e1rio com um evento inesquec\u00edvel no Circuito de Navarra, reunindo milhares de f\u00e3s e fam\u00edlias\" \/>\n<meta property=\"og:url\" content=\"https:\/\/jornaldasoficinas.com\/pt\/napa-celebra-100-anos-no-circuito-de-narrava\/\" \/>\n<meta property=\"og:site_name\" content=\"Jornal das Oficinas\" \/>\n<meta property=\"article:publisher\" content=\"https:\/\/www.facebook.com\/jornaloficinas\" \/>\n<meta property=\"article:published_time\" content=\"2025-05-13T15:00:25+00:00\" \/>\n<meta property=\"article:modified_time\" content=\"2025-05-15T10:59:35+00:00\" \/>\n<meta property=\"og:image\" content=\"https:\/\/jornaldasoficinas.com\/pt\/wp-content\/uploads\/2025\/05\/NAPA-celebra-100-anos-no-Circuito-de-Narrava-copy.jpg\" \/>\n\t<meta property=\"og:image:width\" content=\"1024\" \/>\n\t<meta property=\"og:image:height\" content=\"581\" \/>\n\t<meta property=\"og:image:type\" content=\"image\/jpeg\" \/>\n<meta name=\"author\" content=\"Reda\u00e7\u00e3o JO\" \/>\n<meta name=\"twitter:card\" content=\"summary_large_image\" \/>\n<meta name=\"twitter:creator\" content=\"@jornaloficinas\" \/>\n<meta name=\"twitter:site\" content=\"@jornaloficinas\" \/>\n<meta name=\"twitter:label1\" content=\"Escrito por\" \/>\n\t<meta name=\"twitter:data1\" content=\"Reda\u00e7\u00e3o JO\" \/>\n\t<meta name=\"twitter:label2\" content=\"Tempo estimado de leitura\" \/>\n\t<meta name=\"twitter:data2\" content=\"3 minutos\" \/>\n<script type=\"application\/ld+json\" class=\"yoast-schema-graph\">{\"@context\":\"https:\\\/\\\/schema.org\",\"@graph\":[{\"@type\":\"Article\",\"@id\":\"https:\\\/\\\/jornaldasoficinas.com\\\/pt\\\/napa-celebra-100-anos-no-circuito-de-narrava\\\/#article\",\"isPartOf\":{\"@id\":\"https:\\\/\\\/jornaldasoficinas.com\\\/pt\\\/napa-celebra-100-anos-no-circuito-de-narrava\\\/\"},\"author\":{\"name\":\"Reda\u00e7\u00e3o JO\",\"@id\":\"https:\\\/\\\/jornaldasoficinas.com\\\/pt\\\/#\\\/schema\\\/person\\\/a38eef5de2c41d9e7c9ac10141afddf3\"},\"headline\":\"NAPA celebra 100 anos no Circuito de Navarra\",\"datePublished\":\"2025-05-13T15:00:25+00:00\",\"dateModified\":\"2025-05-15T10:59:35+00:00\",\"mainEntityOfPage\":{\"@id\":\"https:\\\/\\\/jornaldasoficinas.com\\\/pt\\\/napa-celebra-100-anos-no-circuito-de-narrava\\\/\"},\"wordCount\":346,\"publisher\":{\"@id\":\"https:\\\/\\\/jornaldasoficinas.com\\\/pt\\\/#organization\"},\"image\":{\"@id\":\"https:\\\/\\\/jornaldasoficinas.com\\\/pt\\\/napa-celebra-100-anos-no-circuito-de-narrava\\\/#primaryimage\"},\"thumbnailUrl\":\"https:\\\/\\\/jornaldasoficinas.com\\\/pt\\\/wp-content\\\/uploads\\\/2025\\\/05\\\/NAPA-celebra-100-anos-no-Circuito-de-Narrava-copy.jpg\",\"keywords\":[\"100 anos\",\"Anivers\u00e1rio\",\"Circuito de Navarra\",\"desporto motorizado\",\"Evento\",\"NAPA\",\"NAPA Racing Weekend\"],\"articleSection\":[\"Empresas\"],\"inLanguage\":\"pt-PT\"},{\"@type\":\"WebPage\",\"@id\":\"https:\\\/\\\/jornaldasoficinas.com\\\/pt\\\/napa-celebra-100-anos-no-circuito-de-narrava\\\/\",\"url\":\"https:\\\/\\\/jornaldasoficinas.com\\\/pt\\\/napa-celebra-100-anos-no-circuito-de-narrava\\\/\",\"name\":\"NAPA celebra 100 anos no Circuito de Navarra - Jornal das Oficinas\",\"isPartOf\":{\"@id\":\"https:\\\/\\\/jornaldasoficinas.com\\\/pt\\\/#website\"},\"primaryImageOfPage\":{\"@id\":\"https:\\\/\\\/jornaldasoficinas.com\\\/pt\\\/napa-celebra-100-anos-no-circuito-de-narrava\\\/#primaryimage\"},\"image\":{\"@id\":\"https:\\\/\\\/jornaldasoficinas.com\\\/pt\\\/napa-celebra-100-anos-no-circuito-de-narrava\\\/#primaryimage\"},\"thumbnailUrl\":\"https:\\\/\\\/jornaldasoficinas.com\\\/pt\\\/wp-content\\\/uploads\\\/2025\\\/05\\\/NAPA-celebra-100-anos-no-Circuito-de-Narrava-copy.jpg\",\"datePublished\":\"2025-05-13T15:00:25+00:00\",\"dateModified\":\"2025-05-15T10:59:35+00:00\",\"description\":\"A NAPA comemorou o seu 100.\u00ba anivers\u00e1rio com um evento inesquec\u00edvel no Circuito de Navarra, reunindo milhares de f\u00e3s e fam\u00edlias\",\"breadcrumb\":{\"@id\":\"https:\\\/\\\/jornaldasoficinas.com\\\/pt\\\/napa-celebra-100-anos-no-circuito-de-narrava\\\/#breadcrumb\"},\"inLanguage\":\"pt-PT\",\"potentialAction\":[{\"@type\":\"ReadAction\",\"target\":[\"https:\\\/\\\/jornaldasoficinas.com\\\/pt\\\/napa-celebra-100-anos-no-circuito-de-narrava\\\/\"]}]},{\"@type\":\"ImageObject\",\"inLanguage\":\"pt-PT\",\"@id\":\"https:\\\/\\\/jornaldasoficinas.com\\\/pt\\\/napa-celebra-100-anos-no-circuito-de-narrava\\\/#primaryimage\",\"url\":\"https:\\\/\\\/jornaldasoficinas.com\\\/pt\\\/wp-content\\\/uploads\\\/2025\\\/05\\\/NAPA-celebra-100-anos-no-Circuito-de-Narrava-copy.jpg\",\"contentUrl\":\"https:\\\/\\\/jornaldasoficinas.com\\\/pt\\\/wp-content\\\/uploads\\\/2025\\\/05\\\/NAPA-celebra-100-anos-no-Circuito-de-Narrava-copy.jpg\",\"width\":1024,\"height\":581,\"caption\":\"05 - NAPA celebra 100 anos no Circuito de Narrava copy\"},{\"@type\":\"BreadcrumbList\",\"@id\":\"https:\\\/\\\/jornaldasoficinas.com\\\/pt\\\/napa-celebra-100-anos-no-circuito-de-narrava\\\/#breadcrumb\",\"itemListElement\":[{\"@type\":\"ListItem\",\"position\":1,\"name\":\"In\u00edcio\",\"item\":\"https:\\\/\\\/jornaldasoficinas.com\\\/pt\\\/\"},{\"@type\":\"ListItem\",\"position\":2,\"name\":\"NAPA celebra 100 anos no Circuito de Navarra\"}]},{\"@type\":\"WebSite\",\"@id\":\"https:\\\/\\\/jornaldasoficinas.com\\\/pt\\\/#website\",\"url\":\"https:\\\/\\\/jornaldasoficinas.com\\\/pt\\\/\",\"name\":\"Jornal das Oficinas\",\"description\":\"Jornal independente do Aftermarket Autom\u00f3vel em Portugal\",\"publisher\":{\"@id\":\"https:\\\/\\\/jornaldasoficinas.com\\\/pt\\\/#organization\"},\"potentialAction\":[{\"@type\":\"SearchAction\",\"target\":{\"@type\":\"EntryPoint\",\"urlTemplate\":\"https:\\\/\\\/jornaldasoficinas.com\\\/pt\\\/?s={search_term_string}\"},\"query-input\":{\"@type\":\"PropertyValueSpecification\",\"valueRequired\":true,\"valueName\":\"search_term_string\"}}],\"inLanguage\":\"pt-PT\"},{\"@type\":\"Organization\",\"@id\":\"https:\\\/\\\/jornaldasoficinas.com\\\/pt\\\/#organization\",\"name\":\"Jornal das Oficinas\",\"url\":\"https:\\\/\\\/jornaldasoficinas.com\\\/pt\\\/\",\"logo\":{\"@type\":\"ImageObject\",\"inLanguage\":\"pt-PT\",\"@id\":\"https:\\\/\\\/jornaldasoficinas.com\\\/pt\\\/#\\\/schema\\\/logo\\\/image\\\/\",\"url\":\"https:\\\/\\\/jornaldasoficinas.com\\\/pt\\\/wp-content\\\/uploads\\\/logoJO-SEO.png\",\"contentUrl\":\"https:\\\/\\\/jornaldasoficinas.com\\\/pt\\\/wp-content\\\/uploads\\\/logoJO-SEO.png\",\"width\":285,\"height\":450,\"caption\":\"Jornal das Oficinas\"},\"image\":{\"@id\":\"https:\\\/\\\/jornaldasoficinas.com\\\/pt\\\/#\\\/schema\\\/logo\\\/image\\\/\"},\"sameAs\":[\"https:\\\/\\\/www.facebook.com\\\/jornaloficinas\",\"https:\\\/\\\/x.com\\\/jornaloficinas\",\"https:\\\/\\\/www.instagram.com\\\/jornal_oficinas\\\/\",\"https:\\\/\\\/www.linkedin.com\\\/company\\\/jornal-das-oficinas\\\/\",\"https:\\\/\\\/www.youtube.com\\\/channel\\\/UCbQZBqtcvV-oSQrr7RzINGg\"]},{\"@type\":\"Person\",\"@id\":\"https:\\\/\\\/jornaldasoficinas.com\\\/pt\\\/#\\\/schema\\\/person\\\/a38eef5de2c41d9e7c9ac10141afddf3\",\"name\":\"Reda\u00e7\u00e3o JO\",\"image\":{\"@type\":\"ImageObject\",\"inLanguage\":\"pt-PT\",\"@id\":\"https:\\\/\\\/secure.gravatar.com\\\/avatar\\\/71f2fa71737ad68a84fea94bc708ddac8ea5b0c4788dc2ad202f3ccb2887742f?s=96&d=wp_user_avatar&r=g\",\"url\":\"https:\\\/\\\/secure.gravatar.com\\\/avatar\\\/71f2fa71737ad68a84fea94bc708ddac8ea5b0c4788dc2ad202f3ccb2887742f?s=96&d=wp_user_avatar&r=g\",\"contentUrl\":\"https:\\\/\\\/secure.gravatar.com\\\/avatar\\\/71f2fa71737ad68a84fea94bc708ddac8ea5b0c4788dc2ad202f3ccb2887742f?s=96&d=wp_user_avatar&r=g\",\"caption\":\"Reda\u00e7\u00e3o JO\"},\"url\":\"https:\\\/\\\/jornaldasoficinas.com\\\/pt\\\/author\\\/joredacao\\\/\"}]}<\/script>\n<!-- \/ Yoast SEO plugin. -->","yoast_head_json":{"title":"NAPA celebra 100 anos no Circuito de Navarra - Jornal das Oficinas","description":"A NAPA comemorou o seu 100.\u00ba anivers\u00e1rio com um evento inesquec\u00edvel no Circuito de Navarra, reunindo milhares de f\u00e3s e fam\u00edlias","robots":{"index":"index","follow":"follow","max-snippet":"max-snippet:-1","max-image-preview":"max-image-preview:large","max-video-preview":"max-video-preview:-1"},"canonical":"https:\/\/jornaldasoficinas.com\/pt\/napa-celebra-100-anos-no-circuito-de-narrava\/","og_locale":"pt_PT","og_type":"article","og_title":"NAPA celebra 100 anos no Circuito de Navarra - Jornal das Oficinas","og_description":"A NAPA comemorou o seu 100.\u00ba anivers\u00e1rio com um evento inesquec\u00edvel no Circuito de Navarra, reunindo milhares de f\u00e3s e fam\u00edlias","og_url":"https:\/\/jornaldasoficinas.com\/pt\/napa-celebra-100-anos-no-circuito-de-narrava\/","og_site_name":"Jornal das Oficinas","article_publisher":"https:\/\/www.facebook.com\/jornaloficinas","article_published_time":"2025-05-13T15:00:25+00:00","article_modified_time":"2025-05-15T10:59:35+00:00","og_image":[{"width":1024,"height":581,"url":"https:\/\/jornaldasoficinas.com\/pt\/wp-content\/uploads\/2025\/05\/NAPA-celebra-100-anos-no-Circuito-de-Narrava-copy.jpg","type":"image\/jpeg"}],"author":"Reda\u00e7\u00e3o JO","twitter_card":"summary_large_image","twitter_creator":"@jornaloficinas","twitter_site":"@jornaloficinas","twitter_misc":{"Escrito por":"Reda\u00e7\u00e3o JO","Tempo estimado de leitura":"3 minutos"},"schema":{"@context":"https:\/\/schema.org","@graph":[{"@type":"Article","@id":"https:\/\/jornaldasoficinas.com\/pt\/napa-celebra-100-anos-no-circuito-de-narrava\/#article","isPartOf":{"@id":"https:\/\/jornaldasoficinas.com\/pt\/napa-celebra-100-anos-no-circuito-de-narrava\/"},"author":{"name":"Reda\u00e7\u00e3o JO","@id":"https:\/\/jornaldasoficinas.com\/pt\/#\/schema\/person\/a38eef5de2c41d9e7c9ac10141afddf3"},"headline":"NAPA celebra 100 anos no Circuito de Navarra","datePublished":"2025-05-13T15:00:25+00:00","dateModified":"2025-05-15T10:59:35+00:00","mainEntityOfPage":{"@id":"https:\/\/jornaldasoficinas.com\/pt\/napa-celebra-100-anos-no-circuito-de-narrava\/"},"wordCount":346,"publisher":{"@id":"https:\/\/jornaldasoficinas.com\/pt\/#organization"},"image":{"@id":"https:\/\/jornaldasoficinas.com\/pt\/napa-celebra-100-anos-no-circuito-de-narrava\/#primaryimage"},"thumbnailUrl":"https:\/\/jornaldasoficinas.com\/pt\/wp-content\/uploads\/2025\/05\/NAPA-celebra-100-anos-no-Circuito-de-Narrava-copy.jpg","keywords":["100 anos","Anivers\u00e1rio","Circuito de Navarra","desporto motorizado","Evento","NAPA","NAPA Racing Weekend"],"articleSection":["Empresas"],"inLanguage":"pt-PT"},{"@type":"WebPage","@id":"https:\/\/jornaldasoficinas.com\/pt\/napa-celebra-100-anos-no-circuito-de-narrava\/","url":"https:\/\/jornaldasoficinas.com\/pt\/napa-celebra-100-anos-no-circuito-de-narrava\/","name":"NAPA celebra 100 anos no Circuito de Navarra - Jornal das Oficinas","isPartOf":{"@id":"https:\/\/jornaldasoficinas.com\/pt\/#website"},"primaryImageOfPage":{"@id":"https:\/\/jornaldasoficinas.com\/pt\/napa-celebra-100-anos-no-circuito-de-narrava\/#primaryimage"},"image":{"@id":"https:\/\/jornaldasoficinas.com\/pt\/napa-celebra-100-anos-no-circuito-de-narrava\/#primaryimage"},"thumbnailUrl":"https:\/\/jornaldasoficinas.com\/pt\/wp-content\/uploads\/2025\/05\/NAPA-celebra-100-anos-no-Circuito-de-Narrava-copy.jpg","datePublished":"2025-05-13T15:00:25+00:00","dateModified":"2025-05-15T10:59:35+00:00","description":"A NAPA comemorou o seu 100.\u00ba anivers\u00e1rio com um evento inesquec\u00edvel no Circuito de Navarra, reunindo milhares de f\u00e3s e fam\u00edlias","breadcrumb":{"@id":"https:\/\/jornaldasoficinas.com\/pt\/napa-celebra-100-anos-no-circuito-de-narrava\/#breadcrumb"},"inLanguage":"pt-PT","potentialAction":[{"@type":"ReadAction","target":["https:\/\/jornaldasoficinas.com\/pt\/napa-celebra-100-anos-no-circuito-de-narrava\/"]}]},{"@type":"ImageObject","inLanguage":"pt-PT","@id":"https:\/\/jornaldasoficinas.com\/pt\/napa-celebra-100-anos-no-circuito-de-narrava\/#primaryimage","url":"https:\/\/jornaldasoficinas.com\/pt\/wp-content\/uploads\/2025\/05\/NAPA-celebra-100-anos-no-Circuito-de-Narrava-copy.jpg","contentUrl":"https:\/\/jornaldasoficinas.com\/pt\/wp-content\/uploads\/2025\/05\/NAPA-celebra-100-anos-no-Circuito-de-Narrava-copy.jpg","width":1024,"height":581,"caption":"05 - NAPA celebra 100 anos no Circuito de Narrava copy"},{"@type":"BreadcrumbList","@id":"https:\/\/jornaldasoficinas.com\/pt\/napa-celebra-100-anos-no-circuito-de-narrava\/#breadcrumb","itemListElement":[{"@type":"ListItem","position":1,"name":"In\u00edcio","item":"https:\/\/jornaldasoficinas.com\/pt\/"},{"@type":"ListItem","position":2,"name":"NAPA celebra 100 anos no Circuito de Navarra"}]},{"@type":"WebSite","@id":"https:\/\/jornaldasoficinas.com\/pt\/#website","url":"https:\/\/jornaldasoficinas.com\/pt\/","name":"Jornal das Oficinas","description":"Jornal independente do Aftermarket Autom\u00f3vel em Portugal","publisher":{"@id":"https:\/\/jornaldasoficinas.com\/pt\/#organization"},"potentialAction":[{"@type":"SearchAction","target":{"@type":"EntryPoint","urlTemplate":"https:\/\/jornaldasoficinas.com\/pt\/?s={search_term_string}"},"query-input":{"@type":"PropertyValueSpecification","valueRequired":true,"valueName":"search_term_string"}}],"inLanguage":"pt-PT"},{"@type":"Organization","@id":"https:\/\/jornaldasoficinas.com\/pt\/#organization","name":"Jornal das Oficinas","url":"https:\/\/jornaldasoficinas.com\/pt\/","logo":{"@type":"ImageObject","inLanguage":"pt-PT","@id":"https:\/\/jornaldasoficinas.com\/pt\/#\/schema\/logo\/image\/","url":"https:\/\/jornaldasoficinas.com\/pt\/wp-content\/uploads\/logoJO-SEO.png","contentUrl":"https:\/\/jornaldasoficinas.com\/pt\/wp-content\/uploads\/logoJO-SEO.png","width":285,"height":450,"caption":"Jornal das Oficinas"},"image":{"@id":"https:\/\/jornaldasoficinas.com\/pt\/#\/schema\/logo\/image\/"},"sameAs":["https:\/\/www.facebook.com\/jornaloficinas","https:\/\/x.com\/jornaloficinas","https:\/\/www.instagram.com\/jornal_oficinas\/","https:\/\/www.linkedin.com\/company\/jornal-das-oficinas\/","https:\/\/www.youtube.com\/channel\/UCbQZBqtcvV-oSQrr7RzINGg"]},{"@type":"Person","@id":"https:\/\/jornaldasoficinas.com\/pt\/#\/schema\/person\/a38eef5de2c41d9e7c9ac10141afddf3","name":"Reda\u00e7\u00e3o JO","image":{"@type":"ImageObject","inLanguage":"pt-PT","@id":"https:\/\/secure.gravatar.com\/avatar\/71f2fa71737ad68a84fea94bc708ddac8ea5b0c4788dc2ad202f3ccb2887742f?s=96&d=wp_user_avatar&r=g","url":"https:\/\/secure.gravatar.com\/avatar\/71f2fa71737ad68a84fea94bc708ddac8ea5b0c4788dc2ad202f3ccb2887742f?s=96&d=wp_user_avatar&r=g","contentUrl":"https:\/\/secure.gravatar.com\/avatar\/71f2fa71737ad68a84fea94bc708ddac8ea5b0c4788dc2ad202f3ccb2887742f?s=96&d=wp_user_avatar&r=g","caption":"Reda\u00e7\u00e3o JO"},"url":"https:\/\/jornaldasoficinas.com\/pt\/author\/joredacao\/"}]}},"_links":{"self":[{"href":"https:\/\/jornaldasoficinas.com\/pt\/wp-json\/wp\/v2\/posts\/101704","targetHints":{"allow":["GET"]}}],"collection":[{"href":"https:\/\/jornaldasoficinas.com\/pt\/wp-json\/wp\/v2\/posts"}],"about":[{"href":"https:\/\/jornaldasoficinas.com\/pt\/wp-json\/wp\/v2\/types\/post"}],"author":[{"embeddable":true,"href":"https:\/\/jornaldasoficinas.com\/pt\/wp-json\/wp\/v2\/users\/15"}],"replies":[{"embeddable":true,"href":"https:\/\/jornaldasoficinas.com\/pt\/wp-json\/wp\/v2\/comments?post=101704"}],"version-history":[{"count":8,"href":"https:\/\/jornaldasoficinas.com\/pt\/wp-json\/wp\/v2\/posts\/101704\/revisions"}],"predecessor-version":[{"id":101992,"href":"https:\/\/jornaldasoficinas.com\/pt\/wp-json\/wp\/v2\/posts\/101704\/revisions\/101992"}],"wp:featuredmedia":[{"embeddable":true,"href":"https:\/\/jornaldasoficinas.com\/pt\/wp-json\/wp\/v2\/media\/101748"}],"wp:attachment":[{"href":"https:\/\/jornaldasoficinas.com\/pt\/wp-json\/wp\/v2\/media?parent=101704"}],"wp:term":[{"taxonomy":"category","embeddable":true,"href":"https:\/\/jornaldasoficinas.com\/pt\/wp-json\/wp\/v2\/categories?post=101704"},{"taxonomy":"post_tag","embeddable":true,"href":"https:\/\/jornaldasoficinas.com\/pt\/wp-json\/wp\/v2\/tags?post=101704"}],"curies":[{"name":"wp","href":"https:\/\/api.w.org\/{rel}","templated":true}]}}