{"id":101707,"date":"2025-05-14T08:00:36","date_gmt":"2025-05-14T07:00:36","guid":{"rendered":"https:\/\/jornaldasoficinas.com\/pt\/?p=101707"},"modified":"2025-05-09T11:11:07","modified_gmt":"2025-05-09T10:11:07","slug":"tja-reforca-aposta-na-mobilidade-sustentavel-com-camioes-man","status":"publish","type":"post","link":"https:\/\/jornaldasoficinas.com\/pt\/tja-reforca-aposta-na-mobilidade-sustentavel-com-camioes-man\/","title":{"rendered":"TJA refor\u00e7a aposta na mobilidade sustent\u00e1vel com cami\u00f5es MAN"},"content":{"rendered":"<p><strong><img loading=\"lazy\" decoding=\"async\" class=\"alignnone size-full wp-image-101726\" src=\"https:\/\/jornaldasoficinas.com\/pt\/wp-content\/uploads\/2025\/05\/TJA-reforca-aposta-na-mobilidade-sustentavel-com-camioes-MAN.jpg\" alt=\"05 - TJA reforca aposta na mobilidade sustentavel com camioes MAN\" width=\"1024\" height=\"581\" srcset=\"https:\/\/jornaldasoficinas.com\/pt\/wp-content\/uploads\/2025\/05\/TJA-reforca-aposta-na-mobilidade-sustentavel-com-camioes-MAN.jpg 1024w, https:\/\/jornaldasoficinas.com\/pt\/wp-content\/uploads\/2025\/05\/TJA-reforca-aposta-na-mobilidade-sustentavel-com-camioes-MAN-300x170.jpg 300w, https:\/\/jornaldasoficinas.com\/pt\/wp-content\/uploads\/2025\/05\/TJA-reforca-aposta-na-mobilidade-sustentavel-com-camioes-MAN-150x85.jpg 150w, https:\/\/jornaldasoficinas.com\/pt\/wp-content\/uploads\/2025\/05\/TJA-reforca-aposta-na-mobilidade-sustentavel-com-camioes-MAN-768x436.jpg 768w\" sizes=\"auto, (max-width: 1024px) 100vw, 1024px\" \/><\/strong><\/p>\n<p><strong>A <a href=\"https:\/\/www.tja.pt\/pt\/\" target=\"_blank\" rel=\"noopener\">TJA &#8211; Transportes J. Amaral, S.A.<\/a> adquiriu dois cami\u00f5es el\u00e9tricos MAN eTGX, refor\u00e7ando a sua estrat\u00e9gia de descarboniza\u00e7\u00e3o e a parceria com a <a href=\"https:\/\/www.man.eu\/\" target=\"_blank\" rel=\"noopener\">MAN Truck &amp; Bus Portugal<\/a><\/strong><\/p>\n<p>A TJA \u2013 Transportes J. Amaral, S.A. deu mais um passo na sua estrat\u00e9gia de mobilidade sustent\u00e1vel com a aquisi\u00e7\u00e3o de dois novos cami\u00f5es el\u00e9tricos MAN eTGX, refor\u00e7ando a parceria de longa data com a MAN Truck &amp; Bus Portugal. Esta colabora\u00e7\u00e3o assenta na confian\u00e7a, qualidade e num compromisso partilhado com um futuro mais verde.<\/p>\n<p>Pioneira na ado\u00e7\u00e3o de solu\u00e7\u00f5es de transporte livre de emiss\u00f5es de CO2, a TJA lidera a transi\u00e7\u00e3o para a mobilidade el\u00e9trica no setor. Em 2022, integrou o seu primeiro MAN eTGM, assinalando um marco importante na redu\u00e7\u00e3o da sua pegada de carbono. Agora, com a chegada dos MAN eTGX, renova o seu compromisso com a sustentabilidade e a inova\u00e7\u00e3o tecnol\u00f3gica.<\/p>\n<p>&#8220;Mais do que uma renova\u00e7\u00e3o de frota, este \u00e9 um passo firme no nosso compromisso com o futuro e com a sustentabilidade&#8221;, afirmou Jo\u00e3o Miguel Amaral, administrador da TJA. O respons\u00e1vel sublinhou ainda que esta transi\u00e7\u00e3o foi inicialmente motivada por um desafio lan\u00e7ado pela Simoldes, numa rota at\u00e9 ent\u00e3o efetuada com ve\u00edculos a diesel. Para dar resposta, a TJA contou com o apoio da MAN e da GALP, que instalou um carregador el\u00e9trico nas suas instala\u00e7\u00f5es em Estarreja.<\/p>\n<p><strong>Uma hist\u00f3ria de inova\u00e7\u00e3o<\/strong><\/p>\n<p>Fundada em 1947, a TJA \u00e9 uma refer\u00eancia nacional no setor dos transportes, com mais de 2000 colaboradores e uma frota superior a 1000 viaturas. Opera tanto em Portugal como na Uni\u00e3o Europeia, destacando-se pelo cumprimento rigoroso das normas de qualidade e seguran\u00e7a, e pela aposta cont\u00ednua em tecnologia de ponta.<\/p>\n<p><strong>MAN eTGX: desempenho e sustentabilidade<\/strong><\/p>\n<p>Os novos cami\u00f5es el\u00e9tricos MAN eTGX s\u00e3o a mais recente aposta da marca para o transporte de longo curso. Com cerca de 500 km de autonomia sem necessidade de carregamentos interm\u00e9dios e carregamento de alta pot\u00eancia, oferecem elevada efici\u00eancia energ\u00e9tica e operacional.<\/p>\n<p>Entre as principais vantagens est\u00e3o o conforto das cabinas, sistemas de propuls\u00e3o at\u00e9 400 kW com travagem regenerativa, custos operacionais reduzidos e uma potencial paridade de custo total com os cami\u00f5es diesel em apenas quatro anos. Os ve\u00edculos garantem ainda seguran\u00e7a refor\u00e7ada, com baterias protegidas, mecanismos de desconex\u00e3o autom\u00e1tica e monitoriza\u00e7\u00e3o constante.<\/p>\n<p>Adicionalmente, operam com zero emiss\u00f5es de CO2 e n\u00edveis de ru\u00eddo significativamente inferiores, contribuindo para ambientes urbanos mais limpos e silenciosos.<\/p>\n<p><strong>Parceria com impacto<\/strong><\/p>\n<p>A MAN Truck &amp; Bus Portugal congratula-se por fazer parte desta transforma\u00e7\u00e3o. &#8220;Acreditamos que a transi\u00e7\u00e3o energ\u00e9tica s\u00f3 \u00e9 poss\u00edvel com o envolvimento dos nossos clientes e parceiros&#8221;, referiu David Carlos, diretor geral da empresa. &#8220;Equipados com baterias de \u00faltima gera\u00e7\u00e3o e servi\u00e7os digitais avan\u00e7ados, os eTGX oferecem uma opera\u00e7\u00e3o eficiente e sustent\u00e1vel&#8221;, acrescentou.<\/p>\n<p>Com esta nova aquisi\u00e7\u00e3o, a TJA refor\u00e7a o seu papel como operador de refer\u00eancia no setor e d\u00e1 mais um passo firme rumo a um modelo de transporte mais ecol\u00f3gico e inovador.<\/p>\n","protected":false},"excerpt":{"rendered":"<p>A TJA &#8211; Transportes J. Amaral,&#8230;<\/p>\n","protected":false},"author":15,"featured_media":101726,"comment_status":"closed","ping_status":"closed","sticky":false,"template":"","format":"standard","meta":{"footnotes":""},"categories":[36],"tags":[1503,3003,12687,3217,1767,11681,12688],"class_list":["post-101707","post","type-post","status-publish","format-standard","has-post-thumbnail","hentry","category-pesados","tag-camioes-eletricos","tag-descarbonizacao","tag-man-truck-bus-portugal","tag-parceria","tag-sustentabilidade","tag-tja","tag-transporte-sem-emissoes"],"yoast_head":"<!-- This site is optimized with the Yoast SEO plugin v27.4 - https:\/\/yoast.com\/product\/yoast-seo-wordpress\/ -->\n<title>TJA refor\u00e7a aposta na mobilidade sustent\u00e1vel com cami\u00f5es MAN - Jornal das Oficinas<\/title>\n<meta name=\"description\" content=\"A TJA adquiriu dois cami\u00f5es el\u00e9tricos MAN eTGX, refor\u00e7ando a sua estrat\u00e9gia de descarboniza\u00e7\u00e3o e a parceria com a MAN Truck &amp; Bus Portugal\" \/>\n<meta name=\"robots\" content=\"index, follow, max-snippet:-1, max-image-preview:large, max-video-preview:-1\" \/>\n<link rel=\"canonical\" href=\"https:\/\/jornaldasoficinas.com\/pt\/tja-reforca-aposta-na-mobilidade-sustentavel-com-camioes-man\/\" \/>\n<meta property=\"og:locale\" content=\"pt_PT\" \/>\n<meta property=\"og:type\" content=\"article\" \/>\n<meta property=\"og:title\" content=\"TJA refor\u00e7a aposta na mobilidade sustent\u00e1vel com cami\u00f5es MAN - Jornal das Oficinas\" \/>\n<meta property=\"og:description\" content=\"A TJA adquiriu dois cami\u00f5es el\u00e9tricos MAN eTGX, refor\u00e7ando a sua estrat\u00e9gia de descarboniza\u00e7\u00e3o e a parceria com a MAN Truck &amp; Bus Portugal\" \/>\n<meta property=\"og:url\" content=\"https:\/\/jornaldasoficinas.com\/pt\/tja-reforca-aposta-na-mobilidade-sustentavel-com-camioes-man\/\" \/>\n<meta property=\"og:site_name\" content=\"Jornal das Oficinas\" \/>\n<meta property=\"article:publisher\" content=\"https:\/\/www.facebook.com\/jornaloficinas\" \/>\n<meta property=\"article:published_time\" content=\"2025-05-14T07:00:36+00:00\" \/>\n<meta property=\"og:image\" content=\"https:\/\/jornaldasoficinas.com\/pt\/wp-content\/uploads\/2025\/05\/TJA-reforca-aposta-na-mobilidade-sustentavel-com-camioes-MAN.jpg\" \/>\n\t<meta property=\"og:image:width\" content=\"1024\" \/>\n\t<meta property=\"og:image:height\" content=\"581\" \/>\n\t<meta property=\"og:image:type\" content=\"image\/jpeg\" \/>\n<meta name=\"author\" content=\"Reda\u00e7\u00e3o JO\" \/>\n<meta name=\"twitter:card\" content=\"summary_large_image\" \/>\n<meta name=\"twitter:creator\" content=\"@jornaloficinas\" \/>\n<meta name=\"twitter:site\" content=\"@jornaloficinas\" \/>\n<meta name=\"twitter:label1\" content=\"Escrito por\" \/>\n\t<meta name=\"twitter:data1\" content=\"Reda\u00e7\u00e3o JO\" \/>\n\t<meta name=\"twitter:label2\" content=\"Tempo estimado de leitura\" \/>\n\t<meta name=\"twitter:data2\" content=\"3 minutos\" \/>\n<script type=\"application\/ld+json\" class=\"yoast-schema-graph\">{\"@context\":\"https:\\\/\\\/schema.org\",\"@graph\":[{\"@type\":\"Article\",\"@id\":\"https:\\\/\\\/jornaldasoficinas.com\\\/pt\\\/tja-reforca-aposta-na-mobilidade-sustentavel-com-camioes-man\\\/#article\",\"isPartOf\":{\"@id\":\"https:\\\/\\\/jornaldasoficinas.com\\\/pt\\\/tja-reforca-aposta-na-mobilidade-sustentavel-com-camioes-man\\\/\"},\"author\":{\"name\":\"Reda\u00e7\u00e3o JO\",\"@id\":\"https:\\\/\\\/jornaldasoficinas.com\\\/pt\\\/#\\\/schema\\\/person\\\/a38eef5de2c41d9e7c9ac10141afddf3\"},\"headline\":\"TJA refor\u00e7a aposta na mobilidade sustent\u00e1vel com cami\u00f5es MAN\",\"datePublished\":\"2025-05-14T07:00:36+00:00\",\"mainEntityOfPage\":{\"@id\":\"https:\\\/\\\/jornaldasoficinas.com\\\/pt\\\/tja-reforca-aposta-na-mobilidade-sustentavel-com-camioes-man\\\/\"},\"wordCount\":558,\"publisher\":{\"@id\":\"https:\\\/\\\/jornaldasoficinas.com\\\/pt\\\/#organization\"},\"image\":{\"@id\":\"https:\\\/\\\/jornaldasoficinas.com\\\/pt\\\/tja-reforca-aposta-na-mobilidade-sustentavel-com-camioes-man\\\/#primaryimage\"},\"thumbnailUrl\":\"https:\\\/\\\/jornaldasoficinas.com\\\/pt\\\/wp-content\\\/uploads\\\/2025\\\/05\\\/TJA-reforca-aposta-na-mobilidade-sustentavel-com-camioes-MAN.jpg\",\"keywords\":[\"Cami\u00f5es el\u00e9tricos\",\"descarboniza\u00e7\u00e3o\",\"MAN Truck &amp; Bus Portugal\",\"Parceria\",\"Sustentabilidade\",\"TJA\",\"transporte sem emiss\u00f5es\"],\"articleSection\":[\"Pesados\"],\"inLanguage\":\"pt-PT\"},{\"@type\":\"WebPage\",\"@id\":\"https:\\\/\\\/jornaldasoficinas.com\\\/pt\\\/tja-reforca-aposta-na-mobilidade-sustentavel-com-camioes-man\\\/\",\"url\":\"https:\\\/\\\/jornaldasoficinas.com\\\/pt\\\/tja-reforca-aposta-na-mobilidade-sustentavel-com-camioes-man\\\/\",\"name\":\"TJA refor\u00e7a aposta na mobilidade sustent\u00e1vel com cami\u00f5es MAN - Jornal das Oficinas\",\"isPartOf\":{\"@id\":\"https:\\\/\\\/jornaldasoficinas.com\\\/pt\\\/#website\"},\"primaryImageOfPage\":{\"@id\":\"https:\\\/\\\/jornaldasoficinas.com\\\/pt\\\/tja-reforca-aposta-na-mobilidade-sustentavel-com-camioes-man\\\/#primaryimage\"},\"image\":{\"@id\":\"https:\\\/\\\/jornaldasoficinas.com\\\/pt\\\/tja-reforca-aposta-na-mobilidade-sustentavel-com-camioes-man\\\/#primaryimage\"},\"thumbnailUrl\":\"https:\\\/\\\/jornaldasoficinas.com\\\/pt\\\/wp-content\\\/uploads\\\/2025\\\/05\\\/TJA-reforca-aposta-na-mobilidade-sustentavel-com-camioes-MAN.jpg\",\"datePublished\":\"2025-05-14T07:00:36+00:00\",\"description\":\"A TJA adquiriu dois cami\u00f5es el\u00e9tricos MAN eTGX, refor\u00e7ando a sua estrat\u00e9gia de descarboniza\u00e7\u00e3o e a parceria com a MAN Truck & Bus Portugal\",\"breadcrumb\":{\"@id\":\"https:\\\/\\\/jornaldasoficinas.com\\\/pt\\\/tja-reforca-aposta-na-mobilidade-sustentavel-com-camioes-man\\\/#breadcrumb\"},\"inLanguage\":\"pt-PT\",\"potentialAction\":[{\"@type\":\"ReadAction\",\"target\":[\"https:\\\/\\\/jornaldasoficinas.com\\\/pt\\\/tja-reforca-aposta-na-mobilidade-sustentavel-com-camioes-man\\\/\"]}]},{\"@type\":\"ImageObject\",\"inLanguage\":\"pt-PT\",\"@id\":\"https:\\\/\\\/jornaldasoficinas.com\\\/pt\\\/tja-reforca-aposta-na-mobilidade-sustentavel-com-camioes-man\\\/#primaryimage\",\"url\":\"https:\\\/\\\/jornaldasoficinas.com\\\/pt\\\/wp-content\\\/uploads\\\/2025\\\/05\\\/TJA-reforca-aposta-na-mobilidade-sustentavel-com-camioes-MAN.jpg\",\"contentUrl\":\"https:\\\/\\\/jornaldasoficinas.com\\\/pt\\\/wp-content\\\/uploads\\\/2025\\\/05\\\/TJA-reforca-aposta-na-mobilidade-sustentavel-com-camioes-MAN.jpg\",\"width\":1024,\"height\":581,\"caption\":\"05 - TJA reforca aposta na mobilidade sustentavel com camioes MAN\"},{\"@type\":\"BreadcrumbList\",\"@id\":\"https:\\\/\\\/jornaldasoficinas.com\\\/pt\\\/tja-reforca-aposta-na-mobilidade-sustentavel-com-camioes-man\\\/#breadcrumb\",\"itemListElement\":[{\"@type\":\"ListItem\",\"position\":1,\"name\":\"In\u00edcio\",\"item\":\"https:\\\/\\\/jornaldasoficinas.com\\\/pt\\\/\"},{\"@type\":\"ListItem\",\"position\":2,\"name\":\"TJA refor\u00e7a aposta na mobilidade sustent\u00e1vel com cami\u00f5es MAN\"}]},{\"@type\":\"WebSite\",\"@id\":\"https:\\\/\\\/jornaldasoficinas.com\\\/pt\\\/#website\",\"url\":\"https:\\\/\\\/jornaldasoficinas.com\\\/pt\\\/\",\"name\":\"Jornal das Oficinas\",\"description\":\"Jornal independente do Aftermarket Autom\u00f3vel em Portugal\",\"publisher\":{\"@id\":\"https:\\\/\\\/jornaldasoficinas.com\\\/pt\\\/#organization\"},\"potentialAction\":[{\"@type\":\"SearchAction\",\"target\":{\"@type\":\"EntryPoint\",\"urlTemplate\":\"https:\\\/\\\/jornaldasoficinas.com\\\/pt\\\/?s={search_term_string}\"},\"query-input\":{\"@type\":\"PropertyValueSpecification\",\"valueRequired\":true,\"valueName\":\"search_term_string\"}}],\"inLanguage\":\"pt-PT\"},{\"@type\":\"Organization\",\"@id\":\"https:\\\/\\\/jornaldasoficinas.com\\\/pt\\\/#organization\",\"name\":\"Jornal das Oficinas\",\"url\":\"https:\\\/\\\/jornaldasoficinas.com\\\/pt\\\/\",\"logo\":{\"@type\":\"ImageObject\",\"inLanguage\":\"pt-PT\",\"@id\":\"https:\\\/\\\/jornaldasoficinas.com\\\/pt\\\/#\\\/schema\\\/logo\\\/image\\\/\",\"url\":\"https:\\\/\\\/jornaldasoficinas.com\\\/pt\\\/wp-content\\\/uploads\\\/logoJO-SEO.png\",\"contentUrl\":\"https:\\\/\\\/jornaldasoficinas.com\\\/pt\\\/wp-content\\\/uploads\\\/logoJO-SEO.png\",\"width\":285,\"height\":450,\"caption\":\"Jornal das Oficinas\"},\"image\":{\"@id\":\"https:\\\/\\\/jornaldasoficinas.com\\\/pt\\\/#\\\/schema\\\/logo\\\/image\\\/\"},\"sameAs\":[\"https:\\\/\\\/www.facebook.com\\\/jornaloficinas\",\"https:\\\/\\\/x.com\\\/jornaloficinas\",\"https:\\\/\\\/www.instagram.com\\\/jornal_oficinas\\\/\",\"https:\\\/\\\/www.linkedin.com\\\/company\\\/jornal-das-oficinas\\\/\",\"https:\\\/\\\/www.youtube.com\\\/channel\\\/UCbQZBqtcvV-oSQrr7RzINGg\"]},{\"@type\":\"Person\",\"@id\":\"https:\\\/\\\/jornaldasoficinas.com\\\/pt\\\/#\\\/schema\\\/person\\\/a38eef5de2c41d9e7c9ac10141afddf3\",\"name\":\"Reda\u00e7\u00e3o JO\",\"image\":{\"@type\":\"ImageObject\",\"inLanguage\":\"pt-PT\",\"@id\":\"https:\\\/\\\/secure.gravatar.com\\\/avatar\\\/71f2fa71737ad68a84fea94bc708ddac8ea5b0c4788dc2ad202f3ccb2887742f?s=96&d=wp_user_avatar&r=g\",\"url\":\"https:\\\/\\\/secure.gravatar.com\\\/avatar\\\/71f2fa71737ad68a84fea94bc708ddac8ea5b0c4788dc2ad202f3ccb2887742f?s=96&d=wp_user_avatar&r=g\",\"contentUrl\":\"https:\\\/\\\/secure.gravatar.com\\\/avatar\\\/71f2fa71737ad68a84fea94bc708ddac8ea5b0c4788dc2ad202f3ccb2887742f?s=96&d=wp_user_avatar&r=g\",\"caption\":\"Reda\u00e7\u00e3o JO\"},\"url\":\"https:\\\/\\\/jornaldasoficinas.com\\\/pt\\\/author\\\/joredacao\\\/\"}]}<\/script>\n<!-- \/ Yoast SEO plugin. -->","yoast_head_json":{"title":"TJA refor\u00e7a aposta na mobilidade sustent\u00e1vel com cami\u00f5es MAN - Jornal das Oficinas","description":"A TJA adquiriu dois cami\u00f5es el\u00e9tricos MAN eTGX, refor\u00e7ando a sua estrat\u00e9gia de descarboniza\u00e7\u00e3o e a parceria com a MAN Truck & Bus Portugal","robots":{"index":"index","follow":"follow","max-snippet":"max-snippet:-1","max-image-preview":"max-image-preview:large","max-video-preview":"max-video-preview:-1"},"canonical":"https:\/\/jornaldasoficinas.com\/pt\/tja-reforca-aposta-na-mobilidade-sustentavel-com-camioes-man\/","og_locale":"pt_PT","og_type":"article","og_title":"TJA refor\u00e7a aposta na mobilidade sustent\u00e1vel com cami\u00f5es MAN - Jornal das Oficinas","og_description":"A TJA adquiriu dois cami\u00f5es el\u00e9tricos MAN eTGX, refor\u00e7ando a sua estrat\u00e9gia de descarboniza\u00e7\u00e3o e a parceria com a MAN Truck & Bus Portugal","og_url":"https:\/\/jornaldasoficinas.com\/pt\/tja-reforca-aposta-na-mobilidade-sustentavel-com-camioes-man\/","og_site_name":"Jornal das Oficinas","article_publisher":"https:\/\/www.facebook.com\/jornaloficinas","article_published_time":"2025-05-14T07:00:36+00:00","og_image":[{"width":1024,"height":581,"url":"https:\/\/jornaldasoficinas.com\/pt\/wp-content\/uploads\/2025\/05\/TJA-reforca-aposta-na-mobilidade-sustentavel-com-camioes-MAN.jpg","type":"image\/jpeg"}],"author":"Reda\u00e7\u00e3o JO","twitter_card":"summary_large_image","twitter_creator":"@jornaloficinas","twitter_site":"@jornaloficinas","twitter_misc":{"Escrito por":"Reda\u00e7\u00e3o JO","Tempo estimado de leitura":"3 minutos"},"schema":{"@context":"https:\/\/schema.org","@graph":[{"@type":"Article","@id":"https:\/\/jornaldasoficinas.com\/pt\/tja-reforca-aposta-na-mobilidade-sustentavel-com-camioes-man\/#article","isPartOf":{"@id":"https:\/\/jornaldasoficinas.com\/pt\/tja-reforca-aposta-na-mobilidade-sustentavel-com-camioes-man\/"},"author":{"name":"Reda\u00e7\u00e3o JO","@id":"https:\/\/jornaldasoficinas.com\/pt\/#\/schema\/person\/a38eef5de2c41d9e7c9ac10141afddf3"},"headline":"TJA refor\u00e7a aposta na mobilidade sustent\u00e1vel com cami\u00f5es MAN","datePublished":"2025-05-14T07:00:36+00:00","mainEntityOfPage":{"@id":"https:\/\/jornaldasoficinas.com\/pt\/tja-reforca-aposta-na-mobilidade-sustentavel-com-camioes-man\/"},"wordCount":558,"publisher":{"@id":"https:\/\/jornaldasoficinas.com\/pt\/#organization"},"image":{"@id":"https:\/\/jornaldasoficinas.com\/pt\/tja-reforca-aposta-na-mobilidade-sustentavel-com-camioes-man\/#primaryimage"},"thumbnailUrl":"https:\/\/jornaldasoficinas.com\/pt\/wp-content\/uploads\/2025\/05\/TJA-reforca-aposta-na-mobilidade-sustentavel-com-camioes-MAN.jpg","keywords":["Cami\u00f5es el\u00e9tricos","descarboniza\u00e7\u00e3o","MAN Truck &amp; Bus Portugal","Parceria","Sustentabilidade","TJA","transporte sem emiss\u00f5es"],"articleSection":["Pesados"],"inLanguage":"pt-PT"},{"@type":"WebPage","@id":"https:\/\/jornaldasoficinas.com\/pt\/tja-reforca-aposta-na-mobilidade-sustentavel-com-camioes-man\/","url":"https:\/\/jornaldasoficinas.com\/pt\/tja-reforca-aposta-na-mobilidade-sustentavel-com-camioes-man\/","name":"TJA refor\u00e7a aposta na mobilidade sustent\u00e1vel com cami\u00f5es MAN - Jornal das Oficinas","isPartOf":{"@id":"https:\/\/jornaldasoficinas.com\/pt\/#website"},"primaryImageOfPage":{"@id":"https:\/\/jornaldasoficinas.com\/pt\/tja-reforca-aposta-na-mobilidade-sustentavel-com-camioes-man\/#primaryimage"},"image":{"@id":"https:\/\/jornaldasoficinas.com\/pt\/tja-reforca-aposta-na-mobilidade-sustentavel-com-camioes-man\/#primaryimage"},"thumbnailUrl":"https:\/\/jornaldasoficinas.com\/pt\/wp-content\/uploads\/2025\/05\/TJA-reforca-aposta-na-mobilidade-sustentavel-com-camioes-MAN.jpg","datePublished":"2025-05-14T07:00:36+00:00","description":"A TJA adquiriu dois cami\u00f5es el\u00e9tricos MAN eTGX, refor\u00e7ando a sua estrat\u00e9gia de descarboniza\u00e7\u00e3o e a parceria com a MAN Truck & Bus Portugal","breadcrumb":{"@id":"https:\/\/jornaldasoficinas.com\/pt\/tja-reforca-aposta-na-mobilidade-sustentavel-com-camioes-man\/#breadcrumb"},"inLanguage":"pt-PT","potentialAction":[{"@type":"ReadAction","target":["https:\/\/jornaldasoficinas.com\/pt\/tja-reforca-aposta-na-mobilidade-sustentavel-com-camioes-man\/"]}]},{"@type":"ImageObject","inLanguage":"pt-PT","@id":"https:\/\/jornaldasoficinas.com\/pt\/tja-reforca-aposta-na-mobilidade-sustentavel-com-camioes-man\/#primaryimage","url":"https:\/\/jornaldasoficinas.com\/pt\/wp-content\/uploads\/2025\/05\/TJA-reforca-aposta-na-mobilidade-sustentavel-com-camioes-MAN.jpg","contentUrl":"https:\/\/jornaldasoficinas.com\/pt\/wp-content\/uploads\/2025\/05\/TJA-reforca-aposta-na-mobilidade-sustentavel-com-camioes-MAN.jpg","width":1024,"height":581,"caption":"05 - TJA reforca aposta na mobilidade sustentavel com camioes MAN"},{"@type":"BreadcrumbList","@id":"https:\/\/jornaldasoficinas.com\/pt\/tja-reforca-aposta-na-mobilidade-sustentavel-com-camioes-man\/#breadcrumb","itemListElement":[{"@type":"ListItem","position":1,"name":"In\u00edcio","item":"https:\/\/jornaldasoficinas.com\/pt\/"},{"@type":"ListItem","position":2,"name":"TJA refor\u00e7a aposta na mobilidade sustent\u00e1vel com cami\u00f5es MAN"}]},{"@type":"WebSite","@id":"https:\/\/jornaldasoficinas.com\/pt\/#website","url":"https:\/\/jornaldasoficinas.com\/pt\/","name":"Jornal das Oficinas","description":"Jornal independente do Aftermarket Autom\u00f3vel em Portugal","publisher":{"@id":"https:\/\/jornaldasoficinas.com\/pt\/#organization"},"potentialAction":[{"@type":"SearchAction","target":{"@type":"EntryPoint","urlTemplate":"https:\/\/jornaldasoficinas.com\/pt\/?s={search_term_string}"},"query-input":{"@type":"PropertyValueSpecification","valueRequired":true,"valueName":"search_term_string"}}],"inLanguage":"pt-PT"},{"@type":"Organization","@id":"https:\/\/jornaldasoficinas.com\/pt\/#organization","name":"Jornal das Oficinas","url":"https:\/\/jornaldasoficinas.com\/pt\/","logo":{"@type":"ImageObject","inLanguage":"pt-PT","@id":"https:\/\/jornaldasoficinas.com\/pt\/#\/schema\/logo\/image\/","url":"https:\/\/jornaldasoficinas.com\/pt\/wp-content\/uploads\/logoJO-SEO.png","contentUrl":"https:\/\/jornaldasoficinas.com\/pt\/wp-content\/uploads\/logoJO-SEO.png","width":285,"height":450,"caption":"Jornal das Oficinas"},"image":{"@id":"https:\/\/jornaldasoficinas.com\/pt\/#\/schema\/logo\/image\/"},"sameAs":["https:\/\/www.facebook.com\/jornaloficinas","https:\/\/x.com\/jornaloficinas","https:\/\/www.instagram.com\/jornal_oficinas\/","https:\/\/www.linkedin.com\/company\/jornal-das-oficinas\/","https:\/\/www.youtube.com\/channel\/UCbQZBqtcvV-oSQrr7RzINGg"]},{"@type":"Person","@id":"https:\/\/jornaldasoficinas.com\/pt\/#\/schema\/person\/a38eef5de2c41d9e7c9ac10141afddf3","name":"Reda\u00e7\u00e3o JO","image":{"@type":"ImageObject","inLanguage":"pt-PT","@id":"https:\/\/secure.gravatar.com\/avatar\/71f2fa71737ad68a84fea94bc708ddac8ea5b0c4788dc2ad202f3ccb2887742f?s=96&d=wp_user_avatar&r=g","url":"https:\/\/secure.gravatar.com\/avatar\/71f2fa71737ad68a84fea94bc708ddac8ea5b0c4788dc2ad202f3ccb2887742f?s=96&d=wp_user_avatar&r=g","contentUrl":"https:\/\/secure.gravatar.com\/avatar\/71f2fa71737ad68a84fea94bc708ddac8ea5b0c4788dc2ad202f3ccb2887742f?s=96&d=wp_user_avatar&r=g","caption":"Reda\u00e7\u00e3o JO"},"url":"https:\/\/jornaldasoficinas.com\/pt\/author\/joredacao\/"}]}},"_links":{"self":[{"href":"https:\/\/jornaldasoficinas.com\/pt\/wp-json\/wp\/v2\/posts\/101707","targetHints":{"allow":["GET"]}}],"collection":[{"href":"https:\/\/jornaldasoficinas.com\/pt\/wp-json\/wp\/v2\/posts"}],"about":[{"href":"https:\/\/jornaldasoficinas.com\/pt\/wp-json\/wp\/v2\/types\/post"}],"author":[{"embeddable":true,"href":"https:\/\/jornaldasoficinas.com\/pt\/wp-json\/wp\/v2\/users\/15"}],"replies":[{"embeddable":true,"href":"https:\/\/jornaldasoficinas.com\/pt\/wp-json\/wp\/v2\/comments?post=101707"}],"version-history":[{"count":8,"href":"https:\/\/jornaldasoficinas.com\/pt\/wp-json\/wp\/v2\/posts\/101707\/revisions"}],"predecessor-version":[{"id":101727,"href":"https:\/\/jornaldasoficinas.com\/pt\/wp-json\/wp\/v2\/posts\/101707\/revisions\/101727"}],"wp:featuredmedia":[{"embeddable":true,"href":"https:\/\/jornaldasoficinas.com\/pt\/wp-json\/wp\/v2\/media\/101726"}],"wp:attachment":[{"href":"https:\/\/jornaldasoficinas.com\/pt\/wp-json\/wp\/v2\/media?parent=101707"}],"wp:term":[{"taxonomy":"category","embeddable":true,"href":"https:\/\/jornaldasoficinas.com\/pt\/wp-json\/wp\/v2\/categories?post=101707"},{"taxonomy":"post_tag","embeddable":true,"href":"https:\/\/jornaldasoficinas.com\/pt\/wp-json\/wp\/v2\/tags?post=101707"}],"curies":[{"name":"wp","href":"https:\/\/api.w.org\/{rel}","templated":true}]}}