{"id":101732,"date":"2025-05-14T10:00:54","date_gmt":"2025-05-14T09:00:54","guid":{"rendered":"https:\/\/jornaldasoficinas.com\/pt\/?p=101732"},"modified":"2025-05-09T13:46:14","modified_gmt":"2025-05-09T12:46:14","slug":"carregamentos-na-rede-mobi-e-a-crescer","status":"publish","type":"post","link":"https:\/\/jornaldasoficinas.com\/pt\/carregamentos-na-rede-mobi-e-a-crescer\/","title":{"rendered":"Carregamentos na rede Mobi.E a crescer"},"content":{"rendered":"<p><img loading=\"lazy\" decoding=\"async\" class=\"size-full wp-image-101740\" src=\"https:\/\/jornaldasoficinas.com\/pt\/wp-content\/uploads\/2025\/05\/Carregamentos-na-rede-Mobi.E-a-crescer.jpg\" alt=\"05 - Carregamentos na rede Mobi.E a crescer\" width=\"1024\" height=\"581\" srcset=\"https:\/\/jornaldasoficinas.com\/pt\/wp-content\/uploads\/2025\/05\/Carregamentos-na-rede-Mobi.E-a-crescer.jpg 1024w, https:\/\/jornaldasoficinas.com\/pt\/wp-content\/uploads\/2025\/05\/Carregamentos-na-rede-Mobi.E-a-crescer-300x170.jpg 300w, https:\/\/jornaldasoficinas.com\/pt\/wp-content\/uploads\/2025\/05\/Carregamentos-na-rede-Mobi.E-a-crescer-150x85.jpg 150w, https:\/\/jornaldasoficinas.com\/pt\/wp-content\/uploads\/2025\/05\/Carregamentos-na-rede-Mobi.E-a-crescer-768x436.jpg 768w\" sizes=\"auto, (max-width: 1024px) 100vw, 1024px\" \/><\/p>\n<p><strong>A <a href=\"https:\/\/www.mobie.pt\/\" target=\"_blank\" rel=\"noopener\">rede Mobi.E<\/a> registou, em abril, cerca de 665 mil carregamentos, o que representa um aumento de 48% face ao mesmo m\u00eas do ano passado<\/strong><\/p>\n<p>Em m\u00e9dia, foram efetuados 22.176 carregamentos por dia, a m\u00e9dia mais alta de sempre, que representa um aumento face ao m\u00eas de mar\u00e7o, quando foi registada uma m\u00e9dia de 21.602 carregamentos.<\/p>\n<p>Nos primeiros quatro meses do ano, o n\u00famero de carregamentos j\u00e1 ultrapassou os 2,5 milh\u00f5es, um aumento de 48% em compara\u00e7\u00e3o com o mesmo per\u00edodo de 2024. Estes carregamentos foram efetuados por cerca de 200 mil utilizadores distintos, mais 52% do que nos primeiros quatro meses do ano passado.<\/p>\n<p>A infraestrutura tem acompanhado o crescimento da procura. No final de abril, a rede de carregamento p\u00fablica disponibilizava 6.193 postos, o que corresponde a 11.517 pontos (tomadas que podem estar a carregar em simult\u00e2neo). Destes, mais de 2.360 eram de carregamento r\u00e1pido ou ultrarr\u00e1pido (com pot\u00eancia superior a 22 kW), representando 38,1% do total da rede.<\/p>\n<p>Outro dado importante \u00e9 o facto de, a 30 de abril, a rede Mobi.E ter disponibilizado mais de 382.922 kW de pot\u00eancia, ultrapassando o exigido pelo regulamento europeu para a cria\u00e7\u00e3o de uma infraestrutura para combust\u00edveis alternativos (AFIR), que determina que deve existir uma pot\u00eancia de 1,3 kW por cada ve\u00edculo 100% el\u00e9trico e 0,8 kW por cada ve\u00edculo h\u00edbrido plug in.<\/p>\n<p>Em termos de poupan\u00e7a ambiental, no quarto m\u00eas de 2025, a utiliza\u00e7\u00e3o da rede Mobi.E evitou que fossem emitidas para a atmosfera mais de 11.800 toneladas de di\u00f3xido de carbono. Seriam necess\u00e1rias cerca de 195 mil \u00e1rvores, em ambiente urbano, com 10 anos, para reter o mesmo CO2.<\/p>\n<p>Em m\u00e9dia, existem atualmente 94 tomadas por 100 quil\u00f3metros de estrada e 127 tomadas por 100 mil habitantes.<\/p>\n","protected":false},"excerpt":{"rendered":"<p>A rede Mobi.E registou, em abril,&#8230;<\/p>\n","protected":false},"author":15,"featured_media":101740,"comment_status":"closed","ping_status":"closed","sticky":false,"template":"","format":"standard","meta":{"footnotes":""},"categories":[29],"tags":[12690,3343,2781,5948,5674,89],"class_list":["post-101732","post","type-post","status-publish","format-standard","has-post-thumbnail","hentry","category-empresas","tag-abril","tag-carregamentos","tag-crescimento","tag-rede-mobi-e","tag-reducao-de-emissoes","tag-veiculos-eletricos"],"yoast_head":"<!-- This site is optimized with the Yoast SEO plugin v27.4 - https:\/\/yoast.com\/product\/yoast-seo-wordpress\/ -->\n<title>Carregamentos na rede Mobi.E a crescer - Jornal das Oficinas<\/title>\n<meta name=\"description\" content=\"A rede Mobi.E registou, em abril, cerca de 665 mil carregamentos, o que representa um aumento de 48% face ao mesmo m\u00eas do ano passado\" \/>\n<meta name=\"robots\" content=\"index, follow, max-snippet:-1, max-image-preview:large, max-video-preview:-1\" \/>\n<link rel=\"canonical\" href=\"https:\/\/jornaldasoficinas.com\/pt\/carregamentos-na-rede-mobi-e-a-crescer\/\" \/>\n<meta property=\"og:locale\" content=\"pt_PT\" \/>\n<meta property=\"og:type\" content=\"article\" \/>\n<meta property=\"og:title\" content=\"Carregamentos na rede Mobi.E a crescer - Jornal das Oficinas\" \/>\n<meta property=\"og:description\" content=\"A rede Mobi.E registou, em abril, cerca de 665 mil carregamentos, o que representa um aumento de 48% face ao mesmo m\u00eas do ano passado\" \/>\n<meta property=\"og:url\" content=\"https:\/\/jornaldasoficinas.com\/pt\/carregamentos-na-rede-mobi-e-a-crescer\/\" \/>\n<meta property=\"og:site_name\" content=\"Jornal das Oficinas\" \/>\n<meta property=\"article:publisher\" content=\"https:\/\/www.facebook.com\/jornaloficinas\" \/>\n<meta property=\"article:published_time\" content=\"2025-05-14T09:00:54+00:00\" \/>\n<meta property=\"og:image\" content=\"https:\/\/jornaldasoficinas.com\/pt\/wp-content\/uploads\/2025\/05\/Carregamentos-na-rede-Mobi.E-a-crescer.jpg\" \/>\n\t<meta property=\"og:image:width\" content=\"1024\" \/>\n\t<meta property=\"og:image:height\" content=\"581\" \/>\n\t<meta property=\"og:image:type\" content=\"image\/jpeg\" \/>\n<meta name=\"author\" content=\"Reda\u00e7\u00e3o JO\" \/>\n<meta name=\"twitter:card\" content=\"summary_large_image\" \/>\n<meta name=\"twitter:creator\" content=\"@jornaloficinas\" \/>\n<meta name=\"twitter:site\" content=\"@jornaloficinas\" \/>\n<meta name=\"twitter:label1\" content=\"Escrito por\" \/>\n\t<meta name=\"twitter:data1\" content=\"Reda\u00e7\u00e3o JO\" \/>\n\t<meta name=\"twitter:label2\" content=\"Tempo estimado de leitura\" \/>\n\t<meta name=\"twitter:data2\" content=\"2 minutos\" \/>\n<script type=\"application\/ld+json\" class=\"yoast-schema-graph\">{\"@context\":\"https:\\\/\\\/schema.org\",\"@graph\":[{\"@type\":\"Article\",\"@id\":\"https:\\\/\\\/jornaldasoficinas.com\\\/pt\\\/carregamentos-na-rede-mobi-e-a-crescer\\\/#article\",\"isPartOf\":{\"@id\":\"https:\\\/\\\/jornaldasoficinas.com\\\/pt\\\/carregamentos-na-rede-mobi-e-a-crescer\\\/\"},\"author\":{\"name\":\"Reda\u00e7\u00e3o JO\",\"@id\":\"https:\\\/\\\/jornaldasoficinas.com\\\/pt\\\/#\\\/schema\\\/person\\\/a38eef5de2c41d9e7c9ac10141afddf3\"},\"headline\":\"Carregamentos na rede Mobi.E a crescer\",\"datePublished\":\"2025-05-14T09:00:54+00:00\",\"mainEntityOfPage\":{\"@id\":\"https:\\\/\\\/jornaldasoficinas.com\\\/pt\\\/carregamentos-na-rede-mobi-e-a-crescer\\\/\"},\"wordCount\":301,\"publisher\":{\"@id\":\"https:\\\/\\\/jornaldasoficinas.com\\\/pt\\\/#organization\"},\"image\":{\"@id\":\"https:\\\/\\\/jornaldasoficinas.com\\\/pt\\\/carregamentos-na-rede-mobi-e-a-crescer\\\/#primaryimage\"},\"thumbnailUrl\":\"https:\\\/\\\/jornaldasoficinas.com\\\/pt\\\/wp-content\\\/uploads\\\/2025\\\/05\\\/Carregamentos-na-rede-Mobi.E-a-crescer.jpg\",\"keywords\":[\"abril\",\"carregamentos\",\"Crescimento\",\"rede Mobi.E\",\"redu\u00e7\u00e3o de emiss\u00f5es\",\"Ve\u00edculos el\u00e9tricos\"],\"articleSection\":[\"Empresas\"],\"inLanguage\":\"pt-PT\"},{\"@type\":\"WebPage\",\"@id\":\"https:\\\/\\\/jornaldasoficinas.com\\\/pt\\\/carregamentos-na-rede-mobi-e-a-crescer\\\/\",\"url\":\"https:\\\/\\\/jornaldasoficinas.com\\\/pt\\\/carregamentos-na-rede-mobi-e-a-crescer\\\/\",\"name\":\"Carregamentos na rede Mobi.E a crescer - Jornal das Oficinas\",\"isPartOf\":{\"@id\":\"https:\\\/\\\/jornaldasoficinas.com\\\/pt\\\/#website\"},\"primaryImageOfPage\":{\"@id\":\"https:\\\/\\\/jornaldasoficinas.com\\\/pt\\\/carregamentos-na-rede-mobi-e-a-crescer\\\/#primaryimage\"},\"image\":{\"@id\":\"https:\\\/\\\/jornaldasoficinas.com\\\/pt\\\/carregamentos-na-rede-mobi-e-a-crescer\\\/#primaryimage\"},\"thumbnailUrl\":\"https:\\\/\\\/jornaldasoficinas.com\\\/pt\\\/wp-content\\\/uploads\\\/2025\\\/05\\\/Carregamentos-na-rede-Mobi.E-a-crescer.jpg\",\"datePublished\":\"2025-05-14T09:00:54+00:00\",\"description\":\"A rede Mobi.E registou, em abril, cerca de 665 mil carregamentos, o que representa um aumento de 48% face ao mesmo m\u00eas do ano passado\",\"breadcrumb\":{\"@id\":\"https:\\\/\\\/jornaldasoficinas.com\\\/pt\\\/carregamentos-na-rede-mobi-e-a-crescer\\\/#breadcrumb\"},\"inLanguage\":\"pt-PT\",\"potentialAction\":[{\"@type\":\"ReadAction\",\"target\":[\"https:\\\/\\\/jornaldasoficinas.com\\\/pt\\\/carregamentos-na-rede-mobi-e-a-crescer\\\/\"]}]},{\"@type\":\"ImageObject\",\"inLanguage\":\"pt-PT\",\"@id\":\"https:\\\/\\\/jornaldasoficinas.com\\\/pt\\\/carregamentos-na-rede-mobi-e-a-crescer\\\/#primaryimage\",\"url\":\"https:\\\/\\\/jornaldasoficinas.com\\\/pt\\\/wp-content\\\/uploads\\\/2025\\\/05\\\/Carregamentos-na-rede-Mobi.E-a-crescer.jpg\",\"contentUrl\":\"https:\\\/\\\/jornaldasoficinas.com\\\/pt\\\/wp-content\\\/uploads\\\/2025\\\/05\\\/Carregamentos-na-rede-Mobi.E-a-crescer.jpg\",\"width\":1024,\"height\":581,\"caption\":\"Generic electric car charging at station dock point in parking lot near shopping or office building. City street power hub providing eco-friendly sustainable supply for EV vehicle\"},{\"@type\":\"BreadcrumbList\",\"@id\":\"https:\\\/\\\/jornaldasoficinas.com\\\/pt\\\/carregamentos-na-rede-mobi-e-a-crescer\\\/#breadcrumb\",\"itemListElement\":[{\"@type\":\"ListItem\",\"position\":1,\"name\":\"In\u00edcio\",\"item\":\"https:\\\/\\\/jornaldasoficinas.com\\\/pt\\\/\"},{\"@type\":\"ListItem\",\"position\":2,\"name\":\"Carregamentos na rede Mobi.E a crescer\"}]},{\"@type\":\"WebSite\",\"@id\":\"https:\\\/\\\/jornaldasoficinas.com\\\/pt\\\/#website\",\"url\":\"https:\\\/\\\/jornaldasoficinas.com\\\/pt\\\/\",\"name\":\"Jornal das Oficinas\",\"description\":\"Jornal independente do Aftermarket Autom\u00f3vel em Portugal\",\"publisher\":{\"@id\":\"https:\\\/\\\/jornaldasoficinas.com\\\/pt\\\/#organization\"},\"potentialAction\":[{\"@type\":\"SearchAction\",\"target\":{\"@type\":\"EntryPoint\",\"urlTemplate\":\"https:\\\/\\\/jornaldasoficinas.com\\\/pt\\\/?s={search_term_string}\"},\"query-input\":{\"@type\":\"PropertyValueSpecification\",\"valueRequired\":true,\"valueName\":\"search_term_string\"}}],\"inLanguage\":\"pt-PT\"},{\"@type\":\"Organization\",\"@id\":\"https:\\\/\\\/jornaldasoficinas.com\\\/pt\\\/#organization\",\"name\":\"Jornal das Oficinas\",\"url\":\"https:\\\/\\\/jornaldasoficinas.com\\\/pt\\\/\",\"logo\":{\"@type\":\"ImageObject\",\"inLanguage\":\"pt-PT\",\"@id\":\"https:\\\/\\\/jornaldasoficinas.com\\\/pt\\\/#\\\/schema\\\/logo\\\/image\\\/\",\"url\":\"https:\\\/\\\/jornaldasoficinas.com\\\/pt\\\/wp-content\\\/uploads\\\/logoJO-SEO.png\",\"contentUrl\":\"https:\\\/\\\/jornaldasoficinas.com\\\/pt\\\/wp-content\\\/uploads\\\/logoJO-SEO.png\",\"width\":285,\"height\":450,\"caption\":\"Jornal das Oficinas\"},\"image\":{\"@id\":\"https:\\\/\\\/jornaldasoficinas.com\\\/pt\\\/#\\\/schema\\\/logo\\\/image\\\/\"},\"sameAs\":[\"https:\\\/\\\/www.facebook.com\\\/jornaloficinas\",\"https:\\\/\\\/x.com\\\/jornaloficinas\",\"https:\\\/\\\/www.instagram.com\\\/jornal_oficinas\\\/\",\"https:\\\/\\\/www.linkedin.com\\\/company\\\/jornal-das-oficinas\\\/\",\"https:\\\/\\\/www.youtube.com\\\/channel\\\/UCbQZBqtcvV-oSQrr7RzINGg\"]},{\"@type\":\"Person\",\"@id\":\"https:\\\/\\\/jornaldasoficinas.com\\\/pt\\\/#\\\/schema\\\/person\\\/a38eef5de2c41d9e7c9ac10141afddf3\",\"name\":\"Reda\u00e7\u00e3o JO\",\"image\":{\"@type\":\"ImageObject\",\"inLanguage\":\"pt-PT\",\"@id\":\"https:\\\/\\\/secure.gravatar.com\\\/avatar\\\/71f2fa71737ad68a84fea94bc708ddac8ea5b0c4788dc2ad202f3ccb2887742f?s=96&d=wp_user_avatar&r=g\",\"url\":\"https:\\\/\\\/secure.gravatar.com\\\/avatar\\\/71f2fa71737ad68a84fea94bc708ddac8ea5b0c4788dc2ad202f3ccb2887742f?s=96&d=wp_user_avatar&r=g\",\"contentUrl\":\"https:\\\/\\\/secure.gravatar.com\\\/avatar\\\/71f2fa71737ad68a84fea94bc708ddac8ea5b0c4788dc2ad202f3ccb2887742f?s=96&d=wp_user_avatar&r=g\",\"caption\":\"Reda\u00e7\u00e3o JO\"},\"url\":\"https:\\\/\\\/jornaldasoficinas.com\\\/pt\\\/author\\\/joredacao\\\/\"}]}<\/script>\n<!-- \/ Yoast SEO plugin. -->","yoast_head_json":{"title":"Carregamentos na rede Mobi.E a crescer - Jornal das Oficinas","description":"A rede Mobi.E registou, em abril, cerca de 665 mil carregamentos, o que representa um aumento de 48% face ao mesmo m\u00eas do ano passado","robots":{"index":"index","follow":"follow","max-snippet":"max-snippet:-1","max-image-preview":"max-image-preview:large","max-video-preview":"max-video-preview:-1"},"canonical":"https:\/\/jornaldasoficinas.com\/pt\/carregamentos-na-rede-mobi-e-a-crescer\/","og_locale":"pt_PT","og_type":"article","og_title":"Carregamentos na rede Mobi.E a crescer - Jornal das Oficinas","og_description":"A rede Mobi.E registou, em abril, cerca de 665 mil carregamentos, o que representa um aumento de 48% face ao mesmo m\u00eas do ano passado","og_url":"https:\/\/jornaldasoficinas.com\/pt\/carregamentos-na-rede-mobi-e-a-crescer\/","og_site_name":"Jornal das Oficinas","article_publisher":"https:\/\/www.facebook.com\/jornaloficinas","article_published_time":"2025-05-14T09:00:54+00:00","og_image":[{"width":1024,"height":581,"url":"https:\/\/jornaldasoficinas.com\/pt\/wp-content\/uploads\/2025\/05\/Carregamentos-na-rede-Mobi.E-a-crescer.jpg","type":"image\/jpeg"}],"author":"Reda\u00e7\u00e3o JO","twitter_card":"summary_large_image","twitter_creator":"@jornaloficinas","twitter_site":"@jornaloficinas","twitter_misc":{"Escrito por":"Reda\u00e7\u00e3o JO","Tempo estimado de leitura":"2 minutos"},"schema":{"@context":"https:\/\/schema.org","@graph":[{"@type":"Article","@id":"https:\/\/jornaldasoficinas.com\/pt\/carregamentos-na-rede-mobi-e-a-crescer\/#article","isPartOf":{"@id":"https:\/\/jornaldasoficinas.com\/pt\/carregamentos-na-rede-mobi-e-a-crescer\/"},"author":{"name":"Reda\u00e7\u00e3o JO","@id":"https:\/\/jornaldasoficinas.com\/pt\/#\/schema\/person\/a38eef5de2c41d9e7c9ac10141afddf3"},"headline":"Carregamentos na rede Mobi.E a crescer","datePublished":"2025-05-14T09:00:54+00:00","mainEntityOfPage":{"@id":"https:\/\/jornaldasoficinas.com\/pt\/carregamentos-na-rede-mobi-e-a-crescer\/"},"wordCount":301,"publisher":{"@id":"https:\/\/jornaldasoficinas.com\/pt\/#organization"},"image":{"@id":"https:\/\/jornaldasoficinas.com\/pt\/carregamentos-na-rede-mobi-e-a-crescer\/#primaryimage"},"thumbnailUrl":"https:\/\/jornaldasoficinas.com\/pt\/wp-content\/uploads\/2025\/05\/Carregamentos-na-rede-Mobi.E-a-crescer.jpg","keywords":["abril","carregamentos","Crescimento","rede Mobi.E","redu\u00e7\u00e3o de emiss\u00f5es","Ve\u00edculos el\u00e9tricos"],"articleSection":["Empresas"],"inLanguage":"pt-PT"},{"@type":"WebPage","@id":"https:\/\/jornaldasoficinas.com\/pt\/carregamentos-na-rede-mobi-e-a-crescer\/","url":"https:\/\/jornaldasoficinas.com\/pt\/carregamentos-na-rede-mobi-e-a-crescer\/","name":"Carregamentos na rede Mobi.E a crescer - Jornal das Oficinas","isPartOf":{"@id":"https:\/\/jornaldasoficinas.com\/pt\/#website"},"primaryImageOfPage":{"@id":"https:\/\/jornaldasoficinas.com\/pt\/carregamentos-na-rede-mobi-e-a-crescer\/#primaryimage"},"image":{"@id":"https:\/\/jornaldasoficinas.com\/pt\/carregamentos-na-rede-mobi-e-a-crescer\/#primaryimage"},"thumbnailUrl":"https:\/\/jornaldasoficinas.com\/pt\/wp-content\/uploads\/2025\/05\/Carregamentos-na-rede-Mobi.E-a-crescer.jpg","datePublished":"2025-05-14T09:00:54+00:00","description":"A rede Mobi.E registou, em abril, cerca de 665 mil carregamentos, o que representa um aumento de 48% face ao mesmo m\u00eas do ano passado","breadcrumb":{"@id":"https:\/\/jornaldasoficinas.com\/pt\/carregamentos-na-rede-mobi-e-a-crescer\/#breadcrumb"},"inLanguage":"pt-PT","potentialAction":[{"@type":"ReadAction","target":["https:\/\/jornaldasoficinas.com\/pt\/carregamentos-na-rede-mobi-e-a-crescer\/"]}]},{"@type":"ImageObject","inLanguage":"pt-PT","@id":"https:\/\/jornaldasoficinas.com\/pt\/carregamentos-na-rede-mobi-e-a-crescer\/#primaryimage","url":"https:\/\/jornaldasoficinas.com\/pt\/wp-content\/uploads\/2025\/05\/Carregamentos-na-rede-Mobi.E-a-crescer.jpg","contentUrl":"https:\/\/jornaldasoficinas.com\/pt\/wp-content\/uploads\/2025\/05\/Carregamentos-na-rede-Mobi.E-a-crescer.jpg","width":1024,"height":581,"caption":"Generic electric car charging at station dock point in parking lot near shopping or office building. City street power hub providing eco-friendly sustainable supply for EV vehicle"},{"@type":"BreadcrumbList","@id":"https:\/\/jornaldasoficinas.com\/pt\/carregamentos-na-rede-mobi-e-a-crescer\/#breadcrumb","itemListElement":[{"@type":"ListItem","position":1,"name":"In\u00edcio","item":"https:\/\/jornaldasoficinas.com\/pt\/"},{"@type":"ListItem","position":2,"name":"Carregamentos na rede Mobi.E a crescer"}]},{"@type":"WebSite","@id":"https:\/\/jornaldasoficinas.com\/pt\/#website","url":"https:\/\/jornaldasoficinas.com\/pt\/","name":"Jornal das Oficinas","description":"Jornal independente do Aftermarket Autom\u00f3vel em Portugal","publisher":{"@id":"https:\/\/jornaldasoficinas.com\/pt\/#organization"},"potentialAction":[{"@type":"SearchAction","target":{"@type":"EntryPoint","urlTemplate":"https:\/\/jornaldasoficinas.com\/pt\/?s={search_term_string}"},"query-input":{"@type":"PropertyValueSpecification","valueRequired":true,"valueName":"search_term_string"}}],"inLanguage":"pt-PT"},{"@type":"Organization","@id":"https:\/\/jornaldasoficinas.com\/pt\/#organization","name":"Jornal das Oficinas","url":"https:\/\/jornaldasoficinas.com\/pt\/","logo":{"@type":"ImageObject","inLanguage":"pt-PT","@id":"https:\/\/jornaldasoficinas.com\/pt\/#\/schema\/logo\/image\/","url":"https:\/\/jornaldasoficinas.com\/pt\/wp-content\/uploads\/logoJO-SEO.png","contentUrl":"https:\/\/jornaldasoficinas.com\/pt\/wp-content\/uploads\/logoJO-SEO.png","width":285,"height":450,"caption":"Jornal das Oficinas"},"image":{"@id":"https:\/\/jornaldasoficinas.com\/pt\/#\/schema\/logo\/image\/"},"sameAs":["https:\/\/www.facebook.com\/jornaloficinas","https:\/\/x.com\/jornaloficinas","https:\/\/www.instagram.com\/jornal_oficinas\/","https:\/\/www.linkedin.com\/company\/jornal-das-oficinas\/","https:\/\/www.youtube.com\/channel\/UCbQZBqtcvV-oSQrr7RzINGg"]},{"@type":"Person","@id":"https:\/\/jornaldasoficinas.com\/pt\/#\/schema\/person\/a38eef5de2c41d9e7c9ac10141afddf3","name":"Reda\u00e7\u00e3o JO","image":{"@type":"ImageObject","inLanguage":"pt-PT","@id":"https:\/\/secure.gravatar.com\/avatar\/71f2fa71737ad68a84fea94bc708ddac8ea5b0c4788dc2ad202f3ccb2887742f?s=96&d=wp_user_avatar&r=g","url":"https:\/\/secure.gravatar.com\/avatar\/71f2fa71737ad68a84fea94bc708ddac8ea5b0c4788dc2ad202f3ccb2887742f?s=96&d=wp_user_avatar&r=g","contentUrl":"https:\/\/secure.gravatar.com\/avatar\/71f2fa71737ad68a84fea94bc708ddac8ea5b0c4788dc2ad202f3ccb2887742f?s=96&d=wp_user_avatar&r=g","caption":"Reda\u00e7\u00e3o JO"},"url":"https:\/\/jornaldasoficinas.com\/pt\/author\/joredacao\/"}]}},"_links":{"self":[{"href":"https:\/\/jornaldasoficinas.com\/pt\/wp-json\/wp\/v2\/posts\/101732","targetHints":{"allow":["GET"]}}],"collection":[{"href":"https:\/\/jornaldasoficinas.com\/pt\/wp-json\/wp\/v2\/posts"}],"about":[{"href":"https:\/\/jornaldasoficinas.com\/pt\/wp-json\/wp\/v2\/types\/post"}],"author":[{"embeddable":true,"href":"https:\/\/jornaldasoficinas.com\/pt\/wp-json\/wp\/v2\/users\/15"}],"replies":[{"embeddable":true,"href":"https:\/\/jornaldasoficinas.com\/pt\/wp-json\/wp\/v2\/comments?post=101732"}],"version-history":[{"count":5,"href":"https:\/\/jornaldasoficinas.com\/pt\/wp-json\/wp\/v2\/posts\/101732\/revisions"}],"predecessor-version":[{"id":101741,"href":"https:\/\/jornaldasoficinas.com\/pt\/wp-json\/wp\/v2\/posts\/101732\/revisions\/101741"}],"wp:featuredmedia":[{"embeddable":true,"href":"https:\/\/jornaldasoficinas.com\/pt\/wp-json\/wp\/v2\/media\/101740"}],"wp:attachment":[{"href":"https:\/\/jornaldasoficinas.com\/pt\/wp-json\/wp\/v2\/media?parent=101732"}],"wp:term":[{"taxonomy":"category","embeddable":true,"href":"https:\/\/jornaldasoficinas.com\/pt\/wp-json\/wp\/v2\/categories?post=101732"},{"taxonomy":"post_tag","embeddable":true,"href":"https:\/\/jornaldasoficinas.com\/pt\/wp-json\/wp\/v2\/tags?post=101732"}],"curies":[{"name":"wp","href":"https:\/\/api.w.org\/{rel}","templated":true}]}}