{"id":101880,"date":"2025-05-14T14:00:35","date_gmt":"2025-05-14T13:00:35","guid":{"rendered":"https:\/\/jornaldasoficinas.com\/pt\/?p=101880"},"modified":"2025-05-14T21:07:33","modified_gmt":"2025-05-14T20:07:33","slug":"krautli-comemora-35-anos-com-parceiros-no-vietname","status":"publish","type":"post","link":"https:\/\/jornaldasoficinas.com\/pt\/krautli-comemora-35-anos-com-parceiros-no-vietname\/","title":{"rendered":"Krautli comemora 35 anos com parceiros no Vietname"},"content":{"rendered":"<p><strong><img loading=\"lazy\" decoding=\"async\" class=\"alignnone size-full wp-image-101967\" src=\"https:\/\/jornaldasoficinas.com\/pt\/wp-content\/uploads\/2025\/05\/Krautli-comemora-35-anos-com-parceiros-no-Vietname.jpg\" alt=\"05 - Krautli comemora 35 anos com parceiros no Vietname\" width=\"1024\" height=\"581\" srcset=\"https:\/\/jornaldasoficinas.com\/pt\/wp-content\/uploads\/2025\/05\/Krautli-comemora-35-anos-com-parceiros-no-Vietname.jpg 1024w, https:\/\/jornaldasoficinas.com\/pt\/wp-content\/uploads\/2025\/05\/Krautli-comemora-35-anos-com-parceiros-no-Vietname-300x170.jpg 300w, https:\/\/jornaldasoficinas.com\/pt\/wp-content\/uploads\/2025\/05\/Krautli-comemora-35-anos-com-parceiros-no-Vietname-150x85.jpg 150w, https:\/\/jornaldasoficinas.com\/pt\/wp-content\/uploads\/2025\/05\/Krautli-comemora-35-anos-com-parceiros-no-Vietname-768x436.jpg 768w\" sizes=\"auto, (max-width: 1024px) 100vw, 1024px\" \/><\/strong><\/p>\n<p><strong>A <a href=\"https:\/\/www.krautli.pt\/\" target=\"_blank\" rel=\"noopener\">Krautli Portugal<\/a> celebrou os seus 35 anos com uma viagem exclusiva ao Vietname, juntando clientes e parceiros num gesto de reconhecimento e proximidade<\/strong><\/p>\n<p>Para assinalar os seus 35 anos de atividade em Portugal, a Krautli organizou uma viagem de incentivo ao Vietname, reunindo um grupo exclusivo de clientes e parceiros que t\u00eam acompanhado a empresa ao longo das \u00faltimas d\u00e9cadas. Esta a\u00e7\u00e3o refor\u00e7a a valoriza\u00e7\u00e3o da marca pelas rela\u00e7\u00f5es constru\u00eddas e pelo percurso de crescimento conjunto.<\/p>\n<p>Durante v\u00e1rios dias, os participantes desfrutaram de um programa cultural e de lazer cuidadosamente desenhado, com visitas \u00e0s cidades de Han\u00f3i e Ho Chi Minh, experi\u00eancias gastron\u00f3micas t\u00edpicas e atividades de conv\u00edvio e networking num ambiente informal e enriquecedor.<\/p>\n<p>&#8220;Celebrar 35 anos com quem fez parte da nossa hist\u00f3ria foi um momento \u00fanico. Esta viagem \u00e9 o reflexo da import\u00e2ncia que damos \u00e0s rela\u00e7\u00f5es humanas e \u00e0 constru\u00e7\u00e3o de parcerias duradouras&#8221;, destacou Carlos Silva, diretor de vendas e marketing da Krautli Portugal.<\/p>\n<p>Mais do que uma celebra\u00e7\u00e3o, esta iniciativa sublinha o compromisso da Krautli com os valores de proximidade, qualidade e confian\u00e7a, que continuam a orientar a atua\u00e7\u00e3o da empresa no mercado nacional e a consolidar a sua posi\u00e7\u00e3o no setor.<\/p>\n<p>&nbsp;<\/p>\n","protected":false},"excerpt":{"rendered":"<p>A Krautli Portugal celebrou os seus&#8230;<\/p>\n","protected":false},"author":15,"featured_media":101967,"comment_status":"closed","ping_status":"closed","sticky":false,"template":"","format":"standard","meta":{"footnotes":""},"categories":[29],"tags":[12119,282,10209,7449,12708,12709],"class_list":["post-101880","post","type-post","status-publish","format-standard","has-post-thumbnail","hentry","category-empresas","tag-35-anos-de-atividade","tag-krautli-portugal","tag-networking","tag-parceiros","tag-viagem-exclusiva","tag-vietname"],"yoast_head":"<!-- This site is optimized with the Yoast SEO plugin v27.4 - https:\/\/yoast.com\/product\/yoast-seo-wordpress\/ -->\n<title>Krautli comemora 35 anos com parceiros no Vietname - Jornal das Oficinas<\/title>\n<meta name=\"description\" content=\"A Krautli Portugal celebrou os seus 35 anos com uma viagem exclusiva ao Vietname, juntando clientes e parceiros num gesto de reconhecimento\" \/>\n<meta name=\"robots\" content=\"index, follow, max-snippet:-1, max-image-preview:large, max-video-preview:-1\" \/>\n<link rel=\"canonical\" href=\"https:\/\/jornaldasoficinas.com\/pt\/krautli-comemora-35-anos-com-parceiros-no-vietname\/\" \/>\n<meta property=\"og:locale\" content=\"pt_PT\" \/>\n<meta property=\"og:type\" content=\"article\" \/>\n<meta property=\"og:title\" content=\"Krautli comemora 35 anos com parceiros no Vietname - Jornal das Oficinas\" \/>\n<meta property=\"og:description\" content=\"A Krautli Portugal celebrou os seus 35 anos com uma viagem exclusiva ao Vietname, juntando clientes e parceiros num gesto de reconhecimento\" \/>\n<meta property=\"og:url\" content=\"https:\/\/jornaldasoficinas.com\/pt\/krautli-comemora-35-anos-com-parceiros-no-vietname\/\" \/>\n<meta property=\"og:site_name\" content=\"Jornal das Oficinas\" \/>\n<meta property=\"article:publisher\" content=\"https:\/\/www.facebook.com\/jornaloficinas\" \/>\n<meta property=\"article:published_time\" content=\"2025-05-14T13:00:35+00:00\" \/>\n<meta property=\"article:modified_time\" content=\"2025-05-14T20:07:33+00:00\" \/>\n<meta property=\"og:image\" content=\"https:\/\/jornaldasoficinas.com\/pt\/wp-content\/uploads\/2025\/05\/Krautli-comemora-35-anos-com-parceiros-no-Vietname.jpg\" \/>\n\t<meta property=\"og:image:width\" content=\"1024\" \/>\n\t<meta property=\"og:image:height\" content=\"581\" \/>\n\t<meta property=\"og:image:type\" content=\"image\/jpeg\" \/>\n<meta name=\"author\" content=\"Reda\u00e7\u00e3o JO\" \/>\n<meta name=\"twitter:card\" content=\"summary_large_image\" \/>\n<meta name=\"twitter:creator\" content=\"@jornaloficinas\" \/>\n<meta name=\"twitter:site\" content=\"@jornaloficinas\" \/>\n<meta name=\"twitter:label1\" content=\"Escrito por\" \/>\n\t<meta name=\"twitter:data1\" content=\"Reda\u00e7\u00e3o JO\" \/>\n\t<meta name=\"twitter:label2\" content=\"Tempo estimado de leitura\" \/>\n\t<meta name=\"twitter:data2\" content=\"2 minutos\" \/>\n<script type=\"application\/ld+json\" class=\"yoast-schema-graph\">{\"@context\":\"https:\\\/\\\/schema.org\",\"@graph\":[{\"@type\":\"Article\",\"@id\":\"https:\\\/\\\/jornaldasoficinas.com\\\/pt\\\/krautli-comemora-35-anos-com-parceiros-no-vietname\\\/#article\",\"isPartOf\":{\"@id\":\"https:\\\/\\\/jornaldasoficinas.com\\\/pt\\\/krautli-comemora-35-anos-com-parceiros-no-vietname\\\/\"},\"author\":{\"name\":\"Reda\u00e7\u00e3o JO\",\"@id\":\"https:\\\/\\\/jornaldasoficinas.com\\\/pt\\\/#\\\/schema\\\/person\\\/a38eef5de2c41d9e7c9ac10141afddf3\"},\"headline\":\"Krautli comemora 35 anos com parceiros no Vietname\",\"datePublished\":\"2025-05-14T13:00:35+00:00\",\"dateModified\":\"2025-05-14T20:07:33+00:00\",\"mainEntityOfPage\":{\"@id\":\"https:\\\/\\\/jornaldasoficinas.com\\\/pt\\\/krautli-comemora-35-anos-com-parceiros-no-vietname\\\/\"},\"wordCount\":222,\"publisher\":{\"@id\":\"https:\\\/\\\/jornaldasoficinas.com\\\/pt\\\/#organization\"},\"image\":{\"@id\":\"https:\\\/\\\/jornaldasoficinas.com\\\/pt\\\/krautli-comemora-35-anos-com-parceiros-no-vietname\\\/#primaryimage\"},\"thumbnailUrl\":\"https:\\\/\\\/jornaldasoficinas.com\\\/pt\\\/wp-content\\\/uploads\\\/2025\\\/05\\\/Krautli-comemora-35-anos-com-parceiros-no-Vietname.jpg\",\"keywords\":[\"35 anos de atividade\",\"KRAUTLI Portugal\",\"networking\",\"parceiros\",\"viagem exclusiva\",\"Vietname\"],\"articleSection\":[\"Empresas\"],\"inLanguage\":\"pt-PT\"},{\"@type\":\"WebPage\",\"@id\":\"https:\\\/\\\/jornaldasoficinas.com\\\/pt\\\/krautli-comemora-35-anos-com-parceiros-no-vietname\\\/\",\"url\":\"https:\\\/\\\/jornaldasoficinas.com\\\/pt\\\/krautli-comemora-35-anos-com-parceiros-no-vietname\\\/\",\"name\":\"Krautli comemora 35 anos com parceiros no Vietname - Jornal das Oficinas\",\"isPartOf\":{\"@id\":\"https:\\\/\\\/jornaldasoficinas.com\\\/pt\\\/#website\"},\"primaryImageOfPage\":{\"@id\":\"https:\\\/\\\/jornaldasoficinas.com\\\/pt\\\/krautli-comemora-35-anos-com-parceiros-no-vietname\\\/#primaryimage\"},\"image\":{\"@id\":\"https:\\\/\\\/jornaldasoficinas.com\\\/pt\\\/krautli-comemora-35-anos-com-parceiros-no-vietname\\\/#primaryimage\"},\"thumbnailUrl\":\"https:\\\/\\\/jornaldasoficinas.com\\\/pt\\\/wp-content\\\/uploads\\\/2025\\\/05\\\/Krautli-comemora-35-anos-com-parceiros-no-Vietname.jpg\",\"datePublished\":\"2025-05-14T13:00:35+00:00\",\"dateModified\":\"2025-05-14T20:07:33+00:00\",\"description\":\"A Krautli Portugal celebrou os seus 35 anos com uma viagem exclusiva ao Vietname, juntando clientes e parceiros num gesto de reconhecimento\",\"breadcrumb\":{\"@id\":\"https:\\\/\\\/jornaldasoficinas.com\\\/pt\\\/krautli-comemora-35-anos-com-parceiros-no-vietname\\\/#breadcrumb\"},\"inLanguage\":\"pt-PT\",\"potentialAction\":[{\"@type\":\"ReadAction\",\"target\":[\"https:\\\/\\\/jornaldasoficinas.com\\\/pt\\\/krautli-comemora-35-anos-com-parceiros-no-vietname\\\/\"]}]},{\"@type\":\"ImageObject\",\"inLanguage\":\"pt-PT\",\"@id\":\"https:\\\/\\\/jornaldasoficinas.com\\\/pt\\\/krautli-comemora-35-anos-com-parceiros-no-vietname\\\/#primaryimage\",\"url\":\"https:\\\/\\\/jornaldasoficinas.com\\\/pt\\\/wp-content\\\/uploads\\\/2025\\\/05\\\/Krautli-comemora-35-anos-com-parceiros-no-Vietname.jpg\",\"contentUrl\":\"https:\\\/\\\/jornaldasoficinas.com\\\/pt\\\/wp-content\\\/uploads\\\/2025\\\/05\\\/Krautli-comemora-35-anos-com-parceiros-no-Vietname.jpg\",\"width\":1024,\"height\":581,\"caption\":\"05 - Krautli comemora 35 anos com parceiros no Vietname\"},{\"@type\":\"BreadcrumbList\",\"@id\":\"https:\\\/\\\/jornaldasoficinas.com\\\/pt\\\/krautli-comemora-35-anos-com-parceiros-no-vietname\\\/#breadcrumb\",\"itemListElement\":[{\"@type\":\"ListItem\",\"position\":1,\"name\":\"In\u00edcio\",\"item\":\"https:\\\/\\\/jornaldasoficinas.com\\\/pt\\\/\"},{\"@type\":\"ListItem\",\"position\":2,\"name\":\"Krautli comemora 35 anos com parceiros no Vietname\"}]},{\"@type\":\"WebSite\",\"@id\":\"https:\\\/\\\/jornaldasoficinas.com\\\/pt\\\/#website\",\"url\":\"https:\\\/\\\/jornaldasoficinas.com\\\/pt\\\/\",\"name\":\"Jornal das Oficinas\",\"description\":\"Jornal independente do Aftermarket Autom\u00f3vel em Portugal\",\"publisher\":{\"@id\":\"https:\\\/\\\/jornaldasoficinas.com\\\/pt\\\/#organization\"},\"potentialAction\":[{\"@type\":\"SearchAction\",\"target\":{\"@type\":\"EntryPoint\",\"urlTemplate\":\"https:\\\/\\\/jornaldasoficinas.com\\\/pt\\\/?s={search_term_string}\"},\"query-input\":{\"@type\":\"PropertyValueSpecification\",\"valueRequired\":true,\"valueName\":\"search_term_string\"}}],\"inLanguage\":\"pt-PT\"},{\"@type\":\"Organization\",\"@id\":\"https:\\\/\\\/jornaldasoficinas.com\\\/pt\\\/#organization\",\"name\":\"Jornal das Oficinas\",\"url\":\"https:\\\/\\\/jornaldasoficinas.com\\\/pt\\\/\",\"logo\":{\"@type\":\"ImageObject\",\"inLanguage\":\"pt-PT\",\"@id\":\"https:\\\/\\\/jornaldasoficinas.com\\\/pt\\\/#\\\/schema\\\/logo\\\/image\\\/\",\"url\":\"https:\\\/\\\/jornaldasoficinas.com\\\/pt\\\/wp-content\\\/uploads\\\/logoJO-SEO.png\",\"contentUrl\":\"https:\\\/\\\/jornaldasoficinas.com\\\/pt\\\/wp-content\\\/uploads\\\/logoJO-SEO.png\",\"width\":285,\"height\":450,\"caption\":\"Jornal das Oficinas\"},\"image\":{\"@id\":\"https:\\\/\\\/jornaldasoficinas.com\\\/pt\\\/#\\\/schema\\\/logo\\\/image\\\/\"},\"sameAs\":[\"https:\\\/\\\/www.facebook.com\\\/jornaloficinas\",\"https:\\\/\\\/x.com\\\/jornaloficinas\",\"https:\\\/\\\/www.instagram.com\\\/jornal_oficinas\\\/\",\"https:\\\/\\\/www.linkedin.com\\\/company\\\/jornal-das-oficinas\\\/\",\"https:\\\/\\\/www.youtube.com\\\/channel\\\/UCbQZBqtcvV-oSQrr7RzINGg\"]},{\"@type\":\"Person\",\"@id\":\"https:\\\/\\\/jornaldasoficinas.com\\\/pt\\\/#\\\/schema\\\/person\\\/a38eef5de2c41d9e7c9ac10141afddf3\",\"name\":\"Reda\u00e7\u00e3o JO\",\"image\":{\"@type\":\"ImageObject\",\"inLanguage\":\"pt-PT\",\"@id\":\"https:\\\/\\\/secure.gravatar.com\\\/avatar\\\/71f2fa71737ad68a84fea94bc708ddac8ea5b0c4788dc2ad202f3ccb2887742f?s=96&d=wp_user_avatar&r=g\",\"url\":\"https:\\\/\\\/secure.gravatar.com\\\/avatar\\\/71f2fa71737ad68a84fea94bc708ddac8ea5b0c4788dc2ad202f3ccb2887742f?s=96&d=wp_user_avatar&r=g\",\"contentUrl\":\"https:\\\/\\\/secure.gravatar.com\\\/avatar\\\/71f2fa71737ad68a84fea94bc708ddac8ea5b0c4788dc2ad202f3ccb2887742f?s=96&d=wp_user_avatar&r=g\",\"caption\":\"Reda\u00e7\u00e3o JO\"},\"url\":\"https:\\\/\\\/jornaldasoficinas.com\\\/pt\\\/author\\\/joredacao\\\/\"}]}<\/script>\n<!-- \/ Yoast SEO plugin. -->","yoast_head_json":{"title":"Krautli comemora 35 anos com parceiros no Vietname - Jornal das Oficinas","description":"A Krautli Portugal celebrou os seus 35 anos com uma viagem exclusiva ao Vietname, juntando clientes e parceiros num gesto de reconhecimento","robots":{"index":"index","follow":"follow","max-snippet":"max-snippet:-1","max-image-preview":"max-image-preview:large","max-video-preview":"max-video-preview:-1"},"canonical":"https:\/\/jornaldasoficinas.com\/pt\/krautli-comemora-35-anos-com-parceiros-no-vietname\/","og_locale":"pt_PT","og_type":"article","og_title":"Krautli comemora 35 anos com parceiros no Vietname - Jornal das Oficinas","og_description":"A Krautli Portugal celebrou os seus 35 anos com uma viagem exclusiva ao Vietname, juntando clientes e parceiros num gesto de reconhecimento","og_url":"https:\/\/jornaldasoficinas.com\/pt\/krautli-comemora-35-anos-com-parceiros-no-vietname\/","og_site_name":"Jornal das Oficinas","article_publisher":"https:\/\/www.facebook.com\/jornaloficinas","article_published_time":"2025-05-14T13:00:35+00:00","article_modified_time":"2025-05-14T20:07:33+00:00","og_image":[{"width":1024,"height":581,"url":"https:\/\/jornaldasoficinas.com\/pt\/wp-content\/uploads\/2025\/05\/Krautli-comemora-35-anos-com-parceiros-no-Vietname.jpg","type":"image\/jpeg"}],"author":"Reda\u00e7\u00e3o JO","twitter_card":"summary_large_image","twitter_creator":"@jornaloficinas","twitter_site":"@jornaloficinas","twitter_misc":{"Escrito por":"Reda\u00e7\u00e3o JO","Tempo estimado de leitura":"2 minutos"},"schema":{"@context":"https:\/\/schema.org","@graph":[{"@type":"Article","@id":"https:\/\/jornaldasoficinas.com\/pt\/krautli-comemora-35-anos-com-parceiros-no-vietname\/#article","isPartOf":{"@id":"https:\/\/jornaldasoficinas.com\/pt\/krautli-comemora-35-anos-com-parceiros-no-vietname\/"},"author":{"name":"Reda\u00e7\u00e3o JO","@id":"https:\/\/jornaldasoficinas.com\/pt\/#\/schema\/person\/a38eef5de2c41d9e7c9ac10141afddf3"},"headline":"Krautli comemora 35 anos com parceiros no Vietname","datePublished":"2025-05-14T13:00:35+00:00","dateModified":"2025-05-14T20:07:33+00:00","mainEntityOfPage":{"@id":"https:\/\/jornaldasoficinas.com\/pt\/krautli-comemora-35-anos-com-parceiros-no-vietname\/"},"wordCount":222,"publisher":{"@id":"https:\/\/jornaldasoficinas.com\/pt\/#organization"},"image":{"@id":"https:\/\/jornaldasoficinas.com\/pt\/krautli-comemora-35-anos-com-parceiros-no-vietname\/#primaryimage"},"thumbnailUrl":"https:\/\/jornaldasoficinas.com\/pt\/wp-content\/uploads\/2025\/05\/Krautli-comemora-35-anos-com-parceiros-no-Vietname.jpg","keywords":["35 anos de atividade","KRAUTLI Portugal","networking","parceiros","viagem exclusiva","Vietname"],"articleSection":["Empresas"],"inLanguage":"pt-PT"},{"@type":"WebPage","@id":"https:\/\/jornaldasoficinas.com\/pt\/krautli-comemora-35-anos-com-parceiros-no-vietname\/","url":"https:\/\/jornaldasoficinas.com\/pt\/krautli-comemora-35-anos-com-parceiros-no-vietname\/","name":"Krautli comemora 35 anos com parceiros no Vietname - Jornal das Oficinas","isPartOf":{"@id":"https:\/\/jornaldasoficinas.com\/pt\/#website"},"primaryImageOfPage":{"@id":"https:\/\/jornaldasoficinas.com\/pt\/krautli-comemora-35-anos-com-parceiros-no-vietname\/#primaryimage"},"image":{"@id":"https:\/\/jornaldasoficinas.com\/pt\/krautli-comemora-35-anos-com-parceiros-no-vietname\/#primaryimage"},"thumbnailUrl":"https:\/\/jornaldasoficinas.com\/pt\/wp-content\/uploads\/2025\/05\/Krautli-comemora-35-anos-com-parceiros-no-Vietname.jpg","datePublished":"2025-05-14T13:00:35+00:00","dateModified":"2025-05-14T20:07:33+00:00","description":"A Krautli Portugal celebrou os seus 35 anos com uma viagem exclusiva ao Vietname, juntando clientes e parceiros num gesto de reconhecimento","breadcrumb":{"@id":"https:\/\/jornaldasoficinas.com\/pt\/krautli-comemora-35-anos-com-parceiros-no-vietname\/#breadcrumb"},"inLanguage":"pt-PT","potentialAction":[{"@type":"ReadAction","target":["https:\/\/jornaldasoficinas.com\/pt\/krautli-comemora-35-anos-com-parceiros-no-vietname\/"]}]},{"@type":"ImageObject","inLanguage":"pt-PT","@id":"https:\/\/jornaldasoficinas.com\/pt\/krautli-comemora-35-anos-com-parceiros-no-vietname\/#primaryimage","url":"https:\/\/jornaldasoficinas.com\/pt\/wp-content\/uploads\/2025\/05\/Krautli-comemora-35-anos-com-parceiros-no-Vietname.jpg","contentUrl":"https:\/\/jornaldasoficinas.com\/pt\/wp-content\/uploads\/2025\/05\/Krautli-comemora-35-anos-com-parceiros-no-Vietname.jpg","width":1024,"height":581,"caption":"05 - Krautli comemora 35 anos com parceiros no Vietname"},{"@type":"BreadcrumbList","@id":"https:\/\/jornaldasoficinas.com\/pt\/krautli-comemora-35-anos-com-parceiros-no-vietname\/#breadcrumb","itemListElement":[{"@type":"ListItem","position":1,"name":"In\u00edcio","item":"https:\/\/jornaldasoficinas.com\/pt\/"},{"@type":"ListItem","position":2,"name":"Krautli comemora 35 anos com parceiros no Vietname"}]},{"@type":"WebSite","@id":"https:\/\/jornaldasoficinas.com\/pt\/#website","url":"https:\/\/jornaldasoficinas.com\/pt\/","name":"Jornal das Oficinas","description":"Jornal independente do Aftermarket Autom\u00f3vel em Portugal","publisher":{"@id":"https:\/\/jornaldasoficinas.com\/pt\/#organization"},"potentialAction":[{"@type":"SearchAction","target":{"@type":"EntryPoint","urlTemplate":"https:\/\/jornaldasoficinas.com\/pt\/?s={search_term_string}"},"query-input":{"@type":"PropertyValueSpecification","valueRequired":true,"valueName":"search_term_string"}}],"inLanguage":"pt-PT"},{"@type":"Organization","@id":"https:\/\/jornaldasoficinas.com\/pt\/#organization","name":"Jornal das Oficinas","url":"https:\/\/jornaldasoficinas.com\/pt\/","logo":{"@type":"ImageObject","inLanguage":"pt-PT","@id":"https:\/\/jornaldasoficinas.com\/pt\/#\/schema\/logo\/image\/","url":"https:\/\/jornaldasoficinas.com\/pt\/wp-content\/uploads\/logoJO-SEO.png","contentUrl":"https:\/\/jornaldasoficinas.com\/pt\/wp-content\/uploads\/logoJO-SEO.png","width":285,"height":450,"caption":"Jornal das Oficinas"},"image":{"@id":"https:\/\/jornaldasoficinas.com\/pt\/#\/schema\/logo\/image\/"},"sameAs":["https:\/\/www.facebook.com\/jornaloficinas","https:\/\/x.com\/jornaloficinas","https:\/\/www.instagram.com\/jornal_oficinas\/","https:\/\/www.linkedin.com\/company\/jornal-das-oficinas\/","https:\/\/www.youtube.com\/channel\/UCbQZBqtcvV-oSQrr7RzINGg"]},{"@type":"Person","@id":"https:\/\/jornaldasoficinas.com\/pt\/#\/schema\/person\/a38eef5de2c41d9e7c9ac10141afddf3","name":"Reda\u00e7\u00e3o JO","image":{"@type":"ImageObject","inLanguage":"pt-PT","@id":"https:\/\/secure.gravatar.com\/avatar\/71f2fa71737ad68a84fea94bc708ddac8ea5b0c4788dc2ad202f3ccb2887742f?s=96&d=wp_user_avatar&r=g","url":"https:\/\/secure.gravatar.com\/avatar\/71f2fa71737ad68a84fea94bc708ddac8ea5b0c4788dc2ad202f3ccb2887742f?s=96&d=wp_user_avatar&r=g","contentUrl":"https:\/\/secure.gravatar.com\/avatar\/71f2fa71737ad68a84fea94bc708ddac8ea5b0c4788dc2ad202f3ccb2887742f?s=96&d=wp_user_avatar&r=g","caption":"Reda\u00e7\u00e3o JO"},"url":"https:\/\/jornaldasoficinas.com\/pt\/author\/joredacao\/"}]}},"_links":{"self":[{"href":"https:\/\/jornaldasoficinas.com\/pt\/wp-json\/wp\/v2\/posts\/101880","targetHints":{"allow":["GET"]}}],"collection":[{"href":"https:\/\/jornaldasoficinas.com\/pt\/wp-json\/wp\/v2\/posts"}],"about":[{"href":"https:\/\/jornaldasoficinas.com\/pt\/wp-json\/wp\/v2\/types\/post"}],"author":[{"embeddable":true,"href":"https:\/\/jornaldasoficinas.com\/pt\/wp-json\/wp\/v2\/users\/15"}],"replies":[{"embeddable":true,"href":"https:\/\/jornaldasoficinas.com\/pt\/wp-json\/wp\/v2\/comments?post=101880"}],"version-history":[{"count":6,"href":"https:\/\/jornaldasoficinas.com\/pt\/wp-json\/wp\/v2\/posts\/101880\/revisions"}],"predecessor-version":[{"id":101968,"href":"https:\/\/jornaldasoficinas.com\/pt\/wp-json\/wp\/v2\/posts\/101880\/revisions\/101968"}],"wp:featuredmedia":[{"embeddable":true,"href":"https:\/\/jornaldasoficinas.com\/pt\/wp-json\/wp\/v2\/media\/101967"}],"wp:attachment":[{"href":"https:\/\/jornaldasoficinas.com\/pt\/wp-json\/wp\/v2\/media?parent=101880"}],"wp:term":[{"taxonomy":"category","embeddable":true,"href":"https:\/\/jornaldasoficinas.com\/pt\/wp-json\/wp\/v2\/categories?post=101880"},{"taxonomy":"post_tag","embeddable":true,"href":"https:\/\/jornaldasoficinas.com\/pt\/wp-json\/wp\/v2\/tags?post=101880"}],"curies":[{"name":"wp","href":"https:\/\/api.w.org\/{rel}","templated":true}]}}