{"id":10200,"date":"2020-03-01T09:55:39","date_gmt":"2020-03-01T09:55:39","guid":{"rendered":"https:\/\/jornaldasoficinas.com\/pt\/?p=10200"},"modified":"2023-07-19T13:29:43","modified_gmt":"2023-07-19T12:29:43","slug":"a-ponta-do-icebergue","status":"publish","type":"post","link":"https:\/\/jornaldasoficinas.com\/pt\/a-ponta-do-icebergue\/","title":{"rendered":"A ponta do icebergue"},"content":{"rendered":"<p><strong><img loading=\"lazy\" decoding=\"async\" class=\"alignleft wp-image-10202\" src=\"https:\/\/jornaldasoficinas.com\/pt\/wp-content\/uploads\/2020\/03\/paulossantos-300x170.jpg\" alt=\"\" width=\"501\" height=\"284\" srcset=\"https:\/\/jornaldasoficinas.com\/pt\/wp-content\/uploads\/2020\/03\/paulossantos-300x170.jpg 300w, https:\/\/jornaldasoficinas.com\/pt\/wp-content\/uploads\/2020\/03\/paulossantos-150x85.jpg 150w, https:\/\/jornaldasoficinas.com\/pt\/wp-content\/uploads\/2020\/03\/paulossantos-768x436.jpg 768w, https:\/\/jornaldasoficinas.com\/pt\/wp-content\/uploads\/2020\/03\/paulossantos.jpg 1024w\" sizes=\"auto, (max-width: 501px) 100vw, 501px\" \/>Esta \u00e9 a analogia que me ocorre para o estado em que a ind\u00fastria autom\u00f3vel se encontra. \u00c9 not\u00f3ria uma forte transforma\u00e7\u00e3o tecnol\u00f3gica e, seguramente, que o futuro do nosso setor sofrer\u00e1 fortes mudan\u00e7as ao longo desta nova d\u00e9cada.<\/strong><\/p>\n<p>Esta transforma\u00e7\u00e3o afetar\u00e1, de forma transversal, todos os operadores do mercado e, em particular, o setor dos lubrificantes. A \u201cordem para matar as emiss\u00f5es de CO2\u201d far\u00e1 com que as atuais formas de propuls\u00e3o se alterem e a poss\u00edvel massifica\u00e7\u00e3o de viaturas el\u00e9tricas\/aut\u00f3nomas levar\u00e1 a uma redu\u00e7\u00e3o no consumo de lubrificantes neste setor. A ind\u00fastria dos lubrificantes est\u00e1 a tentar minimizar os \u00edndices poluentes dos motores t\u00e9rmicos, com emiss\u00f5es de cinzas sulfatadas cada vez mais contidas, intervalos de manuten\u00e7\u00e3o mais alargados e maior efici\u00eancia do ponto de vista do consumo de combust\u00edvel. Mas este setor, por si s\u00f3, n\u00e3o ser\u00e1 suficiente para que se possam atingir n\u00edveis de CO2 na ordem das 50 g\/km a partir de 2023 e travar a tend\u00eancia do setor para a eletrifica\u00e7\u00e3o.<\/p>\n<blockquote><p>A \u201cordem para matar as emiss\u00f5es de CO2\u201d far\u00e1 com que as atuais formas de propuls\u00e3o dos ve\u00edculos se alterem<\/p><\/blockquote>\n<p>Esta propens\u00e3o tem levado \u00e0 introdu\u00e7\u00e3o de n\u00edveis de viscosidade cada vez mais baixos (0W-20, 0W-16 &#8211; at\u00e9 se consideram 0W-8), com n\u00edveis de desempenho muito elevados, que garantem intervalos de manuten\u00e7\u00e3o mais alargados, os quais podem ascender aos 60.000 km nas viaturas ligeiras e j\u00e1 superam os 120.000 km nos ve\u00edculos pesados. No entanto, a inefici\u00eancia energ\u00e9tica da tecnologia t\u00e9rmica \u00e9 elevada e ainda mais ineficiente do ponto de vista das emiss\u00f5es de CO2, se comparada com a tend\u00eancia para a eletrifica\u00e7\u00e3o.<\/p>\n<p>Restar\u00e1 sempre para esta ind\u00fastria a lubrifica\u00e7\u00e3o de alguns componentes e acess\u00f3rios, como caixas de velocidade, caixas de transfer\u00eancia e, tamb\u00e9m, as baterias, que necessitar\u00e3o de anticongelantes com tecnologia de ponta por forma a aumentar a sua dura\u00e7\u00e3o e efici\u00eancia. Tecnologia que ficar\u00e1 a cargo de muito poucas marcas, fruto das baixas quantidades envolvidas e elevada exig\u00eancia t\u00e9cnica associada. Muitos continuam c\u00e9ticos em rela\u00e7\u00e3o aos avan\u00e7os da tecnologia. E uma grande maioria est\u00e1 descrente quanto \u00e0s solu\u00e7\u00f5es el\u00e9tricas. Mas ser\u00e1 muito dif\u00edcil travar esta tend\u00eancia.<\/p>\n<p>As for\u00e7as s\u00e3o in\u00fameras e v\u00eam de diversas \u00e1reas, como \u00e9 disso exemplo o setor agr\u00edcola, fortemente afetado pela instabilidade clim\u00e1tica. Para refor\u00e7ar este ponto de vista, recordo recentes conversas que tive com o Eng.\u00b0 Capoulas Santos, anterior Ministro da Agricultura, e com o Dr. Jos\u00e9 Fonseca, diretor regional da Agricultura e Pescas de Lisboa e Vale do Tejo, que me referiam que o maior problema que o setor prim\u00e1rio atravessa \u00e9 a instabilidade clim\u00e1tica, que afeta todo o tipo de culturas a c\u00e9u aberto, algo que est\u00e1 em cima da mesa por parte de todos os seus hom\u00f3logos, em todo o mundo. Estas quest\u00f5es n\u00e3o fazem parte do nosso dia a dia enquanto operadores do setor terci\u00e1rio, mas n\u00e3o podemos deixar de as levar em considera\u00e7\u00e3o. Sem um setor prim\u00e1rio funcional, nada acontecer\u00e1 a montante.<\/p>\n","protected":false},"excerpt":{"rendered":"<p>Esta \u00e9 a analogia que me&#8230;<\/p>\n","protected":false},"author":15,"featured_media":10202,"comment_status":"closed","ping_status":"closed","sticky":false,"template":"","format":"standard","meta":{"footnotes":""},"categories":[38,1],"tags":[685],"class_list":["post-10200","post","type-post","status-publish","format-standard","has-post-thumbnail","hentry","category-entrevistas","category-uncategorized","tag-valvoline"],"yoast_head":"<!-- This site is optimized with the Yoast SEO plugin v27.4 - https:\/\/yoast.com\/product\/yoast-seo-wordpress\/ -->\n<title>A ponta do icebergue - Jornal das Oficinas<\/title>\n<meta name=\"robots\" content=\"index, follow, max-snippet:-1, max-image-preview:large, max-video-preview:-1\" \/>\n<link rel=\"canonical\" href=\"https:\/\/jornaldasoficinas.com\/pt\/a-ponta-do-icebergue\/\" \/>\n<meta property=\"og:locale\" content=\"pt_PT\" \/>\n<meta property=\"og:type\" content=\"article\" \/>\n<meta property=\"og:title\" content=\"A ponta do icebergue - Jornal das Oficinas\" \/>\n<meta property=\"og:description\" content=\"Esta \u00e9 a analogia que me...\" \/>\n<meta property=\"og:url\" content=\"https:\/\/jornaldasoficinas.com\/pt\/a-ponta-do-icebergue\/\" \/>\n<meta property=\"og:site_name\" content=\"Jornal das Oficinas\" \/>\n<meta property=\"article:publisher\" content=\"https:\/\/www.facebook.com\/jornaloficinas\" \/>\n<meta property=\"article:published_time\" content=\"2020-03-01T09:55:39+00:00\" \/>\n<meta property=\"article:modified_time\" content=\"2023-07-19T12:29:43+00:00\" \/>\n<meta property=\"og:image\" content=\"https:\/\/jornaldasoficinas.com\/pt\/wp-content\/uploads\/2020\/03\/paulossantos.jpg\" \/>\n\t<meta property=\"og:image:width\" content=\"1024\" \/>\n\t<meta property=\"og:image:height\" content=\"581\" \/>\n\t<meta property=\"og:image:type\" content=\"image\/jpeg\" \/>\n<meta name=\"author\" content=\"Reda\u00e7\u00e3o JO\" \/>\n<meta name=\"twitter:card\" content=\"summary_large_image\" \/>\n<meta name=\"twitter:creator\" content=\"@jornaloficinas\" \/>\n<meta name=\"twitter:site\" content=\"@jornaloficinas\" \/>\n<meta name=\"twitter:label1\" content=\"Escrito por\" \/>\n\t<meta name=\"twitter:data1\" content=\"Reda\u00e7\u00e3o JO\" \/>\n\t<meta name=\"twitter:label2\" content=\"Tempo estimado de leitura\" \/>\n\t<meta name=\"twitter:data2\" content=\"3 minutos\" \/>\n<script type=\"application\/ld+json\" class=\"yoast-schema-graph\">{\"@context\":\"https:\\\/\\\/schema.org\",\"@graph\":[{\"@type\":\"Article\",\"@id\":\"https:\\\/\\\/jornaldasoficinas.com\\\/pt\\\/a-ponta-do-icebergue\\\/#article\",\"isPartOf\":{\"@id\":\"https:\\\/\\\/jornaldasoficinas.com\\\/pt\\\/a-ponta-do-icebergue\\\/\"},\"author\":{\"name\":\"Reda\u00e7\u00e3o JO\",\"@id\":\"https:\\\/\\\/jornaldasoficinas.com\\\/pt\\\/#\\\/schema\\\/person\\\/a38eef5de2c41d9e7c9ac10141afddf3\"},\"headline\":\"A ponta do icebergue\",\"datePublished\":\"2020-03-01T09:55:39+00:00\",\"dateModified\":\"2023-07-19T12:29:43+00:00\",\"mainEntityOfPage\":{\"@id\":\"https:\\\/\\\/jornaldasoficinas.com\\\/pt\\\/a-ponta-do-icebergue\\\/\"},\"wordCount\":560,\"publisher\":{\"@id\":\"https:\\\/\\\/jornaldasoficinas.com\\\/pt\\\/#organization\"},\"image\":{\"@id\":\"https:\\\/\\\/jornaldasoficinas.com\\\/pt\\\/a-ponta-do-icebergue\\\/#primaryimage\"},\"thumbnailUrl\":\"https:\\\/\\\/jornaldasoficinas.com\\\/pt\\\/wp-content\\\/uploads\\\/2020\\\/03\\\/paulossantos.jpg\",\"keywords\":[\"valvoline\"],\"articleSection\":[\"Entrevistas\",\"Uncategorized\"],\"inLanguage\":\"pt-PT\"},{\"@type\":\"WebPage\",\"@id\":\"https:\\\/\\\/jornaldasoficinas.com\\\/pt\\\/a-ponta-do-icebergue\\\/\",\"url\":\"https:\\\/\\\/jornaldasoficinas.com\\\/pt\\\/a-ponta-do-icebergue\\\/\",\"name\":\"A ponta do icebergue - Jornal das Oficinas\",\"isPartOf\":{\"@id\":\"https:\\\/\\\/jornaldasoficinas.com\\\/pt\\\/#website\"},\"primaryImageOfPage\":{\"@id\":\"https:\\\/\\\/jornaldasoficinas.com\\\/pt\\\/a-ponta-do-icebergue\\\/#primaryimage\"},\"image\":{\"@id\":\"https:\\\/\\\/jornaldasoficinas.com\\\/pt\\\/a-ponta-do-icebergue\\\/#primaryimage\"},\"thumbnailUrl\":\"https:\\\/\\\/jornaldasoficinas.com\\\/pt\\\/wp-content\\\/uploads\\\/2020\\\/03\\\/paulossantos.jpg\",\"datePublished\":\"2020-03-01T09:55:39+00:00\",\"dateModified\":\"2023-07-19T12:29:43+00:00\",\"breadcrumb\":{\"@id\":\"https:\\\/\\\/jornaldasoficinas.com\\\/pt\\\/a-ponta-do-icebergue\\\/#breadcrumb\"},\"inLanguage\":\"pt-PT\",\"potentialAction\":[{\"@type\":\"ReadAction\",\"target\":[\"https:\\\/\\\/jornaldasoficinas.com\\\/pt\\\/a-ponta-do-icebergue\\\/\"]}]},{\"@type\":\"ImageObject\",\"inLanguage\":\"pt-PT\",\"@id\":\"https:\\\/\\\/jornaldasoficinas.com\\\/pt\\\/a-ponta-do-icebergue\\\/#primaryimage\",\"url\":\"https:\\\/\\\/jornaldasoficinas.com\\\/pt\\\/wp-content\\\/uploads\\\/2020\\\/03\\\/paulossantos.jpg\",\"contentUrl\":\"https:\\\/\\\/jornaldasoficinas.com\\\/pt\\\/wp-content\\\/uploads\\\/2020\\\/03\\\/paulossantos.jpg\",\"width\":1024,\"height\":581},{\"@type\":\"BreadcrumbList\",\"@id\":\"https:\\\/\\\/jornaldasoficinas.com\\\/pt\\\/a-ponta-do-icebergue\\\/#breadcrumb\",\"itemListElement\":[{\"@type\":\"ListItem\",\"position\":1,\"name\":\"In\u00edcio\",\"item\":\"https:\\\/\\\/jornaldasoficinas.com\\\/pt\\\/\"},{\"@type\":\"ListItem\",\"position\":2,\"name\":\"A ponta do icebergue\"}]},{\"@type\":\"WebSite\",\"@id\":\"https:\\\/\\\/jornaldasoficinas.com\\\/pt\\\/#website\",\"url\":\"https:\\\/\\\/jornaldasoficinas.com\\\/pt\\\/\",\"name\":\"Jornal das Oficinas\",\"description\":\"Jornal independente do Aftermarket Autom\u00f3vel em Portugal\",\"publisher\":{\"@id\":\"https:\\\/\\\/jornaldasoficinas.com\\\/pt\\\/#organization\"},\"potentialAction\":[{\"@type\":\"SearchAction\",\"target\":{\"@type\":\"EntryPoint\",\"urlTemplate\":\"https:\\\/\\\/jornaldasoficinas.com\\\/pt\\\/?s={search_term_string}\"},\"query-input\":{\"@type\":\"PropertyValueSpecification\",\"valueRequired\":true,\"valueName\":\"search_term_string\"}}],\"inLanguage\":\"pt-PT\"},{\"@type\":\"Organization\",\"@id\":\"https:\\\/\\\/jornaldasoficinas.com\\\/pt\\\/#organization\",\"name\":\"Jornal das Oficinas\",\"url\":\"https:\\\/\\\/jornaldasoficinas.com\\\/pt\\\/\",\"logo\":{\"@type\":\"ImageObject\",\"inLanguage\":\"pt-PT\",\"@id\":\"https:\\\/\\\/jornaldasoficinas.com\\\/pt\\\/#\\\/schema\\\/logo\\\/image\\\/\",\"url\":\"https:\\\/\\\/jornaldasoficinas.com\\\/pt\\\/wp-content\\\/uploads\\\/logoJO-SEO.png\",\"contentUrl\":\"https:\\\/\\\/jornaldasoficinas.com\\\/pt\\\/wp-content\\\/uploads\\\/logoJO-SEO.png\",\"width\":285,\"height\":450,\"caption\":\"Jornal das Oficinas\"},\"image\":{\"@id\":\"https:\\\/\\\/jornaldasoficinas.com\\\/pt\\\/#\\\/schema\\\/logo\\\/image\\\/\"},\"sameAs\":[\"https:\\\/\\\/www.facebook.com\\\/jornaloficinas\",\"https:\\\/\\\/x.com\\\/jornaloficinas\",\"https:\\\/\\\/www.instagram.com\\\/jornal_oficinas\\\/\",\"https:\\\/\\\/www.linkedin.com\\\/company\\\/jornal-das-oficinas\\\/\",\"https:\\\/\\\/www.youtube.com\\\/channel\\\/UCbQZBqtcvV-oSQrr7RzINGg\"]},{\"@type\":\"Person\",\"@id\":\"https:\\\/\\\/jornaldasoficinas.com\\\/pt\\\/#\\\/schema\\\/person\\\/a38eef5de2c41d9e7c9ac10141afddf3\",\"name\":\"Reda\u00e7\u00e3o JO\",\"image\":{\"@type\":\"ImageObject\",\"inLanguage\":\"pt-PT\",\"@id\":\"https:\\\/\\\/secure.gravatar.com\\\/avatar\\\/71f2fa71737ad68a84fea94bc708ddac8ea5b0c4788dc2ad202f3ccb2887742f?s=96&d=wp_user_avatar&r=g\",\"url\":\"https:\\\/\\\/secure.gravatar.com\\\/avatar\\\/71f2fa71737ad68a84fea94bc708ddac8ea5b0c4788dc2ad202f3ccb2887742f?s=96&d=wp_user_avatar&r=g\",\"contentUrl\":\"https:\\\/\\\/secure.gravatar.com\\\/avatar\\\/71f2fa71737ad68a84fea94bc708ddac8ea5b0c4788dc2ad202f3ccb2887742f?s=96&d=wp_user_avatar&r=g\",\"caption\":\"Reda\u00e7\u00e3o JO\"},\"url\":\"https:\\\/\\\/jornaldasoficinas.com\\\/pt\\\/author\\\/joredacao\\\/\"}]}<\/script>\n<!-- \/ Yoast SEO plugin. -->","yoast_head_json":{"title":"A ponta do icebergue - Jornal das Oficinas","robots":{"index":"index","follow":"follow","max-snippet":"max-snippet:-1","max-image-preview":"max-image-preview:large","max-video-preview":"max-video-preview:-1"},"canonical":"https:\/\/jornaldasoficinas.com\/pt\/a-ponta-do-icebergue\/","og_locale":"pt_PT","og_type":"article","og_title":"A ponta do icebergue - Jornal das Oficinas","og_description":"Esta \u00e9 a analogia que me...","og_url":"https:\/\/jornaldasoficinas.com\/pt\/a-ponta-do-icebergue\/","og_site_name":"Jornal das Oficinas","article_publisher":"https:\/\/www.facebook.com\/jornaloficinas","article_published_time":"2020-03-01T09:55:39+00:00","article_modified_time":"2023-07-19T12:29:43+00:00","og_image":[{"width":1024,"height":581,"url":"https:\/\/jornaldasoficinas.com\/pt\/wp-content\/uploads\/2020\/03\/paulossantos.jpg","type":"image\/jpeg"}],"author":"Reda\u00e7\u00e3o JO","twitter_card":"summary_large_image","twitter_creator":"@jornaloficinas","twitter_site":"@jornaloficinas","twitter_misc":{"Escrito por":"Reda\u00e7\u00e3o JO","Tempo estimado de leitura":"3 minutos"},"schema":{"@context":"https:\/\/schema.org","@graph":[{"@type":"Article","@id":"https:\/\/jornaldasoficinas.com\/pt\/a-ponta-do-icebergue\/#article","isPartOf":{"@id":"https:\/\/jornaldasoficinas.com\/pt\/a-ponta-do-icebergue\/"},"author":{"name":"Reda\u00e7\u00e3o JO","@id":"https:\/\/jornaldasoficinas.com\/pt\/#\/schema\/person\/a38eef5de2c41d9e7c9ac10141afddf3"},"headline":"A ponta do icebergue","datePublished":"2020-03-01T09:55:39+00:00","dateModified":"2023-07-19T12:29:43+00:00","mainEntityOfPage":{"@id":"https:\/\/jornaldasoficinas.com\/pt\/a-ponta-do-icebergue\/"},"wordCount":560,"publisher":{"@id":"https:\/\/jornaldasoficinas.com\/pt\/#organization"},"image":{"@id":"https:\/\/jornaldasoficinas.com\/pt\/a-ponta-do-icebergue\/#primaryimage"},"thumbnailUrl":"https:\/\/jornaldasoficinas.com\/pt\/wp-content\/uploads\/2020\/03\/paulossantos.jpg","keywords":["valvoline"],"articleSection":["Entrevistas","Uncategorized"],"inLanguage":"pt-PT"},{"@type":"WebPage","@id":"https:\/\/jornaldasoficinas.com\/pt\/a-ponta-do-icebergue\/","url":"https:\/\/jornaldasoficinas.com\/pt\/a-ponta-do-icebergue\/","name":"A ponta do icebergue - Jornal das Oficinas","isPartOf":{"@id":"https:\/\/jornaldasoficinas.com\/pt\/#website"},"primaryImageOfPage":{"@id":"https:\/\/jornaldasoficinas.com\/pt\/a-ponta-do-icebergue\/#primaryimage"},"image":{"@id":"https:\/\/jornaldasoficinas.com\/pt\/a-ponta-do-icebergue\/#primaryimage"},"thumbnailUrl":"https:\/\/jornaldasoficinas.com\/pt\/wp-content\/uploads\/2020\/03\/paulossantos.jpg","datePublished":"2020-03-01T09:55:39+00:00","dateModified":"2023-07-19T12:29:43+00:00","breadcrumb":{"@id":"https:\/\/jornaldasoficinas.com\/pt\/a-ponta-do-icebergue\/#breadcrumb"},"inLanguage":"pt-PT","potentialAction":[{"@type":"ReadAction","target":["https:\/\/jornaldasoficinas.com\/pt\/a-ponta-do-icebergue\/"]}]},{"@type":"ImageObject","inLanguage":"pt-PT","@id":"https:\/\/jornaldasoficinas.com\/pt\/a-ponta-do-icebergue\/#primaryimage","url":"https:\/\/jornaldasoficinas.com\/pt\/wp-content\/uploads\/2020\/03\/paulossantos.jpg","contentUrl":"https:\/\/jornaldasoficinas.com\/pt\/wp-content\/uploads\/2020\/03\/paulossantos.jpg","width":1024,"height":581},{"@type":"BreadcrumbList","@id":"https:\/\/jornaldasoficinas.com\/pt\/a-ponta-do-icebergue\/#breadcrumb","itemListElement":[{"@type":"ListItem","position":1,"name":"In\u00edcio","item":"https:\/\/jornaldasoficinas.com\/pt\/"},{"@type":"ListItem","position":2,"name":"A ponta do icebergue"}]},{"@type":"WebSite","@id":"https:\/\/jornaldasoficinas.com\/pt\/#website","url":"https:\/\/jornaldasoficinas.com\/pt\/","name":"Jornal das Oficinas","description":"Jornal independente do Aftermarket Autom\u00f3vel em Portugal","publisher":{"@id":"https:\/\/jornaldasoficinas.com\/pt\/#organization"},"potentialAction":[{"@type":"SearchAction","target":{"@type":"EntryPoint","urlTemplate":"https:\/\/jornaldasoficinas.com\/pt\/?s={search_term_string}"},"query-input":{"@type":"PropertyValueSpecification","valueRequired":true,"valueName":"search_term_string"}}],"inLanguage":"pt-PT"},{"@type":"Organization","@id":"https:\/\/jornaldasoficinas.com\/pt\/#organization","name":"Jornal das Oficinas","url":"https:\/\/jornaldasoficinas.com\/pt\/","logo":{"@type":"ImageObject","inLanguage":"pt-PT","@id":"https:\/\/jornaldasoficinas.com\/pt\/#\/schema\/logo\/image\/","url":"https:\/\/jornaldasoficinas.com\/pt\/wp-content\/uploads\/logoJO-SEO.png","contentUrl":"https:\/\/jornaldasoficinas.com\/pt\/wp-content\/uploads\/logoJO-SEO.png","width":285,"height":450,"caption":"Jornal das Oficinas"},"image":{"@id":"https:\/\/jornaldasoficinas.com\/pt\/#\/schema\/logo\/image\/"},"sameAs":["https:\/\/www.facebook.com\/jornaloficinas","https:\/\/x.com\/jornaloficinas","https:\/\/www.instagram.com\/jornal_oficinas\/","https:\/\/www.linkedin.com\/company\/jornal-das-oficinas\/","https:\/\/www.youtube.com\/channel\/UCbQZBqtcvV-oSQrr7RzINGg"]},{"@type":"Person","@id":"https:\/\/jornaldasoficinas.com\/pt\/#\/schema\/person\/a38eef5de2c41d9e7c9ac10141afddf3","name":"Reda\u00e7\u00e3o JO","image":{"@type":"ImageObject","inLanguage":"pt-PT","@id":"https:\/\/secure.gravatar.com\/avatar\/71f2fa71737ad68a84fea94bc708ddac8ea5b0c4788dc2ad202f3ccb2887742f?s=96&d=wp_user_avatar&r=g","url":"https:\/\/secure.gravatar.com\/avatar\/71f2fa71737ad68a84fea94bc708ddac8ea5b0c4788dc2ad202f3ccb2887742f?s=96&d=wp_user_avatar&r=g","contentUrl":"https:\/\/secure.gravatar.com\/avatar\/71f2fa71737ad68a84fea94bc708ddac8ea5b0c4788dc2ad202f3ccb2887742f?s=96&d=wp_user_avatar&r=g","caption":"Reda\u00e7\u00e3o JO"},"url":"https:\/\/jornaldasoficinas.com\/pt\/author\/joredacao\/"}]}},"_links":{"self":[{"href":"https:\/\/jornaldasoficinas.com\/pt\/wp-json\/wp\/v2\/posts\/10200","targetHints":{"allow":["GET"]}}],"collection":[{"href":"https:\/\/jornaldasoficinas.com\/pt\/wp-json\/wp\/v2\/posts"}],"about":[{"href":"https:\/\/jornaldasoficinas.com\/pt\/wp-json\/wp\/v2\/types\/post"}],"author":[{"embeddable":true,"href":"https:\/\/jornaldasoficinas.com\/pt\/wp-json\/wp\/v2\/users\/15"}],"replies":[{"embeddable":true,"href":"https:\/\/jornaldasoficinas.com\/pt\/wp-json\/wp\/v2\/comments?post=10200"}],"version-history":[{"count":0,"href":"https:\/\/jornaldasoficinas.com\/pt\/wp-json\/wp\/v2\/posts\/10200\/revisions"}],"wp:featuredmedia":[{"embeddable":true,"href":"https:\/\/jornaldasoficinas.com\/pt\/wp-json\/wp\/v2\/media\/10202"}],"wp:attachment":[{"href":"https:\/\/jornaldasoficinas.com\/pt\/wp-json\/wp\/v2\/media?parent=10200"}],"wp:term":[{"taxonomy":"category","embeddable":true,"href":"https:\/\/jornaldasoficinas.com\/pt\/wp-json\/wp\/v2\/categories?post=10200"},{"taxonomy":"post_tag","embeddable":true,"href":"https:\/\/jornaldasoficinas.com\/pt\/wp-json\/wp\/v2\/tags?post=10200"}],"curies":[{"name":"wp","href":"https:\/\/api.w.org\/{rel}","templated":true}]}}