{"id":102046,"date":"2025-05-18T12:30:17","date_gmt":"2025-05-18T11:30:17","guid":{"rendered":"https:\/\/jornaldasoficinas.com\/pt\/?p=102046"},"modified":"2025-05-23T18:08:42","modified_gmt":"2025-05-23T17:08:42","slug":"auto-repair-go-e-a-vencedora-do-challenge-oficinas-2025","status":"publish","type":"post","link":"https:\/\/jornaldasoficinas.com\/pt\/auto-repair-go-e-a-vencedora-do-challenge-oficinas-2025\/","title":{"rendered":"Auto Repair &#038; Go \u00e9 a vencedora do Challenge Oficinas 2025"},"content":{"rendered":"<p><strong><img loading=\"lazy\" decoding=\"async\" class=\"alignnone size-full wp-image-102052\" src=\"https:\/\/jornaldasoficinas.com\/pt\/wp-content\/uploads\/2025\/05\/auto-Rec-Oficial-Service.jpeg\" alt=\"05 - auto Rec Oficial Service\" width=\"1024\" height=\"581\" srcset=\"https:\/\/jornaldasoficinas.com\/pt\/wp-content\/uploads\/2025\/05\/auto-Rec-Oficial-Service.jpeg 1024w, https:\/\/jornaldasoficinas.com\/pt\/wp-content\/uploads\/2025\/05\/auto-Rec-Oficial-Service-300x170.jpeg 300w, https:\/\/jornaldasoficinas.com\/pt\/wp-content\/uploads\/2025\/05\/auto-Rec-Oficial-Service-150x85.jpeg 150w, https:\/\/jornaldasoficinas.com\/pt\/wp-content\/uploads\/2025\/05\/auto-Rec-Oficial-Service-768x436.jpeg 768w\" sizes=\"auto, (max-width: 1024px) 100vw, 1024px\" \/><\/strong><\/p>\n<p><strong>A 8.\u00aa edi\u00e7\u00e3o do Challenge Oficinas chegou ao fim com a vit\u00f3ria da equipa <a href=\"https:\/\/www.facebook.com\/people\/Auto-Repair-Go-Oficina-Autorizada-RecOficial\/100057102233981\/?locale=pt_PT&amp;_rdr\" target=\"_blank\" rel=\"noopener\">Auto Repair &amp; Go<\/a> da rede <a href=\"https:\/\/www.recoficial.es\/\" target=\"_blank\" rel=\"noopener\">RecOficial<\/a>, que conquistou o primeiro lugar seguida pelas oficinas <a href=\"https:\/\/acccavaco.pt\/\" target=\"_blank\" rel=\"noopener\">ACC Cavaco<\/a> da <a href=\"https:\/\/www.autocheckcenter.pt\/\" target=\"_blank\" rel=\"noopener\">Auto Check Center<\/a> e <a href=\"https:\/\/automarques.pt\/\" target=\"_blank\" rel=\"noopener\">Auto Marques<\/a> da rede <a href=\"https:\/\/diagtecplus.pt\/\" target=\"_blank\" rel=\"noopener\">Diagtec+<\/a><\/strong><\/p>\n<p>O evento realizou-se nas instala\u00e7\u00f5es da <a href=\"https:\/\/pro4matic.com\/\" target=\"_blank\" rel=\"noopener\">Pro4matic Car Service<\/a>, em Montemor-o-Velho, e reuniu as melhores oficinas em rede para uma competi\u00e7\u00e3o que testou n\u00e3o s\u00f3 o conhecimento t\u00e9cnico, mas tamb\u00e9m as compet\u00eancias de trabalho em equipa, comunica\u00e7\u00e3o e gest\u00e3o do tempo.<\/p>\n<p>Nesta edi\u00e7\u00e3o, os participantes enfrentaram desafios diversificados que refletiram a realidade do setor, onde a excel\u00eancia t\u00e9cnica deve andar de m\u00e3os dadas com a capacidade de colaborar eficazmente em equipa, resolver problemas sob press\u00e3o e comunicar de forma clara e eficiente. Este equil\u00edbrio foi determinante para o sucesso das equipas finalistas.<\/p>\n<p>A iniciativa manteve a din\u00e2mica que aproxima oficinas e patrocinadores, promovendo um ambiente de partilha de conhecimento e colabora\u00e7\u00e3o. Entre os parceiros presentes estiveram <a href=\"https:\/\/www.auteltech.com\/\" target=\"_blank\" rel=\"noopener\">Autel<\/a> by <a href=\"https:\/\/luzdeairbag.com\/\" target=\"_blank\" rel=\"noopener\">Luzdeairbag<\/a>, <a href=\"https:\/\/www.bahco.com\/\" target=\"_blank\" rel=\"noopener\">Bahco<\/a>, <a href=\"https:\/\/www.openparts.it\/\" target=\"_blank\" rel=\"noopener\">Open Parts<\/a> by <a href=\"https:\/\/www.alecarpecas.pt\/\" target=\"_blank\" rel=\"noopener\">AlecarPe\u00e7as<\/a>, <a href=\"https:\/\/www.fiamm.com\/\" target=\"_blank\" rel=\"noopener\">Fiamm<\/a>, <a href=\"https:\/\/www.eurorepar.pt\/\" target=\"_blank\" rel=\"noopener\">Eurorepar<\/a> by <a href=\"https:\/\/www.stellantis.com\/\" target=\"_blank\" rel=\"noopener\">Stellantis<\/a>, <a href=\"https:\/\/www.dayco.com\/\" target=\"_blank\" rel=\"noopener\">Dayco<\/a> e <a href=\"https:\/\/www.repsol.pt\/\" target=\"_blank\" rel=\"noopener\">Repsol<\/a>, que trouxeram pr\u00e9mios e apoio fundamental para a concretiza\u00e7\u00e3o da prova.<\/p>\n<p>A cria\u00e7\u00e3o e avalia\u00e7\u00e3o dos desafios estiveram a cargo da equipa da <a href=\"https:\/\/www.tacademy.pt\/\" target=\"_blank\" rel=\"noopener\">T.Academy<\/a>, que assegurou o rigor t\u00e9cnico e a pertin\u00eancia dos exerc\u00edcios, enquanto a plataforma DataDrive da <a href=\"https:\/\/www.tips4y.pt\/\" target=\"_blank\" rel=\"noopener\">Tips4you<\/a> possibilitou a realiza\u00e7\u00e3o dos exerc\u00edcios de forma r\u00e1pida e eficiente, como j\u00e1 \u00e9 habitual nesta competi\u00e7\u00e3o.<\/p>\n<p>O Jornal das Oficinas agradece \u00e0 Pro4matic, anfitri\u00e3 deste evento h\u00e1 v\u00e1rios anos, pelo acolhimento excecional, e a todas as equipas finalistas pelo empenho, esp\u00edrito competitivo e profissionalismo demonstrados ao longo de toda a competi\u00e7\u00e3o. Ficamos j\u00e1 \u00e0 espera da edi\u00e7\u00e3o de 2026, com novos desafios e o mesmo entusiasmo pelo aftermarket.<\/p>\n<p>Leia os testemunhos dos nossos patrocinadores, da equipa vencedora e parceiros na pr\u00f3xima edi\u00e7\u00e3o do Jornal das Oficinas de junho\/julho de 2025.<\/p>\n","protected":false},"excerpt":{"rendered":"<p>A 8.\u00aa edi\u00e7\u00e3o do Challenge Oficinas&#8230;<\/p>\n","protected":false},"author":15,"featured_media":102052,"comment_status":"closed","ping_status":"closed","sticky":false,"template":"","format":"standard","meta":{"footnotes":""},"categories":[5869],"tags":[12733,1643,7244,2635,1016,1196,552,2966,392,1642,1907,4057,46,2764,12672],"class_list":["post-102046","post","type-post","status-publish","format-standard","has-post-thumbnail","hentry","category-challenge-oficinas","tag-acc-cavaco","tag-autel","tag-auto-marques","tag-auto-repair-go","tag-bahco","tag-challenge-oficinas","tag-dayco","tag-eurorepar","tag-fiamm","tag-luzdeairbag","tag-open-parts","tag-pro4matic-car-service","tag-repsol","tag-t-academy","tag-tips4you"],"yoast_head":"<!-- This site is optimized with the Yoast SEO plugin v27.5 - https:\/\/yoast.com\/product\/yoast-seo-wordpress\/ -->\n<title>Auto Repair &amp; Go \u00e9 a vencedora do Challenge Oficinas 2025 - Jornal das Oficinas<\/title>\n<meta name=\"description\" content=\"A 8.\u00aa edi\u00e7\u00e3o do Challenge Oficinas chegou ao fim com a vit\u00f3ria da equipa Auto Repair &amp; Go da rede RecOficial, que conquistou o primeiro lugar\" \/>\n<meta name=\"robots\" content=\"index, follow, max-snippet:-1, max-image-preview:large, max-video-preview:-1\" \/>\n<link rel=\"canonical\" href=\"https:\/\/jornaldasoficinas.com\/pt\/auto-repair-go-e-a-vencedora-do-challenge-oficinas-2025\/\" \/>\n<meta property=\"og:locale\" content=\"pt_PT\" \/>\n<meta property=\"og:type\" content=\"article\" \/>\n<meta property=\"og:title\" content=\"Auto Repair &amp; Go \u00e9 a vencedora do Challenge Oficinas 2025 - Jornal das Oficinas\" \/>\n<meta property=\"og:description\" content=\"A 8.\u00aa edi\u00e7\u00e3o do Challenge Oficinas chegou ao fim com a vit\u00f3ria da equipa Auto Repair &amp; Go da rede RecOficial, que conquistou o primeiro lugar\" \/>\n<meta property=\"og:url\" content=\"https:\/\/jornaldasoficinas.com\/pt\/auto-repair-go-e-a-vencedora-do-challenge-oficinas-2025\/\" \/>\n<meta property=\"og:site_name\" content=\"Jornal das Oficinas\" \/>\n<meta property=\"article:publisher\" content=\"https:\/\/www.facebook.com\/jornaloficinas\" \/>\n<meta property=\"article:published_time\" content=\"2025-05-18T11:30:17+00:00\" \/>\n<meta property=\"article:modified_time\" content=\"2025-05-23T17:08:42+00:00\" \/>\n<meta property=\"og:image\" content=\"https:\/\/jornaldasoficinas.com\/pt\/wp-content\/uploads\/2025\/05\/auto-Rec-Oficial-Service.jpeg\" \/>\n\t<meta property=\"og:image:width\" content=\"1024\" \/>\n\t<meta property=\"og:image:height\" content=\"581\" \/>\n\t<meta property=\"og:image:type\" content=\"image\/jpeg\" \/>\n<meta name=\"author\" content=\"Reda\u00e7\u00e3o JO\" \/>\n<meta name=\"twitter:card\" content=\"summary_large_image\" \/>\n<meta name=\"twitter:creator\" content=\"@jornaloficinas\" \/>\n<meta name=\"twitter:site\" content=\"@jornaloficinas\" \/>\n<meta name=\"twitter:label1\" content=\"Escrito por\" \/>\n\t<meta name=\"twitter:data1\" content=\"Reda\u00e7\u00e3o JO\" \/>\n\t<meta name=\"twitter:label2\" content=\"Tempo estimado de leitura\" \/>\n\t<meta name=\"twitter:data2\" content=\"3 minutos\" \/>\n<script type=\"application\/ld+json\" class=\"yoast-schema-graph\">{\"@context\":\"https:\\\/\\\/schema.org\",\"@graph\":[{\"@type\":\"Article\",\"@id\":\"https:\\\/\\\/jornaldasoficinas.com\\\/pt\\\/auto-repair-go-e-a-vencedora-do-challenge-oficinas-2025\\\/#article\",\"isPartOf\":{\"@id\":\"https:\\\/\\\/jornaldasoficinas.com\\\/pt\\\/auto-repair-go-e-a-vencedora-do-challenge-oficinas-2025\\\/\"},\"author\":{\"name\":\"Reda\u00e7\u00e3o JO\",\"@id\":\"https:\\\/\\\/jornaldasoficinas.com\\\/pt\\\/#\\\/schema\\\/person\\\/a38eef5de2c41d9e7c9ac10141afddf3\"},\"headline\":\"Auto Repair &#038; Go \u00e9 a vencedora do Challenge Oficinas 2025\",\"datePublished\":\"2025-05-18T11:30:17+00:00\",\"dateModified\":\"2025-05-23T17:08:42+00:00\",\"mainEntityOfPage\":{\"@id\":\"https:\\\/\\\/jornaldasoficinas.com\\\/pt\\\/auto-repair-go-e-a-vencedora-do-challenge-oficinas-2025\\\/\"},\"wordCount\":345,\"publisher\":{\"@id\":\"https:\\\/\\\/jornaldasoficinas.com\\\/pt\\\/#organization\"},\"image\":{\"@id\":\"https:\\\/\\\/jornaldasoficinas.com\\\/pt\\\/auto-repair-go-e-a-vencedora-do-challenge-oficinas-2025\\\/#primaryimage\"},\"thumbnailUrl\":\"https:\\\/\\\/jornaldasoficinas.com\\\/pt\\\/wp-content\\\/uploads\\\/2025\\\/05\\\/auto-Rec-Oficial-Service.jpeg\",\"keywords\":[\"ACC Cavaco\",\"Autel\",\"Auto Marques\",\"Auto Repair &amp; Go\",\"Bahco\",\"Challenge Oficinas\",\"Dayco\",\"Eurorepar\",\"FIAMM\",\"LuzDeAirbag\",\"Open Parts\",\"Pro4matic Car Service\",\"Repsol\",\"T Academy\",\"Tips4you\"],\"articleSection\":[\"Challenge Oficinas\"],\"inLanguage\":\"pt-PT\"},{\"@type\":\"WebPage\",\"@id\":\"https:\\\/\\\/jornaldasoficinas.com\\\/pt\\\/auto-repair-go-e-a-vencedora-do-challenge-oficinas-2025\\\/\",\"url\":\"https:\\\/\\\/jornaldasoficinas.com\\\/pt\\\/auto-repair-go-e-a-vencedora-do-challenge-oficinas-2025\\\/\",\"name\":\"Auto Repair & Go \u00e9 a vencedora do Challenge Oficinas 2025 - Jornal das Oficinas\",\"isPartOf\":{\"@id\":\"https:\\\/\\\/jornaldasoficinas.com\\\/pt\\\/#website\"},\"primaryImageOfPage\":{\"@id\":\"https:\\\/\\\/jornaldasoficinas.com\\\/pt\\\/auto-repair-go-e-a-vencedora-do-challenge-oficinas-2025\\\/#primaryimage\"},\"image\":{\"@id\":\"https:\\\/\\\/jornaldasoficinas.com\\\/pt\\\/auto-repair-go-e-a-vencedora-do-challenge-oficinas-2025\\\/#primaryimage\"},\"thumbnailUrl\":\"https:\\\/\\\/jornaldasoficinas.com\\\/pt\\\/wp-content\\\/uploads\\\/2025\\\/05\\\/auto-Rec-Oficial-Service.jpeg\",\"datePublished\":\"2025-05-18T11:30:17+00:00\",\"dateModified\":\"2025-05-23T17:08:42+00:00\",\"description\":\"A 8.\u00aa edi\u00e7\u00e3o do Challenge Oficinas chegou ao fim com a vit\u00f3ria da equipa Auto Repair & Go da rede RecOficial, que conquistou o primeiro lugar\",\"breadcrumb\":{\"@id\":\"https:\\\/\\\/jornaldasoficinas.com\\\/pt\\\/auto-repair-go-e-a-vencedora-do-challenge-oficinas-2025\\\/#breadcrumb\"},\"inLanguage\":\"pt-PT\",\"potentialAction\":[{\"@type\":\"ReadAction\",\"target\":[\"https:\\\/\\\/jornaldasoficinas.com\\\/pt\\\/auto-repair-go-e-a-vencedora-do-challenge-oficinas-2025\\\/\"]}]},{\"@type\":\"ImageObject\",\"inLanguage\":\"pt-PT\",\"@id\":\"https:\\\/\\\/jornaldasoficinas.com\\\/pt\\\/auto-repair-go-e-a-vencedora-do-challenge-oficinas-2025\\\/#primaryimage\",\"url\":\"https:\\\/\\\/jornaldasoficinas.com\\\/pt\\\/wp-content\\\/uploads\\\/2025\\\/05\\\/auto-Rec-Oficial-Service.jpeg\",\"contentUrl\":\"https:\\\/\\\/jornaldasoficinas.com\\\/pt\\\/wp-content\\\/uploads\\\/2025\\\/05\\\/auto-Rec-Oficial-Service.jpeg\",\"width\":1024,\"height\":581,\"caption\":\"05 - auto Rec Oficial Service\"},{\"@type\":\"BreadcrumbList\",\"@id\":\"https:\\\/\\\/jornaldasoficinas.com\\\/pt\\\/auto-repair-go-e-a-vencedora-do-challenge-oficinas-2025\\\/#breadcrumb\",\"itemListElement\":[{\"@type\":\"ListItem\",\"position\":1,\"name\":\"In\u00edcio\",\"item\":\"https:\\\/\\\/jornaldasoficinas.com\\\/pt\\\/\"},{\"@type\":\"ListItem\",\"position\":2,\"name\":\"Auto Repair &#038; Go \u00e9 a vencedora do Challenge Oficinas 2025\"}]},{\"@type\":\"WebSite\",\"@id\":\"https:\\\/\\\/jornaldasoficinas.com\\\/pt\\\/#website\",\"url\":\"https:\\\/\\\/jornaldasoficinas.com\\\/pt\\\/\",\"name\":\"Jornal das Oficinas\",\"description\":\"Jornal independente do Aftermarket Autom\u00f3vel em Portugal\",\"publisher\":{\"@id\":\"https:\\\/\\\/jornaldasoficinas.com\\\/pt\\\/#organization\"},\"potentialAction\":[{\"@type\":\"SearchAction\",\"target\":{\"@type\":\"EntryPoint\",\"urlTemplate\":\"https:\\\/\\\/jornaldasoficinas.com\\\/pt\\\/?s={search_term_string}\"},\"query-input\":{\"@type\":\"PropertyValueSpecification\",\"valueRequired\":true,\"valueName\":\"search_term_string\"}}],\"inLanguage\":\"pt-PT\"},{\"@type\":\"Organization\",\"@id\":\"https:\\\/\\\/jornaldasoficinas.com\\\/pt\\\/#organization\",\"name\":\"Jornal das Oficinas\",\"url\":\"https:\\\/\\\/jornaldasoficinas.com\\\/pt\\\/\",\"logo\":{\"@type\":\"ImageObject\",\"inLanguage\":\"pt-PT\",\"@id\":\"https:\\\/\\\/jornaldasoficinas.com\\\/pt\\\/#\\\/schema\\\/logo\\\/image\\\/\",\"url\":\"https:\\\/\\\/jornaldasoficinas.com\\\/pt\\\/wp-content\\\/uploads\\\/logoJO-SEO.png\",\"contentUrl\":\"https:\\\/\\\/jornaldasoficinas.com\\\/pt\\\/wp-content\\\/uploads\\\/logoJO-SEO.png\",\"width\":285,\"height\":450,\"caption\":\"Jornal das Oficinas\"},\"image\":{\"@id\":\"https:\\\/\\\/jornaldasoficinas.com\\\/pt\\\/#\\\/schema\\\/logo\\\/image\\\/\"},\"sameAs\":[\"https:\\\/\\\/www.facebook.com\\\/jornaloficinas\",\"https:\\\/\\\/x.com\\\/jornaloficinas\",\"https:\\\/\\\/www.instagram.com\\\/jornal_oficinas\\\/\",\"https:\\\/\\\/www.linkedin.com\\\/company\\\/jornal-das-oficinas\\\/\",\"https:\\\/\\\/www.youtube.com\\\/channel\\\/UCbQZBqtcvV-oSQrr7RzINGg\"]},{\"@type\":\"Person\",\"@id\":\"https:\\\/\\\/jornaldasoficinas.com\\\/pt\\\/#\\\/schema\\\/person\\\/a38eef5de2c41d9e7c9ac10141afddf3\",\"name\":\"Reda\u00e7\u00e3o JO\",\"image\":{\"@type\":\"ImageObject\",\"inLanguage\":\"pt-PT\",\"@id\":\"https:\\\/\\\/secure.gravatar.com\\\/avatar\\\/71f2fa71737ad68a84fea94bc708ddac8ea5b0c4788dc2ad202f3ccb2887742f?s=96&d=wp_user_avatar&r=g\",\"url\":\"https:\\\/\\\/secure.gravatar.com\\\/avatar\\\/71f2fa71737ad68a84fea94bc708ddac8ea5b0c4788dc2ad202f3ccb2887742f?s=96&d=wp_user_avatar&r=g\",\"contentUrl\":\"https:\\\/\\\/secure.gravatar.com\\\/avatar\\\/71f2fa71737ad68a84fea94bc708ddac8ea5b0c4788dc2ad202f3ccb2887742f?s=96&d=wp_user_avatar&r=g\",\"caption\":\"Reda\u00e7\u00e3o JO\"},\"url\":\"https:\\\/\\\/jornaldasoficinas.com\\\/pt\\\/author\\\/joredacao\\\/\"}]}<\/script>\n<!-- \/ Yoast SEO plugin. -->","yoast_head_json":{"title":"Auto Repair & Go \u00e9 a vencedora do Challenge Oficinas 2025 - Jornal das Oficinas","description":"A 8.\u00aa edi\u00e7\u00e3o do Challenge Oficinas chegou ao fim com a vit\u00f3ria da equipa Auto Repair & Go da rede RecOficial, que conquistou o primeiro lugar","robots":{"index":"index","follow":"follow","max-snippet":"max-snippet:-1","max-image-preview":"max-image-preview:large","max-video-preview":"max-video-preview:-1"},"canonical":"https:\/\/jornaldasoficinas.com\/pt\/auto-repair-go-e-a-vencedora-do-challenge-oficinas-2025\/","og_locale":"pt_PT","og_type":"article","og_title":"Auto Repair & Go \u00e9 a vencedora do Challenge Oficinas 2025 - Jornal das Oficinas","og_description":"A 8.\u00aa edi\u00e7\u00e3o do Challenge Oficinas chegou ao fim com a vit\u00f3ria da equipa Auto Repair & Go da rede RecOficial, que conquistou o primeiro lugar","og_url":"https:\/\/jornaldasoficinas.com\/pt\/auto-repair-go-e-a-vencedora-do-challenge-oficinas-2025\/","og_site_name":"Jornal das Oficinas","article_publisher":"https:\/\/www.facebook.com\/jornaloficinas","article_published_time":"2025-05-18T11:30:17+00:00","article_modified_time":"2025-05-23T17:08:42+00:00","og_image":[{"width":1024,"height":581,"url":"https:\/\/jornaldasoficinas.com\/pt\/wp-content\/uploads\/2025\/05\/auto-Rec-Oficial-Service.jpeg","type":"image\/jpeg"}],"author":"Reda\u00e7\u00e3o JO","twitter_card":"summary_large_image","twitter_creator":"@jornaloficinas","twitter_site":"@jornaloficinas","twitter_misc":{"Escrito por":"Reda\u00e7\u00e3o JO","Tempo estimado de leitura":"3 minutos"},"schema":{"@context":"https:\/\/schema.org","@graph":[{"@type":"Article","@id":"https:\/\/jornaldasoficinas.com\/pt\/auto-repair-go-e-a-vencedora-do-challenge-oficinas-2025\/#article","isPartOf":{"@id":"https:\/\/jornaldasoficinas.com\/pt\/auto-repair-go-e-a-vencedora-do-challenge-oficinas-2025\/"},"author":{"name":"Reda\u00e7\u00e3o JO","@id":"https:\/\/jornaldasoficinas.com\/pt\/#\/schema\/person\/a38eef5de2c41d9e7c9ac10141afddf3"},"headline":"Auto Repair &#038; Go \u00e9 a vencedora do Challenge Oficinas 2025","datePublished":"2025-05-18T11:30:17+00:00","dateModified":"2025-05-23T17:08:42+00:00","mainEntityOfPage":{"@id":"https:\/\/jornaldasoficinas.com\/pt\/auto-repair-go-e-a-vencedora-do-challenge-oficinas-2025\/"},"wordCount":345,"publisher":{"@id":"https:\/\/jornaldasoficinas.com\/pt\/#organization"},"image":{"@id":"https:\/\/jornaldasoficinas.com\/pt\/auto-repair-go-e-a-vencedora-do-challenge-oficinas-2025\/#primaryimage"},"thumbnailUrl":"https:\/\/jornaldasoficinas.com\/pt\/wp-content\/uploads\/2025\/05\/auto-Rec-Oficial-Service.jpeg","keywords":["ACC Cavaco","Autel","Auto Marques","Auto Repair &amp; Go","Bahco","Challenge Oficinas","Dayco","Eurorepar","FIAMM","LuzDeAirbag","Open Parts","Pro4matic Car Service","Repsol","T Academy","Tips4you"],"articleSection":["Challenge Oficinas"],"inLanguage":"pt-PT"},{"@type":"WebPage","@id":"https:\/\/jornaldasoficinas.com\/pt\/auto-repair-go-e-a-vencedora-do-challenge-oficinas-2025\/","url":"https:\/\/jornaldasoficinas.com\/pt\/auto-repair-go-e-a-vencedora-do-challenge-oficinas-2025\/","name":"Auto Repair & Go \u00e9 a vencedora do Challenge Oficinas 2025 - Jornal das Oficinas","isPartOf":{"@id":"https:\/\/jornaldasoficinas.com\/pt\/#website"},"primaryImageOfPage":{"@id":"https:\/\/jornaldasoficinas.com\/pt\/auto-repair-go-e-a-vencedora-do-challenge-oficinas-2025\/#primaryimage"},"image":{"@id":"https:\/\/jornaldasoficinas.com\/pt\/auto-repair-go-e-a-vencedora-do-challenge-oficinas-2025\/#primaryimage"},"thumbnailUrl":"https:\/\/jornaldasoficinas.com\/pt\/wp-content\/uploads\/2025\/05\/auto-Rec-Oficial-Service.jpeg","datePublished":"2025-05-18T11:30:17+00:00","dateModified":"2025-05-23T17:08:42+00:00","description":"A 8.\u00aa edi\u00e7\u00e3o do Challenge Oficinas chegou ao fim com a vit\u00f3ria da equipa Auto Repair & Go da rede RecOficial, que conquistou o primeiro lugar","breadcrumb":{"@id":"https:\/\/jornaldasoficinas.com\/pt\/auto-repair-go-e-a-vencedora-do-challenge-oficinas-2025\/#breadcrumb"},"inLanguage":"pt-PT","potentialAction":[{"@type":"ReadAction","target":["https:\/\/jornaldasoficinas.com\/pt\/auto-repair-go-e-a-vencedora-do-challenge-oficinas-2025\/"]}]},{"@type":"ImageObject","inLanguage":"pt-PT","@id":"https:\/\/jornaldasoficinas.com\/pt\/auto-repair-go-e-a-vencedora-do-challenge-oficinas-2025\/#primaryimage","url":"https:\/\/jornaldasoficinas.com\/pt\/wp-content\/uploads\/2025\/05\/auto-Rec-Oficial-Service.jpeg","contentUrl":"https:\/\/jornaldasoficinas.com\/pt\/wp-content\/uploads\/2025\/05\/auto-Rec-Oficial-Service.jpeg","width":1024,"height":581,"caption":"05 - auto Rec Oficial Service"},{"@type":"BreadcrumbList","@id":"https:\/\/jornaldasoficinas.com\/pt\/auto-repair-go-e-a-vencedora-do-challenge-oficinas-2025\/#breadcrumb","itemListElement":[{"@type":"ListItem","position":1,"name":"In\u00edcio","item":"https:\/\/jornaldasoficinas.com\/pt\/"},{"@type":"ListItem","position":2,"name":"Auto Repair &#038; Go \u00e9 a vencedora do Challenge Oficinas 2025"}]},{"@type":"WebSite","@id":"https:\/\/jornaldasoficinas.com\/pt\/#website","url":"https:\/\/jornaldasoficinas.com\/pt\/","name":"Jornal das Oficinas","description":"Jornal independente do Aftermarket Autom\u00f3vel em Portugal","publisher":{"@id":"https:\/\/jornaldasoficinas.com\/pt\/#organization"},"potentialAction":[{"@type":"SearchAction","target":{"@type":"EntryPoint","urlTemplate":"https:\/\/jornaldasoficinas.com\/pt\/?s={search_term_string}"},"query-input":{"@type":"PropertyValueSpecification","valueRequired":true,"valueName":"search_term_string"}}],"inLanguage":"pt-PT"},{"@type":"Organization","@id":"https:\/\/jornaldasoficinas.com\/pt\/#organization","name":"Jornal das Oficinas","url":"https:\/\/jornaldasoficinas.com\/pt\/","logo":{"@type":"ImageObject","inLanguage":"pt-PT","@id":"https:\/\/jornaldasoficinas.com\/pt\/#\/schema\/logo\/image\/","url":"https:\/\/jornaldasoficinas.com\/pt\/wp-content\/uploads\/logoJO-SEO.png","contentUrl":"https:\/\/jornaldasoficinas.com\/pt\/wp-content\/uploads\/logoJO-SEO.png","width":285,"height":450,"caption":"Jornal das Oficinas"},"image":{"@id":"https:\/\/jornaldasoficinas.com\/pt\/#\/schema\/logo\/image\/"},"sameAs":["https:\/\/www.facebook.com\/jornaloficinas","https:\/\/x.com\/jornaloficinas","https:\/\/www.instagram.com\/jornal_oficinas\/","https:\/\/www.linkedin.com\/company\/jornal-das-oficinas\/","https:\/\/www.youtube.com\/channel\/UCbQZBqtcvV-oSQrr7RzINGg"]},{"@type":"Person","@id":"https:\/\/jornaldasoficinas.com\/pt\/#\/schema\/person\/a38eef5de2c41d9e7c9ac10141afddf3","name":"Reda\u00e7\u00e3o JO","image":{"@type":"ImageObject","inLanguage":"pt-PT","@id":"https:\/\/secure.gravatar.com\/avatar\/71f2fa71737ad68a84fea94bc708ddac8ea5b0c4788dc2ad202f3ccb2887742f?s=96&d=wp_user_avatar&r=g","url":"https:\/\/secure.gravatar.com\/avatar\/71f2fa71737ad68a84fea94bc708ddac8ea5b0c4788dc2ad202f3ccb2887742f?s=96&d=wp_user_avatar&r=g","contentUrl":"https:\/\/secure.gravatar.com\/avatar\/71f2fa71737ad68a84fea94bc708ddac8ea5b0c4788dc2ad202f3ccb2887742f?s=96&d=wp_user_avatar&r=g","caption":"Reda\u00e7\u00e3o JO"},"url":"https:\/\/jornaldasoficinas.com\/pt\/author\/joredacao\/"}]}},"_links":{"self":[{"href":"https:\/\/jornaldasoficinas.com\/pt\/wp-json\/wp\/v2\/posts\/102046","targetHints":{"allow":["GET"]}}],"collection":[{"href":"https:\/\/jornaldasoficinas.com\/pt\/wp-json\/wp\/v2\/posts"}],"about":[{"href":"https:\/\/jornaldasoficinas.com\/pt\/wp-json\/wp\/v2\/types\/post"}],"author":[{"embeddable":true,"href":"https:\/\/jornaldasoficinas.com\/pt\/wp-json\/wp\/v2\/users\/15"}],"replies":[{"embeddable":true,"href":"https:\/\/jornaldasoficinas.com\/pt\/wp-json\/wp\/v2\/comments?post=102046"}],"version-history":[{"count":9,"href":"https:\/\/jornaldasoficinas.com\/pt\/wp-json\/wp\/v2\/posts\/102046\/revisions"}],"predecessor-version":[{"id":102053,"href":"https:\/\/jornaldasoficinas.com\/pt\/wp-json\/wp\/v2\/posts\/102046\/revisions\/102053"}],"wp:featuredmedia":[{"embeddable":true,"href":"https:\/\/jornaldasoficinas.com\/pt\/wp-json\/wp\/v2\/media\/102052"}],"wp:attachment":[{"href":"https:\/\/jornaldasoficinas.com\/pt\/wp-json\/wp\/v2\/media?parent=102046"}],"wp:term":[{"taxonomy":"category","embeddable":true,"href":"https:\/\/jornaldasoficinas.com\/pt\/wp-json\/wp\/v2\/categories?post=102046"},{"taxonomy":"post_tag","embeddable":true,"href":"https:\/\/jornaldasoficinas.com\/pt\/wp-json\/wp\/v2\/tags?post=102046"}],"curies":[{"name":"wp","href":"https:\/\/api.w.org\/{rel}","templated":true}]}}