{"id":102104,"date":"2025-05-20T08:00:19","date_gmt":"2025-05-20T07:00:19","guid":{"rendered":"https:\/\/jornaldasoficinas.com\/pt\/?p=102104"},"modified":"2025-05-19T17:14:09","modified_gmt":"2025-05-19T16:14:09","slug":"grupo-metelli-destaca-solucoes-para-eletricos-na-autopromotec","status":"publish","type":"post","link":"https:\/\/jornaldasoficinas.com\/pt\/grupo-metelli-destaca-solucoes-para-eletricos-na-autopromotec\/","title":{"rendered":"Grupo Metelli destaca solu\u00e7\u00f5es para el\u00e9tricos na Autopromotec"},"content":{"rendered":"<p><strong><img loading=\"lazy\" decoding=\"async\" class=\"alignnone size-full wp-image-102112\" src=\"https:\/\/jornaldasoficinas.com\/pt\/wp-content\/uploads\/2025\/05\/Grupo-Metelli-destaca-solucoes-para-eletricos-na-Autopromotec.jpg\" alt=\"05 - Grupo Metelli destaca solucoes para eletricos na Autopromotec\" width=\"1024\" height=\"581\" srcset=\"https:\/\/jornaldasoficinas.com\/pt\/wp-content\/uploads\/2025\/05\/Grupo-Metelli-destaca-solucoes-para-eletricos-na-Autopromotec.jpg 1024w, https:\/\/jornaldasoficinas.com\/pt\/wp-content\/uploads\/2025\/05\/Grupo-Metelli-destaca-solucoes-para-eletricos-na-Autopromotec-300x170.jpg 300w, https:\/\/jornaldasoficinas.com\/pt\/wp-content\/uploads\/2025\/05\/Grupo-Metelli-destaca-solucoes-para-eletricos-na-Autopromotec-150x85.jpg 150w, https:\/\/jornaldasoficinas.com\/pt\/wp-content\/uploads\/2025\/05\/Grupo-Metelli-destaca-solucoes-para-eletricos-na-Autopromotec-768x436.jpg 768w\" sizes=\"auto, (max-width: 1024px) 100vw, 1024px\" \/><\/strong><\/p>\n<p><strong>Na <a href=\"https:\/\/www.autopromotec.com\/\" target=\"_blank\" rel=\"noopener\">Autopromotec<\/a>, o <a href=\"https:\/\/www.metelligroup.it\/\" target=\"_blank\" rel=\"noopener\">Grupo Metelli<\/a> vai apresentar a sua aposta cont\u00ednua na inova\u00e7\u00e3o para motores de combust\u00e3o, h\u00edbridos e el\u00e9tricos, com destaque para as bombas de \u00e1gua el\u00e9tricas e as pastilhas de trav\u00e3o HybriX Repower<\/strong><\/p>\n<p>Hoje, a palavra mais recorrente no setor autom\u00f3vel \u00e9 &#8220;el\u00e9trico&#8221; \u2014 e o Grupo Metelli est\u00e1 h\u00e1 muito comprometido com o desenvolvimento de produtos e solu\u00e7\u00f5es para todos os tipos de ve\u00edculos: motores de combust\u00e3o interna, h\u00edbridos e el\u00e9tricos. Exemplos ic\u00f3nicos incluem as bombas de \u00e1gua para sistemas de refrigera\u00e7\u00e3o prim\u00e1rios e auxiliares, e as pastilhas de trav\u00e3o HybriX Repower, fabricadas com um composto espec\u00edfico que garante sil\u00eancio, desempenho e menor emiss\u00e3o de poeiras.<\/p>\n<p>No campo das bombas de \u00e1gua, a equipa de I&amp;D lan\u00e7ou a produ\u00e7\u00e3o de bombas el\u00e9tricas de rotor seco, especialmente concebidas para o mercado aftermarket. Esta solu\u00e7\u00e3o permite o funcionamento eficiente das bombas mesmo na presen\u00e7a de impurezas no l\u00edquido de refrigera\u00e7\u00e3o \u2014 algo comum em ve\u00edculos mais antigos \u2014, prolongando assim a sua vida \u00fatil.<\/p>\n<p>Para completar a sua gama de sistemas de refrigera\u00e7\u00e3o, que inclui bombas de \u00e1gua e kits de correia de distribui\u00e7\u00e3o com componentes pr\u00f3prios como os tensores autom\u00e1ticos, foi tamb\u00e9m introduzida uma linha de kits de corrente de distribui\u00e7\u00e3o, com uma ampla sele\u00e7\u00e3o que abrange aplica\u00e7\u00f5es europeias e asi\u00e1ticas.<\/p>\n<p>H\u00e1 mais de 30 anos, o Grupo Metelli fabrica e distribui mais de 3.300 refer\u00eancias entre transmiss\u00f5es, juntas homocin\u00e9ticas, kits de foles e kits de rolamentos de roda, sempre com fiabilidade e seguran\u00e7a para satisfazer todas as exig\u00eancias do mercado.<\/p>\n<p>&#8220;Somos uma das poucas empresas do aftermarket que mant\u00e9m a produ\u00e7\u00e3o em It\u00e1lia, assegurando produtos com qualidade europeia e baseando o desenvolvimento nos padr\u00f5es OE (equipamento original)&#8221;, sublinhou o grupo em comunicado.<\/p>\n<p>&#8220;A nossa gama de transmiss\u00f5es completas est\u00e1 pronta a instalar, incluindo todos os acess\u00f3rios necess\u00e1rios para a montagem, cobrindo a totalidade do parque autom\u00f3vel europeu. Os componentes \u2014 junta lado roda, junta lado caixa, kit de fole e veios de transmiss\u00e3o \u2014 v\u00eam totalmente montados e equilibrados, o que facilita e acelera a instala\u00e7\u00e3o&#8221;, destacou.<\/p>\n<p>Os pontos fortes da Metelli residem na sua vasta experi\u00eancia, na diversidade de gama, na qualidade e fiabilidade das suas pe\u00e7as sobresselentes, bem como na sua presen\u00e7a global.<\/p>\n<p>A empresa vai estar presente na Autopromotec com toda a sua equipa comercial, t\u00e9cnicos e especialistas, prontos a fornecer todas as informa\u00e7\u00f5es t\u00e9cnicas e comerciais sobre o portf\u00f3lio de produtos das marcas do grupo.<\/p>\n","protected":false},"excerpt":{"rendered":"<p>Na Autopromotec, o Grupo Metelli vai&#8230;<\/p>\n","protected":false},"author":15,"featured_media":102112,"comment_status":"closed","ping_status":"closed","sticky":false,"template":"","format":"standard","meta":{"footnotes":""},"categories":[29],"tags":[1027,2306,7924,733,284,89],"class_list":["post-102104","post","type-post","status-publish","format-standard","has-post-thumbnail","hentry","category-empresas","tag-autopromotec","tag-bombas-de-agua-eletricas","tag-equipamento-original","tag-grupo-metelli","tag-pastilhas-de-travao","tag-veiculos-eletricos"],"yoast_head":"<!-- This site is optimized with the Yoast SEO plugin v27.4 - https:\/\/yoast.com\/product\/yoast-seo-wordpress\/ -->\n<title>Grupo Metelli destaca solu\u00e7\u00f5es para el\u00e9tricos na Autopromotec - Jornal das Oficinas<\/title>\n<meta name=\"description\" content=\"Na Autopromotec, o Grupo Metelli vai apresentar a sua aposta cont\u00ednua na inova\u00e7\u00e3o para motores de combust\u00e3o, h\u00edbridos e el\u00e9tricos\" \/>\n<meta name=\"robots\" content=\"index, follow, max-snippet:-1, max-image-preview:large, max-video-preview:-1\" \/>\n<link rel=\"canonical\" href=\"https:\/\/jornaldasoficinas.com\/pt\/grupo-metelli-destaca-solucoes-para-eletricos-na-autopromotec\/\" \/>\n<meta property=\"og:locale\" content=\"pt_PT\" \/>\n<meta property=\"og:type\" content=\"article\" \/>\n<meta property=\"og:title\" content=\"Grupo Metelli destaca solu\u00e7\u00f5es para el\u00e9tricos na Autopromotec - Jornal das Oficinas\" \/>\n<meta property=\"og:description\" content=\"Na Autopromotec, o Grupo Metelli vai apresentar a sua aposta cont\u00ednua na inova\u00e7\u00e3o para motores de combust\u00e3o, h\u00edbridos e el\u00e9tricos\" \/>\n<meta property=\"og:url\" content=\"https:\/\/jornaldasoficinas.com\/pt\/grupo-metelli-destaca-solucoes-para-eletricos-na-autopromotec\/\" \/>\n<meta property=\"og:site_name\" content=\"Jornal das Oficinas\" \/>\n<meta property=\"article:publisher\" content=\"https:\/\/www.facebook.com\/jornaloficinas\" \/>\n<meta property=\"article:published_time\" content=\"2025-05-20T07:00:19+00:00\" \/>\n<meta property=\"og:image\" content=\"https:\/\/jornaldasoficinas.com\/pt\/wp-content\/uploads\/2025\/05\/Grupo-Metelli-destaca-solucoes-para-eletricos-na-Autopromotec.jpg\" \/>\n\t<meta property=\"og:image:width\" content=\"1024\" \/>\n\t<meta property=\"og:image:height\" content=\"581\" \/>\n\t<meta property=\"og:image:type\" content=\"image\/jpeg\" \/>\n<meta name=\"author\" content=\"Reda\u00e7\u00e3o JO\" \/>\n<meta name=\"twitter:card\" content=\"summary_large_image\" \/>\n<meta name=\"twitter:creator\" content=\"@jornaloficinas\" \/>\n<meta name=\"twitter:site\" content=\"@jornaloficinas\" \/>\n<meta name=\"twitter:label1\" content=\"Escrito por\" \/>\n\t<meta name=\"twitter:data1\" content=\"Reda\u00e7\u00e3o JO\" \/>\n\t<meta name=\"twitter:label2\" content=\"Tempo estimado de leitura\" \/>\n\t<meta name=\"twitter:data2\" content=\"3 minutos\" \/>\n<script type=\"application\/ld+json\" class=\"yoast-schema-graph\">{\"@context\":\"https:\\\/\\\/schema.org\",\"@graph\":[{\"@type\":\"Article\",\"@id\":\"https:\\\/\\\/jornaldasoficinas.com\\\/pt\\\/grupo-metelli-destaca-solucoes-para-eletricos-na-autopromotec\\\/#article\",\"isPartOf\":{\"@id\":\"https:\\\/\\\/jornaldasoficinas.com\\\/pt\\\/grupo-metelli-destaca-solucoes-para-eletricos-na-autopromotec\\\/\"},\"author\":{\"name\":\"Reda\u00e7\u00e3o JO\",\"@id\":\"https:\\\/\\\/jornaldasoficinas.com\\\/pt\\\/#\\\/schema\\\/person\\\/a38eef5de2c41d9e7c9ac10141afddf3\"},\"headline\":\"Grupo Metelli destaca solu\u00e7\u00f5es para el\u00e9tricos na Autopromotec\",\"datePublished\":\"2025-05-20T07:00:19+00:00\",\"mainEntityOfPage\":{\"@id\":\"https:\\\/\\\/jornaldasoficinas.com\\\/pt\\\/grupo-metelli-destaca-solucoes-para-eletricos-na-autopromotec\\\/\"},\"wordCount\":467,\"publisher\":{\"@id\":\"https:\\\/\\\/jornaldasoficinas.com\\\/pt\\\/#organization\"},\"image\":{\"@id\":\"https:\\\/\\\/jornaldasoficinas.com\\\/pt\\\/grupo-metelli-destaca-solucoes-para-eletricos-na-autopromotec\\\/#primaryimage\"},\"thumbnailUrl\":\"https:\\\/\\\/jornaldasoficinas.com\\\/pt\\\/wp-content\\\/uploads\\\/2025\\\/05\\\/Grupo-Metelli-destaca-solucoes-para-eletricos-na-Autopromotec.jpg\",\"keywords\":[\"Autopromotec\",\"Bombas de \u00e1gua el\u00e9tricas\",\"equipamento original\",\"grupo Metelli\",\"Pastilhas de trav\u00e3o\",\"Ve\u00edculos el\u00e9tricos\"],\"articleSection\":[\"Empresas\"],\"inLanguage\":\"pt-PT\"},{\"@type\":\"WebPage\",\"@id\":\"https:\\\/\\\/jornaldasoficinas.com\\\/pt\\\/grupo-metelli-destaca-solucoes-para-eletricos-na-autopromotec\\\/\",\"url\":\"https:\\\/\\\/jornaldasoficinas.com\\\/pt\\\/grupo-metelli-destaca-solucoes-para-eletricos-na-autopromotec\\\/\",\"name\":\"Grupo Metelli destaca solu\u00e7\u00f5es para el\u00e9tricos na Autopromotec - Jornal das Oficinas\",\"isPartOf\":{\"@id\":\"https:\\\/\\\/jornaldasoficinas.com\\\/pt\\\/#website\"},\"primaryImageOfPage\":{\"@id\":\"https:\\\/\\\/jornaldasoficinas.com\\\/pt\\\/grupo-metelli-destaca-solucoes-para-eletricos-na-autopromotec\\\/#primaryimage\"},\"image\":{\"@id\":\"https:\\\/\\\/jornaldasoficinas.com\\\/pt\\\/grupo-metelli-destaca-solucoes-para-eletricos-na-autopromotec\\\/#primaryimage\"},\"thumbnailUrl\":\"https:\\\/\\\/jornaldasoficinas.com\\\/pt\\\/wp-content\\\/uploads\\\/2025\\\/05\\\/Grupo-Metelli-destaca-solucoes-para-eletricos-na-Autopromotec.jpg\",\"datePublished\":\"2025-05-20T07:00:19+00:00\",\"description\":\"Na Autopromotec, o Grupo Metelli vai apresentar a sua aposta cont\u00ednua na inova\u00e7\u00e3o para motores de combust\u00e3o, h\u00edbridos e el\u00e9tricos\",\"breadcrumb\":{\"@id\":\"https:\\\/\\\/jornaldasoficinas.com\\\/pt\\\/grupo-metelli-destaca-solucoes-para-eletricos-na-autopromotec\\\/#breadcrumb\"},\"inLanguage\":\"pt-PT\",\"potentialAction\":[{\"@type\":\"ReadAction\",\"target\":[\"https:\\\/\\\/jornaldasoficinas.com\\\/pt\\\/grupo-metelli-destaca-solucoes-para-eletricos-na-autopromotec\\\/\"]}]},{\"@type\":\"ImageObject\",\"inLanguage\":\"pt-PT\",\"@id\":\"https:\\\/\\\/jornaldasoficinas.com\\\/pt\\\/grupo-metelli-destaca-solucoes-para-eletricos-na-autopromotec\\\/#primaryimage\",\"url\":\"https:\\\/\\\/jornaldasoficinas.com\\\/pt\\\/wp-content\\\/uploads\\\/2025\\\/05\\\/Grupo-Metelli-destaca-solucoes-para-eletricos-na-Autopromotec.jpg\",\"contentUrl\":\"https:\\\/\\\/jornaldasoficinas.com\\\/pt\\\/wp-content\\\/uploads\\\/2025\\\/05\\\/Grupo-Metelli-destaca-solucoes-para-eletricos-na-Autopromotec.jpg\",\"width\":1024,\"height\":581,\"caption\":\"05 - Grupo Metelli destaca solucoes para eletricos na Autopromotec\"},{\"@type\":\"BreadcrumbList\",\"@id\":\"https:\\\/\\\/jornaldasoficinas.com\\\/pt\\\/grupo-metelli-destaca-solucoes-para-eletricos-na-autopromotec\\\/#breadcrumb\",\"itemListElement\":[{\"@type\":\"ListItem\",\"position\":1,\"name\":\"In\u00edcio\",\"item\":\"https:\\\/\\\/jornaldasoficinas.com\\\/pt\\\/\"},{\"@type\":\"ListItem\",\"position\":2,\"name\":\"Grupo Metelli destaca solu\u00e7\u00f5es para el\u00e9tricos na Autopromotec\"}]},{\"@type\":\"WebSite\",\"@id\":\"https:\\\/\\\/jornaldasoficinas.com\\\/pt\\\/#website\",\"url\":\"https:\\\/\\\/jornaldasoficinas.com\\\/pt\\\/\",\"name\":\"Jornal das Oficinas\",\"description\":\"Jornal independente do Aftermarket Autom\u00f3vel em Portugal\",\"publisher\":{\"@id\":\"https:\\\/\\\/jornaldasoficinas.com\\\/pt\\\/#organization\"},\"potentialAction\":[{\"@type\":\"SearchAction\",\"target\":{\"@type\":\"EntryPoint\",\"urlTemplate\":\"https:\\\/\\\/jornaldasoficinas.com\\\/pt\\\/?s={search_term_string}\"},\"query-input\":{\"@type\":\"PropertyValueSpecification\",\"valueRequired\":true,\"valueName\":\"search_term_string\"}}],\"inLanguage\":\"pt-PT\"},{\"@type\":\"Organization\",\"@id\":\"https:\\\/\\\/jornaldasoficinas.com\\\/pt\\\/#organization\",\"name\":\"Jornal das Oficinas\",\"url\":\"https:\\\/\\\/jornaldasoficinas.com\\\/pt\\\/\",\"logo\":{\"@type\":\"ImageObject\",\"inLanguage\":\"pt-PT\",\"@id\":\"https:\\\/\\\/jornaldasoficinas.com\\\/pt\\\/#\\\/schema\\\/logo\\\/image\\\/\",\"url\":\"https:\\\/\\\/jornaldasoficinas.com\\\/pt\\\/wp-content\\\/uploads\\\/logoJO-SEO.png\",\"contentUrl\":\"https:\\\/\\\/jornaldasoficinas.com\\\/pt\\\/wp-content\\\/uploads\\\/logoJO-SEO.png\",\"width\":285,\"height\":450,\"caption\":\"Jornal das Oficinas\"},\"image\":{\"@id\":\"https:\\\/\\\/jornaldasoficinas.com\\\/pt\\\/#\\\/schema\\\/logo\\\/image\\\/\"},\"sameAs\":[\"https:\\\/\\\/www.facebook.com\\\/jornaloficinas\",\"https:\\\/\\\/x.com\\\/jornaloficinas\",\"https:\\\/\\\/www.instagram.com\\\/jornal_oficinas\\\/\",\"https:\\\/\\\/www.linkedin.com\\\/company\\\/jornal-das-oficinas\\\/\",\"https:\\\/\\\/www.youtube.com\\\/channel\\\/UCbQZBqtcvV-oSQrr7RzINGg\"]},{\"@type\":\"Person\",\"@id\":\"https:\\\/\\\/jornaldasoficinas.com\\\/pt\\\/#\\\/schema\\\/person\\\/a38eef5de2c41d9e7c9ac10141afddf3\",\"name\":\"Reda\u00e7\u00e3o JO\",\"image\":{\"@type\":\"ImageObject\",\"inLanguage\":\"pt-PT\",\"@id\":\"https:\\\/\\\/secure.gravatar.com\\\/avatar\\\/71f2fa71737ad68a84fea94bc708ddac8ea5b0c4788dc2ad202f3ccb2887742f?s=96&d=wp_user_avatar&r=g\",\"url\":\"https:\\\/\\\/secure.gravatar.com\\\/avatar\\\/71f2fa71737ad68a84fea94bc708ddac8ea5b0c4788dc2ad202f3ccb2887742f?s=96&d=wp_user_avatar&r=g\",\"contentUrl\":\"https:\\\/\\\/secure.gravatar.com\\\/avatar\\\/71f2fa71737ad68a84fea94bc708ddac8ea5b0c4788dc2ad202f3ccb2887742f?s=96&d=wp_user_avatar&r=g\",\"caption\":\"Reda\u00e7\u00e3o JO\"},\"url\":\"https:\\\/\\\/jornaldasoficinas.com\\\/pt\\\/author\\\/joredacao\\\/\"}]}<\/script>\n<!-- \/ Yoast SEO plugin. -->","yoast_head_json":{"title":"Grupo Metelli destaca solu\u00e7\u00f5es para el\u00e9tricos na Autopromotec - Jornal das Oficinas","description":"Na Autopromotec, o Grupo Metelli vai apresentar a sua aposta cont\u00ednua na inova\u00e7\u00e3o para motores de combust\u00e3o, h\u00edbridos e el\u00e9tricos","robots":{"index":"index","follow":"follow","max-snippet":"max-snippet:-1","max-image-preview":"max-image-preview:large","max-video-preview":"max-video-preview:-1"},"canonical":"https:\/\/jornaldasoficinas.com\/pt\/grupo-metelli-destaca-solucoes-para-eletricos-na-autopromotec\/","og_locale":"pt_PT","og_type":"article","og_title":"Grupo Metelli destaca solu\u00e7\u00f5es para el\u00e9tricos na Autopromotec - Jornal das Oficinas","og_description":"Na Autopromotec, o Grupo Metelli vai apresentar a sua aposta cont\u00ednua na inova\u00e7\u00e3o para motores de combust\u00e3o, h\u00edbridos e el\u00e9tricos","og_url":"https:\/\/jornaldasoficinas.com\/pt\/grupo-metelli-destaca-solucoes-para-eletricos-na-autopromotec\/","og_site_name":"Jornal das Oficinas","article_publisher":"https:\/\/www.facebook.com\/jornaloficinas","article_published_time":"2025-05-20T07:00:19+00:00","og_image":[{"width":1024,"height":581,"url":"https:\/\/jornaldasoficinas.com\/pt\/wp-content\/uploads\/2025\/05\/Grupo-Metelli-destaca-solucoes-para-eletricos-na-Autopromotec.jpg","type":"image\/jpeg"}],"author":"Reda\u00e7\u00e3o JO","twitter_card":"summary_large_image","twitter_creator":"@jornaloficinas","twitter_site":"@jornaloficinas","twitter_misc":{"Escrito por":"Reda\u00e7\u00e3o JO","Tempo estimado de leitura":"3 minutos"},"schema":{"@context":"https:\/\/schema.org","@graph":[{"@type":"Article","@id":"https:\/\/jornaldasoficinas.com\/pt\/grupo-metelli-destaca-solucoes-para-eletricos-na-autopromotec\/#article","isPartOf":{"@id":"https:\/\/jornaldasoficinas.com\/pt\/grupo-metelli-destaca-solucoes-para-eletricos-na-autopromotec\/"},"author":{"name":"Reda\u00e7\u00e3o JO","@id":"https:\/\/jornaldasoficinas.com\/pt\/#\/schema\/person\/a38eef5de2c41d9e7c9ac10141afddf3"},"headline":"Grupo Metelli destaca solu\u00e7\u00f5es para el\u00e9tricos na Autopromotec","datePublished":"2025-05-20T07:00:19+00:00","mainEntityOfPage":{"@id":"https:\/\/jornaldasoficinas.com\/pt\/grupo-metelli-destaca-solucoes-para-eletricos-na-autopromotec\/"},"wordCount":467,"publisher":{"@id":"https:\/\/jornaldasoficinas.com\/pt\/#organization"},"image":{"@id":"https:\/\/jornaldasoficinas.com\/pt\/grupo-metelli-destaca-solucoes-para-eletricos-na-autopromotec\/#primaryimage"},"thumbnailUrl":"https:\/\/jornaldasoficinas.com\/pt\/wp-content\/uploads\/2025\/05\/Grupo-Metelli-destaca-solucoes-para-eletricos-na-Autopromotec.jpg","keywords":["Autopromotec","Bombas de \u00e1gua el\u00e9tricas","equipamento original","grupo Metelli","Pastilhas de trav\u00e3o","Ve\u00edculos el\u00e9tricos"],"articleSection":["Empresas"],"inLanguage":"pt-PT"},{"@type":"WebPage","@id":"https:\/\/jornaldasoficinas.com\/pt\/grupo-metelli-destaca-solucoes-para-eletricos-na-autopromotec\/","url":"https:\/\/jornaldasoficinas.com\/pt\/grupo-metelli-destaca-solucoes-para-eletricos-na-autopromotec\/","name":"Grupo Metelli destaca solu\u00e7\u00f5es para el\u00e9tricos na Autopromotec - Jornal das Oficinas","isPartOf":{"@id":"https:\/\/jornaldasoficinas.com\/pt\/#website"},"primaryImageOfPage":{"@id":"https:\/\/jornaldasoficinas.com\/pt\/grupo-metelli-destaca-solucoes-para-eletricos-na-autopromotec\/#primaryimage"},"image":{"@id":"https:\/\/jornaldasoficinas.com\/pt\/grupo-metelli-destaca-solucoes-para-eletricos-na-autopromotec\/#primaryimage"},"thumbnailUrl":"https:\/\/jornaldasoficinas.com\/pt\/wp-content\/uploads\/2025\/05\/Grupo-Metelli-destaca-solucoes-para-eletricos-na-Autopromotec.jpg","datePublished":"2025-05-20T07:00:19+00:00","description":"Na Autopromotec, o Grupo Metelli vai apresentar a sua aposta cont\u00ednua na inova\u00e7\u00e3o para motores de combust\u00e3o, h\u00edbridos e el\u00e9tricos","breadcrumb":{"@id":"https:\/\/jornaldasoficinas.com\/pt\/grupo-metelli-destaca-solucoes-para-eletricos-na-autopromotec\/#breadcrumb"},"inLanguage":"pt-PT","potentialAction":[{"@type":"ReadAction","target":["https:\/\/jornaldasoficinas.com\/pt\/grupo-metelli-destaca-solucoes-para-eletricos-na-autopromotec\/"]}]},{"@type":"ImageObject","inLanguage":"pt-PT","@id":"https:\/\/jornaldasoficinas.com\/pt\/grupo-metelli-destaca-solucoes-para-eletricos-na-autopromotec\/#primaryimage","url":"https:\/\/jornaldasoficinas.com\/pt\/wp-content\/uploads\/2025\/05\/Grupo-Metelli-destaca-solucoes-para-eletricos-na-Autopromotec.jpg","contentUrl":"https:\/\/jornaldasoficinas.com\/pt\/wp-content\/uploads\/2025\/05\/Grupo-Metelli-destaca-solucoes-para-eletricos-na-Autopromotec.jpg","width":1024,"height":581,"caption":"05 - Grupo Metelli destaca solucoes para eletricos na Autopromotec"},{"@type":"BreadcrumbList","@id":"https:\/\/jornaldasoficinas.com\/pt\/grupo-metelli-destaca-solucoes-para-eletricos-na-autopromotec\/#breadcrumb","itemListElement":[{"@type":"ListItem","position":1,"name":"In\u00edcio","item":"https:\/\/jornaldasoficinas.com\/pt\/"},{"@type":"ListItem","position":2,"name":"Grupo Metelli destaca solu\u00e7\u00f5es para el\u00e9tricos na Autopromotec"}]},{"@type":"WebSite","@id":"https:\/\/jornaldasoficinas.com\/pt\/#website","url":"https:\/\/jornaldasoficinas.com\/pt\/","name":"Jornal das Oficinas","description":"Jornal independente do Aftermarket Autom\u00f3vel em Portugal","publisher":{"@id":"https:\/\/jornaldasoficinas.com\/pt\/#organization"},"potentialAction":[{"@type":"SearchAction","target":{"@type":"EntryPoint","urlTemplate":"https:\/\/jornaldasoficinas.com\/pt\/?s={search_term_string}"},"query-input":{"@type":"PropertyValueSpecification","valueRequired":true,"valueName":"search_term_string"}}],"inLanguage":"pt-PT"},{"@type":"Organization","@id":"https:\/\/jornaldasoficinas.com\/pt\/#organization","name":"Jornal das Oficinas","url":"https:\/\/jornaldasoficinas.com\/pt\/","logo":{"@type":"ImageObject","inLanguage":"pt-PT","@id":"https:\/\/jornaldasoficinas.com\/pt\/#\/schema\/logo\/image\/","url":"https:\/\/jornaldasoficinas.com\/pt\/wp-content\/uploads\/logoJO-SEO.png","contentUrl":"https:\/\/jornaldasoficinas.com\/pt\/wp-content\/uploads\/logoJO-SEO.png","width":285,"height":450,"caption":"Jornal das Oficinas"},"image":{"@id":"https:\/\/jornaldasoficinas.com\/pt\/#\/schema\/logo\/image\/"},"sameAs":["https:\/\/www.facebook.com\/jornaloficinas","https:\/\/x.com\/jornaloficinas","https:\/\/www.instagram.com\/jornal_oficinas\/","https:\/\/www.linkedin.com\/company\/jornal-das-oficinas\/","https:\/\/www.youtube.com\/channel\/UCbQZBqtcvV-oSQrr7RzINGg"]},{"@type":"Person","@id":"https:\/\/jornaldasoficinas.com\/pt\/#\/schema\/person\/a38eef5de2c41d9e7c9ac10141afddf3","name":"Reda\u00e7\u00e3o JO","image":{"@type":"ImageObject","inLanguage":"pt-PT","@id":"https:\/\/secure.gravatar.com\/avatar\/71f2fa71737ad68a84fea94bc708ddac8ea5b0c4788dc2ad202f3ccb2887742f?s=96&d=wp_user_avatar&r=g","url":"https:\/\/secure.gravatar.com\/avatar\/71f2fa71737ad68a84fea94bc708ddac8ea5b0c4788dc2ad202f3ccb2887742f?s=96&d=wp_user_avatar&r=g","contentUrl":"https:\/\/secure.gravatar.com\/avatar\/71f2fa71737ad68a84fea94bc708ddac8ea5b0c4788dc2ad202f3ccb2887742f?s=96&d=wp_user_avatar&r=g","caption":"Reda\u00e7\u00e3o JO"},"url":"https:\/\/jornaldasoficinas.com\/pt\/author\/joredacao\/"}]}},"_links":{"self":[{"href":"https:\/\/jornaldasoficinas.com\/pt\/wp-json\/wp\/v2\/posts\/102104","targetHints":{"allow":["GET"]}}],"collection":[{"href":"https:\/\/jornaldasoficinas.com\/pt\/wp-json\/wp\/v2\/posts"}],"about":[{"href":"https:\/\/jornaldasoficinas.com\/pt\/wp-json\/wp\/v2\/types\/post"}],"author":[{"embeddable":true,"href":"https:\/\/jornaldasoficinas.com\/pt\/wp-json\/wp\/v2\/users\/15"}],"replies":[{"embeddable":true,"href":"https:\/\/jornaldasoficinas.com\/pt\/wp-json\/wp\/v2\/comments?post=102104"}],"version-history":[{"count":5,"href":"https:\/\/jornaldasoficinas.com\/pt\/wp-json\/wp\/v2\/posts\/102104\/revisions"}],"predecessor-version":[{"id":102113,"href":"https:\/\/jornaldasoficinas.com\/pt\/wp-json\/wp\/v2\/posts\/102104\/revisions\/102113"}],"wp:featuredmedia":[{"embeddable":true,"href":"https:\/\/jornaldasoficinas.com\/pt\/wp-json\/wp\/v2\/media\/102112"}],"wp:attachment":[{"href":"https:\/\/jornaldasoficinas.com\/pt\/wp-json\/wp\/v2\/media?parent=102104"}],"wp:term":[{"taxonomy":"category","embeddable":true,"href":"https:\/\/jornaldasoficinas.com\/pt\/wp-json\/wp\/v2\/categories?post=102104"},{"taxonomy":"post_tag","embeddable":true,"href":"https:\/\/jornaldasoficinas.com\/pt\/wp-json\/wp\/v2\/tags?post=102104"}],"curies":[{"name":"wp","href":"https:\/\/api.w.org\/{rel}","templated":true}]}}