{"id":102109,"date":"2025-05-20T10:00:42","date_gmt":"2025-05-20T09:00:42","guid":{"rendered":"https:\/\/jornaldasoficinas.com\/pt\/?p=102109"},"modified":"2025-05-19T17:33:34","modified_gmt":"2025-05-19T16:33:34","slug":"gianluca-guasco-e-o-novo-ceo-da-ocap-international","status":"publish","type":"post","link":"https:\/\/jornaldasoficinas.com\/pt\/gianluca-guasco-e-o-novo-ceo-da-ocap-international\/","title":{"rendered":"Gianluca Guasco \u00e9 o novo CEO da OCAP International"},"content":{"rendered":"<p><strong><img loading=\"lazy\" decoding=\"async\" class=\"alignnone size-full wp-image-102116\" src=\"https:\/\/jornaldasoficinas.com\/pt\/wp-content\/uploads\/2025\/05\/Gianluca-Guasco-e-o-novo-CEO-da-OCAP-International.png\" alt=\"05 - Gianluca Guasco e o novo CEO da OCAP International\" width=\"1024\" height=\"581\" \/><\/strong><\/p>\n<p><strong>A <a href=\"https:\/\/ocap.it\/\" target=\"_blank\" rel=\"noopener\">OCAP International<\/a> nomeou Gianluca Guasco como novo CEO, refor\u00e7ando a sua lideran\u00e7a global no aftermarket\u00a0<\/strong><\/p>\n<p>Com uma carreira de trinta anos de sucesso no setor autom\u00f3vel, Gianluca Guasco ocupou cargos de lideran\u00e7a em importantes multinacionais, tendo gerido com \u00eaxito \u00e1reas-chave como opera\u00e7\u00f5es, marketing, produto, compras e vendas a n\u00edvel europeu.<\/p>\n<p>Proveniente da Denso Aftermarket, onde teve um papel determinante na cria\u00e7\u00e3o da unidade de neg\u00f3cio e na abertura de filiais em It\u00e1lia, Fran\u00e7a e na Pen\u00ednsula Ib\u00e9rica, foi uma figura essencial no crescimento europeu da empresa. Traz consigo uma vasta experi\u00eancia em gest\u00e3o estrat\u00e9gica, desenvolvimento de redes de distribui\u00e7\u00e3o e transforma\u00e7\u00e3o digital, sendo uma refer\u00eancia no panorama global do aftermarket.<\/p>\n<p>&#8220;A nomea\u00e7\u00e3o de Gianluca Guasco confirma o excelente caminho seguido pela empresa nos \u00faltimos anos e marca o in\u00edcio de uma nova fase de crescimento para a OCAP International&#8221;, afirmou Ivano Giordano, presidente do conselho de administra\u00e7\u00e3o. &#8220;Estamos certos de que a sua vis\u00e3o estrat\u00e9gica e abordagem inovadora nos levar\u00e3o a novas oportunidades de consolida\u00e7\u00e3o nos mercados internacionais&#8221;, acrescentou.<\/p>\n<p>&#8220;Estou entusiasmado por me juntar \u00e0 OCAP International, uma empresa din\u00e2mica e inovadora que demonstrou, ao longo dos anos, uma grande capacidade de adapta\u00e7\u00e3o aos desafios de um mercado em constante evolu\u00e7\u00e3o&#8221;, declarou Gianluca Guasco. &#8220;O meu objetivo \u00e9 continuar a refor\u00e7ar a posi\u00e7\u00e3o da empresa, valorizando os talentos internos e apostando na qualidade, tecnologia e foco no cliente&#8221;, salientou.<\/p>\n<p>A entrada de Gianluca Guasco refor\u00e7a ainda mais a equipa de gest\u00e3o da OCAP International, consolidando o compromisso da empresa com os mais altos padr\u00f5es de qualidade, inova\u00e7\u00e3o tecnol\u00f3gica e lideran\u00e7a nos mercados onde opera.<\/p>\n<p>A sua primeira apari\u00e7\u00e3o oficial como CEO ser\u00e1 na Autopromotec, em Bolonha, de 21 a 24 de maio, onde Gianluca Guasco e toda a equipa da OCAP receber\u00e3o clientes e parceiros no Pavilh\u00e3o 18, Stand E24. No evento, ser\u00e1 apresentada a gama completa de componentes de chassis, acompanhada por um dos \u00fanicos cinco exemplares do mundo do Pagani Huayra Codalunga \u2014 um s\u00edmbolo da excel\u00eancia OE da empresa.<\/p>\n","protected":false},"excerpt":{"rendered":"<p>A OCAP International nomeou Gianluca Guasco&#8230;<\/p>\n","protected":false},"author":15,"featured_media":102118,"comment_status":"closed","ping_status":"closed","sticky":false,"template":"","format":"standard","meta":{"footnotes":""},"categories":[29],"tags":[12743,12742,10736,12740,6177,12741],"class_list":["post-102109","post","type-post","status-publish","format-standard","has-post-thumbnail","hentry","category-empresas","tag-cargos-de-lideranca","tag-carreira-de-trinta-anos","tag-crescimento-internacional","tag-gianluca-guasco","tag-novo-ceo","tag-ocap-international"],"yoast_head":"<!-- This site is optimized with the Yoast SEO plugin v27.4 - https:\/\/yoast.com\/product\/yoast-seo-wordpress\/ -->\n<title>Gianluca Guasco \u00e9 o novo CEO da OCAP International - Jornal das Oficinas<\/title>\n<meta name=\"description\" content=\"A OCAP International nomeou Gianluca Guasco como novo CEO, refor\u00e7ando a sua lideran\u00e7a global no aftermarket\" \/>\n<meta name=\"robots\" content=\"index, follow, max-snippet:-1, max-image-preview:large, max-video-preview:-1\" \/>\n<link rel=\"canonical\" href=\"https:\/\/jornaldasoficinas.com\/pt\/gianluca-guasco-e-o-novo-ceo-da-ocap-international\/\" \/>\n<meta property=\"og:locale\" content=\"pt_PT\" \/>\n<meta property=\"og:type\" content=\"article\" \/>\n<meta property=\"og:title\" content=\"Gianluca Guasco \u00e9 o novo CEO da OCAP International - Jornal das Oficinas\" \/>\n<meta property=\"og:description\" content=\"A OCAP International nomeou Gianluca Guasco como novo CEO, refor\u00e7ando a sua lideran\u00e7a global no aftermarket\" \/>\n<meta property=\"og:url\" content=\"https:\/\/jornaldasoficinas.com\/pt\/gianluca-guasco-e-o-novo-ceo-da-ocap-international\/\" \/>\n<meta property=\"og:site_name\" content=\"Jornal das Oficinas\" \/>\n<meta property=\"article:publisher\" content=\"https:\/\/www.facebook.com\/jornaloficinas\" \/>\n<meta property=\"article:published_time\" content=\"2025-05-20T09:00:42+00:00\" \/>\n<meta property=\"og:image\" content=\"https:\/\/jornaldasoficinas.com\/pt\/wp-content\/uploads\/2025\/05\/Gianluca-Guasco-e-o-novo-CEO-da-OCAP-International.png\" \/>\n\t<meta property=\"og:image:width\" content=\"1024\" \/>\n\t<meta property=\"og:image:height\" content=\"581\" \/>\n\t<meta property=\"og:image:type\" content=\"image\/png\" \/>\n<meta name=\"author\" content=\"Reda\u00e7\u00e3o JO\" \/>\n<meta name=\"twitter:card\" content=\"summary_large_image\" \/>\n<meta name=\"twitter:creator\" content=\"@jornaloficinas\" \/>\n<meta name=\"twitter:site\" content=\"@jornaloficinas\" \/>\n<meta name=\"twitter:label1\" content=\"Escrito por\" \/>\n\t<meta name=\"twitter:data1\" content=\"Reda\u00e7\u00e3o JO\" \/>\n\t<meta name=\"twitter:label2\" content=\"Tempo estimado de leitura\" \/>\n\t<meta name=\"twitter:data2\" content=\"3 minutos\" \/>\n<script type=\"application\/ld+json\" class=\"yoast-schema-graph\">{\"@context\":\"https:\\\/\\\/schema.org\",\"@graph\":[{\"@type\":\"Article\",\"@id\":\"https:\\\/\\\/jornaldasoficinas.com\\\/pt\\\/gianluca-guasco-e-o-novo-ceo-da-ocap-international\\\/#article\",\"isPartOf\":{\"@id\":\"https:\\\/\\\/jornaldasoficinas.com\\\/pt\\\/gianluca-guasco-e-o-novo-ceo-da-ocap-international\\\/\"},\"author\":{\"name\":\"Reda\u00e7\u00e3o JO\",\"@id\":\"https:\\\/\\\/jornaldasoficinas.com\\\/pt\\\/#\\\/schema\\\/person\\\/a38eef5de2c41d9e7c9ac10141afddf3\"},\"headline\":\"Gianluca Guasco \u00e9 o novo CEO da OCAP International\",\"datePublished\":\"2025-05-20T09:00:42+00:00\",\"mainEntityOfPage\":{\"@id\":\"https:\\\/\\\/jornaldasoficinas.com\\\/pt\\\/gianluca-guasco-e-o-novo-ceo-da-ocap-international\\\/\"},\"wordCount\":376,\"publisher\":{\"@id\":\"https:\\\/\\\/jornaldasoficinas.com\\\/pt\\\/#organization\"},\"image\":{\"@id\":\"https:\\\/\\\/jornaldasoficinas.com\\\/pt\\\/gianluca-guasco-e-o-novo-ceo-da-ocap-international\\\/#primaryimage\"},\"thumbnailUrl\":\"https:\\\/\\\/jornaldasoficinas.com\\\/pt\\\/wp-content\\\/uploads\\\/2025\\\/05\\\/Gianluca-Guasco-e-o-novo-CEO-da-OCAP-International.png\",\"keywords\":[\"cargos de lideran\u00e7a\",\"carreira de trinta anos\",\"crescimento internacional\",\"Gianluca Guasco\",\"novo CEO\",\"OCAP International\"],\"articleSection\":[\"Empresas\"],\"inLanguage\":\"pt-PT\"},{\"@type\":\"WebPage\",\"@id\":\"https:\\\/\\\/jornaldasoficinas.com\\\/pt\\\/gianluca-guasco-e-o-novo-ceo-da-ocap-international\\\/\",\"url\":\"https:\\\/\\\/jornaldasoficinas.com\\\/pt\\\/gianluca-guasco-e-o-novo-ceo-da-ocap-international\\\/\",\"name\":\"Gianluca Guasco \u00e9 o novo CEO da OCAP International - Jornal das Oficinas\",\"isPartOf\":{\"@id\":\"https:\\\/\\\/jornaldasoficinas.com\\\/pt\\\/#website\"},\"primaryImageOfPage\":{\"@id\":\"https:\\\/\\\/jornaldasoficinas.com\\\/pt\\\/gianluca-guasco-e-o-novo-ceo-da-ocap-international\\\/#primaryimage\"},\"image\":{\"@id\":\"https:\\\/\\\/jornaldasoficinas.com\\\/pt\\\/gianluca-guasco-e-o-novo-ceo-da-ocap-international\\\/#primaryimage\"},\"thumbnailUrl\":\"https:\\\/\\\/jornaldasoficinas.com\\\/pt\\\/wp-content\\\/uploads\\\/2025\\\/05\\\/Gianluca-Guasco-e-o-novo-CEO-da-OCAP-International.png\",\"datePublished\":\"2025-05-20T09:00:42+00:00\",\"description\":\"A OCAP International nomeou Gianluca Guasco como novo CEO, refor\u00e7ando a sua lideran\u00e7a global no aftermarket\",\"breadcrumb\":{\"@id\":\"https:\\\/\\\/jornaldasoficinas.com\\\/pt\\\/gianluca-guasco-e-o-novo-ceo-da-ocap-international\\\/#breadcrumb\"},\"inLanguage\":\"pt-PT\",\"potentialAction\":[{\"@type\":\"ReadAction\",\"target\":[\"https:\\\/\\\/jornaldasoficinas.com\\\/pt\\\/gianluca-guasco-e-o-novo-ceo-da-ocap-international\\\/\"]}]},{\"@type\":\"ImageObject\",\"inLanguage\":\"pt-PT\",\"@id\":\"https:\\\/\\\/jornaldasoficinas.com\\\/pt\\\/gianluca-guasco-e-o-novo-ceo-da-ocap-international\\\/#primaryimage\",\"url\":\"https:\\\/\\\/jornaldasoficinas.com\\\/pt\\\/wp-content\\\/uploads\\\/2025\\\/05\\\/Gianluca-Guasco-e-o-novo-CEO-da-OCAP-International.png\",\"contentUrl\":\"https:\\\/\\\/jornaldasoficinas.com\\\/pt\\\/wp-content\\\/uploads\\\/2025\\\/05\\\/Gianluca-Guasco-e-o-novo-CEO-da-OCAP-International.png\",\"width\":1024,\"height\":581,\"caption\":\"05 - Gianluca Guasco e o novo CEO da OCAP International\"},{\"@type\":\"BreadcrumbList\",\"@id\":\"https:\\\/\\\/jornaldasoficinas.com\\\/pt\\\/gianluca-guasco-e-o-novo-ceo-da-ocap-international\\\/#breadcrumb\",\"itemListElement\":[{\"@type\":\"ListItem\",\"position\":1,\"name\":\"In\u00edcio\",\"item\":\"https:\\\/\\\/jornaldasoficinas.com\\\/pt\\\/\"},{\"@type\":\"ListItem\",\"position\":2,\"name\":\"Gianluca Guasco \u00e9 o novo CEO da OCAP International\"}]},{\"@type\":\"WebSite\",\"@id\":\"https:\\\/\\\/jornaldasoficinas.com\\\/pt\\\/#website\",\"url\":\"https:\\\/\\\/jornaldasoficinas.com\\\/pt\\\/\",\"name\":\"Jornal das Oficinas\",\"description\":\"Jornal independente do Aftermarket Autom\u00f3vel em Portugal\",\"publisher\":{\"@id\":\"https:\\\/\\\/jornaldasoficinas.com\\\/pt\\\/#organization\"},\"potentialAction\":[{\"@type\":\"SearchAction\",\"target\":{\"@type\":\"EntryPoint\",\"urlTemplate\":\"https:\\\/\\\/jornaldasoficinas.com\\\/pt\\\/?s={search_term_string}\"},\"query-input\":{\"@type\":\"PropertyValueSpecification\",\"valueRequired\":true,\"valueName\":\"search_term_string\"}}],\"inLanguage\":\"pt-PT\"},{\"@type\":\"Organization\",\"@id\":\"https:\\\/\\\/jornaldasoficinas.com\\\/pt\\\/#organization\",\"name\":\"Jornal das Oficinas\",\"url\":\"https:\\\/\\\/jornaldasoficinas.com\\\/pt\\\/\",\"logo\":{\"@type\":\"ImageObject\",\"inLanguage\":\"pt-PT\",\"@id\":\"https:\\\/\\\/jornaldasoficinas.com\\\/pt\\\/#\\\/schema\\\/logo\\\/image\\\/\",\"url\":\"https:\\\/\\\/jornaldasoficinas.com\\\/pt\\\/wp-content\\\/uploads\\\/logoJO-SEO.png\",\"contentUrl\":\"https:\\\/\\\/jornaldasoficinas.com\\\/pt\\\/wp-content\\\/uploads\\\/logoJO-SEO.png\",\"width\":285,\"height\":450,\"caption\":\"Jornal das Oficinas\"},\"image\":{\"@id\":\"https:\\\/\\\/jornaldasoficinas.com\\\/pt\\\/#\\\/schema\\\/logo\\\/image\\\/\"},\"sameAs\":[\"https:\\\/\\\/www.facebook.com\\\/jornaloficinas\",\"https:\\\/\\\/x.com\\\/jornaloficinas\",\"https:\\\/\\\/www.instagram.com\\\/jornal_oficinas\\\/\",\"https:\\\/\\\/www.linkedin.com\\\/company\\\/jornal-das-oficinas\\\/\",\"https:\\\/\\\/www.youtube.com\\\/channel\\\/UCbQZBqtcvV-oSQrr7RzINGg\"]},{\"@type\":\"Person\",\"@id\":\"https:\\\/\\\/jornaldasoficinas.com\\\/pt\\\/#\\\/schema\\\/person\\\/a38eef5de2c41d9e7c9ac10141afddf3\",\"name\":\"Reda\u00e7\u00e3o JO\",\"image\":{\"@type\":\"ImageObject\",\"inLanguage\":\"pt-PT\",\"@id\":\"https:\\\/\\\/secure.gravatar.com\\\/avatar\\\/71f2fa71737ad68a84fea94bc708ddac8ea5b0c4788dc2ad202f3ccb2887742f?s=96&d=wp_user_avatar&r=g\",\"url\":\"https:\\\/\\\/secure.gravatar.com\\\/avatar\\\/71f2fa71737ad68a84fea94bc708ddac8ea5b0c4788dc2ad202f3ccb2887742f?s=96&d=wp_user_avatar&r=g\",\"contentUrl\":\"https:\\\/\\\/secure.gravatar.com\\\/avatar\\\/71f2fa71737ad68a84fea94bc708ddac8ea5b0c4788dc2ad202f3ccb2887742f?s=96&d=wp_user_avatar&r=g\",\"caption\":\"Reda\u00e7\u00e3o JO\"},\"url\":\"https:\\\/\\\/jornaldasoficinas.com\\\/pt\\\/author\\\/joredacao\\\/\"}]}<\/script>\n<!-- \/ Yoast SEO plugin. -->","yoast_head_json":{"title":"Gianluca Guasco \u00e9 o novo CEO da OCAP International - Jornal das Oficinas","description":"A OCAP International nomeou Gianluca Guasco como novo CEO, refor\u00e7ando a sua lideran\u00e7a global no aftermarket","robots":{"index":"index","follow":"follow","max-snippet":"max-snippet:-1","max-image-preview":"max-image-preview:large","max-video-preview":"max-video-preview:-1"},"canonical":"https:\/\/jornaldasoficinas.com\/pt\/gianluca-guasco-e-o-novo-ceo-da-ocap-international\/","og_locale":"pt_PT","og_type":"article","og_title":"Gianluca Guasco \u00e9 o novo CEO da OCAP International - Jornal das Oficinas","og_description":"A OCAP International nomeou Gianluca Guasco como novo CEO, refor\u00e7ando a sua lideran\u00e7a global no aftermarket","og_url":"https:\/\/jornaldasoficinas.com\/pt\/gianluca-guasco-e-o-novo-ceo-da-ocap-international\/","og_site_name":"Jornal das Oficinas","article_publisher":"https:\/\/www.facebook.com\/jornaloficinas","article_published_time":"2025-05-20T09:00:42+00:00","og_image":[{"width":1024,"height":581,"url":"https:\/\/jornaldasoficinas.com\/pt\/wp-content\/uploads\/2025\/05\/Gianluca-Guasco-e-o-novo-CEO-da-OCAP-International.png","type":"image\/png"}],"author":"Reda\u00e7\u00e3o JO","twitter_card":"summary_large_image","twitter_creator":"@jornaloficinas","twitter_site":"@jornaloficinas","twitter_misc":{"Escrito por":"Reda\u00e7\u00e3o JO","Tempo estimado de leitura":"3 minutos"},"schema":{"@context":"https:\/\/schema.org","@graph":[{"@type":"Article","@id":"https:\/\/jornaldasoficinas.com\/pt\/gianluca-guasco-e-o-novo-ceo-da-ocap-international\/#article","isPartOf":{"@id":"https:\/\/jornaldasoficinas.com\/pt\/gianluca-guasco-e-o-novo-ceo-da-ocap-international\/"},"author":{"name":"Reda\u00e7\u00e3o JO","@id":"https:\/\/jornaldasoficinas.com\/pt\/#\/schema\/person\/a38eef5de2c41d9e7c9ac10141afddf3"},"headline":"Gianluca Guasco \u00e9 o novo CEO da OCAP International","datePublished":"2025-05-20T09:00:42+00:00","mainEntityOfPage":{"@id":"https:\/\/jornaldasoficinas.com\/pt\/gianluca-guasco-e-o-novo-ceo-da-ocap-international\/"},"wordCount":376,"publisher":{"@id":"https:\/\/jornaldasoficinas.com\/pt\/#organization"},"image":{"@id":"https:\/\/jornaldasoficinas.com\/pt\/gianluca-guasco-e-o-novo-ceo-da-ocap-international\/#primaryimage"},"thumbnailUrl":"https:\/\/jornaldasoficinas.com\/pt\/wp-content\/uploads\/2025\/05\/Gianluca-Guasco-e-o-novo-CEO-da-OCAP-International.png","keywords":["cargos de lideran\u00e7a","carreira de trinta anos","crescimento internacional","Gianluca Guasco","novo CEO","OCAP International"],"articleSection":["Empresas"],"inLanguage":"pt-PT"},{"@type":"WebPage","@id":"https:\/\/jornaldasoficinas.com\/pt\/gianluca-guasco-e-o-novo-ceo-da-ocap-international\/","url":"https:\/\/jornaldasoficinas.com\/pt\/gianluca-guasco-e-o-novo-ceo-da-ocap-international\/","name":"Gianluca Guasco \u00e9 o novo CEO da OCAP International - Jornal das Oficinas","isPartOf":{"@id":"https:\/\/jornaldasoficinas.com\/pt\/#website"},"primaryImageOfPage":{"@id":"https:\/\/jornaldasoficinas.com\/pt\/gianluca-guasco-e-o-novo-ceo-da-ocap-international\/#primaryimage"},"image":{"@id":"https:\/\/jornaldasoficinas.com\/pt\/gianluca-guasco-e-o-novo-ceo-da-ocap-international\/#primaryimage"},"thumbnailUrl":"https:\/\/jornaldasoficinas.com\/pt\/wp-content\/uploads\/2025\/05\/Gianluca-Guasco-e-o-novo-CEO-da-OCAP-International.png","datePublished":"2025-05-20T09:00:42+00:00","description":"A OCAP International nomeou Gianluca Guasco como novo CEO, refor\u00e7ando a sua lideran\u00e7a global no aftermarket","breadcrumb":{"@id":"https:\/\/jornaldasoficinas.com\/pt\/gianluca-guasco-e-o-novo-ceo-da-ocap-international\/#breadcrumb"},"inLanguage":"pt-PT","potentialAction":[{"@type":"ReadAction","target":["https:\/\/jornaldasoficinas.com\/pt\/gianluca-guasco-e-o-novo-ceo-da-ocap-international\/"]}]},{"@type":"ImageObject","inLanguage":"pt-PT","@id":"https:\/\/jornaldasoficinas.com\/pt\/gianluca-guasco-e-o-novo-ceo-da-ocap-international\/#primaryimage","url":"https:\/\/jornaldasoficinas.com\/pt\/wp-content\/uploads\/2025\/05\/Gianluca-Guasco-e-o-novo-CEO-da-OCAP-International.png","contentUrl":"https:\/\/jornaldasoficinas.com\/pt\/wp-content\/uploads\/2025\/05\/Gianluca-Guasco-e-o-novo-CEO-da-OCAP-International.png","width":1024,"height":581,"caption":"05 - Gianluca Guasco e o novo CEO da OCAP International"},{"@type":"BreadcrumbList","@id":"https:\/\/jornaldasoficinas.com\/pt\/gianluca-guasco-e-o-novo-ceo-da-ocap-international\/#breadcrumb","itemListElement":[{"@type":"ListItem","position":1,"name":"In\u00edcio","item":"https:\/\/jornaldasoficinas.com\/pt\/"},{"@type":"ListItem","position":2,"name":"Gianluca Guasco \u00e9 o novo CEO da OCAP International"}]},{"@type":"WebSite","@id":"https:\/\/jornaldasoficinas.com\/pt\/#website","url":"https:\/\/jornaldasoficinas.com\/pt\/","name":"Jornal das Oficinas","description":"Jornal independente do Aftermarket Autom\u00f3vel em Portugal","publisher":{"@id":"https:\/\/jornaldasoficinas.com\/pt\/#organization"},"potentialAction":[{"@type":"SearchAction","target":{"@type":"EntryPoint","urlTemplate":"https:\/\/jornaldasoficinas.com\/pt\/?s={search_term_string}"},"query-input":{"@type":"PropertyValueSpecification","valueRequired":true,"valueName":"search_term_string"}}],"inLanguage":"pt-PT"},{"@type":"Organization","@id":"https:\/\/jornaldasoficinas.com\/pt\/#organization","name":"Jornal das Oficinas","url":"https:\/\/jornaldasoficinas.com\/pt\/","logo":{"@type":"ImageObject","inLanguage":"pt-PT","@id":"https:\/\/jornaldasoficinas.com\/pt\/#\/schema\/logo\/image\/","url":"https:\/\/jornaldasoficinas.com\/pt\/wp-content\/uploads\/logoJO-SEO.png","contentUrl":"https:\/\/jornaldasoficinas.com\/pt\/wp-content\/uploads\/logoJO-SEO.png","width":285,"height":450,"caption":"Jornal das Oficinas"},"image":{"@id":"https:\/\/jornaldasoficinas.com\/pt\/#\/schema\/logo\/image\/"},"sameAs":["https:\/\/www.facebook.com\/jornaloficinas","https:\/\/x.com\/jornaloficinas","https:\/\/www.instagram.com\/jornal_oficinas\/","https:\/\/www.linkedin.com\/company\/jornal-das-oficinas\/","https:\/\/www.youtube.com\/channel\/UCbQZBqtcvV-oSQrr7RzINGg"]},{"@type":"Person","@id":"https:\/\/jornaldasoficinas.com\/pt\/#\/schema\/person\/a38eef5de2c41d9e7c9ac10141afddf3","name":"Reda\u00e7\u00e3o JO","image":{"@type":"ImageObject","inLanguage":"pt-PT","@id":"https:\/\/secure.gravatar.com\/avatar\/71f2fa71737ad68a84fea94bc708ddac8ea5b0c4788dc2ad202f3ccb2887742f?s=96&d=wp_user_avatar&r=g","url":"https:\/\/secure.gravatar.com\/avatar\/71f2fa71737ad68a84fea94bc708ddac8ea5b0c4788dc2ad202f3ccb2887742f?s=96&d=wp_user_avatar&r=g","contentUrl":"https:\/\/secure.gravatar.com\/avatar\/71f2fa71737ad68a84fea94bc708ddac8ea5b0c4788dc2ad202f3ccb2887742f?s=96&d=wp_user_avatar&r=g","caption":"Reda\u00e7\u00e3o JO"},"url":"https:\/\/jornaldasoficinas.com\/pt\/author\/joredacao\/"}]}},"_links":{"self":[{"href":"https:\/\/jornaldasoficinas.com\/pt\/wp-json\/wp\/v2\/posts\/102109","targetHints":{"allow":["GET"]}}],"collection":[{"href":"https:\/\/jornaldasoficinas.com\/pt\/wp-json\/wp\/v2\/posts"}],"about":[{"href":"https:\/\/jornaldasoficinas.com\/pt\/wp-json\/wp\/v2\/types\/post"}],"author":[{"embeddable":true,"href":"https:\/\/jornaldasoficinas.com\/pt\/wp-json\/wp\/v2\/users\/15"}],"replies":[{"embeddable":true,"href":"https:\/\/jornaldasoficinas.com\/pt\/wp-json\/wp\/v2\/comments?post=102109"}],"version-history":[{"count":5,"href":"https:\/\/jornaldasoficinas.com\/pt\/wp-json\/wp\/v2\/posts\/102109\/revisions"}],"predecessor-version":[{"id":102120,"href":"https:\/\/jornaldasoficinas.com\/pt\/wp-json\/wp\/v2\/posts\/102109\/revisions\/102120"}],"wp:featuredmedia":[{"embeddable":true,"href":"https:\/\/jornaldasoficinas.com\/pt\/wp-json\/wp\/v2\/media\/102118"}],"wp:attachment":[{"href":"https:\/\/jornaldasoficinas.com\/pt\/wp-json\/wp\/v2\/media?parent=102109"}],"wp:term":[{"taxonomy":"category","embeddable":true,"href":"https:\/\/jornaldasoficinas.com\/pt\/wp-json\/wp\/v2\/categories?post=102109"},{"taxonomy":"post_tag","embeddable":true,"href":"https:\/\/jornaldasoficinas.com\/pt\/wp-json\/wp\/v2\/tags?post=102109"}],"curies":[{"name":"wp","href":"https:\/\/api.w.org\/{rel}","templated":true}]}}