{"id":102176,"date":"2025-05-20T18:00:05","date_gmt":"2025-05-20T17:00:05","guid":{"rendered":"https:\/\/jornaldasoficinas.com\/pt\/?p=102176"},"modified":"2025-05-20T17:53:32","modified_gmt":"2025-05-20T16:53:32","slug":"soulima-faz-apresentacao-oficial-da-rede-intergarage","status":"publish","type":"post","link":"https:\/\/jornaldasoficinas.com\/pt\/soulima-faz-apresentacao-oficial-da-rede-intergarage\/","title":{"rendered":"Soulima faz apresenta\u00e7\u00e3o oficial da rede InterGarage"},"content":{"rendered":"<p><strong><img loading=\"lazy\" decoding=\"async\" class=\"alignnone size-full wp-image-102182\" src=\"https:\/\/jornaldasoficinas.com\/pt\/wp-content\/uploads\/2025\/05\/Soulima-faz-apresentacao-oficial-da-rede-InterGarage.jpg\" alt=\"05 - Soulima faz apresentacao oficial da rede InterGarage\" width=\"1024\" height=\"581\" srcset=\"https:\/\/jornaldasoficinas.com\/pt\/wp-content\/uploads\/2025\/05\/Soulima-faz-apresentacao-oficial-da-rede-InterGarage.jpg 1024w, https:\/\/jornaldasoficinas.com\/pt\/wp-content\/uploads\/2025\/05\/Soulima-faz-apresentacao-oficial-da-rede-InterGarage-300x170.jpg 300w, https:\/\/jornaldasoficinas.com\/pt\/wp-content\/uploads\/2025\/05\/Soulima-faz-apresentacao-oficial-da-rede-InterGarage-150x85.jpg 150w, https:\/\/jornaldasoficinas.com\/pt\/wp-content\/uploads\/2025\/05\/Soulima-faz-apresentacao-oficial-da-rede-InterGarage-768x436.jpg 768w\" sizes=\"auto, (max-width: 1024px) 100vw, 1024px\" \/><\/strong><\/p>\n<p><strong>A <a href=\"https:\/\/www.linkedin.com\/company\/soulima-s-a\/\" target=\"_blank\" rel=\"noopener\">Soulima<\/a> juntou no dia 20 de maio, no Vip Executive Santa Iria Hotel, v\u00e1rias oficinas, para a apresenta\u00e7\u00e3o oficial da InterGarage. Esta nova rede oficinal apresenta-se com um conceito inovador e diferencia-se das demais redes presentes no mercado pela transpar\u00eancia, conveni\u00eancia, suporte t\u00e9cnico avan\u00e7ado, dinamismo e sustentabilidade<\/strong><\/p>\n<p>A rede InterGarage conta com o apoio da <a href=\"https:\/\/www.groupautounioniberica.com\/\" target=\"_blank\" rel=\"noopener\">GAUIB \u2013 Groupauto Uni\u00f3n Ib\u00e9rica<\/a>, e integra-se num projeto mais amplo, que aposta em parcerias com fornecedores estrat\u00e9gicos e plataformas digitais para garantir a rentabilidade das oficinas aderentes.<\/p>\n<p>Rui Fernandes, respons\u00e1vel da InterGarage, come\u00e7ou por caracterizar o conceito da rede que est\u00e1 presente em mais de 50 pa\u00edses e possui 300 oficinas em Espanha. &#8220;A rede apresenta vantagens associadas a todos os players na cadeia de valor: distribuidores, parceiros, oficinas e clientes e, por isso, quer estar presente nos principais centros do pa\u00eds. A InterGarage trabalha para a rentabilidade da oficina. Possui uma s\u00e9rie de servi\u00e7os t\u00e9cnicos e de gest\u00e3o, focados em melhorar a efici\u00eancia da oficina, designadamente: forma\u00e7\u00e3o e assist\u00eancia t\u00e9cnica, que permite mais rapidez em todas as repara\u00e7\u00f5es&#8221;.<\/p>\n<p>As oficinas parceiras da rede InterGarage t\u00eam a garantia de estar sempre atualizadas a n\u00edvel t\u00e9cnico e disp\u00f5em de ferramentas inform\u00e1ticas avan\u00e7adas para acompanhar o processo de digitaliza\u00e7\u00e3o. Al\u00e9m disso, contam com um plano de forma\u00e7\u00e3o em gest\u00e3o oficinal, para ajud\u00e1-las a serem mais eficientes nas opera\u00e7\u00f5es de repara\u00e7\u00e3o e mais rent\u00e1veis.<\/p>\n<p>No que diz respeito \u00e0 assist\u00eancia t\u00e9cnica, as oficinas InterGarage utilizam a solu\u00e7\u00e3o Datatecnic, um exclusivo do Groupauto Uni\u00f3n Ib\u00e9rica, que possui na sua base de dados mais de 30.000 avarias resolvidas e possibilita servi\u00e7o de apoio online ao diagn\u00f3stico eletr\u00f3nico multimarca, com liga\u00e7\u00e3o remota \u00e0 ferramenta de diagn\u00f3stico da oficina. De referir ainda a possibilidade das oficinas poderem reprogramar centralinas com a ajuda dos servi\u00e7os t\u00e9cnicos da Autotecnic.<\/p>\n<p>O acordo com a empresa de forma\u00e7\u00e3o<a href=\"https:\/\/caracademy.pt\/\" target=\"_blank\" rel=\"noopener\"> Car Academy<\/a>, tamb\u00e9m permite que a oficina tenha todo o apoio nas opera\u00e7\u00f5es de diagn\u00f3stico. Os t\u00e9cnicos da Car Academy, juntamente com o reparador, fazem uma an\u00e1lise aprofundada da avaria at\u00e9 ser encontrada uma solu\u00e7\u00e3o.<\/p>\n<p>Atrav\u00e9s do software GNM, a oficina pode fazer a gest\u00e3o dos seus dados, hor\u00e1rios, acordos, campanhas, forma\u00e7\u00e3o e contratos de uma forma simples. Na p\u00e1gina Web, em portugu\u00eas www.intergarage.pt o automobilista pode encontrar facilmente todas as oficinas da rede e agendar a manuten\u00e7\u00e3o e repara\u00e7\u00e3o do seu ve\u00edculo de forma f\u00e1cil e r\u00e1pida.<\/p>\n<p>A rede InterGarage ir\u00e1 promover ao longo do ano v\u00e1rias campanhas dirigidas ao cliente final, com destaque para a campanha de Inverno, onde ser\u00e3o sorteados diversos pr\u00e9mios.<\/p>\n<p>Foi ainda anunciado que a Intergarage est\u00e1 \u00e0 procura de acordos com empresas para oferecer os melhores servi\u00e7os e atrair mais clientes, designadamente: Ve\u00edculos de substitui\u00e7\u00e3o, financiamento a clientes, adapta\u00e7\u00e3o ao novo RGPD, gest\u00e3o dos Google Business Profiles e Selo Verde, que certifica que a oficina cumpre todas as obriga\u00e7\u00f5es ambientais.<\/p>\n<p>&#8220;Apoiada em todos os momentos pela marca l\u00edder mundial de pe\u00e7as sobressalentes, a NAPA, a InterGarage tem como objetivo oferecer um conjunto de ferramentas indispens\u00e1veis, tanto a n\u00edvel comercial, t\u00e9cnico e empresarial. Significa isto que procuramos ter uma solu\u00e7\u00e3o completa para o cliente de forma a satisfazer todas as suas necessidades&#8221;, concluiu.<\/p>\n<p>Estivemos \u00e0 conversa com Rui Fernandes, respons\u00e1vel pelo conceito da rede. Veja o v\u00eddeo completo <a href=\"https:\/\/www.facebook.com\/jornaloficinas\/videos\/1038813627706905\/?locale=pt_PT\" target=\"_blank\" rel=\"noopener\">aqui<\/a>.<\/p>\n<div class=\"wonderplugingallery-container\" id=\"wonderplugingallery-container-246\" style=\"max-width:960px;margin:0 auto;\"><div class=\"wonderplugingallery\" id=\"wonderplugingallery-246\" data-galleryid=\"246\" data-width=\"960\" data-height=\"540\" data-skin=\"gallery\" data-playsinline=\"false\" data-mutevideo=\"false\" data-random=\"false\" data-autoslide=\"false\" data-autoplayvideo=\"false\" data-schemamarkup=\"false\" data-stopallplaying=\"false\" data-reloadonvideoend=\"false\" data-donotuseposter=\"false\" data-enabletabindex=\"false\" data-loadnextonvideoend=\"false\" data-hidetitlewhenvideoisplaying=\"false\" data-disablehovereventontouch=\"false\" data-autoslideandplayafterfirstplayed=\"false\" data-html5player=\"true\" data-responsive=\"true\" data-fullwidth=\"false\" data-showtitle=\"true\" data-showdescription=\"true\" data-showplaybutton=\"true\" data-showfullscreenbutton=\"true\" data-showtimer=\"true\" data-showcarousel=\"true\" data-galleryshadow=\"false\" data-slideshadow=\"true\" data-thumbshowtitle=\"false\" data-thumbshowimage=\"true\" data-thumbshadow=\"true\" data-lightboxshowtitle=\"true\" data-lightboxshowdescription=\"true\" data-specifyid=\"true\" data-donotinit=\"false\" data-addinitscript=\"false\" data-triggerresize=\"false\" data-thumbcolumnsresponsive=\"false\" data-thumbverticalmiddle=\"true\" data-removeinlinecss=\"true\" data-switchonmouseover=\"false\" data-showcategory=\"true\" data-carouselpagination=\"false\" data-showimgtitle=\"false\" data-titlesmallscreen=\"false\" data-initsocial=\"true\" data-showsocial=\"false\" data-showemail=\"false\" data-showfacebook=\"true\" data-showtwitter=\"true\" data-showpinterest=\"true\" data-socialrotateeffect=\"true\" data-doshortcodeontext=\"false\" data-loop=\"0\" data-duration=\"1500\" data-slideduration=\"1000\" data-slideshowinterval=\"6000\" data-googleanalyticsaccount=\"\" data-ga4account=\"\" data-resizemode=\"fill\" data-imagetoolboxmode=\"mouseover\" data-effect=\"fade\" data-padding=\"12\" data-bgcolor=\"\" data-bgimage=\"\" data-thumbwidth=\"120\" data-thumbheight=\"60\" data-thumbgap=\"8\" data-thumbrowgap=\"16\" data-lightboxtextheight=\"72\" data-lightboxtitlecss=\"{color:#333333; font:bold 12px Arial,Helvetica,sans-serif; overflow:hidden; white-space:normal; line-height:18px;}\" data-lightboxdescriptioncss=\"{color:#333333; font:normal 12px Arial,Helvetica,sans-serif; overflow:hidden; white-space:normal; line-height:14px;}\" data-titlecss=\"{color:#ffffff; font-size:14px; font-family:Armata, sans-serif, Arial; overflow:hidden; text-align:left; padding:10px 0px 10px 10px; background:rgb(102, 102, 102) transparent; background:rgba(102, 102, 102, 0.6);}\" data-descriptioncss=\"{color:#ffffff; font-size:13px; font-family:Armata, sans-serif, Arial; overflow:hidden; text-align:left; padding:0px 0px 10px 10px; background:rgb(102, 102, 102) transparent; background:rgba(102, 102, 102, 0.6);}\" data-titleheight=\"72\" data-titlesmallscreenwidth=\"640\" data-titleheightsmallscreen=\"148\" data-socialmode=\"mouseover\" data-socialposition=\"position:absolute;top:8px;right:8px;\" data-socialpositionlightbox=\"position:absolute;top:8px;right:8px;\" data-socialdirection=\"horizontal\" data-socialbuttonsize=\"32\" data-socialbuttonfontsize=\"18\" data-defaultvideovolume=\"1\" data-thumbtitleheight=\"24\" data-thumbmediumtitleheight=\"48\" data-thumbsmalltitleheight=\"72\" data-categoryheight=\"48\" data-categorydefault=\"all\" data-triggerresizedelay=\"100\" data-thumbmediumsize=\"800\" data-thumbsmallsize=\"480\" data-thumbmediumwidth=\"64\" data-thumbmediumheight=\"64\" data-thumbsmallwidth=\"48\" data-thumbsmallheight=\"48\" data-imgtitle=\"title\" data-carouselpaginationrow=\"3\" data-categorystyle=\"dropdown\" data-categorylist=\"[{&quot;slug&quot;:&quot;all&quot;,&quot;caption&quot;:&quot;Show All&quot;}]\" data-jsfolder=\"https:\/\/jornaldasoficinas.com\/pt\/wp-content\/plugins\/wonderplugin-gallery\/engine\/\" style=\"display:none;\" ><a class=\"html5galleryimglink\" href=\"https:\/\/jornaldasoficinas.com\/pt\/wp-content\/uploads\/2025\/05\/SoulimaInterGarage\/01.jpg\" data-mediatype=1><img decoding=\"async\" class=\"html5galleryimg html5gallery-tn-image\" src=\"https:\/\/jornaldasoficinas.com\/pt\/wp-content\/uploads\/2025\/05\/SoulimaInterGarage\/01.jpg\" alt=\"\"><\/a><div class=\"html5gallery-info\"><\/div><a class=\"html5galleryimglink\" href=\"https:\/\/jornaldasoficinas.com\/pt\/wp-content\/uploads\/2025\/05\/SoulimaInterGarage\/02.jpg\" data-mediatype=1><img decoding=\"async\" class=\"html5galleryimg html5gallery-tn-image\" src=\"https:\/\/jornaldasoficinas.com\/pt\/wp-content\/uploads\/2025\/05\/SoulimaInterGarage\/02.jpg\" alt=\"\"><\/a><div class=\"html5gallery-info\"><\/div><a class=\"html5galleryimglink\" href=\"https:\/\/jornaldasoficinas.com\/pt\/wp-content\/uploads\/2025\/05\/SoulimaInterGarage\/03.jpg\" data-mediatype=1><img decoding=\"async\" class=\"html5galleryimg html5gallery-tn-image\" src=\"https:\/\/jornaldasoficinas.com\/pt\/wp-content\/uploads\/2025\/05\/SoulimaInterGarage\/03.jpg\" alt=\"\"><\/a><div class=\"html5gallery-info\"><\/div><a class=\"html5galleryimglink\" href=\"https:\/\/jornaldasoficinas.com\/pt\/wp-content\/uploads\/2025\/05\/SoulimaInterGarage\/04.jpg\" data-mediatype=1><img decoding=\"async\" class=\"html5galleryimg html5gallery-tn-image\" src=\"https:\/\/jornaldasoficinas.com\/pt\/wp-content\/uploads\/2025\/05\/SoulimaInterGarage\/04.jpg\" alt=\"\"><\/a><div class=\"html5gallery-info\"><\/div><a class=\"html5galleryimglink\" href=\"https:\/\/jornaldasoficinas.com\/pt\/wp-content\/uploads\/2025\/05\/SoulimaInterGarage\/05.jpg\" data-mediatype=1><img decoding=\"async\" class=\"html5galleryimg html5gallery-tn-image\" src=\"https:\/\/jornaldasoficinas.com\/pt\/wp-content\/uploads\/2025\/05\/SoulimaInterGarage\/05.jpg\" alt=\"\"><\/a><div class=\"html5gallery-info\"><\/div><a class=\"html5galleryimglink\" href=\"https:\/\/jornaldasoficinas.com\/pt\/wp-content\/uploads\/2025\/05\/SoulimaInterGarage\/06.jpg\" data-mediatype=1><img decoding=\"async\" class=\"html5galleryimg html5gallery-tn-image\" src=\"https:\/\/jornaldasoficinas.com\/pt\/wp-content\/uploads\/2025\/05\/SoulimaInterGarage\/06.jpg\" alt=\"\"><\/a><div class=\"html5gallery-info\"><\/div><a class=\"html5galleryimglink\" href=\"https:\/\/jornaldasoficinas.com\/pt\/wp-content\/uploads\/2025\/05\/SoulimaInterGarage\/07.jpg\" data-mediatype=1><img decoding=\"async\" class=\"html5galleryimg html5gallery-tn-image\" src=\"https:\/\/jornaldasoficinas.com\/pt\/wp-content\/uploads\/2025\/05\/SoulimaInterGarage\/07.jpg\" alt=\"\"><\/a><div class=\"html5gallery-info\"><\/div><a class=\"html5galleryimglink\" href=\"https:\/\/jornaldasoficinas.com\/pt\/wp-content\/uploads\/2025\/05\/SoulimaInterGarage\/08.jpg\" data-mediatype=1><img decoding=\"async\" class=\"html5galleryimg html5gallery-tn-image\" src=\"https:\/\/jornaldasoficinas.com\/pt\/wp-content\/uploads\/2025\/05\/SoulimaInterGarage\/08.jpg\" alt=\"\"><\/a><div class=\"html5gallery-info\"><\/div><a class=\"html5galleryimglink\" href=\"https:\/\/jornaldasoficinas.com\/pt\/wp-content\/uploads\/2025\/05\/SoulimaInterGarage\/09.jpg\" data-mediatype=1><img decoding=\"async\" class=\"html5galleryimg html5gallery-tn-image\" src=\"https:\/\/jornaldasoficinas.com\/pt\/wp-content\/uploads\/2025\/05\/SoulimaInterGarage\/09.jpg\" alt=\"\"><\/a><div class=\"html5gallery-info\"><\/div><\/div><\/div><script>function wondergallery_246_appendcss(csscode) {var head=document.head || document.getElementsByTagName(\"head\")[0];var style=document.createElement(\"style\");head.appendChild(style);style.type=\"text\/css\";if (style.styleSheet){style.styleSheet.cssText=csscode;} else {style.appendChild(document.createTextNode(csscode));}};wondergallery_246_appendcss(\"#wonderplugingallery-246 .html5gallery-cat-selection-246 { \tbox-sizing: border-box; \ttext-align: center; }  #wonderplugingallery-246 .html5gallery-cat-selection-246 select { \tbox-sizing: border-box; \tmargin: 4px auto; }\");<\/script>\n","protected":false},"excerpt":{"rendered":"<p>A Soulima juntou no dia 20&#8230;<\/p>\n","protected":false},"author":15,"featured_media":102182,"comment_status":"closed","ping_status":"closed","sticky":false,"template":"","format":"standard","meta":{"footnotes":""},"categories":[29],"tags":[7459,711,10100,2466,4140,386,12753,742],"class_list":["post-102176","post","type-post","status-publish","format-standard","has-post-thumbnail","hentry","category-empresas","tag-apresentacao-oficial","tag-car-academy","tag-conceito-inovador","tag-groupauto-union-iberica","tag-napa","tag-oficinas","tag-rede-intergarage","tag-soulima"],"yoast_head":"<!-- This site is optimized with the Yoast SEO plugin v27.4 - https:\/\/yoast.com\/product\/yoast-seo-wordpress\/ -->\n<title>Soulima faz apresenta\u00e7\u00e3o oficial da rede InterGarage - Jornal das Oficinas<\/title>\n<meta name=\"description\" content=\"A Soulima juntou no dia 20 de maio, no Vip Executive Santa Iria Hotel, v\u00e1rias oficinas, para a apresenta\u00e7\u00e3o oficial da InterGarage\" \/>\n<meta name=\"robots\" content=\"index, follow, max-snippet:-1, max-image-preview:large, max-video-preview:-1\" \/>\n<link rel=\"canonical\" href=\"https:\/\/jornaldasoficinas.com\/pt\/soulima-faz-apresentacao-oficial-da-rede-intergarage\/\" \/>\n<meta property=\"og:locale\" content=\"pt_PT\" \/>\n<meta property=\"og:type\" content=\"article\" \/>\n<meta property=\"og:title\" content=\"Soulima faz apresenta\u00e7\u00e3o oficial da rede InterGarage - Jornal das Oficinas\" \/>\n<meta property=\"og:description\" content=\"A Soulima juntou no dia 20 de maio, no Vip Executive Santa Iria Hotel, v\u00e1rias oficinas, para a apresenta\u00e7\u00e3o oficial da InterGarage\" \/>\n<meta property=\"og:url\" content=\"https:\/\/jornaldasoficinas.com\/pt\/soulima-faz-apresentacao-oficial-da-rede-intergarage\/\" \/>\n<meta property=\"og:site_name\" content=\"Jornal das Oficinas\" \/>\n<meta property=\"article:publisher\" content=\"https:\/\/www.facebook.com\/jornaloficinas\" \/>\n<meta property=\"article:published_time\" content=\"2025-05-20T17:00:05+00:00\" \/>\n<meta property=\"og:image\" content=\"https:\/\/jornaldasoficinas.com\/pt\/wp-content\/uploads\/2025\/05\/Soulima-faz-apresentacao-oficial-da-rede-InterGarage.jpg\" \/>\n\t<meta property=\"og:image:width\" content=\"1024\" \/>\n\t<meta property=\"og:image:height\" content=\"581\" \/>\n\t<meta property=\"og:image:type\" content=\"image\/jpeg\" \/>\n<meta name=\"author\" content=\"Reda\u00e7\u00e3o JO\" \/>\n<meta name=\"twitter:card\" content=\"summary_large_image\" \/>\n<meta name=\"twitter:creator\" content=\"@jornaloficinas\" \/>\n<meta name=\"twitter:site\" content=\"@jornaloficinas\" \/>\n<meta name=\"twitter:label1\" content=\"Escrito por\" \/>\n\t<meta name=\"twitter:data1\" content=\"Reda\u00e7\u00e3o JO\" \/>\n\t<meta name=\"twitter:label2\" content=\"Tempo estimado de leitura\" \/>\n\t<meta name=\"twitter:data2\" content=\"4 minutos\" \/>\n<script type=\"application\/ld+json\" class=\"yoast-schema-graph\">{\"@context\":\"https:\\\/\\\/schema.org\",\"@graph\":[{\"@type\":\"Article\",\"@id\":\"https:\\\/\\\/jornaldasoficinas.com\\\/pt\\\/soulima-faz-apresentacao-oficial-da-rede-intergarage\\\/#article\",\"isPartOf\":{\"@id\":\"https:\\\/\\\/jornaldasoficinas.com\\\/pt\\\/soulima-faz-apresentacao-oficial-da-rede-intergarage\\\/\"},\"author\":{\"name\":\"Reda\u00e7\u00e3o JO\",\"@id\":\"https:\\\/\\\/jornaldasoficinas.com\\\/pt\\\/#\\\/schema\\\/person\\\/a38eef5de2c41d9e7c9ac10141afddf3\"},\"headline\":\"Soulima faz apresenta\u00e7\u00e3o oficial da rede InterGarage\",\"datePublished\":\"2025-05-20T17:00:05+00:00\",\"mainEntityOfPage\":{\"@id\":\"https:\\\/\\\/jornaldasoficinas.com\\\/pt\\\/soulima-faz-apresentacao-oficial-da-rede-intergarage\\\/\"},\"wordCount\":625,\"publisher\":{\"@id\":\"https:\\\/\\\/jornaldasoficinas.com\\\/pt\\\/#organization\"},\"image\":{\"@id\":\"https:\\\/\\\/jornaldasoficinas.com\\\/pt\\\/soulima-faz-apresentacao-oficial-da-rede-intergarage\\\/#primaryimage\"},\"thumbnailUrl\":\"https:\\\/\\\/jornaldasoficinas.com\\\/pt\\\/wp-content\\\/uploads\\\/2025\\\/05\\\/Soulima-faz-apresentacao-oficial-da-rede-InterGarage.jpg\",\"keywords\":[\"apresenta\u00e7\u00e3o oficial\",\"Car Academy\",\"conceito inovador\",\"Groupauto Uni\u00f3n Ib\u00e9rica\",\"NAPA\",\"Oficinas\",\"rede InterGarage\",\"Soulima\"],\"articleSection\":[\"Empresas\"],\"inLanguage\":\"pt-PT\"},{\"@type\":\"WebPage\",\"@id\":\"https:\\\/\\\/jornaldasoficinas.com\\\/pt\\\/soulima-faz-apresentacao-oficial-da-rede-intergarage\\\/\",\"url\":\"https:\\\/\\\/jornaldasoficinas.com\\\/pt\\\/soulima-faz-apresentacao-oficial-da-rede-intergarage\\\/\",\"name\":\"Soulima faz apresenta\u00e7\u00e3o oficial da rede InterGarage - Jornal das Oficinas\",\"isPartOf\":{\"@id\":\"https:\\\/\\\/jornaldasoficinas.com\\\/pt\\\/#website\"},\"primaryImageOfPage\":{\"@id\":\"https:\\\/\\\/jornaldasoficinas.com\\\/pt\\\/soulima-faz-apresentacao-oficial-da-rede-intergarage\\\/#primaryimage\"},\"image\":{\"@id\":\"https:\\\/\\\/jornaldasoficinas.com\\\/pt\\\/soulima-faz-apresentacao-oficial-da-rede-intergarage\\\/#primaryimage\"},\"thumbnailUrl\":\"https:\\\/\\\/jornaldasoficinas.com\\\/pt\\\/wp-content\\\/uploads\\\/2025\\\/05\\\/Soulima-faz-apresentacao-oficial-da-rede-InterGarage.jpg\",\"datePublished\":\"2025-05-20T17:00:05+00:00\",\"description\":\"A Soulima juntou no dia 20 de maio, no Vip Executive Santa Iria Hotel, v\u00e1rias oficinas, para a apresenta\u00e7\u00e3o oficial da InterGarage\",\"breadcrumb\":{\"@id\":\"https:\\\/\\\/jornaldasoficinas.com\\\/pt\\\/soulima-faz-apresentacao-oficial-da-rede-intergarage\\\/#breadcrumb\"},\"inLanguage\":\"pt-PT\",\"potentialAction\":[{\"@type\":\"ReadAction\",\"target\":[\"https:\\\/\\\/jornaldasoficinas.com\\\/pt\\\/soulima-faz-apresentacao-oficial-da-rede-intergarage\\\/\"]}]},{\"@type\":\"ImageObject\",\"inLanguage\":\"pt-PT\",\"@id\":\"https:\\\/\\\/jornaldasoficinas.com\\\/pt\\\/soulima-faz-apresentacao-oficial-da-rede-intergarage\\\/#primaryimage\",\"url\":\"https:\\\/\\\/jornaldasoficinas.com\\\/pt\\\/wp-content\\\/uploads\\\/2025\\\/05\\\/Soulima-faz-apresentacao-oficial-da-rede-InterGarage.jpg\",\"contentUrl\":\"https:\\\/\\\/jornaldasoficinas.com\\\/pt\\\/wp-content\\\/uploads\\\/2025\\\/05\\\/Soulima-faz-apresentacao-oficial-da-rede-InterGarage.jpg\",\"width\":1024,\"height\":581,\"caption\":\"05 - Soulima faz apresentacao oficial da rede InterGarage\"},{\"@type\":\"BreadcrumbList\",\"@id\":\"https:\\\/\\\/jornaldasoficinas.com\\\/pt\\\/soulima-faz-apresentacao-oficial-da-rede-intergarage\\\/#breadcrumb\",\"itemListElement\":[{\"@type\":\"ListItem\",\"position\":1,\"name\":\"In\u00edcio\",\"item\":\"https:\\\/\\\/jornaldasoficinas.com\\\/pt\\\/\"},{\"@type\":\"ListItem\",\"position\":2,\"name\":\"Soulima faz apresenta\u00e7\u00e3o oficial da rede InterGarage\"}]},{\"@type\":\"WebSite\",\"@id\":\"https:\\\/\\\/jornaldasoficinas.com\\\/pt\\\/#website\",\"url\":\"https:\\\/\\\/jornaldasoficinas.com\\\/pt\\\/\",\"name\":\"Jornal das Oficinas\",\"description\":\"Jornal independente do Aftermarket Autom\u00f3vel em Portugal\",\"publisher\":{\"@id\":\"https:\\\/\\\/jornaldasoficinas.com\\\/pt\\\/#organization\"},\"potentialAction\":[{\"@type\":\"SearchAction\",\"target\":{\"@type\":\"EntryPoint\",\"urlTemplate\":\"https:\\\/\\\/jornaldasoficinas.com\\\/pt\\\/?s={search_term_string}\"},\"query-input\":{\"@type\":\"PropertyValueSpecification\",\"valueRequired\":true,\"valueName\":\"search_term_string\"}}],\"inLanguage\":\"pt-PT\"},{\"@type\":\"Organization\",\"@id\":\"https:\\\/\\\/jornaldasoficinas.com\\\/pt\\\/#organization\",\"name\":\"Jornal das Oficinas\",\"url\":\"https:\\\/\\\/jornaldasoficinas.com\\\/pt\\\/\",\"logo\":{\"@type\":\"ImageObject\",\"inLanguage\":\"pt-PT\",\"@id\":\"https:\\\/\\\/jornaldasoficinas.com\\\/pt\\\/#\\\/schema\\\/logo\\\/image\\\/\",\"url\":\"https:\\\/\\\/jornaldasoficinas.com\\\/pt\\\/wp-content\\\/uploads\\\/logoJO-SEO.png\",\"contentUrl\":\"https:\\\/\\\/jornaldasoficinas.com\\\/pt\\\/wp-content\\\/uploads\\\/logoJO-SEO.png\",\"width\":285,\"height\":450,\"caption\":\"Jornal das Oficinas\"},\"image\":{\"@id\":\"https:\\\/\\\/jornaldasoficinas.com\\\/pt\\\/#\\\/schema\\\/logo\\\/image\\\/\"},\"sameAs\":[\"https:\\\/\\\/www.facebook.com\\\/jornaloficinas\",\"https:\\\/\\\/x.com\\\/jornaloficinas\",\"https:\\\/\\\/www.instagram.com\\\/jornal_oficinas\\\/\",\"https:\\\/\\\/www.linkedin.com\\\/company\\\/jornal-das-oficinas\\\/\",\"https:\\\/\\\/www.youtube.com\\\/channel\\\/UCbQZBqtcvV-oSQrr7RzINGg\"]},{\"@type\":\"Person\",\"@id\":\"https:\\\/\\\/jornaldasoficinas.com\\\/pt\\\/#\\\/schema\\\/person\\\/a38eef5de2c41d9e7c9ac10141afddf3\",\"name\":\"Reda\u00e7\u00e3o JO\",\"image\":{\"@type\":\"ImageObject\",\"inLanguage\":\"pt-PT\",\"@id\":\"https:\\\/\\\/secure.gravatar.com\\\/avatar\\\/71f2fa71737ad68a84fea94bc708ddac8ea5b0c4788dc2ad202f3ccb2887742f?s=96&d=wp_user_avatar&r=g\",\"url\":\"https:\\\/\\\/secure.gravatar.com\\\/avatar\\\/71f2fa71737ad68a84fea94bc708ddac8ea5b0c4788dc2ad202f3ccb2887742f?s=96&d=wp_user_avatar&r=g\",\"contentUrl\":\"https:\\\/\\\/secure.gravatar.com\\\/avatar\\\/71f2fa71737ad68a84fea94bc708ddac8ea5b0c4788dc2ad202f3ccb2887742f?s=96&d=wp_user_avatar&r=g\",\"caption\":\"Reda\u00e7\u00e3o JO\"},\"url\":\"https:\\\/\\\/jornaldasoficinas.com\\\/pt\\\/author\\\/joredacao\\\/\"}]}<\/script>\n<!-- \/ Yoast SEO plugin. -->","yoast_head_json":{"title":"Soulima faz apresenta\u00e7\u00e3o oficial da rede InterGarage - Jornal das Oficinas","description":"A Soulima juntou no dia 20 de maio, no Vip Executive Santa Iria Hotel, v\u00e1rias oficinas, para a apresenta\u00e7\u00e3o oficial da InterGarage","robots":{"index":"index","follow":"follow","max-snippet":"max-snippet:-1","max-image-preview":"max-image-preview:large","max-video-preview":"max-video-preview:-1"},"canonical":"https:\/\/jornaldasoficinas.com\/pt\/soulima-faz-apresentacao-oficial-da-rede-intergarage\/","og_locale":"pt_PT","og_type":"article","og_title":"Soulima faz apresenta\u00e7\u00e3o oficial da rede InterGarage - Jornal das Oficinas","og_description":"A Soulima juntou no dia 20 de maio, no Vip Executive Santa Iria Hotel, v\u00e1rias oficinas, para a apresenta\u00e7\u00e3o oficial da InterGarage","og_url":"https:\/\/jornaldasoficinas.com\/pt\/soulima-faz-apresentacao-oficial-da-rede-intergarage\/","og_site_name":"Jornal das Oficinas","article_publisher":"https:\/\/www.facebook.com\/jornaloficinas","article_published_time":"2025-05-20T17:00:05+00:00","og_image":[{"width":1024,"height":581,"url":"https:\/\/jornaldasoficinas.com\/pt\/wp-content\/uploads\/2025\/05\/Soulima-faz-apresentacao-oficial-da-rede-InterGarage.jpg","type":"image\/jpeg"}],"author":"Reda\u00e7\u00e3o JO","twitter_card":"summary_large_image","twitter_creator":"@jornaloficinas","twitter_site":"@jornaloficinas","twitter_misc":{"Escrito por":"Reda\u00e7\u00e3o JO","Tempo estimado de leitura":"4 minutos"},"schema":{"@context":"https:\/\/schema.org","@graph":[{"@type":"Article","@id":"https:\/\/jornaldasoficinas.com\/pt\/soulima-faz-apresentacao-oficial-da-rede-intergarage\/#article","isPartOf":{"@id":"https:\/\/jornaldasoficinas.com\/pt\/soulima-faz-apresentacao-oficial-da-rede-intergarage\/"},"author":{"name":"Reda\u00e7\u00e3o JO","@id":"https:\/\/jornaldasoficinas.com\/pt\/#\/schema\/person\/a38eef5de2c41d9e7c9ac10141afddf3"},"headline":"Soulima faz apresenta\u00e7\u00e3o oficial da rede InterGarage","datePublished":"2025-05-20T17:00:05+00:00","mainEntityOfPage":{"@id":"https:\/\/jornaldasoficinas.com\/pt\/soulima-faz-apresentacao-oficial-da-rede-intergarage\/"},"wordCount":625,"publisher":{"@id":"https:\/\/jornaldasoficinas.com\/pt\/#organization"},"image":{"@id":"https:\/\/jornaldasoficinas.com\/pt\/soulima-faz-apresentacao-oficial-da-rede-intergarage\/#primaryimage"},"thumbnailUrl":"https:\/\/jornaldasoficinas.com\/pt\/wp-content\/uploads\/2025\/05\/Soulima-faz-apresentacao-oficial-da-rede-InterGarage.jpg","keywords":["apresenta\u00e7\u00e3o oficial","Car Academy","conceito inovador","Groupauto Uni\u00f3n Ib\u00e9rica","NAPA","Oficinas","rede InterGarage","Soulima"],"articleSection":["Empresas"],"inLanguage":"pt-PT"},{"@type":"WebPage","@id":"https:\/\/jornaldasoficinas.com\/pt\/soulima-faz-apresentacao-oficial-da-rede-intergarage\/","url":"https:\/\/jornaldasoficinas.com\/pt\/soulima-faz-apresentacao-oficial-da-rede-intergarage\/","name":"Soulima faz apresenta\u00e7\u00e3o oficial da rede InterGarage - Jornal das Oficinas","isPartOf":{"@id":"https:\/\/jornaldasoficinas.com\/pt\/#website"},"primaryImageOfPage":{"@id":"https:\/\/jornaldasoficinas.com\/pt\/soulima-faz-apresentacao-oficial-da-rede-intergarage\/#primaryimage"},"image":{"@id":"https:\/\/jornaldasoficinas.com\/pt\/soulima-faz-apresentacao-oficial-da-rede-intergarage\/#primaryimage"},"thumbnailUrl":"https:\/\/jornaldasoficinas.com\/pt\/wp-content\/uploads\/2025\/05\/Soulima-faz-apresentacao-oficial-da-rede-InterGarage.jpg","datePublished":"2025-05-20T17:00:05+00:00","description":"A Soulima juntou no dia 20 de maio, no Vip Executive Santa Iria Hotel, v\u00e1rias oficinas, para a apresenta\u00e7\u00e3o oficial da InterGarage","breadcrumb":{"@id":"https:\/\/jornaldasoficinas.com\/pt\/soulima-faz-apresentacao-oficial-da-rede-intergarage\/#breadcrumb"},"inLanguage":"pt-PT","potentialAction":[{"@type":"ReadAction","target":["https:\/\/jornaldasoficinas.com\/pt\/soulima-faz-apresentacao-oficial-da-rede-intergarage\/"]}]},{"@type":"ImageObject","inLanguage":"pt-PT","@id":"https:\/\/jornaldasoficinas.com\/pt\/soulima-faz-apresentacao-oficial-da-rede-intergarage\/#primaryimage","url":"https:\/\/jornaldasoficinas.com\/pt\/wp-content\/uploads\/2025\/05\/Soulima-faz-apresentacao-oficial-da-rede-InterGarage.jpg","contentUrl":"https:\/\/jornaldasoficinas.com\/pt\/wp-content\/uploads\/2025\/05\/Soulima-faz-apresentacao-oficial-da-rede-InterGarage.jpg","width":1024,"height":581,"caption":"05 - Soulima faz apresentacao oficial da rede InterGarage"},{"@type":"BreadcrumbList","@id":"https:\/\/jornaldasoficinas.com\/pt\/soulima-faz-apresentacao-oficial-da-rede-intergarage\/#breadcrumb","itemListElement":[{"@type":"ListItem","position":1,"name":"In\u00edcio","item":"https:\/\/jornaldasoficinas.com\/pt\/"},{"@type":"ListItem","position":2,"name":"Soulima faz apresenta\u00e7\u00e3o oficial da rede InterGarage"}]},{"@type":"WebSite","@id":"https:\/\/jornaldasoficinas.com\/pt\/#website","url":"https:\/\/jornaldasoficinas.com\/pt\/","name":"Jornal das Oficinas","description":"Jornal independente do Aftermarket Autom\u00f3vel em Portugal","publisher":{"@id":"https:\/\/jornaldasoficinas.com\/pt\/#organization"},"potentialAction":[{"@type":"SearchAction","target":{"@type":"EntryPoint","urlTemplate":"https:\/\/jornaldasoficinas.com\/pt\/?s={search_term_string}"},"query-input":{"@type":"PropertyValueSpecification","valueRequired":true,"valueName":"search_term_string"}}],"inLanguage":"pt-PT"},{"@type":"Organization","@id":"https:\/\/jornaldasoficinas.com\/pt\/#organization","name":"Jornal das Oficinas","url":"https:\/\/jornaldasoficinas.com\/pt\/","logo":{"@type":"ImageObject","inLanguage":"pt-PT","@id":"https:\/\/jornaldasoficinas.com\/pt\/#\/schema\/logo\/image\/","url":"https:\/\/jornaldasoficinas.com\/pt\/wp-content\/uploads\/logoJO-SEO.png","contentUrl":"https:\/\/jornaldasoficinas.com\/pt\/wp-content\/uploads\/logoJO-SEO.png","width":285,"height":450,"caption":"Jornal das Oficinas"},"image":{"@id":"https:\/\/jornaldasoficinas.com\/pt\/#\/schema\/logo\/image\/"},"sameAs":["https:\/\/www.facebook.com\/jornaloficinas","https:\/\/x.com\/jornaloficinas","https:\/\/www.instagram.com\/jornal_oficinas\/","https:\/\/www.linkedin.com\/company\/jornal-das-oficinas\/","https:\/\/www.youtube.com\/channel\/UCbQZBqtcvV-oSQrr7RzINGg"]},{"@type":"Person","@id":"https:\/\/jornaldasoficinas.com\/pt\/#\/schema\/person\/a38eef5de2c41d9e7c9ac10141afddf3","name":"Reda\u00e7\u00e3o JO","image":{"@type":"ImageObject","inLanguage":"pt-PT","@id":"https:\/\/secure.gravatar.com\/avatar\/71f2fa71737ad68a84fea94bc708ddac8ea5b0c4788dc2ad202f3ccb2887742f?s=96&d=wp_user_avatar&r=g","url":"https:\/\/secure.gravatar.com\/avatar\/71f2fa71737ad68a84fea94bc708ddac8ea5b0c4788dc2ad202f3ccb2887742f?s=96&d=wp_user_avatar&r=g","contentUrl":"https:\/\/secure.gravatar.com\/avatar\/71f2fa71737ad68a84fea94bc708ddac8ea5b0c4788dc2ad202f3ccb2887742f?s=96&d=wp_user_avatar&r=g","caption":"Reda\u00e7\u00e3o JO"},"url":"https:\/\/jornaldasoficinas.com\/pt\/author\/joredacao\/"}]}},"_links":{"self":[{"href":"https:\/\/jornaldasoficinas.com\/pt\/wp-json\/wp\/v2\/posts\/102176","targetHints":{"allow":["GET"]}}],"collection":[{"href":"https:\/\/jornaldasoficinas.com\/pt\/wp-json\/wp\/v2\/posts"}],"about":[{"href":"https:\/\/jornaldasoficinas.com\/pt\/wp-json\/wp\/v2\/types\/post"}],"author":[{"embeddable":true,"href":"https:\/\/jornaldasoficinas.com\/pt\/wp-json\/wp\/v2\/users\/15"}],"replies":[{"embeddable":true,"href":"https:\/\/jornaldasoficinas.com\/pt\/wp-json\/wp\/v2\/comments?post=102176"}],"version-history":[{"count":9,"href":"https:\/\/jornaldasoficinas.com\/pt\/wp-json\/wp\/v2\/posts\/102176\/revisions"}],"predecessor-version":[{"id":102197,"href":"https:\/\/jornaldasoficinas.com\/pt\/wp-json\/wp\/v2\/posts\/102176\/revisions\/102197"}],"wp:featuredmedia":[{"embeddable":true,"href":"https:\/\/jornaldasoficinas.com\/pt\/wp-json\/wp\/v2\/media\/102182"}],"wp:attachment":[{"href":"https:\/\/jornaldasoficinas.com\/pt\/wp-json\/wp\/v2\/media?parent=102176"}],"wp:term":[{"taxonomy":"category","embeddable":true,"href":"https:\/\/jornaldasoficinas.com\/pt\/wp-json\/wp\/v2\/categories?post=102176"},{"taxonomy":"post_tag","embeddable":true,"href":"https:\/\/jornaldasoficinas.com\/pt\/wp-json\/wp\/v2\/tags?post=102176"}],"curies":[{"name":"wp","href":"https:\/\/api.w.org\/{rel}","templated":true}]}}