{"id":102219,"date":"2025-05-21T16:00:56","date_gmt":"2025-05-21T15:00:56","guid":{"rendered":"https:\/\/jornaldasoficinas.com\/pt\/?p=102219"},"modified":"2025-05-23T17:13:32","modified_gmt":"2025-05-23T16:13:32","slug":"mann-filter-lanca-filtro-de-ar-premium-para-camioes-daf","status":"publish","type":"post","link":"https:\/\/jornaldasoficinas.com\/pt\/mann-filter-lanca-filtro-de-ar-premium-para-camioes-daf\/","title":{"rendered":"MANN-FILTER tem novo filtro de ar premium para cami\u00f5es DAF"},"content":{"rendered":"<p><strong><img loading=\"lazy\" decoding=\"async\" class=\"alignnone size-full wp-image-102246\" src=\"https:\/\/jornaldasoficinas.com\/pt\/wp-content\/uploads\/2025\/05\/MANN-FILTER-lanca-filtro-de-ar-premium-para-camioes-DAF.jpg\" alt=\"05 - MANN FILTER lanca filtro de ar premium para camioes DAF\" width=\"1024\" height=\"581\" srcset=\"https:\/\/jornaldasoficinas.com\/pt\/wp-content\/uploads\/2025\/05\/MANN-FILTER-lanca-filtro-de-ar-premium-para-camioes-DAF.jpg 1024w, https:\/\/jornaldasoficinas.com\/pt\/wp-content\/uploads\/2025\/05\/MANN-FILTER-lanca-filtro-de-ar-premium-para-camioes-DAF-300x170.jpg 300w, https:\/\/jornaldasoficinas.com\/pt\/wp-content\/uploads\/2025\/05\/MANN-FILTER-lanca-filtro-de-ar-premium-para-camioes-DAF-150x85.jpg 150w, https:\/\/jornaldasoficinas.com\/pt\/wp-content\/uploads\/2025\/05\/MANN-FILTER-lanca-filtro-de-ar-premium-para-camioes-DAF-768x436.jpg 768w\" sizes=\"auto, (max-width: 1024px) 100vw, 1024px\" \/><\/strong><\/p>\n<p><strong>O novo filtro <a href=\"https:\/\/www.mann-filter.com\/\" target=\"_blank\" rel=\"noopener\">MANN-FILTER<\/a> C 29 046 para DAF XD, XF II e XG oferece elevada efici\u00eancia de separa\u00e7\u00e3o e seguran\u00e7a com design patenteado e nanofibras<\/strong><\/p>\n<p>A <a href=\"https:\/\/www.mann-hummel.com\/\" target=\"_blank\" rel=\"noopener\">MANN+HUMMEL<\/a>, especialista internacional em solu\u00e7\u00f5es de filtragem, desenvolveu este novo filtro de ar para a sua marca premium MANN-FILTER. Dispon\u00edvel no mercado de p\u00f3s-venda como pe\u00e7a de equipamento original, o filtro destina-se aos ve\u00edculos comerciais DAF das s\u00e9ries XD, XF II e XG.<\/p>\n<p>Com um design patenteado, o novo filtro foi criado a pensar na facilidade de instala\u00e7\u00e3o e manuten\u00e7\u00e3o. &#8220;Apresenta uma forma invulgar, com v\u00e1rias solu\u00e7\u00f5es integradas para garantir a montagem correta na caixa do filtro. Uma abertura em cunha desde o fole at\u00e9 \u00e0 tampa, em conjunto com uma guia no tubo central, assegura o encaixe adequado e seguro&#8221;, explicou a empresa.<\/p>\n<p>Para garantir a separa\u00e7\u00e3o eficaz entre as zonas limpa e suja, o filtro C 29 046 possui uma junta com dois l\u00e1bios de espuma de poliuretano, resistente \u00e0 temperatura e ao desgaste. Esta veda\u00e7\u00e3o adapta-se com precis\u00e3o \u00e0 caixa, garantindo um ajuste perfeito em v\u00e1rios pontos de contacto.<\/p>\n<p>A MANN+HUMMEL registou v\u00e1rias patentes mundiais para estas solu\u00e7\u00f5es: junta de duplo l\u00e1bio, abertura de pregas em cunha e guia no tubo central. &#8220;Contamos com mais de 4.700 pedidos de patente e modelos de utilidade desenvolvidos por mais de 1.200 engenheiros e investigadores em todo o mundo&#8221;, acrescentou<\/p>\n<p><strong>Filtragem de part\u00edculas ultrafinas<\/strong><\/p>\n<p>Gra\u00e7as \u00e0 tecnologia de nanofibras, o filtro atinge uma efici\u00eancia de 99,98% com poeira de teste certificada pela norma ISO e capacidade de acumula\u00e7\u00e3o de at\u00e9 2,3 kg de part\u00edculas. As fibras, com menos de 1 micr\u00f3metro de di\u00e2metro, conseguem reter part\u00edculas at\u00e9 500 vezes mais finas que um cabelo humano.<\/p>\n<p>O cartucho \u00e9 ainda envolvido por um fio de poli\u00e9ster especial que estabiliza a dist\u00e2ncia entre as pregas ao longo de toda a sua altura, protegendo o filtro durante a instala\u00e7\u00e3o. &#8220;Este design reduz significativamente a resist\u00eancia ao fluxo de ar e, consequentemente, a perda de press\u00e3o \u2014 o que melhora o desempenho e contribui para a poupan\u00e7a de combust\u00edvel&#8221;, referiu.<\/p>\n<p>O novo filtro inclui tamb\u00e9m uma impregna\u00e7\u00e3o imperme\u00e1vel e ign\u00edfuga, que reduz o risco de inc\u00eandio no compartimento do motor durante todo o intervalo de manuten\u00e7\u00e3o. Isso refor\u00e7a a seguran\u00e7a do ve\u00edculo, da carga e, acima de tudo, do condutor e dos demais utilizadores da estrada.<\/p>\n<p>Por fim, a empresa refor\u00e7ou a import\u00e2ncia de substituir o filtro nos intervalos de manuten\u00e7\u00e3o recomendados: &#8220;Com o tempo, o meio filtrante acumula part\u00edculas e perde efic\u00e1cia. S\u00f3 um filtro substitu\u00eddo atempadamente pode garantir a limpeza ideal do ar de admiss\u00e3o&#8221;.<\/p>\n","protected":false},"excerpt":{"rendered":"<p>O novo filtro MANN-FILTER C 29&#8230;<\/p>\n","protected":false},"author":15,"featured_media":102246,"comment_status":"closed","ping_status":"closed","sticky":false,"template":"","format":"standard","meta":{"footnotes":""},"categories":[29],"tags":[12758,12760,12757,7834,266,223,7465],"class_list":["post-102219","post","type-post","status-publish","format-standard","has-post-thumbnail","hentry","category-empresas","tag-camioes-daf","tag-filtragem-de-particulas","tag-filtro-de-ar-premium","tag-lancamento","tag-mann-filter","tag-mannhummel","tag-novidade"],"yoast_head":"<!-- This site is optimized with the Yoast SEO plugin v27.4 - https:\/\/yoast.com\/product\/yoast-seo-wordpress\/ -->\n<title>MANN-FILTER tem novo filtro de ar premium para cami\u00f5es DAF - Jornal das Oficinas<\/title>\n<meta name=\"description\" content=\"O novo filtro MANN-FILTER C 29 046 oferece elevada efici\u00eancia de separa\u00e7\u00e3o e seguran\u00e7a com design patenteado e nanofibras\" \/>\n<meta name=\"robots\" content=\"index, follow, max-snippet:-1, max-image-preview:large, max-video-preview:-1\" \/>\n<link rel=\"canonical\" href=\"https:\/\/jornaldasoficinas.com\/pt\/mann-filter-lanca-filtro-de-ar-premium-para-camioes-daf\/\" \/>\n<meta property=\"og:locale\" content=\"pt_PT\" \/>\n<meta property=\"og:type\" content=\"article\" \/>\n<meta property=\"og:title\" content=\"MANN-FILTER tem novo filtro de ar premium para cami\u00f5es DAF - Jornal das Oficinas\" \/>\n<meta property=\"og:description\" content=\"O novo filtro MANN-FILTER C 29 046 oferece elevada efici\u00eancia de separa\u00e7\u00e3o e seguran\u00e7a com design patenteado e nanofibras\" \/>\n<meta property=\"og:url\" content=\"https:\/\/jornaldasoficinas.com\/pt\/mann-filter-lanca-filtro-de-ar-premium-para-camioes-daf\/\" \/>\n<meta property=\"og:site_name\" content=\"Jornal das Oficinas\" \/>\n<meta property=\"article:publisher\" content=\"https:\/\/www.facebook.com\/jornaloficinas\" \/>\n<meta property=\"article:published_time\" content=\"2025-05-21T15:00:56+00:00\" \/>\n<meta property=\"article:modified_time\" content=\"2025-05-23T16:13:32+00:00\" \/>\n<meta property=\"og:image\" content=\"https:\/\/jornaldasoficinas.com\/pt\/wp-content\/uploads\/2025\/05\/MANN-FILTER-lanca-filtro-de-ar-premium-para-camioes-DAF.jpg\" \/>\n\t<meta property=\"og:image:width\" content=\"1024\" \/>\n\t<meta property=\"og:image:height\" content=\"581\" \/>\n\t<meta property=\"og:image:type\" content=\"image\/jpeg\" \/>\n<meta name=\"author\" content=\"Reda\u00e7\u00e3o JO\" \/>\n<meta name=\"twitter:card\" content=\"summary_large_image\" \/>\n<meta name=\"twitter:creator\" content=\"@jornaloficinas\" \/>\n<meta name=\"twitter:site\" content=\"@jornaloficinas\" \/>\n<meta name=\"twitter:label1\" content=\"Escrito por\" \/>\n\t<meta name=\"twitter:data1\" content=\"Reda\u00e7\u00e3o JO\" \/>\n\t<meta name=\"twitter:label2\" content=\"Tempo estimado de leitura\" \/>\n\t<meta name=\"twitter:data2\" content=\"3 minutos\" \/>\n<script type=\"application\/ld+json\" class=\"yoast-schema-graph\">{\"@context\":\"https:\\\/\\\/schema.org\",\"@graph\":[{\"@type\":\"Article\",\"@id\":\"https:\\\/\\\/jornaldasoficinas.com\\\/pt\\\/mann-filter-lanca-filtro-de-ar-premium-para-camioes-daf\\\/#article\",\"isPartOf\":{\"@id\":\"https:\\\/\\\/jornaldasoficinas.com\\\/pt\\\/mann-filter-lanca-filtro-de-ar-premium-para-camioes-daf\\\/\"},\"author\":{\"name\":\"Reda\u00e7\u00e3o JO\",\"@id\":\"https:\\\/\\\/jornaldasoficinas.com\\\/pt\\\/#\\\/schema\\\/person\\\/a38eef5de2c41d9e7c9ac10141afddf3\"},\"headline\":\"MANN-FILTER tem novo filtro de ar premium para cami\u00f5es DAF\",\"datePublished\":\"2025-05-21T15:00:56+00:00\",\"dateModified\":\"2025-05-23T16:13:32+00:00\",\"mainEntityOfPage\":{\"@id\":\"https:\\\/\\\/jornaldasoficinas.com\\\/pt\\\/mann-filter-lanca-filtro-de-ar-premium-para-camioes-daf\\\/\"},\"wordCount\":479,\"publisher\":{\"@id\":\"https:\\\/\\\/jornaldasoficinas.com\\\/pt\\\/#organization\"},\"image\":{\"@id\":\"https:\\\/\\\/jornaldasoficinas.com\\\/pt\\\/mann-filter-lanca-filtro-de-ar-premium-para-camioes-daf\\\/#primaryimage\"},\"thumbnailUrl\":\"https:\\\/\\\/jornaldasoficinas.com\\\/pt\\\/wp-content\\\/uploads\\\/2025\\\/05\\\/MANN-FILTER-lanca-filtro-de-ar-premium-para-camioes-DAF.jpg\",\"keywords\":[\"cami\u00f5es DAF\",\"filtragem de part\u00edculas\",\"filtro de ar premium\",\"lan\u00e7amento\",\"MANN-FILTER\",\"MANN+HUMMEL\",\"novidade\"],\"articleSection\":[\"Empresas\"],\"inLanguage\":\"pt-PT\"},{\"@type\":\"WebPage\",\"@id\":\"https:\\\/\\\/jornaldasoficinas.com\\\/pt\\\/mann-filter-lanca-filtro-de-ar-premium-para-camioes-daf\\\/\",\"url\":\"https:\\\/\\\/jornaldasoficinas.com\\\/pt\\\/mann-filter-lanca-filtro-de-ar-premium-para-camioes-daf\\\/\",\"name\":\"MANN-FILTER tem novo filtro de ar premium para cami\u00f5es DAF - Jornal das Oficinas\",\"isPartOf\":{\"@id\":\"https:\\\/\\\/jornaldasoficinas.com\\\/pt\\\/#website\"},\"primaryImageOfPage\":{\"@id\":\"https:\\\/\\\/jornaldasoficinas.com\\\/pt\\\/mann-filter-lanca-filtro-de-ar-premium-para-camioes-daf\\\/#primaryimage\"},\"image\":{\"@id\":\"https:\\\/\\\/jornaldasoficinas.com\\\/pt\\\/mann-filter-lanca-filtro-de-ar-premium-para-camioes-daf\\\/#primaryimage\"},\"thumbnailUrl\":\"https:\\\/\\\/jornaldasoficinas.com\\\/pt\\\/wp-content\\\/uploads\\\/2025\\\/05\\\/MANN-FILTER-lanca-filtro-de-ar-premium-para-camioes-DAF.jpg\",\"datePublished\":\"2025-05-21T15:00:56+00:00\",\"dateModified\":\"2025-05-23T16:13:32+00:00\",\"description\":\"O novo filtro MANN-FILTER C 29 046 oferece elevada efici\u00eancia de separa\u00e7\u00e3o e seguran\u00e7a com design patenteado e nanofibras\",\"breadcrumb\":{\"@id\":\"https:\\\/\\\/jornaldasoficinas.com\\\/pt\\\/mann-filter-lanca-filtro-de-ar-premium-para-camioes-daf\\\/#breadcrumb\"},\"inLanguage\":\"pt-PT\",\"potentialAction\":[{\"@type\":\"ReadAction\",\"target\":[\"https:\\\/\\\/jornaldasoficinas.com\\\/pt\\\/mann-filter-lanca-filtro-de-ar-premium-para-camioes-daf\\\/\"]}]},{\"@type\":\"ImageObject\",\"inLanguage\":\"pt-PT\",\"@id\":\"https:\\\/\\\/jornaldasoficinas.com\\\/pt\\\/mann-filter-lanca-filtro-de-ar-premium-para-camioes-daf\\\/#primaryimage\",\"url\":\"https:\\\/\\\/jornaldasoficinas.com\\\/pt\\\/wp-content\\\/uploads\\\/2025\\\/05\\\/MANN-FILTER-lanca-filtro-de-ar-premium-para-camioes-DAF.jpg\",\"contentUrl\":\"https:\\\/\\\/jornaldasoficinas.com\\\/pt\\\/wp-content\\\/uploads\\\/2025\\\/05\\\/MANN-FILTER-lanca-filtro-de-ar-premium-para-camioes-DAF.jpg\",\"width\":1024,\"height\":581,\"caption\":\"05 - MANN FILTER lanca filtro de ar premium para camioes DAF\"},{\"@type\":\"BreadcrumbList\",\"@id\":\"https:\\\/\\\/jornaldasoficinas.com\\\/pt\\\/mann-filter-lanca-filtro-de-ar-premium-para-camioes-daf\\\/#breadcrumb\",\"itemListElement\":[{\"@type\":\"ListItem\",\"position\":1,\"name\":\"In\u00edcio\",\"item\":\"https:\\\/\\\/jornaldasoficinas.com\\\/pt\\\/\"},{\"@type\":\"ListItem\",\"position\":2,\"name\":\"MANN-FILTER tem novo filtro de ar premium para cami\u00f5es DAF\"}]},{\"@type\":\"WebSite\",\"@id\":\"https:\\\/\\\/jornaldasoficinas.com\\\/pt\\\/#website\",\"url\":\"https:\\\/\\\/jornaldasoficinas.com\\\/pt\\\/\",\"name\":\"Jornal das Oficinas\",\"description\":\"Jornal independente do Aftermarket Autom\u00f3vel em Portugal\",\"publisher\":{\"@id\":\"https:\\\/\\\/jornaldasoficinas.com\\\/pt\\\/#organization\"},\"potentialAction\":[{\"@type\":\"SearchAction\",\"target\":{\"@type\":\"EntryPoint\",\"urlTemplate\":\"https:\\\/\\\/jornaldasoficinas.com\\\/pt\\\/?s={search_term_string}\"},\"query-input\":{\"@type\":\"PropertyValueSpecification\",\"valueRequired\":true,\"valueName\":\"search_term_string\"}}],\"inLanguage\":\"pt-PT\"},{\"@type\":\"Organization\",\"@id\":\"https:\\\/\\\/jornaldasoficinas.com\\\/pt\\\/#organization\",\"name\":\"Jornal das Oficinas\",\"url\":\"https:\\\/\\\/jornaldasoficinas.com\\\/pt\\\/\",\"logo\":{\"@type\":\"ImageObject\",\"inLanguage\":\"pt-PT\",\"@id\":\"https:\\\/\\\/jornaldasoficinas.com\\\/pt\\\/#\\\/schema\\\/logo\\\/image\\\/\",\"url\":\"https:\\\/\\\/jornaldasoficinas.com\\\/pt\\\/wp-content\\\/uploads\\\/logoJO-SEO.png\",\"contentUrl\":\"https:\\\/\\\/jornaldasoficinas.com\\\/pt\\\/wp-content\\\/uploads\\\/logoJO-SEO.png\",\"width\":285,\"height\":450,\"caption\":\"Jornal das Oficinas\"},\"image\":{\"@id\":\"https:\\\/\\\/jornaldasoficinas.com\\\/pt\\\/#\\\/schema\\\/logo\\\/image\\\/\"},\"sameAs\":[\"https:\\\/\\\/www.facebook.com\\\/jornaloficinas\",\"https:\\\/\\\/x.com\\\/jornaloficinas\",\"https:\\\/\\\/www.instagram.com\\\/jornal_oficinas\\\/\",\"https:\\\/\\\/www.linkedin.com\\\/company\\\/jornal-das-oficinas\\\/\",\"https:\\\/\\\/www.youtube.com\\\/channel\\\/UCbQZBqtcvV-oSQrr7RzINGg\"]},{\"@type\":\"Person\",\"@id\":\"https:\\\/\\\/jornaldasoficinas.com\\\/pt\\\/#\\\/schema\\\/person\\\/a38eef5de2c41d9e7c9ac10141afddf3\",\"name\":\"Reda\u00e7\u00e3o JO\",\"image\":{\"@type\":\"ImageObject\",\"inLanguage\":\"pt-PT\",\"@id\":\"https:\\\/\\\/secure.gravatar.com\\\/avatar\\\/71f2fa71737ad68a84fea94bc708ddac8ea5b0c4788dc2ad202f3ccb2887742f?s=96&d=wp_user_avatar&r=g\",\"url\":\"https:\\\/\\\/secure.gravatar.com\\\/avatar\\\/71f2fa71737ad68a84fea94bc708ddac8ea5b0c4788dc2ad202f3ccb2887742f?s=96&d=wp_user_avatar&r=g\",\"contentUrl\":\"https:\\\/\\\/secure.gravatar.com\\\/avatar\\\/71f2fa71737ad68a84fea94bc708ddac8ea5b0c4788dc2ad202f3ccb2887742f?s=96&d=wp_user_avatar&r=g\",\"caption\":\"Reda\u00e7\u00e3o JO\"},\"url\":\"https:\\\/\\\/jornaldasoficinas.com\\\/pt\\\/author\\\/joredacao\\\/\"}]}<\/script>\n<!-- \/ Yoast SEO plugin. -->","yoast_head_json":{"title":"MANN-FILTER tem novo filtro de ar premium para cami\u00f5es DAF - Jornal das Oficinas","description":"O novo filtro MANN-FILTER C 29 046 oferece elevada efici\u00eancia de separa\u00e7\u00e3o e seguran\u00e7a com design patenteado e nanofibras","robots":{"index":"index","follow":"follow","max-snippet":"max-snippet:-1","max-image-preview":"max-image-preview:large","max-video-preview":"max-video-preview:-1"},"canonical":"https:\/\/jornaldasoficinas.com\/pt\/mann-filter-lanca-filtro-de-ar-premium-para-camioes-daf\/","og_locale":"pt_PT","og_type":"article","og_title":"MANN-FILTER tem novo filtro de ar premium para cami\u00f5es DAF - Jornal das Oficinas","og_description":"O novo filtro MANN-FILTER C 29 046 oferece elevada efici\u00eancia de separa\u00e7\u00e3o e seguran\u00e7a com design patenteado e nanofibras","og_url":"https:\/\/jornaldasoficinas.com\/pt\/mann-filter-lanca-filtro-de-ar-premium-para-camioes-daf\/","og_site_name":"Jornal das Oficinas","article_publisher":"https:\/\/www.facebook.com\/jornaloficinas","article_published_time":"2025-05-21T15:00:56+00:00","article_modified_time":"2025-05-23T16:13:32+00:00","og_image":[{"width":1024,"height":581,"url":"https:\/\/jornaldasoficinas.com\/pt\/wp-content\/uploads\/2025\/05\/MANN-FILTER-lanca-filtro-de-ar-premium-para-camioes-DAF.jpg","type":"image\/jpeg"}],"author":"Reda\u00e7\u00e3o JO","twitter_card":"summary_large_image","twitter_creator":"@jornaloficinas","twitter_site":"@jornaloficinas","twitter_misc":{"Escrito por":"Reda\u00e7\u00e3o JO","Tempo estimado de leitura":"3 minutos"},"schema":{"@context":"https:\/\/schema.org","@graph":[{"@type":"Article","@id":"https:\/\/jornaldasoficinas.com\/pt\/mann-filter-lanca-filtro-de-ar-premium-para-camioes-daf\/#article","isPartOf":{"@id":"https:\/\/jornaldasoficinas.com\/pt\/mann-filter-lanca-filtro-de-ar-premium-para-camioes-daf\/"},"author":{"name":"Reda\u00e7\u00e3o JO","@id":"https:\/\/jornaldasoficinas.com\/pt\/#\/schema\/person\/a38eef5de2c41d9e7c9ac10141afddf3"},"headline":"MANN-FILTER tem novo filtro de ar premium para cami\u00f5es DAF","datePublished":"2025-05-21T15:00:56+00:00","dateModified":"2025-05-23T16:13:32+00:00","mainEntityOfPage":{"@id":"https:\/\/jornaldasoficinas.com\/pt\/mann-filter-lanca-filtro-de-ar-premium-para-camioes-daf\/"},"wordCount":479,"publisher":{"@id":"https:\/\/jornaldasoficinas.com\/pt\/#organization"},"image":{"@id":"https:\/\/jornaldasoficinas.com\/pt\/mann-filter-lanca-filtro-de-ar-premium-para-camioes-daf\/#primaryimage"},"thumbnailUrl":"https:\/\/jornaldasoficinas.com\/pt\/wp-content\/uploads\/2025\/05\/MANN-FILTER-lanca-filtro-de-ar-premium-para-camioes-DAF.jpg","keywords":["cami\u00f5es DAF","filtragem de part\u00edculas","filtro de ar premium","lan\u00e7amento","MANN-FILTER","MANN+HUMMEL","novidade"],"articleSection":["Empresas"],"inLanguage":"pt-PT"},{"@type":"WebPage","@id":"https:\/\/jornaldasoficinas.com\/pt\/mann-filter-lanca-filtro-de-ar-premium-para-camioes-daf\/","url":"https:\/\/jornaldasoficinas.com\/pt\/mann-filter-lanca-filtro-de-ar-premium-para-camioes-daf\/","name":"MANN-FILTER tem novo filtro de ar premium para cami\u00f5es DAF - Jornal das Oficinas","isPartOf":{"@id":"https:\/\/jornaldasoficinas.com\/pt\/#website"},"primaryImageOfPage":{"@id":"https:\/\/jornaldasoficinas.com\/pt\/mann-filter-lanca-filtro-de-ar-premium-para-camioes-daf\/#primaryimage"},"image":{"@id":"https:\/\/jornaldasoficinas.com\/pt\/mann-filter-lanca-filtro-de-ar-premium-para-camioes-daf\/#primaryimage"},"thumbnailUrl":"https:\/\/jornaldasoficinas.com\/pt\/wp-content\/uploads\/2025\/05\/MANN-FILTER-lanca-filtro-de-ar-premium-para-camioes-DAF.jpg","datePublished":"2025-05-21T15:00:56+00:00","dateModified":"2025-05-23T16:13:32+00:00","description":"O novo filtro MANN-FILTER C 29 046 oferece elevada efici\u00eancia de separa\u00e7\u00e3o e seguran\u00e7a com design patenteado e nanofibras","breadcrumb":{"@id":"https:\/\/jornaldasoficinas.com\/pt\/mann-filter-lanca-filtro-de-ar-premium-para-camioes-daf\/#breadcrumb"},"inLanguage":"pt-PT","potentialAction":[{"@type":"ReadAction","target":["https:\/\/jornaldasoficinas.com\/pt\/mann-filter-lanca-filtro-de-ar-premium-para-camioes-daf\/"]}]},{"@type":"ImageObject","inLanguage":"pt-PT","@id":"https:\/\/jornaldasoficinas.com\/pt\/mann-filter-lanca-filtro-de-ar-premium-para-camioes-daf\/#primaryimage","url":"https:\/\/jornaldasoficinas.com\/pt\/wp-content\/uploads\/2025\/05\/MANN-FILTER-lanca-filtro-de-ar-premium-para-camioes-DAF.jpg","contentUrl":"https:\/\/jornaldasoficinas.com\/pt\/wp-content\/uploads\/2025\/05\/MANN-FILTER-lanca-filtro-de-ar-premium-para-camioes-DAF.jpg","width":1024,"height":581,"caption":"05 - MANN FILTER lanca filtro de ar premium para camioes DAF"},{"@type":"BreadcrumbList","@id":"https:\/\/jornaldasoficinas.com\/pt\/mann-filter-lanca-filtro-de-ar-premium-para-camioes-daf\/#breadcrumb","itemListElement":[{"@type":"ListItem","position":1,"name":"In\u00edcio","item":"https:\/\/jornaldasoficinas.com\/pt\/"},{"@type":"ListItem","position":2,"name":"MANN-FILTER tem novo filtro de ar premium para cami\u00f5es DAF"}]},{"@type":"WebSite","@id":"https:\/\/jornaldasoficinas.com\/pt\/#website","url":"https:\/\/jornaldasoficinas.com\/pt\/","name":"Jornal das Oficinas","description":"Jornal independente do Aftermarket Autom\u00f3vel em Portugal","publisher":{"@id":"https:\/\/jornaldasoficinas.com\/pt\/#organization"},"potentialAction":[{"@type":"SearchAction","target":{"@type":"EntryPoint","urlTemplate":"https:\/\/jornaldasoficinas.com\/pt\/?s={search_term_string}"},"query-input":{"@type":"PropertyValueSpecification","valueRequired":true,"valueName":"search_term_string"}}],"inLanguage":"pt-PT"},{"@type":"Organization","@id":"https:\/\/jornaldasoficinas.com\/pt\/#organization","name":"Jornal das Oficinas","url":"https:\/\/jornaldasoficinas.com\/pt\/","logo":{"@type":"ImageObject","inLanguage":"pt-PT","@id":"https:\/\/jornaldasoficinas.com\/pt\/#\/schema\/logo\/image\/","url":"https:\/\/jornaldasoficinas.com\/pt\/wp-content\/uploads\/logoJO-SEO.png","contentUrl":"https:\/\/jornaldasoficinas.com\/pt\/wp-content\/uploads\/logoJO-SEO.png","width":285,"height":450,"caption":"Jornal das Oficinas"},"image":{"@id":"https:\/\/jornaldasoficinas.com\/pt\/#\/schema\/logo\/image\/"},"sameAs":["https:\/\/www.facebook.com\/jornaloficinas","https:\/\/x.com\/jornaloficinas","https:\/\/www.instagram.com\/jornal_oficinas\/","https:\/\/www.linkedin.com\/company\/jornal-das-oficinas\/","https:\/\/www.youtube.com\/channel\/UCbQZBqtcvV-oSQrr7RzINGg"]},{"@type":"Person","@id":"https:\/\/jornaldasoficinas.com\/pt\/#\/schema\/person\/a38eef5de2c41d9e7c9ac10141afddf3","name":"Reda\u00e7\u00e3o JO","image":{"@type":"ImageObject","inLanguage":"pt-PT","@id":"https:\/\/secure.gravatar.com\/avatar\/71f2fa71737ad68a84fea94bc708ddac8ea5b0c4788dc2ad202f3ccb2887742f?s=96&d=wp_user_avatar&r=g","url":"https:\/\/secure.gravatar.com\/avatar\/71f2fa71737ad68a84fea94bc708ddac8ea5b0c4788dc2ad202f3ccb2887742f?s=96&d=wp_user_avatar&r=g","contentUrl":"https:\/\/secure.gravatar.com\/avatar\/71f2fa71737ad68a84fea94bc708ddac8ea5b0c4788dc2ad202f3ccb2887742f?s=96&d=wp_user_avatar&r=g","caption":"Reda\u00e7\u00e3o JO"},"url":"https:\/\/jornaldasoficinas.com\/pt\/author\/joredacao\/"}]}},"_links":{"self":[{"href":"https:\/\/jornaldasoficinas.com\/pt\/wp-json\/wp\/v2\/posts\/102219","targetHints":{"allow":["GET"]}}],"collection":[{"href":"https:\/\/jornaldasoficinas.com\/pt\/wp-json\/wp\/v2\/posts"}],"about":[{"href":"https:\/\/jornaldasoficinas.com\/pt\/wp-json\/wp\/v2\/types\/post"}],"author":[{"embeddable":true,"href":"https:\/\/jornaldasoficinas.com\/pt\/wp-json\/wp\/v2\/users\/15"}],"replies":[{"embeddable":true,"href":"https:\/\/jornaldasoficinas.com\/pt\/wp-json\/wp\/v2\/comments?post=102219"}],"version-history":[{"count":7,"href":"https:\/\/jornaldasoficinas.com\/pt\/wp-json\/wp\/v2\/posts\/102219\/revisions"}],"predecessor-version":[{"id":102430,"href":"https:\/\/jornaldasoficinas.com\/pt\/wp-json\/wp\/v2\/posts\/102219\/revisions\/102430"}],"wp:featuredmedia":[{"embeddable":true,"href":"https:\/\/jornaldasoficinas.com\/pt\/wp-json\/wp\/v2\/media\/102246"}],"wp:attachment":[{"href":"https:\/\/jornaldasoficinas.com\/pt\/wp-json\/wp\/v2\/media?parent=102219"}],"wp:term":[{"taxonomy":"category","embeddable":true,"href":"https:\/\/jornaldasoficinas.com\/pt\/wp-json\/wp\/v2\/categories?post=102219"},{"taxonomy":"post_tag","embeddable":true,"href":"https:\/\/jornaldasoficinas.com\/pt\/wp-json\/wp\/v2\/tags?post=102219"}],"curies":[{"name":"wp","href":"https:\/\/api.w.org\/{rel}","templated":true}]}}