{"id":10224,"date":"2020-02-28T12:39:57","date_gmt":"2020-02-28T12:39:57","guid":{"rendered":"https:\/\/jornaldasoficinas.com\/pt\/?p=10224"},"modified":"2020-03-02T09:23:52","modified_gmt":"2020-03-02T09:23:52","slug":"impactos-laterais-conheca-o-comportamento-dos-ac%cc%a7os-especiais","status":"publish","type":"post","link":"https:\/\/jornaldasoficinas.com\/pt\/impactos-laterais-conheca-o-comportamento-dos-ac%cc%a7os-especiais\/","title":{"rendered":"Impactos laterais: conhe\u00e7a o comportamento dos ac\u0327os especiais"},"content":{"rendered":"<p><img loading=\"lazy\" decoding=\"async\" class=\"alignnone wp-image-10223 size-full\" src=\"https:\/\/jornaldasoficinas.com\/pt\/wp-content\/uploads\/2020\/02\/Tecnica_entrada.jpg\" alt=\"02 - Tecnica_entrada\" width=\"1024\" height=\"581\" srcset=\"https:\/\/jornaldasoficinas.com\/pt\/wp-content\/uploads\/2020\/02\/Tecnica_entrada.jpg 1024w, https:\/\/jornaldasoficinas.com\/pt\/wp-content\/uploads\/2020\/02\/Tecnica_entrada-300x170.jpg 300w, https:\/\/jornaldasoficinas.com\/pt\/wp-content\/uploads\/2020\/02\/Tecnica_entrada-150x85.jpg 150w, https:\/\/jornaldasoficinas.com\/pt\/wp-content\/uploads\/2020\/02\/Tecnica_entrada-768x436.jpg 768w\" sizes=\"auto, (max-width: 1024px) 100vw, 1024px\" \/><\/p>\n<p><strong>A protec\u0327a\u0303o dos ocupantes e\u0301 um fator essencial na concec\u0327a\u0303o das carroc\u0327arias. Um dos impactos mais perigosos para a integridade dos passageiros e\u0301 o que ocorre nas laterais. Conhe\u00e7a o comportamento que te\u0302m os ac\u0327os especiais perante tais impactos.<\/strong><\/p>\n<p>Os fabricantes de automo\u0301veis esta\u0303o a introduzir medidas de seguranc\u0327a passiva e ativa para aumentar a protec\u0327a\u0303o perante uma colisa\u0303o lateral. Em geral, com recurso a reforc\u0327os de ac\u0327o de ultraelevado limite ela\u0301stico nos flancos. Aumentam, consideravelmente, a sua resiste\u0302ncia perante deformac\u0327o\u0303es laterais.<\/p>\n<p>Sa\u0303o ac\u0327os cuja principal caracteri\u0301stica e\u0301 o seu elevado limite ela\u0301stico, a partir de 800 MPA. Quatro vezes mais do que os convencionais.<\/p>\n<p>De entre eles, o de maior rigidez e\u0301 o ac\u0327o ao boro (limite ela\u0301stico superior a 1200 MPA). O n\u00edvel de protec\u0327a\u0303o lateral nas carroc\u0327arias atrave\u0301s da utilizac\u0327a\u0303o deste tipo de ac\u0327os e\u0301 muito varia\u0301vel entre os fabricantes.<\/p>\n<p>Podemos encontrar desde a protec\u0327a\u0303o mais simples, que compreende o pilar B e o montante dianteiro do tejadilho, ate\u0301 uma protec\u0327a\u0303o mais completa, com reforc\u0327os em toda a lateral do vei\u0301culo (pilares A e B, montante do tejadilho, estribo e, inclusivamente, pilar C).<\/p>\n<p>Nos testes efetuados pelo Euro NCAP, e\u0301 analisado o comportamento do vei\u0301culo perante impactos laterais, entre outros para\u0302metros, por meio de dois <em>crash tests<\/em>: um impacto lateral contra uma barreira mo\u0301vel, a 50 km\/h; outro contra um poste, a 32 km\/h, classificando, atrave\u0301s de uma avaliac\u0327a\u0303o por pontos, o ni\u0301vel de protec\u0327a\u0303o dos ocupantes para cabec\u0327a, to\u0301rax ou cintura.<\/p>\n<p><strong>Danos na carro\u00e7aria<\/strong><\/p>\n<p>Quando um vei\u0301culo com este tipo de protec\u0327a\u0303o lateral sofre um acidente e deve ser reparado, a combinac\u0327a\u0303o de pec\u0327as de ultraelevado limite ela\u0301stico e de ac\u0327o convencional muda radicalmente a forma como ocorrem as deformac\u0327o\u0303es, bem como a transmissa\u0303o de esforc\u0327os entre pec\u0327as de diferente material atrave\u0301s das travessas.<\/p>\n<p>Assim, podem chegar a deformar-se pec\u0327as afastadas da zona do impacto, como o piso e o tu\u0301nel. Ale\u0301m disso, o elevado limite ela\u0301stico que estas pec\u0327as apresentam implica que na\u0303o sejam conforma\u0301veis a frio, ou seja, na\u0303o sa\u0303o repara\u0301veis, pelo que a u\u0301nica possibilidade e\u0301 a sua substituic\u0327a\u0303o.<\/p>\n<p>De igual modo, sa\u0303o muito sensi\u0301veis a\u0300 aplicac\u0327a\u0303o de calor, o qual provoca a perda das suas qualidades meca\u0302nicas. Por isso, na\u0303o pode ser utilizada soldadura MAG.<\/p>\n<p>A presenc\u0327a de pec\u0327as de ultraelevado limite ela\u0301stico nas laterais do vei\u0301culo implica que, quando este sofre um impacto lateral, a deformac\u0327a\u0303o seja absorvida, em grande parte, por este material, tentando reduzir a intromissa\u0303o e a deformac\u0327a\u0303o para o interior do vei\u0301culo.<\/p>\n<p>A deformac\u0327a\u0303o que este tipo de pec\u0327as costuma apresentar e\u0301 mi\u0301nima. Nas adjacentes, de ac\u0327o convencional, com limites de elasti- cidade inferiores, o impacto costuma provocar grandes deformac\u0327o\u0303es em forma de pregas e rugas (especialmente nas zonas de unia\u0303o com as pec\u0327as de ultraelevado limite ela\u0301stico).<\/p>\n<p>Ao reparar-se este tipo de carroc\u0327arias, e\u0301 muito importante conhecer exatamente as pec\u0327as que sa\u0303o desta classe de ac\u0327os, visto que condicionam todo o processo.<\/p>\n<p>A vers\u00e3o completa poder\u00e1 ser lida na <a href=\"https:\/\/www.yumpu.com\/pt\/document\/read\/63113712\/jornal-das-oficinas-172\/88\" target=\"_blank\" rel=\"noopener noreferrer\">edi\u00e7\u00e3o de mar\u00e7o de 2020 do Jornal das Oficinas<\/a>.<\/p>\n","protected":false},"excerpt":{"rendered":"<p>A protec\u0327a\u0303o dos ocupantes e\u0301 um&#8230;<\/p>\n","protected":false},"author":15,"featured_media":10223,"comment_status":"closed","ping_status":"closed","sticky":false,"template":"","format":"standard","meta":{"footnotes":""},"categories":[120],"tags":[1694,738,1695],"class_list":["post-10224","post","type-post","status-publish","format-standard","has-post-thumbnail","hentry","category-tecnica","tag-acos-especiais","tag-cesvimap","tag-impactos-laterais"],"yoast_head":"<!-- This site is optimized with the Yoast SEO plugin v27.5 - https:\/\/yoast.com\/product\/yoast-seo-wordpress\/ -->\n<title>Impactos laterais: conhe\u00e7a o comportamento dos ac\u0327os especiais - Jornal das Oficinas<\/title>\n<meta name=\"robots\" content=\"index, follow, max-snippet:-1, max-image-preview:large, max-video-preview:-1\" \/>\n<link rel=\"canonical\" href=\"https:\/\/jornaldasoficinas.com\/pt\/impactos-laterais-conheca-o-comportamento-dos-ac\u0327os-especiais\/\" \/>\n<meta property=\"og:locale\" content=\"pt_PT\" \/>\n<meta property=\"og:type\" content=\"article\" \/>\n<meta property=\"og:title\" content=\"Impactos laterais: conhe\u00e7a o comportamento dos ac\u0327os especiais - Jornal das Oficinas\" \/>\n<meta property=\"og:description\" content=\"A protec\u0327a\u0303o dos ocupantes e\u0301 um...\" \/>\n<meta property=\"og:url\" content=\"https:\/\/jornaldasoficinas.com\/pt\/impactos-laterais-conheca-o-comportamento-dos-ac\u0327os-especiais\/\" \/>\n<meta property=\"og:site_name\" content=\"Jornal das Oficinas\" \/>\n<meta property=\"article:publisher\" content=\"https:\/\/www.facebook.com\/jornaloficinas\" \/>\n<meta property=\"article:published_time\" content=\"2020-02-28T12:39:57+00:00\" \/>\n<meta property=\"article:modified_time\" content=\"2020-03-02T09:23:52+00:00\" \/>\n<meta property=\"og:image\" content=\"https:\/\/jornaldasoficinas.com\/pt\/wp-content\/uploads\/2020\/02\/Tecnica_entrada.jpg\" \/>\n\t<meta property=\"og:image:width\" content=\"1024\" \/>\n\t<meta property=\"og:image:height\" content=\"581\" \/>\n\t<meta property=\"og:image:type\" content=\"image\/jpeg\" \/>\n<meta name=\"author\" content=\"Reda\u00e7\u00e3o JO\" \/>\n<meta name=\"twitter:card\" content=\"summary_large_image\" \/>\n<meta name=\"twitter:creator\" content=\"@jornaloficinas\" \/>\n<meta name=\"twitter:site\" content=\"@jornaloficinas\" \/>\n<meta name=\"twitter:label1\" content=\"Escrito por\" \/>\n\t<meta name=\"twitter:data1\" content=\"Reda\u00e7\u00e3o JO\" \/>\n\t<meta name=\"twitter:label2\" content=\"Tempo estimado de leitura\" \/>\n\t<meta name=\"twitter:data2\" content=\"3 minutos\" \/>\n<script type=\"application\/ld+json\" class=\"yoast-schema-graph\">{\"@context\":\"https:\\\/\\\/schema.org\",\"@graph\":[{\"@type\":\"Article\",\"@id\":\"https:\\\/\\\/jornaldasoficinas.com\\\/pt\\\/impactos-laterais-conheca-o-comportamento-dos-ac%cc%a7os-especiais\\\/#article\",\"isPartOf\":{\"@id\":\"https:\\\/\\\/jornaldasoficinas.com\\\/pt\\\/impactos-laterais-conheca-o-comportamento-dos-ac%cc%a7os-especiais\\\/\"},\"author\":{\"name\":\"Reda\u00e7\u00e3o JO\",\"@id\":\"https:\\\/\\\/jornaldasoficinas.com\\\/pt\\\/#\\\/schema\\\/person\\\/a38eef5de2c41d9e7c9ac10141afddf3\"},\"headline\":\"Impactos laterais: conhe\u00e7a o comportamento dos ac\u0327os especiais\",\"datePublished\":\"2020-02-28T12:39:57+00:00\",\"dateModified\":\"2020-03-02T09:23:52+00:00\",\"mainEntityOfPage\":{\"@id\":\"https:\\\/\\\/jornaldasoficinas.com\\\/pt\\\/impactos-laterais-conheca-o-comportamento-dos-ac%cc%a7os-especiais\\\/\"},\"wordCount\":622,\"publisher\":{\"@id\":\"https:\\\/\\\/jornaldasoficinas.com\\\/pt\\\/#organization\"},\"image\":{\"@id\":\"https:\\\/\\\/jornaldasoficinas.com\\\/pt\\\/impactos-laterais-conheca-o-comportamento-dos-ac%cc%a7os-especiais\\\/#primaryimage\"},\"thumbnailUrl\":\"https:\\\/\\\/jornaldasoficinas.com\\\/pt\\\/wp-content\\\/uploads\\\/2020\\\/02\\\/Tecnica_entrada.jpg\",\"keywords\":[\"A\u00e7os especiais\",\"CESVIMAP\",\"Impactos laterais\"],\"articleSection\":[\"T\u00e9cnica\"],\"inLanguage\":\"pt-PT\"},{\"@type\":\"WebPage\",\"@id\":\"https:\\\/\\\/jornaldasoficinas.com\\\/pt\\\/impactos-laterais-conheca-o-comportamento-dos-ac%cc%a7os-especiais\\\/\",\"url\":\"https:\\\/\\\/jornaldasoficinas.com\\\/pt\\\/impactos-laterais-conheca-o-comportamento-dos-ac%cc%a7os-especiais\\\/\",\"name\":\"Impactos laterais: conhe\u00e7a o comportamento dos ac\u0327os especiais - Jornal das Oficinas\",\"isPartOf\":{\"@id\":\"https:\\\/\\\/jornaldasoficinas.com\\\/pt\\\/#website\"},\"primaryImageOfPage\":{\"@id\":\"https:\\\/\\\/jornaldasoficinas.com\\\/pt\\\/impactos-laterais-conheca-o-comportamento-dos-ac%cc%a7os-especiais\\\/#primaryimage\"},\"image\":{\"@id\":\"https:\\\/\\\/jornaldasoficinas.com\\\/pt\\\/impactos-laterais-conheca-o-comportamento-dos-ac%cc%a7os-especiais\\\/#primaryimage\"},\"thumbnailUrl\":\"https:\\\/\\\/jornaldasoficinas.com\\\/pt\\\/wp-content\\\/uploads\\\/2020\\\/02\\\/Tecnica_entrada.jpg\",\"datePublished\":\"2020-02-28T12:39:57+00:00\",\"dateModified\":\"2020-03-02T09:23:52+00:00\",\"breadcrumb\":{\"@id\":\"https:\\\/\\\/jornaldasoficinas.com\\\/pt\\\/impactos-laterais-conheca-o-comportamento-dos-ac%cc%a7os-especiais\\\/#breadcrumb\"},\"inLanguage\":\"pt-PT\",\"potentialAction\":[{\"@type\":\"ReadAction\",\"target\":[\"https:\\\/\\\/jornaldasoficinas.com\\\/pt\\\/impactos-laterais-conheca-o-comportamento-dos-ac%cc%a7os-especiais\\\/\"]}]},{\"@type\":\"ImageObject\",\"inLanguage\":\"pt-PT\",\"@id\":\"https:\\\/\\\/jornaldasoficinas.com\\\/pt\\\/impactos-laterais-conheca-o-comportamento-dos-ac%cc%a7os-especiais\\\/#primaryimage\",\"url\":\"https:\\\/\\\/jornaldasoficinas.com\\\/pt\\\/wp-content\\\/uploads\\\/2020\\\/02\\\/Tecnica_entrada.jpg\",\"contentUrl\":\"https:\\\/\\\/jornaldasoficinas.com\\\/pt\\\/wp-content\\\/uploads\\\/2020\\\/02\\\/Tecnica_entrada.jpg\",\"width\":1024,\"height\":581,\"caption\":\"02 - Tecnica_entrada\"},{\"@type\":\"BreadcrumbList\",\"@id\":\"https:\\\/\\\/jornaldasoficinas.com\\\/pt\\\/impactos-laterais-conheca-o-comportamento-dos-ac%cc%a7os-especiais\\\/#breadcrumb\",\"itemListElement\":[{\"@type\":\"ListItem\",\"position\":1,\"name\":\"In\u00edcio\",\"item\":\"https:\\\/\\\/jornaldasoficinas.com\\\/pt\\\/\"},{\"@type\":\"ListItem\",\"position\":2,\"name\":\"Impactos laterais: conhe\u00e7a o comportamento dos ac\u0327os especiais\"}]},{\"@type\":\"WebSite\",\"@id\":\"https:\\\/\\\/jornaldasoficinas.com\\\/pt\\\/#website\",\"url\":\"https:\\\/\\\/jornaldasoficinas.com\\\/pt\\\/\",\"name\":\"Jornal das Oficinas\",\"description\":\"Jornal independente do Aftermarket Autom\u00f3vel em Portugal\",\"publisher\":{\"@id\":\"https:\\\/\\\/jornaldasoficinas.com\\\/pt\\\/#organization\"},\"potentialAction\":[{\"@type\":\"SearchAction\",\"target\":{\"@type\":\"EntryPoint\",\"urlTemplate\":\"https:\\\/\\\/jornaldasoficinas.com\\\/pt\\\/?s={search_term_string}\"},\"query-input\":{\"@type\":\"PropertyValueSpecification\",\"valueRequired\":true,\"valueName\":\"search_term_string\"}}],\"inLanguage\":\"pt-PT\"},{\"@type\":\"Organization\",\"@id\":\"https:\\\/\\\/jornaldasoficinas.com\\\/pt\\\/#organization\",\"name\":\"Jornal das Oficinas\",\"url\":\"https:\\\/\\\/jornaldasoficinas.com\\\/pt\\\/\",\"logo\":{\"@type\":\"ImageObject\",\"inLanguage\":\"pt-PT\",\"@id\":\"https:\\\/\\\/jornaldasoficinas.com\\\/pt\\\/#\\\/schema\\\/logo\\\/image\\\/\",\"url\":\"https:\\\/\\\/jornaldasoficinas.com\\\/pt\\\/wp-content\\\/uploads\\\/logoJO-SEO.png\",\"contentUrl\":\"https:\\\/\\\/jornaldasoficinas.com\\\/pt\\\/wp-content\\\/uploads\\\/logoJO-SEO.png\",\"width\":285,\"height\":450,\"caption\":\"Jornal das Oficinas\"},\"image\":{\"@id\":\"https:\\\/\\\/jornaldasoficinas.com\\\/pt\\\/#\\\/schema\\\/logo\\\/image\\\/\"},\"sameAs\":[\"https:\\\/\\\/www.facebook.com\\\/jornaloficinas\",\"https:\\\/\\\/x.com\\\/jornaloficinas\",\"https:\\\/\\\/www.instagram.com\\\/jornal_oficinas\\\/\",\"https:\\\/\\\/www.linkedin.com\\\/company\\\/jornal-das-oficinas\\\/\",\"https:\\\/\\\/www.youtube.com\\\/channel\\\/UCbQZBqtcvV-oSQrr7RzINGg\"]},{\"@type\":\"Person\",\"@id\":\"https:\\\/\\\/jornaldasoficinas.com\\\/pt\\\/#\\\/schema\\\/person\\\/a38eef5de2c41d9e7c9ac10141afddf3\",\"name\":\"Reda\u00e7\u00e3o JO\",\"image\":{\"@type\":\"ImageObject\",\"inLanguage\":\"pt-PT\",\"@id\":\"https:\\\/\\\/secure.gravatar.com\\\/avatar\\\/71f2fa71737ad68a84fea94bc708ddac8ea5b0c4788dc2ad202f3ccb2887742f?s=96&d=wp_user_avatar&r=g\",\"url\":\"https:\\\/\\\/secure.gravatar.com\\\/avatar\\\/71f2fa71737ad68a84fea94bc708ddac8ea5b0c4788dc2ad202f3ccb2887742f?s=96&d=wp_user_avatar&r=g\",\"contentUrl\":\"https:\\\/\\\/secure.gravatar.com\\\/avatar\\\/71f2fa71737ad68a84fea94bc708ddac8ea5b0c4788dc2ad202f3ccb2887742f?s=96&d=wp_user_avatar&r=g\",\"caption\":\"Reda\u00e7\u00e3o JO\"},\"url\":\"https:\\\/\\\/jornaldasoficinas.com\\\/pt\\\/author\\\/joredacao\\\/\"}]}<\/script>\n<!-- \/ Yoast SEO plugin. -->","yoast_head_json":{"title":"Impactos laterais: conhe\u00e7a o comportamento dos ac\u0327os especiais - Jornal das Oficinas","robots":{"index":"index","follow":"follow","max-snippet":"max-snippet:-1","max-image-preview":"max-image-preview:large","max-video-preview":"max-video-preview:-1"},"canonical":"https:\/\/jornaldasoficinas.com\/pt\/impactos-laterais-conheca-o-comportamento-dos-ac\u0327os-especiais\/","og_locale":"pt_PT","og_type":"article","og_title":"Impactos laterais: conhe\u00e7a o comportamento dos ac\u0327os especiais - Jornal das Oficinas","og_description":"A protec\u0327a\u0303o dos ocupantes e\u0301 um...","og_url":"https:\/\/jornaldasoficinas.com\/pt\/impactos-laterais-conheca-o-comportamento-dos-ac\u0327os-especiais\/","og_site_name":"Jornal das Oficinas","article_publisher":"https:\/\/www.facebook.com\/jornaloficinas","article_published_time":"2020-02-28T12:39:57+00:00","article_modified_time":"2020-03-02T09:23:52+00:00","og_image":[{"width":1024,"height":581,"url":"https:\/\/jornaldasoficinas.com\/pt\/wp-content\/uploads\/2020\/02\/Tecnica_entrada.jpg","type":"image\/jpeg"}],"author":"Reda\u00e7\u00e3o JO","twitter_card":"summary_large_image","twitter_creator":"@jornaloficinas","twitter_site":"@jornaloficinas","twitter_misc":{"Escrito por":"Reda\u00e7\u00e3o JO","Tempo estimado de leitura":"3 minutos"},"schema":{"@context":"https:\/\/schema.org","@graph":[{"@type":"Article","@id":"https:\/\/jornaldasoficinas.com\/pt\/impactos-laterais-conheca-o-comportamento-dos-ac%cc%a7os-especiais\/#article","isPartOf":{"@id":"https:\/\/jornaldasoficinas.com\/pt\/impactos-laterais-conheca-o-comportamento-dos-ac%cc%a7os-especiais\/"},"author":{"name":"Reda\u00e7\u00e3o JO","@id":"https:\/\/jornaldasoficinas.com\/pt\/#\/schema\/person\/a38eef5de2c41d9e7c9ac10141afddf3"},"headline":"Impactos laterais: conhe\u00e7a o comportamento dos ac\u0327os especiais","datePublished":"2020-02-28T12:39:57+00:00","dateModified":"2020-03-02T09:23:52+00:00","mainEntityOfPage":{"@id":"https:\/\/jornaldasoficinas.com\/pt\/impactos-laterais-conheca-o-comportamento-dos-ac%cc%a7os-especiais\/"},"wordCount":622,"publisher":{"@id":"https:\/\/jornaldasoficinas.com\/pt\/#organization"},"image":{"@id":"https:\/\/jornaldasoficinas.com\/pt\/impactos-laterais-conheca-o-comportamento-dos-ac%cc%a7os-especiais\/#primaryimage"},"thumbnailUrl":"https:\/\/jornaldasoficinas.com\/pt\/wp-content\/uploads\/2020\/02\/Tecnica_entrada.jpg","keywords":["A\u00e7os especiais","CESVIMAP","Impactos laterais"],"articleSection":["T\u00e9cnica"],"inLanguage":"pt-PT"},{"@type":"WebPage","@id":"https:\/\/jornaldasoficinas.com\/pt\/impactos-laterais-conheca-o-comportamento-dos-ac%cc%a7os-especiais\/","url":"https:\/\/jornaldasoficinas.com\/pt\/impactos-laterais-conheca-o-comportamento-dos-ac%cc%a7os-especiais\/","name":"Impactos laterais: conhe\u00e7a o comportamento dos ac\u0327os especiais - Jornal das Oficinas","isPartOf":{"@id":"https:\/\/jornaldasoficinas.com\/pt\/#website"},"primaryImageOfPage":{"@id":"https:\/\/jornaldasoficinas.com\/pt\/impactos-laterais-conheca-o-comportamento-dos-ac%cc%a7os-especiais\/#primaryimage"},"image":{"@id":"https:\/\/jornaldasoficinas.com\/pt\/impactos-laterais-conheca-o-comportamento-dos-ac%cc%a7os-especiais\/#primaryimage"},"thumbnailUrl":"https:\/\/jornaldasoficinas.com\/pt\/wp-content\/uploads\/2020\/02\/Tecnica_entrada.jpg","datePublished":"2020-02-28T12:39:57+00:00","dateModified":"2020-03-02T09:23:52+00:00","breadcrumb":{"@id":"https:\/\/jornaldasoficinas.com\/pt\/impactos-laterais-conheca-o-comportamento-dos-ac%cc%a7os-especiais\/#breadcrumb"},"inLanguage":"pt-PT","potentialAction":[{"@type":"ReadAction","target":["https:\/\/jornaldasoficinas.com\/pt\/impactos-laterais-conheca-o-comportamento-dos-ac%cc%a7os-especiais\/"]}]},{"@type":"ImageObject","inLanguage":"pt-PT","@id":"https:\/\/jornaldasoficinas.com\/pt\/impactos-laterais-conheca-o-comportamento-dos-ac%cc%a7os-especiais\/#primaryimage","url":"https:\/\/jornaldasoficinas.com\/pt\/wp-content\/uploads\/2020\/02\/Tecnica_entrada.jpg","contentUrl":"https:\/\/jornaldasoficinas.com\/pt\/wp-content\/uploads\/2020\/02\/Tecnica_entrada.jpg","width":1024,"height":581,"caption":"02 - Tecnica_entrada"},{"@type":"BreadcrumbList","@id":"https:\/\/jornaldasoficinas.com\/pt\/impactos-laterais-conheca-o-comportamento-dos-ac%cc%a7os-especiais\/#breadcrumb","itemListElement":[{"@type":"ListItem","position":1,"name":"In\u00edcio","item":"https:\/\/jornaldasoficinas.com\/pt\/"},{"@type":"ListItem","position":2,"name":"Impactos laterais: conhe\u00e7a o comportamento dos ac\u0327os especiais"}]},{"@type":"WebSite","@id":"https:\/\/jornaldasoficinas.com\/pt\/#website","url":"https:\/\/jornaldasoficinas.com\/pt\/","name":"Jornal das Oficinas","description":"Jornal independente do Aftermarket Autom\u00f3vel em Portugal","publisher":{"@id":"https:\/\/jornaldasoficinas.com\/pt\/#organization"},"potentialAction":[{"@type":"SearchAction","target":{"@type":"EntryPoint","urlTemplate":"https:\/\/jornaldasoficinas.com\/pt\/?s={search_term_string}"},"query-input":{"@type":"PropertyValueSpecification","valueRequired":true,"valueName":"search_term_string"}}],"inLanguage":"pt-PT"},{"@type":"Organization","@id":"https:\/\/jornaldasoficinas.com\/pt\/#organization","name":"Jornal das Oficinas","url":"https:\/\/jornaldasoficinas.com\/pt\/","logo":{"@type":"ImageObject","inLanguage":"pt-PT","@id":"https:\/\/jornaldasoficinas.com\/pt\/#\/schema\/logo\/image\/","url":"https:\/\/jornaldasoficinas.com\/pt\/wp-content\/uploads\/logoJO-SEO.png","contentUrl":"https:\/\/jornaldasoficinas.com\/pt\/wp-content\/uploads\/logoJO-SEO.png","width":285,"height":450,"caption":"Jornal das Oficinas"},"image":{"@id":"https:\/\/jornaldasoficinas.com\/pt\/#\/schema\/logo\/image\/"},"sameAs":["https:\/\/www.facebook.com\/jornaloficinas","https:\/\/x.com\/jornaloficinas","https:\/\/www.instagram.com\/jornal_oficinas\/","https:\/\/www.linkedin.com\/company\/jornal-das-oficinas\/","https:\/\/www.youtube.com\/channel\/UCbQZBqtcvV-oSQrr7RzINGg"]},{"@type":"Person","@id":"https:\/\/jornaldasoficinas.com\/pt\/#\/schema\/person\/a38eef5de2c41d9e7c9ac10141afddf3","name":"Reda\u00e7\u00e3o JO","image":{"@type":"ImageObject","inLanguage":"pt-PT","@id":"https:\/\/secure.gravatar.com\/avatar\/71f2fa71737ad68a84fea94bc708ddac8ea5b0c4788dc2ad202f3ccb2887742f?s=96&d=wp_user_avatar&r=g","url":"https:\/\/secure.gravatar.com\/avatar\/71f2fa71737ad68a84fea94bc708ddac8ea5b0c4788dc2ad202f3ccb2887742f?s=96&d=wp_user_avatar&r=g","contentUrl":"https:\/\/secure.gravatar.com\/avatar\/71f2fa71737ad68a84fea94bc708ddac8ea5b0c4788dc2ad202f3ccb2887742f?s=96&d=wp_user_avatar&r=g","caption":"Reda\u00e7\u00e3o JO"},"url":"https:\/\/jornaldasoficinas.com\/pt\/author\/joredacao\/"}]}},"_links":{"self":[{"href":"https:\/\/jornaldasoficinas.com\/pt\/wp-json\/wp\/v2\/posts\/10224","targetHints":{"allow":["GET"]}}],"collection":[{"href":"https:\/\/jornaldasoficinas.com\/pt\/wp-json\/wp\/v2\/posts"}],"about":[{"href":"https:\/\/jornaldasoficinas.com\/pt\/wp-json\/wp\/v2\/types\/post"}],"author":[{"embeddable":true,"href":"https:\/\/jornaldasoficinas.com\/pt\/wp-json\/wp\/v2\/users\/15"}],"replies":[{"embeddable":true,"href":"https:\/\/jornaldasoficinas.com\/pt\/wp-json\/wp\/v2\/comments?post=10224"}],"version-history":[{"count":0,"href":"https:\/\/jornaldasoficinas.com\/pt\/wp-json\/wp\/v2\/posts\/10224\/revisions"}],"wp:featuredmedia":[{"embeddable":true,"href":"https:\/\/jornaldasoficinas.com\/pt\/wp-json\/wp\/v2\/media\/10223"}],"wp:attachment":[{"href":"https:\/\/jornaldasoficinas.com\/pt\/wp-json\/wp\/v2\/media?parent=10224"}],"wp:term":[{"taxonomy":"category","embeddable":true,"href":"https:\/\/jornaldasoficinas.com\/pt\/wp-json\/wp\/v2\/categories?post=10224"},{"taxonomy":"post_tag","embeddable":true,"href":"https:\/\/jornaldasoficinas.com\/pt\/wp-json\/wp\/v2\/tags?post=10224"}],"curies":[{"name":"wp","href":"https:\/\/api.w.org\/{rel}","templated":true}]}}