{"id":102325,"date":"2025-05-22T16:00:30","date_gmt":"2025-05-22T15:00:30","guid":{"rendered":"https:\/\/jornaldasoficinas.com\/pt\/?p=102325"},"modified":"2025-05-22T14:38:14","modified_gmt":"2025-05-22T13:38:14","slug":"bilstein-group-distinguido-pela-temot-por-parceria-de-excelencia","status":"publish","type":"post","link":"https:\/\/jornaldasoficinas.com\/pt\/bilstein-group-distinguido-pela-temot-por-parceria-de-excelencia\/","title":{"rendered":"bilstein group distinguido pela TEMOT por parceria de excel\u00eancia"},"content":{"rendered":"<p><strong><img loading=\"lazy\" decoding=\"async\" class=\"alignnone size-full wp-image-102342\" src=\"https:\/\/jornaldasoficinas.com\/pt\/wp-content\/uploads\/2025\/05\/bilstein-group-distinguido-pela-TEMOT-por-parceria-de-excelencia.jpg\" alt=\"05 - bilstein group distinguido pela TEMOT por parceria de excelencia\" width=\"1024\" height=\"581\" srcset=\"https:\/\/jornaldasoficinas.com\/pt\/wp-content\/uploads\/2025\/05\/bilstein-group-distinguido-pela-TEMOT-por-parceria-de-excelencia.jpg 1024w, https:\/\/jornaldasoficinas.com\/pt\/wp-content\/uploads\/2025\/05\/bilstein-group-distinguido-pela-TEMOT-por-parceria-de-excelencia-300x170.jpg 300w, https:\/\/jornaldasoficinas.com\/pt\/wp-content\/uploads\/2025\/05\/bilstein-group-distinguido-pela-TEMOT-por-parceria-de-excelencia-150x85.jpg 150w, https:\/\/jornaldasoficinas.com\/pt\/wp-content\/uploads\/2025\/05\/bilstein-group-distinguido-pela-TEMOT-por-parceria-de-excelencia-768x436.jpg 768w\" sizes=\"auto, (max-width: 1024px) 100vw, 1024px\" \/><\/strong><\/p>\n<p><strong>No seu 30.\u00ba anivers\u00e1rio, a <a href=\"https:\/\/www.temot.com\/\" target=\"_blank\" rel=\"noopener\">TEMOT<\/a> decidiu homenagear o <a href=\"https:\/\/bilsteingroup.com\/\" target=\"_blank\" rel=\"noopener\">bilstein group<\/a> por duas d\u00e9cadas de parceria de excel\u00eancia\u00a0<\/strong><\/p>\n<p>O bilstein group foi distinguido com um pr\u00e9mio especial pela TEMOT International Autoparts GmbH, durante o Shareholders&#8217; Meeting &amp; Executive Suppliers&#8217; Summit 2025. A homenagem teve lugar em Paris, no \u00e2mbito das comemora\u00e7\u00f5es do 30.\u00ba anivers\u00e1rio da rede internacional de distribui\u00e7\u00e3o.<\/p>\n<p>Este reconhecimento assinala a parceria s\u00f3lida entre as duas organiza\u00e7\u00f5es, iniciada em 2005. Apenas tr\u00eas empresas do setor foram homenageadas por uma colabora\u00e7\u00e3o de excel\u00eancia ao longo de tr\u00eas d\u00e9cadas \u2014 e o bilstein group foi uma delas.<\/p>\n<p>&#8220;Este pr\u00e9mio \u00e9 uma grande honra para n\u00f3s e sublinha o elevado valor que damos a parcerias sustent\u00e1veis e de confian\u00e7a&#8221;, afirmou Nicole Puschmann, Divisional Director Global Business Excellence do bilstein group. &#8220;Agradecemos \u00e0 TEMOT por d\u00e9cadas de coopera\u00e7\u00e3o bem-sucedida e esperamos continuar este percurso em conjunto&#8221;.<\/p>\n<p>&#8220;Este pr\u00e9mio \u00e9 uma grande honra para n\u00f3s e sublinha o elevado valor que damos a parcerias sustent\u00e1veis e de confian\u00e7a&#8221;, afirmou Nicole Puschmann, Divisional Diretor Global Business Excellence do bilstein group. &#8220;Gostar\u00edamos de agradecer \u00e0 TEMOT por d\u00e9cadas de coopera\u00e7\u00e3o bem-sucedida e aguardamos com expetativa a continua\u00e7\u00e3o do nosso futuro em conjunto&#8221;, acrescentou.<\/p>\n<p>O evento de tr\u00eas dias reuniu especialistas e representantes do aftermarket mundial, com debates, plen\u00e1rios e sess\u00f5es de networking intensivo \u2014 incluindo os chamados &#8220;speed meetings&#8221; com clientes e parceiros.<\/p>\n<p>A TEMOT, com 114 acionistas presentes em 116 pa\u00edses, movimenta mais de 17 mil milh\u00f5es de euros anuais e serve 12 500 oficinas, atrav\u00e9s de 45 conceitos de oficina pr\u00f3prios. A organiza\u00e7\u00e3o tem vindo a investir ativamente no futuro do setor, apoiando causas como o &#8220;Direito \u00e0 Repara\u00e7\u00e3o&#8221; da AUTOCARE, a FIGIEFA, e a iniciativa de talento TALENTS4AA \u2014 da qual o bilstein group tamb\u00e9m faz parte.<\/p>\n","protected":false},"excerpt":{"rendered":"<p>No seu 30.\u00ba anivers\u00e1rio, a TEMOT&#8230;<\/p>\n","protected":false},"author":15,"featured_media":102342,"comment_status":"closed","ping_status":"closed","sticky":false,"template":"","format":"standard","meta":{"footnotes":""},"categories":[29],"tags":[4226,4228,1049,12776,4716,12775,2493],"class_list":["post-102325","post","type-post","status-publish","format-standard","has-post-thumbnail","hentry","category-empresas","tag-30-anos","tag-aniversario","tag-bilstein-group-2","tag-duas-decadas","tag-evento","tag-parceria-de-excelencia","tag-temot"],"yoast_head":"<!-- This site is optimized with the Yoast SEO plugin v27.4 - https:\/\/yoast.com\/product\/yoast-seo-wordpress\/ -->\n<title>bilstein group distinguido pela TEMOT por parceria de excel\u00eancia - Jornal das Oficinas<\/title>\n<meta name=\"description\" content=\"No seu 30.\u00ba anivers\u00e1rio, a TEMOT decidiu homenagar o bilstein group por duas d\u00e9cadas de parceria de excel\u00eancia\" \/>\n<meta name=\"robots\" content=\"index, follow, max-snippet:-1, max-image-preview:large, max-video-preview:-1\" \/>\n<link rel=\"canonical\" href=\"https:\/\/jornaldasoficinas.com\/pt\/bilstein-group-distinguido-pela-temot-por-parceria-de-excelencia\/\" \/>\n<meta property=\"og:locale\" content=\"pt_PT\" \/>\n<meta property=\"og:type\" content=\"article\" \/>\n<meta property=\"og:title\" content=\"bilstein group distinguido pela TEMOT por parceria de excel\u00eancia - Jornal das Oficinas\" \/>\n<meta property=\"og:description\" content=\"No seu 30.\u00ba anivers\u00e1rio, a TEMOT decidiu homenagar o bilstein group por duas d\u00e9cadas de parceria de excel\u00eancia\" \/>\n<meta property=\"og:url\" content=\"https:\/\/jornaldasoficinas.com\/pt\/bilstein-group-distinguido-pela-temot-por-parceria-de-excelencia\/\" \/>\n<meta property=\"og:site_name\" content=\"Jornal das Oficinas\" \/>\n<meta property=\"article:publisher\" content=\"https:\/\/www.facebook.com\/jornaloficinas\" \/>\n<meta property=\"article:published_time\" content=\"2025-05-22T15:00:30+00:00\" \/>\n<meta property=\"og:image\" content=\"https:\/\/jornaldasoficinas.com\/pt\/wp-content\/uploads\/2025\/05\/bilstein-group-distinguido-pela-TEMOT-por-parceria-de-excelencia.jpg\" \/>\n\t<meta property=\"og:image:width\" content=\"1024\" \/>\n\t<meta property=\"og:image:height\" content=\"581\" \/>\n\t<meta property=\"og:image:type\" content=\"image\/jpeg\" \/>\n<meta name=\"author\" content=\"Reda\u00e7\u00e3o JO\" \/>\n<meta name=\"twitter:card\" content=\"summary_large_image\" \/>\n<meta name=\"twitter:creator\" content=\"@jornaloficinas\" \/>\n<meta name=\"twitter:site\" content=\"@jornaloficinas\" \/>\n<meta name=\"twitter:label1\" content=\"Escrito por\" \/>\n\t<meta name=\"twitter:data1\" content=\"Reda\u00e7\u00e3o JO\" \/>\n\t<meta name=\"twitter:label2\" content=\"Tempo estimado de leitura\" \/>\n\t<meta name=\"twitter:data2\" content=\"2 minutos\" \/>\n<script type=\"application\/ld+json\" class=\"yoast-schema-graph\">{\"@context\":\"https:\\\/\\\/schema.org\",\"@graph\":[{\"@type\":\"Article\",\"@id\":\"https:\\\/\\\/jornaldasoficinas.com\\\/pt\\\/bilstein-group-distinguido-pela-temot-por-parceria-de-excelencia\\\/#article\",\"isPartOf\":{\"@id\":\"https:\\\/\\\/jornaldasoficinas.com\\\/pt\\\/bilstein-group-distinguido-pela-temot-por-parceria-de-excelencia\\\/\"},\"author\":{\"name\":\"Reda\u00e7\u00e3o JO\",\"@id\":\"https:\\\/\\\/jornaldasoficinas.com\\\/pt\\\/#\\\/schema\\\/person\\\/a38eef5de2c41d9e7c9ac10141afddf3\"},\"headline\":\"bilstein group distinguido pela TEMOT por parceria de excel\u00eancia\",\"datePublished\":\"2025-05-22T15:00:30+00:00\",\"mainEntityOfPage\":{\"@id\":\"https:\\\/\\\/jornaldasoficinas.com\\\/pt\\\/bilstein-group-distinguido-pela-temot-por-parceria-de-excelencia\\\/\"},\"wordCount\":326,\"publisher\":{\"@id\":\"https:\\\/\\\/jornaldasoficinas.com\\\/pt\\\/#organization\"},\"image\":{\"@id\":\"https:\\\/\\\/jornaldasoficinas.com\\\/pt\\\/bilstein-group-distinguido-pela-temot-por-parceria-de-excelencia\\\/#primaryimage\"},\"thumbnailUrl\":\"https:\\\/\\\/jornaldasoficinas.com\\\/pt\\\/wp-content\\\/uploads\\\/2025\\\/05\\\/bilstein-group-distinguido-pela-TEMOT-por-parceria-de-excelencia.jpg\",\"keywords\":[\"30 anos\",\"Anivers\u00e1rio\",\"bilstein group\",\"duas d\u00e9cadas\",\"Evento\",\"parceria de excel\u00eancia\",\"TEMOT\"],\"articleSection\":[\"Empresas\"],\"inLanguage\":\"pt-PT\"},{\"@type\":\"WebPage\",\"@id\":\"https:\\\/\\\/jornaldasoficinas.com\\\/pt\\\/bilstein-group-distinguido-pela-temot-por-parceria-de-excelencia\\\/\",\"url\":\"https:\\\/\\\/jornaldasoficinas.com\\\/pt\\\/bilstein-group-distinguido-pela-temot-por-parceria-de-excelencia\\\/\",\"name\":\"bilstein group distinguido pela TEMOT por parceria de excel\u00eancia - Jornal das Oficinas\",\"isPartOf\":{\"@id\":\"https:\\\/\\\/jornaldasoficinas.com\\\/pt\\\/#website\"},\"primaryImageOfPage\":{\"@id\":\"https:\\\/\\\/jornaldasoficinas.com\\\/pt\\\/bilstein-group-distinguido-pela-temot-por-parceria-de-excelencia\\\/#primaryimage\"},\"image\":{\"@id\":\"https:\\\/\\\/jornaldasoficinas.com\\\/pt\\\/bilstein-group-distinguido-pela-temot-por-parceria-de-excelencia\\\/#primaryimage\"},\"thumbnailUrl\":\"https:\\\/\\\/jornaldasoficinas.com\\\/pt\\\/wp-content\\\/uploads\\\/2025\\\/05\\\/bilstein-group-distinguido-pela-TEMOT-por-parceria-de-excelencia.jpg\",\"datePublished\":\"2025-05-22T15:00:30+00:00\",\"description\":\"No seu 30.\u00ba anivers\u00e1rio, a TEMOT decidiu homenagar o bilstein group por duas d\u00e9cadas de parceria de excel\u00eancia\",\"breadcrumb\":{\"@id\":\"https:\\\/\\\/jornaldasoficinas.com\\\/pt\\\/bilstein-group-distinguido-pela-temot-por-parceria-de-excelencia\\\/#breadcrumb\"},\"inLanguage\":\"pt-PT\",\"potentialAction\":[{\"@type\":\"ReadAction\",\"target\":[\"https:\\\/\\\/jornaldasoficinas.com\\\/pt\\\/bilstein-group-distinguido-pela-temot-por-parceria-de-excelencia\\\/\"]}]},{\"@type\":\"ImageObject\",\"inLanguage\":\"pt-PT\",\"@id\":\"https:\\\/\\\/jornaldasoficinas.com\\\/pt\\\/bilstein-group-distinguido-pela-temot-por-parceria-de-excelencia\\\/#primaryimage\",\"url\":\"https:\\\/\\\/jornaldasoficinas.com\\\/pt\\\/wp-content\\\/uploads\\\/2025\\\/05\\\/bilstein-group-distinguido-pela-TEMOT-por-parceria-de-excelencia.jpg\",\"contentUrl\":\"https:\\\/\\\/jornaldasoficinas.com\\\/pt\\\/wp-content\\\/uploads\\\/2025\\\/05\\\/bilstein-group-distinguido-pela-TEMOT-por-parceria-de-excelencia.jpg\",\"width\":1024,\"height\":581,\"caption\":\"05 - bilstein group distinguido pela TEMOT por parceria de excelencia\"},{\"@type\":\"BreadcrumbList\",\"@id\":\"https:\\\/\\\/jornaldasoficinas.com\\\/pt\\\/bilstein-group-distinguido-pela-temot-por-parceria-de-excelencia\\\/#breadcrumb\",\"itemListElement\":[{\"@type\":\"ListItem\",\"position\":1,\"name\":\"In\u00edcio\",\"item\":\"https:\\\/\\\/jornaldasoficinas.com\\\/pt\\\/\"},{\"@type\":\"ListItem\",\"position\":2,\"name\":\"bilstein group distinguido pela TEMOT por parceria de excel\u00eancia\"}]},{\"@type\":\"WebSite\",\"@id\":\"https:\\\/\\\/jornaldasoficinas.com\\\/pt\\\/#website\",\"url\":\"https:\\\/\\\/jornaldasoficinas.com\\\/pt\\\/\",\"name\":\"Jornal das Oficinas\",\"description\":\"Jornal independente do Aftermarket Autom\u00f3vel em Portugal\",\"publisher\":{\"@id\":\"https:\\\/\\\/jornaldasoficinas.com\\\/pt\\\/#organization\"},\"potentialAction\":[{\"@type\":\"SearchAction\",\"target\":{\"@type\":\"EntryPoint\",\"urlTemplate\":\"https:\\\/\\\/jornaldasoficinas.com\\\/pt\\\/?s={search_term_string}\"},\"query-input\":{\"@type\":\"PropertyValueSpecification\",\"valueRequired\":true,\"valueName\":\"search_term_string\"}}],\"inLanguage\":\"pt-PT\"},{\"@type\":\"Organization\",\"@id\":\"https:\\\/\\\/jornaldasoficinas.com\\\/pt\\\/#organization\",\"name\":\"Jornal das Oficinas\",\"url\":\"https:\\\/\\\/jornaldasoficinas.com\\\/pt\\\/\",\"logo\":{\"@type\":\"ImageObject\",\"inLanguage\":\"pt-PT\",\"@id\":\"https:\\\/\\\/jornaldasoficinas.com\\\/pt\\\/#\\\/schema\\\/logo\\\/image\\\/\",\"url\":\"https:\\\/\\\/jornaldasoficinas.com\\\/pt\\\/wp-content\\\/uploads\\\/logoJO-SEO.png\",\"contentUrl\":\"https:\\\/\\\/jornaldasoficinas.com\\\/pt\\\/wp-content\\\/uploads\\\/logoJO-SEO.png\",\"width\":285,\"height\":450,\"caption\":\"Jornal das Oficinas\"},\"image\":{\"@id\":\"https:\\\/\\\/jornaldasoficinas.com\\\/pt\\\/#\\\/schema\\\/logo\\\/image\\\/\"},\"sameAs\":[\"https:\\\/\\\/www.facebook.com\\\/jornaloficinas\",\"https:\\\/\\\/x.com\\\/jornaloficinas\",\"https:\\\/\\\/www.instagram.com\\\/jornal_oficinas\\\/\",\"https:\\\/\\\/www.linkedin.com\\\/company\\\/jornal-das-oficinas\\\/\",\"https:\\\/\\\/www.youtube.com\\\/channel\\\/UCbQZBqtcvV-oSQrr7RzINGg\"]},{\"@type\":\"Person\",\"@id\":\"https:\\\/\\\/jornaldasoficinas.com\\\/pt\\\/#\\\/schema\\\/person\\\/a38eef5de2c41d9e7c9ac10141afddf3\",\"name\":\"Reda\u00e7\u00e3o JO\",\"image\":{\"@type\":\"ImageObject\",\"inLanguage\":\"pt-PT\",\"@id\":\"https:\\\/\\\/secure.gravatar.com\\\/avatar\\\/71f2fa71737ad68a84fea94bc708ddac8ea5b0c4788dc2ad202f3ccb2887742f?s=96&d=wp_user_avatar&r=g\",\"url\":\"https:\\\/\\\/secure.gravatar.com\\\/avatar\\\/71f2fa71737ad68a84fea94bc708ddac8ea5b0c4788dc2ad202f3ccb2887742f?s=96&d=wp_user_avatar&r=g\",\"contentUrl\":\"https:\\\/\\\/secure.gravatar.com\\\/avatar\\\/71f2fa71737ad68a84fea94bc708ddac8ea5b0c4788dc2ad202f3ccb2887742f?s=96&d=wp_user_avatar&r=g\",\"caption\":\"Reda\u00e7\u00e3o JO\"},\"url\":\"https:\\\/\\\/jornaldasoficinas.com\\\/pt\\\/author\\\/joredacao\\\/\"}]}<\/script>\n<!-- \/ Yoast SEO plugin. -->","yoast_head_json":{"title":"bilstein group distinguido pela TEMOT por parceria de excel\u00eancia - Jornal das Oficinas","description":"No seu 30.\u00ba anivers\u00e1rio, a TEMOT decidiu homenagar o bilstein group por duas d\u00e9cadas de parceria de excel\u00eancia","robots":{"index":"index","follow":"follow","max-snippet":"max-snippet:-1","max-image-preview":"max-image-preview:large","max-video-preview":"max-video-preview:-1"},"canonical":"https:\/\/jornaldasoficinas.com\/pt\/bilstein-group-distinguido-pela-temot-por-parceria-de-excelencia\/","og_locale":"pt_PT","og_type":"article","og_title":"bilstein group distinguido pela TEMOT por parceria de excel\u00eancia - Jornal das Oficinas","og_description":"No seu 30.\u00ba anivers\u00e1rio, a TEMOT decidiu homenagar o bilstein group por duas d\u00e9cadas de parceria de excel\u00eancia","og_url":"https:\/\/jornaldasoficinas.com\/pt\/bilstein-group-distinguido-pela-temot-por-parceria-de-excelencia\/","og_site_name":"Jornal das Oficinas","article_publisher":"https:\/\/www.facebook.com\/jornaloficinas","article_published_time":"2025-05-22T15:00:30+00:00","og_image":[{"width":1024,"height":581,"url":"https:\/\/jornaldasoficinas.com\/pt\/wp-content\/uploads\/2025\/05\/bilstein-group-distinguido-pela-TEMOT-por-parceria-de-excelencia.jpg","type":"image\/jpeg"}],"author":"Reda\u00e7\u00e3o JO","twitter_card":"summary_large_image","twitter_creator":"@jornaloficinas","twitter_site":"@jornaloficinas","twitter_misc":{"Escrito por":"Reda\u00e7\u00e3o JO","Tempo estimado de leitura":"2 minutos"},"schema":{"@context":"https:\/\/schema.org","@graph":[{"@type":"Article","@id":"https:\/\/jornaldasoficinas.com\/pt\/bilstein-group-distinguido-pela-temot-por-parceria-de-excelencia\/#article","isPartOf":{"@id":"https:\/\/jornaldasoficinas.com\/pt\/bilstein-group-distinguido-pela-temot-por-parceria-de-excelencia\/"},"author":{"name":"Reda\u00e7\u00e3o JO","@id":"https:\/\/jornaldasoficinas.com\/pt\/#\/schema\/person\/a38eef5de2c41d9e7c9ac10141afddf3"},"headline":"bilstein group distinguido pela TEMOT por parceria de excel\u00eancia","datePublished":"2025-05-22T15:00:30+00:00","mainEntityOfPage":{"@id":"https:\/\/jornaldasoficinas.com\/pt\/bilstein-group-distinguido-pela-temot-por-parceria-de-excelencia\/"},"wordCount":326,"publisher":{"@id":"https:\/\/jornaldasoficinas.com\/pt\/#organization"},"image":{"@id":"https:\/\/jornaldasoficinas.com\/pt\/bilstein-group-distinguido-pela-temot-por-parceria-de-excelencia\/#primaryimage"},"thumbnailUrl":"https:\/\/jornaldasoficinas.com\/pt\/wp-content\/uploads\/2025\/05\/bilstein-group-distinguido-pela-TEMOT-por-parceria-de-excelencia.jpg","keywords":["30 anos","Anivers\u00e1rio","bilstein group","duas d\u00e9cadas","Evento","parceria de excel\u00eancia","TEMOT"],"articleSection":["Empresas"],"inLanguage":"pt-PT"},{"@type":"WebPage","@id":"https:\/\/jornaldasoficinas.com\/pt\/bilstein-group-distinguido-pela-temot-por-parceria-de-excelencia\/","url":"https:\/\/jornaldasoficinas.com\/pt\/bilstein-group-distinguido-pela-temot-por-parceria-de-excelencia\/","name":"bilstein group distinguido pela TEMOT por parceria de excel\u00eancia - Jornal das Oficinas","isPartOf":{"@id":"https:\/\/jornaldasoficinas.com\/pt\/#website"},"primaryImageOfPage":{"@id":"https:\/\/jornaldasoficinas.com\/pt\/bilstein-group-distinguido-pela-temot-por-parceria-de-excelencia\/#primaryimage"},"image":{"@id":"https:\/\/jornaldasoficinas.com\/pt\/bilstein-group-distinguido-pela-temot-por-parceria-de-excelencia\/#primaryimage"},"thumbnailUrl":"https:\/\/jornaldasoficinas.com\/pt\/wp-content\/uploads\/2025\/05\/bilstein-group-distinguido-pela-TEMOT-por-parceria-de-excelencia.jpg","datePublished":"2025-05-22T15:00:30+00:00","description":"No seu 30.\u00ba anivers\u00e1rio, a TEMOT decidiu homenagar o bilstein group por duas d\u00e9cadas de parceria de excel\u00eancia","breadcrumb":{"@id":"https:\/\/jornaldasoficinas.com\/pt\/bilstein-group-distinguido-pela-temot-por-parceria-de-excelencia\/#breadcrumb"},"inLanguage":"pt-PT","potentialAction":[{"@type":"ReadAction","target":["https:\/\/jornaldasoficinas.com\/pt\/bilstein-group-distinguido-pela-temot-por-parceria-de-excelencia\/"]}]},{"@type":"ImageObject","inLanguage":"pt-PT","@id":"https:\/\/jornaldasoficinas.com\/pt\/bilstein-group-distinguido-pela-temot-por-parceria-de-excelencia\/#primaryimage","url":"https:\/\/jornaldasoficinas.com\/pt\/wp-content\/uploads\/2025\/05\/bilstein-group-distinguido-pela-TEMOT-por-parceria-de-excelencia.jpg","contentUrl":"https:\/\/jornaldasoficinas.com\/pt\/wp-content\/uploads\/2025\/05\/bilstein-group-distinguido-pela-TEMOT-por-parceria-de-excelencia.jpg","width":1024,"height":581,"caption":"05 - bilstein group distinguido pela TEMOT por parceria de excelencia"},{"@type":"BreadcrumbList","@id":"https:\/\/jornaldasoficinas.com\/pt\/bilstein-group-distinguido-pela-temot-por-parceria-de-excelencia\/#breadcrumb","itemListElement":[{"@type":"ListItem","position":1,"name":"In\u00edcio","item":"https:\/\/jornaldasoficinas.com\/pt\/"},{"@type":"ListItem","position":2,"name":"bilstein group distinguido pela TEMOT por parceria de excel\u00eancia"}]},{"@type":"WebSite","@id":"https:\/\/jornaldasoficinas.com\/pt\/#website","url":"https:\/\/jornaldasoficinas.com\/pt\/","name":"Jornal das Oficinas","description":"Jornal independente do Aftermarket Autom\u00f3vel em Portugal","publisher":{"@id":"https:\/\/jornaldasoficinas.com\/pt\/#organization"},"potentialAction":[{"@type":"SearchAction","target":{"@type":"EntryPoint","urlTemplate":"https:\/\/jornaldasoficinas.com\/pt\/?s={search_term_string}"},"query-input":{"@type":"PropertyValueSpecification","valueRequired":true,"valueName":"search_term_string"}}],"inLanguage":"pt-PT"},{"@type":"Organization","@id":"https:\/\/jornaldasoficinas.com\/pt\/#organization","name":"Jornal das Oficinas","url":"https:\/\/jornaldasoficinas.com\/pt\/","logo":{"@type":"ImageObject","inLanguage":"pt-PT","@id":"https:\/\/jornaldasoficinas.com\/pt\/#\/schema\/logo\/image\/","url":"https:\/\/jornaldasoficinas.com\/pt\/wp-content\/uploads\/logoJO-SEO.png","contentUrl":"https:\/\/jornaldasoficinas.com\/pt\/wp-content\/uploads\/logoJO-SEO.png","width":285,"height":450,"caption":"Jornal das Oficinas"},"image":{"@id":"https:\/\/jornaldasoficinas.com\/pt\/#\/schema\/logo\/image\/"},"sameAs":["https:\/\/www.facebook.com\/jornaloficinas","https:\/\/x.com\/jornaloficinas","https:\/\/www.instagram.com\/jornal_oficinas\/","https:\/\/www.linkedin.com\/company\/jornal-das-oficinas\/","https:\/\/www.youtube.com\/channel\/UCbQZBqtcvV-oSQrr7RzINGg"]},{"@type":"Person","@id":"https:\/\/jornaldasoficinas.com\/pt\/#\/schema\/person\/a38eef5de2c41d9e7c9ac10141afddf3","name":"Reda\u00e7\u00e3o JO","image":{"@type":"ImageObject","inLanguage":"pt-PT","@id":"https:\/\/secure.gravatar.com\/avatar\/71f2fa71737ad68a84fea94bc708ddac8ea5b0c4788dc2ad202f3ccb2887742f?s=96&d=wp_user_avatar&r=g","url":"https:\/\/secure.gravatar.com\/avatar\/71f2fa71737ad68a84fea94bc708ddac8ea5b0c4788dc2ad202f3ccb2887742f?s=96&d=wp_user_avatar&r=g","contentUrl":"https:\/\/secure.gravatar.com\/avatar\/71f2fa71737ad68a84fea94bc708ddac8ea5b0c4788dc2ad202f3ccb2887742f?s=96&d=wp_user_avatar&r=g","caption":"Reda\u00e7\u00e3o JO"},"url":"https:\/\/jornaldasoficinas.com\/pt\/author\/joredacao\/"}]}},"_links":{"self":[{"href":"https:\/\/jornaldasoficinas.com\/pt\/wp-json\/wp\/v2\/posts\/102325","targetHints":{"allow":["GET"]}}],"collection":[{"href":"https:\/\/jornaldasoficinas.com\/pt\/wp-json\/wp\/v2\/posts"}],"about":[{"href":"https:\/\/jornaldasoficinas.com\/pt\/wp-json\/wp\/v2\/types\/post"}],"author":[{"embeddable":true,"href":"https:\/\/jornaldasoficinas.com\/pt\/wp-json\/wp\/v2\/users\/15"}],"replies":[{"embeddable":true,"href":"https:\/\/jornaldasoficinas.com\/pt\/wp-json\/wp\/v2\/comments?post=102325"}],"version-history":[{"count":5,"href":"https:\/\/jornaldasoficinas.com\/pt\/wp-json\/wp\/v2\/posts\/102325\/revisions"}],"predecessor-version":[{"id":102344,"href":"https:\/\/jornaldasoficinas.com\/pt\/wp-json\/wp\/v2\/posts\/102325\/revisions\/102344"}],"wp:featuredmedia":[{"embeddable":true,"href":"https:\/\/jornaldasoficinas.com\/pt\/wp-json\/wp\/v2\/media\/102342"}],"wp:attachment":[{"href":"https:\/\/jornaldasoficinas.com\/pt\/wp-json\/wp\/v2\/media?parent=102325"}],"wp:term":[{"taxonomy":"category","embeddable":true,"href":"https:\/\/jornaldasoficinas.com\/pt\/wp-json\/wp\/v2\/categories?post=102325"},{"taxonomy":"post_tag","embeddable":true,"href":"https:\/\/jornaldasoficinas.com\/pt\/wp-json\/wp\/v2\/tags?post=102325"}],"curies":[{"name":"wp","href":"https:\/\/api.w.org\/{rel}","templated":true}]}}