{"id":102363,"date":"2025-05-23T12:30:16","date_gmt":"2025-05-23T11:30:16","guid":{"rendered":"https:\/\/jornaldasoficinas.com\/pt\/?p=102363"},"modified":"2025-05-22T15:31:58","modified_gmt":"2025-05-22T14:31:58","slug":"bosch-cresce-143-e-reforca-papel-estrategico-em-portugal","status":"publish","type":"post","link":"https:\/\/jornaldasoficinas.com\/pt\/bosch-cresce-143-e-reforca-papel-estrategico-em-portugal\/","title":{"rendered":"Bosch cresce 14,3% e refor\u00e7a papel estrat\u00e9gico em Portugal"},"content":{"rendered":"<p><strong><img loading=\"lazy\" decoding=\"async\" class=\"alignnone size-full wp-image-102370\" src=\"https:\/\/jornaldasoficinas.com\/pt\/wp-content\/uploads\/2025\/05\/Bosch-cresce-143-e-reforca-papel-estrategico-em-Portugal.jpg\" alt=\"05 - Bosch cresce 143 e reforca papel estrategico em Portugal\" width=\"1024\" height=\"581\" srcset=\"https:\/\/jornaldasoficinas.com\/pt\/wp-content\/uploads\/2025\/05\/Bosch-cresce-143-e-reforca-papel-estrategico-em-Portugal.jpg 1024w, https:\/\/jornaldasoficinas.com\/pt\/wp-content\/uploads\/2025\/05\/Bosch-cresce-143-e-reforca-papel-estrategico-em-Portugal-300x170.jpg 300w, https:\/\/jornaldasoficinas.com\/pt\/wp-content\/uploads\/2025\/05\/Bosch-cresce-143-e-reforca-papel-estrategico-em-Portugal-150x85.jpg 150w, https:\/\/jornaldasoficinas.com\/pt\/wp-content\/uploads\/2025\/05\/Bosch-cresce-143-e-reforca-papel-estrategico-em-Portugal-768x436.jpg 768w\" sizes=\"auto, (max-width: 1024px) 100vw, 1024px\" \/><\/strong><\/p>\n<p><strong>A <a href=\"https:\/\/www.bosch-home.pt\/\" target=\"_blank\" rel=\"noopener\">Bosch Portugal<\/a> cresceu 14,3% em 2024, alcan\u00e7ando 2,4 mil milh\u00f5es de euros em vendas e consolidando-se como um polo estrat\u00e9gico de inova\u00e7\u00e3o no grupo<\/strong><\/p>\n<p>A Bosch terminou o ano fiscal de 2024 com um volume de vendas de 2,4 mil milh\u00f5es de euros em Portugal, o que representa um crescimento de 14,3% face ao ano anterior. No mercado nacional, o crescimento foi de 7,8%, com vendas consolidadas de 413 milh\u00f5es de euros.<\/p>\n<p>Apesar de um contexto econ\u00f3mico desafiante a n\u00edvel global, a Bosch manteve a sua trajet\u00f3ria de crescimento gra\u00e7as \u00e0 aposta cont\u00ednua no pa\u00eds, ao desenvolvimento de tecnologia estrat\u00e9gica e ao empenho dos seus cerca de 6.880 colaboradores.<\/p>\n<p>&#8220;Num ano marcado por um ambiente econ\u00f3mico particularmente desafiante, a Bosch em Portugal conseguiu manter-se no caminho do crescimento e dar continuidade aos resultados positivos que tem vindo a apresentar nos \u00faltimos anos. Este desempenho \u00e9 n\u00e3o s\u00f3 fruto da aposta que a Bosch est\u00e1 a fazer no pa\u00eds, trazendo o desenvolvimento e produ\u00e7\u00e3o de tecnologia estrat\u00e9gica para o neg\u00f3cio da empresa, como tamb\u00e9m da resili\u00eancia, compet\u00eancia e dedica\u00e7\u00e3o dos nossos colaboradores, que continuam a ser a for\u00e7a motriz do nosso sucesso&#8221;, afirmou Javier Gonz\u00e1lez Pareja, presidente da Bosch em Portugal e Espanha.<\/p>\n<p>A empresa continua a ser um dos principais exportadores nacionais, com uma taxa de exporta\u00e7\u00e3o superior a 97%, impactando quase 1% do PIB portugu\u00eas. As unidades de Braga, Aveiro, Ovar e Lisboa foram determinantes para os resultados positivos. Em Braga, o investimento em mobilidade conectada e aut\u00f3noma levou a um crescimento de 18%. Em Aveiro, a \u00e1rea de bombas de calor cresceu 14% e prev\u00ea-se a expans\u00e3o do portef\u00f3lio e da capacidade produtiva. J\u00e1 a unidade de Lisboa, agregadora de servi\u00e7os globais, registou um crescimento de 20% no n\u00famero de colaboradores.<\/p>\n<p>A Bosch refor\u00e7a o seu compromisso com o futuro, investindo em solu\u00e7\u00f5es tecnol\u00f3gicas e sustent\u00e1veis em v\u00e1rias \u00e1reas, incluindo sensores, comunica\u00e7\u00e3o entre ve\u00edculos, mobilidade aut\u00f3noma e aquecimento inteligente. A empresa tamb\u00e9m destacou o papel da sua equipa na manuten\u00e7\u00e3o dos resultados positivos e da resili\u00eancia organizacional num cen\u00e1rio de transforma\u00e7\u00e3o tecnol\u00f3gica.<\/p>\n<p>Apesar da incerteza econ\u00f3mica a n\u00edvel global, a Bosch pretende continuar a crescer em Portugal e a refor\u00e7ar a sua posi\u00e7\u00e3o como centro estrat\u00e9gico na Europa. A empresa antecipa um crescimento global modesto, mas espera melhorar a sua margem operacional atrav\u00e9s de investimentos, inova\u00e7\u00e3o e proximidade com os clientes.<\/p>\n","protected":false},"excerpt":{"rendered":"<p>A Bosch Portugal cresceu 14,3% em&#8230;<\/p>\n","protected":false},"author":15,"featured_media":102370,"comment_status":"closed","ping_status":"closed","sticky":false,"template":"","format":"standard","meta":{"footnotes":""},"categories":[29],"tags":[123,12781,2781,3778,9114,12624,9199],"class_list":["post-102363","post","type-post","status-publish","format-standard","has-post-thumbnail","hentry","category-empresas","tag-bosch","tag-bosch-portugal","tag-crescimento","tag-inovacao","tag-resultados-positivos","tag-solucoes-tecnologicas","tag-vendas"],"yoast_head":"<!-- This site is optimized with the Yoast SEO plugin v27.4 - https:\/\/yoast.com\/product\/yoast-seo-wordpress\/ -->\n<title>Bosch cresce 14,3% e refor\u00e7a papel estrat\u00e9gico em Portugal - Jornal das Oficinas<\/title>\n<meta name=\"description\" content=\"A Bosch Portugal cresceu 14,3% em 2024, alcan\u00e7ando 2,4 mil milh\u00f5es de euros em vendas e consolidando-se como um polo estrat\u00e9gico de inova\u00e7\u00e3o\" \/>\n<meta name=\"robots\" content=\"index, follow, max-snippet:-1, max-image-preview:large, max-video-preview:-1\" \/>\n<link rel=\"canonical\" href=\"https:\/\/jornaldasoficinas.com\/pt\/bosch-cresce-143-e-reforca-papel-estrategico-em-portugal\/\" \/>\n<meta property=\"og:locale\" content=\"pt_PT\" \/>\n<meta property=\"og:type\" content=\"article\" \/>\n<meta property=\"og:title\" content=\"Bosch cresce 14,3% e refor\u00e7a papel estrat\u00e9gico em Portugal - Jornal das Oficinas\" \/>\n<meta property=\"og:description\" content=\"A Bosch Portugal cresceu 14,3% em 2024, alcan\u00e7ando 2,4 mil milh\u00f5es de euros em vendas e consolidando-se como um polo estrat\u00e9gico de inova\u00e7\u00e3o\" \/>\n<meta property=\"og:url\" content=\"https:\/\/jornaldasoficinas.com\/pt\/bosch-cresce-143-e-reforca-papel-estrategico-em-portugal\/\" \/>\n<meta property=\"og:site_name\" content=\"Jornal das Oficinas\" \/>\n<meta property=\"article:publisher\" content=\"https:\/\/www.facebook.com\/jornaloficinas\" \/>\n<meta property=\"article:published_time\" content=\"2025-05-23T11:30:16+00:00\" \/>\n<meta property=\"og:image\" content=\"https:\/\/jornaldasoficinas.com\/pt\/wp-content\/uploads\/2025\/05\/Bosch-cresce-143-e-reforca-papel-estrategico-em-Portugal.jpg\" \/>\n\t<meta property=\"og:image:width\" content=\"1024\" \/>\n\t<meta property=\"og:image:height\" content=\"581\" \/>\n\t<meta property=\"og:image:type\" content=\"image\/jpeg\" \/>\n<meta name=\"author\" content=\"Reda\u00e7\u00e3o JO\" \/>\n<meta name=\"twitter:card\" content=\"summary_large_image\" \/>\n<meta name=\"twitter:creator\" content=\"@jornaloficinas\" \/>\n<meta name=\"twitter:site\" content=\"@jornaloficinas\" \/>\n<meta name=\"twitter:label1\" content=\"Escrito por\" \/>\n\t<meta name=\"twitter:data1\" content=\"Reda\u00e7\u00e3o JO\" \/>\n\t<meta name=\"twitter:label2\" content=\"Tempo estimado de leitura\" \/>\n\t<meta name=\"twitter:data2\" content=\"3 minutos\" \/>\n<script type=\"application\/ld+json\" class=\"yoast-schema-graph\">{\"@context\":\"https:\\\/\\\/schema.org\",\"@graph\":[{\"@type\":\"Article\",\"@id\":\"https:\\\/\\\/jornaldasoficinas.com\\\/pt\\\/bosch-cresce-143-e-reforca-papel-estrategico-em-portugal\\\/#article\",\"isPartOf\":{\"@id\":\"https:\\\/\\\/jornaldasoficinas.com\\\/pt\\\/bosch-cresce-143-e-reforca-papel-estrategico-em-portugal\\\/\"},\"author\":{\"name\":\"Reda\u00e7\u00e3o JO\",\"@id\":\"https:\\\/\\\/jornaldasoficinas.com\\\/pt\\\/#\\\/schema\\\/person\\\/a38eef5de2c41d9e7c9ac10141afddf3\"},\"headline\":\"Bosch cresce 14,3% e refor\u00e7a papel estrat\u00e9gico em Portugal\",\"datePublished\":\"2025-05-23T11:30:16+00:00\",\"mainEntityOfPage\":{\"@id\":\"https:\\\/\\\/jornaldasoficinas.com\\\/pt\\\/bosch-cresce-143-e-reforca-papel-estrategico-em-portugal\\\/\"},\"wordCount\":442,\"publisher\":{\"@id\":\"https:\\\/\\\/jornaldasoficinas.com\\\/pt\\\/#organization\"},\"image\":{\"@id\":\"https:\\\/\\\/jornaldasoficinas.com\\\/pt\\\/bosch-cresce-143-e-reforca-papel-estrategico-em-portugal\\\/#primaryimage\"},\"thumbnailUrl\":\"https:\\\/\\\/jornaldasoficinas.com\\\/pt\\\/wp-content\\\/uploads\\\/2025\\\/05\\\/Bosch-cresce-143-e-reforca-papel-estrategico-em-Portugal.jpg\",\"keywords\":[\"Bosch\",\"Bosch Portugal\",\"Crescimento\",\"Inova\u00e7\u00e3o\",\"resultados positivos\",\"solu\u00e7\u00f5es tecnol\u00f3gicas\",\"vendas\"],\"articleSection\":[\"Empresas\"],\"inLanguage\":\"pt-PT\"},{\"@type\":\"WebPage\",\"@id\":\"https:\\\/\\\/jornaldasoficinas.com\\\/pt\\\/bosch-cresce-143-e-reforca-papel-estrategico-em-portugal\\\/\",\"url\":\"https:\\\/\\\/jornaldasoficinas.com\\\/pt\\\/bosch-cresce-143-e-reforca-papel-estrategico-em-portugal\\\/\",\"name\":\"Bosch cresce 14,3% e refor\u00e7a papel estrat\u00e9gico em Portugal - Jornal das Oficinas\",\"isPartOf\":{\"@id\":\"https:\\\/\\\/jornaldasoficinas.com\\\/pt\\\/#website\"},\"primaryImageOfPage\":{\"@id\":\"https:\\\/\\\/jornaldasoficinas.com\\\/pt\\\/bosch-cresce-143-e-reforca-papel-estrategico-em-portugal\\\/#primaryimage\"},\"image\":{\"@id\":\"https:\\\/\\\/jornaldasoficinas.com\\\/pt\\\/bosch-cresce-143-e-reforca-papel-estrategico-em-portugal\\\/#primaryimage\"},\"thumbnailUrl\":\"https:\\\/\\\/jornaldasoficinas.com\\\/pt\\\/wp-content\\\/uploads\\\/2025\\\/05\\\/Bosch-cresce-143-e-reforca-papel-estrategico-em-Portugal.jpg\",\"datePublished\":\"2025-05-23T11:30:16+00:00\",\"description\":\"A Bosch Portugal cresceu 14,3% em 2024, alcan\u00e7ando 2,4 mil milh\u00f5es de euros em vendas e consolidando-se como um polo estrat\u00e9gico de inova\u00e7\u00e3o\",\"breadcrumb\":{\"@id\":\"https:\\\/\\\/jornaldasoficinas.com\\\/pt\\\/bosch-cresce-143-e-reforca-papel-estrategico-em-portugal\\\/#breadcrumb\"},\"inLanguage\":\"pt-PT\",\"potentialAction\":[{\"@type\":\"ReadAction\",\"target\":[\"https:\\\/\\\/jornaldasoficinas.com\\\/pt\\\/bosch-cresce-143-e-reforca-papel-estrategico-em-portugal\\\/\"]}]},{\"@type\":\"ImageObject\",\"inLanguage\":\"pt-PT\",\"@id\":\"https:\\\/\\\/jornaldasoficinas.com\\\/pt\\\/bosch-cresce-143-e-reforca-papel-estrategico-em-portugal\\\/#primaryimage\",\"url\":\"https:\\\/\\\/jornaldasoficinas.com\\\/pt\\\/wp-content\\\/uploads\\\/2025\\\/05\\\/Bosch-cresce-143-e-reforca-papel-estrategico-em-Portugal.jpg\",\"contentUrl\":\"https:\\\/\\\/jornaldasoficinas.com\\\/pt\\\/wp-content\\\/uploads\\\/2025\\\/05\\\/Bosch-cresce-143-e-reforca-papel-estrategico-em-Portugal.jpg\",\"width\":1024,\"height\":581,\"caption\":\"05 - Bosch cresce 143 e reforca papel estrategico em Portugal\"},{\"@type\":\"BreadcrumbList\",\"@id\":\"https:\\\/\\\/jornaldasoficinas.com\\\/pt\\\/bosch-cresce-143-e-reforca-papel-estrategico-em-portugal\\\/#breadcrumb\",\"itemListElement\":[{\"@type\":\"ListItem\",\"position\":1,\"name\":\"In\u00edcio\",\"item\":\"https:\\\/\\\/jornaldasoficinas.com\\\/pt\\\/\"},{\"@type\":\"ListItem\",\"position\":2,\"name\":\"Bosch cresce 14,3% e refor\u00e7a papel estrat\u00e9gico em Portugal\"}]},{\"@type\":\"WebSite\",\"@id\":\"https:\\\/\\\/jornaldasoficinas.com\\\/pt\\\/#website\",\"url\":\"https:\\\/\\\/jornaldasoficinas.com\\\/pt\\\/\",\"name\":\"Jornal das Oficinas\",\"description\":\"Jornal independente do Aftermarket Autom\u00f3vel em Portugal\",\"publisher\":{\"@id\":\"https:\\\/\\\/jornaldasoficinas.com\\\/pt\\\/#organization\"},\"potentialAction\":[{\"@type\":\"SearchAction\",\"target\":{\"@type\":\"EntryPoint\",\"urlTemplate\":\"https:\\\/\\\/jornaldasoficinas.com\\\/pt\\\/?s={search_term_string}\"},\"query-input\":{\"@type\":\"PropertyValueSpecification\",\"valueRequired\":true,\"valueName\":\"search_term_string\"}}],\"inLanguage\":\"pt-PT\"},{\"@type\":\"Organization\",\"@id\":\"https:\\\/\\\/jornaldasoficinas.com\\\/pt\\\/#organization\",\"name\":\"Jornal das Oficinas\",\"url\":\"https:\\\/\\\/jornaldasoficinas.com\\\/pt\\\/\",\"logo\":{\"@type\":\"ImageObject\",\"inLanguage\":\"pt-PT\",\"@id\":\"https:\\\/\\\/jornaldasoficinas.com\\\/pt\\\/#\\\/schema\\\/logo\\\/image\\\/\",\"url\":\"https:\\\/\\\/jornaldasoficinas.com\\\/pt\\\/wp-content\\\/uploads\\\/logoJO-SEO.png\",\"contentUrl\":\"https:\\\/\\\/jornaldasoficinas.com\\\/pt\\\/wp-content\\\/uploads\\\/logoJO-SEO.png\",\"width\":285,\"height\":450,\"caption\":\"Jornal das Oficinas\"},\"image\":{\"@id\":\"https:\\\/\\\/jornaldasoficinas.com\\\/pt\\\/#\\\/schema\\\/logo\\\/image\\\/\"},\"sameAs\":[\"https:\\\/\\\/www.facebook.com\\\/jornaloficinas\",\"https:\\\/\\\/x.com\\\/jornaloficinas\",\"https:\\\/\\\/www.instagram.com\\\/jornal_oficinas\\\/\",\"https:\\\/\\\/www.linkedin.com\\\/company\\\/jornal-das-oficinas\\\/\",\"https:\\\/\\\/www.youtube.com\\\/channel\\\/UCbQZBqtcvV-oSQrr7RzINGg\"]},{\"@type\":\"Person\",\"@id\":\"https:\\\/\\\/jornaldasoficinas.com\\\/pt\\\/#\\\/schema\\\/person\\\/a38eef5de2c41d9e7c9ac10141afddf3\",\"name\":\"Reda\u00e7\u00e3o JO\",\"image\":{\"@type\":\"ImageObject\",\"inLanguage\":\"pt-PT\",\"@id\":\"https:\\\/\\\/secure.gravatar.com\\\/avatar\\\/71f2fa71737ad68a84fea94bc708ddac8ea5b0c4788dc2ad202f3ccb2887742f?s=96&d=wp_user_avatar&r=g\",\"url\":\"https:\\\/\\\/secure.gravatar.com\\\/avatar\\\/71f2fa71737ad68a84fea94bc708ddac8ea5b0c4788dc2ad202f3ccb2887742f?s=96&d=wp_user_avatar&r=g\",\"contentUrl\":\"https:\\\/\\\/secure.gravatar.com\\\/avatar\\\/71f2fa71737ad68a84fea94bc708ddac8ea5b0c4788dc2ad202f3ccb2887742f?s=96&d=wp_user_avatar&r=g\",\"caption\":\"Reda\u00e7\u00e3o JO\"},\"url\":\"https:\\\/\\\/jornaldasoficinas.com\\\/pt\\\/author\\\/joredacao\\\/\"}]}<\/script>\n<!-- \/ Yoast SEO plugin. -->","yoast_head_json":{"title":"Bosch cresce 14,3% e refor\u00e7a papel estrat\u00e9gico em Portugal - Jornal das Oficinas","description":"A Bosch Portugal cresceu 14,3% em 2024, alcan\u00e7ando 2,4 mil milh\u00f5es de euros em vendas e consolidando-se como um polo estrat\u00e9gico de inova\u00e7\u00e3o","robots":{"index":"index","follow":"follow","max-snippet":"max-snippet:-1","max-image-preview":"max-image-preview:large","max-video-preview":"max-video-preview:-1"},"canonical":"https:\/\/jornaldasoficinas.com\/pt\/bosch-cresce-143-e-reforca-papel-estrategico-em-portugal\/","og_locale":"pt_PT","og_type":"article","og_title":"Bosch cresce 14,3% e refor\u00e7a papel estrat\u00e9gico em Portugal - Jornal das Oficinas","og_description":"A Bosch Portugal cresceu 14,3% em 2024, alcan\u00e7ando 2,4 mil milh\u00f5es de euros em vendas e consolidando-se como um polo estrat\u00e9gico de inova\u00e7\u00e3o","og_url":"https:\/\/jornaldasoficinas.com\/pt\/bosch-cresce-143-e-reforca-papel-estrategico-em-portugal\/","og_site_name":"Jornal das Oficinas","article_publisher":"https:\/\/www.facebook.com\/jornaloficinas","article_published_time":"2025-05-23T11:30:16+00:00","og_image":[{"width":1024,"height":581,"url":"https:\/\/jornaldasoficinas.com\/pt\/wp-content\/uploads\/2025\/05\/Bosch-cresce-143-e-reforca-papel-estrategico-em-Portugal.jpg","type":"image\/jpeg"}],"author":"Reda\u00e7\u00e3o JO","twitter_card":"summary_large_image","twitter_creator":"@jornaloficinas","twitter_site":"@jornaloficinas","twitter_misc":{"Escrito por":"Reda\u00e7\u00e3o JO","Tempo estimado de leitura":"3 minutos"},"schema":{"@context":"https:\/\/schema.org","@graph":[{"@type":"Article","@id":"https:\/\/jornaldasoficinas.com\/pt\/bosch-cresce-143-e-reforca-papel-estrategico-em-portugal\/#article","isPartOf":{"@id":"https:\/\/jornaldasoficinas.com\/pt\/bosch-cresce-143-e-reforca-papel-estrategico-em-portugal\/"},"author":{"name":"Reda\u00e7\u00e3o JO","@id":"https:\/\/jornaldasoficinas.com\/pt\/#\/schema\/person\/a38eef5de2c41d9e7c9ac10141afddf3"},"headline":"Bosch cresce 14,3% e refor\u00e7a papel estrat\u00e9gico em Portugal","datePublished":"2025-05-23T11:30:16+00:00","mainEntityOfPage":{"@id":"https:\/\/jornaldasoficinas.com\/pt\/bosch-cresce-143-e-reforca-papel-estrategico-em-portugal\/"},"wordCount":442,"publisher":{"@id":"https:\/\/jornaldasoficinas.com\/pt\/#organization"},"image":{"@id":"https:\/\/jornaldasoficinas.com\/pt\/bosch-cresce-143-e-reforca-papel-estrategico-em-portugal\/#primaryimage"},"thumbnailUrl":"https:\/\/jornaldasoficinas.com\/pt\/wp-content\/uploads\/2025\/05\/Bosch-cresce-143-e-reforca-papel-estrategico-em-Portugal.jpg","keywords":["Bosch","Bosch Portugal","Crescimento","Inova\u00e7\u00e3o","resultados positivos","solu\u00e7\u00f5es tecnol\u00f3gicas","vendas"],"articleSection":["Empresas"],"inLanguage":"pt-PT"},{"@type":"WebPage","@id":"https:\/\/jornaldasoficinas.com\/pt\/bosch-cresce-143-e-reforca-papel-estrategico-em-portugal\/","url":"https:\/\/jornaldasoficinas.com\/pt\/bosch-cresce-143-e-reforca-papel-estrategico-em-portugal\/","name":"Bosch cresce 14,3% e refor\u00e7a papel estrat\u00e9gico em Portugal - Jornal das Oficinas","isPartOf":{"@id":"https:\/\/jornaldasoficinas.com\/pt\/#website"},"primaryImageOfPage":{"@id":"https:\/\/jornaldasoficinas.com\/pt\/bosch-cresce-143-e-reforca-papel-estrategico-em-portugal\/#primaryimage"},"image":{"@id":"https:\/\/jornaldasoficinas.com\/pt\/bosch-cresce-143-e-reforca-papel-estrategico-em-portugal\/#primaryimage"},"thumbnailUrl":"https:\/\/jornaldasoficinas.com\/pt\/wp-content\/uploads\/2025\/05\/Bosch-cresce-143-e-reforca-papel-estrategico-em-Portugal.jpg","datePublished":"2025-05-23T11:30:16+00:00","description":"A Bosch Portugal cresceu 14,3% em 2024, alcan\u00e7ando 2,4 mil milh\u00f5es de euros em vendas e consolidando-se como um polo estrat\u00e9gico de inova\u00e7\u00e3o","breadcrumb":{"@id":"https:\/\/jornaldasoficinas.com\/pt\/bosch-cresce-143-e-reforca-papel-estrategico-em-portugal\/#breadcrumb"},"inLanguage":"pt-PT","potentialAction":[{"@type":"ReadAction","target":["https:\/\/jornaldasoficinas.com\/pt\/bosch-cresce-143-e-reforca-papel-estrategico-em-portugal\/"]}]},{"@type":"ImageObject","inLanguage":"pt-PT","@id":"https:\/\/jornaldasoficinas.com\/pt\/bosch-cresce-143-e-reforca-papel-estrategico-em-portugal\/#primaryimage","url":"https:\/\/jornaldasoficinas.com\/pt\/wp-content\/uploads\/2025\/05\/Bosch-cresce-143-e-reforca-papel-estrategico-em-Portugal.jpg","contentUrl":"https:\/\/jornaldasoficinas.com\/pt\/wp-content\/uploads\/2025\/05\/Bosch-cresce-143-e-reforca-papel-estrategico-em-Portugal.jpg","width":1024,"height":581,"caption":"05 - Bosch cresce 143 e reforca papel estrategico em Portugal"},{"@type":"BreadcrumbList","@id":"https:\/\/jornaldasoficinas.com\/pt\/bosch-cresce-143-e-reforca-papel-estrategico-em-portugal\/#breadcrumb","itemListElement":[{"@type":"ListItem","position":1,"name":"In\u00edcio","item":"https:\/\/jornaldasoficinas.com\/pt\/"},{"@type":"ListItem","position":2,"name":"Bosch cresce 14,3% e refor\u00e7a papel estrat\u00e9gico em Portugal"}]},{"@type":"WebSite","@id":"https:\/\/jornaldasoficinas.com\/pt\/#website","url":"https:\/\/jornaldasoficinas.com\/pt\/","name":"Jornal das Oficinas","description":"Jornal independente do Aftermarket Autom\u00f3vel em Portugal","publisher":{"@id":"https:\/\/jornaldasoficinas.com\/pt\/#organization"},"potentialAction":[{"@type":"SearchAction","target":{"@type":"EntryPoint","urlTemplate":"https:\/\/jornaldasoficinas.com\/pt\/?s={search_term_string}"},"query-input":{"@type":"PropertyValueSpecification","valueRequired":true,"valueName":"search_term_string"}}],"inLanguage":"pt-PT"},{"@type":"Organization","@id":"https:\/\/jornaldasoficinas.com\/pt\/#organization","name":"Jornal das Oficinas","url":"https:\/\/jornaldasoficinas.com\/pt\/","logo":{"@type":"ImageObject","inLanguage":"pt-PT","@id":"https:\/\/jornaldasoficinas.com\/pt\/#\/schema\/logo\/image\/","url":"https:\/\/jornaldasoficinas.com\/pt\/wp-content\/uploads\/logoJO-SEO.png","contentUrl":"https:\/\/jornaldasoficinas.com\/pt\/wp-content\/uploads\/logoJO-SEO.png","width":285,"height":450,"caption":"Jornal das Oficinas"},"image":{"@id":"https:\/\/jornaldasoficinas.com\/pt\/#\/schema\/logo\/image\/"},"sameAs":["https:\/\/www.facebook.com\/jornaloficinas","https:\/\/x.com\/jornaloficinas","https:\/\/www.instagram.com\/jornal_oficinas\/","https:\/\/www.linkedin.com\/company\/jornal-das-oficinas\/","https:\/\/www.youtube.com\/channel\/UCbQZBqtcvV-oSQrr7RzINGg"]},{"@type":"Person","@id":"https:\/\/jornaldasoficinas.com\/pt\/#\/schema\/person\/a38eef5de2c41d9e7c9ac10141afddf3","name":"Reda\u00e7\u00e3o JO","image":{"@type":"ImageObject","inLanguage":"pt-PT","@id":"https:\/\/secure.gravatar.com\/avatar\/71f2fa71737ad68a84fea94bc708ddac8ea5b0c4788dc2ad202f3ccb2887742f?s=96&d=wp_user_avatar&r=g","url":"https:\/\/secure.gravatar.com\/avatar\/71f2fa71737ad68a84fea94bc708ddac8ea5b0c4788dc2ad202f3ccb2887742f?s=96&d=wp_user_avatar&r=g","contentUrl":"https:\/\/secure.gravatar.com\/avatar\/71f2fa71737ad68a84fea94bc708ddac8ea5b0c4788dc2ad202f3ccb2887742f?s=96&d=wp_user_avatar&r=g","caption":"Reda\u00e7\u00e3o JO"},"url":"https:\/\/jornaldasoficinas.com\/pt\/author\/joredacao\/"}]}},"_links":{"self":[{"href":"https:\/\/jornaldasoficinas.com\/pt\/wp-json\/wp\/v2\/posts\/102363","targetHints":{"allow":["GET"]}}],"collection":[{"href":"https:\/\/jornaldasoficinas.com\/pt\/wp-json\/wp\/v2\/posts"}],"about":[{"href":"https:\/\/jornaldasoficinas.com\/pt\/wp-json\/wp\/v2\/types\/post"}],"author":[{"embeddable":true,"href":"https:\/\/jornaldasoficinas.com\/pt\/wp-json\/wp\/v2\/users\/15"}],"replies":[{"embeddable":true,"href":"https:\/\/jornaldasoficinas.com\/pt\/wp-json\/wp\/v2\/comments?post=102363"}],"version-history":[{"count":4,"href":"https:\/\/jornaldasoficinas.com\/pt\/wp-json\/wp\/v2\/posts\/102363\/revisions"}],"predecessor-version":[{"id":102372,"href":"https:\/\/jornaldasoficinas.com\/pt\/wp-json\/wp\/v2\/posts\/102363\/revisions\/102372"}],"wp:featuredmedia":[{"embeddable":true,"href":"https:\/\/jornaldasoficinas.com\/pt\/wp-json\/wp\/v2\/media\/102370"}],"wp:attachment":[{"href":"https:\/\/jornaldasoficinas.com\/pt\/wp-json\/wp\/v2\/media?parent=102363"}],"wp:term":[{"taxonomy":"category","embeddable":true,"href":"https:\/\/jornaldasoficinas.com\/pt\/wp-json\/wp\/v2\/categories?post=102363"},{"taxonomy":"post_tag","embeddable":true,"href":"https:\/\/jornaldasoficinas.com\/pt\/wp-json\/wp\/v2\/tags?post=102363"}],"curies":[{"name":"wp","href":"https:\/\/api.w.org\/{rel}","templated":true}]}}