{"id":102452,"date":"2025-05-27T12:30:14","date_gmt":"2025-05-27T11:30:14","guid":{"rendered":"https:\/\/jornaldasoficinas.com\/pt\/?p=102452"},"modified":"2025-05-23T19:26:22","modified_gmt":"2025-05-23T18:26:22","slug":"carvertical-alerta-para-custo-de-substituicao-de-baterias-em-ve","status":"publish","type":"post","link":"https:\/\/jornaldasoficinas.com\/pt\/carvertical-alerta-para-custo-de-substituicao-de-baterias-em-ve\/","title":{"rendered":"carVertical alerta para custo de substitui\u00e7\u00e3o de baterias em VE"},"content":{"rendered":"<p><img loading=\"lazy\" decoding=\"async\" class=\"alignnone size-full wp-image-102454\" src=\"https:\/\/jornaldasoficinas.com\/pt\/wp-content\/uploads\/2025\/05\/shutterstock_2265174212.jpg\" alt=\"carVertical alerta para custo de substitui\u00e7\u00e3o de baterias em VE\" width=\"1024\" height=\"581\" srcset=\"https:\/\/jornaldasoficinas.com\/pt\/wp-content\/uploads\/2025\/05\/shutterstock_2265174212.jpg 1024w, https:\/\/jornaldasoficinas.com\/pt\/wp-content\/uploads\/2025\/05\/shutterstock_2265174212-300x170.jpg 300w, https:\/\/jornaldasoficinas.com\/pt\/wp-content\/uploads\/2025\/05\/shutterstock_2265174212-150x85.jpg 150w, https:\/\/jornaldasoficinas.com\/pt\/wp-content\/uploads\/2025\/05\/shutterstock_2265174212-768x436.jpg 768w\" sizes=\"auto, (max-width: 1024px) 100vw, 1024px\" \/><\/p>\n<p><strong>A<a href=\"https:\/\/www.carvertical.com\/\" target=\"_blank\" rel=\"noopener\"> carVertical<\/a> destaca os riscos e cuidados a ter com a bateria dos ve\u00edculos el\u00e9tricos, que pode custar mais do que o pr\u00f3prio autom\u00f3vel se for mal gerida<\/strong><\/p>\n<p>A longevidade da bateria \u00e9 uma preocupa\u00e7\u00e3o comum para quem est\u00e1 a pensar em comprar um ve\u00edculo el\u00e9trico (VE). A bateria \u00e9 a pe\u00e7a mais cara de um ve\u00edculo el\u00e9trico \u2013 a sua substitui\u00e7\u00e3o pode, por vezes, ultrapassar o valor do ve\u00edculo. Ent\u00e3o, o que \u00e9 que os condutores devem saber sobre as baterias antes de escolherem um VE novo ou usado?<\/p>\n<p><strong>Fatores que afetam a longevidade da bateria<\/strong><\/p>\n<p>As baterias costumam ter uma garantia do fabricante de 8 anos ou 160 000 km, conforme o que ocorrer primeiro. No entanto, isso n\u00e3o significa que, depois desse per\u00edodo, o autom\u00f3vel s\u00f3 sirva para a sucata. Com o tempo e o desgaste da bateria, a autonomia do ve\u00edculo el\u00e9trico diminui.<\/p>\n<p>&#8220;A bateria de um ve\u00edculo el\u00e9trico pode durar entre 10 e 20 anos, mas h\u00e1 v\u00e1rios fatores que influenciam esse prazo. Em pa\u00edses com climas muito quentes ou frios, as baterias degradamse mais rapidamente do que em climas amenos. Ao comprar um VE usado importado do estrangeiro, \u00e9 importante saber de onde veio \u2013 a sua origem pode ter afetado o estado da bateria&#8221;, afirmou Matas Buzelis, especialista autom\u00f3vel e diretor de comunica\u00e7\u00e3o da carVertical.<\/p>\n<p>Embora um estilo de condu\u00e7\u00e3o mais agressivo tenha um efeito m\u00ednimo na longevidade da bateria, muitos condutores n\u00e3o sabem como cuidar corretamente da bateria. Os fabricantes recomendam mant\u00ea-la com 20\u201380% de carga e evitar a utiliza\u00e7\u00e3o frequente de esta\u00e7\u00f5es de carregamento r\u00e1pido.<\/p>\n<p><strong>Substituir uma bateria pode custar mais do que o pr\u00f3prio ve\u00edculo<\/strong><\/p>\n<p>Embora os VE tenham menos pe\u00e7as m\u00f3veis e a sua manuten\u00e7\u00e3o seja tipicamente menos dispendiosa do que a dos ve\u00edculos com motor de combust\u00e3o interna, se uma bateria sofrer danos num acidente e tiver de ser substitu\u00edda, pode custar um montante avultado. Dependendo do modelo do VE, a substitui\u00e7\u00e3o de uma bateria nova pode custar cerca de 20 000\u201340 000 euros.<\/p>\n<p>Alguns condutores optam por comprar baterias usadas para economizar nas repara\u00e7\u00f5es, mas mesmo as baterias de segunda m\u00e3o mais baratas podem custar milhares de euros. Antes de comprar uma bateria usada, \u00e9 importante ter o m\u00e1ximo de informa\u00e7\u00e3o poss\u00edvel sobre o n\u00edvel de desgaste, a capacidade real, e a autonomia da bateria.<\/p>\n<p>Modelos mais recentes, como os da Tesla, registam essas informa\u00e7\u00f5es automaticamente. Avaliar o desgaste de ve\u00edculos el\u00e9tricos mais antigos ou raros pode ser mais dif\u00edcil, mas est\u00e3o a surgir cada vez mais solu\u00e7\u00f5es de diagn\u00f3stico do estado da bateria. Antes de comprar um autom\u00f3vel, tamb\u00e9m \u00e9 poss\u00edvel marcar uma inspe\u00e7\u00e3o com o propriet\u00e1rio do mesmo. Caso contr\u00e1rio, o comprador corre o risco de adquirir uma bateria danificada, incapaz de garantir longas dist\u00e2ncias.<\/p>\n<p><strong>VE incendeiam-se com menos frequ\u00eancia do que ve\u00edculos com motor de combust\u00e3o interna<\/strong><\/p>\n<p>Muitas pessoas que consideram a hip\u00f3tese de adquirir um ve\u00edculo el\u00e9trico preocupam-se com a seguran\u00e7a da bateria. \u00c9 que na Internet circulam v\u00e1rias hist\u00f3rias de baterias que se incendeiam \u2013 muitas vezes, estas not\u00edcias desencorajam potenciais compradores.<\/p>\n<p>&#8220;V\u00e1rios estudos mostram que os ve\u00edculos el\u00e9tricos pegam fogo com menos frequ\u00eancia do que os ve\u00edculos a gasolina ou a gas\u00f3leo. No entanto, apagar um inc\u00eandio num VE pode ser mais complicado. Muitas pessoas continuam a mostrar-se reticentes em rela\u00e7\u00e3o aos ve\u00edculos el\u00e9tricos e partilham conte\u00fados controversos sobre os perigos que estes ve\u00edculos podem representar, o que gera frequentemente a impress\u00e3o de que n\u00e3o s\u00e3o seguros&#8221;, explicou.<\/p>\n<p><strong>Como cuidar da bateria de um ve\u00edculo el\u00e9trico para prolongar a sua vida \u00fatil?<\/strong><\/p>\n<p>Dado que as baterias dos VE s\u00e3o muito sens\u00edveis \u00e0s varia\u00e7\u00f5es de temperatura, \u00e9 aconselh\u00e1vel estacionar o ve\u00edculo \u00e0 sombra no ver\u00e3o e numa garagem aquecida no inverno. Ao contr\u00e1rio dos ve\u00edculos com motor de combust\u00e3o interna que utilizam o calor do motor para aquecer os passageiros, os VE dependem apenas da energia da bateria.<\/p>\n<p>A efici\u00eancia dos motores el\u00e9tricos \u00e9, pelo menos, o dobro da dos motores de combust\u00e3o interna e, em muitos casos, a taxa de efici\u00eancia excede os 80\u201385%. Como o motor el\u00e9trico gera pouco calor durante o seu funcionamento, a autonomia de um ve\u00edculo el\u00e9trico diminui significativamente no tempo frio.<\/p>\n<p>Tanto a descarga completa como o carregamento a 100% podem danificar as baterias dos VE. Alguns fabricantes limitam os n\u00edveis de carga, impedindo os ve\u00edculos de carregar a 100% ou descarregar por completo. Assim, deve-se evitar que o ve\u00edculo el\u00e9trico fique com a bateria completamente vazia ou cheia por muito tempo. Quem tem esta\u00e7\u00e3o de carregamento em casa deve manter o autom\u00f3vel ligado para que o n\u00edvel de carga da bateria se regule automaticamente, mantendo-a em 80%.<\/p>\n<p>At\u00e9 mesmo fatores como acelera\u00e7\u00f5es e travagens bruscas podem afetar a longevidade da bateria, portanto, uma condu\u00e7\u00e3o suave beneficia o ve\u00edculo.<\/p>\n<p>Estudos mostram que a autonomia de um ve\u00edculo el\u00e9trico pode diminuir 1\u20133% por ano. Embora os fabricantes garantam que a bateria n\u00e3o precisa ser substitu\u00edda durante a vida \u00fatil do ve\u00edculo, a verdade \u00e9 que um VE mais antigo tende a ser menos eficiente, com a autonomia significativamente reduzida.<\/p>\n","protected":false},"excerpt":{"rendered":"<p>A carVertical destaca os riscos e&#8230;<\/p>\n","protected":false},"author":15,"featured_media":102454,"comment_status":"closed","ping_status":"closed","sticky":false,"template":"","format":"standard","meta":{"footnotes":""},"categories":[37],"tags":[6232,6118,12793,12795,12794,6046,89],"class_list":["post-102452","post","type-post","status-publish","format-standard","has-post-thumbnail","hentry","category-mercado","tag-bateria","tag-carvertical","tag-cuidados","tag-eficiencia-dos-motores","tag-longevidade","tag-riscos","tag-veiculos-eletricos"],"yoast_head":"<!-- This site is optimized with the Yoast SEO plugin v27.4 - https:\/\/yoast.com\/product\/yoast-seo-wordpress\/ -->\n<title>carVertical alerta para custo de substitui\u00e7\u00e3o de baterias em VE - Jornal das Oficinas<\/title>\n<meta name=\"description\" content=\"A carVertical destaca os riscos e cuidados a ter com a bateria dos el\u00e9tricos, que pode custar mais do que o pr\u00f3prio autom\u00f3vel\" \/>\n<meta name=\"robots\" content=\"index, follow, max-snippet:-1, max-image-preview:large, max-video-preview:-1\" \/>\n<link rel=\"canonical\" href=\"https:\/\/jornaldasoficinas.com\/pt\/carvertical-alerta-para-custo-de-substituicao-de-baterias-em-ve\/\" \/>\n<meta property=\"og:locale\" content=\"pt_PT\" \/>\n<meta property=\"og:type\" content=\"article\" \/>\n<meta property=\"og:title\" content=\"carVertical alerta para custo de substitui\u00e7\u00e3o de baterias em VE - Jornal das Oficinas\" \/>\n<meta property=\"og:description\" content=\"A carVertical destaca os riscos e cuidados a ter com a bateria dos el\u00e9tricos, que pode custar mais do que o pr\u00f3prio autom\u00f3vel\" \/>\n<meta property=\"og:url\" content=\"https:\/\/jornaldasoficinas.com\/pt\/carvertical-alerta-para-custo-de-substituicao-de-baterias-em-ve\/\" \/>\n<meta property=\"og:site_name\" content=\"Jornal das Oficinas\" \/>\n<meta property=\"article:publisher\" content=\"https:\/\/www.facebook.com\/jornaloficinas\" \/>\n<meta property=\"article:published_time\" content=\"2025-05-27T11:30:14+00:00\" \/>\n<meta property=\"og:image\" content=\"https:\/\/jornaldasoficinas.com\/pt\/wp-content\/uploads\/2025\/05\/shutterstock_2265174212.jpg\" \/>\n\t<meta property=\"og:image:width\" content=\"1024\" \/>\n\t<meta property=\"og:image:height\" content=\"581\" \/>\n\t<meta property=\"og:image:type\" content=\"image\/jpeg\" \/>\n<meta name=\"author\" content=\"Reda\u00e7\u00e3o JO\" \/>\n<meta name=\"twitter:card\" content=\"summary_large_image\" \/>\n<meta name=\"twitter:creator\" content=\"@jornaloficinas\" \/>\n<meta name=\"twitter:site\" content=\"@jornaloficinas\" \/>\n<meta name=\"twitter:label1\" content=\"Escrito por\" \/>\n\t<meta name=\"twitter:data1\" content=\"Reda\u00e7\u00e3o JO\" \/>\n\t<meta name=\"twitter:label2\" content=\"Tempo estimado de leitura\" \/>\n\t<meta name=\"twitter:data2\" content=\"6 minutos\" \/>\n<script type=\"application\/ld+json\" class=\"yoast-schema-graph\">{\"@context\":\"https:\\\/\\\/schema.org\",\"@graph\":[{\"@type\":\"Article\",\"@id\":\"https:\\\/\\\/jornaldasoficinas.com\\\/pt\\\/carvertical-alerta-para-custo-de-substituicao-de-baterias-em-ve\\\/#article\",\"isPartOf\":{\"@id\":\"https:\\\/\\\/jornaldasoficinas.com\\\/pt\\\/carvertical-alerta-para-custo-de-substituicao-de-baterias-em-ve\\\/\"},\"author\":{\"name\":\"Reda\u00e7\u00e3o JO\",\"@id\":\"https:\\\/\\\/jornaldasoficinas.com\\\/pt\\\/#\\\/schema\\\/person\\\/a38eef5de2c41d9e7c9ac10141afddf3\"},\"headline\":\"carVertical alerta para custo de substitui\u00e7\u00e3o de baterias em VE\",\"datePublished\":\"2025-05-27T11:30:14+00:00\",\"mainEntityOfPage\":{\"@id\":\"https:\\\/\\\/jornaldasoficinas.com\\\/pt\\\/carvertical-alerta-para-custo-de-substituicao-de-baterias-em-ve\\\/\"},\"wordCount\":943,\"publisher\":{\"@id\":\"https:\\\/\\\/jornaldasoficinas.com\\\/pt\\\/#organization\"},\"image\":{\"@id\":\"https:\\\/\\\/jornaldasoficinas.com\\\/pt\\\/carvertical-alerta-para-custo-de-substituicao-de-baterias-em-ve\\\/#primaryimage\"},\"thumbnailUrl\":\"https:\\\/\\\/jornaldasoficinas.com\\\/pt\\\/wp-content\\\/uploads\\\/2025\\\/05\\\/shutterstock_2265174212.jpg\",\"keywords\":[\"Bateria\",\"carVertical\",\"cuidados\",\"efici\u00eancia dos motores\",\"longevidade\",\"Riscos\",\"Ve\u00edculos el\u00e9tricos\"],\"articleSection\":[\"Mercado\"],\"inLanguage\":\"pt-PT\"},{\"@type\":\"WebPage\",\"@id\":\"https:\\\/\\\/jornaldasoficinas.com\\\/pt\\\/carvertical-alerta-para-custo-de-substituicao-de-baterias-em-ve\\\/\",\"url\":\"https:\\\/\\\/jornaldasoficinas.com\\\/pt\\\/carvertical-alerta-para-custo-de-substituicao-de-baterias-em-ve\\\/\",\"name\":\"carVertical alerta para custo de substitui\u00e7\u00e3o de baterias em VE - Jornal das Oficinas\",\"isPartOf\":{\"@id\":\"https:\\\/\\\/jornaldasoficinas.com\\\/pt\\\/#website\"},\"primaryImageOfPage\":{\"@id\":\"https:\\\/\\\/jornaldasoficinas.com\\\/pt\\\/carvertical-alerta-para-custo-de-substituicao-de-baterias-em-ve\\\/#primaryimage\"},\"image\":{\"@id\":\"https:\\\/\\\/jornaldasoficinas.com\\\/pt\\\/carvertical-alerta-para-custo-de-substituicao-de-baterias-em-ve\\\/#primaryimage\"},\"thumbnailUrl\":\"https:\\\/\\\/jornaldasoficinas.com\\\/pt\\\/wp-content\\\/uploads\\\/2025\\\/05\\\/shutterstock_2265174212.jpg\",\"datePublished\":\"2025-05-27T11:30:14+00:00\",\"description\":\"A carVertical destaca os riscos e cuidados a ter com a bateria dos el\u00e9tricos, que pode custar mais do que o pr\u00f3prio autom\u00f3vel\",\"breadcrumb\":{\"@id\":\"https:\\\/\\\/jornaldasoficinas.com\\\/pt\\\/carvertical-alerta-para-custo-de-substituicao-de-baterias-em-ve\\\/#breadcrumb\"},\"inLanguage\":\"pt-PT\",\"potentialAction\":[{\"@type\":\"ReadAction\",\"target\":[\"https:\\\/\\\/jornaldasoficinas.com\\\/pt\\\/carvertical-alerta-para-custo-de-substituicao-de-baterias-em-ve\\\/\"]}]},{\"@type\":\"ImageObject\",\"inLanguage\":\"pt-PT\",\"@id\":\"https:\\\/\\\/jornaldasoficinas.com\\\/pt\\\/carvertical-alerta-para-custo-de-substituicao-de-baterias-em-ve\\\/#primaryimage\",\"url\":\"https:\\\/\\\/jornaldasoficinas.com\\\/pt\\\/wp-content\\\/uploads\\\/2025\\\/05\\\/shutterstock_2265174212.jpg\",\"contentUrl\":\"https:\\\/\\\/jornaldasoficinas.com\\\/pt\\\/wp-content\\\/uploads\\\/2025\\\/05\\\/shutterstock_2265174212.jpg\",\"width\":1024,\"height\":581,\"caption\":\"carVertical alerta para custo de substitui\u00e7\u00e3o de baterias em VE\"},{\"@type\":\"BreadcrumbList\",\"@id\":\"https:\\\/\\\/jornaldasoficinas.com\\\/pt\\\/carvertical-alerta-para-custo-de-substituicao-de-baterias-em-ve\\\/#breadcrumb\",\"itemListElement\":[{\"@type\":\"ListItem\",\"position\":1,\"name\":\"In\u00edcio\",\"item\":\"https:\\\/\\\/jornaldasoficinas.com\\\/pt\\\/\"},{\"@type\":\"ListItem\",\"position\":2,\"name\":\"carVertical alerta para custo de substitui\u00e7\u00e3o de baterias em VE\"}]},{\"@type\":\"WebSite\",\"@id\":\"https:\\\/\\\/jornaldasoficinas.com\\\/pt\\\/#website\",\"url\":\"https:\\\/\\\/jornaldasoficinas.com\\\/pt\\\/\",\"name\":\"Jornal das Oficinas\",\"description\":\"Jornal independente do Aftermarket Autom\u00f3vel em Portugal\",\"publisher\":{\"@id\":\"https:\\\/\\\/jornaldasoficinas.com\\\/pt\\\/#organization\"},\"potentialAction\":[{\"@type\":\"SearchAction\",\"target\":{\"@type\":\"EntryPoint\",\"urlTemplate\":\"https:\\\/\\\/jornaldasoficinas.com\\\/pt\\\/?s={search_term_string}\"},\"query-input\":{\"@type\":\"PropertyValueSpecification\",\"valueRequired\":true,\"valueName\":\"search_term_string\"}}],\"inLanguage\":\"pt-PT\"},{\"@type\":\"Organization\",\"@id\":\"https:\\\/\\\/jornaldasoficinas.com\\\/pt\\\/#organization\",\"name\":\"Jornal das Oficinas\",\"url\":\"https:\\\/\\\/jornaldasoficinas.com\\\/pt\\\/\",\"logo\":{\"@type\":\"ImageObject\",\"inLanguage\":\"pt-PT\",\"@id\":\"https:\\\/\\\/jornaldasoficinas.com\\\/pt\\\/#\\\/schema\\\/logo\\\/image\\\/\",\"url\":\"https:\\\/\\\/jornaldasoficinas.com\\\/pt\\\/wp-content\\\/uploads\\\/logoJO-SEO.png\",\"contentUrl\":\"https:\\\/\\\/jornaldasoficinas.com\\\/pt\\\/wp-content\\\/uploads\\\/logoJO-SEO.png\",\"width\":285,\"height\":450,\"caption\":\"Jornal das Oficinas\"},\"image\":{\"@id\":\"https:\\\/\\\/jornaldasoficinas.com\\\/pt\\\/#\\\/schema\\\/logo\\\/image\\\/\"},\"sameAs\":[\"https:\\\/\\\/www.facebook.com\\\/jornaloficinas\",\"https:\\\/\\\/x.com\\\/jornaloficinas\",\"https:\\\/\\\/www.instagram.com\\\/jornal_oficinas\\\/\",\"https:\\\/\\\/www.linkedin.com\\\/company\\\/jornal-das-oficinas\\\/\",\"https:\\\/\\\/www.youtube.com\\\/channel\\\/UCbQZBqtcvV-oSQrr7RzINGg\"]},{\"@type\":\"Person\",\"@id\":\"https:\\\/\\\/jornaldasoficinas.com\\\/pt\\\/#\\\/schema\\\/person\\\/a38eef5de2c41d9e7c9ac10141afddf3\",\"name\":\"Reda\u00e7\u00e3o JO\",\"image\":{\"@type\":\"ImageObject\",\"inLanguage\":\"pt-PT\",\"@id\":\"https:\\\/\\\/secure.gravatar.com\\\/avatar\\\/71f2fa71737ad68a84fea94bc708ddac8ea5b0c4788dc2ad202f3ccb2887742f?s=96&d=wp_user_avatar&r=g\",\"url\":\"https:\\\/\\\/secure.gravatar.com\\\/avatar\\\/71f2fa71737ad68a84fea94bc708ddac8ea5b0c4788dc2ad202f3ccb2887742f?s=96&d=wp_user_avatar&r=g\",\"contentUrl\":\"https:\\\/\\\/secure.gravatar.com\\\/avatar\\\/71f2fa71737ad68a84fea94bc708ddac8ea5b0c4788dc2ad202f3ccb2887742f?s=96&d=wp_user_avatar&r=g\",\"caption\":\"Reda\u00e7\u00e3o JO\"},\"url\":\"https:\\\/\\\/jornaldasoficinas.com\\\/pt\\\/author\\\/joredacao\\\/\"}]}<\/script>\n<!-- \/ Yoast SEO plugin. -->","yoast_head_json":{"title":"carVertical alerta para custo de substitui\u00e7\u00e3o de baterias em VE - Jornal das Oficinas","description":"A carVertical destaca os riscos e cuidados a ter com a bateria dos el\u00e9tricos, que pode custar mais do que o pr\u00f3prio autom\u00f3vel","robots":{"index":"index","follow":"follow","max-snippet":"max-snippet:-1","max-image-preview":"max-image-preview:large","max-video-preview":"max-video-preview:-1"},"canonical":"https:\/\/jornaldasoficinas.com\/pt\/carvertical-alerta-para-custo-de-substituicao-de-baterias-em-ve\/","og_locale":"pt_PT","og_type":"article","og_title":"carVertical alerta para custo de substitui\u00e7\u00e3o de baterias em VE - Jornal das Oficinas","og_description":"A carVertical destaca os riscos e cuidados a ter com a bateria dos el\u00e9tricos, que pode custar mais do que o pr\u00f3prio autom\u00f3vel","og_url":"https:\/\/jornaldasoficinas.com\/pt\/carvertical-alerta-para-custo-de-substituicao-de-baterias-em-ve\/","og_site_name":"Jornal das Oficinas","article_publisher":"https:\/\/www.facebook.com\/jornaloficinas","article_published_time":"2025-05-27T11:30:14+00:00","og_image":[{"width":1024,"height":581,"url":"https:\/\/jornaldasoficinas.com\/pt\/wp-content\/uploads\/2025\/05\/shutterstock_2265174212.jpg","type":"image\/jpeg"}],"author":"Reda\u00e7\u00e3o JO","twitter_card":"summary_large_image","twitter_creator":"@jornaloficinas","twitter_site":"@jornaloficinas","twitter_misc":{"Escrito por":"Reda\u00e7\u00e3o JO","Tempo estimado de leitura":"6 minutos"},"schema":{"@context":"https:\/\/schema.org","@graph":[{"@type":"Article","@id":"https:\/\/jornaldasoficinas.com\/pt\/carvertical-alerta-para-custo-de-substituicao-de-baterias-em-ve\/#article","isPartOf":{"@id":"https:\/\/jornaldasoficinas.com\/pt\/carvertical-alerta-para-custo-de-substituicao-de-baterias-em-ve\/"},"author":{"name":"Reda\u00e7\u00e3o JO","@id":"https:\/\/jornaldasoficinas.com\/pt\/#\/schema\/person\/a38eef5de2c41d9e7c9ac10141afddf3"},"headline":"carVertical alerta para custo de substitui\u00e7\u00e3o de baterias em VE","datePublished":"2025-05-27T11:30:14+00:00","mainEntityOfPage":{"@id":"https:\/\/jornaldasoficinas.com\/pt\/carvertical-alerta-para-custo-de-substituicao-de-baterias-em-ve\/"},"wordCount":943,"publisher":{"@id":"https:\/\/jornaldasoficinas.com\/pt\/#organization"},"image":{"@id":"https:\/\/jornaldasoficinas.com\/pt\/carvertical-alerta-para-custo-de-substituicao-de-baterias-em-ve\/#primaryimage"},"thumbnailUrl":"https:\/\/jornaldasoficinas.com\/pt\/wp-content\/uploads\/2025\/05\/shutterstock_2265174212.jpg","keywords":["Bateria","carVertical","cuidados","efici\u00eancia dos motores","longevidade","Riscos","Ve\u00edculos el\u00e9tricos"],"articleSection":["Mercado"],"inLanguage":"pt-PT"},{"@type":"WebPage","@id":"https:\/\/jornaldasoficinas.com\/pt\/carvertical-alerta-para-custo-de-substituicao-de-baterias-em-ve\/","url":"https:\/\/jornaldasoficinas.com\/pt\/carvertical-alerta-para-custo-de-substituicao-de-baterias-em-ve\/","name":"carVertical alerta para custo de substitui\u00e7\u00e3o de baterias em VE - Jornal das Oficinas","isPartOf":{"@id":"https:\/\/jornaldasoficinas.com\/pt\/#website"},"primaryImageOfPage":{"@id":"https:\/\/jornaldasoficinas.com\/pt\/carvertical-alerta-para-custo-de-substituicao-de-baterias-em-ve\/#primaryimage"},"image":{"@id":"https:\/\/jornaldasoficinas.com\/pt\/carvertical-alerta-para-custo-de-substituicao-de-baterias-em-ve\/#primaryimage"},"thumbnailUrl":"https:\/\/jornaldasoficinas.com\/pt\/wp-content\/uploads\/2025\/05\/shutterstock_2265174212.jpg","datePublished":"2025-05-27T11:30:14+00:00","description":"A carVertical destaca os riscos e cuidados a ter com a bateria dos el\u00e9tricos, que pode custar mais do que o pr\u00f3prio autom\u00f3vel","breadcrumb":{"@id":"https:\/\/jornaldasoficinas.com\/pt\/carvertical-alerta-para-custo-de-substituicao-de-baterias-em-ve\/#breadcrumb"},"inLanguage":"pt-PT","potentialAction":[{"@type":"ReadAction","target":["https:\/\/jornaldasoficinas.com\/pt\/carvertical-alerta-para-custo-de-substituicao-de-baterias-em-ve\/"]}]},{"@type":"ImageObject","inLanguage":"pt-PT","@id":"https:\/\/jornaldasoficinas.com\/pt\/carvertical-alerta-para-custo-de-substituicao-de-baterias-em-ve\/#primaryimage","url":"https:\/\/jornaldasoficinas.com\/pt\/wp-content\/uploads\/2025\/05\/shutterstock_2265174212.jpg","contentUrl":"https:\/\/jornaldasoficinas.com\/pt\/wp-content\/uploads\/2025\/05\/shutterstock_2265174212.jpg","width":1024,"height":581,"caption":"carVertical alerta para custo de substitui\u00e7\u00e3o de baterias em VE"},{"@type":"BreadcrumbList","@id":"https:\/\/jornaldasoficinas.com\/pt\/carvertical-alerta-para-custo-de-substituicao-de-baterias-em-ve\/#breadcrumb","itemListElement":[{"@type":"ListItem","position":1,"name":"In\u00edcio","item":"https:\/\/jornaldasoficinas.com\/pt\/"},{"@type":"ListItem","position":2,"name":"carVertical alerta para custo de substitui\u00e7\u00e3o de baterias em VE"}]},{"@type":"WebSite","@id":"https:\/\/jornaldasoficinas.com\/pt\/#website","url":"https:\/\/jornaldasoficinas.com\/pt\/","name":"Jornal das Oficinas","description":"Jornal independente do Aftermarket Autom\u00f3vel em Portugal","publisher":{"@id":"https:\/\/jornaldasoficinas.com\/pt\/#organization"},"potentialAction":[{"@type":"SearchAction","target":{"@type":"EntryPoint","urlTemplate":"https:\/\/jornaldasoficinas.com\/pt\/?s={search_term_string}"},"query-input":{"@type":"PropertyValueSpecification","valueRequired":true,"valueName":"search_term_string"}}],"inLanguage":"pt-PT"},{"@type":"Organization","@id":"https:\/\/jornaldasoficinas.com\/pt\/#organization","name":"Jornal das Oficinas","url":"https:\/\/jornaldasoficinas.com\/pt\/","logo":{"@type":"ImageObject","inLanguage":"pt-PT","@id":"https:\/\/jornaldasoficinas.com\/pt\/#\/schema\/logo\/image\/","url":"https:\/\/jornaldasoficinas.com\/pt\/wp-content\/uploads\/logoJO-SEO.png","contentUrl":"https:\/\/jornaldasoficinas.com\/pt\/wp-content\/uploads\/logoJO-SEO.png","width":285,"height":450,"caption":"Jornal das Oficinas"},"image":{"@id":"https:\/\/jornaldasoficinas.com\/pt\/#\/schema\/logo\/image\/"},"sameAs":["https:\/\/www.facebook.com\/jornaloficinas","https:\/\/x.com\/jornaloficinas","https:\/\/www.instagram.com\/jornal_oficinas\/","https:\/\/www.linkedin.com\/company\/jornal-das-oficinas\/","https:\/\/www.youtube.com\/channel\/UCbQZBqtcvV-oSQrr7RzINGg"]},{"@type":"Person","@id":"https:\/\/jornaldasoficinas.com\/pt\/#\/schema\/person\/a38eef5de2c41d9e7c9ac10141afddf3","name":"Reda\u00e7\u00e3o JO","image":{"@type":"ImageObject","inLanguage":"pt-PT","@id":"https:\/\/secure.gravatar.com\/avatar\/71f2fa71737ad68a84fea94bc708ddac8ea5b0c4788dc2ad202f3ccb2887742f?s=96&d=wp_user_avatar&r=g","url":"https:\/\/secure.gravatar.com\/avatar\/71f2fa71737ad68a84fea94bc708ddac8ea5b0c4788dc2ad202f3ccb2887742f?s=96&d=wp_user_avatar&r=g","contentUrl":"https:\/\/secure.gravatar.com\/avatar\/71f2fa71737ad68a84fea94bc708ddac8ea5b0c4788dc2ad202f3ccb2887742f?s=96&d=wp_user_avatar&r=g","caption":"Reda\u00e7\u00e3o JO"},"url":"https:\/\/jornaldasoficinas.com\/pt\/author\/joredacao\/"}]}},"_links":{"self":[{"href":"https:\/\/jornaldasoficinas.com\/pt\/wp-json\/wp\/v2\/posts\/102452","targetHints":{"allow":["GET"]}}],"collection":[{"href":"https:\/\/jornaldasoficinas.com\/pt\/wp-json\/wp\/v2\/posts"}],"about":[{"href":"https:\/\/jornaldasoficinas.com\/pt\/wp-json\/wp\/v2\/types\/post"}],"author":[{"embeddable":true,"href":"https:\/\/jornaldasoficinas.com\/pt\/wp-json\/wp\/v2\/users\/15"}],"replies":[{"embeddable":true,"href":"https:\/\/jornaldasoficinas.com\/pt\/wp-json\/wp\/v2\/comments?post=102452"}],"version-history":[{"count":6,"href":"https:\/\/jornaldasoficinas.com\/pt\/wp-json\/wp\/v2\/posts\/102452\/revisions"}],"predecessor-version":[{"id":102471,"href":"https:\/\/jornaldasoficinas.com\/pt\/wp-json\/wp\/v2\/posts\/102452\/revisions\/102471"}],"wp:featuredmedia":[{"embeddable":true,"href":"https:\/\/jornaldasoficinas.com\/pt\/wp-json\/wp\/v2\/media\/102454"}],"wp:attachment":[{"href":"https:\/\/jornaldasoficinas.com\/pt\/wp-json\/wp\/v2\/media?parent=102452"}],"wp:term":[{"taxonomy":"category","embeddable":true,"href":"https:\/\/jornaldasoficinas.com\/pt\/wp-json\/wp\/v2\/categories?post=102452"},{"taxonomy":"post_tag","embeddable":true,"href":"https:\/\/jornaldasoficinas.com\/pt\/wp-json\/wp\/v2\/tags?post=102452"}],"curies":[{"name":"wp","href":"https:\/\/api.w.org\/{rel}","templated":true}]}}