{"id":102461,"date":"2025-05-27T14:00:56","date_gmt":"2025-05-27T13:00:56","guid":{"rendered":"https:\/\/jornaldasoficinas.com\/pt\/?p=102461"},"modified":"2025-05-25T18:40:44","modified_gmt":"2025-05-25T17:40:44","slug":"wayfer-lanca-novo-servico-rent-a-cargo","status":"publish","type":"post","link":"https:\/\/jornaldasoficinas.com\/pt\/wayfer-lanca-novo-servico-rent-a-cargo\/","title":{"rendered":"Wayfer lan\u00e7a novo servi\u00e7o rent-a-cargo"},"content":{"rendered":"<p><img loading=\"lazy\" decoding=\"async\" class=\"alignnone size-full wp-image-102484\" src=\"https:\/\/jornaldasoficinas.com\/pt\/wp-content\/uploads\/2025\/05\/Wayfer-lanca-novo-servico-rent-a-cargo.jpg\" alt=\"Wayfer lanca novo servico rent a cargo\" width=\"1024\" height=\"581\" srcset=\"https:\/\/jornaldasoficinas.com\/pt\/wp-content\/uploads\/2025\/05\/Wayfer-lanca-novo-servico-rent-a-cargo.jpg 1024w, https:\/\/jornaldasoficinas.com\/pt\/wp-content\/uploads\/2025\/05\/Wayfer-lanca-novo-servico-rent-a-cargo-300x170.jpg 300w, https:\/\/jornaldasoficinas.com\/pt\/wp-content\/uploads\/2025\/05\/Wayfer-lanca-novo-servico-rent-a-cargo-150x85.jpg 150w, https:\/\/jornaldasoficinas.com\/pt\/wp-content\/uploads\/2025\/05\/Wayfer-lanca-novo-servico-rent-a-cargo-768x436.jpg 768w\" sizes=\"auto, (max-width: 1024px) 100vw, 1024px\" \/><\/p>\n<p><strong>A <a href=\"https:\/\/wayfer.rent\/pt\" target=\"_blank\" rel=\"noopener\">Wayfer<\/a>, concession\u00e1rio oficial<a href=\"https:\/\/www.iveco.com\/portugal\" target=\"_blank\" rel=\"noopener\"> IVECO<\/a> em Leiria, lan\u00e7ou o rent-a-cargo, um novo servi\u00e7o de aluguer de viaturas comerciais para empresas, com solu\u00e7\u00f5es flex\u00edveis e adaptadas a diferentes necessidades log\u00edsticas<\/strong><\/p>\n<p>Com uma frota composta exclusivamente por viaturas IVECO, equipados com a mais recente tecnologia e vers\u00f5es adaptadas a diferentes necessidades log\u00edsticas, o rent-a-cargo da Wayfer oferece solu\u00e7\u00f5es de aluguer de curta, m\u00e9dia ou longa dura\u00e7\u00e3o, ajustadas \u00e0 realidade e necessidades de cada cliente e setor de atividade.<\/p>\n<p>Este servi\u00e7o responde \u00e0s exig\u00eancias de um mercado cada vez mais din\u00e2mico, permitindo \u00e0s empresas adaptar rapidamente a sua capacidade log\u00edstica, sem compromissos de aquisi\u00e7\u00e3o ou encargos imprevistos. O modelo de neg\u00f3cio assenta no aluguer flex\u00edvel, para quando e onde o cliente precisar, com solu\u00e7\u00f5es personalizadas para cada tipo de carga.<\/p>\n<p>&#8220;Sabemos que nem sempre \u00e9 vi\u00e1vel investir de imediato numa nova viatura. O Rent-a-Cargo nasce precisamente para responder a essa necessidade \u2014 seja para refor\u00e7o pontual da frota, para cobrir picos de trabalho ou para testar um modelo antes da compra&#8221;, explicou Nuno Ferreira, diretor geral da Wayfer e Wayfer Rent.<\/p>\n<p>O que distingue o servi\u00e7o rent-a-cargo da Wayfer:<br \/>\n\u2022 Aluguer de curta, m\u00e9dia e longa dura\u00e7\u00e3o \u2013 ao dia, semana, m\u00eas, ano;<br \/>\n\u2022 Viaturas IVECO modernas e bem equipadas;<br \/>\n\u2022 Manuten\u00e7\u00e3o e repara\u00e7\u00e3o inclu\u00eddas no contrato;<br \/>\n\u2022 Assist\u00eancia t\u00e9cnica 24 horas, em qualquer ponto do pa\u00eds;<br \/>\n\u2022 Seguro inclu\u00eddo;<br \/>\n\u2022 Condi\u00e7\u00f5es especiais para empresas em contratos de m\u00e9dia\/longa dura\u00e7\u00e3o.<\/p>\n<p>Com este novo servi\u00e7o, a Wayfer refor\u00e7a o seu compromisso com solu\u00e7\u00f5es inovadoras e centradas no cliente, promovendo uma mobilidade mais \u00e1gil, sustent\u00e1vel e adaptada \u00e0s exig\u00eancias atuais do mercado. O servi\u00e7o de rent-a-cargo da Wayfer \u00e9 operado pela Wayfer Rent, empresa dedicada exclusivamente ao aluguer de viaturas.<\/p>\n<p>Para mais informa\u00e7\u00f5es ou reservas, basta contactar a equipa Wayfer ou visitar o site.<\/p>\n","protected":false},"excerpt":{"rendered":"<p>A Wayfer, concession\u00e1rio oficial IVECO em&#8230;<\/p>\n","protected":false},"author":15,"featured_media":102484,"comment_status":"closed","ping_status":"closed","sticky":false,"template":"","format":"standard","meta":{"footnotes":""},"categories":[29],"tags":[12478,470,12797,12799,12798,12800,1238],"class_list":["post-102461","post","type-post","status-publish","format-standard","has-post-thumbnail","hentry","category-empresas","tag-concessionario-oficial","tag-iveco","tag-rent-a-cargo","tag-servico-de-aluguer","tag-solucoes-flexiveis","tag-viaturas-comerciais","tag-wayfer"],"yoast_head":"<!-- This site is optimized with the Yoast SEO plugin v27.4 - https:\/\/yoast.com\/product\/yoast-seo-wordpress\/ -->\n<title>Wayfer lan\u00e7a novo servi\u00e7o rent-a-cargo - Jornal das Oficinas<\/title>\n<meta name=\"description\" content=\"A Wayfer, concession\u00e1rio oficial IVECO em Leiria, lan\u00e7ou o rent-a-cargo, um novo servi\u00e7o de aluguer de viaturas comerciais para empresas\" \/>\n<meta name=\"robots\" content=\"index, follow, max-snippet:-1, max-image-preview:large, max-video-preview:-1\" \/>\n<link rel=\"canonical\" href=\"https:\/\/jornaldasoficinas.com\/pt\/wayfer-lanca-novo-servico-rent-a-cargo\/\" \/>\n<meta property=\"og:locale\" content=\"pt_PT\" \/>\n<meta property=\"og:type\" content=\"article\" \/>\n<meta property=\"og:title\" content=\"Wayfer lan\u00e7a novo servi\u00e7o rent-a-cargo - Jornal das Oficinas\" \/>\n<meta property=\"og:description\" content=\"A Wayfer, concession\u00e1rio oficial IVECO em Leiria, lan\u00e7ou o rent-a-cargo, um novo servi\u00e7o de aluguer de viaturas comerciais para empresas\" \/>\n<meta property=\"og:url\" content=\"https:\/\/jornaldasoficinas.com\/pt\/wayfer-lanca-novo-servico-rent-a-cargo\/\" \/>\n<meta property=\"og:site_name\" content=\"Jornal das Oficinas\" \/>\n<meta property=\"article:publisher\" content=\"https:\/\/www.facebook.com\/jornaloficinas\" \/>\n<meta property=\"article:published_time\" content=\"2025-05-27T13:00:56+00:00\" \/>\n<meta property=\"og:image\" content=\"https:\/\/jornaldasoficinas.com\/pt\/wp-content\/uploads\/2025\/05\/Wayfer-lanca-novo-servico-rent-a-cargo.jpg\" \/>\n\t<meta property=\"og:image:width\" content=\"1024\" \/>\n\t<meta property=\"og:image:height\" content=\"581\" \/>\n\t<meta property=\"og:image:type\" content=\"image\/jpeg\" \/>\n<meta name=\"author\" content=\"Reda\u00e7\u00e3o JO\" \/>\n<meta name=\"twitter:card\" content=\"summary_large_image\" \/>\n<meta name=\"twitter:creator\" content=\"@jornaloficinas\" \/>\n<meta name=\"twitter:site\" content=\"@jornaloficinas\" \/>\n<meta name=\"twitter:label1\" content=\"Escrito por\" \/>\n\t<meta name=\"twitter:data1\" content=\"Reda\u00e7\u00e3o JO\" \/>\n\t<meta name=\"twitter:label2\" content=\"Tempo estimado de leitura\" \/>\n\t<meta name=\"twitter:data2\" content=\"3 minutos\" \/>\n<script type=\"application\/ld+json\" class=\"yoast-schema-graph\">{\"@context\":\"https:\\\/\\\/schema.org\",\"@graph\":[{\"@type\":\"Article\",\"@id\":\"https:\\\/\\\/jornaldasoficinas.com\\\/pt\\\/wayfer-lanca-novo-servico-rent-a-cargo\\\/#article\",\"isPartOf\":{\"@id\":\"https:\\\/\\\/jornaldasoficinas.com\\\/pt\\\/wayfer-lanca-novo-servico-rent-a-cargo\\\/\"},\"author\":{\"name\":\"Reda\u00e7\u00e3o JO\",\"@id\":\"https:\\\/\\\/jornaldasoficinas.com\\\/pt\\\/#\\\/schema\\\/person\\\/a38eef5de2c41d9e7c9ac10141afddf3\"},\"headline\":\"Wayfer lan\u00e7a novo servi\u00e7o rent-a-cargo\",\"datePublished\":\"2025-05-27T13:00:56+00:00\",\"mainEntityOfPage\":{\"@id\":\"https:\\\/\\\/jornaldasoficinas.com\\\/pt\\\/wayfer-lanca-novo-servico-rent-a-cargo\\\/\"},\"wordCount\":337,\"publisher\":{\"@id\":\"https:\\\/\\\/jornaldasoficinas.com\\\/pt\\\/#organization\"},\"image\":{\"@id\":\"https:\\\/\\\/jornaldasoficinas.com\\\/pt\\\/wayfer-lanca-novo-servico-rent-a-cargo\\\/#primaryimage\"},\"thumbnailUrl\":\"https:\\\/\\\/jornaldasoficinas.com\\\/pt\\\/wp-content\\\/uploads\\\/2025\\\/05\\\/Wayfer-lanca-novo-servico-rent-a-cargo.jpg\",\"keywords\":[\"concession\u00e1rio oficial\",\"Iveco\",\"rent-a-cargo\",\"servi\u00e7o de aluguer\",\"solu\u00e7\u00f5es flex\u00edveis\",\"viaturas comerciais\",\"Wayfer\"],\"articleSection\":[\"Empresas\"],\"inLanguage\":\"pt-PT\"},{\"@type\":\"WebPage\",\"@id\":\"https:\\\/\\\/jornaldasoficinas.com\\\/pt\\\/wayfer-lanca-novo-servico-rent-a-cargo\\\/\",\"url\":\"https:\\\/\\\/jornaldasoficinas.com\\\/pt\\\/wayfer-lanca-novo-servico-rent-a-cargo\\\/\",\"name\":\"Wayfer lan\u00e7a novo servi\u00e7o rent-a-cargo - Jornal das Oficinas\",\"isPartOf\":{\"@id\":\"https:\\\/\\\/jornaldasoficinas.com\\\/pt\\\/#website\"},\"primaryImageOfPage\":{\"@id\":\"https:\\\/\\\/jornaldasoficinas.com\\\/pt\\\/wayfer-lanca-novo-servico-rent-a-cargo\\\/#primaryimage\"},\"image\":{\"@id\":\"https:\\\/\\\/jornaldasoficinas.com\\\/pt\\\/wayfer-lanca-novo-servico-rent-a-cargo\\\/#primaryimage\"},\"thumbnailUrl\":\"https:\\\/\\\/jornaldasoficinas.com\\\/pt\\\/wp-content\\\/uploads\\\/2025\\\/05\\\/Wayfer-lanca-novo-servico-rent-a-cargo.jpg\",\"datePublished\":\"2025-05-27T13:00:56+00:00\",\"description\":\"A Wayfer, concession\u00e1rio oficial IVECO em Leiria, lan\u00e7ou o rent-a-cargo, um novo servi\u00e7o de aluguer de viaturas comerciais para empresas\",\"breadcrumb\":{\"@id\":\"https:\\\/\\\/jornaldasoficinas.com\\\/pt\\\/wayfer-lanca-novo-servico-rent-a-cargo\\\/#breadcrumb\"},\"inLanguage\":\"pt-PT\",\"potentialAction\":[{\"@type\":\"ReadAction\",\"target\":[\"https:\\\/\\\/jornaldasoficinas.com\\\/pt\\\/wayfer-lanca-novo-servico-rent-a-cargo\\\/\"]}]},{\"@type\":\"ImageObject\",\"inLanguage\":\"pt-PT\",\"@id\":\"https:\\\/\\\/jornaldasoficinas.com\\\/pt\\\/wayfer-lanca-novo-servico-rent-a-cargo\\\/#primaryimage\",\"url\":\"https:\\\/\\\/jornaldasoficinas.com\\\/pt\\\/wp-content\\\/uploads\\\/2025\\\/05\\\/Wayfer-lanca-novo-servico-rent-a-cargo.jpg\",\"contentUrl\":\"https:\\\/\\\/jornaldasoficinas.com\\\/pt\\\/wp-content\\\/uploads\\\/2025\\\/05\\\/Wayfer-lanca-novo-servico-rent-a-cargo.jpg\",\"width\":1024,\"height\":581,\"caption\":\"Wayfer lanca novo servico rent a cargo\"},{\"@type\":\"BreadcrumbList\",\"@id\":\"https:\\\/\\\/jornaldasoficinas.com\\\/pt\\\/wayfer-lanca-novo-servico-rent-a-cargo\\\/#breadcrumb\",\"itemListElement\":[{\"@type\":\"ListItem\",\"position\":1,\"name\":\"In\u00edcio\",\"item\":\"https:\\\/\\\/jornaldasoficinas.com\\\/pt\\\/\"},{\"@type\":\"ListItem\",\"position\":2,\"name\":\"Wayfer lan\u00e7a novo servi\u00e7o rent-a-cargo\"}]},{\"@type\":\"WebSite\",\"@id\":\"https:\\\/\\\/jornaldasoficinas.com\\\/pt\\\/#website\",\"url\":\"https:\\\/\\\/jornaldasoficinas.com\\\/pt\\\/\",\"name\":\"Jornal das Oficinas\",\"description\":\"Jornal independente do Aftermarket Autom\u00f3vel em Portugal\",\"publisher\":{\"@id\":\"https:\\\/\\\/jornaldasoficinas.com\\\/pt\\\/#organization\"},\"potentialAction\":[{\"@type\":\"SearchAction\",\"target\":{\"@type\":\"EntryPoint\",\"urlTemplate\":\"https:\\\/\\\/jornaldasoficinas.com\\\/pt\\\/?s={search_term_string}\"},\"query-input\":{\"@type\":\"PropertyValueSpecification\",\"valueRequired\":true,\"valueName\":\"search_term_string\"}}],\"inLanguage\":\"pt-PT\"},{\"@type\":\"Organization\",\"@id\":\"https:\\\/\\\/jornaldasoficinas.com\\\/pt\\\/#organization\",\"name\":\"Jornal das Oficinas\",\"url\":\"https:\\\/\\\/jornaldasoficinas.com\\\/pt\\\/\",\"logo\":{\"@type\":\"ImageObject\",\"inLanguage\":\"pt-PT\",\"@id\":\"https:\\\/\\\/jornaldasoficinas.com\\\/pt\\\/#\\\/schema\\\/logo\\\/image\\\/\",\"url\":\"https:\\\/\\\/jornaldasoficinas.com\\\/pt\\\/wp-content\\\/uploads\\\/logoJO-SEO.png\",\"contentUrl\":\"https:\\\/\\\/jornaldasoficinas.com\\\/pt\\\/wp-content\\\/uploads\\\/logoJO-SEO.png\",\"width\":285,\"height\":450,\"caption\":\"Jornal das Oficinas\"},\"image\":{\"@id\":\"https:\\\/\\\/jornaldasoficinas.com\\\/pt\\\/#\\\/schema\\\/logo\\\/image\\\/\"},\"sameAs\":[\"https:\\\/\\\/www.facebook.com\\\/jornaloficinas\",\"https:\\\/\\\/x.com\\\/jornaloficinas\",\"https:\\\/\\\/www.instagram.com\\\/jornal_oficinas\\\/\",\"https:\\\/\\\/www.linkedin.com\\\/company\\\/jornal-das-oficinas\\\/\",\"https:\\\/\\\/www.youtube.com\\\/channel\\\/UCbQZBqtcvV-oSQrr7RzINGg\"]},{\"@type\":\"Person\",\"@id\":\"https:\\\/\\\/jornaldasoficinas.com\\\/pt\\\/#\\\/schema\\\/person\\\/a38eef5de2c41d9e7c9ac10141afddf3\",\"name\":\"Reda\u00e7\u00e3o JO\",\"image\":{\"@type\":\"ImageObject\",\"inLanguage\":\"pt-PT\",\"@id\":\"https:\\\/\\\/secure.gravatar.com\\\/avatar\\\/71f2fa71737ad68a84fea94bc708ddac8ea5b0c4788dc2ad202f3ccb2887742f?s=96&d=wp_user_avatar&r=g\",\"url\":\"https:\\\/\\\/secure.gravatar.com\\\/avatar\\\/71f2fa71737ad68a84fea94bc708ddac8ea5b0c4788dc2ad202f3ccb2887742f?s=96&d=wp_user_avatar&r=g\",\"contentUrl\":\"https:\\\/\\\/secure.gravatar.com\\\/avatar\\\/71f2fa71737ad68a84fea94bc708ddac8ea5b0c4788dc2ad202f3ccb2887742f?s=96&d=wp_user_avatar&r=g\",\"caption\":\"Reda\u00e7\u00e3o JO\"},\"url\":\"https:\\\/\\\/jornaldasoficinas.com\\\/pt\\\/author\\\/joredacao\\\/\"}]}<\/script>\n<!-- \/ Yoast SEO plugin. -->","yoast_head_json":{"title":"Wayfer lan\u00e7a novo servi\u00e7o rent-a-cargo - Jornal das Oficinas","description":"A Wayfer, concession\u00e1rio oficial IVECO em Leiria, lan\u00e7ou o rent-a-cargo, um novo servi\u00e7o de aluguer de viaturas comerciais para empresas","robots":{"index":"index","follow":"follow","max-snippet":"max-snippet:-1","max-image-preview":"max-image-preview:large","max-video-preview":"max-video-preview:-1"},"canonical":"https:\/\/jornaldasoficinas.com\/pt\/wayfer-lanca-novo-servico-rent-a-cargo\/","og_locale":"pt_PT","og_type":"article","og_title":"Wayfer lan\u00e7a novo servi\u00e7o rent-a-cargo - Jornal das Oficinas","og_description":"A Wayfer, concession\u00e1rio oficial IVECO em Leiria, lan\u00e7ou o rent-a-cargo, um novo servi\u00e7o de aluguer de viaturas comerciais para empresas","og_url":"https:\/\/jornaldasoficinas.com\/pt\/wayfer-lanca-novo-servico-rent-a-cargo\/","og_site_name":"Jornal das Oficinas","article_publisher":"https:\/\/www.facebook.com\/jornaloficinas","article_published_time":"2025-05-27T13:00:56+00:00","og_image":[{"width":1024,"height":581,"url":"https:\/\/jornaldasoficinas.com\/pt\/wp-content\/uploads\/2025\/05\/Wayfer-lanca-novo-servico-rent-a-cargo.jpg","type":"image\/jpeg"}],"author":"Reda\u00e7\u00e3o JO","twitter_card":"summary_large_image","twitter_creator":"@jornaloficinas","twitter_site":"@jornaloficinas","twitter_misc":{"Escrito por":"Reda\u00e7\u00e3o JO","Tempo estimado de leitura":"3 minutos"},"schema":{"@context":"https:\/\/schema.org","@graph":[{"@type":"Article","@id":"https:\/\/jornaldasoficinas.com\/pt\/wayfer-lanca-novo-servico-rent-a-cargo\/#article","isPartOf":{"@id":"https:\/\/jornaldasoficinas.com\/pt\/wayfer-lanca-novo-servico-rent-a-cargo\/"},"author":{"name":"Reda\u00e7\u00e3o JO","@id":"https:\/\/jornaldasoficinas.com\/pt\/#\/schema\/person\/a38eef5de2c41d9e7c9ac10141afddf3"},"headline":"Wayfer lan\u00e7a novo servi\u00e7o rent-a-cargo","datePublished":"2025-05-27T13:00:56+00:00","mainEntityOfPage":{"@id":"https:\/\/jornaldasoficinas.com\/pt\/wayfer-lanca-novo-servico-rent-a-cargo\/"},"wordCount":337,"publisher":{"@id":"https:\/\/jornaldasoficinas.com\/pt\/#organization"},"image":{"@id":"https:\/\/jornaldasoficinas.com\/pt\/wayfer-lanca-novo-servico-rent-a-cargo\/#primaryimage"},"thumbnailUrl":"https:\/\/jornaldasoficinas.com\/pt\/wp-content\/uploads\/2025\/05\/Wayfer-lanca-novo-servico-rent-a-cargo.jpg","keywords":["concession\u00e1rio oficial","Iveco","rent-a-cargo","servi\u00e7o de aluguer","solu\u00e7\u00f5es flex\u00edveis","viaturas comerciais","Wayfer"],"articleSection":["Empresas"],"inLanguage":"pt-PT"},{"@type":"WebPage","@id":"https:\/\/jornaldasoficinas.com\/pt\/wayfer-lanca-novo-servico-rent-a-cargo\/","url":"https:\/\/jornaldasoficinas.com\/pt\/wayfer-lanca-novo-servico-rent-a-cargo\/","name":"Wayfer lan\u00e7a novo servi\u00e7o rent-a-cargo - Jornal das Oficinas","isPartOf":{"@id":"https:\/\/jornaldasoficinas.com\/pt\/#website"},"primaryImageOfPage":{"@id":"https:\/\/jornaldasoficinas.com\/pt\/wayfer-lanca-novo-servico-rent-a-cargo\/#primaryimage"},"image":{"@id":"https:\/\/jornaldasoficinas.com\/pt\/wayfer-lanca-novo-servico-rent-a-cargo\/#primaryimage"},"thumbnailUrl":"https:\/\/jornaldasoficinas.com\/pt\/wp-content\/uploads\/2025\/05\/Wayfer-lanca-novo-servico-rent-a-cargo.jpg","datePublished":"2025-05-27T13:00:56+00:00","description":"A Wayfer, concession\u00e1rio oficial IVECO em Leiria, lan\u00e7ou o rent-a-cargo, um novo servi\u00e7o de aluguer de viaturas comerciais para empresas","breadcrumb":{"@id":"https:\/\/jornaldasoficinas.com\/pt\/wayfer-lanca-novo-servico-rent-a-cargo\/#breadcrumb"},"inLanguage":"pt-PT","potentialAction":[{"@type":"ReadAction","target":["https:\/\/jornaldasoficinas.com\/pt\/wayfer-lanca-novo-servico-rent-a-cargo\/"]}]},{"@type":"ImageObject","inLanguage":"pt-PT","@id":"https:\/\/jornaldasoficinas.com\/pt\/wayfer-lanca-novo-servico-rent-a-cargo\/#primaryimage","url":"https:\/\/jornaldasoficinas.com\/pt\/wp-content\/uploads\/2025\/05\/Wayfer-lanca-novo-servico-rent-a-cargo.jpg","contentUrl":"https:\/\/jornaldasoficinas.com\/pt\/wp-content\/uploads\/2025\/05\/Wayfer-lanca-novo-servico-rent-a-cargo.jpg","width":1024,"height":581,"caption":"Wayfer lanca novo servico rent a cargo"},{"@type":"BreadcrumbList","@id":"https:\/\/jornaldasoficinas.com\/pt\/wayfer-lanca-novo-servico-rent-a-cargo\/#breadcrumb","itemListElement":[{"@type":"ListItem","position":1,"name":"In\u00edcio","item":"https:\/\/jornaldasoficinas.com\/pt\/"},{"@type":"ListItem","position":2,"name":"Wayfer lan\u00e7a novo servi\u00e7o rent-a-cargo"}]},{"@type":"WebSite","@id":"https:\/\/jornaldasoficinas.com\/pt\/#website","url":"https:\/\/jornaldasoficinas.com\/pt\/","name":"Jornal das Oficinas","description":"Jornal independente do Aftermarket Autom\u00f3vel em Portugal","publisher":{"@id":"https:\/\/jornaldasoficinas.com\/pt\/#organization"},"potentialAction":[{"@type":"SearchAction","target":{"@type":"EntryPoint","urlTemplate":"https:\/\/jornaldasoficinas.com\/pt\/?s={search_term_string}"},"query-input":{"@type":"PropertyValueSpecification","valueRequired":true,"valueName":"search_term_string"}}],"inLanguage":"pt-PT"},{"@type":"Organization","@id":"https:\/\/jornaldasoficinas.com\/pt\/#organization","name":"Jornal das Oficinas","url":"https:\/\/jornaldasoficinas.com\/pt\/","logo":{"@type":"ImageObject","inLanguage":"pt-PT","@id":"https:\/\/jornaldasoficinas.com\/pt\/#\/schema\/logo\/image\/","url":"https:\/\/jornaldasoficinas.com\/pt\/wp-content\/uploads\/logoJO-SEO.png","contentUrl":"https:\/\/jornaldasoficinas.com\/pt\/wp-content\/uploads\/logoJO-SEO.png","width":285,"height":450,"caption":"Jornal das Oficinas"},"image":{"@id":"https:\/\/jornaldasoficinas.com\/pt\/#\/schema\/logo\/image\/"},"sameAs":["https:\/\/www.facebook.com\/jornaloficinas","https:\/\/x.com\/jornaloficinas","https:\/\/www.instagram.com\/jornal_oficinas\/","https:\/\/www.linkedin.com\/company\/jornal-das-oficinas\/","https:\/\/www.youtube.com\/channel\/UCbQZBqtcvV-oSQrr7RzINGg"]},{"@type":"Person","@id":"https:\/\/jornaldasoficinas.com\/pt\/#\/schema\/person\/a38eef5de2c41d9e7c9ac10141afddf3","name":"Reda\u00e7\u00e3o JO","image":{"@type":"ImageObject","inLanguage":"pt-PT","@id":"https:\/\/secure.gravatar.com\/avatar\/71f2fa71737ad68a84fea94bc708ddac8ea5b0c4788dc2ad202f3ccb2887742f?s=96&d=wp_user_avatar&r=g","url":"https:\/\/secure.gravatar.com\/avatar\/71f2fa71737ad68a84fea94bc708ddac8ea5b0c4788dc2ad202f3ccb2887742f?s=96&d=wp_user_avatar&r=g","contentUrl":"https:\/\/secure.gravatar.com\/avatar\/71f2fa71737ad68a84fea94bc708ddac8ea5b0c4788dc2ad202f3ccb2887742f?s=96&d=wp_user_avatar&r=g","caption":"Reda\u00e7\u00e3o JO"},"url":"https:\/\/jornaldasoficinas.com\/pt\/author\/joredacao\/"}]}},"_links":{"self":[{"href":"https:\/\/jornaldasoficinas.com\/pt\/wp-json\/wp\/v2\/posts\/102461","targetHints":{"allow":["GET"]}}],"collection":[{"href":"https:\/\/jornaldasoficinas.com\/pt\/wp-json\/wp\/v2\/posts"}],"about":[{"href":"https:\/\/jornaldasoficinas.com\/pt\/wp-json\/wp\/v2\/types\/post"}],"author":[{"embeddable":true,"href":"https:\/\/jornaldasoficinas.com\/pt\/wp-json\/wp\/v2\/users\/15"}],"replies":[{"embeddable":true,"href":"https:\/\/jornaldasoficinas.com\/pt\/wp-json\/wp\/v2\/comments?post=102461"}],"version-history":[{"count":5,"href":"https:\/\/jornaldasoficinas.com\/pt\/wp-json\/wp\/v2\/posts\/102461\/revisions"}],"predecessor-version":[{"id":102485,"href":"https:\/\/jornaldasoficinas.com\/pt\/wp-json\/wp\/v2\/posts\/102461\/revisions\/102485"}],"wp:featuredmedia":[{"embeddable":true,"href":"https:\/\/jornaldasoficinas.com\/pt\/wp-json\/wp\/v2\/media\/102484"}],"wp:attachment":[{"href":"https:\/\/jornaldasoficinas.com\/pt\/wp-json\/wp\/v2\/media?parent=102461"}],"wp:term":[{"taxonomy":"category","embeddable":true,"href":"https:\/\/jornaldasoficinas.com\/pt\/wp-json\/wp\/v2\/categories?post=102461"},{"taxonomy":"post_tag","embeddable":true,"href":"https:\/\/jornaldasoficinas.com\/pt\/wp-json\/wp\/v2\/tags?post=102461"}],"curies":[{"name":"wp","href":"https:\/\/api.w.org\/{rel}","templated":true}]}}