{"id":102475,"date":"2025-05-26T14:00:43","date_gmt":"2025-05-26T13:00:43","guid":{"rendered":"https:\/\/jornaldasoficinas.com\/pt\/?p=102475"},"modified":"2025-05-26T10:01:35","modified_gmt":"2025-05-26T09:01:35","slug":"hella-gutmann-inova-com-conectividade-e-ecras-tacteis","status":"publish","type":"post","link":"https:\/\/jornaldasoficinas.com\/pt\/hella-gutmann-inova-com-conectividade-e-ecras-tacteis\/","title":{"rendered":"Hella Gutmann inova com Conectividade e Ecr\u00e3s T\u00e1cteis"},"content":{"rendered":"<p><img loading=\"lazy\" decoding=\"async\" class=\"alignnone size-full wp-image-102500\" src=\"https:\/\/jornaldasoficinas.com\/pt\/wp-content\/uploads\/2025\/05\/foto_hella_1024x581_FINAL.jpg\" alt=\"Hella Gutmann inova com Conectividade e Ecr\u00e3s T\u00e1cteis\" width=\"1024\" height=\"581\" srcset=\"https:\/\/jornaldasoficinas.com\/pt\/wp-content\/uploads\/2025\/05\/foto_hella_1024x581_FINAL.jpg 1024w, https:\/\/jornaldasoficinas.com\/pt\/wp-content\/uploads\/2025\/05\/foto_hella_1024x581_FINAL-300x170.jpg 300w, https:\/\/jornaldasoficinas.com\/pt\/wp-content\/uploads\/2025\/05\/foto_hella_1024x581_FINAL-150x85.jpg 150w, https:\/\/jornaldasoficinas.com\/pt\/wp-content\/uploads\/2025\/05\/foto_hella_1024x581_FINAL-768x436.jpg 768w\" sizes=\"auto, (max-width: 1024px) 100vw, 1024px\" \/><\/p>\n<p><strong>O mundo do diagn\u00f3stico autom\u00f3vel est\u00e1 em constante evolu\u00e7\u00e3o, e a <a href=\"https:\/\/www.hella-gutmann.com\/\" target=\"_blank\" rel=\"noopener\">Hella Gutmann<\/a> est\u00e1 na vanguarda dessa transforma\u00e7\u00e3o, introduzindo uma abordagem inovadora que promete revolucionar a forma como as oficinas interagem com os ve\u00edculos<\/strong><\/p>\n<p>No contexto atual, cada vez mais profissionais s\u00e3o desafiados a realizar diagn\u00f3sticos e avalia\u00e7\u00f5es t\u00e9cnicas fora das suas instala\u00e7\u00f5es habituais, seja em casa de clientes, em empresas parceiras ou at\u00e9 em ambientes remotos.<\/p>\n<p>Este artigo da autoria de Paulo Esp\u00edrito Santo, da oficina Auto Esp\u00edrito Santo, em Sintra, visa orientar e capacitar t\u00e9cnicos, engenheiros e especialistas de v\u00e1rias \u00e1reas a realizarem diagn\u00f3sticos eficazes, seguros e profissionais em campo.<\/p>\n<p>Esque\u00e7a os equipamentos volumosos e os cabos emaranhados; o futuro do diagn\u00f3stico \u00e9 conectado, intuitivo e flex\u00edvel.<\/p>\n<p>A grande novidade reside na possibilidade de realizar diagn\u00f3sticos completos atrav\u00e9s de uma viatura de apoio equipada com ecr\u00e3 t\u00e1til e conectividade \u00e0 internet.<\/p>\n<p>Imagine o cen\u00e1rio: o t\u00e9cnico liga a ficha OBD do ve\u00edculo a ser diagnosticado, mas em vez de se debru\u00e7ar sobre um aparelho tradicional, acede a todas as fun\u00e7\u00f5es e dados do programa de diagn\u00f3stico atrav\u00e9s de um ecr\u00e3 t\u00e1til noutra viatura. Esta abordagem n\u00e3o s\u00f3 oferece uma maior mobilidade e conforto para o t\u00e9cnico, como tamb\u00e9m abre portas a novas possibilidades de trabalho.<\/p>\n<p>Mas a inova\u00e7\u00e3o n\u00e3o se fica por aqui. A Hella Gutmann permite tamb\u00e9m que o diagn\u00f3stico seja realizado diretamente no ve\u00edculo em quest\u00e3o, com as liga\u00e7\u00f5es estabelecidas internamente. Isso significa que, independentemente da configura\u00e7\u00e3o da oficina ou da prefer\u00eancia do t\u00e9cnico, as opera\u00e7\u00f5es de diagn\u00f3stico podem ser feitas de forma eficiente e sem interrup\u00e7\u00f5es.<\/p>\n<p>O grande diferencial reside na conectividade e na versatilidade. Gra\u00e7as \u00e0 liga\u00e7\u00e3o \u00e0 internet, o sistema permite aceder a todas as funcionalidades do software, independentemente da sua vers\u00e3o, e tirar partido de todo o potencial do equipamento. Isso inclui desde a leitura e interpreta\u00e7\u00e3o de c\u00f3digos de avaria at\u00e9 \u00e0 realiza\u00e7\u00e3o de testes ativos, codifica\u00e7\u00f5es e adapta\u00e7\u00f5es, tudo com a facilidade de um ecr\u00e3 t\u00e1til.<\/p>\n<p>Esta nova forma de diagnosticar, da Hella Gutmann, impulsionada pela Auto Esp\u00edrito Santo e pelo t\u00e9cnico Paulo Esp\u00edrito Santo, representa um salto significativo em termos de efici\u00eancia, flexibilidade e experi\u00eancia do utilizador.<\/p>\n<p>As oficinas podem esperar um processo de diagn\u00f3stico mais r\u00e1pido, preciso e adaptado \u00e0s necessidades do s\u00e9culo XXI, preparando-se para os desafios e inova\u00e7\u00f5es do setor autom\u00f3vel.<\/p>\n<p><strong>Diagn\u00f3stico Profissional Fora das Instala\u00e7\u00f5es \u2013 Boas Pr\u00e1ticas e Orienta\u00e7\u00f5es<\/strong><\/p>\n<p>A realiza\u00e7\u00e3o de diagn\u00f3sticos fora do ambiente habitual exige prepara\u00e7\u00e3o, metodologia e uma postura profissional.<\/p>\n<p><strong>1. Prepara\u00e7\u00e3o \u00e9 Fundamental<\/strong><br \/>\nAntes de sair das instala\u00e7\u00f5es oficiais, \u00e9 essencial garantir:<br \/>\n&#8211; Checklist de ferramentas e equipamentos necess\u00e1rios;<br \/>\n&#8211; Acesso a software, bases de dados ou manuais t\u00e9cnicos;<br \/>\n&#8211; Documenta\u00e7\u00e3o relevante do cliente ou equipamento a ser diagnosticado;<br \/>\n&#8211; Carregamento de baterias e dispositivos m\u00f3veis.<\/p>\n<p><strong>2. Comunica\u00e7\u00e3o com o Cliente<\/strong><br \/>\nEstabelecer contacto pr\u00e9vio com o cliente \u00e9 crucial para:<br \/>\n&#8211; Confirmar hor\u00e1rios e local exato;<br \/>\n&#8211; Entender o problema relatado;<br \/>\n&#8211; Alinhar expectativas sobre o que ser\u00e1 feito durante a visita.<\/p>\n<p><strong>3. Ambiente de Diagn\u00f3stico<\/strong><br \/>\nAo chegar ao local:<br \/>\n&#8211; Avaliar as condi\u00e7\u00f5es de trabalho (ilumina\u00e7\u00e3o, ru\u00eddo, espa\u00e7o);<br \/>\n&#8211; Garantir seguran\u00e7a e ergonomia na atua\u00e7\u00e3o;<br \/>\n&#8211; Solicitar acesso a hist\u00f3ricos de manuten\u00e7\u00e3o ou opera\u00e7\u00e3o, se dispon\u00edveis.<\/p>\n<p><strong>4. Procedimentos T\u00e9cnicos<\/strong><br \/>\nDurante o diagn\u00f3stico:<br \/>\n&#8211; Seguir o protocolo t\u00e9cnico ou roteiro de an\u00e1lise da empresa;<br \/>\n&#8211; Registar passo a passo do processo, com fotos ou v\u00eddeos, se necess\u00e1rio;<br \/>\n&#8211; Evitar solu\u00e7\u00f5es improvisadas sem valida\u00e7\u00e3o t\u00e9cnica.<\/p>\n<p><strong>5. Registo e Relat\u00f3rio<\/strong><br \/>\nConclu\u00eddo o diagn\u00f3stico:<br \/>\n&#8211; Preencher um relat\u00f3rio detalhado com observa\u00e7\u00f5es, medi\u00e7\u00f5es e conclus\u00f5es;<br \/>\n&#8211; Se poss\u00edvel, partilhar de imediato com o cliente para transpar\u00eancia;<br \/>\n&#8211; Anexar documenta\u00e7\u00e3o complementar (ex. logs, prints de testes, imagens).<\/p>\n<p><strong>6. Boas Pr\u00e1ticas de Apresenta\u00e7\u00e3o<\/strong><br \/>\nLembrar que fora das instala\u00e7\u00f5es oficiais, o profissional tamb\u00e9m representa a imagem da empresa. Assim, \u00e9 importante:<br \/>\n&#8211; Usar vestu\u00e1rio t\u00e9cnico ou uniforme apropriado;<br \/>\n&#8211; Cumprir hor\u00e1rios rigorosamente;<br \/>\n&#8211; Demonstrar empatia e clareza na comunica\u00e7\u00e3o com o cliente.<\/p>\n<p><strong>Conclus\u00e3o<\/strong><\/p>\n<p>&#8220;Num mundo cada vez mais digital e exigente, \u00e9 essencial acompanharmos a evolu\u00e7\u00e3o tecnol\u00f3gica e adotarmos solu\u00e7\u00f5es que nos permitam diagnosticar, resolver e comunicar com mais efic\u00e1cia. Vejo a IA como uma aliada no nosso desenvolvimento profissional e no caminho rumo a um futuro mais eficiente, acess\u00edvel e inovador. Que estas ferramentas estejam, cada vez mais, ao alcance de todos os engenheiros e t\u00e9cnicos, tornando o nosso trabalho mais \u00e1gil, preciso e valorizado&#8221;, afirmou Paulo Esp\u00edrito Santo.<\/p>\n","protected":false},"excerpt":{"rendered":"<p>O mundo do diagn\u00f3stico autom\u00f3vel est\u00e1&#8230;<\/p>\n","protected":false},"author":15,"featured_media":102500,"comment_status":"closed","ping_status":"closed","sticky":false,"template":"","format":"standard","meta":{"footnotes":""},"categories":[29],"tags":[12649,4816,8120,5937,2527,386],"class_list":["post-102475","post","type-post","status-publish","format-standard","has-post-thumbnail","hentry","category-empresas","tag-abordagem-inovadora","tag-auto-espirito-santo","tag-boas-praticas","tag-diagnostico-automovel","tag-hella-gutmann","tag-oficinas"],"yoast_head":"<!-- This site is optimized with the Yoast SEO plugin v27.4 - https:\/\/yoast.com\/product\/yoast-seo-wordpress\/ -->\n<title>Hella Gutmann inova com Conectividade e Ecr\u00e3s T\u00e1cteis - Jornal das Oficinas<\/title>\n<meta name=\"description\" content=\"O mundo do diagn\u00f3stico autom\u00f3vel est\u00e1 em constante evolu\u00e7\u00e3o, e a Hella Gutmann est\u00e1 na vanguarda dessa transforma\u00e7\u00e3o\" \/>\n<meta name=\"robots\" content=\"index, follow, max-snippet:-1, max-image-preview:large, max-video-preview:-1\" \/>\n<link rel=\"canonical\" href=\"https:\/\/jornaldasoficinas.com\/pt\/hella-gutmann-inova-com-conectividade-e-ecras-tacteis\/\" \/>\n<meta property=\"og:locale\" content=\"pt_PT\" \/>\n<meta property=\"og:type\" content=\"article\" \/>\n<meta property=\"og:title\" content=\"Hella Gutmann inova com Conectividade e Ecr\u00e3s T\u00e1cteis - Jornal das Oficinas\" \/>\n<meta property=\"og:description\" content=\"O mundo do diagn\u00f3stico autom\u00f3vel est\u00e1 em constante evolu\u00e7\u00e3o, e a Hella Gutmann est\u00e1 na vanguarda dessa transforma\u00e7\u00e3o\" \/>\n<meta property=\"og:url\" content=\"https:\/\/jornaldasoficinas.com\/pt\/hella-gutmann-inova-com-conectividade-e-ecras-tacteis\/\" \/>\n<meta property=\"og:site_name\" content=\"Jornal das Oficinas\" \/>\n<meta property=\"article:publisher\" content=\"https:\/\/www.facebook.com\/jornaloficinas\" \/>\n<meta property=\"article:published_time\" content=\"2025-05-26T13:00:43+00:00\" \/>\n<meta property=\"og:image\" content=\"https:\/\/jornaldasoficinas.com\/pt\/wp-content\/uploads\/2025\/05\/foto_hella_1024x581_FINAL.jpg\" \/>\n\t<meta property=\"og:image:width\" content=\"1024\" \/>\n\t<meta property=\"og:image:height\" content=\"581\" \/>\n\t<meta property=\"og:image:type\" content=\"image\/jpeg\" \/>\n<meta name=\"author\" content=\"Reda\u00e7\u00e3o JO\" \/>\n<meta name=\"twitter:card\" content=\"summary_large_image\" \/>\n<meta name=\"twitter:creator\" content=\"@jornaloficinas\" \/>\n<meta name=\"twitter:site\" content=\"@jornaloficinas\" \/>\n<meta name=\"twitter:label1\" content=\"Escrito por\" \/>\n\t<meta name=\"twitter:data1\" content=\"Reda\u00e7\u00e3o JO\" \/>\n\t<meta name=\"twitter:label2\" content=\"Tempo estimado de leitura\" \/>\n\t<meta name=\"twitter:data2\" content=\"5 minutos\" \/>\n<script type=\"application\/ld+json\" class=\"yoast-schema-graph\">{\"@context\":\"https:\\\/\\\/schema.org\",\"@graph\":[{\"@type\":\"Article\",\"@id\":\"https:\\\/\\\/jornaldasoficinas.com\\\/pt\\\/hella-gutmann-inova-com-conectividade-e-ecras-tacteis\\\/#article\",\"isPartOf\":{\"@id\":\"https:\\\/\\\/jornaldasoficinas.com\\\/pt\\\/hella-gutmann-inova-com-conectividade-e-ecras-tacteis\\\/\"},\"author\":{\"name\":\"Reda\u00e7\u00e3o JO\",\"@id\":\"https:\\\/\\\/jornaldasoficinas.com\\\/pt\\\/#\\\/schema\\\/person\\\/a38eef5de2c41d9e7c9ac10141afddf3\"},\"headline\":\"Hella Gutmann inova com Conectividade e Ecr\u00e3s T\u00e1cteis\",\"datePublished\":\"2025-05-26T13:00:43+00:00\",\"mainEntityOfPage\":{\"@id\":\"https:\\\/\\\/jornaldasoficinas.com\\\/pt\\\/hella-gutmann-inova-com-conectividade-e-ecras-tacteis\\\/\"},\"wordCount\":843,\"publisher\":{\"@id\":\"https:\\\/\\\/jornaldasoficinas.com\\\/pt\\\/#organization\"},\"image\":{\"@id\":\"https:\\\/\\\/jornaldasoficinas.com\\\/pt\\\/hella-gutmann-inova-com-conectividade-e-ecras-tacteis\\\/#primaryimage\"},\"thumbnailUrl\":\"https:\\\/\\\/jornaldasoficinas.com\\\/pt\\\/wp-content\\\/uploads\\\/2025\\\/05\\\/foto_hella_1024x581_FINAL.jpg\",\"keywords\":[\"Abordagem inovadora\",\"Auto Esp\u00edrito Santo\",\"boas pr\u00e1ticas\",\"Diagn\u00f3stico autom\u00f3vel\",\"Hella-Gutmann\",\"Oficinas\"],\"articleSection\":[\"Empresas\"],\"inLanguage\":\"pt-PT\"},{\"@type\":\"WebPage\",\"@id\":\"https:\\\/\\\/jornaldasoficinas.com\\\/pt\\\/hella-gutmann-inova-com-conectividade-e-ecras-tacteis\\\/\",\"url\":\"https:\\\/\\\/jornaldasoficinas.com\\\/pt\\\/hella-gutmann-inova-com-conectividade-e-ecras-tacteis\\\/\",\"name\":\"Hella Gutmann inova com Conectividade e Ecr\u00e3s T\u00e1cteis - Jornal das Oficinas\",\"isPartOf\":{\"@id\":\"https:\\\/\\\/jornaldasoficinas.com\\\/pt\\\/#website\"},\"primaryImageOfPage\":{\"@id\":\"https:\\\/\\\/jornaldasoficinas.com\\\/pt\\\/hella-gutmann-inova-com-conectividade-e-ecras-tacteis\\\/#primaryimage\"},\"image\":{\"@id\":\"https:\\\/\\\/jornaldasoficinas.com\\\/pt\\\/hella-gutmann-inova-com-conectividade-e-ecras-tacteis\\\/#primaryimage\"},\"thumbnailUrl\":\"https:\\\/\\\/jornaldasoficinas.com\\\/pt\\\/wp-content\\\/uploads\\\/2025\\\/05\\\/foto_hella_1024x581_FINAL.jpg\",\"datePublished\":\"2025-05-26T13:00:43+00:00\",\"description\":\"O mundo do diagn\u00f3stico autom\u00f3vel est\u00e1 em constante evolu\u00e7\u00e3o, e a Hella Gutmann est\u00e1 na vanguarda dessa transforma\u00e7\u00e3o\",\"breadcrumb\":{\"@id\":\"https:\\\/\\\/jornaldasoficinas.com\\\/pt\\\/hella-gutmann-inova-com-conectividade-e-ecras-tacteis\\\/#breadcrumb\"},\"inLanguage\":\"pt-PT\",\"potentialAction\":[{\"@type\":\"ReadAction\",\"target\":[\"https:\\\/\\\/jornaldasoficinas.com\\\/pt\\\/hella-gutmann-inova-com-conectividade-e-ecras-tacteis\\\/\"]}]},{\"@type\":\"ImageObject\",\"inLanguage\":\"pt-PT\",\"@id\":\"https:\\\/\\\/jornaldasoficinas.com\\\/pt\\\/hella-gutmann-inova-com-conectividade-e-ecras-tacteis\\\/#primaryimage\",\"url\":\"https:\\\/\\\/jornaldasoficinas.com\\\/pt\\\/wp-content\\\/uploads\\\/2025\\\/05\\\/foto_hella_1024x581_FINAL.jpg\",\"contentUrl\":\"https:\\\/\\\/jornaldasoficinas.com\\\/pt\\\/wp-content\\\/uploads\\\/2025\\\/05\\\/foto_hella_1024x581_FINAL.jpg\",\"width\":1024,\"height\":581,\"caption\":\"Hella Gutmann inova com Conectividade e Ecr\u00e3s T\u00e1cteis\"},{\"@type\":\"BreadcrumbList\",\"@id\":\"https:\\\/\\\/jornaldasoficinas.com\\\/pt\\\/hella-gutmann-inova-com-conectividade-e-ecras-tacteis\\\/#breadcrumb\",\"itemListElement\":[{\"@type\":\"ListItem\",\"position\":1,\"name\":\"In\u00edcio\",\"item\":\"https:\\\/\\\/jornaldasoficinas.com\\\/pt\\\/\"},{\"@type\":\"ListItem\",\"position\":2,\"name\":\"Hella Gutmann inova com Conectividade e Ecr\u00e3s T\u00e1cteis\"}]},{\"@type\":\"WebSite\",\"@id\":\"https:\\\/\\\/jornaldasoficinas.com\\\/pt\\\/#website\",\"url\":\"https:\\\/\\\/jornaldasoficinas.com\\\/pt\\\/\",\"name\":\"Jornal das Oficinas\",\"description\":\"Jornal independente do Aftermarket Autom\u00f3vel em Portugal\",\"publisher\":{\"@id\":\"https:\\\/\\\/jornaldasoficinas.com\\\/pt\\\/#organization\"},\"potentialAction\":[{\"@type\":\"SearchAction\",\"target\":{\"@type\":\"EntryPoint\",\"urlTemplate\":\"https:\\\/\\\/jornaldasoficinas.com\\\/pt\\\/?s={search_term_string}\"},\"query-input\":{\"@type\":\"PropertyValueSpecification\",\"valueRequired\":true,\"valueName\":\"search_term_string\"}}],\"inLanguage\":\"pt-PT\"},{\"@type\":\"Organization\",\"@id\":\"https:\\\/\\\/jornaldasoficinas.com\\\/pt\\\/#organization\",\"name\":\"Jornal das Oficinas\",\"url\":\"https:\\\/\\\/jornaldasoficinas.com\\\/pt\\\/\",\"logo\":{\"@type\":\"ImageObject\",\"inLanguage\":\"pt-PT\",\"@id\":\"https:\\\/\\\/jornaldasoficinas.com\\\/pt\\\/#\\\/schema\\\/logo\\\/image\\\/\",\"url\":\"https:\\\/\\\/jornaldasoficinas.com\\\/pt\\\/wp-content\\\/uploads\\\/logoJO-SEO.png\",\"contentUrl\":\"https:\\\/\\\/jornaldasoficinas.com\\\/pt\\\/wp-content\\\/uploads\\\/logoJO-SEO.png\",\"width\":285,\"height\":450,\"caption\":\"Jornal das Oficinas\"},\"image\":{\"@id\":\"https:\\\/\\\/jornaldasoficinas.com\\\/pt\\\/#\\\/schema\\\/logo\\\/image\\\/\"},\"sameAs\":[\"https:\\\/\\\/www.facebook.com\\\/jornaloficinas\",\"https:\\\/\\\/x.com\\\/jornaloficinas\",\"https:\\\/\\\/www.instagram.com\\\/jornal_oficinas\\\/\",\"https:\\\/\\\/www.linkedin.com\\\/company\\\/jornal-das-oficinas\\\/\",\"https:\\\/\\\/www.youtube.com\\\/channel\\\/UCbQZBqtcvV-oSQrr7RzINGg\"]},{\"@type\":\"Person\",\"@id\":\"https:\\\/\\\/jornaldasoficinas.com\\\/pt\\\/#\\\/schema\\\/person\\\/a38eef5de2c41d9e7c9ac10141afddf3\",\"name\":\"Reda\u00e7\u00e3o JO\",\"image\":{\"@type\":\"ImageObject\",\"inLanguage\":\"pt-PT\",\"@id\":\"https:\\\/\\\/secure.gravatar.com\\\/avatar\\\/71f2fa71737ad68a84fea94bc708ddac8ea5b0c4788dc2ad202f3ccb2887742f?s=96&d=wp_user_avatar&r=g\",\"url\":\"https:\\\/\\\/secure.gravatar.com\\\/avatar\\\/71f2fa71737ad68a84fea94bc708ddac8ea5b0c4788dc2ad202f3ccb2887742f?s=96&d=wp_user_avatar&r=g\",\"contentUrl\":\"https:\\\/\\\/secure.gravatar.com\\\/avatar\\\/71f2fa71737ad68a84fea94bc708ddac8ea5b0c4788dc2ad202f3ccb2887742f?s=96&d=wp_user_avatar&r=g\",\"caption\":\"Reda\u00e7\u00e3o JO\"},\"url\":\"https:\\\/\\\/jornaldasoficinas.com\\\/pt\\\/author\\\/joredacao\\\/\"}]}<\/script>\n<!-- \/ Yoast SEO plugin. -->","yoast_head_json":{"title":"Hella Gutmann inova com Conectividade e Ecr\u00e3s T\u00e1cteis - Jornal das Oficinas","description":"O mundo do diagn\u00f3stico autom\u00f3vel est\u00e1 em constante evolu\u00e7\u00e3o, e a Hella Gutmann est\u00e1 na vanguarda dessa transforma\u00e7\u00e3o","robots":{"index":"index","follow":"follow","max-snippet":"max-snippet:-1","max-image-preview":"max-image-preview:large","max-video-preview":"max-video-preview:-1"},"canonical":"https:\/\/jornaldasoficinas.com\/pt\/hella-gutmann-inova-com-conectividade-e-ecras-tacteis\/","og_locale":"pt_PT","og_type":"article","og_title":"Hella Gutmann inova com Conectividade e Ecr\u00e3s T\u00e1cteis - Jornal das Oficinas","og_description":"O mundo do diagn\u00f3stico autom\u00f3vel est\u00e1 em constante evolu\u00e7\u00e3o, e a Hella Gutmann est\u00e1 na vanguarda dessa transforma\u00e7\u00e3o","og_url":"https:\/\/jornaldasoficinas.com\/pt\/hella-gutmann-inova-com-conectividade-e-ecras-tacteis\/","og_site_name":"Jornal das Oficinas","article_publisher":"https:\/\/www.facebook.com\/jornaloficinas","article_published_time":"2025-05-26T13:00:43+00:00","og_image":[{"width":1024,"height":581,"url":"https:\/\/jornaldasoficinas.com\/pt\/wp-content\/uploads\/2025\/05\/foto_hella_1024x581_FINAL.jpg","type":"image\/jpeg"}],"author":"Reda\u00e7\u00e3o JO","twitter_card":"summary_large_image","twitter_creator":"@jornaloficinas","twitter_site":"@jornaloficinas","twitter_misc":{"Escrito por":"Reda\u00e7\u00e3o JO","Tempo estimado de leitura":"5 minutos"},"schema":{"@context":"https:\/\/schema.org","@graph":[{"@type":"Article","@id":"https:\/\/jornaldasoficinas.com\/pt\/hella-gutmann-inova-com-conectividade-e-ecras-tacteis\/#article","isPartOf":{"@id":"https:\/\/jornaldasoficinas.com\/pt\/hella-gutmann-inova-com-conectividade-e-ecras-tacteis\/"},"author":{"name":"Reda\u00e7\u00e3o JO","@id":"https:\/\/jornaldasoficinas.com\/pt\/#\/schema\/person\/a38eef5de2c41d9e7c9ac10141afddf3"},"headline":"Hella Gutmann inova com Conectividade e Ecr\u00e3s T\u00e1cteis","datePublished":"2025-05-26T13:00:43+00:00","mainEntityOfPage":{"@id":"https:\/\/jornaldasoficinas.com\/pt\/hella-gutmann-inova-com-conectividade-e-ecras-tacteis\/"},"wordCount":843,"publisher":{"@id":"https:\/\/jornaldasoficinas.com\/pt\/#organization"},"image":{"@id":"https:\/\/jornaldasoficinas.com\/pt\/hella-gutmann-inova-com-conectividade-e-ecras-tacteis\/#primaryimage"},"thumbnailUrl":"https:\/\/jornaldasoficinas.com\/pt\/wp-content\/uploads\/2025\/05\/foto_hella_1024x581_FINAL.jpg","keywords":["Abordagem inovadora","Auto Esp\u00edrito Santo","boas pr\u00e1ticas","Diagn\u00f3stico autom\u00f3vel","Hella-Gutmann","Oficinas"],"articleSection":["Empresas"],"inLanguage":"pt-PT"},{"@type":"WebPage","@id":"https:\/\/jornaldasoficinas.com\/pt\/hella-gutmann-inova-com-conectividade-e-ecras-tacteis\/","url":"https:\/\/jornaldasoficinas.com\/pt\/hella-gutmann-inova-com-conectividade-e-ecras-tacteis\/","name":"Hella Gutmann inova com Conectividade e Ecr\u00e3s T\u00e1cteis - Jornal das Oficinas","isPartOf":{"@id":"https:\/\/jornaldasoficinas.com\/pt\/#website"},"primaryImageOfPage":{"@id":"https:\/\/jornaldasoficinas.com\/pt\/hella-gutmann-inova-com-conectividade-e-ecras-tacteis\/#primaryimage"},"image":{"@id":"https:\/\/jornaldasoficinas.com\/pt\/hella-gutmann-inova-com-conectividade-e-ecras-tacteis\/#primaryimage"},"thumbnailUrl":"https:\/\/jornaldasoficinas.com\/pt\/wp-content\/uploads\/2025\/05\/foto_hella_1024x581_FINAL.jpg","datePublished":"2025-05-26T13:00:43+00:00","description":"O mundo do diagn\u00f3stico autom\u00f3vel est\u00e1 em constante evolu\u00e7\u00e3o, e a Hella Gutmann est\u00e1 na vanguarda dessa transforma\u00e7\u00e3o","breadcrumb":{"@id":"https:\/\/jornaldasoficinas.com\/pt\/hella-gutmann-inova-com-conectividade-e-ecras-tacteis\/#breadcrumb"},"inLanguage":"pt-PT","potentialAction":[{"@type":"ReadAction","target":["https:\/\/jornaldasoficinas.com\/pt\/hella-gutmann-inova-com-conectividade-e-ecras-tacteis\/"]}]},{"@type":"ImageObject","inLanguage":"pt-PT","@id":"https:\/\/jornaldasoficinas.com\/pt\/hella-gutmann-inova-com-conectividade-e-ecras-tacteis\/#primaryimage","url":"https:\/\/jornaldasoficinas.com\/pt\/wp-content\/uploads\/2025\/05\/foto_hella_1024x581_FINAL.jpg","contentUrl":"https:\/\/jornaldasoficinas.com\/pt\/wp-content\/uploads\/2025\/05\/foto_hella_1024x581_FINAL.jpg","width":1024,"height":581,"caption":"Hella Gutmann inova com Conectividade e Ecr\u00e3s T\u00e1cteis"},{"@type":"BreadcrumbList","@id":"https:\/\/jornaldasoficinas.com\/pt\/hella-gutmann-inova-com-conectividade-e-ecras-tacteis\/#breadcrumb","itemListElement":[{"@type":"ListItem","position":1,"name":"In\u00edcio","item":"https:\/\/jornaldasoficinas.com\/pt\/"},{"@type":"ListItem","position":2,"name":"Hella Gutmann inova com Conectividade e Ecr\u00e3s T\u00e1cteis"}]},{"@type":"WebSite","@id":"https:\/\/jornaldasoficinas.com\/pt\/#website","url":"https:\/\/jornaldasoficinas.com\/pt\/","name":"Jornal das Oficinas","description":"Jornal independente do Aftermarket Autom\u00f3vel em Portugal","publisher":{"@id":"https:\/\/jornaldasoficinas.com\/pt\/#organization"},"potentialAction":[{"@type":"SearchAction","target":{"@type":"EntryPoint","urlTemplate":"https:\/\/jornaldasoficinas.com\/pt\/?s={search_term_string}"},"query-input":{"@type":"PropertyValueSpecification","valueRequired":true,"valueName":"search_term_string"}}],"inLanguage":"pt-PT"},{"@type":"Organization","@id":"https:\/\/jornaldasoficinas.com\/pt\/#organization","name":"Jornal das Oficinas","url":"https:\/\/jornaldasoficinas.com\/pt\/","logo":{"@type":"ImageObject","inLanguage":"pt-PT","@id":"https:\/\/jornaldasoficinas.com\/pt\/#\/schema\/logo\/image\/","url":"https:\/\/jornaldasoficinas.com\/pt\/wp-content\/uploads\/logoJO-SEO.png","contentUrl":"https:\/\/jornaldasoficinas.com\/pt\/wp-content\/uploads\/logoJO-SEO.png","width":285,"height":450,"caption":"Jornal das Oficinas"},"image":{"@id":"https:\/\/jornaldasoficinas.com\/pt\/#\/schema\/logo\/image\/"},"sameAs":["https:\/\/www.facebook.com\/jornaloficinas","https:\/\/x.com\/jornaloficinas","https:\/\/www.instagram.com\/jornal_oficinas\/","https:\/\/www.linkedin.com\/company\/jornal-das-oficinas\/","https:\/\/www.youtube.com\/channel\/UCbQZBqtcvV-oSQrr7RzINGg"]},{"@type":"Person","@id":"https:\/\/jornaldasoficinas.com\/pt\/#\/schema\/person\/a38eef5de2c41d9e7c9ac10141afddf3","name":"Reda\u00e7\u00e3o JO","image":{"@type":"ImageObject","inLanguage":"pt-PT","@id":"https:\/\/secure.gravatar.com\/avatar\/71f2fa71737ad68a84fea94bc708ddac8ea5b0c4788dc2ad202f3ccb2887742f?s=96&d=wp_user_avatar&r=g","url":"https:\/\/secure.gravatar.com\/avatar\/71f2fa71737ad68a84fea94bc708ddac8ea5b0c4788dc2ad202f3ccb2887742f?s=96&d=wp_user_avatar&r=g","contentUrl":"https:\/\/secure.gravatar.com\/avatar\/71f2fa71737ad68a84fea94bc708ddac8ea5b0c4788dc2ad202f3ccb2887742f?s=96&d=wp_user_avatar&r=g","caption":"Reda\u00e7\u00e3o JO"},"url":"https:\/\/jornaldasoficinas.com\/pt\/author\/joredacao\/"}]}},"_links":{"self":[{"href":"https:\/\/jornaldasoficinas.com\/pt\/wp-json\/wp\/v2\/posts\/102475","targetHints":{"allow":["GET"]}}],"collection":[{"href":"https:\/\/jornaldasoficinas.com\/pt\/wp-json\/wp\/v2\/posts"}],"about":[{"href":"https:\/\/jornaldasoficinas.com\/pt\/wp-json\/wp\/v2\/types\/post"}],"author":[{"embeddable":true,"href":"https:\/\/jornaldasoficinas.com\/pt\/wp-json\/wp\/v2\/users\/15"}],"replies":[{"embeddable":true,"href":"https:\/\/jornaldasoficinas.com\/pt\/wp-json\/wp\/v2\/comments?post=102475"}],"version-history":[{"count":4,"href":"https:\/\/jornaldasoficinas.com\/pt\/wp-json\/wp\/v2\/posts\/102475\/revisions"}],"predecessor-version":[{"id":102501,"href":"https:\/\/jornaldasoficinas.com\/pt\/wp-json\/wp\/v2\/posts\/102475\/revisions\/102501"}],"wp:featuredmedia":[{"embeddable":true,"href":"https:\/\/jornaldasoficinas.com\/pt\/wp-json\/wp\/v2\/media\/102500"}],"wp:attachment":[{"href":"https:\/\/jornaldasoficinas.com\/pt\/wp-json\/wp\/v2\/media?parent=102475"}],"wp:term":[{"taxonomy":"category","embeddable":true,"href":"https:\/\/jornaldasoficinas.com\/pt\/wp-json\/wp\/v2\/categories?post=102475"},{"taxonomy":"post_tag","embeddable":true,"href":"https:\/\/jornaldasoficinas.com\/pt\/wp-json\/wp\/v2\/tags?post=102475"}],"curies":[{"name":"wp","href":"https:\/\/api.w.org\/{rel}","templated":true}]}}