{"id":102731,"date":"2025-06-02T14:00:26","date_gmt":"2025-06-02T13:00:26","guid":{"rendered":"https:\/\/jornaldasoficinas.com\/pt\/?p=102731"},"modified":"2025-06-02T11:27:29","modified_gmt":"2025-06-02T10:27:29","slug":"cga-apresenta-nova-rede-autopartner-em-portugal","status":"publish","type":"post","link":"https:\/\/jornaldasoficinas.com\/pt\/cga-apresenta-nova-rede-autopartner-em-portugal\/","title":{"rendered":"CGA apresenta nova rede AutoPartner em Portugal"},"content":{"rendered":"<p><strong><img loading=\"lazy\" decoding=\"async\" class=\"alignnone size-full wp-image-102736\" src=\"https:\/\/jornaldasoficinas.com\/pt\/wp-content\/uploads\/2025\/06\/CGA-apresenta-nova-rede-AutoPartner-em-Portugal.jpg\" alt=\"06 - CGA apresenta nova rede AutoPartner em Portugal\" width=\"1024\" height=\"581\" srcset=\"https:\/\/jornaldasoficinas.com\/pt\/wp-content\/uploads\/2025\/06\/CGA-apresenta-nova-rede-AutoPartner-em-Portugal.jpg 1024w, https:\/\/jornaldasoficinas.com\/pt\/wp-content\/uploads\/2025\/06\/CGA-apresenta-nova-rede-AutoPartner-em-Portugal-300x170.jpg 300w, https:\/\/jornaldasoficinas.com\/pt\/wp-content\/uploads\/2025\/06\/CGA-apresenta-nova-rede-AutoPartner-em-Portugal-150x85.jpg 150w, https:\/\/jornaldasoficinas.com\/pt\/wp-content\/uploads\/2025\/06\/CGA-apresenta-nova-rede-AutoPartner-em-Portugal-768x436.jpg 768w\" sizes=\"auto, (max-width: 1024px) 100vw, 1024px\" \/><\/strong><\/p>\n<p><strong>A Conven\u00e7\u00e3o CGA 2025 reuniu em Sarago\u00e7a mais de mil pessoas entre oficinas, parceiros, fornecedores e imprensa especializada, e serviu para apresentar a nova rede <a href=\"https:\/\/pt.autopartner.com\/\" target=\"_blank\" rel=\"noopener\">AutoPartner<\/a> em Portugal<\/strong><\/p>\n<p>O evento foi realizado no Pal\u00e1cio de Congressos da capital aragonesa e dividido em duas sess\u00f5es: uma jornada p\u00fablica na sexta-feira conduzida por Roberto Brasero \u2014 e que contou com Antonio Lobato e Toni Cuquerella, os comunicadores especialistas em F1 da plataforma Dazn, na parte mais medi\u00e1tica \u2014 e outra mais t\u00e9cnica e interna no s\u00e1bado.<\/p>\n<p>Solange Ochoa, diretora de Redes do Grupo CGA, fez um balan\u00e7o da situa\u00e7\u00e3o atual das redes de oficinas multimarcas \u2014 CGA Car Service, Multitaller, Sacorauto Service e Multioficinas \u2014, que somam 1.130 centros. Embora o n\u00famero total se mantenha est\u00e1vel, destacou o crescimento em Portugal, onde a CGA impulsiona agora uma nova rede: AutoPartner, proveniente do grupo internacional ATR. Presente noutros pa\u00edses europeus, surge em paralelo ao Auto Chek Center e tamb\u00e9m se desenvolve de forma modular, para se adaptar melhor ao perfil de cada oficina.<\/p>\n<p>Em 2024, a CGA destinou \u00ab2,5 milh\u00f5es de euros para sustentar e desenvolver toda esta estrutura da nossa rede de oficinas\u00bb, explicou Ochoa. 40% desse or\u00e7amento foi destinado a programas t\u00e9cnicos para oficinas, plataformas audiovisuais e assist\u00eancia t\u00e9cnica; 21% para marketing e posicionamento; 17% para forma\u00e7\u00e3o, tanto t\u00e9cnica como em gest\u00e3o comercial de oficinas; e 7% para o desenvolvimento do seu programa de gest\u00e3o, uma \u00e1rea que o grupo se comprometeu a potenciar porque detetou que \u00abas oficinas ainda precisam de se esfor\u00e7ar\u00bb neste sentido. Por outro lado, foram ministrados 135 cursos, 20% a mais do que em 2023, \u00abgra\u00e7as ao apoio dos nossos fornecedores\u00bb, assegurou.<\/p>\n<p><strong>Sustentabilidade, alian\u00e7as e peritagens<\/strong><\/p>\n<p>Ochoa destacou tr\u00eas pilares do grupo para os pr\u00f3ximos anos: sustentabilidade, alian\u00e7as estrat\u00e9gicas e peritagens judiciais. &#8220;A sustentabilidade n\u00e3o \u00e9 uma moda, veio para ficar&#8221;, afirmou Ochoa, incidindo na necessidade de reduzir o impacto ambiental sem perder rentabilidade. Trata-se de um plano de sustentabilidade 2024-2026 no qual n\u00e3o s\u00f3 querem abordar as atividades pr\u00f3prias da CGA, mas tamb\u00e9m prop\u00f5em que abranja toda a cadeia de abastecimento, &#8220;e isso inclui a nossa rela\u00e7\u00e3o com as oficinas da rede&#8221;.<\/p>\n<p>Consciente de que se trata de um aspeto que ainda desperta algum ceticismo em parte do setor, a diretora de redes salientou que \u00e9 necess\u00e1rio \u00abter um tratamento um pouco mais amig\u00e1vel e menos impacto negativo com a atividade que desenvolvemos em rela\u00e7\u00e3o a tudo o que nos rodeia, aos nossos clientes, aos trabalhadores, ao meio ambiente\u00bb, e o papel da CGA ser\u00e1 clarificar estes conceitos atrav\u00e9s de cursos de sensibiliza\u00e7\u00e3o. Em 2024, j\u00e1 foram realizados 3 cursos de regulamenta\u00e7\u00e3o ambiental (2 em Espanha e 1 em Portugal), nos quais participaram 260 pessoas.<\/p>\n<p>Outro aspeto abordado por Ochoa foi o das possibilidades que o renting oferece aos neg\u00f3cios de repara\u00e7\u00e3o. Este setor registou 110.000 ve\u00edculos em 2024 \u2014 46% do canal empresarial \u2014, o que demonstra um potencial de neg\u00f3cio que levou a CGA a desenvolver um projeto-piloto com um grande operador, que agora ir\u00e1 alargar a toda a sua rede.<\/p>\n<p><strong>Comunica\u00e7\u00e3o e visibilidade<\/strong><\/p>\n<p>Por sua vez, Eva Laguna, diretora de Marketing do grupo, fez um balan\u00e7o das campanhas para dar visibilidade \u00e0s redes perante o utilizador final. Entre elas, o patroc\u00ednio principal das corridas &#8220;Ponle Freno&#8221;, a colabora\u00e7\u00e3o com o piloto Alejandro Geppert e o seu projeto &#8220;Kil\u00f3metros sin huella&#8221;, bem como a sua presen\u00e7a de destaque na Motortec 2025. &#8220;Gostamos de fugir do tradicional e estar onde h\u00e1 emo\u00e7\u00e3o&#8221;, resumiu.<\/p>\n<p>A conven\u00e7\u00e3o tamb\u00e9m serviu para premiar o talento t\u00e9cnico da rede. O concurso &#8220;The Best \u2013 Ases da Mec\u00e2nica 2024&#8221; coroou \u00d3scar Rodr\u00edguez, chefe de oficina da Mad Motor (CGA Car Service em Og\u00edjares, Ja\u00e9n), como melhor mec\u00e2nico do ano. Completaram o p\u00f3dio Juan Francisco R\u00edos (Talleres RymAuto, Albacete), Luis Miguel Rodr\u00edguez Gonz\u00e1lez (Garaje Rodr\u00edguez, Le\u00f3n) e Mariano Andr\u00e9s Rojo (MX Motor, Palencia).<\/p>\n<p>Destacou-se tamb\u00e9m participa\u00e7\u00e3o do Grupo CGA como expositor na Motortec 2025, feira realizada de 23 a 26 de abril na Ifema Madrid, com um amplo stand que acolheu diferentes atividades e apresenta\u00e7\u00f5es; e a presen\u00e7a da imagem da rede na imprensa do setor sob o slogan &#8220;Efici\u00eancia em cada repara\u00e7\u00e3o, sustentabilidade em cada a\u00e7\u00e3o&#8221;.<\/p>\n<p><strong>Foram ainda enumeradas as principais a\u00e7\u00f5es da CGA nas suas redes de oficinas:<\/strong><\/p>\n<p>\u2022 135 cursos de forma\u00e7\u00e3o (aumento de quase 20% no n\u00famero de cursos ministrados);<br \/>\n\u2022 Tecnopedia e ferramentas t\u00e9cnicas (nova ferramenta t\u00e9cnica audiovisual);<br \/>\n\u2022 Marketing e posicionamento (para impulsionar o reconhecimento da marca).<\/p>\n<p><strong>Solange Ochoa tamb\u00e9m descreveu os principais investimentos nas redes, que ascendem a 2,5 milh\u00f5es de euros e s\u00e3o:<\/strong><\/p>\n<p>\u2022 40% em ferramentas t\u00e9cnicas;<br \/>\n\u2022 21% em marketing;<br \/>\n\u2022 17% em forma\u00e7\u00e3o;<br \/>\n\u2022 7% em programas de gest\u00e3o;<br \/>\n\u2022 15% diversos.<\/p>\n<p><strong>O Congresso continuou com uma interessante palestra de Fernando L\u00f3pez, Country Manager da GiPA, que esclareceu algumas verdades, meias verdades e mentiras do p\u00f3s-venda autom\u00f3vel:<\/strong><\/p>\n<p>\u2022 O carro el\u00e9trico acaba com o neg\u00f3cio dos distribuidores e oficinas independentes: mentira;<br \/>\n\u2022 As marcas chinesas monopolizam as vendas de carros e, sobretudo, de carros el\u00e9tricos: mentira;<br \/>\n\u2022 As oficinas independentes e as lojas de pe\u00e7as sobressalentes est\u00e3o a fechar e v\u00e3o continuar a fechar: meia verdade;<br \/>\n\u2022 Os carros s\u00e3o cada vez menos utilizados e ser\u00e3o cada vez menos utilizados: meia verdade;<br \/>\n\u2022 Os carros a diesel est\u00e3o a desaparecer: meia verdade;<br \/>\n\u2022 O renting \u00e9 a nova modalidade: meia verdade;<br \/>\n\u2022 Os jovens n\u00e3o t\u00eam interesse em carros: verdade.<\/p>\n<p><strong>Perante estas situa\u00e7\u00f5es, Fernando L\u00f3pez concluiu:<\/strong><\/p>\n<p>\u2022 Hoje ocorrem mudan\u00e7as, como sempre ocorreram;<br \/>\n\u2022 Nenhuma das mudan\u00e7as que est\u00e3o a ocorrer far\u00e1 com que o mercado p\u00f3s-venda mude radicalmente nos pr\u00f3ximos anos;<br \/>\n\u2022 As oficinas independentes adaptaram-se, adaptam-se e adaptar-se-\u00e3o \u00e0s mudan\u00e7as do mercado;<br \/>\n\u2022 A grande diferen\u00e7a em rela\u00e7\u00e3o a \u00e9pocas anteriores \u00e9 a velocidade das mudan\u00e7as.<\/p>\n<p><strong>As oficinas, a n\u00edvel Ib\u00e9rico<\/strong><\/p>\n<p>Ana \u00c1vila e Rodrigo Ferreira, diretora corporativa da CONEPA e presidente da ARAN, respetivamente (associa\u00e7\u00f5es patronais de oficinas de Espanha e Portugal), analisaram a atualidade do coletivo de oficinas a n\u00edvel peninsular.<\/p>\n<p>\u00c1vila destacou que as oficinas espanholas t\u00eam trabalho e aumentaram a sua rentabilidade, sobretudo as de mec\u00e2nica, porque as de chapa e pintura enfrentam o problema das press\u00f5es das seguradoras; salientou que 78% das oficinas mantiveram o seu quadro de pessoal em rela\u00e7\u00e3o ao ano passado e que a falta de profissionais \u00e9 o grande problema do setor, problema que tamb\u00e9m afeta as oficinas de ve\u00edculos industriais, agr\u00edcolas e motociclos. Sobre esta quest\u00e3o, tamb\u00e9m n\u00e3o ajuda um plano de forma\u00e7\u00e3o muito obsoleto e que, por exemplo, n\u00e3o inclui forma\u00e7\u00e3o espec\u00edfica para ve\u00edculos industriais.<\/p>\n<p>Por seu lado, Rodrigo Ferreira mostrou-se otimista ao salientar que a situa\u00e7\u00e3o econ\u00f3mica de Portugal e Espanha \u00e9 melhor do que no resto da Europa, mas enfatizou que em Portugal a rentabilidade das oficinas \u00e9 baixa.<\/p>\n<p>Ambos concordaram que associa\u00e7\u00f5es como a CONEPA e a ARAN, em colabora\u00e7\u00e3o com as associa\u00e7\u00f5es europeias, trabalham intensamente na defesa dos interesses das oficinas de repara\u00e7\u00e3o.<\/p>\n","protected":false},"excerpt":{"rendered":"<p>A Conven\u00e7\u00e3o CGA 2025 reuniu em&#8230;<\/p>\n","protected":false},"author":15,"featured_media":102736,"comment_status":"closed","ping_status":"closed","sticky":false,"template":"","format":"standard","meta":{"footnotes":""},"categories":[29],"tags":[12830,2203,12829,4716,2975,12831,386,1767],"class_list":["post-102731","post","type-post","status-publish","format-standard","has-post-thumbnail","hentry","category-empresas","tag-autopartner","tag-cga","tag-convencao-cga-2025","tag-evento","tag-mercado-iberico","tag-nova-rede","tag-oficinas","tag-sustentabilidade"],"yoast_head":"<!-- This site is optimized with the Yoast SEO plugin v27.4 - https:\/\/yoast.com\/product\/yoast-seo-wordpress\/ -->\n<title>CGA apresenta nova rede AutoPartner em Portugal - Jornal das Oficinas<\/title>\n<meta name=\"description\" content=\"A Conven\u00e7\u00e3o CGA 2025 reuniu em Sarago\u00e7a mais de mil pessoas para apresentar a nova rede AutoPartner em Portugal\" \/>\n<meta name=\"robots\" content=\"index, follow, max-snippet:-1, max-image-preview:large, max-video-preview:-1\" \/>\n<link rel=\"canonical\" href=\"https:\/\/jornaldasoficinas.com\/pt\/cga-apresenta-nova-rede-autopartner-em-portugal\/\" \/>\n<meta property=\"og:locale\" content=\"pt_PT\" \/>\n<meta property=\"og:type\" content=\"article\" \/>\n<meta property=\"og:title\" content=\"CGA apresenta nova rede AutoPartner em Portugal - Jornal das Oficinas\" \/>\n<meta property=\"og:description\" content=\"A Conven\u00e7\u00e3o CGA 2025 reuniu em Sarago\u00e7a mais de mil pessoas para apresentar a nova rede AutoPartner em Portugal\" \/>\n<meta property=\"og:url\" content=\"https:\/\/jornaldasoficinas.com\/pt\/cga-apresenta-nova-rede-autopartner-em-portugal\/\" \/>\n<meta property=\"og:site_name\" content=\"Jornal das Oficinas\" \/>\n<meta property=\"article:publisher\" content=\"https:\/\/www.facebook.com\/jornaloficinas\" \/>\n<meta property=\"article:published_time\" content=\"2025-06-02T13:00:26+00:00\" \/>\n<meta property=\"og:image\" content=\"https:\/\/jornaldasoficinas.com\/pt\/wp-content\/uploads\/2025\/06\/CGA-apresenta-nova-rede-AutoPartner-em-Portugal.jpg\" \/>\n\t<meta property=\"og:image:width\" content=\"1024\" \/>\n\t<meta property=\"og:image:height\" content=\"581\" \/>\n\t<meta property=\"og:image:type\" content=\"image\/jpeg\" \/>\n<meta name=\"author\" content=\"Reda\u00e7\u00e3o JO\" \/>\n<meta name=\"twitter:card\" content=\"summary_large_image\" \/>\n<meta name=\"twitter:creator\" content=\"@jornaloficinas\" \/>\n<meta name=\"twitter:site\" content=\"@jornaloficinas\" \/>\n<meta name=\"twitter:label1\" content=\"Escrito por\" \/>\n\t<meta name=\"twitter:data1\" content=\"Reda\u00e7\u00e3o JO\" \/>\n\t<meta name=\"twitter:label2\" content=\"Tempo estimado de leitura\" \/>\n\t<meta name=\"twitter:data2\" content=\"7 minutos\" \/>\n<script type=\"application\/ld+json\" class=\"yoast-schema-graph\">{\"@context\":\"https:\\\/\\\/schema.org\",\"@graph\":[{\"@type\":\"Article\",\"@id\":\"https:\\\/\\\/jornaldasoficinas.com\\\/pt\\\/cga-apresenta-nova-rede-autopartner-em-portugal\\\/#article\",\"isPartOf\":{\"@id\":\"https:\\\/\\\/jornaldasoficinas.com\\\/pt\\\/cga-apresenta-nova-rede-autopartner-em-portugal\\\/\"},\"author\":{\"name\":\"Reda\u00e7\u00e3o JO\",\"@id\":\"https:\\\/\\\/jornaldasoficinas.com\\\/pt\\\/#\\\/schema\\\/person\\\/a38eef5de2c41d9e7c9ac10141afddf3\"},\"headline\":\"CGA apresenta nova rede AutoPartner em Portugal\",\"datePublished\":\"2025-06-02T13:00:26+00:00\",\"mainEntityOfPage\":{\"@id\":\"https:\\\/\\\/jornaldasoficinas.com\\\/pt\\\/cga-apresenta-nova-rede-autopartner-em-portugal\\\/\"},\"wordCount\":1228,\"publisher\":{\"@id\":\"https:\\\/\\\/jornaldasoficinas.com\\\/pt\\\/#organization\"},\"image\":{\"@id\":\"https:\\\/\\\/jornaldasoficinas.com\\\/pt\\\/cga-apresenta-nova-rede-autopartner-em-portugal\\\/#primaryimage\"},\"thumbnailUrl\":\"https:\\\/\\\/jornaldasoficinas.com\\\/pt\\\/wp-content\\\/uploads\\\/2025\\\/06\\\/CGA-apresenta-nova-rede-AutoPartner-em-Portugal.jpg\",\"keywords\":[\"AutoPartner\",\"CGA\",\"Conven\u00e7\u00e3o CGA 2025\",\"Evento\",\"mercado iberico\",\"nova rede\",\"Oficinas\",\"Sustentabilidade\"],\"articleSection\":[\"Empresas\"],\"inLanguage\":\"pt-PT\"},{\"@type\":\"WebPage\",\"@id\":\"https:\\\/\\\/jornaldasoficinas.com\\\/pt\\\/cga-apresenta-nova-rede-autopartner-em-portugal\\\/\",\"url\":\"https:\\\/\\\/jornaldasoficinas.com\\\/pt\\\/cga-apresenta-nova-rede-autopartner-em-portugal\\\/\",\"name\":\"CGA apresenta nova rede AutoPartner em Portugal - Jornal das Oficinas\",\"isPartOf\":{\"@id\":\"https:\\\/\\\/jornaldasoficinas.com\\\/pt\\\/#website\"},\"primaryImageOfPage\":{\"@id\":\"https:\\\/\\\/jornaldasoficinas.com\\\/pt\\\/cga-apresenta-nova-rede-autopartner-em-portugal\\\/#primaryimage\"},\"image\":{\"@id\":\"https:\\\/\\\/jornaldasoficinas.com\\\/pt\\\/cga-apresenta-nova-rede-autopartner-em-portugal\\\/#primaryimage\"},\"thumbnailUrl\":\"https:\\\/\\\/jornaldasoficinas.com\\\/pt\\\/wp-content\\\/uploads\\\/2025\\\/06\\\/CGA-apresenta-nova-rede-AutoPartner-em-Portugal.jpg\",\"datePublished\":\"2025-06-02T13:00:26+00:00\",\"description\":\"A Conven\u00e7\u00e3o CGA 2025 reuniu em Sarago\u00e7a mais de mil pessoas para apresentar a nova rede AutoPartner em Portugal\",\"breadcrumb\":{\"@id\":\"https:\\\/\\\/jornaldasoficinas.com\\\/pt\\\/cga-apresenta-nova-rede-autopartner-em-portugal\\\/#breadcrumb\"},\"inLanguage\":\"pt-PT\",\"potentialAction\":[{\"@type\":\"ReadAction\",\"target\":[\"https:\\\/\\\/jornaldasoficinas.com\\\/pt\\\/cga-apresenta-nova-rede-autopartner-em-portugal\\\/\"]}]},{\"@type\":\"ImageObject\",\"inLanguage\":\"pt-PT\",\"@id\":\"https:\\\/\\\/jornaldasoficinas.com\\\/pt\\\/cga-apresenta-nova-rede-autopartner-em-portugal\\\/#primaryimage\",\"url\":\"https:\\\/\\\/jornaldasoficinas.com\\\/pt\\\/wp-content\\\/uploads\\\/2025\\\/06\\\/CGA-apresenta-nova-rede-AutoPartner-em-Portugal.jpg\",\"contentUrl\":\"https:\\\/\\\/jornaldasoficinas.com\\\/pt\\\/wp-content\\\/uploads\\\/2025\\\/06\\\/CGA-apresenta-nova-rede-AutoPartner-em-Portugal.jpg\",\"width\":1024,\"height\":581,\"caption\":\"06 - CGA apresenta nova rede AutoPartner em Portugal\"},{\"@type\":\"BreadcrumbList\",\"@id\":\"https:\\\/\\\/jornaldasoficinas.com\\\/pt\\\/cga-apresenta-nova-rede-autopartner-em-portugal\\\/#breadcrumb\",\"itemListElement\":[{\"@type\":\"ListItem\",\"position\":1,\"name\":\"In\u00edcio\",\"item\":\"https:\\\/\\\/jornaldasoficinas.com\\\/pt\\\/\"},{\"@type\":\"ListItem\",\"position\":2,\"name\":\"CGA apresenta nova rede AutoPartner em Portugal\"}]},{\"@type\":\"WebSite\",\"@id\":\"https:\\\/\\\/jornaldasoficinas.com\\\/pt\\\/#website\",\"url\":\"https:\\\/\\\/jornaldasoficinas.com\\\/pt\\\/\",\"name\":\"Jornal das Oficinas\",\"description\":\"Jornal independente do Aftermarket Autom\u00f3vel em Portugal\",\"publisher\":{\"@id\":\"https:\\\/\\\/jornaldasoficinas.com\\\/pt\\\/#organization\"},\"potentialAction\":[{\"@type\":\"SearchAction\",\"target\":{\"@type\":\"EntryPoint\",\"urlTemplate\":\"https:\\\/\\\/jornaldasoficinas.com\\\/pt\\\/?s={search_term_string}\"},\"query-input\":{\"@type\":\"PropertyValueSpecification\",\"valueRequired\":true,\"valueName\":\"search_term_string\"}}],\"inLanguage\":\"pt-PT\"},{\"@type\":\"Organization\",\"@id\":\"https:\\\/\\\/jornaldasoficinas.com\\\/pt\\\/#organization\",\"name\":\"Jornal das Oficinas\",\"url\":\"https:\\\/\\\/jornaldasoficinas.com\\\/pt\\\/\",\"logo\":{\"@type\":\"ImageObject\",\"inLanguage\":\"pt-PT\",\"@id\":\"https:\\\/\\\/jornaldasoficinas.com\\\/pt\\\/#\\\/schema\\\/logo\\\/image\\\/\",\"url\":\"https:\\\/\\\/jornaldasoficinas.com\\\/pt\\\/wp-content\\\/uploads\\\/logoJO-SEO.png\",\"contentUrl\":\"https:\\\/\\\/jornaldasoficinas.com\\\/pt\\\/wp-content\\\/uploads\\\/logoJO-SEO.png\",\"width\":285,\"height\":450,\"caption\":\"Jornal das Oficinas\"},\"image\":{\"@id\":\"https:\\\/\\\/jornaldasoficinas.com\\\/pt\\\/#\\\/schema\\\/logo\\\/image\\\/\"},\"sameAs\":[\"https:\\\/\\\/www.facebook.com\\\/jornaloficinas\",\"https:\\\/\\\/x.com\\\/jornaloficinas\",\"https:\\\/\\\/www.instagram.com\\\/jornal_oficinas\\\/\",\"https:\\\/\\\/www.linkedin.com\\\/company\\\/jornal-das-oficinas\\\/\",\"https:\\\/\\\/www.youtube.com\\\/channel\\\/UCbQZBqtcvV-oSQrr7RzINGg\"]},{\"@type\":\"Person\",\"@id\":\"https:\\\/\\\/jornaldasoficinas.com\\\/pt\\\/#\\\/schema\\\/person\\\/a38eef5de2c41d9e7c9ac10141afddf3\",\"name\":\"Reda\u00e7\u00e3o JO\",\"image\":{\"@type\":\"ImageObject\",\"inLanguage\":\"pt-PT\",\"@id\":\"https:\\\/\\\/secure.gravatar.com\\\/avatar\\\/71f2fa71737ad68a84fea94bc708ddac8ea5b0c4788dc2ad202f3ccb2887742f?s=96&d=wp_user_avatar&r=g\",\"url\":\"https:\\\/\\\/secure.gravatar.com\\\/avatar\\\/71f2fa71737ad68a84fea94bc708ddac8ea5b0c4788dc2ad202f3ccb2887742f?s=96&d=wp_user_avatar&r=g\",\"contentUrl\":\"https:\\\/\\\/secure.gravatar.com\\\/avatar\\\/71f2fa71737ad68a84fea94bc708ddac8ea5b0c4788dc2ad202f3ccb2887742f?s=96&d=wp_user_avatar&r=g\",\"caption\":\"Reda\u00e7\u00e3o JO\"},\"url\":\"https:\\\/\\\/jornaldasoficinas.com\\\/pt\\\/author\\\/joredacao\\\/\"}]}<\/script>\n<!-- \/ Yoast SEO plugin. -->","yoast_head_json":{"title":"CGA apresenta nova rede AutoPartner em Portugal - Jornal das Oficinas","description":"A Conven\u00e7\u00e3o CGA 2025 reuniu em Sarago\u00e7a mais de mil pessoas para apresentar a nova rede AutoPartner em Portugal","robots":{"index":"index","follow":"follow","max-snippet":"max-snippet:-1","max-image-preview":"max-image-preview:large","max-video-preview":"max-video-preview:-1"},"canonical":"https:\/\/jornaldasoficinas.com\/pt\/cga-apresenta-nova-rede-autopartner-em-portugal\/","og_locale":"pt_PT","og_type":"article","og_title":"CGA apresenta nova rede AutoPartner em Portugal - Jornal das Oficinas","og_description":"A Conven\u00e7\u00e3o CGA 2025 reuniu em Sarago\u00e7a mais de mil pessoas para apresentar a nova rede AutoPartner em Portugal","og_url":"https:\/\/jornaldasoficinas.com\/pt\/cga-apresenta-nova-rede-autopartner-em-portugal\/","og_site_name":"Jornal das Oficinas","article_publisher":"https:\/\/www.facebook.com\/jornaloficinas","article_published_time":"2025-06-02T13:00:26+00:00","og_image":[{"width":1024,"height":581,"url":"https:\/\/jornaldasoficinas.com\/pt\/wp-content\/uploads\/2025\/06\/CGA-apresenta-nova-rede-AutoPartner-em-Portugal.jpg","type":"image\/jpeg"}],"author":"Reda\u00e7\u00e3o JO","twitter_card":"summary_large_image","twitter_creator":"@jornaloficinas","twitter_site":"@jornaloficinas","twitter_misc":{"Escrito por":"Reda\u00e7\u00e3o JO","Tempo estimado de leitura":"7 minutos"},"schema":{"@context":"https:\/\/schema.org","@graph":[{"@type":"Article","@id":"https:\/\/jornaldasoficinas.com\/pt\/cga-apresenta-nova-rede-autopartner-em-portugal\/#article","isPartOf":{"@id":"https:\/\/jornaldasoficinas.com\/pt\/cga-apresenta-nova-rede-autopartner-em-portugal\/"},"author":{"name":"Reda\u00e7\u00e3o JO","@id":"https:\/\/jornaldasoficinas.com\/pt\/#\/schema\/person\/a38eef5de2c41d9e7c9ac10141afddf3"},"headline":"CGA apresenta nova rede AutoPartner em Portugal","datePublished":"2025-06-02T13:00:26+00:00","mainEntityOfPage":{"@id":"https:\/\/jornaldasoficinas.com\/pt\/cga-apresenta-nova-rede-autopartner-em-portugal\/"},"wordCount":1228,"publisher":{"@id":"https:\/\/jornaldasoficinas.com\/pt\/#organization"},"image":{"@id":"https:\/\/jornaldasoficinas.com\/pt\/cga-apresenta-nova-rede-autopartner-em-portugal\/#primaryimage"},"thumbnailUrl":"https:\/\/jornaldasoficinas.com\/pt\/wp-content\/uploads\/2025\/06\/CGA-apresenta-nova-rede-AutoPartner-em-Portugal.jpg","keywords":["AutoPartner","CGA","Conven\u00e7\u00e3o CGA 2025","Evento","mercado iberico","nova rede","Oficinas","Sustentabilidade"],"articleSection":["Empresas"],"inLanguage":"pt-PT"},{"@type":"WebPage","@id":"https:\/\/jornaldasoficinas.com\/pt\/cga-apresenta-nova-rede-autopartner-em-portugal\/","url":"https:\/\/jornaldasoficinas.com\/pt\/cga-apresenta-nova-rede-autopartner-em-portugal\/","name":"CGA apresenta nova rede AutoPartner em Portugal - Jornal das Oficinas","isPartOf":{"@id":"https:\/\/jornaldasoficinas.com\/pt\/#website"},"primaryImageOfPage":{"@id":"https:\/\/jornaldasoficinas.com\/pt\/cga-apresenta-nova-rede-autopartner-em-portugal\/#primaryimage"},"image":{"@id":"https:\/\/jornaldasoficinas.com\/pt\/cga-apresenta-nova-rede-autopartner-em-portugal\/#primaryimage"},"thumbnailUrl":"https:\/\/jornaldasoficinas.com\/pt\/wp-content\/uploads\/2025\/06\/CGA-apresenta-nova-rede-AutoPartner-em-Portugal.jpg","datePublished":"2025-06-02T13:00:26+00:00","description":"A Conven\u00e7\u00e3o CGA 2025 reuniu em Sarago\u00e7a mais de mil pessoas para apresentar a nova rede AutoPartner em Portugal","breadcrumb":{"@id":"https:\/\/jornaldasoficinas.com\/pt\/cga-apresenta-nova-rede-autopartner-em-portugal\/#breadcrumb"},"inLanguage":"pt-PT","potentialAction":[{"@type":"ReadAction","target":["https:\/\/jornaldasoficinas.com\/pt\/cga-apresenta-nova-rede-autopartner-em-portugal\/"]}]},{"@type":"ImageObject","inLanguage":"pt-PT","@id":"https:\/\/jornaldasoficinas.com\/pt\/cga-apresenta-nova-rede-autopartner-em-portugal\/#primaryimage","url":"https:\/\/jornaldasoficinas.com\/pt\/wp-content\/uploads\/2025\/06\/CGA-apresenta-nova-rede-AutoPartner-em-Portugal.jpg","contentUrl":"https:\/\/jornaldasoficinas.com\/pt\/wp-content\/uploads\/2025\/06\/CGA-apresenta-nova-rede-AutoPartner-em-Portugal.jpg","width":1024,"height":581,"caption":"06 - CGA apresenta nova rede AutoPartner em Portugal"},{"@type":"BreadcrumbList","@id":"https:\/\/jornaldasoficinas.com\/pt\/cga-apresenta-nova-rede-autopartner-em-portugal\/#breadcrumb","itemListElement":[{"@type":"ListItem","position":1,"name":"In\u00edcio","item":"https:\/\/jornaldasoficinas.com\/pt\/"},{"@type":"ListItem","position":2,"name":"CGA apresenta nova rede AutoPartner em Portugal"}]},{"@type":"WebSite","@id":"https:\/\/jornaldasoficinas.com\/pt\/#website","url":"https:\/\/jornaldasoficinas.com\/pt\/","name":"Jornal das Oficinas","description":"Jornal independente do Aftermarket Autom\u00f3vel em Portugal","publisher":{"@id":"https:\/\/jornaldasoficinas.com\/pt\/#organization"},"potentialAction":[{"@type":"SearchAction","target":{"@type":"EntryPoint","urlTemplate":"https:\/\/jornaldasoficinas.com\/pt\/?s={search_term_string}"},"query-input":{"@type":"PropertyValueSpecification","valueRequired":true,"valueName":"search_term_string"}}],"inLanguage":"pt-PT"},{"@type":"Organization","@id":"https:\/\/jornaldasoficinas.com\/pt\/#organization","name":"Jornal das Oficinas","url":"https:\/\/jornaldasoficinas.com\/pt\/","logo":{"@type":"ImageObject","inLanguage":"pt-PT","@id":"https:\/\/jornaldasoficinas.com\/pt\/#\/schema\/logo\/image\/","url":"https:\/\/jornaldasoficinas.com\/pt\/wp-content\/uploads\/logoJO-SEO.png","contentUrl":"https:\/\/jornaldasoficinas.com\/pt\/wp-content\/uploads\/logoJO-SEO.png","width":285,"height":450,"caption":"Jornal das Oficinas"},"image":{"@id":"https:\/\/jornaldasoficinas.com\/pt\/#\/schema\/logo\/image\/"},"sameAs":["https:\/\/www.facebook.com\/jornaloficinas","https:\/\/x.com\/jornaloficinas","https:\/\/www.instagram.com\/jornal_oficinas\/","https:\/\/www.linkedin.com\/company\/jornal-das-oficinas\/","https:\/\/www.youtube.com\/channel\/UCbQZBqtcvV-oSQrr7RzINGg"]},{"@type":"Person","@id":"https:\/\/jornaldasoficinas.com\/pt\/#\/schema\/person\/a38eef5de2c41d9e7c9ac10141afddf3","name":"Reda\u00e7\u00e3o JO","image":{"@type":"ImageObject","inLanguage":"pt-PT","@id":"https:\/\/secure.gravatar.com\/avatar\/71f2fa71737ad68a84fea94bc708ddac8ea5b0c4788dc2ad202f3ccb2887742f?s=96&d=wp_user_avatar&r=g","url":"https:\/\/secure.gravatar.com\/avatar\/71f2fa71737ad68a84fea94bc708ddac8ea5b0c4788dc2ad202f3ccb2887742f?s=96&d=wp_user_avatar&r=g","contentUrl":"https:\/\/secure.gravatar.com\/avatar\/71f2fa71737ad68a84fea94bc708ddac8ea5b0c4788dc2ad202f3ccb2887742f?s=96&d=wp_user_avatar&r=g","caption":"Reda\u00e7\u00e3o JO"},"url":"https:\/\/jornaldasoficinas.com\/pt\/author\/joredacao\/"}]}},"_links":{"self":[{"href":"https:\/\/jornaldasoficinas.com\/pt\/wp-json\/wp\/v2\/posts\/102731","targetHints":{"allow":["GET"]}}],"collection":[{"href":"https:\/\/jornaldasoficinas.com\/pt\/wp-json\/wp\/v2\/posts"}],"about":[{"href":"https:\/\/jornaldasoficinas.com\/pt\/wp-json\/wp\/v2\/types\/post"}],"author":[{"embeddable":true,"href":"https:\/\/jornaldasoficinas.com\/pt\/wp-json\/wp\/v2\/users\/15"}],"replies":[{"embeddable":true,"href":"https:\/\/jornaldasoficinas.com\/pt\/wp-json\/wp\/v2\/comments?post=102731"}],"version-history":[{"count":4,"href":"https:\/\/jornaldasoficinas.com\/pt\/wp-json\/wp\/v2\/posts\/102731\/revisions"}],"predecessor-version":[{"id":102737,"href":"https:\/\/jornaldasoficinas.com\/pt\/wp-json\/wp\/v2\/posts\/102731\/revisions\/102737"}],"wp:featuredmedia":[{"embeddable":true,"href":"https:\/\/jornaldasoficinas.com\/pt\/wp-json\/wp\/v2\/media\/102736"}],"wp:attachment":[{"href":"https:\/\/jornaldasoficinas.com\/pt\/wp-json\/wp\/v2\/media?parent=102731"}],"wp:term":[{"taxonomy":"category","embeddable":true,"href":"https:\/\/jornaldasoficinas.com\/pt\/wp-json\/wp\/v2\/categories?post=102731"},{"taxonomy":"post_tag","embeddable":true,"href":"https:\/\/jornaldasoficinas.com\/pt\/wp-json\/wp\/v2\/tags?post=102731"}],"curies":[{"name":"wp","href":"https:\/\/api.w.org\/{rel}","templated":true}]}}