{"id":10277,"date":"2020-03-02T11:19:53","date_gmt":"2020-03-02T11:19:53","guid":{"rendered":"https:\/\/jornaldasoficinas.com\/pt\/?p=10277"},"modified":"2023-07-20T16:15:16","modified_gmt":"2023-07-20T15:15:16","slug":"man-lions-city-e-vence-if-design-award","status":"publish","type":"post","link":"https:\/\/jornaldasoficinas.com\/pt\/man-lions-city-e-vence-if-design-award\/","title":{"rendered":"MAN Lion&#8217;s City E vence iF Design Award"},"content":{"rendered":"<p><img loading=\"lazy\" decoding=\"async\" class=\"alignnone size-full wp-image-10276\" src=\"https:\/\/jornaldasoficinas.com\/pt\/wp-content\/uploads\/2020\/03\/P_Bus_EOT_LionsCity_2018-03.jpg\" alt=\"03 - P_Bus_EOT_LionsCity_2018-03\" width=\"1024\" height=\"581\" srcset=\"https:\/\/jornaldasoficinas.com\/pt\/wp-content\/uploads\/2020\/03\/P_Bus_EOT_LionsCity_2018-03.jpg 1024w, https:\/\/jornaldasoficinas.com\/pt\/wp-content\/uploads\/2020\/03\/P_Bus_EOT_LionsCity_2018-03-300x170.jpg 300w, https:\/\/jornaldasoficinas.com\/pt\/wp-content\/uploads\/2020\/03\/P_Bus_EOT_LionsCity_2018-03-150x85.jpg 150w, https:\/\/jornaldasoficinas.com\/pt\/wp-content\/uploads\/2020\/03\/P_Bus_EOT_LionsCity_2018-03-768x436.jpg 768w\" sizes=\"auto, (max-width: 1024px) 100vw, 1024px\" \/><\/p>\n<p><strong>78 especialistas internacionais em <em>design<\/em> de mais de 20 pa\u00edses escolheram os vencedores do iF Design Award deste ano, de um total de 7.298 inscri\u00e7\u00f5es de 56 pa\u00edses.<\/strong><\/p>\n<p>O painel de jurados tamb\u00e9m reconheceu realiza\u00e7\u00f5es not\u00e1veis em <em>design<\/em> com um pr\u00e9mio particularmente especial: o iF Gold.<\/p>\n<p>Na categoria &#8220;Autom\u00f3vel\/Ve\u00edculo\/Bicicleta&#8221;, o <em>design<\/em> da MAN Lion&#8217;s City E conquistou os especialistas para ganhar o cobi\u00e7ado pr\u00e9mio. Os vencedores ser\u00e3o homenageados numa cerim\u00f3nia em Berlim, agendada para o pr\u00f3ximo dia 4 de maio.<\/p>\n<p>Pode dizer-se que o MAN Lion&#8217;s City E totalmente el\u00e9trico pertence \u00e0 nova fam\u00edlia de ve\u00edculos MAN Lion City. O <em>design<\/em> Smart Edge confere-lhe um toque atraente ao percorrer a cidade. Al\u00e9m disso, elementos de <em>design<\/em> independentes enfatizam o recurso especial do ve\u00edculo: a tecnologia de propuls\u00e3o el\u00e9trica.<\/p>\n<p>O que anuncia ser particularmente atraente \u00e9 o <em>design<\/em> exterior e a estrutura do telhado bem proporcionada. Em termos de altura do ve\u00edculo, este \u00faltimo torna o autocarro menos imponente, dando-lhe uma apar\u00eancia din\u00e2mica.<\/p>\n<p>Uma caracter\u00edstica do interior do ve\u00edculo \u00e9 a otimizada \u00e1rea de estar na zona traseira, resultante da omiss\u00e3o da torre do motor. Os <em>designers<\/em> usaram a sua liberdade criativa para adotar condi\u00e7\u00f5es de luz mais atraentes e instalar at\u00e9 quatro assentos adicionais.<\/p>\n<p>Os j\u00faris reconheceram o <em>design<\/em> ergon\u00f3mico e esteticamente agrad\u00e1vel do autocarro el\u00e9trico, que \u00e9 claro e consistente at\u00e9 aos \u00ednfimos detalhes.<\/p>\n<p>Segundo comunicado enviado \u00e0 nossa reda\u00e7\u00e3o, o painel de jurados de <em>design<\/em> do F\u00f3rum Internacional da iF declarou que, &#8220;em rela\u00e7\u00e3o ao exterior do ve\u00edculo, fic\u00e1mos impressionados com a dianteira, com os far\u00f3is espec\u00edficos da marca, e com o interior do ve\u00edculo, caracterizado por materiais brilhantes de alta qualidade e esquema de cores moderno que se reflete at\u00e9 nos detalhes mais pequenos&#8221;.<\/p>\n<p>No entanto, o MAN Lion\u2019s City E, que foi apresentado ao p\u00fablico no sal\u00e3o de ve\u00edculos comerciais IAA 2018, tem muito mais para oferecer al\u00e9m do <em>design<\/em>. Gra\u00e7as ao seu conceito geral bem concebido, este autocarro el\u00e9trico, com tecnologia de c\u00e9lulas de bateria testada e comprovada, potencia as empresas de transporte a entrarem no mercado da mobilidade el\u00e9trica.<\/p>\n<p>A vers\u00e3o de 12 metros do Lion&#8217;s City E tem espa\u00e7o para at\u00e9 88 passageiros. A linha de transmiss\u00e3o, totalmente el\u00e9trica, produz entre 160 kW e u240 kW. A energia prov\u00e9m das baterias modulares com 480 kWh de capacidade instalada.<\/p>\n<p>O Lion&#8217;s City E atinge, de forma confi\u00e1vel, uma autonomia de 200 km durante toda a vida \u00fatil das baterias e at\u00e9 270 km em condi\u00e7\u00f5es favor\u00e1veis. A terminar, refira-se que este \u00e9 o quinto ano consecutivo que a <a href=\"https:\/\/www.corporate.man.eu\/en\/index.html\" target=\"_blank\" rel=\"noopener noreferrer\">MAN<\/a> vence o iF Design Award.<\/p>\n","protected":false},"excerpt":{"rendered":"<p>78 especialistas internacionais em design de&#8230;<\/p>\n","protected":false},"author":15,"featured_media":10276,"comment_status":"closed","ping_status":"closed","sticky":false,"template":"","format":"standard","meta":{"footnotes":""},"categories":[29],"tags":[1707,1706,430],"class_list":["post-10277","post","type-post","status-publish","format-standard","has-post-thumbnail","hentry","category-empresas","tag-if-design-award","tag-man-lions-city-e","tag-man-truck-bus"],"yoast_head":"<!-- This site is optimized with the Yoast SEO plugin v27.4 - https:\/\/yoast.com\/product\/yoast-seo-wordpress\/ -->\n<title>MAN Lion&#039;s City E vence iF Design Award - Jornal das Oficinas<\/title>\n<meta name=\"robots\" content=\"index, follow, max-snippet:-1, max-image-preview:large, max-video-preview:-1\" \/>\n<link rel=\"canonical\" href=\"https:\/\/jornaldasoficinas.com\/pt\/man-lions-city-e-vence-if-design-award\/\" \/>\n<meta property=\"og:locale\" content=\"pt_PT\" \/>\n<meta property=\"og:type\" content=\"article\" \/>\n<meta property=\"og:title\" content=\"MAN Lion&#039;s City E vence iF Design Award - Jornal das Oficinas\" \/>\n<meta property=\"og:description\" content=\"78 especialistas internacionais em design de...\" \/>\n<meta property=\"og:url\" content=\"https:\/\/jornaldasoficinas.com\/pt\/man-lions-city-e-vence-if-design-award\/\" \/>\n<meta property=\"og:site_name\" content=\"Jornal das Oficinas\" \/>\n<meta property=\"article:publisher\" content=\"https:\/\/www.facebook.com\/jornaloficinas\" \/>\n<meta property=\"article:published_time\" content=\"2020-03-02T11:19:53+00:00\" \/>\n<meta property=\"article:modified_time\" content=\"2023-07-20T15:15:16+00:00\" \/>\n<meta property=\"og:image\" content=\"https:\/\/jornaldasoficinas.com\/pt\/wp-content\/uploads\/2020\/03\/P_Bus_EOT_LionsCity_2018-03.jpg\" \/>\n\t<meta property=\"og:image:width\" content=\"1024\" \/>\n\t<meta property=\"og:image:height\" content=\"581\" \/>\n\t<meta property=\"og:image:type\" content=\"image\/jpeg\" \/>\n<meta name=\"author\" content=\"Reda\u00e7\u00e3o JO\" \/>\n<meta name=\"twitter:card\" content=\"summary_large_image\" \/>\n<meta name=\"twitter:creator\" content=\"@jornaloficinas\" \/>\n<meta name=\"twitter:site\" content=\"@jornaloficinas\" \/>\n<meta name=\"twitter:label1\" content=\"Escrito por\" \/>\n\t<meta name=\"twitter:data1\" content=\"Reda\u00e7\u00e3o JO\" \/>\n\t<meta name=\"twitter:label2\" content=\"Tempo estimado de leitura\" \/>\n\t<meta name=\"twitter:data2\" content=\"2 minutos\" \/>\n<script type=\"application\/ld+json\" class=\"yoast-schema-graph\">{\"@context\":\"https:\\\/\\\/schema.org\",\"@graph\":[{\"@type\":\"Article\",\"@id\":\"https:\\\/\\\/jornaldasoficinas.com\\\/pt\\\/man-lions-city-e-vence-if-design-award\\\/#article\",\"isPartOf\":{\"@id\":\"https:\\\/\\\/jornaldasoficinas.com\\\/pt\\\/man-lions-city-e-vence-if-design-award\\\/\"},\"author\":{\"name\":\"Reda\u00e7\u00e3o JO\",\"@id\":\"https:\\\/\\\/jornaldasoficinas.com\\\/pt\\\/#\\\/schema\\\/person\\\/a38eef5de2c41d9e7c9ac10141afddf3\"},\"headline\":\"MAN Lion&#8217;s City E vence iF Design Award\",\"datePublished\":\"2020-03-02T11:19:53+00:00\",\"dateModified\":\"2023-07-20T15:15:16+00:00\",\"mainEntityOfPage\":{\"@id\":\"https:\\\/\\\/jornaldasoficinas.com\\\/pt\\\/man-lions-city-e-vence-if-design-award\\\/\"},\"wordCount\":484,\"publisher\":{\"@id\":\"https:\\\/\\\/jornaldasoficinas.com\\\/pt\\\/#organization\"},\"image\":{\"@id\":\"https:\\\/\\\/jornaldasoficinas.com\\\/pt\\\/man-lions-city-e-vence-if-design-award\\\/#primaryimage\"},\"thumbnailUrl\":\"https:\\\/\\\/jornaldasoficinas.com\\\/pt\\\/wp-content\\\/uploads\\\/2020\\\/03\\\/P_Bus_EOT_LionsCity_2018-03.jpg\",\"keywords\":[\"iF Design Award\",\"MAN Lion's City E\",\"MAN Truck &amp; Bus\"],\"articleSection\":[\"Empresas\"],\"inLanguage\":\"pt-PT\"},{\"@type\":\"WebPage\",\"@id\":\"https:\\\/\\\/jornaldasoficinas.com\\\/pt\\\/man-lions-city-e-vence-if-design-award\\\/\",\"url\":\"https:\\\/\\\/jornaldasoficinas.com\\\/pt\\\/man-lions-city-e-vence-if-design-award\\\/\",\"name\":\"MAN Lion's City E vence iF Design Award - Jornal das Oficinas\",\"isPartOf\":{\"@id\":\"https:\\\/\\\/jornaldasoficinas.com\\\/pt\\\/#website\"},\"primaryImageOfPage\":{\"@id\":\"https:\\\/\\\/jornaldasoficinas.com\\\/pt\\\/man-lions-city-e-vence-if-design-award\\\/#primaryimage\"},\"image\":{\"@id\":\"https:\\\/\\\/jornaldasoficinas.com\\\/pt\\\/man-lions-city-e-vence-if-design-award\\\/#primaryimage\"},\"thumbnailUrl\":\"https:\\\/\\\/jornaldasoficinas.com\\\/pt\\\/wp-content\\\/uploads\\\/2020\\\/03\\\/P_Bus_EOT_LionsCity_2018-03.jpg\",\"datePublished\":\"2020-03-02T11:19:53+00:00\",\"dateModified\":\"2023-07-20T15:15:16+00:00\",\"breadcrumb\":{\"@id\":\"https:\\\/\\\/jornaldasoficinas.com\\\/pt\\\/man-lions-city-e-vence-if-design-award\\\/#breadcrumb\"},\"inLanguage\":\"pt-PT\",\"potentialAction\":[{\"@type\":\"ReadAction\",\"target\":[\"https:\\\/\\\/jornaldasoficinas.com\\\/pt\\\/man-lions-city-e-vence-if-design-award\\\/\"]}]},{\"@type\":\"ImageObject\",\"inLanguage\":\"pt-PT\",\"@id\":\"https:\\\/\\\/jornaldasoficinas.com\\\/pt\\\/man-lions-city-e-vence-if-design-award\\\/#primaryimage\",\"url\":\"https:\\\/\\\/jornaldasoficinas.com\\\/pt\\\/wp-content\\\/uploads\\\/2020\\\/03\\\/P_Bus_EOT_LionsCity_2018-03.jpg\",\"contentUrl\":\"https:\\\/\\\/jornaldasoficinas.com\\\/pt\\\/wp-content\\\/uploads\\\/2020\\\/03\\\/P_Bus_EOT_LionsCity_2018-03.jpg\",\"width\":1024,\"height\":581,\"caption\":\"03 - P_Bus_EOT_LionsCity_2018-03\"},{\"@type\":\"BreadcrumbList\",\"@id\":\"https:\\\/\\\/jornaldasoficinas.com\\\/pt\\\/man-lions-city-e-vence-if-design-award\\\/#breadcrumb\",\"itemListElement\":[{\"@type\":\"ListItem\",\"position\":1,\"name\":\"In\u00edcio\",\"item\":\"https:\\\/\\\/jornaldasoficinas.com\\\/pt\\\/\"},{\"@type\":\"ListItem\",\"position\":2,\"name\":\"MAN Lion&#8217;s City E vence iF Design Award\"}]},{\"@type\":\"WebSite\",\"@id\":\"https:\\\/\\\/jornaldasoficinas.com\\\/pt\\\/#website\",\"url\":\"https:\\\/\\\/jornaldasoficinas.com\\\/pt\\\/\",\"name\":\"Jornal das Oficinas\",\"description\":\"Jornal independente do Aftermarket Autom\u00f3vel em Portugal\",\"publisher\":{\"@id\":\"https:\\\/\\\/jornaldasoficinas.com\\\/pt\\\/#organization\"},\"potentialAction\":[{\"@type\":\"SearchAction\",\"target\":{\"@type\":\"EntryPoint\",\"urlTemplate\":\"https:\\\/\\\/jornaldasoficinas.com\\\/pt\\\/?s={search_term_string}\"},\"query-input\":{\"@type\":\"PropertyValueSpecification\",\"valueRequired\":true,\"valueName\":\"search_term_string\"}}],\"inLanguage\":\"pt-PT\"},{\"@type\":\"Organization\",\"@id\":\"https:\\\/\\\/jornaldasoficinas.com\\\/pt\\\/#organization\",\"name\":\"Jornal das Oficinas\",\"url\":\"https:\\\/\\\/jornaldasoficinas.com\\\/pt\\\/\",\"logo\":{\"@type\":\"ImageObject\",\"inLanguage\":\"pt-PT\",\"@id\":\"https:\\\/\\\/jornaldasoficinas.com\\\/pt\\\/#\\\/schema\\\/logo\\\/image\\\/\",\"url\":\"https:\\\/\\\/jornaldasoficinas.com\\\/pt\\\/wp-content\\\/uploads\\\/logoJO-SEO.png\",\"contentUrl\":\"https:\\\/\\\/jornaldasoficinas.com\\\/pt\\\/wp-content\\\/uploads\\\/logoJO-SEO.png\",\"width\":285,\"height\":450,\"caption\":\"Jornal das Oficinas\"},\"image\":{\"@id\":\"https:\\\/\\\/jornaldasoficinas.com\\\/pt\\\/#\\\/schema\\\/logo\\\/image\\\/\"},\"sameAs\":[\"https:\\\/\\\/www.facebook.com\\\/jornaloficinas\",\"https:\\\/\\\/x.com\\\/jornaloficinas\",\"https:\\\/\\\/www.instagram.com\\\/jornal_oficinas\\\/\",\"https:\\\/\\\/www.linkedin.com\\\/company\\\/jornal-das-oficinas\\\/\",\"https:\\\/\\\/www.youtube.com\\\/channel\\\/UCbQZBqtcvV-oSQrr7RzINGg\"]},{\"@type\":\"Person\",\"@id\":\"https:\\\/\\\/jornaldasoficinas.com\\\/pt\\\/#\\\/schema\\\/person\\\/a38eef5de2c41d9e7c9ac10141afddf3\",\"name\":\"Reda\u00e7\u00e3o JO\",\"image\":{\"@type\":\"ImageObject\",\"inLanguage\":\"pt-PT\",\"@id\":\"https:\\\/\\\/secure.gravatar.com\\\/avatar\\\/71f2fa71737ad68a84fea94bc708ddac8ea5b0c4788dc2ad202f3ccb2887742f?s=96&d=wp_user_avatar&r=g\",\"url\":\"https:\\\/\\\/secure.gravatar.com\\\/avatar\\\/71f2fa71737ad68a84fea94bc708ddac8ea5b0c4788dc2ad202f3ccb2887742f?s=96&d=wp_user_avatar&r=g\",\"contentUrl\":\"https:\\\/\\\/secure.gravatar.com\\\/avatar\\\/71f2fa71737ad68a84fea94bc708ddac8ea5b0c4788dc2ad202f3ccb2887742f?s=96&d=wp_user_avatar&r=g\",\"caption\":\"Reda\u00e7\u00e3o JO\"},\"url\":\"https:\\\/\\\/jornaldasoficinas.com\\\/pt\\\/author\\\/joredacao\\\/\"}]}<\/script>\n<!-- \/ Yoast SEO plugin. -->","yoast_head_json":{"title":"MAN Lion's City E vence iF Design Award - Jornal das Oficinas","robots":{"index":"index","follow":"follow","max-snippet":"max-snippet:-1","max-image-preview":"max-image-preview:large","max-video-preview":"max-video-preview:-1"},"canonical":"https:\/\/jornaldasoficinas.com\/pt\/man-lions-city-e-vence-if-design-award\/","og_locale":"pt_PT","og_type":"article","og_title":"MAN Lion's City E vence iF Design Award - Jornal das Oficinas","og_description":"78 especialistas internacionais em design de...","og_url":"https:\/\/jornaldasoficinas.com\/pt\/man-lions-city-e-vence-if-design-award\/","og_site_name":"Jornal das Oficinas","article_publisher":"https:\/\/www.facebook.com\/jornaloficinas","article_published_time":"2020-03-02T11:19:53+00:00","article_modified_time":"2023-07-20T15:15:16+00:00","og_image":[{"width":1024,"height":581,"url":"https:\/\/jornaldasoficinas.com\/pt\/wp-content\/uploads\/2020\/03\/P_Bus_EOT_LionsCity_2018-03.jpg","type":"image\/jpeg"}],"author":"Reda\u00e7\u00e3o JO","twitter_card":"summary_large_image","twitter_creator":"@jornaloficinas","twitter_site":"@jornaloficinas","twitter_misc":{"Escrito por":"Reda\u00e7\u00e3o JO","Tempo estimado de leitura":"2 minutos"},"schema":{"@context":"https:\/\/schema.org","@graph":[{"@type":"Article","@id":"https:\/\/jornaldasoficinas.com\/pt\/man-lions-city-e-vence-if-design-award\/#article","isPartOf":{"@id":"https:\/\/jornaldasoficinas.com\/pt\/man-lions-city-e-vence-if-design-award\/"},"author":{"name":"Reda\u00e7\u00e3o JO","@id":"https:\/\/jornaldasoficinas.com\/pt\/#\/schema\/person\/a38eef5de2c41d9e7c9ac10141afddf3"},"headline":"MAN Lion&#8217;s City E vence iF Design Award","datePublished":"2020-03-02T11:19:53+00:00","dateModified":"2023-07-20T15:15:16+00:00","mainEntityOfPage":{"@id":"https:\/\/jornaldasoficinas.com\/pt\/man-lions-city-e-vence-if-design-award\/"},"wordCount":484,"publisher":{"@id":"https:\/\/jornaldasoficinas.com\/pt\/#organization"},"image":{"@id":"https:\/\/jornaldasoficinas.com\/pt\/man-lions-city-e-vence-if-design-award\/#primaryimage"},"thumbnailUrl":"https:\/\/jornaldasoficinas.com\/pt\/wp-content\/uploads\/2020\/03\/P_Bus_EOT_LionsCity_2018-03.jpg","keywords":["iF Design Award","MAN Lion's City E","MAN Truck &amp; Bus"],"articleSection":["Empresas"],"inLanguage":"pt-PT"},{"@type":"WebPage","@id":"https:\/\/jornaldasoficinas.com\/pt\/man-lions-city-e-vence-if-design-award\/","url":"https:\/\/jornaldasoficinas.com\/pt\/man-lions-city-e-vence-if-design-award\/","name":"MAN Lion's City E vence iF Design Award - Jornal das Oficinas","isPartOf":{"@id":"https:\/\/jornaldasoficinas.com\/pt\/#website"},"primaryImageOfPage":{"@id":"https:\/\/jornaldasoficinas.com\/pt\/man-lions-city-e-vence-if-design-award\/#primaryimage"},"image":{"@id":"https:\/\/jornaldasoficinas.com\/pt\/man-lions-city-e-vence-if-design-award\/#primaryimage"},"thumbnailUrl":"https:\/\/jornaldasoficinas.com\/pt\/wp-content\/uploads\/2020\/03\/P_Bus_EOT_LionsCity_2018-03.jpg","datePublished":"2020-03-02T11:19:53+00:00","dateModified":"2023-07-20T15:15:16+00:00","breadcrumb":{"@id":"https:\/\/jornaldasoficinas.com\/pt\/man-lions-city-e-vence-if-design-award\/#breadcrumb"},"inLanguage":"pt-PT","potentialAction":[{"@type":"ReadAction","target":["https:\/\/jornaldasoficinas.com\/pt\/man-lions-city-e-vence-if-design-award\/"]}]},{"@type":"ImageObject","inLanguage":"pt-PT","@id":"https:\/\/jornaldasoficinas.com\/pt\/man-lions-city-e-vence-if-design-award\/#primaryimage","url":"https:\/\/jornaldasoficinas.com\/pt\/wp-content\/uploads\/2020\/03\/P_Bus_EOT_LionsCity_2018-03.jpg","contentUrl":"https:\/\/jornaldasoficinas.com\/pt\/wp-content\/uploads\/2020\/03\/P_Bus_EOT_LionsCity_2018-03.jpg","width":1024,"height":581,"caption":"03 - P_Bus_EOT_LionsCity_2018-03"},{"@type":"BreadcrumbList","@id":"https:\/\/jornaldasoficinas.com\/pt\/man-lions-city-e-vence-if-design-award\/#breadcrumb","itemListElement":[{"@type":"ListItem","position":1,"name":"In\u00edcio","item":"https:\/\/jornaldasoficinas.com\/pt\/"},{"@type":"ListItem","position":2,"name":"MAN Lion&#8217;s City E vence iF Design Award"}]},{"@type":"WebSite","@id":"https:\/\/jornaldasoficinas.com\/pt\/#website","url":"https:\/\/jornaldasoficinas.com\/pt\/","name":"Jornal das Oficinas","description":"Jornal independente do Aftermarket Autom\u00f3vel em Portugal","publisher":{"@id":"https:\/\/jornaldasoficinas.com\/pt\/#organization"},"potentialAction":[{"@type":"SearchAction","target":{"@type":"EntryPoint","urlTemplate":"https:\/\/jornaldasoficinas.com\/pt\/?s={search_term_string}"},"query-input":{"@type":"PropertyValueSpecification","valueRequired":true,"valueName":"search_term_string"}}],"inLanguage":"pt-PT"},{"@type":"Organization","@id":"https:\/\/jornaldasoficinas.com\/pt\/#organization","name":"Jornal das Oficinas","url":"https:\/\/jornaldasoficinas.com\/pt\/","logo":{"@type":"ImageObject","inLanguage":"pt-PT","@id":"https:\/\/jornaldasoficinas.com\/pt\/#\/schema\/logo\/image\/","url":"https:\/\/jornaldasoficinas.com\/pt\/wp-content\/uploads\/logoJO-SEO.png","contentUrl":"https:\/\/jornaldasoficinas.com\/pt\/wp-content\/uploads\/logoJO-SEO.png","width":285,"height":450,"caption":"Jornal das Oficinas"},"image":{"@id":"https:\/\/jornaldasoficinas.com\/pt\/#\/schema\/logo\/image\/"},"sameAs":["https:\/\/www.facebook.com\/jornaloficinas","https:\/\/x.com\/jornaloficinas","https:\/\/www.instagram.com\/jornal_oficinas\/","https:\/\/www.linkedin.com\/company\/jornal-das-oficinas\/","https:\/\/www.youtube.com\/channel\/UCbQZBqtcvV-oSQrr7RzINGg"]},{"@type":"Person","@id":"https:\/\/jornaldasoficinas.com\/pt\/#\/schema\/person\/a38eef5de2c41d9e7c9ac10141afddf3","name":"Reda\u00e7\u00e3o JO","image":{"@type":"ImageObject","inLanguage":"pt-PT","@id":"https:\/\/secure.gravatar.com\/avatar\/71f2fa71737ad68a84fea94bc708ddac8ea5b0c4788dc2ad202f3ccb2887742f?s=96&d=wp_user_avatar&r=g","url":"https:\/\/secure.gravatar.com\/avatar\/71f2fa71737ad68a84fea94bc708ddac8ea5b0c4788dc2ad202f3ccb2887742f?s=96&d=wp_user_avatar&r=g","contentUrl":"https:\/\/secure.gravatar.com\/avatar\/71f2fa71737ad68a84fea94bc708ddac8ea5b0c4788dc2ad202f3ccb2887742f?s=96&d=wp_user_avatar&r=g","caption":"Reda\u00e7\u00e3o JO"},"url":"https:\/\/jornaldasoficinas.com\/pt\/author\/joredacao\/"}]}},"_links":{"self":[{"href":"https:\/\/jornaldasoficinas.com\/pt\/wp-json\/wp\/v2\/posts\/10277","targetHints":{"allow":["GET"]}}],"collection":[{"href":"https:\/\/jornaldasoficinas.com\/pt\/wp-json\/wp\/v2\/posts"}],"about":[{"href":"https:\/\/jornaldasoficinas.com\/pt\/wp-json\/wp\/v2\/types\/post"}],"author":[{"embeddable":true,"href":"https:\/\/jornaldasoficinas.com\/pt\/wp-json\/wp\/v2\/users\/15"}],"replies":[{"embeddable":true,"href":"https:\/\/jornaldasoficinas.com\/pt\/wp-json\/wp\/v2\/comments?post=10277"}],"version-history":[{"count":0,"href":"https:\/\/jornaldasoficinas.com\/pt\/wp-json\/wp\/v2\/posts\/10277\/revisions"}],"wp:featuredmedia":[{"embeddable":true,"href":"https:\/\/jornaldasoficinas.com\/pt\/wp-json\/wp\/v2\/media\/10276"}],"wp:attachment":[{"href":"https:\/\/jornaldasoficinas.com\/pt\/wp-json\/wp\/v2\/media?parent=10277"}],"wp:term":[{"taxonomy":"category","embeddable":true,"href":"https:\/\/jornaldasoficinas.com\/pt\/wp-json\/wp\/v2\/categories?post=10277"},{"taxonomy":"post_tag","embeddable":true,"href":"https:\/\/jornaldasoficinas.com\/pt\/wp-json\/wp\/v2\/tags?post=10277"}],"curies":[{"name":"wp","href":"https:\/\/api.w.org\/{rel}","templated":true}]}}