{"id":102776,"date":"2025-06-03T14:00:46","date_gmt":"2025-06-03T13:00:46","guid":{"rendered":"https:\/\/jornaldasoficinas.com\/pt\/?p=102776"},"modified":"2025-06-03T09:57:13","modified_gmt":"2025-06-03T08:57:13","slug":"bosch-digital-fuel-twin-monitoriza-uso-de-combustiveis-sustentaveis","status":"publish","type":"post","link":"https:\/\/jornaldasoficinas.com\/pt\/bosch-digital-fuel-twin-monitoriza-uso-de-combustiveis-sustentaveis\/","title":{"rendered":"Bosch aposta em software para rastrear combust\u00edveis renov\u00e1veis"},"content":{"rendered":"<p><strong><img loading=\"lazy\" decoding=\"async\" class=\"alignnone size-full wp-image-102812\" src=\"https:\/\/jornaldasoficinas.com\/pt\/wp-content\/uploads\/2025\/06\/Bosch-lanca-software-para-rastrear-combustiveis-renovaveis.jpg\" alt=\"06 - Bosch lanca software para rastrear combustiveis renovaveis\" width=\"1024\" height=\"581\" srcset=\"https:\/\/jornaldasoficinas.com\/pt\/wp-content\/uploads\/2025\/06\/Bosch-lanca-software-para-rastrear-combustiveis-renovaveis.jpg 1024w, https:\/\/jornaldasoficinas.com\/pt\/wp-content\/uploads\/2025\/06\/Bosch-lanca-software-para-rastrear-combustiveis-renovaveis-300x170.jpg 300w, https:\/\/jornaldasoficinas.com\/pt\/wp-content\/uploads\/2025\/06\/Bosch-lanca-software-para-rastrear-combustiveis-renovaveis-150x85.jpg 150w, https:\/\/jornaldasoficinas.com\/pt\/wp-content\/uploads\/2025\/06\/Bosch-lanca-software-para-rastrear-combustiveis-renovaveis-768x436.jpg 768w\" sizes=\"auto, (max-width: 1024px) 100vw, 1024px\" \/><\/strong><\/p>\n<p><strong>A <a href=\"https:\/\/www.bosch.pt\/\" target=\"_blank\" rel=\"noopener\">Bosch<\/a> acaba de anunciar o desenvolvimento do Digital Fuel Twin, um software integrado nos ve\u00edculos que regista e comprova o uso de combust\u00edveis sint\u00e9ticos renov\u00e1veis<\/strong><\/p>\n<p>As frotas de ve\u00edculos s\u00e3o uma das principais respons\u00e1veis pelas emiss\u00f5es de di\u00f3xido de carbono, especialmente no setor dos transportes e log\u00edstica. A ado\u00e7\u00e3o de combust\u00edveis sint\u00e9ticos renov\u00e1veis pode reduzir significativamente a pegada de carbono \u2014 no entanto, documentar esta utiliza\u00e7\u00e3o de forma fi\u00e1vel para efeitos de relat\u00f3rios de sustentabilidade continua a ser um desafio.<\/p>\n<p>\u00c9 neste contexto que surge o Digital Fuel Twin da Bosch, uma solu\u00e7\u00e3o de software integrada no ve\u00edculo que regista e documenta o uso de combust\u00edveis amigos do ambiente, contribuindo para a redu\u00e7\u00e3o comprovada das emiss\u00f5es de carbono. De acordo com Thomas Pauer, presidente da divis\u00e3o Power Solutions da Bosch, &#8220;o Digital Fuel Twin da Bosch facilita \u00e0s empresas a comprova\u00e7\u00e3o de que est\u00e3o a utilizar combust\u00edveis sint\u00e9ticos renov\u00e1veis&#8221; e &#8220;fornece provas audit\u00e1veis das quantidades e da pegada de carbono do combust\u00edvel utilizado por ve\u00edculo, que depois podem ser usadas nos relat\u00f3rios&#8221;.<\/p>\n<p>A primeira utiliza\u00e7\u00e3o do sistema est\u00e1 a decorrer na iniciativa Tour d&#8217;Europe, onde uma frota de ve\u00edculos com motores de combust\u00e3o percorre v\u00e1rios pa\u00edses utilizando apenas combust\u00edveis sint\u00e9ticos renov\u00e1veis, adquiridos em postos p\u00fablicos.<\/p>\n<p>Se a Uni\u00e3o Europeia permitir a reclassifica\u00e7\u00e3o de ve\u00edculos com motor de combust\u00e3o como ve\u00edculos de emiss\u00f5es zero, sempre que estes utilizem exclusivamente combust\u00edveis sint\u00e9ticos renov\u00e1veis, o Digital Fuel Twin poder\u00e1 tornar-se numa ferramenta essencial para validar esta transi\u00e7\u00e3o. Esta decis\u00e3o poder\u00e1 ser revista ainda este ano.<\/p>\n<p>Segundo Thomas Pauer, os combust\u00edveis sint\u00e9ticos renov\u00e1veis devem integrar a solu\u00e7\u00e3o clim\u00e1tica no setor dos transportes. A meta da UE \u00e9 desincentivar economicamente os motores de combust\u00e3o at\u00e9 2035, mas solu\u00e7\u00f5es digitais como esta podem alterar esse cen\u00e1rio.<\/p>\n<p><strong>Registos digitais fi\u00e1veis e &#8220;aperto de m\u00e3o digital&#8221;<\/strong><\/p>\n<p>O Digital Fuel Twin permite o rastreamento completo das propriedades relevantes para o clima de um combust\u00edvel: desde a produ\u00e7\u00e3o e transporte at\u00e9 ao abastecimento e consumo no ve\u00edculo. Os dados s\u00e3o cruzados entre produtores, compradores, postos de abastecimento e o pr\u00f3prio ve\u00edculo. Um &#8220;aperto de m\u00e3o digital&#8221; entre o ve\u00edculo, o posto de combust\u00edvel e a cloud regista de forma segura e inalter\u00e1vel a quantidade e o tipo de combust\u00edvel utilizado, atrav\u00e9s de sistemas de gest\u00e3o de frotas e sensores.<\/p>\n<p>Estes dados s\u00e3o representados digitalmente como um g\u00e9meo virtual (digital twin) armazenado num espa\u00e7o de dados protegido na cloud. A solu\u00e7\u00e3o pode ser aplicada a autom\u00f3veis, cami\u00f5es, autocarros, ve\u00edculos de constru\u00e7\u00e3o e navios.<\/p>\n<p><strong>Testes e integra\u00e7\u00e3o futura<\/strong><\/p>\n<p>Atualmente em fase de testes com parceiros da cadeia de abastecimento e fabricantes de ve\u00edculos, o Digital Fuel Twin tem sido instalado retroativamente. No futuro, ser\u00e1 integrado diretamente na eletr\u00f3nica dos ve\u00edculos, como um m\u00f3dulo de software \u00e0 prova de manipula\u00e7\u00e3o.<\/p>\n<p>A Bosch prev\u00ea que a solu\u00e7\u00e3o esteja presente em ve\u00edculos de produ\u00e7\u00e3o j\u00e1 a partir de 2026, representando um avan\u00e7o significativo rumo \u00e0 sustentabilidade no setor autom\u00f3vel<\/p>\n","protected":false},"excerpt":{"rendered":"<p>A Bosch acaba de anunciar o&#8230;<\/p>\n","protected":false},"author":15,"featured_media":102812,"comment_status":"closed","ping_status":"closed","sticky":false,"template":"","format":"standard","meta":{"footnotes":""},"categories":[29],"tags":[123,4837,7834,7465,9921,11915,1767],"class_list":["post-102776","post","type-post","status-publish","format-standard","has-post-thumbnail","hentry","category-empresas","tag-bosch","tag-combustiveis-renovaveis","tag-lancamento","tag-novidade","tag-rastreamento","tag-software-integrados","tag-sustentabilidade"],"yoast_head":"<!-- This site is optimized with the Yoast SEO plugin v27.4 - https:\/\/yoast.com\/product\/yoast-seo-wordpress\/ -->\n<title>Bosch aposta em software para rastrear combust\u00edveis renov\u00e1veis - Jornal das Oficinas<\/title>\n<meta name=\"description\" content=\"A Bosch anunciou o desenvolvimento do Digital Fuel Twin, um software integrado nos ve\u00edculos que comprova o uso de combust\u00edveis renov\u00e1veis\" \/>\n<meta name=\"robots\" content=\"index, follow, max-snippet:-1, max-image-preview:large, max-video-preview:-1\" \/>\n<link rel=\"canonical\" href=\"https:\/\/jornaldasoficinas.com\/pt\/bosch-digital-fuel-twin-monitoriza-uso-de-combustiveis-sustentaveis\/\" \/>\n<meta property=\"og:locale\" content=\"pt_PT\" \/>\n<meta property=\"og:type\" content=\"article\" \/>\n<meta property=\"og:title\" content=\"Bosch aposta em software para rastrear combust\u00edveis renov\u00e1veis - Jornal das Oficinas\" \/>\n<meta property=\"og:description\" content=\"A Bosch anunciou o desenvolvimento do Digital Fuel Twin, um software integrado nos ve\u00edculos que comprova o uso de combust\u00edveis renov\u00e1veis\" \/>\n<meta property=\"og:url\" content=\"https:\/\/jornaldasoficinas.com\/pt\/bosch-digital-fuel-twin-monitoriza-uso-de-combustiveis-sustentaveis\/\" \/>\n<meta property=\"og:site_name\" content=\"Jornal das Oficinas\" \/>\n<meta property=\"article:publisher\" content=\"https:\/\/www.facebook.com\/jornaloficinas\" \/>\n<meta property=\"article:published_time\" content=\"2025-06-03T13:00:46+00:00\" \/>\n<meta property=\"og:image\" content=\"https:\/\/jornaldasoficinas.com\/pt\/wp-content\/uploads\/2025\/06\/Bosch-lanca-software-para-rastrear-combustiveis-renovaveis.jpg\" \/>\n\t<meta property=\"og:image:width\" content=\"1024\" \/>\n\t<meta property=\"og:image:height\" content=\"581\" \/>\n\t<meta property=\"og:image:type\" content=\"image\/jpeg\" \/>\n<meta name=\"author\" content=\"Reda\u00e7\u00e3o JO\" \/>\n<meta name=\"twitter:card\" content=\"summary_large_image\" \/>\n<meta name=\"twitter:creator\" content=\"@jornaloficinas\" \/>\n<meta name=\"twitter:site\" content=\"@jornaloficinas\" \/>\n<meta name=\"twitter:label1\" content=\"Escrito por\" \/>\n\t<meta name=\"twitter:data1\" content=\"Reda\u00e7\u00e3o JO\" \/>\n\t<meta name=\"twitter:label2\" content=\"Tempo estimado de leitura\" \/>\n\t<meta name=\"twitter:data2\" content=\"4 minutos\" \/>\n<script type=\"application\/ld+json\" class=\"yoast-schema-graph\">{\"@context\":\"https:\\\/\\\/schema.org\",\"@graph\":[{\"@type\":\"Article\",\"@id\":\"https:\\\/\\\/jornaldasoficinas.com\\\/pt\\\/bosch-digital-fuel-twin-monitoriza-uso-de-combustiveis-sustentaveis\\\/#article\",\"isPartOf\":{\"@id\":\"https:\\\/\\\/jornaldasoficinas.com\\\/pt\\\/bosch-digital-fuel-twin-monitoriza-uso-de-combustiveis-sustentaveis\\\/\"},\"author\":{\"name\":\"Reda\u00e7\u00e3o JO\",\"@id\":\"https:\\\/\\\/jornaldasoficinas.com\\\/pt\\\/#\\\/schema\\\/person\\\/a38eef5de2c41d9e7c9ac10141afddf3\"},\"headline\":\"Bosch aposta em software para rastrear combust\u00edveis renov\u00e1veis\",\"datePublished\":\"2025-06-03T13:00:46+00:00\",\"mainEntityOfPage\":{\"@id\":\"https:\\\/\\\/jornaldasoficinas.com\\\/pt\\\/bosch-digital-fuel-twin-monitoriza-uso-de-combustiveis-sustentaveis\\\/\"},\"wordCount\":583,\"publisher\":{\"@id\":\"https:\\\/\\\/jornaldasoficinas.com\\\/pt\\\/#organization\"},\"image\":{\"@id\":\"https:\\\/\\\/jornaldasoficinas.com\\\/pt\\\/bosch-digital-fuel-twin-monitoriza-uso-de-combustiveis-sustentaveis\\\/#primaryimage\"},\"thumbnailUrl\":\"https:\\\/\\\/jornaldasoficinas.com\\\/pt\\\/wp-content\\\/uploads\\\/2025\\\/06\\\/Bosch-lanca-software-para-rastrear-combustiveis-renovaveis.jpg\",\"keywords\":[\"Bosch\",\"Combust\u00edveis renov\u00e1veis\",\"lan\u00e7amento\",\"novidade\",\"rastreamento\",\"Software integrado\",\"Sustentabilidade\"],\"articleSection\":[\"Empresas\"],\"inLanguage\":\"pt-PT\"},{\"@type\":\"WebPage\",\"@id\":\"https:\\\/\\\/jornaldasoficinas.com\\\/pt\\\/bosch-digital-fuel-twin-monitoriza-uso-de-combustiveis-sustentaveis\\\/\",\"url\":\"https:\\\/\\\/jornaldasoficinas.com\\\/pt\\\/bosch-digital-fuel-twin-monitoriza-uso-de-combustiveis-sustentaveis\\\/\",\"name\":\"Bosch aposta em software para rastrear combust\u00edveis renov\u00e1veis - Jornal das Oficinas\",\"isPartOf\":{\"@id\":\"https:\\\/\\\/jornaldasoficinas.com\\\/pt\\\/#website\"},\"primaryImageOfPage\":{\"@id\":\"https:\\\/\\\/jornaldasoficinas.com\\\/pt\\\/bosch-digital-fuel-twin-monitoriza-uso-de-combustiveis-sustentaveis\\\/#primaryimage\"},\"image\":{\"@id\":\"https:\\\/\\\/jornaldasoficinas.com\\\/pt\\\/bosch-digital-fuel-twin-monitoriza-uso-de-combustiveis-sustentaveis\\\/#primaryimage\"},\"thumbnailUrl\":\"https:\\\/\\\/jornaldasoficinas.com\\\/pt\\\/wp-content\\\/uploads\\\/2025\\\/06\\\/Bosch-lanca-software-para-rastrear-combustiveis-renovaveis.jpg\",\"datePublished\":\"2025-06-03T13:00:46+00:00\",\"description\":\"A Bosch anunciou o desenvolvimento do Digital Fuel Twin, um software integrado nos ve\u00edculos que comprova o uso de combust\u00edveis renov\u00e1veis\",\"breadcrumb\":{\"@id\":\"https:\\\/\\\/jornaldasoficinas.com\\\/pt\\\/bosch-digital-fuel-twin-monitoriza-uso-de-combustiveis-sustentaveis\\\/#breadcrumb\"},\"inLanguage\":\"pt-PT\",\"potentialAction\":[{\"@type\":\"ReadAction\",\"target\":[\"https:\\\/\\\/jornaldasoficinas.com\\\/pt\\\/bosch-digital-fuel-twin-monitoriza-uso-de-combustiveis-sustentaveis\\\/\"]}]},{\"@type\":\"ImageObject\",\"inLanguage\":\"pt-PT\",\"@id\":\"https:\\\/\\\/jornaldasoficinas.com\\\/pt\\\/bosch-digital-fuel-twin-monitoriza-uso-de-combustiveis-sustentaveis\\\/#primaryimage\",\"url\":\"https:\\\/\\\/jornaldasoficinas.com\\\/pt\\\/wp-content\\\/uploads\\\/2025\\\/06\\\/Bosch-lanca-software-para-rastrear-combustiveis-renovaveis.jpg\",\"contentUrl\":\"https:\\\/\\\/jornaldasoficinas.com\\\/pt\\\/wp-content\\\/uploads\\\/2025\\\/06\\\/Bosch-lanca-software-para-rastrear-combustiveis-renovaveis.jpg\",\"width\":1024,\"height\":581,\"caption\":\"06 - Bosch lanca software para rastrear combustiveis renovaveis\"},{\"@type\":\"BreadcrumbList\",\"@id\":\"https:\\\/\\\/jornaldasoficinas.com\\\/pt\\\/bosch-digital-fuel-twin-monitoriza-uso-de-combustiveis-sustentaveis\\\/#breadcrumb\",\"itemListElement\":[{\"@type\":\"ListItem\",\"position\":1,\"name\":\"In\u00edcio\",\"item\":\"https:\\\/\\\/jornaldasoficinas.com\\\/pt\\\/\"},{\"@type\":\"ListItem\",\"position\":2,\"name\":\"Bosch aposta em software para rastrear combust\u00edveis renov\u00e1veis\"}]},{\"@type\":\"WebSite\",\"@id\":\"https:\\\/\\\/jornaldasoficinas.com\\\/pt\\\/#website\",\"url\":\"https:\\\/\\\/jornaldasoficinas.com\\\/pt\\\/\",\"name\":\"Jornal das Oficinas\",\"description\":\"Jornal independente do Aftermarket Autom\u00f3vel em Portugal\",\"publisher\":{\"@id\":\"https:\\\/\\\/jornaldasoficinas.com\\\/pt\\\/#organization\"},\"potentialAction\":[{\"@type\":\"SearchAction\",\"target\":{\"@type\":\"EntryPoint\",\"urlTemplate\":\"https:\\\/\\\/jornaldasoficinas.com\\\/pt\\\/?s={search_term_string}\"},\"query-input\":{\"@type\":\"PropertyValueSpecification\",\"valueRequired\":true,\"valueName\":\"search_term_string\"}}],\"inLanguage\":\"pt-PT\"},{\"@type\":\"Organization\",\"@id\":\"https:\\\/\\\/jornaldasoficinas.com\\\/pt\\\/#organization\",\"name\":\"Jornal das Oficinas\",\"url\":\"https:\\\/\\\/jornaldasoficinas.com\\\/pt\\\/\",\"logo\":{\"@type\":\"ImageObject\",\"inLanguage\":\"pt-PT\",\"@id\":\"https:\\\/\\\/jornaldasoficinas.com\\\/pt\\\/#\\\/schema\\\/logo\\\/image\\\/\",\"url\":\"https:\\\/\\\/jornaldasoficinas.com\\\/pt\\\/wp-content\\\/uploads\\\/logoJO-SEO.png\",\"contentUrl\":\"https:\\\/\\\/jornaldasoficinas.com\\\/pt\\\/wp-content\\\/uploads\\\/logoJO-SEO.png\",\"width\":285,\"height\":450,\"caption\":\"Jornal das Oficinas\"},\"image\":{\"@id\":\"https:\\\/\\\/jornaldasoficinas.com\\\/pt\\\/#\\\/schema\\\/logo\\\/image\\\/\"},\"sameAs\":[\"https:\\\/\\\/www.facebook.com\\\/jornaloficinas\",\"https:\\\/\\\/x.com\\\/jornaloficinas\",\"https:\\\/\\\/www.instagram.com\\\/jornal_oficinas\\\/\",\"https:\\\/\\\/www.linkedin.com\\\/company\\\/jornal-das-oficinas\\\/\",\"https:\\\/\\\/www.youtube.com\\\/channel\\\/UCbQZBqtcvV-oSQrr7RzINGg\"]},{\"@type\":\"Person\",\"@id\":\"https:\\\/\\\/jornaldasoficinas.com\\\/pt\\\/#\\\/schema\\\/person\\\/a38eef5de2c41d9e7c9ac10141afddf3\",\"name\":\"Reda\u00e7\u00e3o JO\",\"image\":{\"@type\":\"ImageObject\",\"inLanguage\":\"pt-PT\",\"@id\":\"https:\\\/\\\/secure.gravatar.com\\\/avatar\\\/71f2fa71737ad68a84fea94bc708ddac8ea5b0c4788dc2ad202f3ccb2887742f?s=96&d=wp_user_avatar&r=g\",\"url\":\"https:\\\/\\\/secure.gravatar.com\\\/avatar\\\/71f2fa71737ad68a84fea94bc708ddac8ea5b0c4788dc2ad202f3ccb2887742f?s=96&d=wp_user_avatar&r=g\",\"contentUrl\":\"https:\\\/\\\/secure.gravatar.com\\\/avatar\\\/71f2fa71737ad68a84fea94bc708ddac8ea5b0c4788dc2ad202f3ccb2887742f?s=96&d=wp_user_avatar&r=g\",\"caption\":\"Reda\u00e7\u00e3o JO\"},\"url\":\"https:\\\/\\\/jornaldasoficinas.com\\\/pt\\\/author\\\/joredacao\\\/\"}]}<\/script>\n<!-- \/ Yoast SEO plugin. -->","yoast_head_json":{"title":"Bosch aposta em software para rastrear combust\u00edveis renov\u00e1veis - Jornal das Oficinas","description":"A Bosch anunciou o desenvolvimento do Digital Fuel Twin, um software integrado nos ve\u00edculos que comprova o uso de combust\u00edveis renov\u00e1veis","robots":{"index":"index","follow":"follow","max-snippet":"max-snippet:-1","max-image-preview":"max-image-preview:large","max-video-preview":"max-video-preview:-1"},"canonical":"https:\/\/jornaldasoficinas.com\/pt\/bosch-digital-fuel-twin-monitoriza-uso-de-combustiveis-sustentaveis\/","og_locale":"pt_PT","og_type":"article","og_title":"Bosch aposta em software para rastrear combust\u00edveis renov\u00e1veis - Jornal das Oficinas","og_description":"A Bosch anunciou o desenvolvimento do Digital Fuel Twin, um software integrado nos ve\u00edculos que comprova o uso de combust\u00edveis renov\u00e1veis","og_url":"https:\/\/jornaldasoficinas.com\/pt\/bosch-digital-fuel-twin-monitoriza-uso-de-combustiveis-sustentaveis\/","og_site_name":"Jornal das Oficinas","article_publisher":"https:\/\/www.facebook.com\/jornaloficinas","article_published_time":"2025-06-03T13:00:46+00:00","og_image":[{"width":1024,"height":581,"url":"https:\/\/jornaldasoficinas.com\/pt\/wp-content\/uploads\/2025\/06\/Bosch-lanca-software-para-rastrear-combustiveis-renovaveis.jpg","type":"image\/jpeg"}],"author":"Reda\u00e7\u00e3o JO","twitter_card":"summary_large_image","twitter_creator":"@jornaloficinas","twitter_site":"@jornaloficinas","twitter_misc":{"Escrito por":"Reda\u00e7\u00e3o JO","Tempo estimado de leitura":"4 minutos"},"schema":{"@context":"https:\/\/schema.org","@graph":[{"@type":"Article","@id":"https:\/\/jornaldasoficinas.com\/pt\/bosch-digital-fuel-twin-monitoriza-uso-de-combustiveis-sustentaveis\/#article","isPartOf":{"@id":"https:\/\/jornaldasoficinas.com\/pt\/bosch-digital-fuel-twin-monitoriza-uso-de-combustiveis-sustentaveis\/"},"author":{"name":"Reda\u00e7\u00e3o JO","@id":"https:\/\/jornaldasoficinas.com\/pt\/#\/schema\/person\/a38eef5de2c41d9e7c9ac10141afddf3"},"headline":"Bosch aposta em software para rastrear combust\u00edveis renov\u00e1veis","datePublished":"2025-06-03T13:00:46+00:00","mainEntityOfPage":{"@id":"https:\/\/jornaldasoficinas.com\/pt\/bosch-digital-fuel-twin-monitoriza-uso-de-combustiveis-sustentaveis\/"},"wordCount":583,"publisher":{"@id":"https:\/\/jornaldasoficinas.com\/pt\/#organization"},"image":{"@id":"https:\/\/jornaldasoficinas.com\/pt\/bosch-digital-fuel-twin-monitoriza-uso-de-combustiveis-sustentaveis\/#primaryimage"},"thumbnailUrl":"https:\/\/jornaldasoficinas.com\/pt\/wp-content\/uploads\/2025\/06\/Bosch-lanca-software-para-rastrear-combustiveis-renovaveis.jpg","keywords":["Bosch","Combust\u00edveis renov\u00e1veis","lan\u00e7amento","novidade","rastreamento","Software integrado","Sustentabilidade"],"articleSection":["Empresas"],"inLanguage":"pt-PT"},{"@type":"WebPage","@id":"https:\/\/jornaldasoficinas.com\/pt\/bosch-digital-fuel-twin-monitoriza-uso-de-combustiveis-sustentaveis\/","url":"https:\/\/jornaldasoficinas.com\/pt\/bosch-digital-fuel-twin-monitoriza-uso-de-combustiveis-sustentaveis\/","name":"Bosch aposta em software para rastrear combust\u00edveis renov\u00e1veis - Jornal das Oficinas","isPartOf":{"@id":"https:\/\/jornaldasoficinas.com\/pt\/#website"},"primaryImageOfPage":{"@id":"https:\/\/jornaldasoficinas.com\/pt\/bosch-digital-fuel-twin-monitoriza-uso-de-combustiveis-sustentaveis\/#primaryimage"},"image":{"@id":"https:\/\/jornaldasoficinas.com\/pt\/bosch-digital-fuel-twin-monitoriza-uso-de-combustiveis-sustentaveis\/#primaryimage"},"thumbnailUrl":"https:\/\/jornaldasoficinas.com\/pt\/wp-content\/uploads\/2025\/06\/Bosch-lanca-software-para-rastrear-combustiveis-renovaveis.jpg","datePublished":"2025-06-03T13:00:46+00:00","description":"A Bosch anunciou o desenvolvimento do Digital Fuel Twin, um software integrado nos ve\u00edculos que comprova o uso de combust\u00edveis renov\u00e1veis","breadcrumb":{"@id":"https:\/\/jornaldasoficinas.com\/pt\/bosch-digital-fuel-twin-monitoriza-uso-de-combustiveis-sustentaveis\/#breadcrumb"},"inLanguage":"pt-PT","potentialAction":[{"@type":"ReadAction","target":["https:\/\/jornaldasoficinas.com\/pt\/bosch-digital-fuel-twin-monitoriza-uso-de-combustiveis-sustentaveis\/"]}]},{"@type":"ImageObject","inLanguage":"pt-PT","@id":"https:\/\/jornaldasoficinas.com\/pt\/bosch-digital-fuel-twin-monitoriza-uso-de-combustiveis-sustentaveis\/#primaryimage","url":"https:\/\/jornaldasoficinas.com\/pt\/wp-content\/uploads\/2025\/06\/Bosch-lanca-software-para-rastrear-combustiveis-renovaveis.jpg","contentUrl":"https:\/\/jornaldasoficinas.com\/pt\/wp-content\/uploads\/2025\/06\/Bosch-lanca-software-para-rastrear-combustiveis-renovaveis.jpg","width":1024,"height":581,"caption":"06 - Bosch lanca software para rastrear combustiveis renovaveis"},{"@type":"BreadcrumbList","@id":"https:\/\/jornaldasoficinas.com\/pt\/bosch-digital-fuel-twin-monitoriza-uso-de-combustiveis-sustentaveis\/#breadcrumb","itemListElement":[{"@type":"ListItem","position":1,"name":"In\u00edcio","item":"https:\/\/jornaldasoficinas.com\/pt\/"},{"@type":"ListItem","position":2,"name":"Bosch aposta em software para rastrear combust\u00edveis renov\u00e1veis"}]},{"@type":"WebSite","@id":"https:\/\/jornaldasoficinas.com\/pt\/#website","url":"https:\/\/jornaldasoficinas.com\/pt\/","name":"Jornal das Oficinas","description":"Jornal independente do Aftermarket Autom\u00f3vel em Portugal","publisher":{"@id":"https:\/\/jornaldasoficinas.com\/pt\/#organization"},"potentialAction":[{"@type":"SearchAction","target":{"@type":"EntryPoint","urlTemplate":"https:\/\/jornaldasoficinas.com\/pt\/?s={search_term_string}"},"query-input":{"@type":"PropertyValueSpecification","valueRequired":true,"valueName":"search_term_string"}}],"inLanguage":"pt-PT"},{"@type":"Organization","@id":"https:\/\/jornaldasoficinas.com\/pt\/#organization","name":"Jornal das Oficinas","url":"https:\/\/jornaldasoficinas.com\/pt\/","logo":{"@type":"ImageObject","inLanguage":"pt-PT","@id":"https:\/\/jornaldasoficinas.com\/pt\/#\/schema\/logo\/image\/","url":"https:\/\/jornaldasoficinas.com\/pt\/wp-content\/uploads\/logoJO-SEO.png","contentUrl":"https:\/\/jornaldasoficinas.com\/pt\/wp-content\/uploads\/logoJO-SEO.png","width":285,"height":450,"caption":"Jornal das Oficinas"},"image":{"@id":"https:\/\/jornaldasoficinas.com\/pt\/#\/schema\/logo\/image\/"},"sameAs":["https:\/\/www.facebook.com\/jornaloficinas","https:\/\/x.com\/jornaloficinas","https:\/\/www.instagram.com\/jornal_oficinas\/","https:\/\/www.linkedin.com\/company\/jornal-das-oficinas\/","https:\/\/www.youtube.com\/channel\/UCbQZBqtcvV-oSQrr7RzINGg"]},{"@type":"Person","@id":"https:\/\/jornaldasoficinas.com\/pt\/#\/schema\/person\/a38eef5de2c41d9e7c9ac10141afddf3","name":"Reda\u00e7\u00e3o JO","image":{"@type":"ImageObject","inLanguage":"pt-PT","@id":"https:\/\/secure.gravatar.com\/avatar\/71f2fa71737ad68a84fea94bc708ddac8ea5b0c4788dc2ad202f3ccb2887742f?s=96&d=wp_user_avatar&r=g","url":"https:\/\/secure.gravatar.com\/avatar\/71f2fa71737ad68a84fea94bc708ddac8ea5b0c4788dc2ad202f3ccb2887742f?s=96&d=wp_user_avatar&r=g","contentUrl":"https:\/\/secure.gravatar.com\/avatar\/71f2fa71737ad68a84fea94bc708ddac8ea5b0c4788dc2ad202f3ccb2887742f?s=96&d=wp_user_avatar&r=g","caption":"Reda\u00e7\u00e3o JO"},"url":"https:\/\/jornaldasoficinas.com\/pt\/author\/joredacao\/"}]}},"_links":{"self":[{"href":"https:\/\/jornaldasoficinas.com\/pt\/wp-json\/wp\/v2\/posts\/102776","targetHints":{"allow":["GET"]}}],"collection":[{"href":"https:\/\/jornaldasoficinas.com\/pt\/wp-json\/wp\/v2\/posts"}],"about":[{"href":"https:\/\/jornaldasoficinas.com\/pt\/wp-json\/wp\/v2\/types\/post"}],"author":[{"embeddable":true,"href":"https:\/\/jornaldasoficinas.com\/pt\/wp-json\/wp\/v2\/users\/15"}],"replies":[{"embeddable":true,"href":"https:\/\/jornaldasoficinas.com\/pt\/wp-json\/wp\/v2\/comments?post=102776"}],"version-history":[{"count":10,"href":"https:\/\/jornaldasoficinas.com\/pt\/wp-json\/wp\/v2\/posts\/102776\/revisions"}],"predecessor-version":[{"id":102778,"href":"https:\/\/jornaldasoficinas.com\/pt\/wp-json\/wp\/v2\/posts\/102776\/revisions\/102778"}],"wp:featuredmedia":[{"embeddable":true,"href":"https:\/\/jornaldasoficinas.com\/pt\/wp-json\/wp\/v2\/media\/102812"}],"wp:attachment":[{"href":"https:\/\/jornaldasoficinas.com\/pt\/wp-json\/wp\/v2\/media?parent=102776"}],"wp:term":[{"taxonomy":"category","embeddable":true,"href":"https:\/\/jornaldasoficinas.com\/pt\/wp-json\/wp\/v2\/categories?post=102776"},{"taxonomy":"post_tag","embeddable":true,"href":"https:\/\/jornaldasoficinas.com\/pt\/wp-json\/wp\/v2\/tags?post=102776"}],"curies":[{"name":"wp","href":"https:\/\/api.w.org\/{rel}","templated":true}]}}