{"id":102785,"date":"2025-06-03T12:30:44","date_gmt":"2025-06-03T11:30:44","guid":{"rendered":"https:\/\/jornaldasoficinas.com\/pt\/?p=102785"},"modified":"2025-06-02T18:23:13","modified_gmt":"2025-06-02T17:23:13","slug":"procura-de-carros-eletricos-usados-cresce-69-em-abril","status":"publish","type":"post","link":"https:\/\/jornaldasoficinas.com\/pt\/procura-de-carros-eletricos-usados-cresce-69-em-abril\/","title":{"rendered":"Procura por carros el\u00e9tricos usados cresce 69% em abril"},"content":{"rendered":"<p><img loading=\"lazy\" decoding=\"async\" class=\"size-full wp-image-102805\" src=\"https:\/\/jornaldasoficinas.com\/pt\/wp-content\/uploads\/2025\/06\/Procura-de-carros-eletricos-usados-cresce-69-em-abril-foto-VE.jpg\" alt=\"06 - Procura de carros eletricos usados cresce 69 em abril foto VE\" width=\"1024\" height=\"581\" srcset=\"https:\/\/jornaldasoficinas.com\/pt\/wp-content\/uploads\/2025\/06\/Procura-de-carros-eletricos-usados-cresce-69-em-abril-foto-VE.jpg 1024w, https:\/\/jornaldasoficinas.com\/pt\/wp-content\/uploads\/2025\/06\/Procura-de-carros-eletricos-usados-cresce-69-em-abril-foto-VE-300x170.jpg 300w, https:\/\/jornaldasoficinas.com\/pt\/wp-content\/uploads\/2025\/06\/Procura-de-carros-eletricos-usados-cresce-69-em-abril-foto-VE-150x85.jpg 150w, https:\/\/jornaldasoficinas.com\/pt\/wp-content\/uploads\/2025\/06\/Procura-de-carros-eletricos-usados-cresce-69-em-abril-foto-VE-768x436.jpg 768w\" sizes=\"auto, (max-width: 1024px) 100vw, 1024px\" \/><\/p>\n<p><strong>Segundo o <a href=\"https:\/\/www.standvirtual.com\/\" target=\"_blank\" rel=\"noopener\">Standvirtual<\/a>, a procura por ve\u00edculos el\u00e9tricos usados aumentou 69% em abril face a 2024, acompanhada por um crescimento de 28% na oferta<\/strong><\/p>\n<p>O mercado de ve\u00edculos usados em Portugal registou um aumento expressivo da procura em abril de 2025, com destaque para os carros el\u00e9tricos, cuja procura subiu 69% em compara\u00e7\u00e3o com o mesmo m\u00eas de 2024. A oferta de el\u00e9tricos tamb\u00e9m acompanhou esta tend\u00eancia, com um crescimento de 28%.<\/p>\n<p>A an\u00e1lise mensal revelou um crescimento global de 37% na procura de ve\u00edculos usados em abril, face ao per\u00edodo hom\u00f3logo, contrastando com uma descida de 5% na oferta total.<\/p>\n<p><strong>Ve\u00edculos por tipo de combust\u00edvel<\/strong><\/p>\n<ul>\n<li style=\"text-align: left;\">El\u00e9tricos: procura geral +69%, premium +45%; oferta +28% e +12%, respetivamente;<\/li>\n<li style=\"text-align: left;\">Gasolina: procura +41%, oferta +4%;<\/li>\n<li style=\"text-align: left;\">Diesel: procura +15%, oferta -18%;<\/li>\n<\/ul>\n<p>As tecnologias alternativas (el\u00e9tricos, h\u00edbridos e plug-in) representaram 19% da procura e 17% da oferta. O diesel continua a liderar em procura (49%), seguido pela gasolina (28%). H\u00e1 tamb\u00e9m uma maior oferta do que procura nos seguintes tipos de combust\u00edvel: gasolina, GPL, h\u00edbridos a gasolina e h\u00edbridos plug-in.<\/p>\n<p><strong>Faixa de pre\u00e7os<\/strong><\/p>\n<ul>\n<li>Maior crescimento de procura nos autom\u00f3veis at\u00e9 15.000\u20ac (+42%);<\/li>\n<li>Seguiram-se os carros entre 15.000\u20ac e 30.000\u20ac (+24%), e os acima de 30.000\u20ac (+2%);<\/li>\n<li>A oferta manteve-se est\u00e1vel at\u00e9 15.000\u20ac, mas desceu entre nos ve\u00edculos entre 15.000\u20ac e 30.000\u20ac (-9%) e acima de 30.000\u20ac (-3%);<\/li>\n<li>A categoria entre 10.000\u20ac e 25.000\u20ac concentrou 36% das visualiza\u00e7\u00f5es e 52% dos an\u00fancios.<\/li>\n<\/ul>\n<p><strong>Ano de matr\u00edcula<\/strong><\/p>\n<ul>\n<li>A procura cresceu sobretudo nos carros com 5 a 10 anos (+25%), e tamb\u00e9m nas faixas de 10 a 15 anos (+23%), 3 a 5 anos (+17%) e 1 a 3 anos (+7%);<\/li>\n<li>A procura desceu nos ve\u00edculos com menos de 1 ano (-5%);<\/li>\n<li>Apenas a oferta de carros com 10 a 15 anos cresceu face a 2024 (+4%);<\/li>\n<li>Ve\u00edculos matriculados entre 2018 e 2020 foram os mais visualizados (8,5%), seguidos pelos de 2021 a 2022 (7%).<\/li>\n<\/ul>\n<p><strong>Segmento e marcas<\/strong><\/p>\n<p>Segmentos com maior aumento de procura:<\/p>\n<ul>\n<li>Utilit\u00e1rios: +42%;<\/li>\n<li>Citadinos: +36%;<\/li>\n<li>SUV: +29%;<\/li>\n<li>Sedan: +28%;<\/li>\n<li>Redu\u00e7\u00e3o apenas nos pequenos citadinos (-15%).<\/li>\n<\/ul>\n<p>Os SUV foram o segmento mais procurado (23%), seguidos pelos utilit\u00e1rios (18%), carrinhas e citadinos (ambos com cerca de 16%). No caso das marcas mais procuradas estiveram a\u00a0Tesla, Volkswagen e Mercedes-Benz e as mais anunciadas a Renault, Peugeot e Tesla.<\/p>\n","protected":false},"excerpt":{"rendered":"<p>Segundo o Standvirtual, a procura por&#8230;<\/p>\n","protected":false},"author":15,"featured_media":102805,"comment_status":"closed","ping_status":"closed","sticky":false,"template":"","format":"standard","meta":{"footnotes":""},"categories":[37],"tags":[2781,9650,5435,8339,2198,6117],"class_list":["post-102785","post","type-post","status-publish","format-standard","has-post-thumbnail","hentry","category-mercado","tag-crescimento","tag-maior-procura","tag-mercado-de-usados","tag-mes-de-abril","tag-standvirtual","tag-veiculos-eletricos-usados"],"yoast_head":"<!-- This site is optimized with the Yoast SEO plugin v27.4 - https:\/\/yoast.com\/product\/yoast-seo-wordpress\/ -->\n<title>Procura por carros el\u00e9tricos usados cresce 69% em abril - Jornal das Oficinas<\/title>\n<meta name=\"description\" content=\"Segundo o Standvirtual,\u00a0a procura por VE usados aumentou 69% em abril face a 2024, acompanhada por um crescimento de 28% na oferta\" \/>\n<meta name=\"robots\" content=\"index, follow, max-snippet:-1, max-image-preview:large, max-video-preview:-1\" \/>\n<link rel=\"canonical\" href=\"https:\/\/jornaldasoficinas.com\/pt\/procura-de-carros-eletricos-usados-cresce-69-em-abril\/\" \/>\n<meta property=\"og:locale\" content=\"pt_PT\" \/>\n<meta property=\"og:type\" content=\"article\" \/>\n<meta property=\"og:title\" content=\"Procura por carros el\u00e9tricos usados cresce 69% em abril - Jornal das Oficinas\" \/>\n<meta property=\"og:description\" content=\"Segundo o Standvirtual,\u00a0a procura por VE usados aumentou 69% em abril face a 2024, acompanhada por um crescimento de 28% na oferta\" \/>\n<meta property=\"og:url\" content=\"https:\/\/jornaldasoficinas.com\/pt\/procura-de-carros-eletricos-usados-cresce-69-em-abril\/\" \/>\n<meta property=\"og:site_name\" content=\"Jornal das Oficinas\" \/>\n<meta property=\"article:publisher\" content=\"https:\/\/www.facebook.com\/jornaloficinas\" \/>\n<meta property=\"article:published_time\" content=\"2025-06-03T11:30:44+00:00\" \/>\n<meta property=\"og:image\" content=\"https:\/\/jornaldasoficinas.com\/pt\/wp-content\/uploads\/2025\/06\/Procura-de-carros-eletricos-usados-cresce-69-em-abril-foto-VE.jpg\" \/>\n\t<meta property=\"og:image:width\" content=\"1024\" \/>\n\t<meta property=\"og:image:height\" content=\"581\" \/>\n\t<meta property=\"og:image:type\" content=\"image\/jpeg\" \/>\n<meta name=\"author\" content=\"Reda\u00e7\u00e3o JO\" \/>\n<meta name=\"twitter:card\" content=\"summary_large_image\" \/>\n<meta name=\"twitter:creator\" content=\"@jornaloficinas\" \/>\n<meta name=\"twitter:site\" content=\"@jornaloficinas\" \/>\n<meta name=\"twitter:label1\" content=\"Escrito por\" \/>\n\t<meta name=\"twitter:data1\" content=\"Reda\u00e7\u00e3o JO\" \/>\n\t<meta name=\"twitter:label2\" content=\"Tempo estimado de leitura\" \/>\n\t<meta name=\"twitter:data2\" content=\"3 minutos\" \/>\n<script type=\"application\/ld+json\" class=\"yoast-schema-graph\">{\"@context\":\"https:\\\/\\\/schema.org\",\"@graph\":[{\"@type\":\"Article\",\"@id\":\"https:\\\/\\\/jornaldasoficinas.com\\\/pt\\\/procura-de-carros-eletricos-usados-cresce-69-em-abril\\\/#article\",\"isPartOf\":{\"@id\":\"https:\\\/\\\/jornaldasoficinas.com\\\/pt\\\/procura-de-carros-eletricos-usados-cresce-69-em-abril\\\/\"},\"author\":{\"name\":\"Reda\u00e7\u00e3o JO\",\"@id\":\"https:\\\/\\\/jornaldasoficinas.com\\\/pt\\\/#\\\/schema\\\/person\\\/a38eef5de2c41d9e7c9ac10141afddf3\"},\"headline\":\"Procura por carros el\u00e9tricos usados cresce 69% em abril\",\"datePublished\":\"2025-06-03T11:30:44+00:00\",\"mainEntityOfPage\":{\"@id\":\"https:\\\/\\\/jornaldasoficinas.com\\\/pt\\\/procura-de-carros-eletricos-usados-cresce-69-em-abril\\\/\"},\"wordCount\":359,\"publisher\":{\"@id\":\"https:\\\/\\\/jornaldasoficinas.com\\\/pt\\\/#organization\"},\"image\":{\"@id\":\"https:\\\/\\\/jornaldasoficinas.com\\\/pt\\\/procura-de-carros-eletricos-usados-cresce-69-em-abril\\\/#primaryimage\"},\"thumbnailUrl\":\"https:\\\/\\\/jornaldasoficinas.com\\\/pt\\\/wp-content\\\/uploads\\\/2025\\\/06\\\/Procura-de-carros-eletricos-usados-cresce-69-em-abril-foto-VE.jpg\",\"keywords\":[\"Crescimento\",\"maior procura\",\"Mercado de usados\",\"m\u00eas de abril\",\"Standvirtual\",\"Ve\u00edculos el\u00e9tricos usados\"],\"articleSection\":[\"Mercado\"],\"inLanguage\":\"pt-PT\"},{\"@type\":\"WebPage\",\"@id\":\"https:\\\/\\\/jornaldasoficinas.com\\\/pt\\\/procura-de-carros-eletricos-usados-cresce-69-em-abril\\\/\",\"url\":\"https:\\\/\\\/jornaldasoficinas.com\\\/pt\\\/procura-de-carros-eletricos-usados-cresce-69-em-abril\\\/\",\"name\":\"Procura por carros el\u00e9tricos usados cresce 69% em abril - Jornal das Oficinas\",\"isPartOf\":{\"@id\":\"https:\\\/\\\/jornaldasoficinas.com\\\/pt\\\/#website\"},\"primaryImageOfPage\":{\"@id\":\"https:\\\/\\\/jornaldasoficinas.com\\\/pt\\\/procura-de-carros-eletricos-usados-cresce-69-em-abril\\\/#primaryimage\"},\"image\":{\"@id\":\"https:\\\/\\\/jornaldasoficinas.com\\\/pt\\\/procura-de-carros-eletricos-usados-cresce-69-em-abril\\\/#primaryimage\"},\"thumbnailUrl\":\"https:\\\/\\\/jornaldasoficinas.com\\\/pt\\\/wp-content\\\/uploads\\\/2025\\\/06\\\/Procura-de-carros-eletricos-usados-cresce-69-em-abril-foto-VE.jpg\",\"datePublished\":\"2025-06-03T11:30:44+00:00\",\"description\":\"Segundo o Standvirtual,\u00a0a procura por VE usados aumentou 69% em abril face a 2024, acompanhada por um crescimento de 28% na oferta\",\"breadcrumb\":{\"@id\":\"https:\\\/\\\/jornaldasoficinas.com\\\/pt\\\/procura-de-carros-eletricos-usados-cresce-69-em-abril\\\/#breadcrumb\"},\"inLanguage\":\"pt-PT\",\"potentialAction\":[{\"@type\":\"ReadAction\",\"target\":[\"https:\\\/\\\/jornaldasoficinas.com\\\/pt\\\/procura-de-carros-eletricos-usados-cresce-69-em-abril\\\/\"]}]},{\"@type\":\"ImageObject\",\"inLanguage\":\"pt-PT\",\"@id\":\"https:\\\/\\\/jornaldasoficinas.com\\\/pt\\\/procura-de-carros-eletricos-usados-cresce-69-em-abril\\\/#primaryimage\",\"url\":\"https:\\\/\\\/jornaldasoficinas.com\\\/pt\\\/wp-content\\\/uploads\\\/2025\\\/06\\\/Procura-de-carros-eletricos-usados-cresce-69-em-abril-foto-VE.jpg\",\"contentUrl\":\"https:\\\/\\\/jornaldasoficinas.com\\\/pt\\\/wp-content\\\/uploads\\\/2025\\\/06\\\/Procura-de-carros-eletricos-usados-cresce-69-em-abril-foto-VE.jpg\",\"width\":1024,\"height\":581,\"caption\":\"Vilnius, Lithuania - May 10: Traffic, cars on highway road in Vilnius on May 10, 2023. Vilnius is the capital of Lithuania and its largest city.\"},{\"@type\":\"BreadcrumbList\",\"@id\":\"https:\\\/\\\/jornaldasoficinas.com\\\/pt\\\/procura-de-carros-eletricos-usados-cresce-69-em-abril\\\/#breadcrumb\",\"itemListElement\":[{\"@type\":\"ListItem\",\"position\":1,\"name\":\"In\u00edcio\",\"item\":\"https:\\\/\\\/jornaldasoficinas.com\\\/pt\\\/\"},{\"@type\":\"ListItem\",\"position\":2,\"name\":\"Procura por carros el\u00e9tricos usados cresce 69% em abril\"}]},{\"@type\":\"WebSite\",\"@id\":\"https:\\\/\\\/jornaldasoficinas.com\\\/pt\\\/#website\",\"url\":\"https:\\\/\\\/jornaldasoficinas.com\\\/pt\\\/\",\"name\":\"Jornal das Oficinas\",\"description\":\"Jornal independente do Aftermarket Autom\u00f3vel em Portugal\",\"publisher\":{\"@id\":\"https:\\\/\\\/jornaldasoficinas.com\\\/pt\\\/#organization\"},\"potentialAction\":[{\"@type\":\"SearchAction\",\"target\":{\"@type\":\"EntryPoint\",\"urlTemplate\":\"https:\\\/\\\/jornaldasoficinas.com\\\/pt\\\/?s={search_term_string}\"},\"query-input\":{\"@type\":\"PropertyValueSpecification\",\"valueRequired\":true,\"valueName\":\"search_term_string\"}}],\"inLanguage\":\"pt-PT\"},{\"@type\":\"Organization\",\"@id\":\"https:\\\/\\\/jornaldasoficinas.com\\\/pt\\\/#organization\",\"name\":\"Jornal das Oficinas\",\"url\":\"https:\\\/\\\/jornaldasoficinas.com\\\/pt\\\/\",\"logo\":{\"@type\":\"ImageObject\",\"inLanguage\":\"pt-PT\",\"@id\":\"https:\\\/\\\/jornaldasoficinas.com\\\/pt\\\/#\\\/schema\\\/logo\\\/image\\\/\",\"url\":\"https:\\\/\\\/jornaldasoficinas.com\\\/pt\\\/wp-content\\\/uploads\\\/logoJO-SEO.png\",\"contentUrl\":\"https:\\\/\\\/jornaldasoficinas.com\\\/pt\\\/wp-content\\\/uploads\\\/logoJO-SEO.png\",\"width\":285,\"height\":450,\"caption\":\"Jornal das Oficinas\"},\"image\":{\"@id\":\"https:\\\/\\\/jornaldasoficinas.com\\\/pt\\\/#\\\/schema\\\/logo\\\/image\\\/\"},\"sameAs\":[\"https:\\\/\\\/www.facebook.com\\\/jornaloficinas\",\"https:\\\/\\\/x.com\\\/jornaloficinas\",\"https:\\\/\\\/www.instagram.com\\\/jornal_oficinas\\\/\",\"https:\\\/\\\/www.linkedin.com\\\/company\\\/jornal-das-oficinas\\\/\",\"https:\\\/\\\/www.youtube.com\\\/channel\\\/UCbQZBqtcvV-oSQrr7RzINGg\"]},{\"@type\":\"Person\",\"@id\":\"https:\\\/\\\/jornaldasoficinas.com\\\/pt\\\/#\\\/schema\\\/person\\\/a38eef5de2c41d9e7c9ac10141afddf3\",\"name\":\"Reda\u00e7\u00e3o JO\",\"image\":{\"@type\":\"ImageObject\",\"inLanguage\":\"pt-PT\",\"@id\":\"https:\\\/\\\/secure.gravatar.com\\\/avatar\\\/71f2fa71737ad68a84fea94bc708ddac8ea5b0c4788dc2ad202f3ccb2887742f?s=96&d=wp_user_avatar&r=g\",\"url\":\"https:\\\/\\\/secure.gravatar.com\\\/avatar\\\/71f2fa71737ad68a84fea94bc708ddac8ea5b0c4788dc2ad202f3ccb2887742f?s=96&d=wp_user_avatar&r=g\",\"contentUrl\":\"https:\\\/\\\/secure.gravatar.com\\\/avatar\\\/71f2fa71737ad68a84fea94bc708ddac8ea5b0c4788dc2ad202f3ccb2887742f?s=96&d=wp_user_avatar&r=g\",\"caption\":\"Reda\u00e7\u00e3o JO\"},\"url\":\"https:\\\/\\\/jornaldasoficinas.com\\\/pt\\\/author\\\/joredacao\\\/\"}]}<\/script>\n<!-- \/ Yoast SEO plugin. -->","yoast_head_json":{"title":"Procura por carros el\u00e9tricos usados cresce 69% em abril - Jornal das Oficinas","description":"Segundo o Standvirtual,\u00a0a procura por VE usados aumentou 69% em abril face a 2024, acompanhada por um crescimento de 28% na oferta","robots":{"index":"index","follow":"follow","max-snippet":"max-snippet:-1","max-image-preview":"max-image-preview:large","max-video-preview":"max-video-preview:-1"},"canonical":"https:\/\/jornaldasoficinas.com\/pt\/procura-de-carros-eletricos-usados-cresce-69-em-abril\/","og_locale":"pt_PT","og_type":"article","og_title":"Procura por carros el\u00e9tricos usados cresce 69% em abril - Jornal das Oficinas","og_description":"Segundo o Standvirtual,\u00a0a procura por VE usados aumentou 69% em abril face a 2024, acompanhada por um crescimento de 28% na oferta","og_url":"https:\/\/jornaldasoficinas.com\/pt\/procura-de-carros-eletricos-usados-cresce-69-em-abril\/","og_site_name":"Jornal das Oficinas","article_publisher":"https:\/\/www.facebook.com\/jornaloficinas","article_published_time":"2025-06-03T11:30:44+00:00","og_image":[{"width":1024,"height":581,"url":"https:\/\/jornaldasoficinas.com\/pt\/wp-content\/uploads\/2025\/06\/Procura-de-carros-eletricos-usados-cresce-69-em-abril-foto-VE.jpg","type":"image\/jpeg"}],"author":"Reda\u00e7\u00e3o JO","twitter_card":"summary_large_image","twitter_creator":"@jornaloficinas","twitter_site":"@jornaloficinas","twitter_misc":{"Escrito por":"Reda\u00e7\u00e3o JO","Tempo estimado de leitura":"3 minutos"},"schema":{"@context":"https:\/\/schema.org","@graph":[{"@type":"Article","@id":"https:\/\/jornaldasoficinas.com\/pt\/procura-de-carros-eletricos-usados-cresce-69-em-abril\/#article","isPartOf":{"@id":"https:\/\/jornaldasoficinas.com\/pt\/procura-de-carros-eletricos-usados-cresce-69-em-abril\/"},"author":{"name":"Reda\u00e7\u00e3o JO","@id":"https:\/\/jornaldasoficinas.com\/pt\/#\/schema\/person\/a38eef5de2c41d9e7c9ac10141afddf3"},"headline":"Procura por carros el\u00e9tricos usados cresce 69% em abril","datePublished":"2025-06-03T11:30:44+00:00","mainEntityOfPage":{"@id":"https:\/\/jornaldasoficinas.com\/pt\/procura-de-carros-eletricos-usados-cresce-69-em-abril\/"},"wordCount":359,"publisher":{"@id":"https:\/\/jornaldasoficinas.com\/pt\/#organization"},"image":{"@id":"https:\/\/jornaldasoficinas.com\/pt\/procura-de-carros-eletricos-usados-cresce-69-em-abril\/#primaryimage"},"thumbnailUrl":"https:\/\/jornaldasoficinas.com\/pt\/wp-content\/uploads\/2025\/06\/Procura-de-carros-eletricos-usados-cresce-69-em-abril-foto-VE.jpg","keywords":["Crescimento","maior procura","Mercado de usados","m\u00eas de abril","Standvirtual","Ve\u00edculos el\u00e9tricos usados"],"articleSection":["Mercado"],"inLanguage":"pt-PT"},{"@type":"WebPage","@id":"https:\/\/jornaldasoficinas.com\/pt\/procura-de-carros-eletricos-usados-cresce-69-em-abril\/","url":"https:\/\/jornaldasoficinas.com\/pt\/procura-de-carros-eletricos-usados-cresce-69-em-abril\/","name":"Procura por carros el\u00e9tricos usados cresce 69% em abril - Jornal das Oficinas","isPartOf":{"@id":"https:\/\/jornaldasoficinas.com\/pt\/#website"},"primaryImageOfPage":{"@id":"https:\/\/jornaldasoficinas.com\/pt\/procura-de-carros-eletricos-usados-cresce-69-em-abril\/#primaryimage"},"image":{"@id":"https:\/\/jornaldasoficinas.com\/pt\/procura-de-carros-eletricos-usados-cresce-69-em-abril\/#primaryimage"},"thumbnailUrl":"https:\/\/jornaldasoficinas.com\/pt\/wp-content\/uploads\/2025\/06\/Procura-de-carros-eletricos-usados-cresce-69-em-abril-foto-VE.jpg","datePublished":"2025-06-03T11:30:44+00:00","description":"Segundo o Standvirtual,\u00a0a procura por VE usados aumentou 69% em abril face a 2024, acompanhada por um crescimento de 28% na oferta","breadcrumb":{"@id":"https:\/\/jornaldasoficinas.com\/pt\/procura-de-carros-eletricos-usados-cresce-69-em-abril\/#breadcrumb"},"inLanguage":"pt-PT","potentialAction":[{"@type":"ReadAction","target":["https:\/\/jornaldasoficinas.com\/pt\/procura-de-carros-eletricos-usados-cresce-69-em-abril\/"]}]},{"@type":"ImageObject","inLanguage":"pt-PT","@id":"https:\/\/jornaldasoficinas.com\/pt\/procura-de-carros-eletricos-usados-cresce-69-em-abril\/#primaryimage","url":"https:\/\/jornaldasoficinas.com\/pt\/wp-content\/uploads\/2025\/06\/Procura-de-carros-eletricos-usados-cresce-69-em-abril-foto-VE.jpg","contentUrl":"https:\/\/jornaldasoficinas.com\/pt\/wp-content\/uploads\/2025\/06\/Procura-de-carros-eletricos-usados-cresce-69-em-abril-foto-VE.jpg","width":1024,"height":581,"caption":"Vilnius, Lithuania - May 10: Traffic, cars on highway road in Vilnius on May 10, 2023. Vilnius is the capital of Lithuania and its largest city."},{"@type":"BreadcrumbList","@id":"https:\/\/jornaldasoficinas.com\/pt\/procura-de-carros-eletricos-usados-cresce-69-em-abril\/#breadcrumb","itemListElement":[{"@type":"ListItem","position":1,"name":"In\u00edcio","item":"https:\/\/jornaldasoficinas.com\/pt\/"},{"@type":"ListItem","position":2,"name":"Procura por carros el\u00e9tricos usados cresce 69% em abril"}]},{"@type":"WebSite","@id":"https:\/\/jornaldasoficinas.com\/pt\/#website","url":"https:\/\/jornaldasoficinas.com\/pt\/","name":"Jornal das Oficinas","description":"Jornal independente do Aftermarket Autom\u00f3vel em Portugal","publisher":{"@id":"https:\/\/jornaldasoficinas.com\/pt\/#organization"},"potentialAction":[{"@type":"SearchAction","target":{"@type":"EntryPoint","urlTemplate":"https:\/\/jornaldasoficinas.com\/pt\/?s={search_term_string}"},"query-input":{"@type":"PropertyValueSpecification","valueRequired":true,"valueName":"search_term_string"}}],"inLanguage":"pt-PT"},{"@type":"Organization","@id":"https:\/\/jornaldasoficinas.com\/pt\/#organization","name":"Jornal das Oficinas","url":"https:\/\/jornaldasoficinas.com\/pt\/","logo":{"@type":"ImageObject","inLanguage":"pt-PT","@id":"https:\/\/jornaldasoficinas.com\/pt\/#\/schema\/logo\/image\/","url":"https:\/\/jornaldasoficinas.com\/pt\/wp-content\/uploads\/logoJO-SEO.png","contentUrl":"https:\/\/jornaldasoficinas.com\/pt\/wp-content\/uploads\/logoJO-SEO.png","width":285,"height":450,"caption":"Jornal das Oficinas"},"image":{"@id":"https:\/\/jornaldasoficinas.com\/pt\/#\/schema\/logo\/image\/"},"sameAs":["https:\/\/www.facebook.com\/jornaloficinas","https:\/\/x.com\/jornaloficinas","https:\/\/www.instagram.com\/jornal_oficinas\/","https:\/\/www.linkedin.com\/company\/jornal-das-oficinas\/","https:\/\/www.youtube.com\/channel\/UCbQZBqtcvV-oSQrr7RzINGg"]},{"@type":"Person","@id":"https:\/\/jornaldasoficinas.com\/pt\/#\/schema\/person\/a38eef5de2c41d9e7c9ac10141afddf3","name":"Reda\u00e7\u00e3o JO","image":{"@type":"ImageObject","inLanguage":"pt-PT","@id":"https:\/\/secure.gravatar.com\/avatar\/71f2fa71737ad68a84fea94bc708ddac8ea5b0c4788dc2ad202f3ccb2887742f?s=96&d=wp_user_avatar&r=g","url":"https:\/\/secure.gravatar.com\/avatar\/71f2fa71737ad68a84fea94bc708ddac8ea5b0c4788dc2ad202f3ccb2887742f?s=96&d=wp_user_avatar&r=g","contentUrl":"https:\/\/secure.gravatar.com\/avatar\/71f2fa71737ad68a84fea94bc708ddac8ea5b0c4788dc2ad202f3ccb2887742f?s=96&d=wp_user_avatar&r=g","caption":"Reda\u00e7\u00e3o JO"},"url":"https:\/\/jornaldasoficinas.com\/pt\/author\/joredacao\/"}]}},"_links":{"self":[{"href":"https:\/\/jornaldasoficinas.com\/pt\/wp-json\/wp\/v2\/posts\/102785","targetHints":{"allow":["GET"]}}],"collection":[{"href":"https:\/\/jornaldasoficinas.com\/pt\/wp-json\/wp\/v2\/posts"}],"about":[{"href":"https:\/\/jornaldasoficinas.com\/pt\/wp-json\/wp\/v2\/types\/post"}],"author":[{"embeddable":true,"href":"https:\/\/jornaldasoficinas.com\/pt\/wp-json\/wp\/v2\/users\/15"}],"replies":[{"embeddable":true,"href":"https:\/\/jornaldasoficinas.com\/pt\/wp-json\/wp\/v2\/comments?post=102785"}],"version-history":[{"count":8,"href":"https:\/\/jornaldasoficinas.com\/pt\/wp-json\/wp\/v2\/posts\/102785\/revisions"}],"predecessor-version":[{"id":102820,"href":"https:\/\/jornaldasoficinas.com\/pt\/wp-json\/wp\/v2\/posts\/102785\/revisions\/102820"}],"wp:featuredmedia":[{"embeddable":true,"href":"https:\/\/jornaldasoficinas.com\/pt\/wp-json\/wp\/v2\/media\/102805"}],"wp:attachment":[{"href":"https:\/\/jornaldasoficinas.com\/pt\/wp-json\/wp\/v2\/media?parent=102785"}],"wp:term":[{"taxonomy":"category","embeddable":true,"href":"https:\/\/jornaldasoficinas.com\/pt\/wp-json\/wp\/v2\/categories?post=102785"},{"taxonomy":"post_tag","embeddable":true,"href":"https:\/\/jornaldasoficinas.com\/pt\/wp-json\/wp\/v2\/tags?post=102785"}],"curies":[{"name":"wp","href":"https:\/\/api.w.org\/{rel}","templated":true}]}}