{"id":102792,"date":"2025-06-04T08:00:42","date_gmt":"2025-06-04T07:00:42","guid":{"rendered":"https:\/\/jornaldasoficinas.com\/pt\/?p=102792"},"modified":"2025-06-02T18:12:53","modified_gmt":"2025-06-02T17:12:53","slug":"krautli-e-nexus-shop-reforcam-formacao-tecnica-em-maio","status":"publish","type":"post","link":"https:\/\/jornaldasoficinas.com\/pt\/krautli-e-nexus-shop-reforcam-formacao-tecnica-em-maio\/","title":{"rendered":"Krautli e Nexus Shop refor\u00e7am forma\u00e7\u00e3o t\u00e9cnica em maio"},"content":{"rendered":"<p><strong><img loading=\"lazy\" decoding=\"async\" class=\"alignnone size-full wp-image-102807\" src=\"https:\/\/jornaldasoficinas.com\/pt\/wp-content\/uploads\/2025\/06\/A-Krautli-e-os-parceiros-da-Nexus-Shop.jpg\" alt=\"06 - A Krautli e os parceiros da Nexus Shop\" width=\"1024\" height=\"581\" srcset=\"https:\/\/jornaldasoficinas.com\/pt\/wp-content\/uploads\/2025\/06\/A-Krautli-e-os-parceiros-da-Nexus-Shop.jpg 1024w, https:\/\/jornaldasoficinas.com\/pt\/wp-content\/uploads\/2025\/06\/A-Krautli-e-os-parceiros-da-Nexus-Shop-300x170.jpg 300w, https:\/\/jornaldasoficinas.com\/pt\/wp-content\/uploads\/2025\/06\/A-Krautli-e-os-parceiros-da-Nexus-Shop-150x85.jpg 150w, https:\/\/jornaldasoficinas.com\/pt\/wp-content\/uploads\/2025\/06\/A-Krautli-e-os-parceiros-da-Nexus-Shop-768x436.jpg 768w\" sizes=\"auto, (max-width: 1024px) 100vw, 1024px\" \/><\/strong><\/p>\n<p><strong>A <a href=\"https:\/\/www.krautli.pt\/\" target=\"_blank\" rel=\"noopener\">Krautli<\/a> e os parceiros da <a href=\"https:\/\/www.krautli.pt\/index.php?route=base\/pt\/servico\/9\/nexus-shop\" target=\"_blank\" rel=\"noopener\">Nexus Shop<\/a> dinamizaram a\u00e7\u00f5es de forma\u00e7\u00e3o t\u00e9cnica em todo o pa\u00eds, refor\u00e7ando a qualifica\u00e7\u00e3o das oficinas em \u00e1reas como a eletrifica\u00e7\u00e3o, digitaliza\u00e7\u00e3o e gest\u00e3o oficinal<\/strong><\/p>\n<p>Durante o m\u00eas de maio, a Krautli Portugal, em parceria com a Nexus Shop, promoveu um ciclo intensivo de forma\u00e7\u00f5es t\u00e9cnicas em v\u00e1rias regi\u00f5es do pa\u00eds. Esta iniciativa faz parte de um plano estrat\u00e9gico de qualifica\u00e7\u00e3o cont\u00ednua das oficinas da rede Nexus Auto e Profissional Plus, alinhado com os desafios atuais do setor.<\/p>\n<p>Com a\u00e7\u00f5es realizadas de norte a sul, as forma\u00e7\u00f5es abrangeram conte\u00fados especializados como o diagn\u00f3stico e repara\u00e7\u00e3o de ve\u00edculos eletrificados, com destaque para sess\u00f5es dedicadas ao Audi A3 TFSIe (h\u00edbrido plug-in), organizadas em Lisboa e no Algarve, em colabora\u00e7\u00e3o com a Car Academy.<\/p>\n<p>Simultaneamente, decorreram tamb\u00e9m sess\u00f5es pr\u00e1ticas de introdu\u00e7\u00e3o ao oscilosc\u00f3pio \u2014 ferramenta essencial para o diagn\u00f3stico eletr\u00f3nico moderno \u2014 nas zonas do Seixal e Norte, com forte ades\u00e3o por parte das oficinas. Estas sess\u00f5es contaram com o envolvimento direto de v\u00e1rios parceiros da rede Nexus Shop, entre os quais DNA, SPR, MARANTAUTO e SL PARTS.<\/p>\n<p>A Krautli, enquanto parceiro t\u00e9cnico e log\u00edstico, teve um papel ativo na dinamiza\u00e7\u00e3o destas a\u00e7\u00f5es, refor\u00e7ando o seu compromisso com a inova\u00e7\u00e3o, a proximidade com o cliente e a valoriza\u00e7\u00e3o da componente t\u00e9cnica do p\u00f3s-venda autom\u00f3vel.<\/p>\n<p>Estas forma\u00e7\u00f5es integram um plano nacional de capacita\u00e7\u00e3o que se estende por 2025, com o objetivo de dotar os profissionais das oficinas com compet\u00eancias pr\u00e1ticas e especializadas. Esta aposta conjunta da Krautli e da Nexus Shop representa um investimento direto na qualidade, efici\u00eancia e sustentabilidade da repara\u00e7\u00e3o autom\u00f3vel em Portugal.<\/p>\n","protected":false},"excerpt":{"rendered":"<p>A Krautli e os parceiros da&#8230;<\/p>\n","protected":false},"author":15,"featured_media":102807,"comment_status":"closed","ping_status":"closed","sticky":false,"template":"","format":"standard","meta":{"footnotes":""},"categories":[29],"tags":[336,2248,5226,290,2926,386,5293,12204],"class_list":["post-102792","post","type-post","status-publish","format-standard","has-post-thumbnail","hentry","category-empresas","tag-digitalizacao","tag-formacao-tecnica","tag-gestao-oficinal","tag-krautli","tag-nexus-shop","tag-oficinas","tag-qualificacao","tag-veiculos-eletrificados"],"yoast_head":"<!-- This site is optimized with the Yoast SEO plugin v27.4 - https:\/\/yoast.com\/product\/yoast-seo-wordpress\/ -->\n<title>Krautli e Nexus Shop refor\u00e7am forma\u00e7\u00e3o t\u00e9cnica em maio - Jornal das Oficinas<\/title>\n<meta name=\"description\" content=\"A Krautli e os parceiros da Nexus Shop dinamizaram a\u00e7\u00f5es de forma\u00e7\u00e3o t\u00e9cnica em todo o pa\u00eds, refor\u00e7ando a qualifica\u00e7\u00e3o das oficinas\" \/>\n<meta name=\"robots\" content=\"index, follow, max-snippet:-1, max-image-preview:large, max-video-preview:-1\" \/>\n<link rel=\"canonical\" href=\"https:\/\/jornaldasoficinas.com\/pt\/krautli-e-nexus-shop-reforcam-formacao-tecnica-em-maio\/\" \/>\n<meta property=\"og:locale\" content=\"pt_PT\" \/>\n<meta property=\"og:type\" content=\"article\" \/>\n<meta property=\"og:title\" content=\"Krautli e Nexus Shop refor\u00e7am forma\u00e7\u00e3o t\u00e9cnica em maio - Jornal das Oficinas\" \/>\n<meta property=\"og:description\" content=\"A Krautli e os parceiros da Nexus Shop dinamizaram a\u00e7\u00f5es de forma\u00e7\u00e3o t\u00e9cnica em todo o pa\u00eds, refor\u00e7ando a qualifica\u00e7\u00e3o das oficinas\" \/>\n<meta property=\"og:url\" content=\"https:\/\/jornaldasoficinas.com\/pt\/krautli-e-nexus-shop-reforcam-formacao-tecnica-em-maio\/\" \/>\n<meta property=\"og:site_name\" content=\"Jornal das Oficinas\" \/>\n<meta property=\"article:publisher\" content=\"https:\/\/www.facebook.com\/jornaloficinas\" \/>\n<meta property=\"article:published_time\" content=\"2025-06-04T07:00:42+00:00\" \/>\n<meta property=\"og:image\" content=\"https:\/\/jornaldasoficinas.com\/pt\/wp-content\/uploads\/2025\/06\/A-Krautli-e-os-parceiros-da-Nexus-Shop.jpg\" \/>\n\t<meta property=\"og:image:width\" content=\"1024\" \/>\n\t<meta property=\"og:image:height\" content=\"581\" \/>\n\t<meta property=\"og:image:type\" content=\"image\/jpeg\" \/>\n<meta name=\"author\" content=\"Reda\u00e7\u00e3o JO\" \/>\n<meta name=\"twitter:card\" content=\"summary_large_image\" \/>\n<meta name=\"twitter:creator\" content=\"@jornaloficinas\" \/>\n<meta name=\"twitter:site\" content=\"@jornaloficinas\" \/>\n<meta name=\"twitter:label1\" content=\"Escrito por\" \/>\n\t<meta name=\"twitter:data1\" content=\"Reda\u00e7\u00e3o JO\" \/>\n\t<meta name=\"twitter:label2\" content=\"Tempo estimado de leitura\" \/>\n\t<meta name=\"twitter:data2\" content=\"2 minutos\" \/>\n<script type=\"application\/ld+json\" class=\"yoast-schema-graph\">{\"@context\":\"https:\\\/\\\/schema.org\",\"@graph\":[{\"@type\":\"Article\",\"@id\":\"https:\\\/\\\/jornaldasoficinas.com\\\/pt\\\/krautli-e-nexus-shop-reforcam-formacao-tecnica-em-maio\\\/#article\",\"isPartOf\":{\"@id\":\"https:\\\/\\\/jornaldasoficinas.com\\\/pt\\\/krautli-e-nexus-shop-reforcam-formacao-tecnica-em-maio\\\/\"},\"author\":{\"name\":\"Reda\u00e7\u00e3o JO\",\"@id\":\"https:\\\/\\\/jornaldasoficinas.com\\\/pt\\\/#\\\/schema\\\/person\\\/a38eef5de2c41d9e7c9ac10141afddf3\"},\"headline\":\"Krautli e Nexus Shop refor\u00e7am forma\u00e7\u00e3o t\u00e9cnica em maio\",\"datePublished\":\"2025-06-04T07:00:42+00:00\",\"mainEntityOfPage\":{\"@id\":\"https:\\\/\\\/jornaldasoficinas.com\\\/pt\\\/krautli-e-nexus-shop-reforcam-formacao-tecnica-em-maio\\\/\"},\"wordCount\":330,\"publisher\":{\"@id\":\"https:\\\/\\\/jornaldasoficinas.com\\\/pt\\\/#organization\"},\"image\":{\"@id\":\"https:\\\/\\\/jornaldasoficinas.com\\\/pt\\\/krautli-e-nexus-shop-reforcam-formacao-tecnica-em-maio\\\/#primaryimage\"},\"thumbnailUrl\":\"https:\\\/\\\/jornaldasoficinas.com\\\/pt\\\/wp-content\\\/uploads\\\/2025\\\/06\\\/A-Krautli-e-os-parceiros-da-Nexus-Shop.jpg\",\"keywords\":[\"Digitaliza\u00e7\u00e3o\",\"Forma\u00e7\u00e3o t\u00e9cnica\",\"Gest\u00e3o Oficinal\",\"Krautli\",\"Nexus Shop\",\"Oficinas\",\"Qualifica\u00e7\u00e3o\",\"ve\u00edculos eletrificados\"],\"articleSection\":[\"Empresas\"],\"inLanguage\":\"pt-PT\"},{\"@type\":\"WebPage\",\"@id\":\"https:\\\/\\\/jornaldasoficinas.com\\\/pt\\\/krautli-e-nexus-shop-reforcam-formacao-tecnica-em-maio\\\/\",\"url\":\"https:\\\/\\\/jornaldasoficinas.com\\\/pt\\\/krautli-e-nexus-shop-reforcam-formacao-tecnica-em-maio\\\/\",\"name\":\"Krautli e Nexus Shop refor\u00e7am forma\u00e7\u00e3o t\u00e9cnica em maio - Jornal das Oficinas\",\"isPartOf\":{\"@id\":\"https:\\\/\\\/jornaldasoficinas.com\\\/pt\\\/#website\"},\"primaryImageOfPage\":{\"@id\":\"https:\\\/\\\/jornaldasoficinas.com\\\/pt\\\/krautli-e-nexus-shop-reforcam-formacao-tecnica-em-maio\\\/#primaryimage\"},\"image\":{\"@id\":\"https:\\\/\\\/jornaldasoficinas.com\\\/pt\\\/krautli-e-nexus-shop-reforcam-formacao-tecnica-em-maio\\\/#primaryimage\"},\"thumbnailUrl\":\"https:\\\/\\\/jornaldasoficinas.com\\\/pt\\\/wp-content\\\/uploads\\\/2025\\\/06\\\/A-Krautli-e-os-parceiros-da-Nexus-Shop.jpg\",\"datePublished\":\"2025-06-04T07:00:42+00:00\",\"description\":\"A Krautli e os parceiros da Nexus Shop dinamizaram a\u00e7\u00f5es de forma\u00e7\u00e3o t\u00e9cnica em todo o pa\u00eds, refor\u00e7ando a qualifica\u00e7\u00e3o das oficinas\",\"breadcrumb\":{\"@id\":\"https:\\\/\\\/jornaldasoficinas.com\\\/pt\\\/krautli-e-nexus-shop-reforcam-formacao-tecnica-em-maio\\\/#breadcrumb\"},\"inLanguage\":\"pt-PT\",\"potentialAction\":[{\"@type\":\"ReadAction\",\"target\":[\"https:\\\/\\\/jornaldasoficinas.com\\\/pt\\\/krautli-e-nexus-shop-reforcam-formacao-tecnica-em-maio\\\/\"]}]},{\"@type\":\"ImageObject\",\"inLanguage\":\"pt-PT\",\"@id\":\"https:\\\/\\\/jornaldasoficinas.com\\\/pt\\\/krautli-e-nexus-shop-reforcam-formacao-tecnica-em-maio\\\/#primaryimage\",\"url\":\"https:\\\/\\\/jornaldasoficinas.com\\\/pt\\\/wp-content\\\/uploads\\\/2025\\\/06\\\/A-Krautli-e-os-parceiros-da-Nexus-Shop.jpg\",\"contentUrl\":\"https:\\\/\\\/jornaldasoficinas.com\\\/pt\\\/wp-content\\\/uploads\\\/2025\\\/06\\\/A-Krautli-e-os-parceiros-da-Nexus-Shop.jpg\",\"width\":1024,\"height\":581,\"caption\":\"06 - A Krautli e os parceiros da Nexus Shop\"},{\"@type\":\"BreadcrumbList\",\"@id\":\"https:\\\/\\\/jornaldasoficinas.com\\\/pt\\\/krautli-e-nexus-shop-reforcam-formacao-tecnica-em-maio\\\/#breadcrumb\",\"itemListElement\":[{\"@type\":\"ListItem\",\"position\":1,\"name\":\"In\u00edcio\",\"item\":\"https:\\\/\\\/jornaldasoficinas.com\\\/pt\\\/\"},{\"@type\":\"ListItem\",\"position\":2,\"name\":\"Krautli e Nexus Shop refor\u00e7am forma\u00e7\u00e3o t\u00e9cnica em maio\"}]},{\"@type\":\"WebSite\",\"@id\":\"https:\\\/\\\/jornaldasoficinas.com\\\/pt\\\/#website\",\"url\":\"https:\\\/\\\/jornaldasoficinas.com\\\/pt\\\/\",\"name\":\"Jornal das Oficinas\",\"description\":\"Jornal independente do Aftermarket Autom\u00f3vel em Portugal\",\"publisher\":{\"@id\":\"https:\\\/\\\/jornaldasoficinas.com\\\/pt\\\/#organization\"},\"potentialAction\":[{\"@type\":\"SearchAction\",\"target\":{\"@type\":\"EntryPoint\",\"urlTemplate\":\"https:\\\/\\\/jornaldasoficinas.com\\\/pt\\\/?s={search_term_string}\"},\"query-input\":{\"@type\":\"PropertyValueSpecification\",\"valueRequired\":true,\"valueName\":\"search_term_string\"}}],\"inLanguage\":\"pt-PT\"},{\"@type\":\"Organization\",\"@id\":\"https:\\\/\\\/jornaldasoficinas.com\\\/pt\\\/#organization\",\"name\":\"Jornal das Oficinas\",\"url\":\"https:\\\/\\\/jornaldasoficinas.com\\\/pt\\\/\",\"logo\":{\"@type\":\"ImageObject\",\"inLanguage\":\"pt-PT\",\"@id\":\"https:\\\/\\\/jornaldasoficinas.com\\\/pt\\\/#\\\/schema\\\/logo\\\/image\\\/\",\"url\":\"https:\\\/\\\/jornaldasoficinas.com\\\/pt\\\/wp-content\\\/uploads\\\/logoJO-SEO.png\",\"contentUrl\":\"https:\\\/\\\/jornaldasoficinas.com\\\/pt\\\/wp-content\\\/uploads\\\/logoJO-SEO.png\",\"width\":285,\"height\":450,\"caption\":\"Jornal das Oficinas\"},\"image\":{\"@id\":\"https:\\\/\\\/jornaldasoficinas.com\\\/pt\\\/#\\\/schema\\\/logo\\\/image\\\/\"},\"sameAs\":[\"https:\\\/\\\/www.facebook.com\\\/jornaloficinas\",\"https:\\\/\\\/x.com\\\/jornaloficinas\",\"https:\\\/\\\/www.instagram.com\\\/jornal_oficinas\\\/\",\"https:\\\/\\\/www.linkedin.com\\\/company\\\/jornal-das-oficinas\\\/\",\"https:\\\/\\\/www.youtube.com\\\/channel\\\/UCbQZBqtcvV-oSQrr7RzINGg\"]},{\"@type\":\"Person\",\"@id\":\"https:\\\/\\\/jornaldasoficinas.com\\\/pt\\\/#\\\/schema\\\/person\\\/a38eef5de2c41d9e7c9ac10141afddf3\",\"name\":\"Reda\u00e7\u00e3o JO\",\"image\":{\"@type\":\"ImageObject\",\"inLanguage\":\"pt-PT\",\"@id\":\"https:\\\/\\\/secure.gravatar.com\\\/avatar\\\/71f2fa71737ad68a84fea94bc708ddac8ea5b0c4788dc2ad202f3ccb2887742f?s=96&d=wp_user_avatar&r=g\",\"url\":\"https:\\\/\\\/secure.gravatar.com\\\/avatar\\\/71f2fa71737ad68a84fea94bc708ddac8ea5b0c4788dc2ad202f3ccb2887742f?s=96&d=wp_user_avatar&r=g\",\"contentUrl\":\"https:\\\/\\\/secure.gravatar.com\\\/avatar\\\/71f2fa71737ad68a84fea94bc708ddac8ea5b0c4788dc2ad202f3ccb2887742f?s=96&d=wp_user_avatar&r=g\",\"caption\":\"Reda\u00e7\u00e3o JO\"},\"url\":\"https:\\\/\\\/jornaldasoficinas.com\\\/pt\\\/author\\\/joredacao\\\/\"}]}<\/script>\n<!-- \/ Yoast SEO plugin. -->","yoast_head_json":{"title":"Krautli e Nexus Shop refor\u00e7am forma\u00e7\u00e3o t\u00e9cnica em maio - Jornal das Oficinas","description":"A Krautli e os parceiros da Nexus Shop dinamizaram a\u00e7\u00f5es de forma\u00e7\u00e3o t\u00e9cnica em todo o pa\u00eds, refor\u00e7ando a qualifica\u00e7\u00e3o das oficinas","robots":{"index":"index","follow":"follow","max-snippet":"max-snippet:-1","max-image-preview":"max-image-preview:large","max-video-preview":"max-video-preview:-1"},"canonical":"https:\/\/jornaldasoficinas.com\/pt\/krautli-e-nexus-shop-reforcam-formacao-tecnica-em-maio\/","og_locale":"pt_PT","og_type":"article","og_title":"Krautli e Nexus Shop refor\u00e7am forma\u00e7\u00e3o t\u00e9cnica em maio - Jornal das Oficinas","og_description":"A Krautli e os parceiros da Nexus Shop dinamizaram a\u00e7\u00f5es de forma\u00e7\u00e3o t\u00e9cnica em todo o pa\u00eds, refor\u00e7ando a qualifica\u00e7\u00e3o das oficinas","og_url":"https:\/\/jornaldasoficinas.com\/pt\/krautli-e-nexus-shop-reforcam-formacao-tecnica-em-maio\/","og_site_name":"Jornal das Oficinas","article_publisher":"https:\/\/www.facebook.com\/jornaloficinas","article_published_time":"2025-06-04T07:00:42+00:00","og_image":[{"width":1024,"height":581,"url":"https:\/\/jornaldasoficinas.com\/pt\/wp-content\/uploads\/2025\/06\/A-Krautli-e-os-parceiros-da-Nexus-Shop.jpg","type":"image\/jpeg"}],"author":"Reda\u00e7\u00e3o JO","twitter_card":"summary_large_image","twitter_creator":"@jornaloficinas","twitter_site":"@jornaloficinas","twitter_misc":{"Escrito por":"Reda\u00e7\u00e3o JO","Tempo estimado de leitura":"2 minutos"},"schema":{"@context":"https:\/\/schema.org","@graph":[{"@type":"Article","@id":"https:\/\/jornaldasoficinas.com\/pt\/krautli-e-nexus-shop-reforcam-formacao-tecnica-em-maio\/#article","isPartOf":{"@id":"https:\/\/jornaldasoficinas.com\/pt\/krautli-e-nexus-shop-reforcam-formacao-tecnica-em-maio\/"},"author":{"name":"Reda\u00e7\u00e3o JO","@id":"https:\/\/jornaldasoficinas.com\/pt\/#\/schema\/person\/a38eef5de2c41d9e7c9ac10141afddf3"},"headline":"Krautli e Nexus Shop refor\u00e7am forma\u00e7\u00e3o t\u00e9cnica em maio","datePublished":"2025-06-04T07:00:42+00:00","mainEntityOfPage":{"@id":"https:\/\/jornaldasoficinas.com\/pt\/krautli-e-nexus-shop-reforcam-formacao-tecnica-em-maio\/"},"wordCount":330,"publisher":{"@id":"https:\/\/jornaldasoficinas.com\/pt\/#organization"},"image":{"@id":"https:\/\/jornaldasoficinas.com\/pt\/krautli-e-nexus-shop-reforcam-formacao-tecnica-em-maio\/#primaryimage"},"thumbnailUrl":"https:\/\/jornaldasoficinas.com\/pt\/wp-content\/uploads\/2025\/06\/A-Krautli-e-os-parceiros-da-Nexus-Shop.jpg","keywords":["Digitaliza\u00e7\u00e3o","Forma\u00e7\u00e3o t\u00e9cnica","Gest\u00e3o Oficinal","Krautli","Nexus Shop","Oficinas","Qualifica\u00e7\u00e3o","ve\u00edculos eletrificados"],"articleSection":["Empresas"],"inLanguage":"pt-PT"},{"@type":"WebPage","@id":"https:\/\/jornaldasoficinas.com\/pt\/krautli-e-nexus-shop-reforcam-formacao-tecnica-em-maio\/","url":"https:\/\/jornaldasoficinas.com\/pt\/krautli-e-nexus-shop-reforcam-formacao-tecnica-em-maio\/","name":"Krautli e Nexus Shop refor\u00e7am forma\u00e7\u00e3o t\u00e9cnica em maio - Jornal das Oficinas","isPartOf":{"@id":"https:\/\/jornaldasoficinas.com\/pt\/#website"},"primaryImageOfPage":{"@id":"https:\/\/jornaldasoficinas.com\/pt\/krautli-e-nexus-shop-reforcam-formacao-tecnica-em-maio\/#primaryimage"},"image":{"@id":"https:\/\/jornaldasoficinas.com\/pt\/krautli-e-nexus-shop-reforcam-formacao-tecnica-em-maio\/#primaryimage"},"thumbnailUrl":"https:\/\/jornaldasoficinas.com\/pt\/wp-content\/uploads\/2025\/06\/A-Krautli-e-os-parceiros-da-Nexus-Shop.jpg","datePublished":"2025-06-04T07:00:42+00:00","description":"A Krautli e os parceiros da Nexus Shop dinamizaram a\u00e7\u00f5es de forma\u00e7\u00e3o t\u00e9cnica em todo o pa\u00eds, refor\u00e7ando a qualifica\u00e7\u00e3o das oficinas","breadcrumb":{"@id":"https:\/\/jornaldasoficinas.com\/pt\/krautli-e-nexus-shop-reforcam-formacao-tecnica-em-maio\/#breadcrumb"},"inLanguage":"pt-PT","potentialAction":[{"@type":"ReadAction","target":["https:\/\/jornaldasoficinas.com\/pt\/krautli-e-nexus-shop-reforcam-formacao-tecnica-em-maio\/"]}]},{"@type":"ImageObject","inLanguage":"pt-PT","@id":"https:\/\/jornaldasoficinas.com\/pt\/krautli-e-nexus-shop-reforcam-formacao-tecnica-em-maio\/#primaryimage","url":"https:\/\/jornaldasoficinas.com\/pt\/wp-content\/uploads\/2025\/06\/A-Krautli-e-os-parceiros-da-Nexus-Shop.jpg","contentUrl":"https:\/\/jornaldasoficinas.com\/pt\/wp-content\/uploads\/2025\/06\/A-Krautli-e-os-parceiros-da-Nexus-Shop.jpg","width":1024,"height":581,"caption":"06 - A Krautli e os parceiros da Nexus Shop"},{"@type":"BreadcrumbList","@id":"https:\/\/jornaldasoficinas.com\/pt\/krautli-e-nexus-shop-reforcam-formacao-tecnica-em-maio\/#breadcrumb","itemListElement":[{"@type":"ListItem","position":1,"name":"In\u00edcio","item":"https:\/\/jornaldasoficinas.com\/pt\/"},{"@type":"ListItem","position":2,"name":"Krautli e Nexus Shop refor\u00e7am forma\u00e7\u00e3o t\u00e9cnica em maio"}]},{"@type":"WebSite","@id":"https:\/\/jornaldasoficinas.com\/pt\/#website","url":"https:\/\/jornaldasoficinas.com\/pt\/","name":"Jornal das Oficinas","description":"Jornal independente do Aftermarket Autom\u00f3vel em Portugal","publisher":{"@id":"https:\/\/jornaldasoficinas.com\/pt\/#organization"},"potentialAction":[{"@type":"SearchAction","target":{"@type":"EntryPoint","urlTemplate":"https:\/\/jornaldasoficinas.com\/pt\/?s={search_term_string}"},"query-input":{"@type":"PropertyValueSpecification","valueRequired":true,"valueName":"search_term_string"}}],"inLanguage":"pt-PT"},{"@type":"Organization","@id":"https:\/\/jornaldasoficinas.com\/pt\/#organization","name":"Jornal das Oficinas","url":"https:\/\/jornaldasoficinas.com\/pt\/","logo":{"@type":"ImageObject","inLanguage":"pt-PT","@id":"https:\/\/jornaldasoficinas.com\/pt\/#\/schema\/logo\/image\/","url":"https:\/\/jornaldasoficinas.com\/pt\/wp-content\/uploads\/logoJO-SEO.png","contentUrl":"https:\/\/jornaldasoficinas.com\/pt\/wp-content\/uploads\/logoJO-SEO.png","width":285,"height":450,"caption":"Jornal das Oficinas"},"image":{"@id":"https:\/\/jornaldasoficinas.com\/pt\/#\/schema\/logo\/image\/"},"sameAs":["https:\/\/www.facebook.com\/jornaloficinas","https:\/\/x.com\/jornaloficinas","https:\/\/www.instagram.com\/jornal_oficinas\/","https:\/\/www.linkedin.com\/company\/jornal-das-oficinas\/","https:\/\/www.youtube.com\/channel\/UCbQZBqtcvV-oSQrr7RzINGg"]},{"@type":"Person","@id":"https:\/\/jornaldasoficinas.com\/pt\/#\/schema\/person\/a38eef5de2c41d9e7c9ac10141afddf3","name":"Reda\u00e7\u00e3o JO","image":{"@type":"ImageObject","inLanguage":"pt-PT","@id":"https:\/\/secure.gravatar.com\/avatar\/71f2fa71737ad68a84fea94bc708ddac8ea5b0c4788dc2ad202f3ccb2887742f?s=96&d=wp_user_avatar&r=g","url":"https:\/\/secure.gravatar.com\/avatar\/71f2fa71737ad68a84fea94bc708ddac8ea5b0c4788dc2ad202f3ccb2887742f?s=96&d=wp_user_avatar&r=g","contentUrl":"https:\/\/secure.gravatar.com\/avatar\/71f2fa71737ad68a84fea94bc708ddac8ea5b0c4788dc2ad202f3ccb2887742f?s=96&d=wp_user_avatar&r=g","caption":"Reda\u00e7\u00e3o JO"},"url":"https:\/\/jornaldasoficinas.com\/pt\/author\/joredacao\/"}]}},"_links":{"self":[{"href":"https:\/\/jornaldasoficinas.com\/pt\/wp-json\/wp\/v2\/posts\/102792","targetHints":{"allow":["GET"]}}],"collection":[{"href":"https:\/\/jornaldasoficinas.com\/pt\/wp-json\/wp\/v2\/posts"}],"about":[{"href":"https:\/\/jornaldasoficinas.com\/pt\/wp-json\/wp\/v2\/types\/post"}],"author":[{"embeddable":true,"href":"https:\/\/jornaldasoficinas.com\/pt\/wp-json\/wp\/v2\/users\/15"}],"replies":[{"embeddable":true,"href":"https:\/\/jornaldasoficinas.com\/pt\/wp-json\/wp\/v2\/comments?post=102792"}],"version-history":[{"count":7,"href":"https:\/\/jornaldasoficinas.com\/pt\/wp-json\/wp\/v2\/posts\/102792\/revisions"}],"predecessor-version":[{"id":102809,"href":"https:\/\/jornaldasoficinas.com\/pt\/wp-json\/wp\/v2\/posts\/102792\/revisions\/102809"}],"wp:featuredmedia":[{"embeddable":true,"href":"https:\/\/jornaldasoficinas.com\/pt\/wp-json\/wp\/v2\/media\/102807"}],"wp:attachment":[{"href":"https:\/\/jornaldasoficinas.com\/pt\/wp-json\/wp\/v2\/media?parent=102792"}],"wp:term":[{"taxonomy":"category","embeddable":true,"href":"https:\/\/jornaldasoficinas.com\/pt\/wp-json\/wp\/v2\/categories?post=102792"},{"taxonomy":"post_tag","embeddable":true,"href":"https:\/\/jornaldasoficinas.com\/pt\/wp-json\/wp\/v2\/tags?post=102792"}],"curies":[{"name":"wp","href":"https:\/\/api.w.org\/{rel}","templated":true}]}}